{"id":1690960,"date":"2022-11-02T17:18:57","date_gmt":"2022-11-02T17:18:57","guid":{"rendered":"https:\/\/www.pressenza.com\/?p=1690960"},"modified":"2022-11-02T17:21:21","modified_gmt":"2022-11-02T17:21:21","slug":"die-nato-im-amazonasgebiet-petro-spielt-mit-dem-feuer","status":"publish","type":"post","link":"https:\/\/www.pressenza.com\/de\/2022\/11\/die-nato-im-amazonasgebiet-petro-spielt-mit-dem-feuer\/","title":{"rendered":"Die NATO im Amazonasgebiet: Petro spielt mit dem Feuer"},"content":{"rendered":"<p><strong>Die NATO hat sich vor kurzem auf Schweden und Finnland ausgeweitet, wurde <a href=\"https:\/\/foreignpolicy.com\/2022\/09\/30\/russia-ukraine-nato-membership-zelensky\/\" target=\"_blank\" rel=\"noopener\">de facto<\/a> in die Ukraine aufgenommen und k\u00f6nnte sich auf Georgien ausdehnen. Unter der Schirmherrschaft des neu gew\u00e4hlten kolumbianischen Pr\u00e4sidenten Gustavo Petro ist der Eintritt der NATO in den Amazonas in Planung.<\/strong><\/p>\n<p><em>von Roger D. Harris<\/em><\/p>\n<p>Die <a href=\"https:\/\/scheerpost.com\/2022\/07\/11\/hedges-nato-the-most-dangerous-military-alliance-on-the-planet\/\" target=\"_blank\" rel=\"noopener\">NATO<\/a> ist ein Hauptinstrument der imperialen Herrschaft der USA. Sie ist die Pr\u00e4torianergarde Washingtons im globalen Ma\u00dfstab.<\/p>\n<p>Anfang dieses Monats lud Pr\u00e4sident Petro US- und <a href=\"https:\/\/periodicolaesperanza.com\/archivos\/14871\" target=\"_blank\" rel=\"noopener\">NATO-Milit\u00e4rkr\u00e4fte in den Amazonas ein<\/a>, unter dem Vorwand, dass die imperiale Kriegsmaschinerie als &#8222;Polizei&#8220; zum Schutz der Umwelt umfunktioniert werden k\u00f6nnte, anstatt die alte Masche des Krieges gegen die Drogen zu verfolgen. Er schlug die Entsendung von US-Black-Hawk-Hubschraubern vor, um Br\u00e4nde zu l\u00f6schen. Vor dem Alibi des Umweltschutzes war der Vorwand f\u00fcr die Militarisierung des Dschungels die Drogenbek\u00e4mpfung gewesen.<\/p>\n<p>Petro <a href=\"https:\/\/twitter.com\/CarlismoMed\/status\/1578037367738245123\" target=\"_blank\" rel=\"noopener\">bezeichnete<\/a> sein &#8222;Gespr\u00e4ch mit der NATO&#8220; als &#8222;seltsam&#8220;, beeilte sich aber hinzuzuf\u00fcgen: &#8222;Da sind wir nun mal.&#8220; Er legitimierte die US-Milit\u00e4rbesetzung in Kolumbien &#8211; <a href=\"https:\/\/en.granma.cu\/mundo\/2018-08-15\/us-military-presence-in-latin-america-the-caribbean\" target=\"_blank\" rel=\"noopener\">laut Berichten<\/a> sind es neun St\u00fctzpunkte &#8211; als &#8222;eher eine Polizeieinheit als eine Milit\u00e4reinheit&#8220;. Unglaublicherweise behauptete er, dass die fortgesetzte Besatzung eine &#8222;v\u00f6llige Ver\u00e4nderung dessen ist, was die US-Milit\u00e4rhilfe bisher ausgemacht hat&#8220;.<\/p>\n<h3><strong>Die NATO in Kolumbien<\/strong><\/h3>\n<p>Kolumbien ist das Aush\u00e4ngeschild f\u00fcr die Monroe-Doktrin &#8211; ein auf das Jahr 1823 zur\u00fcckgehendes Bekenntnis der USA zur Hegemonie \u00fcber die Hemisph\u00e4re &#8211; und der f\u00fchrende Klientelstaat der USA auf dem amerikanischen Kontinent. Die s\u00fcdamerikanische Nation wurde sowohl von <a href=\"https:\/\/www.huffpost.com\/entry\/hillary-clinton-plan-colombia_b_8557396\" target=\"_blank\" rel=\"noopener\">Hillary Clinton<\/a> als auch von <a href=\"https:\/\/popularresistance.org\/how-biden-funded-colombias-deadly-police-regime\/\" target=\"_blank\" rel=\"noopener\">Joe Bide<\/a>n in ihren US-Pr\u00e4sidentschaftskampagnen als Vorbild f\u00fcr den Rest Lateinamerikas angepriesen.<\/p>\n<p>Im Jahr 2017 wurde Kolumbien zu einem der <a href=\"https:\/\/www.nato.int\/cps\/en\/natohq\/topics_143936.htm\" target=\"_blank\" rel=\"noopener\">globalen Partner<\/a> der NATO, dem ersten in Lateinamerika. Im Februar f\u00fchrte Kolumbien in der N\u00e4he von Venezuela eine provokative gemeinsame <a href=\"https:\/\/orinocotribune.com\/colombia-us-nato-carry-out-naval-drill-near-venezuela-nuclear-submarine\/\" target=\"_blank\" rel=\"noopener\">Marine\u00fcbung<\/a> mit der NATO durch, an der auch ein Atom-U-Boot teilnahm.<\/p>\n<p>Am 10. M\u00e4rz wurde Kolumbien zu einem &#8222;<a href=\"https:\/\/www.whitehouse.gov\/briefing-room\/statements-releases\/2022\/03\/10\/joint-statement-by-president-joseph-r-biden-jr-of-the-united-states-and-president-ivan-duque-marquez-of-the-republic-of-colombia-u-s-colombia-bicentennial-partnership\/\" target=\"_blank\" rel=\"noopener\">Major Non-NATO Ally<\/a>&#8220; (wichtiger Nicht-NATO-Verb\u00fcndeter) der USA ernannt, was dem Land einen besonderen Zugang zu Milit\u00e4rprogrammen verschafft. Biden erkl\u00e4rte: &#8222;Dies ist eine Anerkennung der einzigartigen und engen Beziehung zwischen unseren L\u00e4ndern&#8220;.<\/p>\n<p>Vom 26. August bis zum 11. September f\u00fchrten die Streitkr\u00e4fte der USA und Kolumbiens <a href=\"https:\/\/www.southcom.mil\/MEDIA\/NEWS-ARTICLES\/Article\/3166386\/south-carolina-air-national-guard-colombia-wrap-up-exercise\/\" target=\"_blank\" rel=\"noopener\">gemeinsame NATO-\u00dcbungen<\/a> durch. In dieser Zeit machte die Generalin Laura Richardson, Befehlshaberin des US Southern Command (s\u00fcdliches Kommando), einen f\u00fcnft\u00e4gigen Besuch in Kolumbien, um sich mit dem neu gew\u00e4hlten Pr\u00e4sidenten zu treffen. Die Kommandantin <a href=\"https:\/\/www.southcom.mil\/MEDIA\/NEWS-ARTICLES\/Article\/3154200\/southcom-commander-visits-colombia-brazil\/\" target=\"_blank\" rel=\"noopener\">schw\u00e4rmte<\/a> von &#8222;unserem wichtigsten Sicherheitspartner in der Region&#8220; und bezeichnete Kolumbien als &#8222;Dreh- und Angelpunkt der gesamten s\u00fcdlichen Hemisph\u00e4re&#8220;.<\/p>\n<p>Die Kommandantin der South-Com traf sich auch mit der kolumbianischen Vizepr\u00e4sidentin Francia M\u00e1rquez, um die Umsetzung der hemisph\u00e4rischen Initiative &#8222;Frauen, Frieden und Sicherheit&#8220; zu besprechen. Richardson kam zu dem Schluss, dass &#8222;die westliche Hemisph\u00e4re dank Kolumbiens stabilisierenden Bem\u00fchungen weitgehend frei und sicher ist&#8220;.<\/p>\n<p>Als Petro sein Amt antrat, wich er von der Haltung der USA\/NATO zum Stellvertreterkrieg der USA gegen Russland in der Ukraine ab und sprach sich am 21. September f\u00fcr einen neutralen <a href=\"https:\/\/english.elpais.com\/international\/2022-09-21\/colombias-petro-calls-for-peace-negotiations-to-end-the-war-in-ukraine.html\" target=\"_blank\" rel=\"noopener\">Verhandlungsfrieden<\/a> aus. Zwei Wochen sp\u00e4ter schwenkte er um und schloss sich der von den USA angef\u00fchrten Resolution in der Organisation Amerikanischer Staaten an, indem er Russlands &#8222;unprovozierte Invasion&#8220; scharf <a href=\"https:\/\/usoas.usmission.gov\/oasga-declaration-on-ukraine\/\" target=\"_blank\" rel=\"noopener\">verurteilte<\/a> und einseitig den R\u00fcckzug Russlands forderte.<\/p>\n<h3><strong>Greenwashing der NATO im Amazonasgebiet<\/strong><\/h3>\n<p>Die Legitimierung ausl\u00e4ndischer Milit\u00e4rinterventionen im Amazonasgebiet unter dem Deckmantel des Umweltschutzes ist keine neue Idee. Ohne sich um die Feinheiten der nationalen Souver\u00e4nit\u00e4t zu scheren, <a href=\"https:\/\/foreignpolicy.com\/2019\/08\/29\/this-isnt-the-first-time-fires-have-ravaged-the-amazon\/\" target=\"_blank\" rel=\"noopener\">sagte Al Gore<\/a> 1989 vor dem US-Senat: &#8222;Der Amazonas ist nicht ihr Eigentum. Er geh\u00f6rt uns allen.&#8220;<\/p>\n<p>Erst k\u00fcrzlich, im Jahr 2019, <a href=\"https:\/\/www.npr.org\/2019\/08\/23\/753639869\/macron-urges-g7-members-to-put-amazon-fires-at-top-of-agenda\" target=\"_blank\" rel=\"noopener\">forderte<\/a> der franz\u00f6sische Pr\u00e4sident Emmanuel Macron als Reaktion auf die Br\u00e4nde im brasilianischen Amazonasgebiet die G7-Staaten nachdr\u00fccklich zum Eingreifen auf: &#8222;Das ist eine internationale Krise.&#8220; UN-Generalsekret\u00e4r Ant\u00f3nio Guterres schloss sich Macrons Meinung an, ebenso wie die politischen F\u00fchrer anderer ehemaliger Kolonialm\u00e4chte wie Deutschland.<\/p>\n<blockquote><p><em>Quora hat rhetorisch gefragt: &#8222;Warum marschiert die NATO nicht in Brasilien ein, um den Amazonas zu retten?&#8220; Der kanadische NATO-Verband warb f\u00fcr &#8222;ausl\u00e4ndische Aktionen&#8220; und argumentierte: &#8222;Umweltsicherheitsbedrohungen wie die Br\u00e4nde im Amazonas-Regenwald betreffen die globale Umwelt und erfordern daher ein System der kollektiven Sicherheit, um ihnen zu begegnen.&#8220;<\/em><\/p><\/blockquote>\n<p>Die Bek\u00e4mpfung von Waldbr\u00e4nden und anderen klimabedingten Katastrophen wurde in den immer gr\u00f6\u00dfer werdenden Aufgabenbereich der NATO <a href=\"https:\/\/www.nato.int\/cps\/en\/natohq\/news_195079.htm\" target=\"_blank\" rel=\"noopener\">aufgenommen<\/a>. Den Militaristen geht es nicht so sehr um die <a href=\"https:\/\/www.un.org\/en\/academic-impact\/unep\" target=\"_blank\" rel=\"noopener\">Umwelt<\/a>, sondern vielmehr um Turbulenzen, die die bestehende Weltordnung durcheinanderbringen k\u00f6nnten.<\/p>\n<p>Da die <a href=\"https:\/\/www.informea.org\/en\/literature\/ccms-natos-environmental-programme-expanded-and-opened-east\" target=\"_blank\" rel=\"noopener\">NATO<\/a> ein Anh\u00e4ngsel des US-Imperiums ist, sollten diese neuen \u00f6kologischen Aufgaben nicht als nicht-milit\u00e4rische Aufgaben, sondern als Militarisierung des Umweltschutzes gesehen werden. Ihre &#8222;umweltbewussten&#8220; Eins\u00e4tze laufen unter dem Deckmantel des NATO-Programms &#8222;<a href=\"https:\/\/www.nato.int\/cps\/en\/natohq\/news_195079.htm\" target=\"_blank\" rel=\"noopener\">Wissenschaft f\u00fcr Frieden und Sicherheit<\/a>&#8220; und sogar des UN-Umweltprogramms, das mit der NATO zusammenarbeitet. Dementsprechend <a href=\"https:\/\/foreignpolicy.com\/2019\/11\/19\/militarization-amazon-legacy-brazil-forest-fire-bolsonaro\/\" target=\"_blank\" rel=\"noopener\">bef\u00fcrwortete<\/a> <em>Foreign Policy<\/em> die &#8222;Militarisierung des Amazonas&#8220; aus \u00f6kologischen Gr\u00fcnden. Ein weiterer FP-Artikel \u00fcber die Frage, wer in den Amazonas eindringen wird, <a href=\"https:\/\/foreignpolicy.com\/2019\/08\/05\/who-will-invade-brazil-to-save-the-amazon\/\" target=\"_blank\" rel=\"noopener\">prophezeite<\/a>: &#8222;Es ist nur eine Frage der Zeit, bis die Gro\u00dfm\u00e4chte versuchen, den Klimawandel mit allen Mitteln zu stoppen.&#8220;<\/p>\n<h3><strong>Kolumbien &#8211; nicht mehr automatisch ein US-Vertreter<\/strong><\/h3>\n<p>Obwohl er der US\/NATO die T\u00fcr zum Amazonasgebiet ge\u00f6ffnet hat, hat der kolumbianische Pr\u00e4sident Petro andere, nicht-milit\u00e4rische L\u00f6sungen f\u00fcr den Klimawandel im Sinn. In seiner UN-Rede <a href=\"https:\/\/www.msn.com\/en-us\/news\/world\/i-come-from-a-country-of-bloodied-beauty-colombias-president-demands-un-end-the-war-on-drugs\/ar-AA128gDH\" target=\"_blank\" rel=\"noopener\">warnte<\/a> Petro: &#8222;Kriege haben als Ausrede gedient, um die Klimakrise nicht zu beenden&#8220;.<\/p>\n<p>W\u00e4hrend \u00f6lproduzierende L\u00e4nder wie die USA, Gro\u00dfbritannien und Norwegen die <a href=\"https:\/\/www.bloomberg.com\/news\/articles\/2022-10-26\/colombia-s-petro-pursues-energy-transition-despite-economic-cost?emci=28f19f5f-3c55-ed11-819c-002248258e08&amp;emdi=b315f77f-4355-ed11-819c-002248258e08&amp;ceid=9473275\" target=\"_blank\" rel=\"noopener\">F\u00f6rderung erh\u00f6hen<\/a>, geht Petro in die entgegengesetzte Richtung. Die von ihm <a href=\"https:\/\/www.ft.com\/content\/526ea02a-7d51-472b-ae9e-c223b433d11f?emci=28f19f5f-3c55-ed11-819c-002248258e08&amp;emdi=b315f77f-4355-ed11-819c-002248258e08&amp;ceid=9473275\" target=\"_blank\" rel=\"noopener\">vorgeschlagene<\/a> \u00d6l- und Kohlesteuer zur Verringerung der F\u00f6rderung und zur Finanzierung sozialer Projekte, das Verbot von Fracking und vor allem die politisch provokante Zur\u00fccknahme der Kraftstoffsubventionen k\u00f6nnten jedoch zu einer weiteren <a href=\"https:\/\/newsrnd.com\/news\/2022-10-19-why-is-the-dollar-rising-against-the-peso-in-colombia-.rk-4QvPTmj.html\" target=\"_blank\" rel=\"noopener\">Abwertung des Pesos<\/a> und zu Unzufriedenheit in der Bev\u00f6lkerung f\u00fchren.<\/p>\n<p>Petro <a href=\"https:\/\/actualidad.rt.com\/actualidad\/445404-brecha-aliados-historicos-petro-eeuu\" target=\"_blank\" rel=\"noopener\">bat<\/a> k\u00fcrzlich eine US-Kongressdelegation in Kolumbien, beim Internationalen W\u00e4hrungsfonds (IWF) zu intervenieren, um im Gegenzug f\u00fcr Investitionen in dekarbonisierte Wirtschaftszweige einen Teil der kolumbianischen Schulden erlassen zu bekommen. Das w\u00fcrde, wie er erkl\u00e4rte, die Beeintr\u00e4chtigung der Weltwirtschaft durch die einseitigen Zwangsma\u00dfnahmen der USA (d.h. Sanktionen) ausgleichen. Petro <a href=\"https:\/\/actualidad.rt.com\/actualidad\/445404-brecha-aliados-historicos-petro-eeuu\" target=\"_blank\" rel=\"noopener\">erl\u00e4uterte<\/a> dies in einer k\u00fcrzlich gehaltenen Rede: &#8222;Die USA ruinieren praktisch alle Volkswirtschaften der Welt&#8220;.<\/p>\n<p>Er forderte die US-Kongressdelegation au\u00dferdem auf, die Kosten f\u00fcr die Abtretung von drei Millionen Hektar Land an Campesinos im Rahmen der Landreform seiner Regierung zu \u00fcbernehmen. Die Alternative, so schlug Petro geschickt vor, w\u00e4re, den geopolitischen Rivalen der USA, China, st\u00e4rker in seine Initiativen zur Energiewende einzubinden.<\/p>\n<p>Bloomberg <a href=\"https:\/\/www.bloomberglinea.com\/2022\/10\/11\/china-mayor-inversor-asiatico-en-colombia-se-acerca-a-petro-con-proyectos-clave\/\" target=\"_blank\" rel=\"noopener\">berichtet<\/a>, dass China mit Kolumbien bereits eine Reihe von bedeutenden Vertr\u00e4gen \u00fcber die Infrastruktur f\u00fcr erneuerbare Energien abgeschlossen hat. Bezeichnend f\u00fcr die sich ver\u00e4ndernde Handelsbilanz ist, dass Kolumbien im Jahr 2021 14,8 Mrd. USD aus China importierte, verglichen mit 14,1 Mrd. USD aus den USA.<\/p>\n<p>Der ehemalige kolumbianische Pr\u00e4sident Juan Manuel Santos hatte sich 2013 mit Blick auf Kolumbiens regionale Rolle als US-Klientelstaat <a href=\"https:\/\/www.haaretz.com\/.premium-proud-to-be-the-israel-of-latin-america-1.5280424\" target=\"_blank\" rel=\"noopener\">gebr\u00fcstet<\/a>: &#8222;Wenn jemand mein Land das Israel Lateinamerikas nennen w\u00fcrde, w\u00e4re ich sehr stolz. Ich bewundere die Israelis, und ich w\u00fcrde das als Kompliment betrachten\u00bb. Eine ganz neue Botschaft kommt von Pr\u00e4sident Petro, der zu <a href=\"https:\/\/actualidad.rt.com\/actualidad\/445404-brecha-aliados-historicos-petro-eeuu\" target=\"_blank\" rel=\"noopener\">Protokoll gegeben<\/a> hat, dass die USA &#8222;uns nicht lieben&#8220;.<\/p>\n<p>In der Tat hat Petro international Schlagzeilen gemacht, indem er die US-Drogenbek\u00e4mpfungspolitik <a href=\"https:\/\/www.telesurenglish.net\/news\/Colombias-President-Gustavo-Petro-in-His-Speech-at-UNGA-20220920-0012.html\" target=\"_blank\" rel=\"noopener\">kritisierte<\/a> und darauf hinwies, dass Kolumbien in der Vergangenheit zwar der Lieferant illegaler Drogen war, die USA aber die Verantwortung daf\u00fcr tragen, der gr\u00f6\u00dfte Konsument zu sein. Au\u00dferdem ist Kolumbien nicht mehr der Stellvertreter Washingtons f\u00fcr die Destabilisierung Venezuelas, vielmehr <a href=\"https:\/\/ultimasnoticias.com.ve\/noticias\/general\/plasencia-y-benedetti-revisaron-agenda-de-relaciones-bilaterales\/\" target=\"_blank\" rel=\"noopener\">bem\u00fcht<\/a> es sich um eine Wiedergutmachung bei seinem unmittelbaren Nachbarn und um die Wiederherstellung freundschaftlicher diplomatischer Beziehungen.<\/p>\n<h3><strong>Petros problematische Verbindung zu George Soros<\/strong><\/h3>\n<p>Die Rechte beschuldigt Petro, ein <a href=\"https:\/\/thebl.tv\/politics\/colombia-george-soros-relies-on-violent-riots-to-advance-his-globalist-agenda.html\" target=\"_blank\" rel=\"noopener\">Sch\u00fctzling<\/a> des Milliard\u00e4rs George Soros zu sein, dessen <a href=\"https:\/\/www.opensocietyfoundations.org\/\" target=\"_blank\" rel=\"noopener\">Open Society Foundation<\/a> schon lange in Kolumbien aktiv ist, und von ihm <a href=\"https:\/\/thebl.tv\/politics\/colombia-george-soros-relies-on-violent-riots-to-advance-his-globalist-agenda.html\" target=\"_blank\" rel=\"noopener\">finanziert<\/a> zu werden. Petro wird von diesen Elementen \u00abals Verk\u00f6rperung der ideologischen Richtung <a href=\"https:\/\/europeanconservative.com\/articles\/news\/gustavo-petro-sworn-in-as-president-of-colombia\/\" target=\"_blank\" rel=\"noopener\">dargestellt<\/a>, als deren Patriarch George Soros oft angesehen wird\u00bb. Obwohl er von der Rechten geschm\u00e4ht wird, ist der <a href=\"https:\/\/www.thecanadafiles.com\/articles\/exclusive-how-the-ned-open-society-foundations-and-nato-collectively-fund-institutions-driving-development-of-canadian-political-thought\" target=\"_blank\" rel=\"noopener\">obsessiv<\/a> antikommunistische &#8222;<a href=\"https:\/\/www.counterpunch.org\/2016\/11\/18\/george-soros-dystopias-minister-of-truth\/\" target=\"_blank\" rel=\"noopener\">Marionettenspieler des humanit\u00e4ren Imperialismus<\/a>&#8220; kein Freund der Linken.<\/p>\n<p>Obwohl Petro versucht hatte, sich in einem <a href=\"https:\/\/twitter.com\/petrogustavo\/status\/1201243689324032001?lang=en\">Tweet<\/a> von Soros zu distanzieren, indem er ihn als &#8222;spekulativen Kapitalisten&#8220; bezeichnete, <a href=\"https:\/\/pluralidadz.com\/politica\/gustavo-petro-se-reune-con-el-hijo-del-ultra-megacapitalista-george-soros\/\" target=\"_blank\" rel=\"noopener\">traf<\/a> sich der neue Pr\u00e4sident kurz nach seinem Amtsantritt mit Soros&#8216; Sohn und Vizepr\u00e4sident der Stiftung, um \u00fcber gemeinsame Unternehmungen im Amazonasgebiet zu sprechen.<\/p>\n<h3><strong>Das Dilemma von Petro &#8211; ein kleines Land im Schatten des US-Hegemons<\/strong><\/h3>\n<p>Nachdem der rechte Fl\u00fcgel um den ehemaligen Pr\u00e4sidenten \u00c1lvaro Uribe <a href=\"http:\/\/content.time.com\/time\/world\/article\/0,8599,2035765,00.html\" target=\"_blank\" rel=\"noopener\">diskreditiert<\/a> und bei den Wahlen besiegt wurde, braucht der US-Imperialismus ein neues Gesicht in Kolumbien. Petros zweideutige Positionen sind am besten im historischen Kontext zu verstehen. Zum ersten Mal seit zwei Jahrhunderten haben angebliche Linke f\u00fcr das Pr\u00e4sidentenamt in einem Land kandidiert, \u00fcberlebt und gewonnen, das nicht nur ein Klientelstaat der USA, sondern auch ihr wichtigster Stellvertreter ist: Kolumbien.<\/p>\n<p>Ihr Sieg ist ein wichtiger Schritt im langen Kampf um die Befreiung ihres geplagten Landes von seiner fr\u00fcheren Unterwerfung unter den Koloss im Norden. Es ist jedoch naiv zu glauben, dass Washington einen solchen seismischen Linksruck unangefochten durchgehen lassen wird.<\/p>\n<p>Angesichts der Vorherrschaft des von den USA unterst\u00fctzten Milit\u00e4rs in Kolumbien ging es Petro nicht nur darum, die Wahl zu gewinnen, sondern auch darum, danach zu \u00fcberleben. Sowohl <a href=\"https:\/\/www.voanews.com\/a\/colombia-elections-the-specter-of-political-assassination-\/6571136.html\" target=\"_blank\" rel=\"noopener\">Petro<\/a> als auch sein Mitkandidat <a href=\"https:\/\/justiceforcolombia.org\/news\/award-winning-activist-francia-marquez-survives-assassination-attempt\/\" target=\"_blank\" rel=\"noopener\">M\u00e1rquez<\/a> \u00fcberlebten Attentate auf der Wahlkampftour. Sogar die <em>Voice of America<\/em> warnte vor dem &#8222;<a href=\"https:\/\/www.voanews.com\/a\/colombia-elections-the-specter-of-political-assassination-\/6571136.html\" target=\"_blank\" rel=\"noopener\">Gespenst der Ermordung<\/a>&#8222;.<\/p>\n<p>Der neue Pr\u00e4sident Kolumbiens ist ein ehemaliger linker Guerillero, der politisch in die Mitte ger\u00fcckt ist. Doch im Vergleich zur rechtsextremen Herrschaft von Uribe und seinen Nachfolgern in Kolumbien bedeutet die Wahl von Petro und seinem Vizepr\u00e4sidenten M\u00e1rquez einen radikal progressiven Kurswechsel.<\/p>\n<p>Die <a href=\"https:\/\/orinocotribune.com\/the-pink-tide-surges-in-latin-america\/\" target=\"_blank\" rel=\"noopener\">regionale Bewegung<\/a> hin zu Integration und Unabh\u00e4ngigkeit stellt eine Herausforderung f\u00fcr das Bestreben der USA dar, ihre Hegemonie auf dem amerikanischen Kontinent durchzusetzen. Der Wechsel in der kolumbianischen Exekutive bringt diese Bewegung weiter voran. Doch Petro hat gro\u00dfe institutionelle Zw\u00e4nge geerbt und steht unter enormem Druck.<\/p>\n<p>Paradoxerweise sind genau die Bedingungen, gegen die Petro im Wahlkampf angetreten ist und die ihn ins Amt gebracht haben, jetzt zu den Problemen geworden, die er l\u00f6sen muss. Die Gesellschaft wird von einer <a href=\"https:\/\/www.greenleft.org.au\/content\/global-inflationary-tsunami-made-us-not-ukraine\">starken Inflation<\/a> heimgesucht &#8211; verursacht von der globalen Wirtschaft, in die sich kleine L\u00e4nder wie Kolumbien integrieren m\u00fcssen, auf die sie aber nur minimalen Einfluss haben. W\u00e4hrend die Lebenshaltungskosten steigen, schwindet <a href=\"https:\/\/www.bloomberg.com\/news\/articles\/2022-10-19\/colombia-s-petro-approval-rating-dips-to-46-in-first-two-months\" target=\"_blank\" rel=\"noopener\">Petros R\u00fcckhalt<\/a> in der Bev\u00f6lkerung im eigenen Land.<\/p>\n<p>Petros Dilemma besteht darin, dass er zwischen der Forderung der Bev\u00f6lkerung nach progressivem Wandel und dem Erbe der imperialen Vorherrschaft der USA gefangen ist. Kolumbien muss Mittel und Wege finden, um sich der weiteren Ausdehnung der US-Milit\u00e4rherrschaft in Form der NATO zu widersetzen. Der Amazonas braucht keine Brandstifter, um seine Br\u00e4nde zu l\u00f6schen.<\/p>\n<p><strong><i>\u00dcbersetzung aus dem Englischen von Domenica Ott vom ehrenamtlichen Pressenza-\u00dcbersetzungsteam erstellt. <a href=\"https:\/\/www.pressenza.com\/de\/mitarbeiten\/\" target=\"_blank\" rel=\"noopener\">Wir suchen Freiwillige!<\/a><\/i><\/strong><\/p>\n<hr \/>\n<p><em>Roger D. Harris arbeitet f\u00fcr die 1985 gegr\u00fcndete Menschenrechtsgruppe <a href=\"https:\/\/taskforceamericas.org\/\" target=\"_blank\" rel=\"noopener\">Task Force on the Americas<\/a>.<\/em><\/p>\n","protected":false},"excerpt":{"rendered":"<p>Die NATO hat sich vor kurzem auf Schweden und Finnland ausgeweitet, wurde de facto in die Ukraine aufgenommen und k\u00f6nnte sich auf Georgien ausdehnen. Unter der Schirmherrschaft des neu gew\u00e4hlten kolumbianischen Pr\u00e4sidenten Gustavo Petro ist der Eintritt der NATO in&hellip;<\/p>\n","protected":false},"author":1126,"featured_media":1690961,"comment_status":"closed","ping_status":"closed","sticky":false,"template":"","format":"standard","meta":{"footnotes":""},"categories":[9167,9164,9143,9168,9154],"tags":[11757,103172,12517,107103,11826],"class_list":["post-1690960","post","type-post","status-publish","format-standard","has-post-thumbnail","hentry","category-frieden-und-abruestung","category-internationale-angelegenheiten","category-meinungen","category-politik","category-suedamerika","tag-amazonas","tag-gustavo-petro-de","tag-kolumbien","tag-militarisierung-des-umweltschutz","tag-nato-de"],"yoast_head":"<!-- This site is optimized with the Yoast SEO plugin v27.1.1 - https:\/\/yoast.com\/product\/yoast-seo-wordpress\/ -->\n<title>Die NATO im Amazonasgebiet: Petro spielt mit dem Feuer<\/title>\n<meta name=\"description\" content=\"Die NATO hat sich vor kurzem auf Schweden und Finnland ausgeweitet, wurde de facto in die Ukraine aufgenommen und k\u00f6nnte sich auf Georgien ausdehnen.\" \/>\n<meta name=\"robots\" content=\"index, follow, max-snippet:-1, max-image-preview:large, max-video-preview:-1\" \/>\n<link rel=\"canonical\" href=\"https:\/\/www.pressenza.com\/de\/2022\/11\/die-nato-im-amazonasgebiet-petro-spielt-mit-dem-feuer\/\" \/>\n<meta property=\"og:locale\" content=\"de_DE\" \/>\n<meta property=\"og:type\" content=\"article\" \/>\n<meta property=\"og:title\" content=\"Die NATO im Amazonasgebiet: Petro spielt mit dem Feuer\" \/>\n<meta property=\"og:description\" content=\"Die NATO hat sich vor kurzem auf Schweden und Finnland ausgeweitet, wurde de facto in die Ukraine aufgenommen und k\u00f6nnte sich auf Georgien ausdehnen.\" \/>\n<meta property=\"og:url\" content=\"https:\/\/www.pressenza.com\/de\/2022\/11\/die-nato-im-amazonasgebiet-petro-spielt-mit-dem-feuer\/\" \/>\n<meta property=\"og:site_name\" content=\"Pressenza\" \/>\n<meta property=\"article:publisher\" content=\"https:\/\/www.facebook.com\/PressenzaItalia\" \/>\n<meta property=\"article:author\" content=\"https:\/\/www.facebook.com\/PressenzaEnglish\/\" \/>\n<meta property=\"article:published_time\" content=\"2022-11-02T17:18:57+00:00\" \/>\n<meta property=\"article:modified_time\" content=\"2022-11-02T17:21:21+00:00\" \/>\n<meta property=\"og:image\" content=\"https:\/\/www.pressenza.com\/wp-content\/uploads\/2022\/10\/220907-A-BS738-001.jpg\" \/>\n\t<meta property=\"og:image:width\" content=\"1709\" \/>\n\t<meta property=\"og:image:height\" content=\"1080\" \/>\n\t<meta property=\"og:image:type\" content=\"image\/jpeg\" \/>\n<meta name=\"author\" content=\"Pressenza New York\" \/>\n<meta name=\"twitter:card\" content=\"summary_large_image\" \/>\n<meta name=\"twitter:creator\" content=\"@PressenzaIPA\" \/>\n<meta name=\"twitter:site\" content=\"@PressenzaIPA\" \/>\n<meta name=\"twitter:label1\" content=\"Verfasst von\" \/>\n\t<meta name=\"twitter:data1\" content=\"Pressenza New York\" \/>\n\t<meta name=\"twitter:label2\" content=\"Gesch\u00e4tzte Lesezeit\" \/>\n\t<meta name=\"twitter:data2\" content=\"9\u00a0Minuten\" \/>\n<script type=\"application\/ld+json\" class=\"yoast-schema-graph\">{\"@context\":\"https:\/\/schema.org\",\"@graph\":[{\"@type\":\"Article\",\"@id\":\"https:\/\/www.pressenza.com\/de\/2022\/11\/die-nato-im-amazonasgebiet-petro-spielt-mit-dem-feuer\/#article\",\"isPartOf\":{\"@id\":\"https:\/\/www.pressenza.com\/de\/2022\/11\/die-nato-im-amazonasgebiet-petro-spielt-mit-dem-feuer\/\"},\"author\":{\"name\":\"Pressenza New York\",\"@id\":\"https:\/\/www.pressenza.com\/de\/#\/schema\/person\/75ff8ec4b4b03f1d2da977bba83672b3\"},\"headline\":\"Die NATO im Amazonasgebiet: Petro spielt mit dem Feuer\",\"datePublished\":\"2022-11-02T17:18:57+00:00\",\"dateModified\":\"2022-11-02T17:21:21+00:00\",\"mainEntityOfPage\":{\"@id\":\"https:\/\/www.pressenza.com\/de\/2022\/11\/die-nato-im-amazonasgebiet-petro-spielt-mit-dem-feuer\/\"},\"wordCount\":1864,\"publisher\":{\"@id\":\"https:\/\/www.pressenza.com\/de\/#organization\"},\"image\":{\"@id\":\"https:\/\/www.pressenza.com\/de\/2022\/11\/die-nato-im-amazonasgebiet-petro-spielt-mit-dem-feuer\/#primaryimage\"},\"thumbnailUrl\":\"https:\/\/www.pressenza.com\/wp-content\/uploads\/2022\/10\/220907-A-BS738-001.jpg\",\"keywords\":[\"Amazonas\",\"Gustavo Petro\",\"Kolumbien\",\"Militarisierung des Umweltschutz\",\"NATO\"],\"articleSection\":[\"Frieden und Abr\u00fcstung\",\"Internationale Angelegenheiten\",\"Meinungen\",\"Politik\",\"S\u00fcdamerika\"],\"inLanguage\":\"de\"},{\"@type\":\"WebPage\",\"@id\":\"https:\/\/www.pressenza.com\/de\/2022\/11\/die-nato-im-amazonasgebiet-petro-spielt-mit-dem-feuer\/\",\"url\":\"https:\/\/www.pressenza.com\/de\/2022\/11\/die-nato-im-amazonasgebiet-petro-spielt-mit-dem-feuer\/\",\"name\":\"Die NATO im Amazonasgebiet: Petro spielt mit dem Feuer\",\"isPartOf\":{\"@id\":\"https:\/\/www.pressenza.com\/de\/#website\"},\"primaryImageOfPage\":{\"@id\":\"https:\/\/www.pressenza.com\/de\/2022\/11\/die-nato-im-amazonasgebiet-petro-spielt-mit-dem-feuer\/#primaryimage\"},\"image\":{\"@id\":\"https:\/\/www.pressenza.com\/de\/2022\/11\/die-nato-im-amazonasgebiet-petro-spielt-mit-dem-feuer\/#primaryimage\"},\"thumbnailUrl\":\"https:\/\/www.pressenza.com\/wp-content\/uploads\/2022\/10\/220907-A-BS738-001.jpg\",\"datePublished\":\"2022-11-02T17:18:57+00:00\",\"dateModified\":\"2022-11-02T17:21:21+00:00\",\"description\":\"Die NATO hat sich vor kurzem auf Schweden und Finnland ausgeweitet, wurde de facto in die Ukraine aufgenommen und k\u00f6nnte sich auf Georgien ausdehnen.\",\"breadcrumb\":{\"@id\":\"https:\/\/www.pressenza.com\/de\/2022\/11\/die-nato-im-amazonasgebiet-petro-spielt-mit-dem-feuer\/#breadcrumb\"},\"inLanguage\":\"de\",\"potentialAction\":[{\"@type\":\"ReadAction\",\"target\":[\"https:\/\/www.pressenza.com\/de\/2022\/11\/die-nato-im-amazonasgebiet-petro-spielt-mit-dem-feuer\/\"]}]},{\"@type\":\"ImageObject\",\"inLanguage\":\"de\",\"@id\":\"https:\/\/www.pressenza.com\/de\/2022\/11\/die-nato-im-amazonasgebiet-petro-spielt-mit-dem-feuer\/#primaryimage\",\"url\":\"https:\/\/www.pressenza.com\/wp-content\/uploads\/2022\/10\/220907-A-BS738-001.jpg\",\"contentUrl\":\"https:\/\/www.pressenza.com\/wp-content\/uploads\/2022\/10\/220907-A-BS738-001.jpg\",\"width\":1709,\"height\":1080,\"caption\":\"General Richardson besucht Kolumbien, 5. bis 7. September 2022 (Bild mit freundlicher Genehmigung der US-Botschaft in Kolumbien)\"},{\"@type\":\"BreadcrumbList\",\"@id\":\"https:\/\/www.pressenza.com\/de\/2022\/11\/die-nato-im-amazonasgebiet-petro-spielt-mit-dem-feuer\/#breadcrumb\",\"itemListElement\":[{\"@type\":\"ListItem\",\"position\":1,\"name\":\"Accueil\",\"item\":\"https:\/\/www.pressenza.com\/de\/\"},{\"@type\":\"ListItem\",\"position\":2,\"name\":\"Die NATO im Amazonasgebiet: Petro spielt mit dem Feuer\"}]},{\"@type\":\"WebSite\",\"@id\":\"https:\/\/www.pressenza.com\/de\/#website\",\"url\":\"https:\/\/www.pressenza.com\/de\/\",\"name\":\"Pressenza\",\"description\":\"International Press Agency\",\"publisher\":{\"@id\":\"https:\/\/www.pressenza.com\/de\/#organization\"},\"potentialAction\":[{\"@type\":\"SearchAction\",\"target\":{\"@type\":\"EntryPoint\",\"urlTemplate\":\"https:\/\/www.pressenza.com\/de\/?s={search_term_string}\"},\"query-input\":{\"@type\":\"PropertyValueSpecification\",\"valueRequired\":true,\"valueName\":\"search_term_string\"}}],\"inLanguage\":\"de\"},{\"@type\":\"Organization\",\"@id\":\"https:\/\/www.pressenza.com\/de\/#organization\",\"name\":\"Pressenza\",\"url\":\"https:\/\/www.pressenza.com\/de\/\",\"logo\":{\"@type\":\"ImageObject\",\"inLanguage\":\"de\",\"@id\":\"https:\/\/www.pressenza.com\/de\/#\/schema\/logo\/image\/\",\"url\":\"https:\/\/www.pressenza.com\/wp-content\/uploads\/2022\/10\/pressenza_logo_200x200.jpg\",\"contentUrl\":\"https:\/\/www.pressenza.com\/wp-content\/uploads\/2022\/10\/pressenza_logo_200x200.jpg\",\"width\":200,\"height\":200,\"caption\":\"Pressenza\"},\"image\":{\"@id\":\"https:\/\/www.pressenza.com\/de\/#\/schema\/logo\/image\/\"},\"sameAs\":[\"https:\/\/www.facebook.com\/PressenzaItalia\",\"https:\/\/x.com\/PressenzaIPA\"]},{\"@type\":\"Person\",\"@id\":\"https:\/\/www.pressenza.com\/de\/#\/schema\/person\/75ff8ec4b4b03f1d2da977bba83672b3\",\"name\":\"Pressenza New York\",\"description\":\"News from the Pressenza Bureau in New York, United States\",\"sameAs\":[\"https:\/\/www.facebook.com\/PressenzaEnglish\/\",\"https:\/\/x.com\/PressenzaIPA\"],\"url\":\"https:\/\/www.pressenza.com\/de\/author\/pressenza-new-york\/\"}]}<\/script>\n<!-- \/ Yoast SEO plugin. -->","yoast_head_json":{"title":"Die NATO im Amazonasgebiet: Petro spielt mit dem Feuer","description":"Die NATO hat sich vor kurzem auf Schweden und Finnland ausgeweitet, wurde de facto in die Ukraine aufgenommen und k\u00f6nnte sich auf Georgien ausdehnen.","robots":{"index":"index","follow":"follow","max-snippet":"max-snippet:-1","max-image-preview":"max-image-preview:large","max-video-preview":"max-video-preview:-1"},"canonical":"https:\/\/www.pressenza.com\/de\/2022\/11\/die-nato-im-amazonasgebiet-petro-spielt-mit-dem-feuer\/","og_locale":"de_DE","og_type":"article","og_title":"Die NATO im Amazonasgebiet: Petro spielt mit dem Feuer","og_description":"Die NATO hat sich vor kurzem auf Schweden und Finnland ausgeweitet, wurde de facto in die Ukraine aufgenommen und k\u00f6nnte sich auf Georgien ausdehnen.","og_url":"https:\/\/www.pressenza.com\/de\/2022\/11\/die-nato-im-amazonasgebiet-petro-spielt-mit-dem-feuer\/","og_site_name":"Pressenza","article_publisher":"https:\/\/www.facebook.com\/PressenzaItalia","article_author":"https:\/\/www.facebook.com\/PressenzaEnglish\/","article_published_time":"2022-11-02T17:18:57+00:00","article_modified_time":"2022-11-02T17:21:21+00:00","og_image":[{"width":1709,"height":1080,"url":"https:\/\/www.pressenza.com\/wp-content\/uploads\/2022\/10\/220907-A-BS738-001.jpg","type":"image\/jpeg"}],"author":"Pressenza New York","twitter_card":"summary_large_image","twitter_creator":"@PressenzaIPA","twitter_site":"@PressenzaIPA","twitter_misc":{"Verfasst von":"Pressenza New York","Gesch\u00e4tzte Lesezeit":"9\u00a0Minuten"},"schema":{"@context":"https:\/\/schema.org","@graph":[{"@type":"Article","@id":"https:\/\/www.pressenza.com\/de\/2022\/11\/die-nato-im-amazonasgebiet-petro-spielt-mit-dem-feuer\/#article","isPartOf":{"@id":"https:\/\/www.pressenza.com\/de\/2022\/11\/die-nato-im-amazonasgebiet-petro-spielt-mit-dem-feuer\/"},"author":{"name":"Pressenza New York","@id":"https:\/\/www.pressenza.com\/de\/#\/schema\/person\/75ff8ec4b4b03f1d2da977bba83672b3"},"headline":"Die NATO im Amazonasgebiet: Petro spielt mit dem Feuer","datePublished":"2022-11-02T17:18:57+00:00","dateModified":"2022-11-02T17:21:21+00:00","mainEntityOfPage":{"@id":"https:\/\/www.pressenza.com\/de\/2022\/11\/die-nato-im-amazonasgebiet-petro-spielt-mit-dem-feuer\/"},"wordCount":1864,"publisher":{"@id":"https:\/\/www.pressenza.com\/de\/#organization"},"image":{"@id":"https:\/\/www.pressenza.com\/de\/2022\/11\/die-nato-im-amazonasgebiet-petro-spielt-mit-dem-feuer\/#primaryimage"},"thumbnailUrl":"https:\/\/www.pressenza.com\/wp-content\/uploads\/2022\/10\/220907-A-BS738-001.jpg","keywords":["Amazonas","Gustavo Petro","Kolumbien","Militarisierung des Umweltschutz","NATO"],"articleSection":["Frieden und Abr\u00fcstung","Internationale Angelegenheiten","Meinungen","Politik","S\u00fcdamerika"],"inLanguage":"de"},{"@type":"WebPage","@id":"https:\/\/www.pressenza.com\/de\/2022\/11\/die-nato-im-amazonasgebiet-petro-spielt-mit-dem-feuer\/","url":"https:\/\/www.pressenza.com\/de\/2022\/11\/die-nato-im-amazonasgebiet-petro-spielt-mit-dem-feuer\/","name":"Die NATO im Amazonasgebiet: Petro spielt mit dem Feuer","isPartOf":{"@id":"https:\/\/www.pressenza.com\/de\/#website"},"primaryImageOfPage":{"@id":"https:\/\/www.pressenza.com\/de\/2022\/11\/die-nato-im-amazonasgebiet-petro-spielt-mit-dem-feuer\/#primaryimage"},"image":{"@id":"https:\/\/www.pressenza.com\/de\/2022\/11\/die-nato-im-amazonasgebiet-petro-spielt-mit-dem-feuer\/#primaryimage"},"thumbnailUrl":"https:\/\/www.pressenza.com\/wp-content\/uploads\/2022\/10\/220907-A-BS738-001.jpg","datePublished":"2022-11-02T17:18:57+00:00","dateModified":"2022-11-02T17:21:21+00:00","description":"Die NATO hat sich vor kurzem auf Schweden und Finnland ausgeweitet, wurde de facto in die Ukraine aufgenommen und k\u00f6nnte sich auf Georgien ausdehnen.","breadcrumb":{"@id":"https:\/\/www.pressenza.com\/de\/2022\/11\/die-nato-im-amazonasgebiet-petro-spielt-mit-dem-feuer\/#breadcrumb"},"inLanguage":"de","potentialAction":[{"@type":"ReadAction","target":["https:\/\/www.pressenza.com\/de\/2022\/11\/die-nato-im-amazonasgebiet-petro-spielt-mit-dem-feuer\/"]}]},{"@type":"ImageObject","inLanguage":"de","@id":"https:\/\/www.pressenza.com\/de\/2022\/11\/die-nato-im-amazonasgebiet-petro-spielt-mit-dem-feuer\/#primaryimage","url":"https:\/\/www.pressenza.com\/wp-content\/uploads\/2022\/10\/220907-A-BS738-001.jpg","contentUrl":"https:\/\/www.pressenza.com\/wp-content\/uploads\/2022\/10\/220907-A-BS738-001.jpg","width":1709,"height":1080,"caption":"General Richardson besucht Kolumbien, 5. bis 7. September 2022 (Bild mit freundlicher Genehmigung der US-Botschaft in Kolumbien)"},{"@type":"BreadcrumbList","@id":"https:\/\/www.pressenza.com\/de\/2022\/11\/die-nato-im-amazonasgebiet-petro-spielt-mit-dem-feuer\/#breadcrumb","itemListElement":[{"@type":"ListItem","position":1,"name":"Accueil","item":"https:\/\/www.pressenza.com\/de\/"},{"@type":"ListItem","position":2,"name":"Die NATO im Amazonasgebiet: Petro spielt mit dem Feuer"}]},{"@type":"WebSite","@id":"https:\/\/www.pressenza.com\/de\/#website","url":"https:\/\/www.pressenza.com\/de\/","name":"Pressenza","description":"International Press Agency","publisher":{"@id":"https:\/\/www.pressenza.com\/de\/#organization"},"potentialAction":[{"@type":"SearchAction","target":{"@type":"EntryPoint","urlTemplate":"https:\/\/www.pressenza.com\/de\/?s={search_term_string}"},"query-input":{"@type":"PropertyValueSpecification","valueRequired":true,"valueName":"search_term_string"}}],"inLanguage":"de"},{"@type":"Organization","@id":"https:\/\/www.pressenza.com\/de\/#organization","name":"Pressenza","url":"https:\/\/www.pressenza.com\/de\/","logo":{"@type":"ImageObject","inLanguage":"de","@id":"https:\/\/www.pressenza.com\/de\/#\/schema\/logo\/image\/","url":"https:\/\/www.pressenza.com\/wp-content\/uploads\/2022\/10\/pressenza_logo_200x200.jpg","contentUrl":"https:\/\/www.pressenza.com\/wp-content\/uploads\/2022\/10\/pressenza_logo_200x200.jpg","width":200,"height":200,"caption":"Pressenza"},"image":{"@id":"https:\/\/www.pressenza.com\/de\/#\/schema\/logo\/image\/"},"sameAs":["https:\/\/www.facebook.com\/PressenzaItalia","https:\/\/x.com\/PressenzaIPA"]},{"@type":"Person","@id":"https:\/\/www.pressenza.com\/de\/#\/schema\/person\/75ff8ec4b4b03f1d2da977bba83672b3","name":"Pressenza New York","description":"News from the Pressenza Bureau in New York, United States","sameAs":["https:\/\/www.facebook.com\/PressenzaEnglish\/","https:\/\/x.com\/PressenzaIPA"],"url":"https:\/\/www.pressenza.com\/de\/author\/pressenza-new-york\/"}]}},"place":"Roger D. Harris","original_article_url":"","_links":{"self":[{"href":"https:\/\/www.pressenza.com\/de\/wp-json\/wp\/v2\/posts\/1690960","targetHints":{"allow":["GET"]}}],"collection":[{"href":"https:\/\/www.pressenza.com\/de\/wp-json\/wp\/v2\/posts"}],"about":[{"href":"https:\/\/www.pressenza.com\/de\/wp-json\/wp\/v2\/types\/post"}],"author":[{"embeddable":true,"href":"https:\/\/www.pressenza.com\/de\/wp-json\/wp\/v2\/users\/1126"}],"replies":[{"embeddable":true,"href":"https:\/\/www.pressenza.com\/de\/wp-json\/wp\/v2\/comments?post=1690960"}],"version-history":[{"count":0,"href":"https:\/\/www.pressenza.com\/de\/wp-json\/wp\/v2\/posts\/1690960\/revisions"}],"wp:featuredmedia":[{"embeddable":true,"href":"https:\/\/www.pressenza.com\/de\/wp-json\/wp\/v2\/media\/1690961"}],"wp:attachment":[{"href":"https:\/\/www.pressenza.com\/de\/wp-json\/wp\/v2\/media?parent=1690960"}],"wp:term":[{"taxonomy":"category","embeddable":true,"href":"https:\/\/www.pressenza.com\/de\/wp-json\/wp\/v2\/categories?post=1690960"},{"taxonomy":"post_tag","embeddable":true,"href":"https:\/\/www.pressenza.com\/de\/wp-json\/wp\/v2\/tags?post=1690960"}],"curies":[{"name":"wp","href":"https:\/\/api.w.org\/{rel}","templated":true}]}}