{"id":1690588,"date":"2022-10-31T15:02:05","date_gmt":"2022-10-31T15:02:05","guid":{"rendered":"https:\/\/www.pressenza.com\/?p=1690588"},"modified":"2022-11-01T13:26:17","modified_gmt":"2022-11-01T13:26:17","slug":"erdoel-erdgas-segen-und-fluch-fuer-die-menschheit","status":"publish","type":"post","link":"https:\/\/www.pressenza.com\/de\/2022\/10\/erdoel-erdgas-segen-und-fluch-fuer-die-menschheit\/","title":{"rendered":"Erd\u00f6l\/Erdgas &#8211; Segen und Fluch f\u00fcr die Menschheit?"},"content":{"rendered":"<p><strong>Die Gedanken an unsere Zukunft, an unser Klima f\u00fchren uns ohne Zweifel hin zur F\u00f6rderung des Erd\u00f6ls aus seiner nat\u00fcrlichen Lagerung, sowie an den realen Bedarf an Energie f\u00fcr Mensch und Wirtschaft. Als biologische Wesen verdanken wir \u00fcberhaupt der Natur unser Leben. Wir bringen ja selbst nur drei Dinge f\u00fcr das menschliche Fortkommen ein: Unsere F\u00e4higkeiten zum Arbeiten, zum Nachdenken und f\u00fcr Nachkommen zu sorgen, stellte Albert Schweitzer fest. Die Natur ist es schlie\u00dflich, der wir unser Leben in den verschiedenen Facetten verdanken.<\/strong><\/p>\n<p>1848 begann die industrielle Nutzung des Rohstoffes Erd\u00f6l im gro\u00dfen Stil. Es wurde Hauptbasis f\u00fcr die Energieerzeugung der Wirtschaft und gab Licht in den Wohnungen. Es wurde Antriebsstoff f\u00fcr Motore der Autos, Flugzeuge und Ausgangsstoff f\u00fcr viele Bereiche der Chemie. Die vielfachen Stufen der Verarbeitungs- und Werterh\u00f6hungen des Rohstoffes beginnend mit der Verschiffung, des Hafenumschlags und im Pipeline-Betrieb, den Raffinationsprozessen zur Veredelung, der Binnenhandel brachten den Industriel\u00e4ndern beachtliche Geldbetr\u00e4ge aus Import- und Umsatzsteuern in ihre Staatskassen. Neukredite, Betriebsgewinne der Unternehmen und Profite wurden Grundlage f\u00fcr den Ausbau der Privatwirtschaft, zusammen mit der Arbeit ausgebildeter Mitarbeiter aller Abteilungen eines Betriebes.<\/p>\n<p>Die Landwirtschaft wurde von der Industrie als Lebensgrundlage f\u00fcr die menschlichen Gesellschaften auf hintere Pl\u00e4tze verdr\u00e4ngt. Im 21. Jahrhundert nimmt die Digitalisierung den ersten Platz im Ranking der Grundlagen ein. Ohne daten-technologische Kommunikation geht in der Gegenwart keine Produktion, kein Handel, keine Verwaltung, keine Mobilit\u00e4t mehr. An Wissenschaften und Gesundheitswesen gar nicht zu denken.<\/p>\n<p>Erd\u00f6l war der Stoff, der David Rockefeller (1839\/1937) zum reichsten Mann der Welt seiner Zeit machte. Die Standard Oil Company of New Jersey wurde mit ihrem Besitz von Banken, Versicherungen und den Einfluss auf die Regierung zum Symbol f\u00fcr die kapitalistischen Gesellschaft schlecht hin. Die Startbedingungen des Unternehmens waren g\u00fcnstig, da die \u00d6lvorkommen in Landgebiete der Indianer lagen und die Ureinwohner kaum Geld von den Rockefellers f\u00fcr ihr geraubtes Land bekamen. Billige Arbeitskr\u00e4fte aus Lateinamerika und aus Europa verbesserten die Gewinnrechnungen.<\/p>\n<p>Der beiden Weltkriege h\u00e4tten ohne die mit Diesel oder Benzin betriebenen Motore, ohne Panzer, Flugzeuge, Schlachtschiffe, chemische Kampfmittel etc. nicht stattfinden k\u00f6nnen.<\/p>\n<p>Das unkontrollierte Wachstum der Produktion in den Industriel\u00e4ndern, der rasante Verbrauch der Rohstoffe sowie die gedankenlose Abfallwirtschaft blieben nicht ohne Einfluss auf das Klima. Der Klimawandel zwang Parlamente und Regierungen zu zaghaften Entscheidungen, hoffentlich nicht zu sp\u00e4t. Dank der Wissenschaft wurden Alternativen zu den Benzin und Diesel getriebenen Verbrennungsmotor und f\u00fcr die Energieentwicklung aus der Natur (Wasser, Wind, Sonne) versus Kohle und Erd\u00f6l\/Erdgas entwickelt. Regierungen stellten finanzielle F\u00f6rdermittel bereit. Die Ver\u00e4nderungen waren keine \u201eblinden Hand des Marktes\u201c, sondern geplante Aktionen des denkenden Menschen.<\/p>\n<p>Das Parlament der Europ\u00e4ischen Union und der EU-Ministerrat beschlossen, dass ab 2035 keine Autos mit Verbrennungsmotoren mehr verkauft werden d\u00fcrfen. Noch haben nicht alle nationalen Parlamente diesen Beschluss f\u00fcr Europa \u00fcbernommen. Die alten Luftverschmutzer k\u00f6nnen weiterbenutzt werden, zum \u00c4rger der Greta-Generation.<\/p>\n<p>Die zaghaften Schritte zur Beeinflussung des Klimawandels beenden nicht die Erd\u00f6lwirtschaft. So ist eine weiteres Ph\u00e4nomen von der Politik zu l\u00f6sen, das nicht mit dem Klimawandel zusammenh\u00e4ngt, aber ein gro\u00dfes Potential f\u00fcr Konflikte besitzt: Aus humanit\u00e4ren Gr\u00fcnden muss nachgefragt werden, warum trotz des j\u00e4hrlichen Milliarden schweren Dollareinnahmen aus dem Erd\u00f6l\/Gasexport und trotz der exorbitant h\u00f6heren Summen aus der Verarbeitung des Erd\u00f6ls die Ursprungsl\u00e4nder, wie der Irak, Libyen, Venezuela, Nigeria, Angola u.a. ihren Lebensstandard nicht an die G7 anpassen konnten, noch keine eigene Tankerflotten besitzen? die Transportversicherungen nicht bei eigenen Fonds vornehmen? oder kein finanziellen Mittel f\u00fcr den Bau eigener Verarbeitungskapazit\u00e4ten f\u00fcr Rohstoffe haben? Die Frage ist berechtigt, warum der Lebensstandard in den Verarbeitungsl\u00e4nder erfreulich h\u00f6her ist, als in den Ursprungsl\u00e4nder der Rohstoffe?, des Erd\u00f6ls?<\/p>\n<p>Das hat nach Erkenntnissen der Wirtschaftswissenschaft damit zu tun, dass die bilateralen Handelsbedingungen und die Kreditvergabebedingungen nicht gleichberechtigt sind. Die Entscheidungshoheit \u00fcber Kredith\u00f6he und Zinsen beim Internationalen W\u00e4hrungsfonds (IWF) haben die L\u00e4nder, die die h\u00f6chsten Kapitaleinlage beim IWF besitzen. Bei der Welthandelsorganisation (WHO) ist es \u00e4hnlich. Im Kreditgesch\u00e4ft hat der IWF noch vorsorglich Ratingagenturen vorgeschaltet, die die R\u00fcckzahlungsf\u00e4higkeit des Antragsstellers einstufen. G7 L\u00e4nder werden im AAA-Bereichen notiert, Rohstoffl\u00e4nder stehen \u00fcberwiegend in der Kategorie C. Das faire Prinzip der Gleichberechtigung \u201eein Land gleich eine Stimme\u201c, gab es nur beim Rat der Gegenseitigen Wirtschaftshilfe der ehemaligen sozialistischen L\u00e4nder. Fairness geh\u00f6rt zur Kategorie der Moral, die gesetzlich in der kapitalistischen Gesellschaft keine juristische Normierung gefunden hat, die von der Justiz z.B. mit Gef\u00e4ngniszeiten bewertbar w\u00e4re.<\/p>\n<p>Die Erd\u00f6lf\u00f6rderl\u00e4nder erhielten in den letzten Jahrzehnten keine ausreichenden Kredite, um sich zu industrialisieren. Die einger\u00e4umten Kredite reichten meist nur aus, um die f\u00e4lligen Raten der Staatsschulden bei Banken der Industriel\u00e4nder zu bedienen, beklagten der ehemalige Direktor der Zentralbank Mexikos, Maza Zavala, die ehemaligen Minister Ecuadors, Jorge Jurado, und Pedro Paez u.a. Die Vorschl\u00e4ge Mexikos 1974 an die UNO f\u00fcr eine Neuen Internationale Wirtschaftsordnung (NIWO) wurde von den Regierungen der G7 abgewiesen.<\/p>\n<p>Die Vorteile der Erd\u00f6lf\u00f6rderung und Verarbeitung kamen stets den Industriel\u00e4ndern der G7 zu gute. Offensichtlich braucht die \u00dcberwindung der Spaltung zwischen reichen und armen L\u00e4ndern viele Generationen und die St\u00e4rkung der Moral in den Beziehungen. Vor allem aber die Aufkl\u00e4rung \u00fcber die wahren Verh\u00e4ltnisse im Geld- und Kreditgesch\u00e4ft, um bei k\u00fcnftigen Wahlen zum gesetzgebenden Parlament, human- und nicht Surplus (Profit) denkenden Parteien die Stimme zu geben.<\/p>\n<p>Im Raum der \u00f6ffentlichen Diskussionen steht die Korruption, die den Finanzkreisl\u00e4ufen Mittel entzieht. Sie ist in armen, wie in reichen Staaten gang und g\u00e4be. Die Spaltung macht nicht zwischen arm und reich halt. Sie existiert gleichfalls zwischen Egoismus und Humanismus in den menschlichen Gesellschaften.<\/p>\n<hr \/>\n<p><em>Der Autor G\u00fcnter Buhlke, ehem. Mitarbeiter der Staatlichen Plankommission und ehem. Leiter des Schweizer Instituts f\u00fcr Betriebs\u00f6konomie, beschreibt in seinem neuen Buch <strong><a href=\"https:\/\/www.eulenspiegel.com\/verlage\/verlag-am-park\/titel\/hat-die-welt-eine-zukunft.html\" target=\"_blank\" rel=\"noopener noreferrer\">\u201eHat die Welt eine Zukunft?\u201c Verlag am Park, ISBN 978-3-947094-79-0<\/a><\/strong> Alternativen der Planung in einer humanen Welt.<\/em><\/p>\n<p><em>Es wird im Schwerpunkt digital von Amazon, Thalia u.a. als E-Buch angeboten und kann zum Erwerb in jeder Buchhandlung unter dem Titel oder ISBN 978-3-947094-79-0 bestellt werden.<\/em><\/p>\n<p><img loading=\"lazy\" decoding=\"async\" class=\"aligncenter size-full wp-image-1369229\" src=\"https:\/\/www.pressenza.com\/wp-content\/uploads\/2021\/05\/Hat_die_Welt_eine_Zukunft_609x649.jpg\" alt=\"Hat die Welt eine Zukunft?\" width=\"609\" height=\"649\" srcset=\"https:\/\/www.pressenza.com\/wp-content\/uploads\/2021\/05\/Hat_die_Welt_eine_Zukunft_609x649.jpg 609w, https:\/\/www.pressenza.com\/wp-content\/uploads\/2021\/05\/Hat_die_Welt_eine_Zukunft_609x649-282x300.jpg 282w\" sizes=\"auto, (max-width: 609px) 100vw, 609px\" \/><\/p>\n","protected":false},"excerpt":{"rendered":"<p>Die Gedanken an unsere Zukunft, an unser Klima f\u00fchren uns ohne Zweifel hin zur F\u00f6rderung des Erd\u00f6ls aus seiner nat\u00fcrlichen Lagerung, sowie an den realen Bedarf an Energie f\u00fcr Mensch und Wirtschaft. Als biologische Wesen verdanken wir \u00fcberhaupt der Natur&hellip;<\/p>\n","protected":false},"author":1463,"featured_media":1690589,"comment_status":"closed","ping_status":"closed","sticky":false,"template":"","format":"standard","meta":{"footnotes":""},"categories":[7835,9143,9157,11387,9158],"tags":[80166,80165,100404,91262,56309,12395],"class_list":["post-1690588","post","type-post","status-publish","format-standard","has-post-thumbnail","hentry","category-international-de","category-meinungen","category-oekologie-und-umwelt","category-originalinhalt","category-wirtschaft","tag-erdgas","tag-erdoel","tag-fossile-energie","tag-industrielaender","tag-klimakrise","tag-klimawandel"],"yoast_head":"<!-- This site is optimized with the Yoast SEO plugin v27.1.1 - https:\/\/yoast.com\/product\/yoast-seo-wordpress\/ -->\n<title>Erd\u00f6l\/Erdgas - Segen und Fluch f\u00fcr die Menschheit?<\/title>\n<meta name=\"description\" content=\"Die Gedanken an unsere Zukunft, an unser Klima f\u00fchren uns ohne Zweifel hin zur F\u00f6rderung des Erd\u00f6ls aus seiner nat\u00fcrlichen Lagerung, sowie an den realen\" \/>\n<meta name=\"robots\" content=\"index, follow, max-snippet:-1, max-image-preview:large, max-video-preview:-1\" \/>\n<link rel=\"canonical\" href=\"https:\/\/www.pressenza.com\/de\/2022\/10\/erdoel-erdgas-segen-und-fluch-fuer-die-menschheit\/\" \/>\n<meta property=\"og:locale\" content=\"de_DE\" \/>\n<meta property=\"og:type\" content=\"article\" \/>\n<meta property=\"og:title\" content=\"Erd\u00f6l\/Erdgas - Segen und Fluch f\u00fcr die Menschheit?\" \/>\n<meta property=\"og:description\" content=\"Die Gedanken an unsere Zukunft, an unser Klima f\u00fchren uns ohne Zweifel hin zur F\u00f6rderung des Erd\u00f6ls aus seiner nat\u00fcrlichen Lagerung, sowie an den realen\" \/>\n<meta property=\"og:url\" content=\"https:\/\/www.pressenza.com\/de\/2022\/10\/erdoel-erdgas-segen-und-fluch-fuer-die-menschheit\/\" \/>\n<meta property=\"og:site_name\" content=\"Pressenza\" \/>\n<meta property=\"article:publisher\" content=\"https:\/\/www.facebook.com\/PressenzaItalia\" \/>\n<meta property=\"article:published_time\" content=\"2022-10-31T15:02:05+00:00\" \/>\n<meta property=\"article:modified_time\" content=\"2022-11-01T13:26:17+00:00\" \/>\n<meta property=\"og:image\" content=\"https:\/\/www.pressenza.com\/wp-content\/uploads\/2022\/10\/1080px-An_oil_rig_offshore_Vungtau.jpg\" \/>\n\t<meta property=\"og:image:width\" content=\"1080\" \/>\n\t<meta property=\"og:image:height\" content=\"720\" \/>\n\t<meta property=\"og:image:type\" content=\"image\/jpeg\" \/>\n<meta name=\"author\" content=\"G\u00fcnter Buhlke\" \/>\n<meta name=\"twitter:card\" content=\"summary_large_image\" \/>\n<meta name=\"twitter:creator\" content=\"@PressenzaIPA\" \/>\n<meta name=\"twitter:site\" content=\"@PressenzaIPA\" \/>\n<meta name=\"twitter:label1\" content=\"Verfasst von\" \/>\n\t<meta name=\"twitter:data1\" content=\"G\u00fcnter Buhlke\" \/>\n\t<meta name=\"twitter:label2\" content=\"Gesch\u00e4tzte Lesezeit\" \/>\n\t<meta name=\"twitter:data2\" content=\"5\u00a0Minuten\" \/>\n<script type=\"application\/ld+json\" class=\"yoast-schema-graph\">{\"@context\":\"https:\/\/schema.org\",\"@graph\":[{\"@type\":\"Article\",\"@id\":\"https:\/\/www.pressenza.com\/de\/2022\/10\/erdoel-erdgas-segen-und-fluch-fuer-die-menschheit\/#article\",\"isPartOf\":{\"@id\":\"https:\/\/www.pressenza.com\/de\/2022\/10\/erdoel-erdgas-segen-und-fluch-fuer-die-menschheit\/\"},\"author\":{\"name\":\"G\u00fcnter Buhlke\",\"@id\":\"https:\/\/www.pressenza.com\/de\/#\/schema\/person\/e48301baaf10fa4f78dc7566caf225b4\"},\"headline\":\"Erd\u00f6l\/Erdgas &#8211; Segen und Fluch f\u00fcr die Menschheit?\",\"datePublished\":\"2022-10-31T15:02:05+00:00\",\"dateModified\":\"2022-11-01T13:26:17+00:00\",\"mainEntityOfPage\":{\"@id\":\"https:\/\/www.pressenza.com\/de\/2022\/10\/erdoel-erdgas-segen-und-fluch-fuer-die-menschheit\/\"},\"wordCount\":1069,\"publisher\":{\"@id\":\"https:\/\/www.pressenza.com\/de\/#organization\"},\"image\":{\"@id\":\"https:\/\/www.pressenza.com\/de\/2022\/10\/erdoel-erdgas-segen-und-fluch-fuer-die-menschheit\/#primaryimage\"},\"thumbnailUrl\":\"https:\/\/www.pressenza.com\/wp-content\/uploads\/2022\/10\/1080px-An_oil_rig_offshore_Vungtau.jpg\",\"keywords\":[\"Erdgas\",\"Erd\u00f6l\",\"fossile Energie\",\"Industriel\u00e4nder\",\"Klimakrise\",\"Klimawandel\"],\"articleSection\":[\"International\",\"Meinungen\",\"\u00d6kologie und Umwelt\",\"Originalinhalt\",\"Wirtschaft\"],\"inLanguage\":\"de\"},{\"@type\":\"WebPage\",\"@id\":\"https:\/\/www.pressenza.com\/de\/2022\/10\/erdoel-erdgas-segen-und-fluch-fuer-die-menschheit\/\",\"url\":\"https:\/\/www.pressenza.com\/de\/2022\/10\/erdoel-erdgas-segen-und-fluch-fuer-die-menschheit\/\",\"name\":\"Erd\u00f6l\/Erdgas - Segen und Fluch f\u00fcr die Menschheit?\",\"isPartOf\":{\"@id\":\"https:\/\/www.pressenza.com\/de\/#website\"},\"primaryImageOfPage\":{\"@id\":\"https:\/\/www.pressenza.com\/de\/2022\/10\/erdoel-erdgas-segen-und-fluch-fuer-die-menschheit\/#primaryimage\"},\"image\":{\"@id\":\"https:\/\/www.pressenza.com\/de\/2022\/10\/erdoel-erdgas-segen-und-fluch-fuer-die-menschheit\/#primaryimage\"},\"thumbnailUrl\":\"https:\/\/www.pressenza.com\/wp-content\/uploads\/2022\/10\/1080px-An_oil_rig_offshore_Vungtau.jpg\",\"datePublished\":\"2022-10-31T15:02:05+00:00\",\"dateModified\":\"2022-11-01T13:26:17+00:00\",\"description\":\"Die Gedanken an unsere Zukunft, an unser Klima f\u00fchren uns ohne Zweifel hin zur F\u00f6rderung des Erd\u00f6ls aus seiner nat\u00fcrlichen Lagerung, sowie an den realen\",\"breadcrumb\":{\"@id\":\"https:\/\/www.pressenza.com\/de\/2022\/10\/erdoel-erdgas-segen-und-fluch-fuer-die-menschheit\/#breadcrumb\"},\"inLanguage\":\"de\",\"potentialAction\":[{\"@type\":\"ReadAction\",\"target\":[\"https:\/\/www.pressenza.com\/de\/2022\/10\/erdoel-erdgas-segen-und-fluch-fuer-die-menschheit\/\"]}]},{\"@type\":\"ImageObject\",\"inLanguage\":\"de\",\"@id\":\"https:\/\/www.pressenza.com\/de\/2022\/10\/erdoel-erdgas-segen-und-fluch-fuer-die-menschheit\/#primaryimage\",\"url\":\"https:\/\/www.pressenza.com\/wp-content\/uploads\/2022\/10\/1080px-An_oil_rig_offshore_Vungtau.jpg\",\"contentUrl\":\"https:\/\/www.pressenza.com\/wp-content\/uploads\/2022\/10\/1080px-An_oil_rig_offshore_Vungtau.jpg\",\"width\":1080,\"height\":720,\"caption\":\"Erd\u00f6lf\u00f6rderung vor der vietnamesischen K\u00fcste (Bild von Genghiskhanviet - Eigenes Werk, Gemeinfrei, wikimedia commons)\"},{\"@type\":\"BreadcrumbList\",\"@id\":\"https:\/\/www.pressenza.com\/de\/2022\/10\/erdoel-erdgas-segen-und-fluch-fuer-die-menschheit\/#breadcrumb\",\"itemListElement\":[{\"@type\":\"ListItem\",\"position\":1,\"name\":\"Accueil\",\"item\":\"https:\/\/www.pressenza.com\/de\/\"},{\"@type\":\"ListItem\",\"position\":2,\"name\":\"Erd\u00f6l\/Erdgas &#8211; Segen und Fluch f\u00fcr die Menschheit?\"}]},{\"@type\":\"WebSite\",\"@id\":\"https:\/\/www.pressenza.com\/de\/#website\",\"url\":\"https:\/\/www.pressenza.com\/de\/\",\"name\":\"Pressenza\",\"description\":\"International Press Agency\",\"publisher\":{\"@id\":\"https:\/\/www.pressenza.com\/de\/#organization\"},\"potentialAction\":[{\"@type\":\"SearchAction\",\"target\":{\"@type\":\"EntryPoint\",\"urlTemplate\":\"https:\/\/www.pressenza.com\/de\/?s={search_term_string}\"},\"query-input\":{\"@type\":\"PropertyValueSpecification\",\"valueRequired\":true,\"valueName\":\"search_term_string\"}}],\"inLanguage\":\"de\"},{\"@type\":\"Organization\",\"@id\":\"https:\/\/www.pressenza.com\/de\/#organization\",\"name\":\"Pressenza\",\"url\":\"https:\/\/www.pressenza.com\/de\/\",\"logo\":{\"@type\":\"ImageObject\",\"inLanguage\":\"de\",\"@id\":\"https:\/\/www.pressenza.com\/de\/#\/schema\/logo\/image\/\",\"url\":\"https:\/\/www.pressenza.com\/wp-content\/uploads\/2022\/10\/pressenza_logo_200x200.jpg\",\"contentUrl\":\"https:\/\/www.pressenza.com\/wp-content\/uploads\/2022\/10\/pressenza_logo_200x200.jpg\",\"width\":200,\"height\":200,\"caption\":\"Pressenza\"},\"image\":{\"@id\":\"https:\/\/www.pressenza.com\/de\/#\/schema\/logo\/image\/\"},\"sameAs\":[\"https:\/\/www.facebook.com\/PressenzaItalia\",\"https:\/\/x.com\/PressenzaIPA\"]},{\"@type\":\"Person\",\"@id\":\"https:\/\/www.pressenza.com\/de\/#\/schema\/person\/e48301baaf10fa4f78dc7566caf225b4\",\"name\":\"G\u00fcnter Buhlke\",\"description\":\"Geboren 1934, Studium an der Humboldtuniversit\u00e4t und der Hochschule f\u00fcr \u00d6konomie Berlin, dipl. Volkswirtschaftler. Internationale Arbeit als Handelsrat in Mexiko und Venezuela. Koordinator f\u00fcr die Wirtschaftsbeziehungen der DDR zu Lateinamerika. Wirtschaftserfahrungen als\u00a0langj\u00e4hriger Leiter des Schweizerischen Instituts f\u00fcr Betriebswirtschaft in Berlin, Vorstand einer Wohnungsgenossenschaft und Referent im Haushaltsausschuss der Volkskammer und des Bundestages. Gegenw\u00e4rtig ehrenamtliche T\u00e4tigkeiten.\",\"url\":\"https:\/\/www.pressenza.com\/de\/author\/guenter-buhlke\/\"}]}<\/script>\n<!-- \/ Yoast SEO plugin. -->","yoast_head_json":{"title":"Erd\u00f6l\/Erdgas - Segen und Fluch f\u00fcr die Menschheit?","description":"Die Gedanken an unsere Zukunft, an unser Klima f\u00fchren uns ohne Zweifel hin zur F\u00f6rderung des Erd\u00f6ls aus seiner nat\u00fcrlichen Lagerung, sowie an den realen","robots":{"index":"index","follow":"follow","max-snippet":"max-snippet:-1","max-image-preview":"max-image-preview:large","max-video-preview":"max-video-preview:-1"},"canonical":"https:\/\/www.pressenza.com\/de\/2022\/10\/erdoel-erdgas-segen-und-fluch-fuer-die-menschheit\/","og_locale":"de_DE","og_type":"article","og_title":"Erd\u00f6l\/Erdgas - Segen und Fluch f\u00fcr die Menschheit?","og_description":"Die Gedanken an unsere Zukunft, an unser Klima f\u00fchren uns ohne Zweifel hin zur F\u00f6rderung des Erd\u00f6ls aus seiner nat\u00fcrlichen Lagerung, sowie an den realen","og_url":"https:\/\/www.pressenza.com\/de\/2022\/10\/erdoel-erdgas-segen-und-fluch-fuer-die-menschheit\/","og_site_name":"Pressenza","article_publisher":"https:\/\/www.facebook.com\/PressenzaItalia","article_published_time":"2022-10-31T15:02:05+00:00","article_modified_time":"2022-11-01T13:26:17+00:00","og_image":[{"width":1080,"height":720,"url":"https:\/\/www.pressenza.com\/wp-content\/uploads\/2022\/10\/1080px-An_oil_rig_offshore_Vungtau.jpg","type":"image\/jpeg"}],"author":"G\u00fcnter Buhlke","twitter_card":"summary_large_image","twitter_creator":"@PressenzaIPA","twitter_site":"@PressenzaIPA","twitter_misc":{"Verfasst von":"G\u00fcnter Buhlke","Gesch\u00e4tzte Lesezeit":"5\u00a0Minuten"},"schema":{"@context":"https:\/\/schema.org","@graph":[{"@type":"Article","@id":"https:\/\/www.pressenza.com\/de\/2022\/10\/erdoel-erdgas-segen-und-fluch-fuer-die-menschheit\/#article","isPartOf":{"@id":"https:\/\/www.pressenza.com\/de\/2022\/10\/erdoel-erdgas-segen-und-fluch-fuer-die-menschheit\/"},"author":{"name":"G\u00fcnter Buhlke","@id":"https:\/\/www.pressenza.com\/de\/#\/schema\/person\/e48301baaf10fa4f78dc7566caf225b4"},"headline":"Erd\u00f6l\/Erdgas &#8211; Segen und Fluch f\u00fcr die Menschheit?","datePublished":"2022-10-31T15:02:05+00:00","dateModified":"2022-11-01T13:26:17+00:00","mainEntityOfPage":{"@id":"https:\/\/www.pressenza.com\/de\/2022\/10\/erdoel-erdgas-segen-und-fluch-fuer-die-menschheit\/"},"wordCount":1069,"publisher":{"@id":"https:\/\/www.pressenza.com\/de\/#organization"},"image":{"@id":"https:\/\/www.pressenza.com\/de\/2022\/10\/erdoel-erdgas-segen-und-fluch-fuer-die-menschheit\/#primaryimage"},"thumbnailUrl":"https:\/\/www.pressenza.com\/wp-content\/uploads\/2022\/10\/1080px-An_oil_rig_offshore_Vungtau.jpg","keywords":["Erdgas","Erd\u00f6l","fossile Energie","Industriel\u00e4nder","Klimakrise","Klimawandel"],"articleSection":["International","Meinungen","\u00d6kologie und Umwelt","Originalinhalt","Wirtschaft"],"inLanguage":"de"},{"@type":"WebPage","@id":"https:\/\/www.pressenza.com\/de\/2022\/10\/erdoel-erdgas-segen-und-fluch-fuer-die-menschheit\/","url":"https:\/\/www.pressenza.com\/de\/2022\/10\/erdoel-erdgas-segen-und-fluch-fuer-die-menschheit\/","name":"Erd\u00f6l\/Erdgas - Segen und Fluch f\u00fcr die Menschheit?","isPartOf":{"@id":"https:\/\/www.pressenza.com\/de\/#website"},"primaryImageOfPage":{"@id":"https:\/\/www.pressenza.com\/de\/2022\/10\/erdoel-erdgas-segen-und-fluch-fuer-die-menschheit\/#primaryimage"},"image":{"@id":"https:\/\/www.pressenza.com\/de\/2022\/10\/erdoel-erdgas-segen-und-fluch-fuer-die-menschheit\/#primaryimage"},"thumbnailUrl":"https:\/\/www.pressenza.com\/wp-content\/uploads\/2022\/10\/1080px-An_oil_rig_offshore_Vungtau.jpg","datePublished":"2022-10-31T15:02:05+00:00","dateModified":"2022-11-01T13:26:17+00:00","description":"Die Gedanken an unsere Zukunft, an unser Klima f\u00fchren uns ohne Zweifel hin zur F\u00f6rderung des Erd\u00f6ls aus seiner nat\u00fcrlichen Lagerung, sowie an den realen","breadcrumb":{"@id":"https:\/\/www.pressenza.com\/de\/2022\/10\/erdoel-erdgas-segen-und-fluch-fuer-die-menschheit\/#breadcrumb"},"inLanguage":"de","potentialAction":[{"@type":"ReadAction","target":["https:\/\/www.pressenza.com\/de\/2022\/10\/erdoel-erdgas-segen-und-fluch-fuer-die-menschheit\/"]}]},{"@type":"ImageObject","inLanguage":"de","@id":"https:\/\/www.pressenza.com\/de\/2022\/10\/erdoel-erdgas-segen-und-fluch-fuer-die-menschheit\/#primaryimage","url":"https:\/\/www.pressenza.com\/wp-content\/uploads\/2022\/10\/1080px-An_oil_rig_offshore_Vungtau.jpg","contentUrl":"https:\/\/www.pressenza.com\/wp-content\/uploads\/2022\/10\/1080px-An_oil_rig_offshore_Vungtau.jpg","width":1080,"height":720,"caption":"Erd\u00f6lf\u00f6rderung vor der vietnamesischen K\u00fcste (Bild von Genghiskhanviet - Eigenes Werk, Gemeinfrei, wikimedia commons)"},{"@type":"BreadcrumbList","@id":"https:\/\/www.pressenza.com\/de\/2022\/10\/erdoel-erdgas-segen-und-fluch-fuer-die-menschheit\/#breadcrumb","itemListElement":[{"@type":"ListItem","position":1,"name":"Accueil","item":"https:\/\/www.pressenza.com\/de\/"},{"@type":"ListItem","position":2,"name":"Erd\u00f6l\/Erdgas &#8211; Segen und Fluch f\u00fcr die Menschheit?"}]},{"@type":"WebSite","@id":"https:\/\/www.pressenza.com\/de\/#website","url":"https:\/\/www.pressenza.com\/de\/","name":"Pressenza","description":"International Press Agency","publisher":{"@id":"https:\/\/www.pressenza.com\/de\/#organization"},"potentialAction":[{"@type":"SearchAction","target":{"@type":"EntryPoint","urlTemplate":"https:\/\/www.pressenza.com\/de\/?s={search_term_string}"},"query-input":{"@type":"PropertyValueSpecification","valueRequired":true,"valueName":"search_term_string"}}],"inLanguage":"de"},{"@type":"Organization","@id":"https:\/\/www.pressenza.com\/de\/#organization","name":"Pressenza","url":"https:\/\/www.pressenza.com\/de\/","logo":{"@type":"ImageObject","inLanguage":"de","@id":"https:\/\/www.pressenza.com\/de\/#\/schema\/logo\/image\/","url":"https:\/\/www.pressenza.com\/wp-content\/uploads\/2022\/10\/pressenza_logo_200x200.jpg","contentUrl":"https:\/\/www.pressenza.com\/wp-content\/uploads\/2022\/10\/pressenza_logo_200x200.jpg","width":200,"height":200,"caption":"Pressenza"},"image":{"@id":"https:\/\/www.pressenza.com\/de\/#\/schema\/logo\/image\/"},"sameAs":["https:\/\/www.facebook.com\/PressenzaItalia","https:\/\/x.com\/PressenzaIPA"]},{"@type":"Person","@id":"https:\/\/www.pressenza.com\/de\/#\/schema\/person\/e48301baaf10fa4f78dc7566caf225b4","name":"G\u00fcnter Buhlke","description":"Geboren 1934, Studium an der Humboldtuniversit\u00e4t und der Hochschule f\u00fcr \u00d6konomie Berlin, dipl. Volkswirtschaftler. Internationale Arbeit als Handelsrat in Mexiko und Venezuela. Koordinator f\u00fcr die Wirtschaftsbeziehungen der DDR zu Lateinamerika. Wirtschaftserfahrungen als\u00a0langj\u00e4hriger Leiter des Schweizerischen Instituts f\u00fcr Betriebswirtschaft in Berlin, Vorstand einer Wohnungsgenossenschaft und Referent im Haushaltsausschuss der Volkskammer und des Bundestages. Gegenw\u00e4rtig ehrenamtliche T\u00e4tigkeiten.","url":"https:\/\/www.pressenza.com\/de\/author\/guenter-buhlke\/"}]}},"place":"","original_article_url":"","_links":{"self":[{"href":"https:\/\/www.pressenza.com\/de\/wp-json\/wp\/v2\/posts\/1690588","targetHints":{"allow":["GET"]}}],"collection":[{"href":"https:\/\/www.pressenza.com\/de\/wp-json\/wp\/v2\/posts"}],"about":[{"href":"https:\/\/www.pressenza.com\/de\/wp-json\/wp\/v2\/types\/post"}],"author":[{"embeddable":true,"href":"https:\/\/www.pressenza.com\/de\/wp-json\/wp\/v2\/users\/1463"}],"replies":[{"embeddable":true,"href":"https:\/\/www.pressenza.com\/de\/wp-json\/wp\/v2\/comments?post=1690588"}],"version-history":[{"count":0,"href":"https:\/\/www.pressenza.com\/de\/wp-json\/wp\/v2\/posts\/1690588\/revisions"}],"wp:featuredmedia":[{"embeddable":true,"href":"https:\/\/www.pressenza.com\/de\/wp-json\/wp\/v2\/media\/1690589"}],"wp:attachment":[{"href":"https:\/\/www.pressenza.com\/de\/wp-json\/wp\/v2\/media?parent=1690588"}],"wp:term":[{"taxonomy":"category","embeddable":true,"href":"https:\/\/www.pressenza.com\/de\/wp-json\/wp\/v2\/categories?post=1690588"},{"taxonomy":"post_tag","embeddable":true,"href":"https:\/\/www.pressenza.com\/de\/wp-json\/wp\/v2\/tags?post=1690588"}],"curies":[{"name":"wp","href":"https:\/\/api.w.org\/{rel}","templated":true}]}}