{"id":1677655,"date":"2022-10-11T11:01:21","date_gmt":"2022-10-11T10:01:21","guid":{"rendered":"https:\/\/www.pressenza.com\/?p=1677655"},"modified":"2022-10-11T11:01:21","modified_gmt":"2022-10-11T10:01:21","slug":"elektrische-luftfahrt-noch-sind-die-batterien-zu-schwer","status":"publish","type":"post","link":"https:\/\/www.pressenza.com\/de\/2022\/10\/elektrische-luftfahrt-noch-sind-die-batterien-zu-schwer\/","title":{"rendered":"Elektrische Luftfahrt: Noch sind die Batterien zu schwer"},"content":{"rendered":"<div class=\"entry-content\">\n<p class=\"author-meta\"><strong>Bald d\u00fcrfte es elektrische Kurzfl\u00fcge geben. Die Luftfahrtsingenieurin G\u00f6k\u00e7in \u00c7\u0131nar im Interview.<\/strong><\/p>\n<p><em>Jo Adetunji f\u00fcr die Online-Zeitung<a href=\"https:\/\/www.infosperber.ch\/umwelt\/boden-raum-verkehr\/elektrische-luftfahrt-noch-sind-die-batterien-zu-schwer\/\"> INFOsperber<\/a><\/em><\/p>\n<\/div>\n<div class=\"entry-content clearfix\">\n<p><em>psi.<\/em>\u00a0<em>Dieses Interview erschien zuerst am 19. September 2022 bei\u00a0<a href=\"https:\/\/theconversation.com\/electric-planes-are-coming-short-hop-regional-flights-could-be-running-on-batteries-in-a-few-years-190098\" target=\"_blank\" rel=\"noreferrer noopener\" data-type=\"URL\" data-id=\"https:\/\/theconversation.com\/electric-planes-are-coming-short-hop-regional-flights-could-be-running-on-batteries-in-a-few-years-190098\">The Conversation.<\/a>\u00a0Infosperber hat es im Rahmen der Creative Commons-Lizenz \u00fcbersetzt.<\/em><\/p>\n<p><em>Elektroflugzeuge m\u00f6gen futuristisch erscheinen, aber zumindest f\u00fcr kurze Strecken d\u00fcrften sie bald eingesetzt werden.<\/em>\u00a0<em>Zweisitzige Velis Electros schwirren bereits leise\u00a0<a href=\"https:\/\/investor.textron.com\/news\/news-releases\/press-release-details\/2022\/Textron-Completes-Acquisition-of-Pipistrel\/default.aspx\" target=\"_blank\" rel=\"noreferrer noopener\" data-type=\"URL\" data-id=\"https:\/\/investor.textron.com\/news\/news-releases\/press-release-details\/2022\/Textron-Completes-Acquisition-of-Pipistrel\/default.aspx\">durch Europa<\/a>,\u00a0<a href=\"https:\/\/harbourair.com\/harbour-air-and-magnix-announce-successful-flight-of-worlds-first-commercial-electric-airplane\/\" target=\"_blank\" rel=\"noreferrer noopener\" data-type=\"URL\" data-id=\"https:\/\/harbourair.com\/harbour-air-and-magnix-announce-successful-flight-of-worlds-first-commercial-electric-airplane\/\">elektrische Wasserflugzeuge<\/a>\u00a0werden in British Columbia getestet, und gr\u00f6ssere Flugzeuge sind im Kommen.\u00a0<a href=\"http:\/\/heartaerospace.com\/heart-aerospace-unveils-new-airplane-design-confirms-air-canada-and-saab-as-new-shareholders\/\" target=\"_blank\" rel=\"noreferrer noopener\" data-type=\"URL\" data-id=\"http:\/\/heartaerospace.com\/heart-aerospace-unveils-new-airplane-design-confirms-air-canada-and-saab-as-new-shareholders\/\">Air Canada\u00a0<\/a>k\u00fcndigte am 15. September 2022 den Kauf von 30 Elektro-Hybrid-Regionalflugzeugen des schwedischen Unternehmens Heart Aerospace an, das sein 30-sitziges Flugzeug bis 2028 in Betrieb nehmen will. Analysten des U.S. National Renewable Energy Lab stellen fest, dass das\u00a0<a href=\"https:\/\/www.nrel.gov\/docs\/fy22osti\/80220.pdf\" target=\"_blank\" rel=\"noreferrer noopener\" data-type=\"URL\" data-id=\"https:\/\/www.nrel.gov\/docs\/fy22osti\/80220.pdf\">erste hybrid-elektrische 50- bis 70-sitzige Pendlerflugzeug\u00a0<\/a>nicht lange danach\u00a0<a href=\"https:\/\/www.electricaviationgroup.com\/electric-flight\/\" target=\"_blank\" rel=\"noreferrer noopener\" data-type=\"URL\" data-id=\"https:\/\/www.electricaviationgroup.com\/electric-flight\/\">fertig sein k\u00f6nnte<\/a>. In den 2030er Jahren, so sagen sie, k\u00f6nnte die elektrische Luftfahrt wirklich abheben.<\/em><\/p>\n<p><em>Etwa 3 Prozent der weltweiten Emissionen stammen heute aus dem Luftverkehr, und da mit dem Bev\u00f6lkerungswachstum mehr Passagiere und Fl\u00fcge erwartet werden, k\u00f6nnte der Luftverkehr bis 2050\u00a0<a href=\"https:\/\/www.nrel.gov\/docs\/fy22osti\/80220.pdf\" target=\"_blank\" rel=\"noreferrer noopener\" data-type=\"URL\" data-id=\"https:\/\/www.nrel.gov\/docs\/fy22osti\/80220.pdf\">drei- bis f\u00fcnfmal\u00a0<\/a>mehr Kohlendioxidemissionen verursachen als vor der COVID-19-Pandemie.<\/em><\/p>\n<p><em>Die Luft- und Raumfahrtingenieurin und Assistenzprofessorin\u00a0<a href=\"https:\/\/scholar.google.com\/citations?user=KIbLE10AAAAJ&amp;hl=en\" target=\"_blank\" rel=\"noreferrer noopener\" data-type=\"URL\" data-id=\"https:\/\/scholar.google.com\/citations?user=KIbLE10AAAAJ&amp;hl=en\">G\u00f6k\u00e7in \u00c7\u0131nar\u00a0<\/a>entwickelt an der University of Michigan nachhaltige Luftfahrtkonzepte, darunter Hybrid-Elektroflugzeuge und Wasserstoff als Kraftstoff. The Conversation befragte sie zu den wichtigsten M\u00f6glichkeiten, die Emissionen in der Luftfahrt zu senken, und zur Entwicklung von Technologien wie Elektrifizierung und Wasserstoff<\/em>.<\/p>\n<p><strong>Warum ist es so schwierig, die Luftfahrt zu elektrifizieren?<\/strong><\/p>\n<p>Flugzeuge geh\u00f6ren zu den komplexesten Fahrzeugen \u00fcberhaupt, aber das gr\u00f6sste Problem bei ihrer Elektrifizierung ist das Gewicht der Batterien.<\/p>\n<p>W\u00fcrde man versuchen, eine 737 mit den heutigen Batterien vollst\u00e4ndig zu elektrifizieren, m\u00fcsste man alle Passagiere und die Fracht herausnehmen und den Platz mit Batterien f\u00fcllen, nur um eine Stunde lang zu fliegen.<\/p>\n<p>Flugzeugtreibstoff kann im Vergleich zu Batterien etwa 50 Mal mehr Energie pro Masseneinheit speichern. Man kann also 1 Pfund Kerosin oder 50 Pfund Batterien verwenden. Um diese L\u00fccke zu schliessen, m\u00fcssen wir entweder Lithium-Ionen-Batterien leichter machen oder neue Batterien entwickeln, die mehr Energie speichern. Neue Batterien werden derzeit entwickelt, sie sind aber noch nicht f\u00fcr Flugzeuge geeignet. Eine elektrische Alternative sind Hybride.<\/p>\n<p>Auch wenn wir vielleicht nicht in der Lage sind, eine 737 vollst\u00e4ndig zu elektrifizieren, k\u00f6nnen wir durch den Einsatz von Hybrid-Antriebssystemen in gr\u00f6sseren Flugzeugen den Treibstoffverbrauch reduzieren. Wir versuchen, dies kurzfristig zu erreichen, mit einem Ziel f\u00fcr 2030\u20132035 f\u00fcr kleinere Regionalflugzeuge. Je weniger Treibstoff w\u00e4hrend des Fluges verbrannt wird, desto weniger Treibhausgasemissionen entstehen.<\/p>\n<p><strong>Wie tr\u00e4gt die Hybridluftfahrt zur Verringerung der Emissionen bei?<\/strong><\/p>\n<p>Hybrid-Elektroflugzeuge sind \u00e4hnlich wie Hybrid-Elektroautos, da sie eine Kombination aus Batterien und Flugkraftstoff verwenden. Das Problem ist, dass es in keiner anderen Branche die Gewichtsbeschr\u00e4nkungen der Luft- und Raumfahrtindustrie gibt. Deshalb m\u00fcssen wir uns sehr genau \u00fcberlegen, wie und in welchem Umfang wir das Antriebssystem hybridisieren.<\/p>\n<p>Der Einsatz von Batterien zur Energieunterst\u00fctzung beim Start und im Steigflug ist eine vielversprechende Option. Das Rollen zur Startbahn mit reinem Elektroantrieb k\u00f6nnte ebenfalls eine betr\u00e4chtliche Menge Treibstoff einsparen und die lokalen Emissionen an Flugh\u00e4fen reduzieren. Es gibt einen kritischen Punkt zwischen dem zus\u00e4tzlichen Gewicht der Batterie und der Menge an Strom, die man verwenden kann, um einen Netto-Kraftstoffvorteil zu erzielen. Dieses Optimierungsproblem steht im Mittelpunkt meiner Forschung.<\/p>\n<p>Hybride w\u00fcrden w\u00e4hrend des Fluges immer noch Treibstoff verbrauchen. Aber es k\u00f6nnte deutlich weniger sein, als wenn man sich ausschliesslich auf Kerosin verliesse.<br \/>\nIch sehe die Hybridisierung als mittelfristige Option f\u00fcr gr\u00f6ssere Jets, aber als kurzfristige L\u00f6sung f\u00fcr Regionalflugzeuge.<\/p>\n<p>In den Jahren 2030 bis 2035 konzentrieren wir uns auf Hybrid-Turboprop-Flugzeuge, typischerweise Regionalflugzeuge mit 50 bis 80 Passagieren oder f\u00fcr den Frachtverkehr. Diese Hybride k\u00f6nnten den Treibstoffverbrauch um etwa 10 Prozent senken.<\/p>\n<p>Mit Elektro-Hybridflugzeugen k\u00f6nnten die Fluggesellschaften auch mehr Regionalflugh\u00e4fen nutzen, wodurch sich die \u00dcberlastung und die Zeit, die gr\u00f6ssere Flugzeuge im Leerlauf auf der Startbahn verbringen, verringern w\u00fcrden.<\/p>\n<p><strong>Was erwarten Sie in n\u00e4chster Zeit von der nachhaltigen Luftfahrt?<\/strong><\/p>\n<p>Kurzfristig werden wir einen verst\u00e4rkten Einsatz nachhaltiger Flugkraftstoffe (SAF) sehen. Bei den heutigen Triebwerken kann man nachhaltigen Flugkraftstoff in denselben Tank kippen und verbrennen. Kraftstoffe aus Mais, Algen, \u00d6lsaaten und anderen Fetten werden bereits verwendet.<\/p>\n<p>Nachhaltige Flugkraftstoffe k\u00f6nnen die Netto-Kohlendioxidemissionen eines Flugzeugs um etwa 80 Prozent reduzieren, aber das Angebot ist begrenzt, und die Verwendung von mehr Biomasse f\u00fcr Kraftstoff k\u00f6nnte mit der Nahrungsmittelproduktion konkurrieren und zur Abholzung von W\u00e4ldern f\u00fchren.<\/p>\n<p>Eine zweite M\u00f6glichkeit ist die Verwendung synthetischer nachhaltiger Flugkraftstoffe, bei der Kohlenstoff aus der Luft oder anderen industriellen Prozessen abgeschieden und mit Wasserstoff synthetisiert wird. Dies ist jedoch ein komplexer und kostspieliger Prozess, der noch nicht in grossem Massstab durchgef\u00fchrt werden kann.<\/p>\n<p>Die Fluggesellschaften k\u00f6nnen ihren Betrieb auch kurzfristig optimieren, zum Beispiel indem sie ihre Flugrouten so planen, dass sie nicht mit fast leeren Flugzeugen fliegen. Auch das kann die Emissionen reduzieren.<\/p>\n<p><strong>Ist Wasserstoff eine Option f\u00fcr die Luftfahrt?<\/strong><\/p>\n<p>Wasserstoff als Kraftstoff gibt es schon sehr lange, und wenn es sich um gr\u00fcnen Wasserstoff handelt \u2013 der mit Wasser und Elektrolyse aus erneuerbaren Energien hergestellt wird \u2013 entsteht kein Kohlendioxid. Ausserdem kann er mehr Energie pro Masseneinheit speichern als Batterien.<\/p>\n<p>Es gibt zwei M\u00f6glichkeiten, Wasserstoff in einem Flugzeug zu verwenden: entweder anstelle von regul\u00e4rem D\u00fcsentreibstoff in einem Triebwerk oder in Kombination mit Sauerstoff zum Betrieb von Wasserstoff-Brennstoffzellen, die dann Strom f\u00fcr den Antrieb des Flugzeugs erzeugen.<\/p>\n<p>Das Problem ist das Volumen \u2013 Wasserstoffgas braucht viel Platz. Deshalb suchen die Ingenieure nach Methoden, wie man ihn sehr k\u00fchl halten kann, damit er als Fl\u00fcssigkeit gespeichert werden kann, bis er als Gas verbrannt wird. Wasserstoff braucht immer noch mehr Platz als Kerosin, und die Lagertanks sind schwer, so dass noch an der Lagerung, Handhabung und Verteilung in Flugzeugen geforscht wird.<\/p>\n<p>Airbus forscht intensiv an der Wasserstoffverbrennung mit modifizierten Gasturbinentriebwerken auf der A380-Plattform und will bis 2025 \u00fcber eine ausgereifte Technologie verf\u00fcgen. Die australische Fluggesellschaft Rex will in den n\u00e4chsten Jahren mit der Erprobung eines 34-sitzigen, wasserstoffelektrischen Flugzeugs f\u00fcr Kurzstrecken beginnen. Aufgrund der Vielfalt der M\u00f6glichkeiten sehe ich Wasserstoffantrieb als eine der Schl\u00fcsseltechnologien f\u00fcr eine nachhaltige Luftfahrt.<\/p>\n<p><strong>Werden diese Technologien in der Lage sein, die Ziele der Luftfahrtindustrie bei der Reduzierung der Emissionen zu erreichen?<\/strong><\/p>\n<p>Das Problem mit den Emissionen im Luftverkehr ist nicht das derzeitige Niveau, sondern die Bef\u00fcrchtung, dass die Emissionen bei steigender Nachfrage rasch zunehmen werden. Bis 2050 k\u00f6nnten die Kohlendioxidemissionen des Luftverkehrs drei- bis f\u00fcnfmal so hoch sein wie vor der Pandemie.<br \/>\nDie Internationale Zivilluftfahrt-Organisation (ICAO), eine Einrichtung der Vereinten Nationen, legt die Ziele der Branche im Allgemeinen fest und pr\u00fcft, was machbar ist und wie der Luftverkehr die Grenzen verschieben kann.<\/p>\n<p>Ihr langfristiges Ziel ist es, die Netto-Kohlendioxidemissionen bis 2050 um 50 Prozent gegen\u00fcber dem Stand von 2005 zu senken. Um dieses Ziel zu erreichen, ist ein Mix aus verschiedenen Technologien und Optimierungen erforderlich. Ich weiss nicht, ob wir dieses Ziel bis 2050 erreichen k\u00f6nnen, aber ich glaube, dass wir alles tun m\u00fcssen, um die Luftfahrt der Zukunft umweltvertr\u00e4glich zu gestalten.<\/p>\n<\/div>\n","protected":false},"excerpt":{"rendered":"<p>Bald d\u00fcrfte es elektrische Kurzfl\u00fcge geben. Die Luftfahrtsingenieurin G\u00f6k\u00e7in \u00c7\u0131nar im Interview. Jo Adetunji f\u00fcr die Online-Zeitung INFOsperber psi.\u00a0Dieses Interview erschien zuerst am 19. September 2022 bei\u00a0The Conversation.\u00a0Infosperber hat es im Rahmen der Creative Commons-Lizenz \u00fcbersetzt. Elektroflugzeuge m\u00f6gen futuristisch erscheinen,&hellip;<\/p>\n","protected":false},"author":1855,"featured_media":1677656,"comment_status":"closed","ping_status":"closed","sticky":false,"template":"","format":"standard","meta":{"footnotes":""},"categories":[9157,9169],"tags":[106371,34973,73024,106370,30244,89016],"class_list":["post-1677655","post","type-post","status-publish","format-standard","has-post-thumbnail","hentry","category-oekologie-und-umwelt","category-wissenschaft-und-technologie","tag-elektroflugzeuge","tag-luftfahrt","tag-technik","tag-treibstoff","tag-umwelt","tag-wasserstoff"],"yoast_head":"<!-- This site is optimized with the Yoast SEO plugin v27.1.1 - https:\/\/yoast.com\/product\/yoast-seo-wordpress\/ -->\n<title>Elektrische Luftfahrt: Noch sind die Batterien zu schwer<\/title>\n<meta name=\"description\" content=\"Bald d\u00fcrfte es elektrische Kurzfl\u00fcge geben. Die Luftfahrtsingenieurin G\u00f6k\u00e7in \u00c7\u0131nar im Interview. Jo Adetunji f\u00fcr die Online-Zeitung INFOsperber\" \/>\n<meta name=\"robots\" content=\"index, follow, max-snippet:-1, max-image-preview:large, max-video-preview:-1\" \/>\n<link rel=\"canonical\" href=\"https:\/\/www.pressenza.com\/de\/2022\/10\/elektrische-luftfahrt-noch-sind-die-batterien-zu-schwer\/\" \/>\n<meta property=\"og:locale\" content=\"de_DE\" \/>\n<meta property=\"og:type\" content=\"article\" \/>\n<meta property=\"og:title\" content=\"Elektrische Luftfahrt: Noch sind die Batterien zu schwer\" \/>\n<meta property=\"og:description\" content=\"Bald d\u00fcrfte es elektrische Kurzfl\u00fcge geben. Die Luftfahrtsingenieurin G\u00f6k\u00e7in \u00c7\u0131nar im Interview. Jo Adetunji f\u00fcr die Online-Zeitung INFOsperber\" \/>\n<meta property=\"og:url\" content=\"https:\/\/www.pressenza.com\/de\/2022\/10\/elektrische-luftfahrt-noch-sind-die-batterien-zu-schwer\/\" \/>\n<meta property=\"og:site_name\" content=\"Pressenza\" \/>\n<meta property=\"article:publisher\" content=\"https:\/\/www.facebook.com\/PressenzaItalia\" \/>\n<meta property=\"article:published_time\" content=\"2022-10-11T10:01:21+00:00\" \/>\n<meta property=\"og:image\" content=\"https:\/\/www.pressenza.com\/wp-content\/uploads\/2022\/10\/Elektroflieger-1024x441.v1-1.jpg\" \/>\n\t<meta property=\"og:image:width\" content=\"1920\" \/>\n\t<meta property=\"og:image:height\" content=\"827\" \/>\n\t<meta property=\"og:image:type\" content=\"image\/jpeg\" \/>\n<meta name=\"author\" content=\"INFOsperber\" \/>\n<meta name=\"twitter:card\" content=\"summary_large_image\" \/>\n<meta name=\"twitter:creator\" content=\"@PressenzaIPA\" \/>\n<meta name=\"twitter:site\" content=\"@PressenzaIPA\" \/>\n<meta name=\"twitter:label1\" content=\"Verfasst von\" \/>\n\t<meta name=\"twitter:data1\" content=\"INFOsperber\" \/>\n\t<meta name=\"twitter:label2\" content=\"Gesch\u00e4tzte Lesezeit\" \/>\n\t<meta name=\"twitter:data2\" content=\"6\u00a0Minuten\" \/>\n<script type=\"application\/ld+json\" class=\"yoast-schema-graph\">{\"@context\":\"https:\/\/schema.org\",\"@graph\":[{\"@type\":\"Article\",\"@id\":\"https:\/\/www.pressenza.com\/de\/2022\/10\/elektrische-luftfahrt-noch-sind-die-batterien-zu-schwer\/#article\",\"isPartOf\":{\"@id\":\"https:\/\/www.pressenza.com\/de\/2022\/10\/elektrische-luftfahrt-noch-sind-die-batterien-zu-schwer\/\"},\"author\":{\"name\":\"INFOsperber\",\"@id\":\"https:\/\/www.pressenza.com\/de\/#\/schema\/person\/77735f6583e3041b31ebc7b93a284357\"},\"headline\":\"Elektrische Luftfahrt: Noch sind die Batterien zu schwer\",\"datePublished\":\"2022-10-11T10:01:21+00:00\",\"mainEntityOfPage\":{\"@id\":\"https:\/\/www.pressenza.com\/de\/2022\/10\/elektrische-luftfahrt-noch-sind-die-batterien-zu-schwer\/\"},\"wordCount\":1191,\"publisher\":{\"@id\":\"https:\/\/www.pressenza.com\/de\/#organization\"},\"image\":{\"@id\":\"https:\/\/www.pressenza.com\/de\/2022\/10\/elektrische-luftfahrt-noch-sind-die-batterien-zu-schwer\/#primaryimage\"},\"thumbnailUrl\":\"https:\/\/www.pressenza.com\/wp-content\/uploads\/2022\/10\/Elektroflieger-1024x441.v1-1.jpg\",\"keywords\":[\"Elektroflugzeuge\",\"Luftfahrt\",\"Technik\",\"Treibstoff\",\"Umwelt\",\"Wasserstoff\"],\"articleSection\":[\"\u00d6kologie und Umwelt\",\"Wissenschaft und Technologie\"],\"inLanguage\":\"de\"},{\"@type\":\"WebPage\",\"@id\":\"https:\/\/www.pressenza.com\/de\/2022\/10\/elektrische-luftfahrt-noch-sind-die-batterien-zu-schwer\/\",\"url\":\"https:\/\/www.pressenza.com\/de\/2022\/10\/elektrische-luftfahrt-noch-sind-die-batterien-zu-schwer\/\",\"name\":\"Elektrische Luftfahrt: Noch sind die Batterien zu schwer\",\"isPartOf\":{\"@id\":\"https:\/\/www.pressenza.com\/de\/#website\"},\"primaryImageOfPage\":{\"@id\":\"https:\/\/www.pressenza.com\/de\/2022\/10\/elektrische-luftfahrt-noch-sind-die-batterien-zu-schwer\/#primaryimage\"},\"image\":{\"@id\":\"https:\/\/www.pressenza.com\/de\/2022\/10\/elektrische-luftfahrt-noch-sind-die-batterien-zu-schwer\/#primaryimage\"},\"thumbnailUrl\":\"https:\/\/www.pressenza.com\/wp-content\/uploads\/2022\/10\/Elektroflieger-1024x441.v1-1.jpg\",\"datePublished\":\"2022-10-11T10:01:21+00:00\",\"description\":\"Bald d\u00fcrfte es elektrische Kurzfl\u00fcge geben. Die Luftfahrtsingenieurin G\u00f6k\u00e7in \u00c7\u0131nar im Interview. Jo Adetunji f\u00fcr die Online-Zeitung INFOsperber\",\"breadcrumb\":{\"@id\":\"https:\/\/www.pressenza.com\/de\/2022\/10\/elektrische-luftfahrt-noch-sind-die-batterien-zu-schwer\/#breadcrumb\"},\"inLanguage\":\"de\",\"potentialAction\":[{\"@type\":\"ReadAction\",\"target\":[\"https:\/\/www.pressenza.com\/de\/2022\/10\/elektrische-luftfahrt-noch-sind-die-batterien-zu-schwer\/\"]}]},{\"@type\":\"ImageObject\",\"inLanguage\":\"de\",\"@id\":\"https:\/\/www.pressenza.com\/de\/2022\/10\/elektrische-luftfahrt-noch-sind-die-batterien-zu-schwer\/#primaryimage\",\"url\":\"https:\/\/www.pressenza.com\/wp-content\/uploads\/2022\/10\/Elektroflieger-1024x441.v1-1.jpg\",\"contentUrl\":\"https:\/\/www.pressenza.com\/wp-content\/uploads\/2022\/10\/Elektroflieger-1024x441.v1-1.jpg\",\"width\":1920,\"height\":827},{\"@type\":\"BreadcrumbList\",\"@id\":\"https:\/\/www.pressenza.com\/de\/2022\/10\/elektrische-luftfahrt-noch-sind-die-batterien-zu-schwer\/#breadcrumb\",\"itemListElement\":[{\"@type\":\"ListItem\",\"position\":1,\"name\":\"Accueil\",\"item\":\"https:\/\/www.pressenza.com\/de\/\"},{\"@type\":\"ListItem\",\"position\":2,\"name\":\"Elektrische Luftfahrt: Noch sind die Batterien zu schwer\"}]},{\"@type\":\"WebSite\",\"@id\":\"https:\/\/www.pressenza.com\/de\/#website\",\"url\":\"https:\/\/www.pressenza.com\/de\/\",\"name\":\"Pressenza\",\"description\":\"International Press Agency\",\"publisher\":{\"@id\":\"https:\/\/www.pressenza.com\/de\/#organization\"},\"potentialAction\":[{\"@type\":\"SearchAction\",\"target\":{\"@type\":\"EntryPoint\",\"urlTemplate\":\"https:\/\/www.pressenza.com\/de\/?s={search_term_string}\"},\"query-input\":{\"@type\":\"PropertyValueSpecification\",\"valueRequired\":true,\"valueName\":\"search_term_string\"}}],\"inLanguage\":\"de\"},{\"@type\":\"Organization\",\"@id\":\"https:\/\/www.pressenza.com\/de\/#organization\",\"name\":\"Pressenza\",\"url\":\"https:\/\/www.pressenza.com\/de\/\",\"logo\":{\"@type\":\"ImageObject\",\"inLanguage\":\"de\",\"@id\":\"https:\/\/www.pressenza.com\/de\/#\/schema\/logo\/image\/\",\"url\":\"https:\/\/www.pressenza.com\/wp-content\/uploads\/2022\/10\/pressenza_logo_200x200.jpg\",\"contentUrl\":\"https:\/\/www.pressenza.com\/wp-content\/uploads\/2022\/10\/pressenza_logo_200x200.jpg\",\"width\":200,\"height\":200,\"caption\":\"Pressenza\"},\"image\":{\"@id\":\"https:\/\/www.pressenza.com\/de\/#\/schema\/logo\/image\/\"},\"sameAs\":[\"https:\/\/www.facebook.com\/PressenzaItalia\",\"https:\/\/x.com\/PressenzaIPA\"]},{\"@type\":\"Person\",\"@id\":\"https:\/\/www.pressenza.com\/de\/#\/schema\/person\/77735f6583e3041b31ebc7b93a284357\",\"name\":\"INFOsperber\",\"description\":\"Infosperber.ch - sieht, was andere \u00fcbersehen Die Schweizer Internet-Zeitung richtet sich an Entscheidungstr\u00e4ger in Gesellschaft, Wirtschaft und Politik sowie alle, die erg\u00e4nzende Informationen zu den grossen Medien suchen. Infosperber will die grossen Informations-Medien nicht konkurrenzieren, sondern diese erg\u00e4nzen. \u00a9 Das Weiterverbreiten s\u00e4mtlicher auf dem gemeinn\u00fctzigen Portal www.infosperber.ch enthaltenen Texte ist ohne Kostenfolge erlaubt, sofern die Texte integral ohne K\u00fcrzung und mit Quellenangaben (Autor und \u00abInfosperber\u00bb) verbreitet werden. Bei einer Online-Nutzung ist die Quellenangabe m\u00f6glichst schon am Anfang des Artikels mit einem Link auf infosperber.ch zu versehen. F\u00fcr das Verbreiten von gek\u00fcrzten oder abge\u00e4nderten Texten ist das schriftliche Einverst\u00e4ndnis der AutorInnen erforderlich.\",\"sameAs\":[\"https:\/\/www.infosperber.ch\/\"],\"url\":\"https:\/\/www.pressenza.com\/de\/author\/infosperber\/\"}]}<\/script>\n<!-- \/ Yoast SEO plugin. -->","yoast_head_json":{"title":"Elektrische Luftfahrt: Noch sind die Batterien zu schwer","description":"Bald d\u00fcrfte es elektrische Kurzfl\u00fcge geben. Die Luftfahrtsingenieurin G\u00f6k\u00e7in \u00c7\u0131nar im Interview. Jo Adetunji f\u00fcr die Online-Zeitung INFOsperber","robots":{"index":"index","follow":"follow","max-snippet":"max-snippet:-1","max-image-preview":"max-image-preview:large","max-video-preview":"max-video-preview:-1"},"canonical":"https:\/\/www.pressenza.com\/de\/2022\/10\/elektrische-luftfahrt-noch-sind-die-batterien-zu-schwer\/","og_locale":"de_DE","og_type":"article","og_title":"Elektrische Luftfahrt: Noch sind die Batterien zu schwer","og_description":"Bald d\u00fcrfte es elektrische Kurzfl\u00fcge geben. Die Luftfahrtsingenieurin G\u00f6k\u00e7in \u00c7\u0131nar im Interview. Jo Adetunji f\u00fcr die Online-Zeitung INFOsperber","og_url":"https:\/\/www.pressenza.com\/de\/2022\/10\/elektrische-luftfahrt-noch-sind-die-batterien-zu-schwer\/","og_site_name":"Pressenza","article_publisher":"https:\/\/www.facebook.com\/PressenzaItalia","article_published_time":"2022-10-11T10:01:21+00:00","og_image":[{"width":1920,"height":827,"url":"https:\/\/www.pressenza.com\/wp-content\/uploads\/2022\/10\/Elektroflieger-1024x441.v1-1.jpg","type":"image\/jpeg"}],"author":"INFOsperber","twitter_card":"summary_large_image","twitter_creator":"@PressenzaIPA","twitter_site":"@PressenzaIPA","twitter_misc":{"Verfasst von":"INFOsperber","Gesch\u00e4tzte Lesezeit":"6\u00a0Minuten"},"schema":{"@context":"https:\/\/schema.org","@graph":[{"@type":"Article","@id":"https:\/\/www.pressenza.com\/de\/2022\/10\/elektrische-luftfahrt-noch-sind-die-batterien-zu-schwer\/#article","isPartOf":{"@id":"https:\/\/www.pressenza.com\/de\/2022\/10\/elektrische-luftfahrt-noch-sind-die-batterien-zu-schwer\/"},"author":{"name":"INFOsperber","@id":"https:\/\/www.pressenza.com\/de\/#\/schema\/person\/77735f6583e3041b31ebc7b93a284357"},"headline":"Elektrische Luftfahrt: Noch sind die Batterien zu schwer","datePublished":"2022-10-11T10:01:21+00:00","mainEntityOfPage":{"@id":"https:\/\/www.pressenza.com\/de\/2022\/10\/elektrische-luftfahrt-noch-sind-die-batterien-zu-schwer\/"},"wordCount":1191,"publisher":{"@id":"https:\/\/www.pressenza.com\/de\/#organization"},"image":{"@id":"https:\/\/www.pressenza.com\/de\/2022\/10\/elektrische-luftfahrt-noch-sind-die-batterien-zu-schwer\/#primaryimage"},"thumbnailUrl":"https:\/\/www.pressenza.com\/wp-content\/uploads\/2022\/10\/Elektroflieger-1024x441.v1-1.jpg","keywords":["Elektroflugzeuge","Luftfahrt","Technik","Treibstoff","Umwelt","Wasserstoff"],"articleSection":["\u00d6kologie und Umwelt","Wissenschaft und Technologie"],"inLanguage":"de"},{"@type":"WebPage","@id":"https:\/\/www.pressenza.com\/de\/2022\/10\/elektrische-luftfahrt-noch-sind-die-batterien-zu-schwer\/","url":"https:\/\/www.pressenza.com\/de\/2022\/10\/elektrische-luftfahrt-noch-sind-die-batterien-zu-schwer\/","name":"Elektrische Luftfahrt: Noch sind die Batterien zu schwer","isPartOf":{"@id":"https:\/\/www.pressenza.com\/de\/#website"},"primaryImageOfPage":{"@id":"https:\/\/www.pressenza.com\/de\/2022\/10\/elektrische-luftfahrt-noch-sind-die-batterien-zu-schwer\/#primaryimage"},"image":{"@id":"https:\/\/www.pressenza.com\/de\/2022\/10\/elektrische-luftfahrt-noch-sind-die-batterien-zu-schwer\/#primaryimage"},"thumbnailUrl":"https:\/\/www.pressenza.com\/wp-content\/uploads\/2022\/10\/Elektroflieger-1024x441.v1-1.jpg","datePublished":"2022-10-11T10:01:21+00:00","description":"Bald d\u00fcrfte es elektrische Kurzfl\u00fcge geben. Die Luftfahrtsingenieurin G\u00f6k\u00e7in \u00c7\u0131nar im Interview. Jo Adetunji f\u00fcr die Online-Zeitung INFOsperber","breadcrumb":{"@id":"https:\/\/www.pressenza.com\/de\/2022\/10\/elektrische-luftfahrt-noch-sind-die-batterien-zu-schwer\/#breadcrumb"},"inLanguage":"de","potentialAction":[{"@type":"ReadAction","target":["https:\/\/www.pressenza.com\/de\/2022\/10\/elektrische-luftfahrt-noch-sind-die-batterien-zu-schwer\/"]}]},{"@type":"ImageObject","inLanguage":"de","@id":"https:\/\/www.pressenza.com\/de\/2022\/10\/elektrische-luftfahrt-noch-sind-die-batterien-zu-schwer\/#primaryimage","url":"https:\/\/www.pressenza.com\/wp-content\/uploads\/2022\/10\/Elektroflieger-1024x441.v1-1.jpg","contentUrl":"https:\/\/www.pressenza.com\/wp-content\/uploads\/2022\/10\/Elektroflieger-1024x441.v1-1.jpg","width":1920,"height":827},{"@type":"BreadcrumbList","@id":"https:\/\/www.pressenza.com\/de\/2022\/10\/elektrische-luftfahrt-noch-sind-die-batterien-zu-schwer\/#breadcrumb","itemListElement":[{"@type":"ListItem","position":1,"name":"Accueil","item":"https:\/\/www.pressenza.com\/de\/"},{"@type":"ListItem","position":2,"name":"Elektrische Luftfahrt: Noch sind die Batterien zu schwer"}]},{"@type":"WebSite","@id":"https:\/\/www.pressenza.com\/de\/#website","url":"https:\/\/www.pressenza.com\/de\/","name":"Pressenza","description":"International Press Agency","publisher":{"@id":"https:\/\/www.pressenza.com\/de\/#organization"},"potentialAction":[{"@type":"SearchAction","target":{"@type":"EntryPoint","urlTemplate":"https:\/\/www.pressenza.com\/de\/?s={search_term_string}"},"query-input":{"@type":"PropertyValueSpecification","valueRequired":true,"valueName":"search_term_string"}}],"inLanguage":"de"},{"@type":"Organization","@id":"https:\/\/www.pressenza.com\/de\/#organization","name":"Pressenza","url":"https:\/\/www.pressenza.com\/de\/","logo":{"@type":"ImageObject","inLanguage":"de","@id":"https:\/\/www.pressenza.com\/de\/#\/schema\/logo\/image\/","url":"https:\/\/www.pressenza.com\/wp-content\/uploads\/2022\/10\/pressenza_logo_200x200.jpg","contentUrl":"https:\/\/www.pressenza.com\/wp-content\/uploads\/2022\/10\/pressenza_logo_200x200.jpg","width":200,"height":200,"caption":"Pressenza"},"image":{"@id":"https:\/\/www.pressenza.com\/de\/#\/schema\/logo\/image\/"},"sameAs":["https:\/\/www.facebook.com\/PressenzaItalia","https:\/\/x.com\/PressenzaIPA"]},{"@type":"Person","@id":"https:\/\/www.pressenza.com\/de\/#\/schema\/person\/77735f6583e3041b31ebc7b93a284357","name":"INFOsperber","description":"Infosperber.ch - sieht, was andere \u00fcbersehen Die Schweizer Internet-Zeitung richtet sich an Entscheidungstr\u00e4ger in Gesellschaft, Wirtschaft und Politik sowie alle, die erg\u00e4nzende Informationen zu den grossen Medien suchen. Infosperber will die grossen Informations-Medien nicht konkurrenzieren, sondern diese erg\u00e4nzen. \u00a9 Das Weiterverbreiten s\u00e4mtlicher auf dem gemeinn\u00fctzigen Portal www.infosperber.ch enthaltenen Texte ist ohne Kostenfolge erlaubt, sofern die Texte integral ohne K\u00fcrzung und mit Quellenangaben (Autor und \u00abInfosperber\u00bb) verbreitet werden. Bei einer Online-Nutzung ist die Quellenangabe m\u00f6glichst schon am Anfang des Artikels mit einem Link auf infosperber.ch zu versehen. F\u00fcr das Verbreiten von gek\u00fcrzten oder abge\u00e4nderten Texten ist das schriftliche Einverst\u00e4ndnis der AutorInnen erforderlich.","sameAs":["https:\/\/www.infosperber.ch\/"],"url":"https:\/\/www.pressenza.com\/de\/author\/infosperber\/"}]}},"place":"","original_article_url":"","_links":{"self":[{"href":"https:\/\/www.pressenza.com\/de\/wp-json\/wp\/v2\/posts\/1677655","targetHints":{"allow":["GET"]}}],"collection":[{"href":"https:\/\/www.pressenza.com\/de\/wp-json\/wp\/v2\/posts"}],"about":[{"href":"https:\/\/www.pressenza.com\/de\/wp-json\/wp\/v2\/types\/post"}],"author":[{"embeddable":true,"href":"https:\/\/www.pressenza.com\/de\/wp-json\/wp\/v2\/users\/1855"}],"replies":[{"embeddable":true,"href":"https:\/\/www.pressenza.com\/de\/wp-json\/wp\/v2\/comments?post=1677655"}],"version-history":[{"count":0,"href":"https:\/\/www.pressenza.com\/de\/wp-json\/wp\/v2\/posts\/1677655\/revisions"}],"wp:featuredmedia":[{"embeddable":true,"href":"https:\/\/www.pressenza.com\/de\/wp-json\/wp\/v2\/media\/1677656"}],"wp:attachment":[{"href":"https:\/\/www.pressenza.com\/de\/wp-json\/wp\/v2\/media?parent=1677655"}],"wp:term":[{"taxonomy":"category","embeddable":true,"href":"https:\/\/www.pressenza.com\/de\/wp-json\/wp\/v2\/categories?post=1677655"},{"taxonomy":"post_tag","embeddable":true,"href":"https:\/\/www.pressenza.com\/de\/wp-json\/wp\/v2\/tags?post=1677655"}],"curies":[{"name":"wp","href":"https:\/\/api.w.org\/{rel}","templated":true}]}}