{"id":1668263,"date":"2022-09-27T16:15:16","date_gmt":"2022-09-27T15:15:16","guid":{"rendered":"https:\/\/www.pressenza.com\/?p=1668263"},"modified":"2022-09-27T16:15:16","modified_gmt":"2022-09-27T15:15:16","slug":"heisser-herbst-von-links-solidarisch-entschlossen-gegen-die-krisen-des-kapitals","status":"publish","type":"post","link":"https:\/\/www.pressenza.com\/de\/2022\/09\/heisser-herbst-von-links-solidarisch-entschlossen-gegen-die-krisen-des-kapitals\/","title":{"rendered":"Heisser Herbst von links \u2013 solidarisch entschlossen gegen die Krisen des Kapitals!"},"content":{"rendered":"<p><strong>Nach dem erfolgreichen <a href=\"https:\/\/gewerkschaftliche-linke-berlin.de\/?p=13435\" target=\"_blank\" rel=\"noopener\">Warmlaufen vor FDP und Gr\u00fcnen Zentrale<\/a> geht es am 3. Oktober weiter in den heissen Herbst von links -solidarisch entschlossen gegen die Krisen des Kapitals. Genug ist Genug! &#8222;Heizung, Brot &amp; Frieden!&#8220;\u00a0<\/strong><\/p>\n<h3><strong>&#8222;Demonstrieren statt Frieren&#8220; am 03. Oktober, 13 Uhr, Potsdamer Platz in Berlin<\/strong><\/h3>\n<p><em>Hier weitere Details und der <a href=\"https:\/\/heizung-brot-und-frieden.de\/\">Aufruf des B\u00fcndnisses Heizung, Brot und Frieden <\/a>zur Demonstration!<\/em><\/p>\n<p>Wer die gegenw\u00e4rtige neoliberale Politik nicht entschieden ablehnt und sich nicht links zusammenschlie\u00dft, treibt die Menschen in die Arme rechter Rattenf\u00e4nger. Links sein hei\u00dft, sich mit Regierungsma\u00dfnahmen, die wie Gleitcreme gegen die Verarmung wirken, nicht abzufinden. Links sein hei\u00dft, die Menschen zum Kampf f\u00fcr die Durchsetzung ihrer sozialen Interessen gegen die dazu kontr\u00e4r stehenden Kaptalinteressen zu ermutigen. Hinter der Fassade der konzertierten Aktion steht als harte Realit\u00e4t das Nulllohnangebot der Metallarbeitgeber. Links sein hei\u00dft, solidarisch mit den Schwachen sowohl im eigenen Land als auch international insbesondere mit den L\u00e4ndern des S\u00fcdens. Links sein heisst aber auch zu wissen, im Miteinander aller Nationalit\u00e4ten, gemeinsam als Mann und Frau k\u00f6nnen die Arbeitenden in den Fabriken und Arbeitsnetzen eine sp\u00fcrbare Gegenmacht entfalten. Neben dem breiten Protest auf der Stra\u00dfe kommt es entscheidend darauf an, dass in den anstehenden Lohnk\u00e4mpfen nachhaltige sockelwirksame Lohnerh\u00f6hungen durchgesetzt werden. Links sein hei\u00dft schlie\u00dflich , sich mit keiner einzigen Kapitalfraktion, sei es national oder international ins Bett zu legen, sich in keinem Fall in deren Konkurrenzk\u00e4mpfe verwickeln zu lassen und sich schon gar nicht von wem auch immer vor den Karren ihrer Hegemonialanspr\u00fcche, ihrer Konfrontationspolitik von <a href=\"https:\/\/gewerkschaftliche-linke-berlin.de\/?p=13718\" target=\"_blank\" rel=\"noopener\">Sanktionen<\/a> \u00fcber Hochr\u00fcstung bis zum heissen Krieg spannen zu lassen. Wer solches als &#8222;rechts nah&#8220; diffamiert, weil Rechte und Faschisten die aufkommende Wut im Land zu instrumentalisieren versuchen &#8211; aber eben mit total gegenteiligen Zielsetzungen -, betreibt ein durchsichtiges Spiel, dem wir alle eine deutliche Absage erteilen m\u00fcssen.<\/p>\n<p>&#8222;Forum Gewerkschaftliche Linke Berlin&#8220; und der Arbeitskreis Internationalismus IG Metall Berlin sowie weitere mit uns verbundene Gewerkschafter rufen auf, zur Demonstration am 3.10. in Berlin zu kommen und das B\u00fcndnis &#8222;Heizung, Brot &amp; Frieden&#8220; zu st\u00e4rken, aber auch andere Berliner Initiativen zum Kampf gegen die Abw\u00e4lzung kapitalistischer Krisen zu unterst\u00fctzen und sich breit zusammenzuschlie\u00dfen.<\/p>\n<p>Es kommt wahrscheinlich kn\u00fcppeldick. Soziale und wirtschaftliche Krisen, hochgeschraubt durch Konfrontations- und Kriegseskalation, Klimakollaps und Gesundheitskrise begleitet von Rechtsruck und Demokratieabbau. Wir k\u00f6nnen nur erfolgreich sein, wenn wir Alle Bewegungen unterst\u00fctzen. Auch das ist links. Wer ein Problem wegleugnet, schneidet sich in den eigenen Finger.<\/p>\n<p>AFD und Rechtsextreme Gruppierungen versuchen am 8.Oktober durch einen Aufmarsch in Berlin die existenziellen Sorgen vieler Menschen f\u00fcr ihre spalterische Politik zu missbrauchen. Wir rufen auf, sich breit an den <a href=\"https:\/\/www.aufstehen-gegen-rassismus.de\/aktuelles\/noafd-berlin-2022-10\/\" target=\"_blank\" rel=\"noopener\">Gegenprotesten zu beteiligen<\/a>, <strong>13 Uhr<\/strong> an der Reichstagswiese, <strong>Heinrich-von-Gagern-Stra\u00dfe<\/strong> (U Bundestag)<\/p>\n<p><strong>Energie und Essen f\u00fcr Alle! <\/strong><\/p>\n<ul>\n<li>Weg mit der unsozialen Gasumlage<\/li>\n<li>Lebensmittelpreise runter, L\u00f6hne und Einkommen rauf!<\/li>\n<li>Gesetzliche Deckelung der Gas- und Strompreise!<\/li>\n<li>Krisengewinne besteuern!<\/li>\n<li>Energiewirtschaft in \u00f6ffentliche Hand!<\/li>\n<\/ul>\n<blockquote>\n<h3><strong>Schluss mit der Eskalation &#8211; die Waffen niede<\/strong>r!<\/h3>\n<\/blockquote>\n","protected":false},"excerpt":{"rendered":"<p>Nach dem erfolgreichen Warmlaufen vor FDP und Gr\u00fcnen Zentrale geht es am 3. Oktober weiter in den heissen Herbst von links -solidarisch entschlossen gegen die Krisen des Kapitals. Genug ist Genug! &#8222;Heizung, Brot &amp; Frieden!&#8220;\u00a0 &#8222;Demonstrieren statt Frieren&#8220; am 03.&hellip;<\/p>\n","protected":false},"author":2181,"featured_media":1668265,"comment_status":"closed","ping_status":"closed","sticky":false,"template":"","format":"standard","meta":{"footnotes":""},"categories":[9150,9167,9168,9145],"tags":[96133,28798,91309,25213,102464,105164,59988],"class_list":["post-1668263","post","type-post","status-publish","format-standard","has-post-thumbnail","hentry","category-europa-de","category-frieden-und-abruestung","category-politik","category-pressemitteilungen","tag-energiekrise","tag-friedenspolitik","tag-inflation-de","tag-neoliberalismus","tag-preissteigerung","tag-protestkundgebung","tag-spekulation"],"yoast_head":"<!-- This site is optimized with the Yoast SEO plugin v27.1.1 - https:\/\/yoast.com\/product\/yoast-seo-wordpress\/ -->\n<title>Heisser Herbst von links \u2013 solidarisch entschlossen gegen die Krisen des Kapitals!<\/title>\n<meta name=\"description\" content=\"Nach dem erfolgreichen Warmlaufen vor FDP und Gr\u00fcnen Zentrale geht es am 3. Oktober weiter in den heissen Herbst von links -solidarisch entschlossen gegen\" \/>\n<meta name=\"robots\" content=\"index, follow, max-snippet:-1, max-image-preview:large, max-video-preview:-1\" \/>\n<link rel=\"canonical\" href=\"https:\/\/www.pressenza.com\/de\/2022\/09\/heisser-herbst-von-links-solidarisch-entschlossen-gegen-die-krisen-des-kapitals\/\" \/>\n<meta property=\"og:locale\" content=\"de_DE\" \/>\n<meta property=\"og:type\" content=\"article\" \/>\n<meta property=\"og:title\" content=\"Heisser Herbst von links \u2013 solidarisch entschlossen gegen die Krisen des Kapitals!\" \/>\n<meta property=\"og:description\" content=\"Nach dem erfolgreichen Warmlaufen vor FDP und Gr\u00fcnen Zentrale geht es am 3. Oktober weiter in den heissen Herbst von links -solidarisch entschlossen gegen\" \/>\n<meta property=\"og:url\" content=\"https:\/\/www.pressenza.com\/de\/2022\/09\/heisser-herbst-von-links-solidarisch-entschlossen-gegen-die-krisen-des-kapitals\/\" \/>\n<meta property=\"og:site_name\" content=\"Pressenza\" \/>\n<meta property=\"article:publisher\" content=\"https:\/\/www.facebook.com\/PressenzaItalia\" \/>\n<meta property=\"article:published_time\" content=\"2022-09-27T15:15:16+00:00\" \/>\n<meta property=\"og:image\" content=\"https:\/\/www.pressenza.com\/wp-content\/uploads\/2022\/09\/brot-und-aufruf-3_10_22.jpg\" \/>\n\t<meta property=\"og:image:width\" content=\"1500\" \/>\n\t<meta property=\"og:image:height\" content=\"570\" \/>\n\t<meta property=\"og:image:type\" content=\"image\/jpeg\" \/>\n<meta name=\"author\" content=\"Forum Gewerkschaftliche Linke Berlin\" \/>\n<meta name=\"twitter:card\" content=\"summary_large_image\" \/>\n<meta name=\"twitter:creator\" content=\"@PressenzaIPA\" \/>\n<meta name=\"twitter:site\" content=\"@PressenzaIPA\" \/>\n<meta name=\"twitter:label1\" content=\"Verfasst von\" \/>\n\t<meta name=\"twitter:data1\" content=\"Forum Gewerkschaftliche Linke Berlin\" \/>\n\t<meta name=\"twitter:label2\" content=\"Gesch\u00e4tzte Lesezeit\" \/>\n\t<meta name=\"twitter:data2\" content=\"3\u00a0Minuten\" \/>\n<script type=\"application\/ld+json\" class=\"yoast-schema-graph\">{\"@context\":\"https:\/\/schema.org\",\"@graph\":[{\"@type\":\"Article\",\"@id\":\"https:\/\/www.pressenza.com\/de\/2022\/09\/heisser-herbst-von-links-solidarisch-entschlossen-gegen-die-krisen-des-kapitals\/#article\",\"isPartOf\":{\"@id\":\"https:\/\/www.pressenza.com\/de\/2022\/09\/heisser-herbst-von-links-solidarisch-entschlossen-gegen-die-krisen-des-kapitals\/\"},\"author\":{\"name\":\"Forum Gewerkschaftliche Linke Berlin\",\"@id\":\"https:\/\/www.pressenza.com\/de\/#\/schema\/person\/ff43d0b44021bc5d26198176a46ae147\"},\"headline\":\"Heisser Herbst von links \u2013 solidarisch entschlossen gegen die Krisen des Kapitals!\",\"datePublished\":\"2022-09-27T15:15:16+00:00\",\"mainEntityOfPage\":{\"@id\":\"https:\/\/www.pressenza.com\/de\/2022\/09\/heisser-herbst-von-links-solidarisch-entschlossen-gegen-die-krisen-des-kapitals\/\"},\"wordCount\":515,\"publisher\":{\"@id\":\"https:\/\/www.pressenza.com\/de\/#organization\"},\"image\":{\"@id\":\"https:\/\/www.pressenza.com\/de\/2022\/09\/heisser-herbst-von-links-solidarisch-entschlossen-gegen-die-krisen-des-kapitals\/#primaryimage\"},\"thumbnailUrl\":\"https:\/\/www.pressenza.com\/wp-content\/uploads\/2022\/09\/brot-und-aufruf-3_10_22.jpg\",\"keywords\":[\"Energiekrise\",\"Friedenspolitik\",\"inflation\",\"Neoliberalismus\",\"Preissteigerung\",\"Protestkundgebung\",\"Spekulation\"],\"articleSection\":[\"Europa\",\"Frieden und Abr\u00fcstung\",\"Politik\",\"Pressemitteilungen\"],\"inLanguage\":\"de\"},{\"@type\":\"WebPage\",\"@id\":\"https:\/\/www.pressenza.com\/de\/2022\/09\/heisser-herbst-von-links-solidarisch-entschlossen-gegen-die-krisen-des-kapitals\/\",\"url\":\"https:\/\/www.pressenza.com\/de\/2022\/09\/heisser-herbst-von-links-solidarisch-entschlossen-gegen-die-krisen-des-kapitals\/\",\"name\":\"Heisser Herbst von links \u2013 solidarisch entschlossen gegen die Krisen des Kapitals!\",\"isPartOf\":{\"@id\":\"https:\/\/www.pressenza.com\/de\/#website\"},\"primaryImageOfPage\":{\"@id\":\"https:\/\/www.pressenza.com\/de\/2022\/09\/heisser-herbst-von-links-solidarisch-entschlossen-gegen-die-krisen-des-kapitals\/#primaryimage\"},\"image\":{\"@id\":\"https:\/\/www.pressenza.com\/de\/2022\/09\/heisser-herbst-von-links-solidarisch-entschlossen-gegen-die-krisen-des-kapitals\/#primaryimage\"},\"thumbnailUrl\":\"https:\/\/www.pressenza.com\/wp-content\/uploads\/2022\/09\/brot-und-aufruf-3_10_22.jpg\",\"datePublished\":\"2022-09-27T15:15:16+00:00\",\"description\":\"Nach dem erfolgreichen Warmlaufen vor FDP und Gr\u00fcnen Zentrale geht es am 3. Oktober weiter in den heissen Herbst von links -solidarisch entschlossen gegen\",\"breadcrumb\":{\"@id\":\"https:\/\/www.pressenza.com\/de\/2022\/09\/heisser-herbst-von-links-solidarisch-entschlossen-gegen-die-krisen-des-kapitals\/#breadcrumb\"},\"inLanguage\":\"de\",\"potentialAction\":[{\"@type\":\"ReadAction\",\"target\":[\"https:\/\/www.pressenza.com\/de\/2022\/09\/heisser-herbst-von-links-solidarisch-entschlossen-gegen-die-krisen-des-kapitals\/\"]}]},{\"@type\":\"ImageObject\",\"inLanguage\":\"de\",\"@id\":\"https:\/\/www.pressenza.com\/de\/2022\/09\/heisser-herbst-von-links-solidarisch-entschlossen-gegen-die-krisen-des-kapitals\/#primaryimage\",\"url\":\"https:\/\/www.pressenza.com\/wp-content\/uploads\/2022\/09\/brot-und-aufruf-3_10_22.jpg\",\"contentUrl\":\"https:\/\/www.pressenza.com\/wp-content\/uploads\/2022\/09\/brot-und-aufruf-3_10_22.jpg\",\"width\":1500,\"height\":570,\"caption\":\"Heisser Herbst von links \u2013 solidarisch entschlossen gegen die Krisen des Kapitals!\"},{\"@type\":\"BreadcrumbList\",\"@id\":\"https:\/\/www.pressenza.com\/de\/2022\/09\/heisser-herbst-von-links-solidarisch-entschlossen-gegen-die-krisen-des-kapitals\/#breadcrumb\",\"itemListElement\":[{\"@type\":\"ListItem\",\"position\":1,\"name\":\"Accueil\",\"item\":\"https:\/\/www.pressenza.com\/de\/\"},{\"@type\":\"ListItem\",\"position\":2,\"name\":\"Heisser Herbst von links \u2013 solidarisch entschlossen gegen die Krisen des Kapitals!\"}]},{\"@type\":\"WebSite\",\"@id\":\"https:\/\/www.pressenza.com\/de\/#website\",\"url\":\"https:\/\/www.pressenza.com\/de\/\",\"name\":\"Pressenza\",\"description\":\"International Press Agency\",\"publisher\":{\"@id\":\"https:\/\/www.pressenza.com\/de\/#organization\"},\"potentialAction\":[{\"@type\":\"SearchAction\",\"target\":{\"@type\":\"EntryPoint\",\"urlTemplate\":\"https:\/\/www.pressenza.com\/de\/?s={search_term_string}\"},\"query-input\":{\"@type\":\"PropertyValueSpecification\",\"valueRequired\":true,\"valueName\":\"search_term_string\"}}],\"inLanguage\":\"de\"},{\"@type\":\"Organization\",\"@id\":\"https:\/\/www.pressenza.com\/de\/#organization\",\"name\":\"Pressenza\",\"url\":\"https:\/\/www.pressenza.com\/de\/\",\"logo\":{\"@type\":\"ImageObject\",\"inLanguage\":\"de\",\"@id\":\"https:\/\/www.pressenza.com\/de\/#\/schema\/logo\/image\/\",\"url\":\"https:\/\/www.pressenza.com\/wp-content\/uploads\/2022\/10\/pressenza_logo_200x200.jpg\",\"contentUrl\":\"https:\/\/www.pressenza.com\/wp-content\/uploads\/2022\/10\/pressenza_logo_200x200.jpg\",\"width\":200,\"height\":200,\"caption\":\"Pressenza\"},\"image\":{\"@id\":\"https:\/\/www.pressenza.com\/de\/#\/schema\/logo\/image\/\"},\"sameAs\":[\"https:\/\/www.facebook.com\/PressenzaItalia\",\"https:\/\/x.com\/PressenzaIPA\"]},{\"@type\":\"Person\",\"@id\":\"https:\/\/www.pressenza.com\/de\/#\/schema\/person\/ff43d0b44021bc5d26198176a46ae147\",\"name\":\"Forum Gewerkschaftliche Linke Berlin\",\"description\":\"\u201eForum gewerkschaftliche Linke Berlin\u201c hat sich Anfang des Jahres 2022 aus Mitgliedern der Gewerkschaften IG Metall und ver.di gebildet. \u00dcber die Gewerkschaftsarbeit hinaus sind wir in sozialen Bewegungen vor allem zu den Themen Frieden, Klima und Antifaschismus aktiv.\",\"sameAs\":[\"https:\/\/gewerkschaftliche-linke-berlin.de\/\"],\"url\":\"https:\/\/www.pressenza.com\/de\/author\/forum-gewerkschaftliche-linke-berlin\/\"}]}<\/script>\n<!-- \/ Yoast SEO plugin. -->","yoast_head_json":{"title":"Heisser Herbst von links \u2013 solidarisch entschlossen gegen die Krisen des Kapitals!","description":"Nach dem erfolgreichen Warmlaufen vor FDP und Gr\u00fcnen Zentrale geht es am 3. Oktober weiter in den heissen Herbst von links -solidarisch entschlossen gegen","robots":{"index":"index","follow":"follow","max-snippet":"max-snippet:-1","max-image-preview":"max-image-preview:large","max-video-preview":"max-video-preview:-1"},"canonical":"https:\/\/www.pressenza.com\/de\/2022\/09\/heisser-herbst-von-links-solidarisch-entschlossen-gegen-die-krisen-des-kapitals\/","og_locale":"de_DE","og_type":"article","og_title":"Heisser Herbst von links \u2013 solidarisch entschlossen gegen die Krisen des Kapitals!","og_description":"Nach dem erfolgreichen Warmlaufen vor FDP und Gr\u00fcnen Zentrale geht es am 3. Oktober weiter in den heissen Herbst von links -solidarisch entschlossen gegen","og_url":"https:\/\/www.pressenza.com\/de\/2022\/09\/heisser-herbst-von-links-solidarisch-entschlossen-gegen-die-krisen-des-kapitals\/","og_site_name":"Pressenza","article_publisher":"https:\/\/www.facebook.com\/PressenzaItalia","article_published_time":"2022-09-27T15:15:16+00:00","og_image":[{"width":1500,"height":570,"url":"https:\/\/www.pressenza.com\/wp-content\/uploads\/2022\/09\/brot-und-aufruf-3_10_22.jpg","type":"image\/jpeg"}],"author":"Forum Gewerkschaftliche Linke Berlin","twitter_card":"summary_large_image","twitter_creator":"@PressenzaIPA","twitter_site":"@PressenzaIPA","twitter_misc":{"Verfasst von":"Forum Gewerkschaftliche Linke Berlin","Gesch\u00e4tzte Lesezeit":"3\u00a0Minuten"},"schema":{"@context":"https:\/\/schema.org","@graph":[{"@type":"Article","@id":"https:\/\/www.pressenza.com\/de\/2022\/09\/heisser-herbst-von-links-solidarisch-entschlossen-gegen-die-krisen-des-kapitals\/#article","isPartOf":{"@id":"https:\/\/www.pressenza.com\/de\/2022\/09\/heisser-herbst-von-links-solidarisch-entschlossen-gegen-die-krisen-des-kapitals\/"},"author":{"name":"Forum Gewerkschaftliche Linke Berlin","@id":"https:\/\/www.pressenza.com\/de\/#\/schema\/person\/ff43d0b44021bc5d26198176a46ae147"},"headline":"Heisser Herbst von links \u2013 solidarisch entschlossen gegen die Krisen des Kapitals!","datePublished":"2022-09-27T15:15:16+00:00","mainEntityOfPage":{"@id":"https:\/\/www.pressenza.com\/de\/2022\/09\/heisser-herbst-von-links-solidarisch-entschlossen-gegen-die-krisen-des-kapitals\/"},"wordCount":515,"publisher":{"@id":"https:\/\/www.pressenza.com\/de\/#organization"},"image":{"@id":"https:\/\/www.pressenza.com\/de\/2022\/09\/heisser-herbst-von-links-solidarisch-entschlossen-gegen-die-krisen-des-kapitals\/#primaryimage"},"thumbnailUrl":"https:\/\/www.pressenza.com\/wp-content\/uploads\/2022\/09\/brot-und-aufruf-3_10_22.jpg","keywords":["Energiekrise","Friedenspolitik","inflation","Neoliberalismus","Preissteigerung","Protestkundgebung","Spekulation"],"articleSection":["Europa","Frieden und Abr\u00fcstung","Politik","Pressemitteilungen"],"inLanguage":"de"},{"@type":"WebPage","@id":"https:\/\/www.pressenza.com\/de\/2022\/09\/heisser-herbst-von-links-solidarisch-entschlossen-gegen-die-krisen-des-kapitals\/","url":"https:\/\/www.pressenza.com\/de\/2022\/09\/heisser-herbst-von-links-solidarisch-entschlossen-gegen-die-krisen-des-kapitals\/","name":"Heisser Herbst von links \u2013 solidarisch entschlossen gegen die Krisen des Kapitals!","isPartOf":{"@id":"https:\/\/www.pressenza.com\/de\/#website"},"primaryImageOfPage":{"@id":"https:\/\/www.pressenza.com\/de\/2022\/09\/heisser-herbst-von-links-solidarisch-entschlossen-gegen-die-krisen-des-kapitals\/#primaryimage"},"image":{"@id":"https:\/\/www.pressenza.com\/de\/2022\/09\/heisser-herbst-von-links-solidarisch-entschlossen-gegen-die-krisen-des-kapitals\/#primaryimage"},"thumbnailUrl":"https:\/\/www.pressenza.com\/wp-content\/uploads\/2022\/09\/brot-und-aufruf-3_10_22.jpg","datePublished":"2022-09-27T15:15:16+00:00","description":"Nach dem erfolgreichen Warmlaufen vor FDP und Gr\u00fcnen Zentrale geht es am 3. Oktober weiter in den heissen Herbst von links -solidarisch entschlossen gegen","breadcrumb":{"@id":"https:\/\/www.pressenza.com\/de\/2022\/09\/heisser-herbst-von-links-solidarisch-entschlossen-gegen-die-krisen-des-kapitals\/#breadcrumb"},"inLanguage":"de","potentialAction":[{"@type":"ReadAction","target":["https:\/\/www.pressenza.com\/de\/2022\/09\/heisser-herbst-von-links-solidarisch-entschlossen-gegen-die-krisen-des-kapitals\/"]}]},{"@type":"ImageObject","inLanguage":"de","@id":"https:\/\/www.pressenza.com\/de\/2022\/09\/heisser-herbst-von-links-solidarisch-entschlossen-gegen-die-krisen-des-kapitals\/#primaryimage","url":"https:\/\/www.pressenza.com\/wp-content\/uploads\/2022\/09\/brot-und-aufruf-3_10_22.jpg","contentUrl":"https:\/\/www.pressenza.com\/wp-content\/uploads\/2022\/09\/brot-und-aufruf-3_10_22.jpg","width":1500,"height":570,"caption":"Heisser Herbst von links \u2013 solidarisch entschlossen gegen die Krisen des Kapitals!"},{"@type":"BreadcrumbList","@id":"https:\/\/www.pressenza.com\/de\/2022\/09\/heisser-herbst-von-links-solidarisch-entschlossen-gegen-die-krisen-des-kapitals\/#breadcrumb","itemListElement":[{"@type":"ListItem","position":1,"name":"Accueil","item":"https:\/\/www.pressenza.com\/de\/"},{"@type":"ListItem","position":2,"name":"Heisser Herbst von links \u2013 solidarisch entschlossen gegen die Krisen des Kapitals!"}]},{"@type":"WebSite","@id":"https:\/\/www.pressenza.com\/de\/#website","url":"https:\/\/www.pressenza.com\/de\/","name":"Pressenza","description":"International Press Agency","publisher":{"@id":"https:\/\/www.pressenza.com\/de\/#organization"},"potentialAction":[{"@type":"SearchAction","target":{"@type":"EntryPoint","urlTemplate":"https:\/\/www.pressenza.com\/de\/?s={search_term_string}"},"query-input":{"@type":"PropertyValueSpecification","valueRequired":true,"valueName":"search_term_string"}}],"inLanguage":"de"},{"@type":"Organization","@id":"https:\/\/www.pressenza.com\/de\/#organization","name":"Pressenza","url":"https:\/\/www.pressenza.com\/de\/","logo":{"@type":"ImageObject","inLanguage":"de","@id":"https:\/\/www.pressenza.com\/de\/#\/schema\/logo\/image\/","url":"https:\/\/www.pressenza.com\/wp-content\/uploads\/2022\/10\/pressenza_logo_200x200.jpg","contentUrl":"https:\/\/www.pressenza.com\/wp-content\/uploads\/2022\/10\/pressenza_logo_200x200.jpg","width":200,"height":200,"caption":"Pressenza"},"image":{"@id":"https:\/\/www.pressenza.com\/de\/#\/schema\/logo\/image\/"},"sameAs":["https:\/\/www.facebook.com\/PressenzaItalia","https:\/\/x.com\/PressenzaIPA"]},{"@type":"Person","@id":"https:\/\/www.pressenza.com\/de\/#\/schema\/person\/ff43d0b44021bc5d26198176a46ae147","name":"Forum Gewerkschaftliche Linke Berlin","description":"\u201eForum gewerkschaftliche Linke Berlin\u201c hat sich Anfang des Jahres 2022 aus Mitgliedern der Gewerkschaften IG Metall und ver.di gebildet. \u00dcber die Gewerkschaftsarbeit hinaus sind wir in sozialen Bewegungen vor allem zu den Themen Frieden, Klima und Antifaschismus aktiv.","sameAs":["https:\/\/gewerkschaftliche-linke-berlin.de\/"],"url":"https:\/\/www.pressenza.com\/de\/author\/forum-gewerkschaftliche-linke-berlin\/"}]}},"place":"","original_article_url":"","_links":{"self":[{"href":"https:\/\/www.pressenza.com\/de\/wp-json\/wp\/v2\/posts\/1668263","targetHints":{"allow":["GET"]}}],"collection":[{"href":"https:\/\/www.pressenza.com\/de\/wp-json\/wp\/v2\/posts"}],"about":[{"href":"https:\/\/www.pressenza.com\/de\/wp-json\/wp\/v2\/types\/post"}],"author":[{"embeddable":true,"href":"https:\/\/www.pressenza.com\/de\/wp-json\/wp\/v2\/users\/2181"}],"replies":[{"embeddable":true,"href":"https:\/\/www.pressenza.com\/de\/wp-json\/wp\/v2\/comments?post=1668263"}],"version-history":[{"count":0,"href":"https:\/\/www.pressenza.com\/de\/wp-json\/wp\/v2\/posts\/1668263\/revisions"}],"wp:featuredmedia":[{"embeddable":true,"href":"https:\/\/www.pressenza.com\/de\/wp-json\/wp\/v2\/media\/1668265"}],"wp:attachment":[{"href":"https:\/\/www.pressenza.com\/de\/wp-json\/wp\/v2\/media?parent=1668263"}],"wp:term":[{"taxonomy":"category","embeddable":true,"href":"https:\/\/www.pressenza.com\/de\/wp-json\/wp\/v2\/categories?post=1668263"},{"taxonomy":"post_tag","embeddable":true,"href":"https:\/\/www.pressenza.com\/de\/wp-json\/wp\/v2\/tags?post=1668263"}],"curies":[{"name":"wp","href":"https:\/\/api.w.org\/{rel}","templated":true}]}}