{"id":1666208,"date":"2022-09-25T09:45:09","date_gmt":"2022-09-25T08:45:09","guid":{"rendered":"https:\/\/www.pressenza.com\/?p=1666208"},"modified":"2022-09-25T09:57:39","modified_gmt":"2022-09-25T08:57:39","slug":"der-aufstieg-der-neuen-dekadenten","status":"publish","type":"post","link":"https:\/\/www.pressenza.com\/de\/2022\/09\/der-aufstieg-der-neuen-dekadenten\/","title":{"rendered":"Der Aufstieg der neuen Dekadenten"},"content":{"rendered":"<p><strong>Vor drei\u00dfig Jahren erkl\u00e4rte ein amerikanischer Politikwissenschaftler namens Francis Fukuyama ohne Ironie, dass die Geschichte an ihr Ende gekommen sei[1]. Er meinte das nat\u00fcrlich im \u00fcbertragenen Sinne, aber er machte auch keine Witze. Es war ihm durchaus ernst. Die angeblich nicht mehr relevante Geschichte, auf die sich Fukuyama in seinem damals viel beachteten Bestseller <em>&#8222;Das Ende der Geschichte und der letzte Mensch&#8220;<\/em> bezog, war die Geschichte einer Welt, die sich seiner Meinung nach am 9. November 1989 v\u00f6llig ver\u00e4ndert hatte.<\/strong><\/p>\n<h3><strong>Der Fiebertraum von Francis Fukuyama<\/strong><\/h3>\n<p>Es war der Tag, an dem die Berliner Mauer fiel und der Kalte Krieg zu Ende zu sein schien. Von diesem Moment an sollte es keine Hindernisse mehr geben, die dem neuen globalistischen Traum im Wege standen. Laut Fukuyama blieb der Menschheit ab 1990 nichts anderes \u00fcbrig, als auf einer alles vereinigenden unipolaren kapitalistischen Welle des Fortschritts zu reiten, um schlie\u00dflich globalen Wohlstand f\u00fcr alle zu erreichen.<\/p>\n<p>Die Geschichte jedoch, ein begriffsstutziges Biest, das sie ist, hat Fukuyamas Memo nicht beachtet. Tats\u00e4chlich wurde Fukuyamas ahistorischer Kahuna in den ersten Monaten des Jahres 2008 unsanft aus seiner himmlischen Flugbahn gerissen und in ein h\u00f6llisches Bardo gezogen. Ein dunkles, trostloses, uneiniges Reich voller verdrehter Gestalten aller Art. Diese r\u00fcckw\u00e4rtsgewandten Kreaturen tauchen in Scharen aus allen Regionen des Planeten auf und verlangen, dass wir unsere lange, ungel\u00f6ste und immer noch sehr relevante Vergangenheit, unsere Geschichte, anerkennen.<\/p>\n<h3><strong>Vier Reiter und die Zuh\u00e4lter<\/strong><\/h3>\n<p>Jair Bolsonaro (Brasilien), Wladimir Putin (Russland), Donald Trump (USA) und Giorgia Meloni (Italien) sind nur einige Beispiele unter Dutzenden von amtierenden und\/oder aufstrebenden rechtsnationalistischen politischen F\u00fchrern. In den Mainstream-Medien wurde der j\u00fcngste Aufstieg dieser Politiker ausgiebig kommentiert. Der \u00fcbliche Chor der Mitte-Links-Status-Quo-Propheten, von denen ein Teil vor drei\u00dfig Jahren Mitte-Rechts-Status-Quo-Propheten waren, die das Buch von Fukuyama lobten, hat nun schon seit fast einem Jahrzehnt den Aufschwung dieser &#8222;neuen irrationalistischen&#8220;(2) &#8222;Demontagearbeiter der Demokratie&#8220;(3) kommentiert und dies zu Geld gemacht.<\/p>\n<p>Heutzutage werden wir von Kommentatoren und Akademikern der Mainstream-Medien st\u00e4ndig damit konfrontiert, wie diese &#8222;r\u00fcckst\u00e4ndigen&#8220; Charaktere die &#8222;untergebildeten Massen&#8220; dazu gebracht haben, sich von der Demokratie abzuwenden[4]. Was diese Experten jedoch nicht erkennen und\/oder nicht zugeben wollen, ist, dass der Aufstieg des neuen Rechtspopulismus ein direktes systemisches Produkt der antihistorischen, antidemokratischen, oligarchischen neoliberalen Verirrung ist, die diese &#8222;Experten&#8220; in den letzten mehr als drei\u00dfig Jahren angepriesen haben[5].<\/p>\n<h3><strong>Die Rache der mutierten Schildkr\u00f6ten des sp\u00e4ten Mittelalters<\/strong><\/h3>\n<p>Einerseits bekennen sich populistische F\u00fchrer wie die oben erw\u00e4hnten dazu, traditionelle christliche Werte zu verteidigen, die sie als Bedrohung durch relativistische, degenerative Kr\u00e4fte ansehen[6]. Ihr nationalistischer Aufruf, zu traditionellen Werten zur\u00fcckzukehren, ist ihrer Meinung nach ein Gegenmittel gegen die aus den Fugen geratene Dekadenz, die ihrer Meinung nach vom modernen Liberalismus ausgeht.<\/p>\n<p>Andererseits sind diese neokonservativen F\u00fchrer ironischerweise in ihren Lebenspraktiken, in ihrem Verhalten in Echtzeit, eigentlich postmoderne Karikaturen, die Lebensstile und Ideologien verk\u00f6rpern, die im Grunde zutiefst zynisch und reaktion\u00e4r sind und trotz aller anders lautenden Behauptungen, mit denen ihrer modernen liberalen Rivalen verwandt sind.<\/p>\n<p>Was die meisten dieser F\u00fchrer verk\u00f6rpern, ist keine R\u00fcckbesinnung auf Werte, sondern eine Mutation, eine unverhohlene Verdoppelung der anti-utilitaristischen Dekadenz der neoliberalen Ordnung, die sie angeblich bek\u00e4mpfen wollen.<\/p>\n<p>Die von ihnen vorgeschlagene L\u00f6sung f\u00fcr Quasi-Oligarchien sind Quasi-Diktaturen. Ihre Antwort auf den globalistischen Militarismus ist nationalistischer Ethnozentrismus. Ihr Mittel gegen die wachsende Ungleichheit des Reichtums ist unregulierte private und\/oder staatliche Kontrolle von oben nach unten (je nachdem, auf welchen Nationalisten man sich bezieht).<\/p>\n<p>Hinzu kommt bei F\u00fchrern wie Bolsonaro und Trump eine Vorliebe f\u00fcr anachronistischen, quasi-monarchischen Glanz. Bei Meloni und Putin findet man einen nicht ganz so subtilen Despotenfetisch und eine Tendenz, ehrf\u00fcrchtig auf Potentaten vergangener Zeiten zur\u00fcckzublicken[7].<\/p>\n<h3><strong>Rechtspopulismus (das delinquente Liebkind des Neoliberalismus)<\/strong><\/h3>\n<p>Dies ist der entscheidende Punkt. Dies ist der Moment in diesem Artikel, an dem ich hoffentlich mein Hauptziel erreiche. &#8222;Was ist dein Hauptziel, Mark?&#8220;, werden Sie sich vielleicht fragen. Nun, ich werde es Ihnen sagen.<\/p>\n<p>Mein Hauptziel in diesem Artikel ist es, darauf hinzuweisen, dass der rechtspopulistische Nationalismus des 21. Jahrhunderts das delinquente Kind ist, das der neoliberale Kapitalismus zur Welt gebracht hat. Er ist der groteske Schatten, der degenerierte Ableger des derzeit zerfallenden Deregulierungstraums der Greenspan-Reagan-Clinton-\u00c4ra. Ein Traum, der im Wesentlichen darin bestand, den New Deal zu demontieren und den Geierkapitalismus zu globalisieren.<\/p>\n<p>Der (\u00fcberparteiliche) globalistische Neoliberalismus des sp\u00e4ten 20. und fr\u00fchen 21. Jahrhunderts hat einen betr\u00e4chtlichen Teil der Weltbev\u00f6lkerung in eine solche Verwirrung, Angst und Verzweiflung gest\u00fcrzt, dass sie nun bereit sind, alles zu verlieren, was sie im letzten Jahrhundert gewonnen haben, um dem Leid und der Sinnlosigkeit zu entkommen, die ihnen das derzeitige System auferlegt hat.<\/p>\n<p>Ein weiteres Jahrzehnt der gebrochenen Versprechen, der Sparma\u00dfnahmen und der entt\u00e4uschten Hoffnungen ist f\u00fcr eine wachsende Mehrheit der entrechteten und verzweifelten Massen dieses Planeten einfach keine Option. Sie k\u00f6nnen nicht weiterhin ihre Hoffnungen in ein System setzen und es unterst\u00fctzen, das sich auf Kosten der k\u00f6rperlichen und geistigen Gesundheit und des Wohlbefindens der Mehrheit der Menschen auf diesem Planeten in eine Cashcow f\u00fcr die Reichsten der Reichen verwandelt hat.<\/p>\n<h3><strong>J&#8217;Accuse!<\/strong><\/h3>\n<p>Denjenigen im Westen, die in Unwissenheit und\/oder in b\u00f6ser Absicht immer noch von der Notwendigkeit sprechen, dem gegenw\u00e4rtigen neoliberalen milit\u00e4risch-industriellen Unternehmenskomplex, dem gegenw\u00e4rtigen System, um jeden Preis weiterhin bedingungslos zu dienen, und die behaupten, dass diejenigen, die es in Frage stellen, die Ziele des Feindes unterst\u00fctzen, sage ich: J&#8217;Accuse! [8]<\/p>\n<p><em>*Anmerkung: Ich habe eine Reihe von Artikeln verfasst, die sich ausf\u00fchrlich mit dem neoliberalen Kapitalismus befassen und damit, wie er in den letzten vier Jahrzehnten der zentrale Antrieb f\u00fcr wirtschaftliche Ungleichheit und Krieg in der modernen Welt war. Ich habe zwei dieser Artikel hier eingef\u00fcgt (siehe unten), falls Sie tiefer in die Materie eintauchen m\u00f6chten:<\/em><\/p>\n<ol>\n<li><em><a href=\"https:\/\/www.pressenza.com\/2020\/12\/the-fall-of-the-liberal-left-the-rise-of-neoliberalism-and-the-resulting-confusion-that-has-ensued\/\" target=\"_blank\" rel=\"noopener\">https:\/\/www.pressenza.com\/2020\/12\/the-fall-of-the-liberal-left-the-rise-of-neoliberalism-and-the-resulting-confusion-that-has-ensued\/<\/a><\/em><\/li>\n<li><em><a href=\"https:\/\/www.pressenza.com\/de\/2022\/04\/wir-sind-in-ein-postkapitalistisches-zeitalter-eingetreten\/\" target=\"_blank\" rel=\"noopener\">https:\/\/www.pressenza.com\/de\/2022\/04\/wir-sind-in-ein-postkapitalistisches-zeitalter-eingetreten\/ <\/a><\/em><\/li>\n<\/ol>\n<h3><strong>Es muss eine dritte Option geben<\/strong><\/h3>\n<p>Es muss eine dritte Option geben. Die beiden Optionen, die von den Mainstream-Medien angeboten werden, n\u00e4mlich a) so weiterzumachen wie bisher, oder b) in den totalen Neofaschismus \u00fcberzugehen, sind beides falsche T\u00fcren. Sie sind beide anti-evolution\u00e4re Wege.<\/p>\n<p>Was diese m\u00f6gliche dritte Option ist oder sein k\u00f6nnte, wird Gegenstand eines Artikels sein, der irgendwann im Oktober hier in Pressenza erscheinen wird.<\/p>\n<h3><strong>Zum Schluss: &#8222;Ich will eine L\u00f6sung, die der menschlichen Landschaft w\u00fcrdig ist&#8220;<\/strong><\/h3>\n<p>Dieser Artikel endet mit einem Zitat aus einem Buch mit dem Titel &#8222;Die innere Landschaft&#8220;, das vor zweiundvierzig Jahren von dem humanistischen Philosophen Silo geschrieben wurde. Ich wollte es eigentlich paraphrasieren, aber stattdessen habe ich beschlossen, es hier (unten) so einzuf\u00fcgen, wie es ist.<\/p>\n<blockquote><p><em>&#8222;Ich lehne jedes Lager ab, das ein h\u00f6heres Ideal als das Leben verk\u00fcndet, und ebenso jede Sache, die Leid erzeugt, um sich durchzusetzen. Daher schau deine eigenen H\u00e4nde an, bevor du mich daf\u00fcr anklagst, dass ich mich auf keine Seite schlage. Schau zuerst, ob du nicht an diesen H\u00e4nden das Blut des Mitt\u00e4ters entdeckst. Wenn du meinst, es sei mutig, sich auf eine Seite zu schlagen, was h\u00e4ltst du dann von dem, der von allen m\u00f6rderischen Seiten an den Pranger gestellt wird, weil er sich auf keine dieser Seiten schl\u00e4gt? Ich w\u00fcnsche mir eine Sache, die der menschlichen Landschaft w\u00fcrdig ist, eine Sache, die sich der Aufgabe verpflichtet, Schmerz und Leid zu \u00fcberwinden.<\/em><\/p>\n<p><em>Gruppen, die in ihrer nahen oder fernen Geschichte der Unterdr\u00fcckung des Lebens gedient haben, spreche ich jedes Recht zur Anklage ab. All jenen, die selbst ihre verd\u00e4chtigen Gesichter verbergen, spreche ich jedes Recht zur Verd\u00e4chtigung ab. Denen, die danach trachten, neue, f\u00fcr den Menschen notwendige Wege zu versperren, spreche ich jedes Recht dazu ab, selbst dann, wenn sie als wichtigsten Grund daf\u00fcr die Dringlichkeit der Lage angeben.<\/em><\/p>\n<p><em>Nicht einmal das Schlimmste im Verbrecher ist mir fremd. Und wenn ich es in der Landschaft erkenne, so erkenne ich es auch in mir. Daher will ich das \u00fcberwinden, was in mir und in jedem Menschen danach trachtet, das Leben zu unterdr\u00fccken. Ich will den Abgrund \u00fcberwinden!<\/em><\/p>\n<p><em><strong>Jede Welt, nach der du strebst, jede Gerechtigkeit, die du forderst, jede Liebe, die du suchst, und jeder Mensch,<\/strong><strong>dem du folgen oder den du zerst\u00f6ren m\u00f6chtest, sind auch in dir. Alles, was sich in dir ver\u00e4ndert, wird deine<\/strong><strong>Ausrichtung in der Landschaft, in der du lebst, ver\u00e4ndern. Wenn du also etwas Neues brauchst, so musst du das<\/strong><strong>Alte, das in deinem Inneren herrscht, \u00fcberwinden. Und wie willst du das erreichen? Als erstes wirst du erkennen,<\/strong><strong>dass du deine innere Landschaft immer mit dir tr\u00e4gst, selbst wenn du den Ort wechselst.&#8220; [9]<\/strong><\/em><\/p><\/blockquote>\n<p><strong><em>Die \u00dcbersetzung aus dem Englischen wurde von Alina Kulik <\/em><em>vom ehrenamtlichen Pressenza-\u00dcbersetzungsteam erstellt. <a href=\"https:\/\/www.pressenza.com\/de\/mitarbeiten\/\" target=\"_blank\" rel=\"noopener\">Wir suchen Freiwillige!<\/a><\/em><\/strong><\/p>\n<hr \/>\n<p><em>Quellen:<\/em><\/p>\n<p>[1] Fukuyama, Francis, \u201cThe End Of History And The Last Man\u201d, Free Press, 1992<br \/>\n[2] <a href=\"https:\/\/www.wisdc.org\/news\/commentary\/7054-the-roots-of-the-anti-democracy-movement\">https:\/\/www.wisdc.org\/news\/commentary\/7054-the-roots-of-the-anti-democracy-movement<\/a><br \/>\n[3] <a href=\"https:\/\/lithub.com\/the-republican-party-now-backs-an-anti-democratic-insurgency\/\">https:\/\/lithub.com\/the-republican-party-now-backs-an-anti-democratic-insurgency\/<\/a><br \/>\n[4] <a href=\"https:\/\/www.hrw.org\/news\/2021\/09\/15\/brazil-bolsonaro-threatens-democratic-rule\">https:\/\/www.hrw.org\/news\/2021\/09\/15\/brazil-bolsonaro-threatens-democratic-rule<\/a><br \/>\n[5] <a href=\"https:\/\/www.theguardian.com\/commentisfree\/2019\/jul\/10\/bernie-sanders-2020-neoliberal-pundits\">https:\/\/www.theguardian.com\/commentisfree\/2019\/jul\/10\/bernie-sanders-2020-neoliberal-pundits<\/a><br \/>\n[6] <a href=\"https:\/\/www.youtube.com\/watch?v=JbtNtzS3PDM&amp;t=154s\">https:\/\/www.youtube.com\/watch?v=JbtNtzS3PDM&amp;t=154s<\/a><br \/>\n[7] <a href=\"https:\/\/www.theguardian.com\/world\/2022\/sep\/16\/tough-determined-fascinated-by-mussolini-rome-neighbours-recall-giorgia-meloni\">https:\/\/www.theguardian.com\/world\/2022\/sep\/16\/tough-determined-fascinated-by-mussolini-rome-neighbours-recall-giorgia-meloni<\/a><br \/>\n[8] <a href=\"https:\/\/en.wikipedia.org\/wiki\/J%27Accuse%E2%80%A6\">https:\/\/en.wikipedia.org\/wiki\/J%27Accuse%E2%80%A6<\/a>!<br \/>\n[9] <a href=\"http:\/\/www.silo.net\/system\/documents\/111\/original\/Die_Erde_menschlich_machen_silo_net.pdf\">Silo, \u201cDie Innere Landschaft\u201d<\/a>, Kapitel IV., <strong>Edition Pangea, Z\u00fcrich<\/strong><\/p>\n","protected":false},"excerpt":{"rendered":"<p>Vor drei\u00dfig Jahren erkl\u00e4rte ein amerikanischer Politikwissenschaftler namens Francis Fukuyama ohne Ironie, dass die Geschichte an ihr Ende gekommen sei[1]. Er meinte das nat\u00fcrlich im \u00fcbertragenen Sinne, aber er machte auch keine Witze. Es war ihm durchaus ernst. Die angeblich&hellip;<\/p>\n","protected":false},"author":1746,"featured_media":1663127,"comment_status":"closed","ping_status":"closed","sticky":false,"template":"","format":"standard","meta":{"footnotes":""},"categories":[9143,9152,11387,9168],"tags":[26189,105874,55340,24320,44102],"class_list":["post-1666208","post","type-post","status-publish","format-standard","has-post-thumbnail","hentry","category-meinungen","category-nordamerika","category-originalinhalt","category-politik","tag-donald-trump-de","tag-giorgia-meloni-de","tag-jair-bolsonaro-de","tag-rechtspopulismus","tag-wladimir-putin"],"yoast_head":"<!-- This site is optimized with the Yoast SEO plugin v27.1.1 - https:\/\/yoast.com\/product\/yoast-seo-wordpress\/ -->\n<title>Der Aufstieg der neuen Dekadenten<\/title>\n<meta name=\"description\" content=\"Vor drei\u00dfig Jahren erkl\u00e4rte ein amerikanischer Politikwissenschaftler namens Francis Fukuyama ohne Ironie, dass die Geschichte an ihr Ende gekommen sei.\" \/>\n<meta name=\"robots\" content=\"index, follow, max-snippet:-1, max-image-preview:large, max-video-preview:-1\" \/>\n<link rel=\"canonical\" href=\"https:\/\/www.pressenza.com\/de\/2022\/09\/der-aufstieg-der-neuen-dekadenten\/\" \/>\n<meta property=\"og:locale\" content=\"de_DE\" \/>\n<meta property=\"og:type\" content=\"article\" \/>\n<meta property=\"og:title\" content=\"Der Aufstieg der neuen Dekadenten\" \/>\n<meta property=\"og:description\" content=\"Vor drei\u00dfig Jahren erkl\u00e4rte ein amerikanischer Politikwissenschaftler namens Francis Fukuyama ohne Ironie, dass die Geschichte an ihr Ende gekommen sei.\" \/>\n<meta property=\"og:url\" content=\"https:\/\/www.pressenza.com\/de\/2022\/09\/der-aufstieg-der-neuen-dekadenten\/\" \/>\n<meta property=\"og:site_name\" content=\"Pressenza\" \/>\n<meta property=\"article:publisher\" content=\"https:\/\/www.facebook.com\/PressenzaItalia\" \/>\n<meta property=\"article:published_time\" content=\"2022-09-25T08:45:09+00:00\" \/>\n<meta property=\"article:modified_time\" content=\"2022-09-25T08:57:39+00:00\" \/>\n<meta property=\"og:image\" content=\"https:\/\/www.pressenza.com\/wp-content\/uploads\/2022\/09\/4-Clowns.jpg\" \/>\n\t<meta property=\"og:image:width\" content=\"1800\" \/>\n\t<meta property=\"og:image:height\" content=\"656\" \/>\n\t<meta property=\"og:image:type\" content=\"image\/jpeg\" \/>\n<meta name=\"author\" content=\"Mark Lesseraux\" \/>\n<meta name=\"twitter:card\" content=\"summary_large_image\" \/>\n<meta name=\"twitter:creator\" content=\"@PressenzaIPA\" \/>\n<meta name=\"twitter:site\" content=\"@PressenzaIPA\" \/>\n<meta name=\"twitter:label1\" content=\"Verfasst von\" \/>\n\t<meta name=\"twitter:data1\" content=\"Mark Lesseraux\" \/>\n\t<meta name=\"twitter:label2\" content=\"Gesch\u00e4tzte Lesezeit\" \/>\n\t<meta name=\"twitter:data2\" content=\"8\u00a0Minuten\" \/>\n<script type=\"application\/ld+json\" class=\"yoast-schema-graph\">{\"@context\":\"https:\/\/schema.org\",\"@graph\":[{\"@type\":\"Article\",\"@id\":\"https:\/\/www.pressenza.com\/de\/2022\/09\/der-aufstieg-der-neuen-dekadenten\/#article\",\"isPartOf\":{\"@id\":\"https:\/\/www.pressenza.com\/de\/2022\/09\/der-aufstieg-der-neuen-dekadenten\/\"},\"author\":{\"name\":\"Mark Lesseraux\",\"@id\":\"https:\/\/www.pressenza.com\/de\/#\/schema\/person\/6176664f93cdee9a39bb5d27b4b29e6b\"},\"headline\":\"Der Aufstieg der neuen Dekadenten\",\"datePublished\":\"2022-09-25T08:45:09+00:00\",\"dateModified\":\"2022-09-25T08:57:39+00:00\",\"mainEntityOfPage\":{\"@id\":\"https:\/\/www.pressenza.com\/de\/2022\/09\/der-aufstieg-der-neuen-dekadenten\/\"},\"wordCount\":1556,\"publisher\":{\"@id\":\"https:\/\/www.pressenza.com\/de\/#organization\"},\"image\":{\"@id\":\"https:\/\/www.pressenza.com\/de\/2022\/09\/der-aufstieg-der-neuen-dekadenten\/#primaryimage\"},\"thumbnailUrl\":\"https:\/\/www.pressenza.com\/wp-content\/uploads\/2022\/09\/4-Clowns.jpg\",\"keywords\":[\"Donald Trump\",\"Giorgia Meloni\",\"Jair Bolsonaro\",\"Rechtspopulismus\",\"Wladimir Putin\"],\"articleSection\":[\"Meinungen\",\"Nordamerika\",\"Originalinhalt\",\"Politik\"],\"inLanguage\":\"de\"},{\"@type\":\"WebPage\",\"@id\":\"https:\/\/www.pressenza.com\/de\/2022\/09\/der-aufstieg-der-neuen-dekadenten\/\",\"url\":\"https:\/\/www.pressenza.com\/de\/2022\/09\/der-aufstieg-der-neuen-dekadenten\/\",\"name\":\"Der Aufstieg der neuen Dekadenten\",\"isPartOf\":{\"@id\":\"https:\/\/www.pressenza.com\/de\/#website\"},\"primaryImageOfPage\":{\"@id\":\"https:\/\/www.pressenza.com\/de\/2022\/09\/der-aufstieg-der-neuen-dekadenten\/#primaryimage\"},\"image\":{\"@id\":\"https:\/\/www.pressenza.com\/de\/2022\/09\/der-aufstieg-der-neuen-dekadenten\/#primaryimage\"},\"thumbnailUrl\":\"https:\/\/www.pressenza.com\/wp-content\/uploads\/2022\/09\/4-Clowns.jpg\",\"datePublished\":\"2022-09-25T08:45:09+00:00\",\"dateModified\":\"2022-09-25T08:57:39+00:00\",\"description\":\"Vor drei\u00dfig Jahren erkl\u00e4rte ein amerikanischer Politikwissenschaftler namens Francis Fukuyama ohne Ironie, dass die Geschichte an ihr Ende gekommen sei.\",\"breadcrumb\":{\"@id\":\"https:\/\/www.pressenza.com\/de\/2022\/09\/der-aufstieg-der-neuen-dekadenten\/#breadcrumb\"},\"inLanguage\":\"de\",\"potentialAction\":[{\"@type\":\"ReadAction\",\"target\":[\"https:\/\/www.pressenza.com\/de\/2022\/09\/der-aufstieg-der-neuen-dekadenten\/\"]}]},{\"@type\":\"ImageObject\",\"inLanguage\":\"de\",\"@id\":\"https:\/\/www.pressenza.com\/de\/2022\/09\/der-aufstieg-der-neuen-dekadenten\/#primaryimage\",\"url\":\"https:\/\/www.pressenza.com\/wp-content\/uploads\/2022\/09\/4-Clowns.jpg\",\"contentUrl\":\"https:\/\/www.pressenza.com\/wp-content\/uploads\/2022\/09\/4-Clowns.jpg\",\"width\":1800,\"height\":656,\"caption\":\"Der Aufstieg der neuen Dekadenten\"},{\"@type\":\"BreadcrumbList\",\"@id\":\"https:\/\/www.pressenza.com\/de\/2022\/09\/der-aufstieg-der-neuen-dekadenten\/#breadcrumb\",\"itemListElement\":[{\"@type\":\"ListItem\",\"position\":1,\"name\":\"Accueil\",\"item\":\"https:\/\/www.pressenza.com\/de\/\"},{\"@type\":\"ListItem\",\"position\":2,\"name\":\"Der Aufstieg der neuen Dekadenten\"}]},{\"@type\":\"WebSite\",\"@id\":\"https:\/\/www.pressenza.com\/de\/#website\",\"url\":\"https:\/\/www.pressenza.com\/de\/\",\"name\":\"Pressenza\",\"description\":\"International Press Agency\",\"publisher\":{\"@id\":\"https:\/\/www.pressenza.com\/de\/#organization\"},\"potentialAction\":[{\"@type\":\"SearchAction\",\"target\":{\"@type\":\"EntryPoint\",\"urlTemplate\":\"https:\/\/www.pressenza.com\/de\/?s={search_term_string}\"},\"query-input\":{\"@type\":\"PropertyValueSpecification\",\"valueRequired\":true,\"valueName\":\"search_term_string\"}}],\"inLanguage\":\"de\"},{\"@type\":\"Organization\",\"@id\":\"https:\/\/www.pressenza.com\/de\/#organization\",\"name\":\"Pressenza\",\"url\":\"https:\/\/www.pressenza.com\/de\/\",\"logo\":{\"@type\":\"ImageObject\",\"inLanguage\":\"de\",\"@id\":\"https:\/\/www.pressenza.com\/de\/#\/schema\/logo\/image\/\",\"url\":\"https:\/\/www.pressenza.com\/wp-content\/uploads\/2022\/10\/pressenza_logo_200x200.jpg\",\"contentUrl\":\"https:\/\/www.pressenza.com\/wp-content\/uploads\/2022\/10\/pressenza_logo_200x200.jpg\",\"width\":200,\"height\":200,\"caption\":\"Pressenza\"},\"image\":{\"@id\":\"https:\/\/www.pressenza.com\/de\/#\/schema\/logo\/image\/\"},\"sameAs\":[\"https:\/\/www.facebook.com\/PressenzaItalia\",\"https:\/\/x.com\/PressenzaIPA\"]},{\"@type\":\"Person\",\"@id\":\"https:\/\/www.pressenza.com\/de\/#\/schema\/person\/6176664f93cdee9a39bb5d27b4b29e6b\",\"name\":\"Mark Lesseraux\",\"description\":\"Mark Lesseraux is a singer\/songwriter\/socio-political columnist from Brooklyn, New York, USA. He is a Humanist, a proponent and practitioner of Active Nonviolence and a student of Nonduality.\",\"url\":\"https:\/\/www.pressenza.com\/de\/author\/mark-lesseraux\/\"}]}<\/script>\n<!-- \/ Yoast SEO plugin. -->","yoast_head_json":{"title":"Der Aufstieg der neuen Dekadenten","description":"Vor drei\u00dfig Jahren erkl\u00e4rte ein amerikanischer Politikwissenschaftler namens Francis Fukuyama ohne Ironie, dass die Geschichte an ihr Ende gekommen sei.","robots":{"index":"index","follow":"follow","max-snippet":"max-snippet:-1","max-image-preview":"max-image-preview:large","max-video-preview":"max-video-preview:-1"},"canonical":"https:\/\/www.pressenza.com\/de\/2022\/09\/der-aufstieg-der-neuen-dekadenten\/","og_locale":"de_DE","og_type":"article","og_title":"Der Aufstieg der neuen Dekadenten","og_description":"Vor drei\u00dfig Jahren erkl\u00e4rte ein amerikanischer Politikwissenschaftler namens Francis Fukuyama ohne Ironie, dass die Geschichte an ihr Ende gekommen sei.","og_url":"https:\/\/www.pressenza.com\/de\/2022\/09\/der-aufstieg-der-neuen-dekadenten\/","og_site_name":"Pressenza","article_publisher":"https:\/\/www.facebook.com\/PressenzaItalia","article_published_time":"2022-09-25T08:45:09+00:00","article_modified_time":"2022-09-25T08:57:39+00:00","og_image":[{"width":1800,"height":656,"url":"https:\/\/www.pressenza.com\/wp-content\/uploads\/2022\/09\/4-Clowns.jpg","type":"image\/jpeg"}],"author":"Mark Lesseraux","twitter_card":"summary_large_image","twitter_creator":"@PressenzaIPA","twitter_site":"@PressenzaIPA","twitter_misc":{"Verfasst von":"Mark Lesseraux","Gesch\u00e4tzte Lesezeit":"8\u00a0Minuten"},"schema":{"@context":"https:\/\/schema.org","@graph":[{"@type":"Article","@id":"https:\/\/www.pressenza.com\/de\/2022\/09\/der-aufstieg-der-neuen-dekadenten\/#article","isPartOf":{"@id":"https:\/\/www.pressenza.com\/de\/2022\/09\/der-aufstieg-der-neuen-dekadenten\/"},"author":{"name":"Mark Lesseraux","@id":"https:\/\/www.pressenza.com\/de\/#\/schema\/person\/6176664f93cdee9a39bb5d27b4b29e6b"},"headline":"Der Aufstieg der neuen Dekadenten","datePublished":"2022-09-25T08:45:09+00:00","dateModified":"2022-09-25T08:57:39+00:00","mainEntityOfPage":{"@id":"https:\/\/www.pressenza.com\/de\/2022\/09\/der-aufstieg-der-neuen-dekadenten\/"},"wordCount":1556,"publisher":{"@id":"https:\/\/www.pressenza.com\/de\/#organization"},"image":{"@id":"https:\/\/www.pressenza.com\/de\/2022\/09\/der-aufstieg-der-neuen-dekadenten\/#primaryimage"},"thumbnailUrl":"https:\/\/www.pressenza.com\/wp-content\/uploads\/2022\/09\/4-Clowns.jpg","keywords":["Donald Trump","Giorgia Meloni","Jair Bolsonaro","Rechtspopulismus","Wladimir Putin"],"articleSection":["Meinungen","Nordamerika","Originalinhalt","Politik"],"inLanguage":"de"},{"@type":"WebPage","@id":"https:\/\/www.pressenza.com\/de\/2022\/09\/der-aufstieg-der-neuen-dekadenten\/","url":"https:\/\/www.pressenza.com\/de\/2022\/09\/der-aufstieg-der-neuen-dekadenten\/","name":"Der Aufstieg der neuen Dekadenten","isPartOf":{"@id":"https:\/\/www.pressenza.com\/de\/#website"},"primaryImageOfPage":{"@id":"https:\/\/www.pressenza.com\/de\/2022\/09\/der-aufstieg-der-neuen-dekadenten\/#primaryimage"},"image":{"@id":"https:\/\/www.pressenza.com\/de\/2022\/09\/der-aufstieg-der-neuen-dekadenten\/#primaryimage"},"thumbnailUrl":"https:\/\/www.pressenza.com\/wp-content\/uploads\/2022\/09\/4-Clowns.jpg","datePublished":"2022-09-25T08:45:09+00:00","dateModified":"2022-09-25T08:57:39+00:00","description":"Vor drei\u00dfig Jahren erkl\u00e4rte ein amerikanischer Politikwissenschaftler namens Francis Fukuyama ohne Ironie, dass die Geschichte an ihr Ende gekommen sei.","breadcrumb":{"@id":"https:\/\/www.pressenza.com\/de\/2022\/09\/der-aufstieg-der-neuen-dekadenten\/#breadcrumb"},"inLanguage":"de","potentialAction":[{"@type":"ReadAction","target":["https:\/\/www.pressenza.com\/de\/2022\/09\/der-aufstieg-der-neuen-dekadenten\/"]}]},{"@type":"ImageObject","inLanguage":"de","@id":"https:\/\/www.pressenza.com\/de\/2022\/09\/der-aufstieg-der-neuen-dekadenten\/#primaryimage","url":"https:\/\/www.pressenza.com\/wp-content\/uploads\/2022\/09\/4-Clowns.jpg","contentUrl":"https:\/\/www.pressenza.com\/wp-content\/uploads\/2022\/09\/4-Clowns.jpg","width":1800,"height":656,"caption":"Der Aufstieg der neuen Dekadenten"},{"@type":"BreadcrumbList","@id":"https:\/\/www.pressenza.com\/de\/2022\/09\/der-aufstieg-der-neuen-dekadenten\/#breadcrumb","itemListElement":[{"@type":"ListItem","position":1,"name":"Accueil","item":"https:\/\/www.pressenza.com\/de\/"},{"@type":"ListItem","position":2,"name":"Der Aufstieg der neuen Dekadenten"}]},{"@type":"WebSite","@id":"https:\/\/www.pressenza.com\/de\/#website","url":"https:\/\/www.pressenza.com\/de\/","name":"Pressenza","description":"International Press Agency","publisher":{"@id":"https:\/\/www.pressenza.com\/de\/#organization"},"potentialAction":[{"@type":"SearchAction","target":{"@type":"EntryPoint","urlTemplate":"https:\/\/www.pressenza.com\/de\/?s={search_term_string}"},"query-input":{"@type":"PropertyValueSpecification","valueRequired":true,"valueName":"search_term_string"}}],"inLanguage":"de"},{"@type":"Organization","@id":"https:\/\/www.pressenza.com\/de\/#organization","name":"Pressenza","url":"https:\/\/www.pressenza.com\/de\/","logo":{"@type":"ImageObject","inLanguage":"de","@id":"https:\/\/www.pressenza.com\/de\/#\/schema\/logo\/image\/","url":"https:\/\/www.pressenza.com\/wp-content\/uploads\/2022\/10\/pressenza_logo_200x200.jpg","contentUrl":"https:\/\/www.pressenza.com\/wp-content\/uploads\/2022\/10\/pressenza_logo_200x200.jpg","width":200,"height":200,"caption":"Pressenza"},"image":{"@id":"https:\/\/www.pressenza.com\/de\/#\/schema\/logo\/image\/"},"sameAs":["https:\/\/www.facebook.com\/PressenzaItalia","https:\/\/x.com\/PressenzaIPA"]},{"@type":"Person","@id":"https:\/\/www.pressenza.com\/de\/#\/schema\/person\/6176664f93cdee9a39bb5d27b4b29e6b","name":"Mark Lesseraux","description":"Mark Lesseraux is a singer\/songwriter\/socio-political columnist from Brooklyn, New York, USA. He is a Humanist, a proponent and practitioner of Active Nonviolence and a student of Nonduality.","url":"https:\/\/www.pressenza.com\/de\/author\/mark-lesseraux\/"}]}},"place":"New York","original_article_url":"","_links":{"self":[{"href":"https:\/\/www.pressenza.com\/de\/wp-json\/wp\/v2\/posts\/1666208","targetHints":{"allow":["GET"]}}],"collection":[{"href":"https:\/\/www.pressenza.com\/de\/wp-json\/wp\/v2\/posts"}],"about":[{"href":"https:\/\/www.pressenza.com\/de\/wp-json\/wp\/v2\/types\/post"}],"author":[{"embeddable":true,"href":"https:\/\/www.pressenza.com\/de\/wp-json\/wp\/v2\/users\/1746"}],"replies":[{"embeddable":true,"href":"https:\/\/www.pressenza.com\/de\/wp-json\/wp\/v2\/comments?post=1666208"}],"version-history":[{"count":0,"href":"https:\/\/www.pressenza.com\/de\/wp-json\/wp\/v2\/posts\/1666208\/revisions"}],"wp:featuredmedia":[{"embeddable":true,"href":"https:\/\/www.pressenza.com\/de\/wp-json\/wp\/v2\/media\/1663127"}],"wp:attachment":[{"href":"https:\/\/www.pressenza.com\/de\/wp-json\/wp\/v2\/media?parent=1666208"}],"wp:term":[{"taxonomy":"category","embeddable":true,"href":"https:\/\/www.pressenza.com\/de\/wp-json\/wp\/v2\/categories?post=1666208"},{"taxonomy":"post_tag","embeddable":true,"href":"https:\/\/www.pressenza.com\/de\/wp-json\/wp\/v2\/tags?post=1666208"}],"curies":[{"name":"wp","href":"https:\/\/api.w.org\/{rel}","templated":true}]}}