{"id":1665380,"date":"2022-09-24T13:13:48","date_gmt":"2022-09-24T12:13:48","guid":{"rendered":"https:\/\/www.pressenza.com\/?p=1665380"},"modified":"2022-09-24T13:13:48","modified_gmt":"2022-09-24T12:13:48","slug":"eine-zeitenwende","status":"publish","type":"post","link":"https:\/\/www.pressenza.com\/de\/2022\/09\/eine-zeitenwende\/","title":{"rendered":"Eine Zeitenwende?"},"content":{"rendered":"<p><strong>Wiederholt reden Politiker der Ampelkoalition von einer neuen \u00c4ra, ohne explizit Inhalte zu benennen. Bundeskanzler Scholz spricht von einer Zeitenwende f\u00fcr die globale Stabilit\u00e4t (Berliner Zeitung 20.9.2022). Der Generalsekret\u00e4r der UNO Guterres betonte in seiner Er\u00f6ffnungsrede zur Generalversammlung, dass Krisen die Zukunft bedrohen und ging auf den Klimawandel und die Ereignisse in der Ukraine ein. Beide Ereignisse erinnern die Parlamentarier der L\u00e4nder daran, die Zukunft der Kinder und Jugendlichen zu bedenken.<\/strong><\/p>\n<p>Keine Zweifel bestehen \u00fcber die m\u00f6glichen Konsequenzen der Erw\u00e4rmung der Atmosph\u00e4re durch Abgase f\u00fcr <strong>das Klimageschehen<\/strong>, die Versteppung des Ackerbodens, die Abschmelzprozesse der Gletscher. Die Ausma\u00dfe der j\u00fcngsten \u00dcberschwemmungen in Pakistan, Bangladesch, Australien sind Alarmzeichen. Das Abbrennen der Urw\u00e4lder im Amazonasgebiet, zum Nutzen internationaler Agro-konzerne, sind kriminelle Handlungen. Das ungez\u00fcgelte Wachstum der Industrie zerst\u00f6rt die Natur oberhalb und unterhalb der Erdkrume mit Frackingverfahren. Der Landwirtschaft werden Ackerfl\u00e4chen durch Bauten aller Art genommen. Pestizide verringern rapide die Artenvielfalt der Insekten zum Schaden bl\u00fchender Pflanzen. Das Abfallverhalten der Wirtschaft und der Konsumenten verm\u00fcllen Land und Meere, vergeuden Naturrohstoffe. Sie bedeuten Gefahr f\u00fcr die Meerestiere.<\/p>\n<p>Das schwer errungene Pariser Klimaabkommen ist in realer Gefahr, ohne Erfolg zu bleiben. Alle Regierungen der Welt stehen in der Pflicht, die Zeiten der Worte zu beenden und gesetzgeberische Normen f\u00fcr die Wirtschaft und die Bev\u00f6lkerung zu erlassen. Die Wissenschaftler haben ausreichende Vorarbeiten geleistet. Vorschl\u00e4ge der Jugendlichen Aktivisten aus der \u201eGreta-Bewegung\u201c an die Abgeordneten liegen vor, zuletzt als Forderung, einen 100 Milliarden Sonderfond f\u00fcr Klima-Ma\u00dfnahmen einzurichten. Ihre Aktionen zum Klimastreik finden Hochachtung. Einen Fonds mit der gleichen Summe hat die deutsche Regierung f\u00fcr die Erh\u00f6hung der milit\u00e4rischen Kampfkraft beschlossen.<\/p>\n<p>Entwicklungsl\u00e4nder Lateinamerikas betrachten die Natur als ein sch\u00fctzenswertes Rechtsobjekt in ihren Verfassungen. Es ist schon lange Zeit, dass die G7 ihre Verfassungen in diesem Sinn \u00fcberarbeiten.<\/p>\n<p>Der <strong>kriegerische Konflikt<\/strong> in der Ukraine birgt die Gefahr, die Menschheit in ihrer Entwicklung zur\u00fcckzuwerfen und in eine atomare Katastrophe zu f\u00fchren. Kriege sind keine Optionen mehr. Sie sind Relikte der Regierungen vergangener Zeiten. Eine neue Friedens-\u00c4ra ist ein Imperativ der Zeit. Alarmglocken schrillen, weil der Pr\u00e4sident der USA einen 3. Weltkrieg mit China wegen Taiwan, einer Insel mit fl\u00e4chenm\u00e4\u00dfig der halben Gr\u00f6\u00dfe Bayerns m\u00f6glicherweise riskieren will. Seine Drohungen gegen Russland sind ungew\u00f6hnlich scharf, ohne zu beachten, dass die Charta der UNO die Mitglieder verpflichtet, auf Androhung von Gewalt zu verzichten. Es geh\u00f6rt zur Tragik der Geschichte, dass Pr\u00e4sident Putin in eine kriegerische Falle getreten ist und er den ersten Schuss im globalen Glashaus der Welt abfeuern lie\u00df. Seit dem 24.02.2022 sterben t\u00e4glich Menschen. Die Kampfhandlungen m\u00fcssen sofort von beiden Seiten beendet werden. Putins Handlungen erinnern an fr\u00fchere imperiale Methoden der Industriel\u00e4nder bis zum Vietnamkrieg. Die Antwort der G7 war die Bestrafung durch Sanktionen, die die Energiekrise zur Zeit in Europa zu Lasten der Abh\u00e4ngigen hervorruft. Die Ambivalenz macht Europa zu schaffen und verschafft den USA Gesch\u00e4fte.<\/p>\n<p>Wenige Jahre nach Ausbruch der Franz\u00f6sischen Revolution 1795 hatte Emmanuel Kant Vorschl\u00e4ge \u201eZum ewigen Frieden\u201c unterbreitet. Seine Ideen werden bis zur Gegenwart ignoriert. Die UNO ist bem\u00fcht, mit verschiedenen Regeln und mit dem Sicherheitsrat den echten Frieden zu bewahren. F\u00fcr die westliche Ordnung galt Frieden bisher nur als die Abwesenheit der Kriege. Kriege galten als Optionen.<\/p>\n<p>Es ist eine historische Blindheit, dass linke Parteien und humane Bewegungen ge\u00e4chtet werden, weil sie Frieden zum Kern ihrer Programme erheben und gegen Eins\u00e4tze von Soldaten und Ger\u00e4t im Ausland votieren. Es wird auch \u00fcbersehen, dass es die Linken sind, die Ziele der b\u00fcrgerlichen Revolution von 1789 nach Gleichheit und sozialer Br\u00fcderlichkeit weiter verfolgen. Ziele, die L\u00e4nder der G7 bisher nicht erreicht haben. Die erreichte Freiheit beschr\u00e4nkte sich auf Machtbereiche der Wirtschaft, Politik, Medien, der Forschung und Kultur. Sie kam den eigenen abh\u00e4ngigen Schichten und dem Verh\u00e4ltnis zu den Entwicklungsl\u00e4ndern nicht zugute. Abgesehen von der Beendigung der feudalen Leibeigenschaft und der Sklaverei.<\/p>\n<p>Gleichfalls ist k\u00fcnftig ein neuer Umgang mit der Moral geboten. Nicht alles kann mit Gesetzen verboten werden. Fortschritt braucht Freiheiten, wenn andere nicht gesch\u00e4digt werden. Die Freiheit das Hundertfache f\u00fcr Vorstandsgeh\u00e4lter zuz\u00fcglich Boni aus den Kassen zu nehmen, im Vergleich zu den L\u00f6hnen und Geh\u00e4lter der Abh\u00e4ngigen oder Leiharbeiter widerspricht allen Grunds\u00e4tzen der Moral. Ebenfalls \u201eCum Ex\u201c Handlungen und die bisher nicht wirksam unterbundenen Steuerfluchten. Richter ben\u00f6tigen einen zus\u00e4tzlichen demokratisch abgestimmten Moralkodex f\u00fcr ihre Urteilsfindung.<\/p>\n","protected":false},"excerpt":{"rendered":"<p>Wiederholt reden Politiker der Ampelkoalition von einer neuen \u00c4ra, ohne explizit Inhalte zu benennen. Bundeskanzler Scholz spricht von einer Zeitenwende f\u00fcr die globale Stabilit\u00e4t (Berliner Zeitung 20.9.2022). Der Generalsekret\u00e4r der UNO Guterres betonte in seiner Er\u00f6ffnungsrede zur Generalversammlung, dass Krisen&hellip;<\/p>\n","protected":false},"author":1463,"featured_media":1665384,"comment_status":"closed","ping_status":"closed","sticky":false,"template":"","format":"standard","meta":{"footnotes":""},"categories":[9167,7835,9143,9157,11387],"tags":[28798,34565,69340,103667],"class_list":["post-1665380","post","type-post","status-publish","format-standard","has-post-thumbnail","hentry","category-frieden-und-abruestung","category-international-de","category-meinungen","category-oekologie-und-umwelt","category-originalinhalt","tag-friedenspolitik","tag-kooperation","tag-wertewandel","tag-zeitwende"],"yoast_head":"<!-- This site is optimized with the Yoast SEO plugin v27.1.1 - https:\/\/yoast.com\/product\/yoast-seo-wordpress\/ -->\n<title>Eine Zeitenwende?<\/title>\n<meta name=\"description\" content=\"Wiederholt reden Politiker der Ampelkoalition von einer neuen \u00c4ra, ohne explizit Inhalte zu benennen. Bundeskanzler Scholz spricht von einer Zeitenwende\" \/>\n<meta name=\"robots\" content=\"index, follow, max-snippet:-1, max-image-preview:large, max-video-preview:-1\" \/>\n<link rel=\"canonical\" href=\"https:\/\/www.pressenza.com\/de\/2022\/09\/eine-zeitenwende\/\" \/>\n<meta property=\"og:locale\" content=\"de_DE\" \/>\n<meta property=\"og:type\" content=\"article\" \/>\n<meta property=\"og:title\" content=\"Eine Zeitenwende?\" \/>\n<meta property=\"og:description\" content=\"Wiederholt reden Politiker der Ampelkoalition von einer neuen \u00c4ra, ohne explizit Inhalte zu benennen. Bundeskanzler Scholz spricht von einer Zeitenwende\" \/>\n<meta property=\"og:url\" content=\"https:\/\/www.pressenza.com\/de\/2022\/09\/eine-zeitenwende\/\" \/>\n<meta property=\"og:site_name\" content=\"Pressenza\" \/>\n<meta property=\"article:publisher\" content=\"https:\/\/www.facebook.com\/PressenzaItalia\" \/>\n<meta property=\"article:published_time\" content=\"2022-09-24T12:13:48+00:00\" \/>\n<meta property=\"og:image\" content=\"https:\/\/www.pressenza.com\/wp-content\/uploads\/2022\/09\/hands-1248727_1280.jpg\" \/>\n\t<meta property=\"og:image:width\" content=\"1280\" \/>\n\t<meta property=\"og:image:height\" content=\"960\" \/>\n\t<meta property=\"og:image:type\" content=\"image\/jpeg\" \/>\n<meta name=\"author\" content=\"G\u00fcnter Buhlke\" \/>\n<meta name=\"twitter:card\" content=\"summary_large_image\" \/>\n<meta name=\"twitter:creator\" content=\"@PressenzaIPA\" \/>\n<meta name=\"twitter:site\" content=\"@PressenzaIPA\" \/>\n<meta name=\"twitter:label1\" content=\"Verfasst von\" \/>\n\t<meta name=\"twitter:data1\" content=\"G\u00fcnter Buhlke\" \/>\n\t<meta name=\"twitter:label2\" content=\"Gesch\u00e4tzte Lesezeit\" \/>\n\t<meta name=\"twitter:data2\" content=\"4\u00a0Minuten\" \/>\n<script type=\"application\/ld+json\" class=\"yoast-schema-graph\">{\"@context\":\"https:\/\/schema.org\",\"@graph\":[{\"@type\":\"Article\",\"@id\":\"https:\/\/www.pressenza.com\/de\/2022\/09\/eine-zeitenwende\/#article\",\"isPartOf\":{\"@id\":\"https:\/\/www.pressenza.com\/de\/2022\/09\/eine-zeitenwende\/\"},\"author\":{\"name\":\"G\u00fcnter Buhlke\",\"@id\":\"https:\/\/www.pressenza.com\/de\/#\/schema\/person\/e48301baaf10fa4f78dc7566caf225b4\"},\"headline\":\"Eine Zeitenwende?\",\"datePublished\":\"2022-09-24T12:13:48+00:00\",\"mainEntityOfPage\":{\"@id\":\"https:\/\/www.pressenza.com\/de\/2022\/09\/eine-zeitenwende\/\"},\"wordCount\":765,\"publisher\":{\"@id\":\"https:\/\/www.pressenza.com\/de\/#organization\"},\"image\":{\"@id\":\"https:\/\/www.pressenza.com\/de\/2022\/09\/eine-zeitenwende\/#primaryimage\"},\"thumbnailUrl\":\"https:\/\/www.pressenza.com\/wp-content\/uploads\/2022\/09\/hands-1248727_1280.jpg\",\"keywords\":[\"Friedenspolitik\",\"Kooperation\",\"Wertewandel\",\"Zeitwende\"],\"articleSection\":[\"Frieden und Abr\u00fcstung\",\"International\",\"Meinungen\",\"\u00d6kologie und Umwelt\",\"Originalinhalt\"],\"inLanguage\":\"de\"},{\"@type\":\"WebPage\",\"@id\":\"https:\/\/www.pressenza.com\/de\/2022\/09\/eine-zeitenwende\/\",\"url\":\"https:\/\/www.pressenza.com\/de\/2022\/09\/eine-zeitenwende\/\",\"name\":\"Eine Zeitenwende?\",\"isPartOf\":{\"@id\":\"https:\/\/www.pressenza.com\/de\/#website\"},\"primaryImageOfPage\":{\"@id\":\"https:\/\/www.pressenza.com\/de\/2022\/09\/eine-zeitenwende\/#primaryimage\"},\"image\":{\"@id\":\"https:\/\/www.pressenza.com\/de\/2022\/09\/eine-zeitenwende\/#primaryimage\"},\"thumbnailUrl\":\"https:\/\/www.pressenza.com\/wp-content\/uploads\/2022\/09\/hands-1248727_1280.jpg\",\"datePublished\":\"2022-09-24T12:13:48+00:00\",\"description\":\"Wiederholt reden Politiker der Ampelkoalition von einer neuen \u00c4ra, ohne explizit Inhalte zu benennen. Bundeskanzler Scholz spricht von einer Zeitenwende\",\"breadcrumb\":{\"@id\":\"https:\/\/www.pressenza.com\/de\/2022\/09\/eine-zeitenwende\/#breadcrumb\"},\"inLanguage\":\"de\",\"potentialAction\":[{\"@type\":\"ReadAction\",\"target\":[\"https:\/\/www.pressenza.com\/de\/2022\/09\/eine-zeitenwende\/\"]}]},{\"@type\":\"ImageObject\",\"inLanguage\":\"de\",\"@id\":\"https:\/\/www.pressenza.com\/de\/2022\/09\/eine-zeitenwende\/#primaryimage\",\"url\":\"https:\/\/www.pressenza.com\/wp-content\/uploads\/2022\/09\/hands-1248727_1280.jpg\",\"contentUrl\":\"https:\/\/www.pressenza.com\/wp-content\/uploads\/2022\/09\/hands-1248727_1280.jpg\",\"width\":1280,\"height\":960,\"caption\":\"Eine Zeitenwende?\"},{\"@type\":\"BreadcrumbList\",\"@id\":\"https:\/\/www.pressenza.com\/de\/2022\/09\/eine-zeitenwende\/#breadcrumb\",\"itemListElement\":[{\"@type\":\"ListItem\",\"position\":1,\"name\":\"Accueil\",\"item\":\"https:\/\/www.pressenza.com\/de\/\"},{\"@type\":\"ListItem\",\"position\":2,\"name\":\"Eine Zeitenwende?\"}]},{\"@type\":\"WebSite\",\"@id\":\"https:\/\/www.pressenza.com\/de\/#website\",\"url\":\"https:\/\/www.pressenza.com\/de\/\",\"name\":\"Pressenza\",\"description\":\"International Press Agency\",\"publisher\":{\"@id\":\"https:\/\/www.pressenza.com\/de\/#organization\"},\"potentialAction\":[{\"@type\":\"SearchAction\",\"target\":{\"@type\":\"EntryPoint\",\"urlTemplate\":\"https:\/\/www.pressenza.com\/de\/?s={search_term_string}\"},\"query-input\":{\"@type\":\"PropertyValueSpecification\",\"valueRequired\":true,\"valueName\":\"search_term_string\"}}],\"inLanguage\":\"de\"},{\"@type\":\"Organization\",\"@id\":\"https:\/\/www.pressenza.com\/de\/#organization\",\"name\":\"Pressenza\",\"url\":\"https:\/\/www.pressenza.com\/de\/\",\"logo\":{\"@type\":\"ImageObject\",\"inLanguage\":\"de\",\"@id\":\"https:\/\/www.pressenza.com\/de\/#\/schema\/logo\/image\/\",\"url\":\"https:\/\/www.pressenza.com\/wp-content\/uploads\/2022\/10\/pressenza_logo_200x200.jpg\",\"contentUrl\":\"https:\/\/www.pressenza.com\/wp-content\/uploads\/2022\/10\/pressenza_logo_200x200.jpg\",\"width\":200,\"height\":200,\"caption\":\"Pressenza\"},\"image\":{\"@id\":\"https:\/\/www.pressenza.com\/de\/#\/schema\/logo\/image\/\"},\"sameAs\":[\"https:\/\/www.facebook.com\/PressenzaItalia\",\"https:\/\/x.com\/PressenzaIPA\"]},{\"@type\":\"Person\",\"@id\":\"https:\/\/www.pressenza.com\/de\/#\/schema\/person\/e48301baaf10fa4f78dc7566caf225b4\",\"name\":\"G\u00fcnter Buhlke\",\"description\":\"Geboren 1934, Studium an der Humboldtuniversit\u00e4t und der Hochschule f\u00fcr \u00d6konomie Berlin, dipl. Volkswirtschaftler. Internationale Arbeit als Handelsrat in Mexiko und Venezuela. Koordinator f\u00fcr die Wirtschaftsbeziehungen der DDR zu Lateinamerika. Wirtschaftserfahrungen als\u00a0langj\u00e4hriger Leiter des Schweizerischen Instituts f\u00fcr Betriebswirtschaft in Berlin, Vorstand einer Wohnungsgenossenschaft und Referent im Haushaltsausschuss der Volkskammer und des Bundestages. Gegenw\u00e4rtig ehrenamtliche T\u00e4tigkeiten.\",\"url\":\"https:\/\/www.pressenza.com\/de\/author\/guenter-buhlke\/\"}]}<\/script>\n<!-- \/ Yoast SEO plugin. -->","yoast_head_json":{"title":"Eine Zeitenwende?","description":"Wiederholt reden Politiker der Ampelkoalition von einer neuen \u00c4ra, ohne explizit Inhalte zu benennen. Bundeskanzler Scholz spricht von einer Zeitenwende","robots":{"index":"index","follow":"follow","max-snippet":"max-snippet:-1","max-image-preview":"max-image-preview:large","max-video-preview":"max-video-preview:-1"},"canonical":"https:\/\/www.pressenza.com\/de\/2022\/09\/eine-zeitenwende\/","og_locale":"de_DE","og_type":"article","og_title":"Eine Zeitenwende?","og_description":"Wiederholt reden Politiker der Ampelkoalition von einer neuen \u00c4ra, ohne explizit Inhalte zu benennen. Bundeskanzler Scholz spricht von einer Zeitenwende","og_url":"https:\/\/www.pressenza.com\/de\/2022\/09\/eine-zeitenwende\/","og_site_name":"Pressenza","article_publisher":"https:\/\/www.facebook.com\/PressenzaItalia","article_published_time":"2022-09-24T12:13:48+00:00","og_image":[{"width":1280,"height":960,"url":"https:\/\/www.pressenza.com\/wp-content\/uploads\/2022\/09\/hands-1248727_1280.jpg","type":"image\/jpeg"}],"author":"G\u00fcnter Buhlke","twitter_card":"summary_large_image","twitter_creator":"@PressenzaIPA","twitter_site":"@PressenzaIPA","twitter_misc":{"Verfasst von":"G\u00fcnter Buhlke","Gesch\u00e4tzte Lesezeit":"4\u00a0Minuten"},"schema":{"@context":"https:\/\/schema.org","@graph":[{"@type":"Article","@id":"https:\/\/www.pressenza.com\/de\/2022\/09\/eine-zeitenwende\/#article","isPartOf":{"@id":"https:\/\/www.pressenza.com\/de\/2022\/09\/eine-zeitenwende\/"},"author":{"name":"G\u00fcnter Buhlke","@id":"https:\/\/www.pressenza.com\/de\/#\/schema\/person\/e48301baaf10fa4f78dc7566caf225b4"},"headline":"Eine Zeitenwende?","datePublished":"2022-09-24T12:13:48+00:00","mainEntityOfPage":{"@id":"https:\/\/www.pressenza.com\/de\/2022\/09\/eine-zeitenwende\/"},"wordCount":765,"publisher":{"@id":"https:\/\/www.pressenza.com\/de\/#organization"},"image":{"@id":"https:\/\/www.pressenza.com\/de\/2022\/09\/eine-zeitenwende\/#primaryimage"},"thumbnailUrl":"https:\/\/www.pressenza.com\/wp-content\/uploads\/2022\/09\/hands-1248727_1280.jpg","keywords":["Friedenspolitik","Kooperation","Wertewandel","Zeitwende"],"articleSection":["Frieden und Abr\u00fcstung","International","Meinungen","\u00d6kologie und Umwelt","Originalinhalt"],"inLanguage":"de"},{"@type":"WebPage","@id":"https:\/\/www.pressenza.com\/de\/2022\/09\/eine-zeitenwende\/","url":"https:\/\/www.pressenza.com\/de\/2022\/09\/eine-zeitenwende\/","name":"Eine Zeitenwende?","isPartOf":{"@id":"https:\/\/www.pressenza.com\/de\/#website"},"primaryImageOfPage":{"@id":"https:\/\/www.pressenza.com\/de\/2022\/09\/eine-zeitenwende\/#primaryimage"},"image":{"@id":"https:\/\/www.pressenza.com\/de\/2022\/09\/eine-zeitenwende\/#primaryimage"},"thumbnailUrl":"https:\/\/www.pressenza.com\/wp-content\/uploads\/2022\/09\/hands-1248727_1280.jpg","datePublished":"2022-09-24T12:13:48+00:00","description":"Wiederholt reden Politiker der Ampelkoalition von einer neuen \u00c4ra, ohne explizit Inhalte zu benennen. Bundeskanzler Scholz spricht von einer Zeitenwende","breadcrumb":{"@id":"https:\/\/www.pressenza.com\/de\/2022\/09\/eine-zeitenwende\/#breadcrumb"},"inLanguage":"de","potentialAction":[{"@type":"ReadAction","target":["https:\/\/www.pressenza.com\/de\/2022\/09\/eine-zeitenwende\/"]}]},{"@type":"ImageObject","inLanguage":"de","@id":"https:\/\/www.pressenza.com\/de\/2022\/09\/eine-zeitenwende\/#primaryimage","url":"https:\/\/www.pressenza.com\/wp-content\/uploads\/2022\/09\/hands-1248727_1280.jpg","contentUrl":"https:\/\/www.pressenza.com\/wp-content\/uploads\/2022\/09\/hands-1248727_1280.jpg","width":1280,"height":960,"caption":"Eine Zeitenwende?"},{"@type":"BreadcrumbList","@id":"https:\/\/www.pressenza.com\/de\/2022\/09\/eine-zeitenwende\/#breadcrumb","itemListElement":[{"@type":"ListItem","position":1,"name":"Accueil","item":"https:\/\/www.pressenza.com\/de\/"},{"@type":"ListItem","position":2,"name":"Eine Zeitenwende?"}]},{"@type":"WebSite","@id":"https:\/\/www.pressenza.com\/de\/#website","url":"https:\/\/www.pressenza.com\/de\/","name":"Pressenza","description":"International Press Agency","publisher":{"@id":"https:\/\/www.pressenza.com\/de\/#organization"},"potentialAction":[{"@type":"SearchAction","target":{"@type":"EntryPoint","urlTemplate":"https:\/\/www.pressenza.com\/de\/?s={search_term_string}"},"query-input":{"@type":"PropertyValueSpecification","valueRequired":true,"valueName":"search_term_string"}}],"inLanguage":"de"},{"@type":"Organization","@id":"https:\/\/www.pressenza.com\/de\/#organization","name":"Pressenza","url":"https:\/\/www.pressenza.com\/de\/","logo":{"@type":"ImageObject","inLanguage":"de","@id":"https:\/\/www.pressenza.com\/de\/#\/schema\/logo\/image\/","url":"https:\/\/www.pressenza.com\/wp-content\/uploads\/2022\/10\/pressenza_logo_200x200.jpg","contentUrl":"https:\/\/www.pressenza.com\/wp-content\/uploads\/2022\/10\/pressenza_logo_200x200.jpg","width":200,"height":200,"caption":"Pressenza"},"image":{"@id":"https:\/\/www.pressenza.com\/de\/#\/schema\/logo\/image\/"},"sameAs":["https:\/\/www.facebook.com\/PressenzaItalia","https:\/\/x.com\/PressenzaIPA"]},{"@type":"Person","@id":"https:\/\/www.pressenza.com\/de\/#\/schema\/person\/e48301baaf10fa4f78dc7566caf225b4","name":"G\u00fcnter Buhlke","description":"Geboren 1934, Studium an der Humboldtuniversit\u00e4t und der Hochschule f\u00fcr \u00d6konomie Berlin, dipl. Volkswirtschaftler. Internationale Arbeit als Handelsrat in Mexiko und Venezuela. Koordinator f\u00fcr die Wirtschaftsbeziehungen der DDR zu Lateinamerika. Wirtschaftserfahrungen als\u00a0langj\u00e4hriger Leiter des Schweizerischen Instituts f\u00fcr Betriebswirtschaft in Berlin, Vorstand einer Wohnungsgenossenschaft und Referent im Haushaltsausschuss der Volkskammer und des Bundestages. Gegenw\u00e4rtig ehrenamtliche T\u00e4tigkeiten.","url":"https:\/\/www.pressenza.com\/de\/author\/guenter-buhlke\/"}]}},"place":"","original_article_url":"","_links":{"self":[{"href":"https:\/\/www.pressenza.com\/de\/wp-json\/wp\/v2\/posts\/1665380","targetHints":{"allow":["GET"]}}],"collection":[{"href":"https:\/\/www.pressenza.com\/de\/wp-json\/wp\/v2\/posts"}],"about":[{"href":"https:\/\/www.pressenza.com\/de\/wp-json\/wp\/v2\/types\/post"}],"author":[{"embeddable":true,"href":"https:\/\/www.pressenza.com\/de\/wp-json\/wp\/v2\/users\/1463"}],"replies":[{"embeddable":true,"href":"https:\/\/www.pressenza.com\/de\/wp-json\/wp\/v2\/comments?post=1665380"}],"version-history":[{"count":0,"href":"https:\/\/www.pressenza.com\/de\/wp-json\/wp\/v2\/posts\/1665380\/revisions"}],"wp:featuredmedia":[{"embeddable":true,"href":"https:\/\/www.pressenza.com\/de\/wp-json\/wp\/v2\/media\/1665384"}],"wp:attachment":[{"href":"https:\/\/www.pressenza.com\/de\/wp-json\/wp\/v2\/media?parent=1665380"}],"wp:term":[{"taxonomy":"category","embeddable":true,"href":"https:\/\/www.pressenza.com\/de\/wp-json\/wp\/v2\/categories?post=1665380"},{"taxonomy":"post_tag","embeddable":true,"href":"https:\/\/www.pressenza.com\/de\/wp-json\/wp\/v2\/tags?post=1665380"}],"curies":[{"name":"wp","href":"https:\/\/api.w.org\/{rel}","templated":true}]}}