{"id":1660874,"date":"2022-09-19T21:05:03","date_gmt":"2022-09-19T20:05:03","guid":{"rendered":"https:\/\/www.pressenza.com\/?p=1660874"},"modified":"2023-11-29T09:58:04","modified_gmt":"2023-11-29T09:58:04","slug":"klimaschutz-war-gestern-wie-gemeinwohl-oekonomie-anstrengungen-fuer-das-klima-eruebrigt","status":"publish","type":"post","link":"https:\/\/www.pressenza.com\/de\/2022\/09\/klimaschutz-war-gestern-wie-gemeinwohl-oekonomie-anstrengungen-fuer-das-klima-eruebrigt\/","title":{"rendered":"Klimaschutz war gestern: Wie Gemeinwohl-\u00d6konomie Anstrengungen f\u00fcr das Klima er\u00fcbrigt"},"content":{"rendered":"<p>Wer etwas f\u00fcr den Klimaschutz tun m\u00f6chte, muss aufh\u00f6ren, sich mit dem Klimaschutz zu besch\u00e4ftigen. Der Kampf f\u00fcr ein dem Menschen zutr\u00e4gliches Klima auf dem Planeten ist gek\u00e4mpft, er ist verloren, und er bindet die guten Kr\u00e4fte jener, die ihn mit sehr achtbarer Haltung aber ohne vern\u00fcnftige Aussicht auf Erfolg weiterk\u00e4mpfen.<\/p>\n<p>Der am 3. April 2022 ver\u00f6ffentlichte Bericht des <em>Intergovernmental Panel on Climate Change<\/em> zeigt das mit eindringlicher Deutlichkeit. Im Berichtsjahrzehnt 2010- 2019 sind die j\u00e4hrlichen Treibhausgasemissionen, allen Bem\u00fchungen, Beteuerungen und ohnedies sehr bescheidenen Zielsetzungen zu ihrer Reduktion zum Trotz, nicht gesunken, sondern gestiegen und haben ihren vorl\u00e4ufigen H\u00f6chststand in der Geschichte der Menschheit erreicht.<\/p>\n<p>Wie sollte das auch anders sein, mit jenem bisschen an Ma\u00dfnahmen zum Klimaschutz, das der Produktions- und Konsumweise des globalisierten Nordens in m\u00fchsamer Kleinstarbeit, Millimeter um Millimeter abgerungen werden muss: Da ein bisschen l\u00e4cherlich geringe CO2-Bepreisung; dort ein zumeist nicht verhindertes, nur verz\u00f6gertes Stra\u00dfenbauprojekt; dazu ein ganz klein wenig Lieferkettengesetz, an einen winzigen Adressatenkreis gerichtet, so dass sich f\u00fcr 99% aller Unternehmen nicht das Geringste \u00e4ndern wird; und nat\u00fcrlich der Emissionshandel, der zu klimasch\u00e4dlichen Produktionsweisen mehr einl\u00e4dt als er von ihnen abh\u00e4lt, dessen Probleml\u00f6sungskapazit\u00e4t aber entgegen aller Evidenz weiter behauptet wird.<\/p>\n<p>Es w\u00e4re besser, wenn wir aufh\u00f6ren w\u00fcrden uns Illusionen zu machen und einsehen wollten, dass es bei Weiterverfolgung der Produktions- und Konsumlogik des globalisierten Nordens einen effizienten Klimaschutz gar nicht geben kann. Die Erfordernisse einer gesunden \u00d6kologie sind dem gegenw\u00e4rtig weltbeherrschenden Wirtschaftsmodell nicht nur kein prim\u00e4res Anliegen. Sie sind ganz im Gegenteil seinen Interessen diametral entgegengesetzt. Jede mit dem erforderlichen Ma\u00df an Wirksamkeit ausgestattete Ma\u00dfnahme zum Klimaschutz bedeutet f\u00fcr die Art, in der der globalisierte Norden seine Wirtschaft betreibt und regelt nicht nur eine unbotm\u00e4\u00dfige Behinderung, sondern eine existentielle Bedrohung, die mit allen Mitteln bek\u00e4mpft und hintertrieben werden muss.<\/p>\n<p>Wer f\u00fcr ein lebensfreundliches Klima auf unserem Planeten etwas erreichen will, wird deshalb aufh\u00f6ren m\u00fcssen, seine Kr\u00e4fte an den tausenden Fronten der Besch\u00e4digung des Weltklimas aufzureiben und sich auf ein einziges Ziel konzentrieren m\u00fcssen, n\u00e4mlich darauf, der Sch\u00e4digung des Klimas die Gesch\u00e4ftsgrundlage zu entziehen. Wie das geschehen kann, demonstriert eine schnell wachsende Zahl von Unternehmen, Industriebetrieben, Kommunen und Einzelpersonen, die ihre wirtschaftliche T\u00e4tigkeit &#8211; aktuell auf freiwilliger Basis &#8211; an den Maximen jener Gemeinwohl-\u00d6konomie (1) orientieren, die nach der Empfehlung des Europ\u00e4ischen Wirtschafts- und Sozialausschusses (2) als f\u00fcr die Zukunft richtungsweisendes &#8222;O\u0308konomie-Modell sowohl in den europa\u0308ischen als auch die einzelstaatlichen Rechtsrahmen integriert werden&#8220; soll.<\/p>\n<p>Die vom zust\u00e4ndigen Ausschuss der EU empfohlene Etablierung des Gemeinwohl-\u00d6konomie-Modells als verbindliche Rechtsnorm w\u00fcrde den Klimaschutz als ein eigenst\u00e4ndiges Ziel er\u00fcbrigen, weil bei einer an sozialen und \u00f6kologischen R\u00fccksichten orientierten Gestaltung des Wirtschaftsrechts klimasch\u00e4dliche Handlungen keinen Vorteil mehr versprechen werden. Das ist gegenw\u00e4rtig anders, weil klimasch\u00e4dliche Produktionsverfahren und die Ausbeutung von durch keine ad\u00e4quate Sozialgesetzgebung gesch\u00fctzten Arbeitskr\u00e4ften im globalen S\u00fcden unter den geltenden gesetzlichen Rahmenbedingungen Wettbewerbsvorteile und Profit einbringen.<\/p>\n<p>Dazu kommt die vollkommene Machtlosigkeit der KonsumentInnen. Wer heute seine Konsumentscheidung an der sozialen und \u00f6kologischen Vertr\u00e4glichkeit von Produkten und Dienstleistungen orientieren will, hat zwei faktisch nahezu unl\u00f6sbare Probleme: Er muss sich erstens durch einen Dschungel von G\u00fctesiegeln, Zertifikaten, Gutachten und Bewertungen k\u00e4mpfen, von denen bei weitem nicht alle seri\u00f6sen Aufschluss \u00fcber die klimafreundliche Qualit\u00e4t des gepr\u00fcften Produkts geben, und er muss zweitens einen oft erheblich h\u00f6heren Preis bezahlen als jenen, den er zu erlegen h\u00e4tte, wenn er seine Kaufentscheidung ohne R\u00fccksicht auf Klima, Artenschutz und soziale Gerechtigkeit treffen w\u00fcrde.<\/p>\n<p>Ge\u00e4ndert werden kann das nur durch eine neue, am Gemeinwohl orientierte Wirtschaftsgesetzgebung, unter deren Bedingungen eine ad\u00e4quate, also eine massive Belastung klimasch\u00e4dlicher Verfahren und asozialer Gesch\u00e4ftspraktiken zu einer unproportionalen Verteuerung der so produzierten G\u00fcter und Dienstleistungen f\u00fchrt. Der aktuelle Wettbewerbsvorteil der R\u00fccksichtslosen wird durch eine solche zukunftsorientierte Neuordnung der gesetzlichen Rahmenbedingungen in einen finanziell sp\u00fcrbaren Nachteil verwandelt. Klima- und sozialsch\u00e4dliche Angebote sind dann nicht am Mangel von Siegeln und Logos, sondern einfach an ihrem absurd hohen Preis erkennbar. So bedarf Klimaschutz keiner gesonderten Anstrengung, sondern ist der unmittelbar eintretende Kollateralnutzen einer auf das Gemeinwohl ausgerichteten Art des Wirtschaftens.<\/p>\n<p>Erreicht wird das durch eine umfassende \u00dcberpr\u00fcfung der Bedeutung von wirtschaftlichen Aktivit\u00e4ten in Hinblick auf Menschenw\u00fcrde, Solidarit\u00e4t und Gerechtigkeit, \u00f6kologische Nachhaltigkeit, sowie Transparenz und Mitentscheidung an Hand einer von erfahrenen UnternehmerInnen entwickelten Matrix (3). Es ist mehr als erstaunlich, dass Gesetzgeber allen diesen f\u00fcr das Wohlergehen der Menschheit und des Planeten entscheidenden Fragen im Bereich der Wirtschaftsgesetze bisher keine Aufmerksamkeit geschenkt haben und die einzige \u00dcberpr\u00fcfung gesch\u00e4ftlicher Aktivit\u00e4ten, welche das Gesetz verlangt, die vergleichsweise platte und stupide Kontrolle der Gesch\u00e4ftszahlen ist. Schutzw\u00fcrdig erscheint dieser Art staatlicher F\u00fcrsorge lediglich das Kreditinteresse von Investoren und Gesch\u00e4ftspartnern. Nur auf dessen Wahrung ist die aktuelle Bilanzpflicht gerichtet. F\u00e4llt die Finanzbilanz unbefriedigend aus, zieht das schwerwiegende Folgen bis hin zur Aufl\u00f6sung des Unternehmens nach sich. Weltklima und Artenvielfalt sind den aktuellen Wirtschaftsgesetzen hingegen kein Schutzobjekt. In Deutschland sind in diesem Bereich nur etwa 300 Unternehmen (von ca. vier Millionen) \u00fcberhaupt berichtspflichtig. Ihre Berichte werden, im Gegensatz zur Finanzbilanz, keiner strengen \u00dcberpr\u00fcfung unterworfen. Negative Berichtsergebnisse ziehen keine Rechtsfolgen nach sich.<\/p>\n<p>Diese Pervertierung des \u00d6konomiebegriffes, die den Erfolg des Wirtschaftens einzig am d\u00fcmmsten seiner denkbaren Ergebnisse misst, am Geld, nota bene, ist die wesentliche Ursache der dr\u00e4ngenden Klimaprobleme. Die Etablierung einer klugen und mit ad\u00e4quaten Rechtsfolgen ausgestatteten sozial- und \u00f6kologiebezogenen Berichtspflicht aller bilanzpflichtigen Unternehmen ist jener \u00fcberf\u00e4llige, alles entscheidende Beitrag der Staatengemeinschaft zur Bereinigung von Klimasch\u00e4den, auf den wir nicht mehr lange warten k\u00f6nnen.<\/p>\n<p>&nbsp;<\/p>\n<p>(1) Christian Felber, Gemeinwohl-\u00d6konomie, M\u00fcnchen, 2018<br \/>\n(2) <a href=\"https:\/\/web.ecogood.org\/media\/filer_public\/13\/30\/1330a866-2d0a-42c5-81a6-73df8bf27521\/stellungnahme_gemeinwohl_oekonomie-ewsa_deutsch.pdf\" target=\"_blank\" rel=\"noopener\">https:\/\/web.ecogood.org\/media\/filer_public\/13\/30\/1330a866-2d0a-42c5-81a6-73df8bf27521\/stellungnahme_gemeinwohl_oekonomie-ewsa_deutsch.pdf<\/a><br \/>\n(3) Gemeinwohl-Matrix 5.0. <a href=\"https:\/\/web.ecogood.org\/de\/unsere-arbeit\/gemeinwohl-bilanz\/gemeinwohl-matrix\/\" target=\"_blank\" rel=\"noopener\">https:\/\/web.ecogood.org\/de\/unsere-arbeit\/gemeinwohl-bilanz\/gemeinwohl-matrix\/<\/a><\/p>\n<p>&nbsp;<\/p>\n<p><strong>\u00dcber den Autor<\/strong><\/p>\n<p>Sven Hartberger ist ein \u00f6sterreichischer Autor, \u00dcbersetzer, Dramaturg und Kulturmanager.<br \/>\nSeit M\u00e4rz 2021 ist er Sprecher der\u00a0<a href=\"https:\/\/austria.ecogood.org\/\" target=\"_blank\" rel=\"noopener\">Gemeinwohl-\u00d6konomie \u00d6sterreich<\/a>.<\/p>\n<p><img loading=\"lazy\" decoding=\"async\" class=\"alignnone wp-image-1660895\" src=\"https:\/\/www.pressenza.com\/wp-content\/uploads\/2022\/09\/Sven-Hartberger-Gemeinwohlokonomie-300x300.jpeg\" alt=\"\" width=\"233\" height=\"233\" srcset=\"https:\/\/www.pressenza.com\/wp-content\/uploads\/2022\/09\/Sven-Hartberger-Gemeinwohlokonomie-300x300.jpeg 300w, https:\/\/www.pressenza.com\/wp-content\/uploads\/2022\/09\/Sven-Hartberger-Gemeinwohlokonomie-150x150.jpeg 150w, https:\/\/www.pressenza.com\/wp-content\/uploads\/2022\/09\/Sven-Hartberger-Gemeinwohlokonomie.jpeg 749w\" sizes=\"auto, (max-width: 233px) 100vw, 233px\" \/><\/p>\n<blockquote><p><em>\u201eDas Artensterben wird ebensowenig aufh\u00f6ren wie das Ab\u00adschmelzen der Polkappen, und auch die Regenw\u00e4lder werden weiterbrennen, so lange sich nichts an unserem Wirtschafts\u00adsystem \u00e4ndert. Die PionierInnen der Gemeinwohl-\u00d6konomie geben dem Wirtschaften eine gute Richtung. Durch ihre Tat widerlegen sie den Philosophen Theodor W. Adorno und zeigen: Es gibt sehr wohl ein richtiges Leben im falschen.\u201c\u00a0<\/em><\/p><\/blockquote>\n<p>&nbsp;<\/p>\n<p>Der Artikel &#8222;Klimaschutz war gestern&#8220; von Sven Hartberger erschien erstmals in der Printausgabe von <a href=\"https:\/\/www.forum-csr.net\/News\/17701\/Habeck-Superstar.html\" target=\"_blank\" rel=\"noopener\">Forum Nachhaltig Wirtschaften<\/a> (Heft 02\/2022 vom 01. Juli, Schwerpunkt: Wirtschaft im Wandel).<\/p>\n","protected":false},"excerpt":{"rendered":"<p>Wer etwas f\u00fcr den Klimaschutz tun m\u00f6chte, muss aufh\u00f6ren, sich mit dem Klimaschutz zu besch\u00e4ftigen. Der Kampf f\u00fcr ein dem Menschen zutr\u00e4gliches Klima auf dem Planeten ist gek\u00e4mpft, er ist verloren, und er bindet die guten Kr\u00e4fte jener, die ihn&hellip;<\/p>\n","protected":false},"author":1097,"featured_media":1660885,"comment_status":"closed","ping_status":"closed","sticky":false,"template":"","format":"standard","meta":{"footnotes":""},"categories":[9143,9157,9168,9158],"tags":[12028,51350,48673,65631,30246],"class_list":["post-1660874","post","type-post","status-publish","format-standard","has-post-thumbnail","hentry","category-meinungen","category-oekologie-und-umwelt","category-politik","category-wirtschaft","tag-alternative-wirtschaftsmodelle","tag-co2-emissionen","tag-gemeinwohl-oekonomie","tag-gemeinwohlbilanz","tag-klimaschutz"],"yoast_head":"<!-- This site is optimized with the Yoast SEO plugin v27.1.1 - https:\/\/yoast.com\/product\/yoast-seo-wordpress\/ -->\n<title>Klimaschutz war gestern: Wie Gemeinwohl-\u00d6konomie Anstrengungen f\u00fcr das Klima er\u00fcbrigt<\/title>\n<meta name=\"description\" content=\"Die vom zust\u00e4ndigen Ausschuss der EU empfohlene Etablierung des Gemeinwohl-\u00d6konomie-Modells als verbindliche Rechtsnorm w\u00fcrde den Klimaschutz als ein eigenst\u00e4ndiges Ziel er\u00fcbrigen, weil bei einer an sozialen und \u00f6kologischen R\u00fccksichten orientierten Gestaltung des Wirtschaftsrechts klimasch\u00e4dliche Handlungen keinen Vorteil mehr versprechen werden.\" \/>\n<meta name=\"robots\" content=\"index, follow, max-snippet:-1, max-image-preview:large, max-video-preview:-1\" \/>\n<link rel=\"canonical\" href=\"https:\/\/www.pressenza.com\/de\/2022\/09\/klimaschutz-war-gestern-wie-gemeinwohl-oekonomie-anstrengungen-fuer-das-klima-eruebrigt\/\" \/>\n<meta property=\"og:locale\" content=\"de_DE\" \/>\n<meta property=\"og:type\" content=\"article\" \/>\n<meta property=\"og:title\" content=\"Klimaschutz war gestern: Wie Gemeinwohl-\u00d6konomie Anstrengungen f\u00fcr das Klima er\u00fcbrigt\" \/>\n<meta property=\"og:description\" content=\"Die vom zust\u00e4ndigen Ausschuss der EU empfohlene Etablierung des Gemeinwohl-\u00d6konomie-Modells als verbindliche Rechtsnorm w\u00fcrde den Klimaschutz als ein eigenst\u00e4ndiges Ziel er\u00fcbrigen, weil bei einer an sozialen und \u00f6kologischen R\u00fccksichten orientierten Gestaltung des Wirtschaftsrechts klimasch\u00e4dliche Handlungen keinen Vorteil mehr versprechen werden.\" \/>\n<meta property=\"og:url\" content=\"https:\/\/www.pressenza.com\/de\/2022\/09\/klimaschutz-war-gestern-wie-gemeinwohl-oekonomie-anstrengungen-fuer-das-klima-eruebrigt\/\" \/>\n<meta property=\"og:site_name\" content=\"Pressenza\" \/>\n<meta property=\"article:publisher\" content=\"https:\/\/www.facebook.com\/PressenzaItalia\" \/>\n<meta property=\"article:author\" content=\"https:\/\/www.facebook.com\/Pressenza-Deutschland-sterreich-Schweiz-281675388658060\/timeline\/\" \/>\n<meta property=\"article:published_time\" content=\"2022-09-19T20:05:03+00:00\" \/>\n<meta property=\"article:modified_time\" content=\"2023-11-29T09:58:04+00:00\" \/>\n<meta property=\"og:image\" content=\"https:\/\/www.pressenza.com\/wp-content\/uploads\/2022\/09\/Klimaschutz-Gemeinwohlokonomie.png\" \/>\n\t<meta property=\"og:image:width\" content=\"1020\" \/>\n\t<meta property=\"og:image:height\" content=\"713\" \/>\n\t<meta property=\"og:image:type\" content=\"image\/png\" \/>\n<meta name=\"author\" content=\"Pressenza Muenchen\" \/>\n<meta name=\"twitter:card\" content=\"summary_large_image\" \/>\n<meta name=\"twitter:creator\" content=\"@pressenza_ger\" \/>\n<meta name=\"twitter:site\" content=\"@PressenzaIPA\" \/>\n<meta name=\"twitter:label1\" content=\"Verfasst von\" \/>\n\t<meta name=\"twitter:data1\" content=\"Pressenza Muenchen\" \/>\n\t<meta name=\"twitter:label2\" content=\"Gesch\u00e4tzte Lesezeit\" \/>\n\t<meta name=\"twitter:data2\" content=\"5\u00a0Minuten\" \/>\n<script type=\"application\/ld+json\" class=\"yoast-schema-graph\">{\"@context\":\"https:\/\/schema.org\",\"@graph\":[{\"@type\":\"Article\",\"@id\":\"https:\/\/www.pressenza.com\/de\/2022\/09\/klimaschutz-war-gestern-wie-gemeinwohl-oekonomie-anstrengungen-fuer-das-klima-eruebrigt\/#article\",\"isPartOf\":{\"@id\":\"https:\/\/www.pressenza.com\/de\/2022\/09\/klimaschutz-war-gestern-wie-gemeinwohl-oekonomie-anstrengungen-fuer-das-klima-eruebrigt\/\"},\"author\":{\"name\":\"Pressenza Muenchen\",\"@id\":\"https:\/\/www.pressenza.com\/de\/#\/schema\/person\/0069724cfb2cb9785368a167d0d900b7\"},\"headline\":\"Klimaschutz war gestern: Wie Gemeinwohl-\u00d6konomie Anstrengungen f\u00fcr das Klima er\u00fcbrigt\",\"datePublished\":\"2022-09-19T20:05:03+00:00\",\"dateModified\":\"2023-11-29T09:58:04+00:00\",\"mainEntityOfPage\":{\"@id\":\"https:\/\/www.pressenza.com\/de\/2022\/09\/klimaschutz-war-gestern-wie-gemeinwohl-oekonomie-anstrengungen-fuer-das-klima-eruebrigt\/\"},\"wordCount\":1141,\"publisher\":{\"@id\":\"https:\/\/www.pressenza.com\/de\/#organization\"},\"image\":{\"@id\":\"https:\/\/www.pressenza.com\/de\/2022\/09\/klimaschutz-war-gestern-wie-gemeinwohl-oekonomie-anstrengungen-fuer-das-klima-eruebrigt\/#primaryimage\"},\"thumbnailUrl\":\"https:\/\/www.pressenza.com\/wp-content\/uploads\/2022\/09\/Klimaschutz-Gemeinwohlokonomie.png\",\"keywords\":[\"Alternative Wirtschaftsmodelle\",\"CO2-Emissionen\",\"Gemeinwohl-\u00d6konomie\",\"Gemeinwohlbilanz\",\"Klimaschutz\"],\"articleSection\":[\"Meinungen\",\"\u00d6kologie und Umwelt\",\"Politik\",\"Wirtschaft\"],\"inLanguage\":\"de\"},{\"@type\":\"WebPage\",\"@id\":\"https:\/\/www.pressenza.com\/de\/2022\/09\/klimaschutz-war-gestern-wie-gemeinwohl-oekonomie-anstrengungen-fuer-das-klima-eruebrigt\/\",\"url\":\"https:\/\/www.pressenza.com\/de\/2022\/09\/klimaschutz-war-gestern-wie-gemeinwohl-oekonomie-anstrengungen-fuer-das-klima-eruebrigt\/\",\"name\":\"Klimaschutz war gestern: Wie Gemeinwohl-\u00d6konomie Anstrengungen f\u00fcr das Klima er\u00fcbrigt\",\"isPartOf\":{\"@id\":\"https:\/\/www.pressenza.com\/de\/#website\"},\"primaryImageOfPage\":{\"@id\":\"https:\/\/www.pressenza.com\/de\/2022\/09\/klimaschutz-war-gestern-wie-gemeinwohl-oekonomie-anstrengungen-fuer-das-klima-eruebrigt\/#primaryimage\"},\"image\":{\"@id\":\"https:\/\/www.pressenza.com\/de\/2022\/09\/klimaschutz-war-gestern-wie-gemeinwohl-oekonomie-anstrengungen-fuer-das-klima-eruebrigt\/#primaryimage\"},\"thumbnailUrl\":\"https:\/\/www.pressenza.com\/wp-content\/uploads\/2022\/09\/Klimaschutz-Gemeinwohlokonomie.png\",\"datePublished\":\"2022-09-19T20:05:03+00:00\",\"dateModified\":\"2023-11-29T09:58:04+00:00\",\"description\":\"Die vom zust\u00e4ndigen Ausschuss der EU empfohlene Etablierung des Gemeinwohl-\u00d6konomie-Modells als verbindliche Rechtsnorm w\u00fcrde den Klimaschutz als ein eigenst\u00e4ndiges Ziel er\u00fcbrigen, weil bei einer an sozialen und \u00f6kologischen R\u00fccksichten orientierten Gestaltung des Wirtschaftsrechts klimasch\u00e4dliche Handlungen keinen Vorteil mehr versprechen werden.\",\"breadcrumb\":{\"@id\":\"https:\/\/www.pressenza.com\/de\/2022\/09\/klimaschutz-war-gestern-wie-gemeinwohl-oekonomie-anstrengungen-fuer-das-klima-eruebrigt\/#breadcrumb\"},\"inLanguage\":\"de\",\"potentialAction\":[{\"@type\":\"ReadAction\",\"target\":[\"https:\/\/www.pressenza.com\/de\/2022\/09\/klimaschutz-war-gestern-wie-gemeinwohl-oekonomie-anstrengungen-fuer-das-klima-eruebrigt\/\"]}]},{\"@type\":\"ImageObject\",\"inLanguage\":\"de\",\"@id\":\"https:\/\/www.pressenza.com\/de\/2022\/09\/klimaschutz-war-gestern-wie-gemeinwohl-oekonomie-anstrengungen-fuer-das-klima-eruebrigt\/#primaryimage\",\"url\":\"https:\/\/www.pressenza.com\/wp-content\/uploads\/2022\/09\/Klimaschutz-Gemeinwohlokonomie.png\",\"contentUrl\":\"https:\/\/www.pressenza.com\/wp-content\/uploads\/2022\/09\/Klimaschutz-Gemeinwohlokonomie.png\",\"width\":1020,\"height\":713,\"caption\":\"Klimaschutz war gestern: Wie Gemeinwohl-\u00d6konomie Anstrengungen f\u00fcr das Klima er\u00fcbrigt\"},{\"@type\":\"BreadcrumbList\",\"@id\":\"https:\/\/www.pressenza.com\/de\/2022\/09\/klimaschutz-war-gestern-wie-gemeinwohl-oekonomie-anstrengungen-fuer-das-klima-eruebrigt\/#breadcrumb\",\"itemListElement\":[{\"@type\":\"ListItem\",\"position\":1,\"name\":\"Accueil\",\"item\":\"https:\/\/www.pressenza.com\/de\/\"},{\"@type\":\"ListItem\",\"position\":2,\"name\":\"Klimaschutz war gestern: Wie Gemeinwohl-\u00d6konomie Anstrengungen f\u00fcr das Klima er\u00fcbrigt\"}]},{\"@type\":\"WebSite\",\"@id\":\"https:\/\/www.pressenza.com\/de\/#website\",\"url\":\"https:\/\/www.pressenza.com\/de\/\",\"name\":\"Pressenza\",\"description\":\"International Press Agency\",\"publisher\":{\"@id\":\"https:\/\/www.pressenza.com\/de\/#organization\"},\"potentialAction\":[{\"@type\":\"SearchAction\",\"target\":{\"@type\":\"EntryPoint\",\"urlTemplate\":\"https:\/\/www.pressenza.com\/de\/?s={search_term_string}\"},\"query-input\":{\"@type\":\"PropertyValueSpecification\",\"valueRequired\":true,\"valueName\":\"search_term_string\"}}],\"inLanguage\":\"de\"},{\"@type\":\"Organization\",\"@id\":\"https:\/\/www.pressenza.com\/de\/#organization\",\"name\":\"Pressenza\",\"url\":\"https:\/\/www.pressenza.com\/de\/\",\"logo\":{\"@type\":\"ImageObject\",\"inLanguage\":\"de\",\"@id\":\"https:\/\/www.pressenza.com\/de\/#\/schema\/logo\/image\/\",\"url\":\"https:\/\/www.pressenza.com\/wp-content\/uploads\/2022\/10\/pressenza_logo_200x200.jpg\",\"contentUrl\":\"https:\/\/www.pressenza.com\/wp-content\/uploads\/2022\/10\/pressenza_logo_200x200.jpg\",\"width\":200,\"height\":200,\"caption\":\"Pressenza\"},\"image\":{\"@id\":\"https:\/\/www.pressenza.com\/de\/#\/schema\/logo\/image\/\"},\"sameAs\":[\"https:\/\/www.facebook.com\/PressenzaItalia\",\"https:\/\/x.com\/PressenzaIPA\"]},{\"@type\":\"Person\",\"@id\":\"https:\/\/www.pressenza.com\/de\/#\/schema\/person\/0069724cfb2cb9785368a167d0d900b7\",\"name\":\"Pressenza Muenchen\",\"description\":\"News from the Pressenza bureau in Munich, Germany\",\"sameAs\":[\"https:\/\/www.facebook.com\/Pressenza-Deutschland-sterreich-Schweiz-281675388658060\/timeline\/\",\"https:\/\/x.com\/pressenza_ger\"],\"url\":\"https:\/\/www.pressenza.com\/de\/author\/pressenza-muenchen\/\"}]}<\/script>\n<!-- \/ Yoast SEO plugin. -->","yoast_head_json":{"title":"Klimaschutz war gestern: Wie Gemeinwohl-\u00d6konomie Anstrengungen f\u00fcr das Klima er\u00fcbrigt","description":"Die vom zust\u00e4ndigen Ausschuss der EU empfohlene Etablierung des Gemeinwohl-\u00d6konomie-Modells als verbindliche Rechtsnorm w\u00fcrde den Klimaschutz als ein eigenst\u00e4ndiges Ziel er\u00fcbrigen, weil bei einer an sozialen und \u00f6kologischen R\u00fccksichten orientierten Gestaltung des Wirtschaftsrechts klimasch\u00e4dliche Handlungen keinen Vorteil mehr versprechen werden.","robots":{"index":"index","follow":"follow","max-snippet":"max-snippet:-1","max-image-preview":"max-image-preview:large","max-video-preview":"max-video-preview:-1"},"canonical":"https:\/\/www.pressenza.com\/de\/2022\/09\/klimaschutz-war-gestern-wie-gemeinwohl-oekonomie-anstrengungen-fuer-das-klima-eruebrigt\/","og_locale":"de_DE","og_type":"article","og_title":"Klimaschutz war gestern: Wie Gemeinwohl-\u00d6konomie Anstrengungen f\u00fcr das Klima er\u00fcbrigt","og_description":"Die vom zust\u00e4ndigen Ausschuss der EU empfohlene Etablierung des Gemeinwohl-\u00d6konomie-Modells als verbindliche Rechtsnorm w\u00fcrde den Klimaschutz als ein eigenst\u00e4ndiges Ziel er\u00fcbrigen, weil bei einer an sozialen und \u00f6kologischen R\u00fccksichten orientierten Gestaltung des Wirtschaftsrechts klimasch\u00e4dliche Handlungen keinen Vorteil mehr versprechen werden.","og_url":"https:\/\/www.pressenza.com\/de\/2022\/09\/klimaschutz-war-gestern-wie-gemeinwohl-oekonomie-anstrengungen-fuer-das-klima-eruebrigt\/","og_site_name":"Pressenza","article_publisher":"https:\/\/www.facebook.com\/PressenzaItalia","article_author":"https:\/\/www.facebook.com\/Pressenza-Deutschland-sterreich-Schweiz-281675388658060\/timeline\/","article_published_time":"2022-09-19T20:05:03+00:00","article_modified_time":"2023-11-29T09:58:04+00:00","og_image":[{"width":1020,"height":713,"url":"https:\/\/www.pressenza.com\/wp-content\/uploads\/2022\/09\/Klimaschutz-Gemeinwohlokonomie.png","type":"image\/png"}],"author":"Pressenza Muenchen","twitter_card":"summary_large_image","twitter_creator":"@pressenza_ger","twitter_site":"@PressenzaIPA","twitter_misc":{"Verfasst von":"Pressenza Muenchen","Gesch\u00e4tzte Lesezeit":"5\u00a0Minuten"},"schema":{"@context":"https:\/\/schema.org","@graph":[{"@type":"Article","@id":"https:\/\/www.pressenza.com\/de\/2022\/09\/klimaschutz-war-gestern-wie-gemeinwohl-oekonomie-anstrengungen-fuer-das-klima-eruebrigt\/#article","isPartOf":{"@id":"https:\/\/www.pressenza.com\/de\/2022\/09\/klimaschutz-war-gestern-wie-gemeinwohl-oekonomie-anstrengungen-fuer-das-klima-eruebrigt\/"},"author":{"name":"Pressenza Muenchen","@id":"https:\/\/www.pressenza.com\/de\/#\/schema\/person\/0069724cfb2cb9785368a167d0d900b7"},"headline":"Klimaschutz war gestern: Wie Gemeinwohl-\u00d6konomie Anstrengungen f\u00fcr das Klima er\u00fcbrigt","datePublished":"2022-09-19T20:05:03+00:00","dateModified":"2023-11-29T09:58:04+00:00","mainEntityOfPage":{"@id":"https:\/\/www.pressenza.com\/de\/2022\/09\/klimaschutz-war-gestern-wie-gemeinwohl-oekonomie-anstrengungen-fuer-das-klima-eruebrigt\/"},"wordCount":1141,"publisher":{"@id":"https:\/\/www.pressenza.com\/de\/#organization"},"image":{"@id":"https:\/\/www.pressenza.com\/de\/2022\/09\/klimaschutz-war-gestern-wie-gemeinwohl-oekonomie-anstrengungen-fuer-das-klima-eruebrigt\/#primaryimage"},"thumbnailUrl":"https:\/\/www.pressenza.com\/wp-content\/uploads\/2022\/09\/Klimaschutz-Gemeinwohlokonomie.png","keywords":["Alternative Wirtschaftsmodelle","CO2-Emissionen","Gemeinwohl-\u00d6konomie","Gemeinwohlbilanz","Klimaschutz"],"articleSection":["Meinungen","\u00d6kologie und Umwelt","Politik","Wirtschaft"],"inLanguage":"de"},{"@type":"WebPage","@id":"https:\/\/www.pressenza.com\/de\/2022\/09\/klimaschutz-war-gestern-wie-gemeinwohl-oekonomie-anstrengungen-fuer-das-klima-eruebrigt\/","url":"https:\/\/www.pressenza.com\/de\/2022\/09\/klimaschutz-war-gestern-wie-gemeinwohl-oekonomie-anstrengungen-fuer-das-klima-eruebrigt\/","name":"Klimaschutz war gestern: Wie Gemeinwohl-\u00d6konomie Anstrengungen f\u00fcr das Klima er\u00fcbrigt","isPartOf":{"@id":"https:\/\/www.pressenza.com\/de\/#website"},"primaryImageOfPage":{"@id":"https:\/\/www.pressenza.com\/de\/2022\/09\/klimaschutz-war-gestern-wie-gemeinwohl-oekonomie-anstrengungen-fuer-das-klima-eruebrigt\/#primaryimage"},"image":{"@id":"https:\/\/www.pressenza.com\/de\/2022\/09\/klimaschutz-war-gestern-wie-gemeinwohl-oekonomie-anstrengungen-fuer-das-klima-eruebrigt\/#primaryimage"},"thumbnailUrl":"https:\/\/www.pressenza.com\/wp-content\/uploads\/2022\/09\/Klimaschutz-Gemeinwohlokonomie.png","datePublished":"2022-09-19T20:05:03+00:00","dateModified":"2023-11-29T09:58:04+00:00","description":"Die vom zust\u00e4ndigen Ausschuss der EU empfohlene Etablierung des Gemeinwohl-\u00d6konomie-Modells als verbindliche Rechtsnorm w\u00fcrde den Klimaschutz als ein eigenst\u00e4ndiges Ziel er\u00fcbrigen, weil bei einer an sozialen und \u00f6kologischen R\u00fccksichten orientierten Gestaltung des Wirtschaftsrechts klimasch\u00e4dliche Handlungen keinen Vorteil mehr versprechen werden.","breadcrumb":{"@id":"https:\/\/www.pressenza.com\/de\/2022\/09\/klimaschutz-war-gestern-wie-gemeinwohl-oekonomie-anstrengungen-fuer-das-klima-eruebrigt\/#breadcrumb"},"inLanguage":"de","potentialAction":[{"@type":"ReadAction","target":["https:\/\/www.pressenza.com\/de\/2022\/09\/klimaschutz-war-gestern-wie-gemeinwohl-oekonomie-anstrengungen-fuer-das-klima-eruebrigt\/"]}]},{"@type":"ImageObject","inLanguage":"de","@id":"https:\/\/www.pressenza.com\/de\/2022\/09\/klimaschutz-war-gestern-wie-gemeinwohl-oekonomie-anstrengungen-fuer-das-klima-eruebrigt\/#primaryimage","url":"https:\/\/www.pressenza.com\/wp-content\/uploads\/2022\/09\/Klimaschutz-Gemeinwohlokonomie.png","contentUrl":"https:\/\/www.pressenza.com\/wp-content\/uploads\/2022\/09\/Klimaschutz-Gemeinwohlokonomie.png","width":1020,"height":713,"caption":"Klimaschutz war gestern: Wie Gemeinwohl-\u00d6konomie Anstrengungen f\u00fcr das Klima er\u00fcbrigt"},{"@type":"BreadcrumbList","@id":"https:\/\/www.pressenza.com\/de\/2022\/09\/klimaschutz-war-gestern-wie-gemeinwohl-oekonomie-anstrengungen-fuer-das-klima-eruebrigt\/#breadcrumb","itemListElement":[{"@type":"ListItem","position":1,"name":"Accueil","item":"https:\/\/www.pressenza.com\/de\/"},{"@type":"ListItem","position":2,"name":"Klimaschutz war gestern: Wie Gemeinwohl-\u00d6konomie Anstrengungen f\u00fcr das Klima er\u00fcbrigt"}]},{"@type":"WebSite","@id":"https:\/\/www.pressenza.com\/de\/#website","url":"https:\/\/www.pressenza.com\/de\/","name":"Pressenza","description":"International Press Agency","publisher":{"@id":"https:\/\/www.pressenza.com\/de\/#organization"},"potentialAction":[{"@type":"SearchAction","target":{"@type":"EntryPoint","urlTemplate":"https:\/\/www.pressenza.com\/de\/?s={search_term_string}"},"query-input":{"@type":"PropertyValueSpecification","valueRequired":true,"valueName":"search_term_string"}}],"inLanguage":"de"},{"@type":"Organization","@id":"https:\/\/www.pressenza.com\/de\/#organization","name":"Pressenza","url":"https:\/\/www.pressenza.com\/de\/","logo":{"@type":"ImageObject","inLanguage":"de","@id":"https:\/\/www.pressenza.com\/de\/#\/schema\/logo\/image\/","url":"https:\/\/www.pressenza.com\/wp-content\/uploads\/2022\/10\/pressenza_logo_200x200.jpg","contentUrl":"https:\/\/www.pressenza.com\/wp-content\/uploads\/2022\/10\/pressenza_logo_200x200.jpg","width":200,"height":200,"caption":"Pressenza"},"image":{"@id":"https:\/\/www.pressenza.com\/de\/#\/schema\/logo\/image\/"},"sameAs":["https:\/\/www.facebook.com\/PressenzaItalia","https:\/\/x.com\/PressenzaIPA"]},{"@type":"Person","@id":"https:\/\/www.pressenza.com\/de\/#\/schema\/person\/0069724cfb2cb9785368a167d0d900b7","name":"Pressenza Muenchen","description":"News from the Pressenza bureau in Munich, Germany","sameAs":["https:\/\/www.facebook.com\/Pressenza-Deutschland-sterreich-Schweiz-281675388658060\/timeline\/","https:\/\/x.com\/pressenza_ger"],"url":"https:\/\/www.pressenza.com\/de\/author\/pressenza-muenchen\/"}]}},"place":"Sven Hartberger","original_article_url":"","_links":{"self":[{"href":"https:\/\/www.pressenza.com\/de\/wp-json\/wp\/v2\/posts\/1660874","targetHints":{"allow":["GET"]}}],"collection":[{"href":"https:\/\/www.pressenza.com\/de\/wp-json\/wp\/v2\/posts"}],"about":[{"href":"https:\/\/www.pressenza.com\/de\/wp-json\/wp\/v2\/types\/post"}],"author":[{"embeddable":true,"href":"https:\/\/www.pressenza.com\/de\/wp-json\/wp\/v2\/users\/1097"}],"replies":[{"embeddable":true,"href":"https:\/\/www.pressenza.com\/de\/wp-json\/wp\/v2\/comments?post=1660874"}],"version-history":[{"count":0,"href":"https:\/\/www.pressenza.com\/de\/wp-json\/wp\/v2\/posts\/1660874\/revisions"}],"wp:featuredmedia":[{"embeddable":true,"href":"https:\/\/www.pressenza.com\/de\/wp-json\/wp\/v2\/media\/1660885"}],"wp:attachment":[{"href":"https:\/\/www.pressenza.com\/de\/wp-json\/wp\/v2\/media?parent=1660874"}],"wp:term":[{"taxonomy":"category","embeddable":true,"href":"https:\/\/www.pressenza.com\/de\/wp-json\/wp\/v2\/categories?post=1660874"},{"taxonomy":"post_tag","embeddable":true,"href":"https:\/\/www.pressenza.com\/de\/wp-json\/wp\/v2\/tags?post=1660874"}],"curies":[{"name":"wp","href":"https:\/\/api.w.org\/{rel}","templated":true}]}}