{"id":1660214,"date":"2022-09-17T08:41:26","date_gmt":"2022-09-17T07:41:26","guid":{"rendered":"https:\/\/www.pressenza.com\/?p=1660214"},"modified":"2022-09-17T08:41:26","modified_gmt":"2022-09-17T07:41:26","slug":"segen-oder-problem-wie-die-nicht-relevanz-lateinamerikas-zwei-seiten-hat","status":"publish","type":"post","link":"https:\/\/www.pressenza.com\/de\/2022\/09\/segen-oder-problem-wie-die-nicht-relevanz-lateinamerikas-zwei-seiten-hat\/","title":{"rendered":"Segen oder Problem? Wie die Nicht-Relevanz Lateinamerikas zwei Seiten hat"},"content":{"rendered":"<p><strong>Federico Rojas de Galarreta, 39 Jahre alt und Dozent f\u00fcr Politikwissenschaften am Institut f\u00fcr Internationale Angelegenheiten der Universit\u00e4t Chile, spricht \u00fcber die sozialen Ungleichheiten in Lateinamerika und die Schwierigkeit, den gesamten Kontinent als Einheit zu betrachten.<\/strong><\/p>\n<p><strong><em>Was sind die gr\u00f6\u00dften sozialen Probleme in Lateinamerika?<\/em><\/strong><\/p>\n<p>Das ist eine sehr wichtige Frage. Ich denke, wir haben eine Mischung aus ungleichen Demokratien, ungleichen Gesellschaften und einer Erosion der Souver\u00e4nit\u00e4t im Kontext der Globalisierung, was nicht nur ein lokales Problem ist. Aber gerade in Lateinamerika mit seinen nicht sehr leistungsf\u00e4higen Staaten wird dieses Problem immer gr\u00f6\u00dfer und gr\u00f6\u00dfer. Einer der demokratischen Anspr\u00fcche besteht darin, dass wir alle gleich sind, zumindest formell. Wenn man in ungleichen Gesellschaften zusammenkommt, in denen die Menschen nicht die gleichen wirtschaftlichen Ressourcen oder den gleichen Einfluss haben, wird das demokratische Versprechen zunichte gemacht. Man hat also soziale und wirtschaftliche Ungleichheiten und das gebrochene Versprechen der politischen Gleichheit.<\/p>\n<p>Ich denke, dass die Unzufriedenheit mit der Demokratie ein latentes Problem ist, denn wenn sich dieser Trend der wachsenden Ungleichheit im Laufe der Zeit fortsetzt, wird die demokratische Legitimit\u00e4t abnehmen, und das ist ein Problem des politischen Systems.<\/p>\n<p>Dar\u00fcber hinaus gibt es globale Probleme, die gr\u00f6\u00dfer sind als die der Nationalstaaten. Dazu geh\u00f6ren zum Beispiel die Pandemie, Migrationsfragen, wachsende Wirtschaftsstr\u00f6me und das organisierte Verbrechen.<\/p>\n<p>Eine andere M\u00f6glichkeit, die gleiche Frage zu beantworten, ist, dass eines der globalen Probleme Lateinamerikas darin besteht, dass es nicht mehr relevant ist. Vielleicht ist das ein Problem, vielleicht aber auch ein Segen, denn wenn man sich die Region anschaut, ist sie demografisch gesehen im Vergleich zu Asien oder Europa nicht gro\u00df.<\/p>\n<p>Obwohl es sich nicht um eine relevante Region in der Welt handelt, ist es jetzt ein Problem, weil Lateinamerika Schwierigkeiten hat, seine Position in multilateralen Foren oder Treffen auf den Tisch zu bringen. Auf der anderen Seite kann es auch ein Segen sein, wenn es um Sicherheitsfragen geht. Lateinamerika ist nicht mit Kriegen oder milit\u00e4rischen Vertr\u00e4gen konfrontiert in einer Welt, die nicht wie ein Staatenverbund ist, in einer Welt, in der diese M\u00f6glichkeit wie in Amerika besteht; es scheint ein weit entferntes Thema zu sein.<\/p>\n<p><strong><em>Wenn eines der Probleme Lateinamerikas darin besteht, nicht mehr relevant zu sein, und dies ein Segen ist, wie k\u00f6nnen wir dann das Wachstum der Jugendtrends damit in Verbindung bringen, dass beides ein Segen ist, weil beide im Ausland sind?<\/em><\/strong><\/p>\n<p>Lateinamerika ist nicht relevant, was die materielle Macht oder die grafische Sicherheits\u00f6konomie angeht, aber es hat menschliche Potential, die diese Konditionierung \u00fcberwinden k\u00f6nnen. Ich denke, dass die Jugend-, die feministische und die Umweltbewegung einen ungew\u00f6hnlichen Einfluss auf die ganze Welt haben.<\/p>\n<p><img loading=\"lazy\" decoding=\"async\" class=\"aligncenter wp-image-1660215\" src=\"https:\/\/www.pressenza.com\/wp-content\/uploads\/2022\/09\/Federico_Rojas_de_Galarreta.jpg\" alt=\"\" width=\"829\" height=\"551\" srcset=\"https:\/\/www.pressenza.com\/wp-content\/uploads\/2022\/09\/Federico_Rojas_de_Galarreta.jpg 820w, https:\/\/www.pressenza.com\/wp-content\/uploads\/2022\/09\/Federico_Rojas_de_Galarreta-300x199.jpg 300w\" sizes=\"auto, (max-width: 829px) 100vw, 829px\" \/><\/p>\n<p>Ich glaube, dass sowohl der Feminismus als auch die Umweltbewegung f\u00fcr die lateinamerikanische Jugend im Moment wichtig sind, so dass es eine Chance geben k\u00f6nnte, andere lokale Kulturen zu beeinflussen. Wir neigen dazu, Lateinamerika als eine Einheit zu betrachten, aber es hat eine gro\u00dfe Vielfalt. Ich wei\u00df nicht, ob diese Ver\u00e4nderungen zwei, f\u00fcnf oder 20 Jahre dauern werden, aber offensichtlich sind sie im Gange. Sie haben unterschiedliche politische Ausdrucksformen, und die Politik ist normalerweise langsamer als die Gesellschaft.<\/p>\n<p><strong><em>Wie interpretieren Sie die Notwendigkeit, diese Bewegungen sichtbar zu machen, und welche Bewegungen sollten je nach Land mehr davon erhalten?<\/em><\/strong><\/p>\n<p>Ich denke, dass in L\u00e4ndern mit einem h\u00f6heren Prozentsatz an st\u00e4dtischer Bev\u00f6lkerung die feministische und die LGBTQ+-Bewegung sichtbarer sind, w\u00e4hrend in L\u00e4ndern mit anderen Bev\u00f6lkerungsgruppen Umweltfragen eine gr\u00f6\u00dfere Rolle spielen. Es gibt einen gro\u00dfen Gegensatz zwischen Kleinst\u00e4dten und Gro\u00dfst\u00e4dten in der Weltbev\u00f6lkerung.<\/p>\n<p><strong><em>Lateinamerika besteht aus mehr als 30 L\u00e4ndern, inwiefern kann man also von dem Kontinent als Ganzem sprechen?<\/em><\/strong><\/p>\n<p>Sie haben Gemeinsamkeiten. Sie haben das gleiche koloniale Erbe, sie teilen diese ungleichen demokratischen Probleme, den gleichen Begriff von Souver\u00e4nit\u00e4t und teilen Probleme, aber sie scheinen auch nicht das gleiche Interesse an einer Zusammenarbeit zu haben. Ich gebe Ihnen ein Beispiel: Wir haben die CELAC (Gemeinschaft der lateinamerikanischen und karibischen Staaten), ein zwischenstaatliches Forum zur Koordinierung der Positionen in internationalen Fragen. Wenn wir uns Lateinamerika und die Karibik ansehen, stellen wir fest, dass sie in Bezug auf den Klimawandel die gleichen Interessen haben, aber die gr\u00f6\u00dften Unterschiede bestehen zwischen den st\u00e4rker industrialisierten L\u00e4ndern wie Brasilien, Argentinien und Mexiko und den weniger industrialisierten L\u00e4ndern. Sie kommen nicht miteinander aus und einigen sich nicht auf einen gemeinsamen Standpunkt in Bezug auf Kohlenstoffemissionen.<\/p>\n<p>Sie haben eine kulturelle Geschichte, so dass wir Lateinamerika als eine Region mit Spannungen zwischen den L\u00e4ndern betrachten k\u00f6nnen. Es ist merkw\u00fcrdig, denn obwohl die Unterschiede gr\u00f6\u00dfer zu sein scheinen als die Gemeinsamkeiten, gibt es den Versuch, miteinander auszukommen und Lateinamerika politisch zu vereinen.<\/p>\n<p><strong><em>Die \u00dcbersetzung aus dem Englischen wurde von Alina Kulik <\/em><em>vom ehrenamtlichen Pressenza-\u00dcbersetzungsteam erstellt. <a href=\"https:\/\/www.pressenza.com\/de\/mitarbeiten\/\" target=\"_blank\" rel=\"noopener\">Wir suchen Freiwillige!<\/a><\/em><\/strong><\/p>\n","protected":false},"excerpt":{"rendered":"<p>Federico Rojas de Galarreta, 39 Jahre alt und Dozent f\u00fcr Politikwissenschaften am Institut f\u00fcr Internationale Angelegenheiten der Universit\u00e4t Chile, spricht \u00fcber die sozialen Ungleichheiten in Lateinamerika und die Schwierigkeit, den gesamten Kontinent als Einheit zu betrachten. Was sind die gr\u00f6\u00dften&hellip;<\/p>\n","protected":false},"author":2150,"featured_media":1658364,"comment_status":"closed","ping_status":"closed","sticky":false,"template":"","format":"standard","meta":{"footnotes":""},"categories":[9142,11387,9168,9154],"tags":[66795,19156,105657],"class_list":["post-1660214","post","type-post","status-publish","format-standard","has-post-thumbnail","hentry","category-interviews-de","category-originalinhalt","category-politik","category-suedamerika","tag-celac-de","tag-lateinamerika","tag-regionale-integration"],"yoast_head":"<!-- This site is optimized with the Yoast SEO plugin v27.1.1 - https:\/\/yoast.com\/product\/yoast-seo-wordpress\/ -->\n<title>Segen oder Problem? Wie die Nicht-Relevanz Lateinamerikas zwei Seiten hat<\/title>\n<meta name=\"description\" content=\"Federico Rojas de Galarreta, 39 Jahre alt und Dozent f\u00fcr Politikwissenschaften am Institut f\u00fcr Internationale Angelegenheiten der Universit\u00e4t Chile,\" \/>\n<meta name=\"robots\" content=\"index, follow, max-snippet:-1, max-image-preview:large, max-video-preview:-1\" \/>\n<link rel=\"canonical\" href=\"https:\/\/www.pressenza.com\/de\/2022\/09\/segen-oder-problem-wie-die-nicht-relevanz-lateinamerikas-zwei-seiten-hat\/\" \/>\n<meta property=\"og:locale\" content=\"de_DE\" \/>\n<meta property=\"og:type\" content=\"article\" \/>\n<meta property=\"og:title\" content=\"Segen oder Problem? Wie die Nicht-Relevanz Lateinamerikas zwei Seiten hat\" \/>\n<meta property=\"og:description\" content=\"Federico Rojas de Galarreta, 39 Jahre alt und Dozent f\u00fcr Politikwissenschaften am Institut f\u00fcr Internationale Angelegenheiten der Universit\u00e4t Chile,\" \/>\n<meta property=\"og:url\" content=\"https:\/\/www.pressenza.com\/de\/2022\/09\/segen-oder-problem-wie-die-nicht-relevanz-lateinamerikas-zwei-seiten-hat\/\" \/>\n<meta property=\"og:site_name\" content=\"Pressenza\" \/>\n<meta property=\"article:publisher\" content=\"https:\/\/www.facebook.com\/PressenzaItalia\" \/>\n<meta property=\"article:published_time\" content=\"2022-09-17T07:41:26+00:00\" \/>\n<meta property=\"og:image\" content=\"https:\/\/www.pressenza.com\/wp-content\/uploads\/2022\/09\/CG.jpeg\" \/>\n\t<meta property=\"og:image:width\" content=\"1008\" \/>\n\t<meta property=\"og:image:height\" content=\"435\" \/>\n\t<meta property=\"og:image:type\" content=\"image\/jpeg\" \/>\n<meta name=\"author\" content=\"Carolina Gomes\" \/>\n<meta name=\"twitter:card\" content=\"summary_large_image\" \/>\n<meta name=\"twitter:creator\" content=\"@Cjournalist__\" \/>\n<meta name=\"twitter:site\" content=\"@PressenzaIPA\" \/>\n<meta name=\"twitter:label1\" content=\"Verfasst von\" \/>\n\t<meta name=\"twitter:data1\" content=\"Carolina Gomes\" \/>\n\t<meta name=\"twitter:label2\" content=\"Gesch\u00e4tzte Lesezeit\" \/>\n\t<meta name=\"twitter:data2\" content=\"4\u00a0Minuten\" \/>\n<script type=\"application\/ld+json\" class=\"yoast-schema-graph\">{\"@context\":\"https:\/\/schema.org\",\"@graph\":[{\"@type\":\"Article\",\"@id\":\"https:\/\/www.pressenza.com\/de\/2022\/09\/segen-oder-problem-wie-die-nicht-relevanz-lateinamerikas-zwei-seiten-hat\/#article\",\"isPartOf\":{\"@id\":\"https:\/\/www.pressenza.com\/de\/2022\/09\/segen-oder-problem-wie-die-nicht-relevanz-lateinamerikas-zwei-seiten-hat\/\"},\"author\":{\"name\":\"Carolina Gomes\",\"@id\":\"https:\/\/www.pressenza.com\/de\/#\/schema\/person\/295f6a3be99a3768784e5aacbf27ed44\"},\"headline\":\"Segen oder Problem? Wie die Nicht-Relevanz Lateinamerikas zwei Seiten hat\",\"datePublished\":\"2022-09-17T07:41:26+00:00\",\"mainEntityOfPage\":{\"@id\":\"https:\/\/www.pressenza.com\/de\/2022\/09\/segen-oder-problem-wie-die-nicht-relevanz-lateinamerikas-zwei-seiten-hat\/\"},\"wordCount\":826,\"publisher\":{\"@id\":\"https:\/\/www.pressenza.com\/de\/#organization\"},\"image\":{\"@id\":\"https:\/\/www.pressenza.com\/de\/2022\/09\/segen-oder-problem-wie-die-nicht-relevanz-lateinamerikas-zwei-seiten-hat\/#primaryimage\"},\"thumbnailUrl\":\"https:\/\/www.pressenza.com\/wp-content\/uploads\/2022\/09\/CG.jpeg\",\"keywords\":[\"CELAC\",\"Lateinamerika\",\"regionale Integration\"],\"articleSection\":[\"Interviews\",\"Originalinhalt\",\"Politik\",\"S\u00fcdamerika\"],\"inLanguage\":\"de\"},{\"@type\":\"WebPage\",\"@id\":\"https:\/\/www.pressenza.com\/de\/2022\/09\/segen-oder-problem-wie-die-nicht-relevanz-lateinamerikas-zwei-seiten-hat\/\",\"url\":\"https:\/\/www.pressenza.com\/de\/2022\/09\/segen-oder-problem-wie-die-nicht-relevanz-lateinamerikas-zwei-seiten-hat\/\",\"name\":\"Segen oder Problem? Wie die Nicht-Relevanz Lateinamerikas zwei Seiten hat\",\"isPartOf\":{\"@id\":\"https:\/\/www.pressenza.com\/de\/#website\"},\"primaryImageOfPage\":{\"@id\":\"https:\/\/www.pressenza.com\/de\/2022\/09\/segen-oder-problem-wie-die-nicht-relevanz-lateinamerikas-zwei-seiten-hat\/#primaryimage\"},\"image\":{\"@id\":\"https:\/\/www.pressenza.com\/de\/2022\/09\/segen-oder-problem-wie-die-nicht-relevanz-lateinamerikas-zwei-seiten-hat\/#primaryimage\"},\"thumbnailUrl\":\"https:\/\/www.pressenza.com\/wp-content\/uploads\/2022\/09\/CG.jpeg\",\"datePublished\":\"2022-09-17T07:41:26+00:00\",\"description\":\"Federico Rojas de Galarreta, 39 Jahre alt und Dozent f\u00fcr Politikwissenschaften am Institut f\u00fcr Internationale Angelegenheiten der Universit\u00e4t Chile,\",\"breadcrumb\":{\"@id\":\"https:\/\/www.pressenza.com\/de\/2022\/09\/segen-oder-problem-wie-die-nicht-relevanz-lateinamerikas-zwei-seiten-hat\/#breadcrumb\"},\"inLanguage\":\"de\",\"potentialAction\":[{\"@type\":\"ReadAction\",\"target\":[\"https:\/\/www.pressenza.com\/de\/2022\/09\/segen-oder-problem-wie-die-nicht-relevanz-lateinamerikas-zwei-seiten-hat\/\"]}]},{\"@type\":\"ImageObject\",\"inLanguage\":\"de\",\"@id\":\"https:\/\/www.pressenza.com\/de\/2022\/09\/segen-oder-problem-wie-die-nicht-relevanz-lateinamerikas-zwei-seiten-hat\/#primaryimage\",\"url\":\"https:\/\/www.pressenza.com\/wp-content\/uploads\/2022\/09\/CG.jpeg\",\"contentUrl\":\"https:\/\/www.pressenza.com\/wp-content\/uploads\/2022\/09\/CG.jpeg\",\"width\":1008,\"height\":435,\"caption\":\"Social inequalities trigger protests all over Latin America, 2019.\"},{\"@type\":\"BreadcrumbList\",\"@id\":\"https:\/\/www.pressenza.com\/de\/2022\/09\/segen-oder-problem-wie-die-nicht-relevanz-lateinamerikas-zwei-seiten-hat\/#breadcrumb\",\"itemListElement\":[{\"@type\":\"ListItem\",\"position\":1,\"name\":\"Accueil\",\"item\":\"https:\/\/www.pressenza.com\/de\/\"},{\"@type\":\"ListItem\",\"position\":2,\"name\":\"Segen oder Problem? Wie die Nicht-Relevanz Lateinamerikas zwei Seiten hat\"}]},{\"@type\":\"WebSite\",\"@id\":\"https:\/\/www.pressenza.com\/de\/#website\",\"url\":\"https:\/\/www.pressenza.com\/de\/\",\"name\":\"Pressenza\",\"description\":\"International Press Agency\",\"publisher\":{\"@id\":\"https:\/\/www.pressenza.com\/de\/#organization\"},\"potentialAction\":[{\"@type\":\"SearchAction\",\"target\":{\"@type\":\"EntryPoint\",\"urlTemplate\":\"https:\/\/www.pressenza.com\/de\/?s={search_term_string}\"},\"query-input\":{\"@type\":\"PropertyValueSpecification\",\"valueRequired\":true,\"valueName\":\"search_term_string\"}}],\"inLanguage\":\"de\"},{\"@type\":\"Organization\",\"@id\":\"https:\/\/www.pressenza.com\/de\/#organization\",\"name\":\"Pressenza\",\"url\":\"https:\/\/www.pressenza.com\/de\/\",\"logo\":{\"@type\":\"ImageObject\",\"inLanguage\":\"de\",\"@id\":\"https:\/\/www.pressenza.com\/de\/#\/schema\/logo\/image\/\",\"url\":\"https:\/\/www.pressenza.com\/wp-content\/uploads\/2022\/10\/pressenza_logo_200x200.jpg\",\"contentUrl\":\"https:\/\/www.pressenza.com\/wp-content\/uploads\/2022\/10\/pressenza_logo_200x200.jpg\",\"width\":200,\"height\":200,\"caption\":\"Pressenza\"},\"image\":{\"@id\":\"https:\/\/www.pressenza.com\/de\/#\/schema\/logo\/image\/\"},\"sameAs\":[\"https:\/\/www.facebook.com\/PressenzaItalia\",\"https:\/\/x.com\/PressenzaIPA\"]},{\"@type\":\"Person\",\"@id\":\"https:\/\/www.pressenza.com\/de\/#\/schema\/person\/295f6a3be99a3768784e5aacbf27ed44\",\"name\":\"Carolina Gomes\",\"description\":\"Freelance journalist based in the UK. Email me at carolina.gomes.journalist@gmail.com.\",\"sameAs\":[\"https:\/\/x.com\/Cjournalist__\"],\"url\":\"https:\/\/www.pressenza.com\/de\/author\/carolina-gomes\/\"}]}<\/script>\n<!-- \/ Yoast SEO plugin. -->","yoast_head_json":{"title":"Segen oder Problem? Wie die Nicht-Relevanz Lateinamerikas zwei Seiten hat","description":"Federico Rojas de Galarreta, 39 Jahre alt und Dozent f\u00fcr Politikwissenschaften am Institut f\u00fcr Internationale Angelegenheiten der Universit\u00e4t Chile,","robots":{"index":"index","follow":"follow","max-snippet":"max-snippet:-1","max-image-preview":"max-image-preview:large","max-video-preview":"max-video-preview:-1"},"canonical":"https:\/\/www.pressenza.com\/de\/2022\/09\/segen-oder-problem-wie-die-nicht-relevanz-lateinamerikas-zwei-seiten-hat\/","og_locale":"de_DE","og_type":"article","og_title":"Segen oder Problem? Wie die Nicht-Relevanz Lateinamerikas zwei Seiten hat","og_description":"Federico Rojas de Galarreta, 39 Jahre alt und Dozent f\u00fcr Politikwissenschaften am Institut f\u00fcr Internationale Angelegenheiten der Universit\u00e4t Chile,","og_url":"https:\/\/www.pressenza.com\/de\/2022\/09\/segen-oder-problem-wie-die-nicht-relevanz-lateinamerikas-zwei-seiten-hat\/","og_site_name":"Pressenza","article_publisher":"https:\/\/www.facebook.com\/PressenzaItalia","article_published_time":"2022-09-17T07:41:26+00:00","og_image":[{"width":1008,"height":435,"url":"https:\/\/www.pressenza.com\/wp-content\/uploads\/2022\/09\/CG.jpeg","type":"image\/jpeg"}],"author":"Carolina Gomes","twitter_card":"summary_large_image","twitter_creator":"@Cjournalist__","twitter_site":"@PressenzaIPA","twitter_misc":{"Verfasst von":"Carolina Gomes","Gesch\u00e4tzte Lesezeit":"4\u00a0Minuten"},"schema":{"@context":"https:\/\/schema.org","@graph":[{"@type":"Article","@id":"https:\/\/www.pressenza.com\/de\/2022\/09\/segen-oder-problem-wie-die-nicht-relevanz-lateinamerikas-zwei-seiten-hat\/#article","isPartOf":{"@id":"https:\/\/www.pressenza.com\/de\/2022\/09\/segen-oder-problem-wie-die-nicht-relevanz-lateinamerikas-zwei-seiten-hat\/"},"author":{"name":"Carolina Gomes","@id":"https:\/\/www.pressenza.com\/de\/#\/schema\/person\/295f6a3be99a3768784e5aacbf27ed44"},"headline":"Segen oder Problem? Wie die Nicht-Relevanz Lateinamerikas zwei Seiten hat","datePublished":"2022-09-17T07:41:26+00:00","mainEntityOfPage":{"@id":"https:\/\/www.pressenza.com\/de\/2022\/09\/segen-oder-problem-wie-die-nicht-relevanz-lateinamerikas-zwei-seiten-hat\/"},"wordCount":826,"publisher":{"@id":"https:\/\/www.pressenza.com\/de\/#organization"},"image":{"@id":"https:\/\/www.pressenza.com\/de\/2022\/09\/segen-oder-problem-wie-die-nicht-relevanz-lateinamerikas-zwei-seiten-hat\/#primaryimage"},"thumbnailUrl":"https:\/\/www.pressenza.com\/wp-content\/uploads\/2022\/09\/CG.jpeg","keywords":["CELAC","Lateinamerika","regionale Integration"],"articleSection":["Interviews","Originalinhalt","Politik","S\u00fcdamerika"],"inLanguage":"de"},{"@type":"WebPage","@id":"https:\/\/www.pressenza.com\/de\/2022\/09\/segen-oder-problem-wie-die-nicht-relevanz-lateinamerikas-zwei-seiten-hat\/","url":"https:\/\/www.pressenza.com\/de\/2022\/09\/segen-oder-problem-wie-die-nicht-relevanz-lateinamerikas-zwei-seiten-hat\/","name":"Segen oder Problem? Wie die Nicht-Relevanz Lateinamerikas zwei Seiten hat","isPartOf":{"@id":"https:\/\/www.pressenza.com\/de\/#website"},"primaryImageOfPage":{"@id":"https:\/\/www.pressenza.com\/de\/2022\/09\/segen-oder-problem-wie-die-nicht-relevanz-lateinamerikas-zwei-seiten-hat\/#primaryimage"},"image":{"@id":"https:\/\/www.pressenza.com\/de\/2022\/09\/segen-oder-problem-wie-die-nicht-relevanz-lateinamerikas-zwei-seiten-hat\/#primaryimage"},"thumbnailUrl":"https:\/\/www.pressenza.com\/wp-content\/uploads\/2022\/09\/CG.jpeg","datePublished":"2022-09-17T07:41:26+00:00","description":"Federico Rojas de Galarreta, 39 Jahre alt und Dozent f\u00fcr Politikwissenschaften am Institut f\u00fcr Internationale Angelegenheiten der Universit\u00e4t Chile,","breadcrumb":{"@id":"https:\/\/www.pressenza.com\/de\/2022\/09\/segen-oder-problem-wie-die-nicht-relevanz-lateinamerikas-zwei-seiten-hat\/#breadcrumb"},"inLanguage":"de","potentialAction":[{"@type":"ReadAction","target":["https:\/\/www.pressenza.com\/de\/2022\/09\/segen-oder-problem-wie-die-nicht-relevanz-lateinamerikas-zwei-seiten-hat\/"]}]},{"@type":"ImageObject","inLanguage":"de","@id":"https:\/\/www.pressenza.com\/de\/2022\/09\/segen-oder-problem-wie-die-nicht-relevanz-lateinamerikas-zwei-seiten-hat\/#primaryimage","url":"https:\/\/www.pressenza.com\/wp-content\/uploads\/2022\/09\/CG.jpeg","contentUrl":"https:\/\/www.pressenza.com\/wp-content\/uploads\/2022\/09\/CG.jpeg","width":1008,"height":435,"caption":"Social inequalities trigger protests all over Latin America, 2019."},{"@type":"BreadcrumbList","@id":"https:\/\/www.pressenza.com\/de\/2022\/09\/segen-oder-problem-wie-die-nicht-relevanz-lateinamerikas-zwei-seiten-hat\/#breadcrumb","itemListElement":[{"@type":"ListItem","position":1,"name":"Accueil","item":"https:\/\/www.pressenza.com\/de\/"},{"@type":"ListItem","position":2,"name":"Segen oder Problem? Wie die Nicht-Relevanz Lateinamerikas zwei Seiten hat"}]},{"@type":"WebSite","@id":"https:\/\/www.pressenza.com\/de\/#website","url":"https:\/\/www.pressenza.com\/de\/","name":"Pressenza","description":"International Press Agency","publisher":{"@id":"https:\/\/www.pressenza.com\/de\/#organization"},"potentialAction":[{"@type":"SearchAction","target":{"@type":"EntryPoint","urlTemplate":"https:\/\/www.pressenza.com\/de\/?s={search_term_string}"},"query-input":{"@type":"PropertyValueSpecification","valueRequired":true,"valueName":"search_term_string"}}],"inLanguage":"de"},{"@type":"Organization","@id":"https:\/\/www.pressenza.com\/de\/#organization","name":"Pressenza","url":"https:\/\/www.pressenza.com\/de\/","logo":{"@type":"ImageObject","inLanguage":"de","@id":"https:\/\/www.pressenza.com\/de\/#\/schema\/logo\/image\/","url":"https:\/\/www.pressenza.com\/wp-content\/uploads\/2022\/10\/pressenza_logo_200x200.jpg","contentUrl":"https:\/\/www.pressenza.com\/wp-content\/uploads\/2022\/10\/pressenza_logo_200x200.jpg","width":200,"height":200,"caption":"Pressenza"},"image":{"@id":"https:\/\/www.pressenza.com\/de\/#\/schema\/logo\/image\/"},"sameAs":["https:\/\/www.facebook.com\/PressenzaItalia","https:\/\/x.com\/PressenzaIPA"]},{"@type":"Person","@id":"https:\/\/www.pressenza.com\/de\/#\/schema\/person\/295f6a3be99a3768784e5aacbf27ed44","name":"Carolina Gomes","description":"Freelance journalist based in the UK. Email me at carolina.gomes.journalist@gmail.com.","sameAs":["https:\/\/x.com\/Cjournalist__"],"url":"https:\/\/www.pressenza.com\/de\/author\/carolina-gomes\/"}]}},"place":"","original_article_url":"","_links":{"self":[{"href":"https:\/\/www.pressenza.com\/de\/wp-json\/wp\/v2\/posts\/1660214","targetHints":{"allow":["GET"]}}],"collection":[{"href":"https:\/\/www.pressenza.com\/de\/wp-json\/wp\/v2\/posts"}],"about":[{"href":"https:\/\/www.pressenza.com\/de\/wp-json\/wp\/v2\/types\/post"}],"author":[{"embeddable":true,"href":"https:\/\/www.pressenza.com\/de\/wp-json\/wp\/v2\/users\/2150"}],"replies":[{"embeddable":true,"href":"https:\/\/www.pressenza.com\/de\/wp-json\/wp\/v2\/comments?post=1660214"}],"version-history":[{"count":0,"href":"https:\/\/www.pressenza.com\/de\/wp-json\/wp\/v2\/posts\/1660214\/revisions"}],"wp:featuredmedia":[{"embeddable":true,"href":"https:\/\/www.pressenza.com\/de\/wp-json\/wp\/v2\/media\/1658364"}],"wp:attachment":[{"href":"https:\/\/www.pressenza.com\/de\/wp-json\/wp\/v2\/media?parent=1660214"}],"wp:term":[{"taxonomy":"category","embeddable":true,"href":"https:\/\/www.pressenza.com\/de\/wp-json\/wp\/v2\/categories?post=1660214"},{"taxonomy":"post_tag","embeddable":true,"href":"https:\/\/www.pressenza.com\/de\/wp-json\/wp\/v2\/tags?post=1660214"}],"curies":[{"name":"wp","href":"https:\/\/api.w.org\/{rel}","templated":true}]}}