{"id":1655977,"date":"2022-09-12T15:01:09","date_gmt":"2022-09-12T14:01:09","guid":{"rendered":"https:\/\/www.pressenza.com\/?p=1655977"},"modified":"2022-09-12T15:01:09","modified_gmt":"2022-09-12T14:01:09","slug":"frontalangriff-auf-das-europaeische-asylrecht","status":"publish","type":"post","link":"https:\/\/www.pressenza.com\/de\/2022\/09\/frontalangriff-auf-das-europaeische-asylrecht\/","title":{"rendered":"Frontalangriff auf das europ\u00e4ische Asylrecht"},"content":{"rendered":"<p><strong>PRO ASYL und rund 60 NGOs aus ganz Europa warnen in einem Brandbrief vom 8. September angesichts einer derzeit diskutierten EU-Verordnung vor einer weitreichenden Aushebelung des europ\u00e4ischen Asylrechts.\u00a0<\/strong><\/p>\n<p>In Br\u00fcssel und den europ\u00e4ischen Hauptst\u00e4dten soll im Hauruck-Tempo eine EU-Verordnung durchgepeitscht werden, die das europ\u00e4ische Asylsystem weitgehend aushebelt. \u201eDiese Verordnung darf nicht verabschiedet werden \u2013 sie ist ein Frontalangriff auf das europ\u00e4ische Asylsystem und die Rechtsstaatlichkeit in Europa. Die Bundesregierung darf ihr im Rat keinesfalls zustimmen\u201c, fordert Karl Kopp, Leiter der Europa-Abteilung von PRO\u00a0ASYL.<\/p>\n<p>Im Dezember 2021 legte die Europ\u00e4ische Kommission einen <a href=\"https:\/\/eur-lex.europa.eu\/legal-content\/DE\/TXT\/PDF\/?uri=CELEX:52021PC0890&amp;from=EN\">Vorschlag f\u00fcr eine Verordnung<\/a> vor, die den EU-Mitgliedstaaten in Situationen der \u201eInstrumentalisierung\u201c von Migration und Asyl erm\u00f6glicht, von ihren Verpflichtungen nach dem EU-Asylrecht abzuweichen. Ausl\u00f6ser war die Initiative des belarussischen Diktators Lukaschenko, der die Not von Schutzsuchenden schamlos ausnutzte und diese an die EU-Grenze brachte. Der Mechanismus, der nun diskutiert wird, soll den EU-Mitgliedstaaten dauerhaft zur Verf\u00fcgung stehen und in verschiedenen Situationen in Anspruch genommen werden. Die Folge ist, dass die Nationalstaaten nach Belieben von ihren menschenrechtlichen Verpflichtungen abweichen k\u00f6nnen.<\/p>\n<p>\u201eWir beobachten seit Jahren eine Erosion des Asylrechts und der Rechtsstaatlichkeit an den europ\u00e4ischen Au\u00dfengrenzen. Doch mit dieser Verordnung w\u00fcrden sch\u00e4bige Praktiken von Rechtsbr\u00fcchen in Gesetzesform gegossen. Das bedeutet einen Freifahrtschein f\u00fcr repressive Regierungen in der EU, die die Rechte von Schutzsuchenden mit F\u00fc\u00dfen treten\u201c, warnt Karl\u00a0Kopp.<\/p>\n<p><strong>Gef\u00e4hrlicher Pr\u00e4zedenzfall: Rechtsstaatlichkeit in Europa wird in Frage gestellt\u00a0<\/strong><\/p>\n<p>Die <a href=\"https:\/\/ecre.org\/joint-statement-ngos-call-on-member-states-agreeing-on-the-instrumentalisation-regulation-will-be-the-final-blow-to-a-common-european-asylum-system-ceas-in-europe\/\">Stellungnahme<\/a> wurde von knapp sechzig NGOs aus ganz Europa unterzeichnet, darunter der Europ\u00e4ische Fl\u00fcchtlingsrat ECRE, Amnesty International, Caritas Europa und Human Rights Watch. Sie warnen: Eine Einigung \u00fcber die sogenannte Instrumentalisierungsverordnung wird der letzte Schlag gegen ein gemeinsames europ\u00e4isches Asylsystem in Europa sein. <strong>\u201e<\/strong>Die unterzeichnenden Nichtregierungsorganisationen lehnen die Einf\u00fchrung und Anwendung des Konzepts der Instrumentalisierung und seine Kodifizierung im EU-Recht entschieden ab. Wir lehnen ferner Reformen ab, die weitreichende Ausnahmen vom EU-Recht erm\u00f6glichen\u201c, hei\u00dft es in dem am 8. September ver\u00f6ffentlichten Positionspapier (<a href=\"https:\/\/ecre.org\/wp-content\/uploads\/2022\/09\/FINAL-Statement-Instrumentalisation-September-2022-DE-2.pdf\">hier<\/a> in deutscher \u00dcbersetzung).<\/p>\n<p>Die vorgeschlagenen Ausnahmeregelungen sind unverh\u00e4ltnism\u00e4\u00dfig, kontraproduktiv, unn\u00f6tig, fehlgeleitet und ungerecht, wie in der Stellungnahme der NGOs weiter ausgef\u00fchrt wird. \u201eDar\u00fcber hinaus besteht die Gefahr, dass diese Reformen die Achtung des EU-Rechts insgesamt untergraben. Die Einf\u00fchrung eines Modells, das (\u2026) beliebige Ausnahmen zul\u00e4sst, k\u00f6nnte einen Pr\u00e4zedenzfall schaffen, insbesondere da die Rechtsstaatlichkeit in ganz Europa in Frage gestellt wird.\u201c<\/p>\n<p>Soweit bekannt, gibt es unter den Mitgliedstaaten eine breite Unterst\u00fctzung f\u00fcr die vorgeschlagene Verordnung. Die tschechische Ratspr\u00e4sidentschaft strebt die Verabschiedung einer gemeinsamen Verhandlungsposition bis Dezember an. Die zust\u00e4ndige <a href=\"https:\/\/www.consilium.europa.eu\/en\/council-eu\/preparatory-bodies\/asylum-working-party\/\">Asylarbeitsgruppe<\/a> des Rates wird voraussichtlich am 21. September weiter \u00fcber das Thema beraten.<\/p>\n","protected":false},"excerpt":{"rendered":"<p>PRO ASYL und rund 60 NGOs aus ganz Europa warnen in einem Brandbrief vom 8. September angesichts einer derzeit diskutierten EU-Verordnung vor einer weitreichenden Aushebelung des europ\u00e4ischen Asylrechts.\u00a0 In Br\u00fcssel und den europ\u00e4ischen Hauptst\u00e4dten soll im Hauruck-Tempo eine EU-Verordnung durchgepeitscht&hellip;<\/p>\n","protected":false},"author":1411,"featured_media":1655979,"comment_status":"closed","ping_status":"closed","sticky":false,"template":"","format":"standard","meta":{"footnotes":""},"categories":[9161,54569,9168,9145],"tags":[10412,16145,22228,9218],"class_list":["post-1655977","post","type-post","status-publish","format-standard","has-post-thumbnail","hentry","category-menschenrechte","category-migration","category-politik","category-pressemitteilungen","tag-asyl","tag-asylrecht","tag-menschenrechte","tag-migration-de"],"yoast_head":"<!-- This site is optimized with the Yoast SEO plugin v27.1.1 - https:\/\/yoast.com\/product\/yoast-seo-wordpress\/ -->\n<title>Frontalangriff auf das europ\u00e4ische Asylrecht<\/title>\n<meta name=\"description\" content=\"PRO ASYL und rund 60 NGOs aus ganz Europa warnen in einem Brandbrief vom 8. September angesichts einer derzeit diskutierten EU-Verordnung vor einer\" \/>\n<meta name=\"robots\" content=\"index, follow, max-snippet:-1, max-image-preview:large, max-video-preview:-1\" \/>\n<link rel=\"canonical\" href=\"https:\/\/www.pressenza.com\/de\/2022\/09\/frontalangriff-auf-das-europaeische-asylrecht\/\" \/>\n<meta property=\"og:locale\" content=\"de_DE\" \/>\n<meta property=\"og:type\" content=\"article\" \/>\n<meta property=\"og:title\" content=\"Frontalangriff auf das europ\u00e4ische Asylrecht\" \/>\n<meta property=\"og:description\" content=\"PRO ASYL und rund 60 NGOs aus ganz Europa warnen in einem Brandbrief vom 8. September angesichts einer derzeit diskutierten EU-Verordnung vor einer\" \/>\n<meta property=\"og:url\" content=\"https:\/\/www.pressenza.com\/de\/2022\/09\/frontalangriff-auf-das-europaeische-asylrecht\/\" \/>\n<meta property=\"og:site_name\" content=\"Pressenza\" \/>\n<meta property=\"article:publisher\" content=\"https:\/\/www.facebook.com\/PressenzaItalia\" \/>\n<meta property=\"article:published_time\" content=\"2022-09-12T14:01:09+00:00\" \/>\n<meta property=\"og:image\" content=\"https:\/\/www.pressenza.com\/wp-content\/uploads\/2022\/09\/252B8D15-CA80-4ECF-87E7-B9BFA1C00915.jpeg\" \/>\n\t<meta property=\"og:image:width\" content=\"1920\" \/>\n\t<meta property=\"og:image:height\" content=\"1440\" \/>\n\t<meta property=\"og:image:type\" content=\"image\/jpeg\" \/>\n<meta name=\"author\" content=\"Pro Asyl\" \/>\n<meta name=\"twitter:card\" content=\"summary_large_image\" \/>\n<meta name=\"twitter:creator\" content=\"@PressenzaIPA\" \/>\n<meta name=\"twitter:site\" content=\"@PressenzaIPA\" \/>\n<meta name=\"twitter:label1\" content=\"Verfasst von\" \/>\n\t<meta name=\"twitter:data1\" content=\"Pro Asyl\" \/>\n\t<meta name=\"twitter:label2\" content=\"Gesch\u00e4tzte Lesezeit\" \/>\n\t<meta name=\"twitter:data2\" content=\"3\u00a0Minuten\" \/>\n<script type=\"application\/ld+json\" class=\"yoast-schema-graph\">{\"@context\":\"https:\/\/schema.org\",\"@graph\":[{\"@type\":\"Article\",\"@id\":\"https:\/\/www.pressenza.com\/de\/2022\/09\/frontalangriff-auf-das-europaeische-asylrecht\/#article\",\"isPartOf\":{\"@id\":\"https:\/\/www.pressenza.com\/de\/2022\/09\/frontalangriff-auf-das-europaeische-asylrecht\/\"},\"author\":{\"name\":\"Pro Asyl\",\"@id\":\"https:\/\/www.pressenza.com\/de\/#\/schema\/person\/2a2e2e83a39e4cf3cf67ecb1e0760b14\"},\"headline\":\"Frontalangriff auf das europ\u00e4ische Asylrecht\",\"datePublished\":\"2022-09-12T14:01:09+00:00\",\"mainEntityOfPage\":{\"@id\":\"https:\/\/www.pressenza.com\/de\/2022\/09\/frontalangriff-auf-das-europaeische-asylrecht\/\"},\"wordCount\":454,\"publisher\":{\"@id\":\"https:\/\/www.pressenza.com\/de\/#organization\"},\"image\":{\"@id\":\"https:\/\/www.pressenza.com\/de\/2022\/09\/frontalangriff-auf-das-europaeische-asylrecht\/#primaryimage\"},\"thumbnailUrl\":\"https:\/\/www.pressenza.com\/wp-content\/uploads\/2022\/09\/252B8D15-CA80-4ECF-87E7-B9BFA1C00915.jpeg\",\"keywords\":[\"Asyl\",\"Asylrecht\",\"Menschenrechte\",\"Migration\"],\"articleSection\":[\"Menschenrechte\",\"Migration\",\"Politik\",\"Pressemitteilungen\"],\"inLanguage\":\"de\"},{\"@type\":\"WebPage\",\"@id\":\"https:\/\/www.pressenza.com\/de\/2022\/09\/frontalangriff-auf-das-europaeische-asylrecht\/\",\"url\":\"https:\/\/www.pressenza.com\/de\/2022\/09\/frontalangriff-auf-das-europaeische-asylrecht\/\",\"name\":\"Frontalangriff auf das europ\u00e4ische Asylrecht\",\"isPartOf\":{\"@id\":\"https:\/\/www.pressenza.com\/de\/#website\"},\"primaryImageOfPage\":{\"@id\":\"https:\/\/www.pressenza.com\/de\/2022\/09\/frontalangriff-auf-das-europaeische-asylrecht\/#primaryimage\"},\"image\":{\"@id\":\"https:\/\/www.pressenza.com\/de\/2022\/09\/frontalangriff-auf-das-europaeische-asylrecht\/#primaryimage\"},\"thumbnailUrl\":\"https:\/\/www.pressenza.com\/wp-content\/uploads\/2022\/09\/252B8D15-CA80-4ECF-87E7-B9BFA1C00915.jpeg\",\"datePublished\":\"2022-09-12T14:01:09+00:00\",\"description\":\"PRO ASYL und rund 60 NGOs aus ganz Europa warnen in einem Brandbrief vom 8. September angesichts einer derzeit diskutierten EU-Verordnung vor einer\",\"breadcrumb\":{\"@id\":\"https:\/\/www.pressenza.com\/de\/2022\/09\/frontalangriff-auf-das-europaeische-asylrecht\/#breadcrumb\"},\"inLanguage\":\"de\",\"potentialAction\":[{\"@type\":\"ReadAction\",\"target\":[\"https:\/\/www.pressenza.com\/de\/2022\/09\/frontalangriff-auf-das-europaeische-asylrecht\/\"]}]},{\"@type\":\"ImageObject\",\"inLanguage\":\"de\",\"@id\":\"https:\/\/www.pressenza.com\/de\/2022\/09\/frontalangriff-auf-das-europaeische-asylrecht\/#primaryimage\",\"url\":\"https:\/\/www.pressenza.com\/wp-content\/uploads\/2022\/09\/252B8D15-CA80-4ECF-87E7-B9BFA1C00915.jpeg\",\"contentUrl\":\"https:\/\/www.pressenza.com\/wp-content\/uploads\/2022\/09\/252B8D15-CA80-4ECF-87E7-B9BFA1C00915.jpeg\",\"width\":1920,\"height\":1440},{\"@type\":\"BreadcrumbList\",\"@id\":\"https:\/\/www.pressenza.com\/de\/2022\/09\/frontalangriff-auf-das-europaeische-asylrecht\/#breadcrumb\",\"itemListElement\":[{\"@type\":\"ListItem\",\"position\":1,\"name\":\"Accueil\",\"item\":\"https:\/\/www.pressenza.com\/de\/\"},{\"@type\":\"ListItem\",\"position\":2,\"name\":\"Frontalangriff auf das europ\u00e4ische Asylrecht\"}]},{\"@type\":\"WebSite\",\"@id\":\"https:\/\/www.pressenza.com\/de\/#website\",\"url\":\"https:\/\/www.pressenza.com\/de\/\",\"name\":\"Pressenza\",\"description\":\"International Press Agency\",\"publisher\":{\"@id\":\"https:\/\/www.pressenza.com\/de\/#organization\"},\"potentialAction\":[{\"@type\":\"SearchAction\",\"target\":{\"@type\":\"EntryPoint\",\"urlTemplate\":\"https:\/\/www.pressenza.com\/de\/?s={search_term_string}\"},\"query-input\":{\"@type\":\"PropertyValueSpecification\",\"valueRequired\":true,\"valueName\":\"search_term_string\"}}],\"inLanguage\":\"de\"},{\"@type\":\"Organization\",\"@id\":\"https:\/\/www.pressenza.com\/de\/#organization\",\"name\":\"Pressenza\",\"url\":\"https:\/\/www.pressenza.com\/de\/\",\"logo\":{\"@type\":\"ImageObject\",\"inLanguage\":\"de\",\"@id\":\"https:\/\/www.pressenza.com\/de\/#\/schema\/logo\/image\/\",\"url\":\"https:\/\/www.pressenza.com\/wp-content\/uploads\/2022\/10\/pressenza_logo_200x200.jpg\",\"contentUrl\":\"https:\/\/www.pressenza.com\/wp-content\/uploads\/2022\/10\/pressenza_logo_200x200.jpg\",\"width\":200,\"height\":200,\"caption\":\"Pressenza\"},\"image\":{\"@id\":\"https:\/\/www.pressenza.com\/de\/#\/schema\/logo\/image\/\"},\"sameAs\":[\"https:\/\/www.facebook.com\/PressenzaItalia\",\"https:\/\/x.com\/PressenzaIPA\"]},{\"@type\":\"Person\",\"@id\":\"https:\/\/www.pressenza.com\/de\/#\/schema\/person\/2a2e2e83a39e4cf3cf67ecb1e0760b14\",\"name\":\"Pro Asyl\",\"description\":\"Ist die selbstbestimmte und unabh\u00e4ngige Stimme f\u00fcr die Menschenrechte und den Schutz von Fl\u00fcchtlingen in Deutschland und Europa. Es ist ein Verein dessen Arbeit durch Mitgliedsbeitr\u00e4ge, Spenden und Stiftungszuwendungen finanziert wird.\",\"sameAs\":[\"https:\/\/www.proasyl.de\"],\"url\":\"https:\/\/www.pressenza.com\/de\/author\/pro-asyl\/\"}]}<\/script>\n<!-- \/ Yoast SEO plugin. -->","yoast_head_json":{"title":"Frontalangriff auf das europ\u00e4ische Asylrecht","description":"PRO ASYL und rund 60 NGOs aus ganz Europa warnen in einem Brandbrief vom 8. September angesichts einer derzeit diskutierten EU-Verordnung vor einer","robots":{"index":"index","follow":"follow","max-snippet":"max-snippet:-1","max-image-preview":"max-image-preview:large","max-video-preview":"max-video-preview:-1"},"canonical":"https:\/\/www.pressenza.com\/de\/2022\/09\/frontalangriff-auf-das-europaeische-asylrecht\/","og_locale":"de_DE","og_type":"article","og_title":"Frontalangriff auf das europ\u00e4ische Asylrecht","og_description":"PRO ASYL und rund 60 NGOs aus ganz Europa warnen in einem Brandbrief vom 8. September angesichts einer derzeit diskutierten EU-Verordnung vor einer","og_url":"https:\/\/www.pressenza.com\/de\/2022\/09\/frontalangriff-auf-das-europaeische-asylrecht\/","og_site_name":"Pressenza","article_publisher":"https:\/\/www.facebook.com\/PressenzaItalia","article_published_time":"2022-09-12T14:01:09+00:00","og_image":[{"width":1920,"height":1440,"url":"https:\/\/www.pressenza.com\/wp-content\/uploads\/2022\/09\/252B8D15-CA80-4ECF-87E7-B9BFA1C00915.jpeg","type":"image\/jpeg"}],"author":"Pro Asyl","twitter_card":"summary_large_image","twitter_creator":"@PressenzaIPA","twitter_site":"@PressenzaIPA","twitter_misc":{"Verfasst von":"Pro Asyl","Gesch\u00e4tzte Lesezeit":"3\u00a0Minuten"},"schema":{"@context":"https:\/\/schema.org","@graph":[{"@type":"Article","@id":"https:\/\/www.pressenza.com\/de\/2022\/09\/frontalangriff-auf-das-europaeische-asylrecht\/#article","isPartOf":{"@id":"https:\/\/www.pressenza.com\/de\/2022\/09\/frontalangriff-auf-das-europaeische-asylrecht\/"},"author":{"name":"Pro Asyl","@id":"https:\/\/www.pressenza.com\/de\/#\/schema\/person\/2a2e2e83a39e4cf3cf67ecb1e0760b14"},"headline":"Frontalangriff auf das europ\u00e4ische Asylrecht","datePublished":"2022-09-12T14:01:09+00:00","mainEntityOfPage":{"@id":"https:\/\/www.pressenza.com\/de\/2022\/09\/frontalangriff-auf-das-europaeische-asylrecht\/"},"wordCount":454,"publisher":{"@id":"https:\/\/www.pressenza.com\/de\/#organization"},"image":{"@id":"https:\/\/www.pressenza.com\/de\/2022\/09\/frontalangriff-auf-das-europaeische-asylrecht\/#primaryimage"},"thumbnailUrl":"https:\/\/www.pressenza.com\/wp-content\/uploads\/2022\/09\/252B8D15-CA80-4ECF-87E7-B9BFA1C00915.jpeg","keywords":["Asyl","Asylrecht","Menschenrechte","Migration"],"articleSection":["Menschenrechte","Migration","Politik","Pressemitteilungen"],"inLanguage":"de"},{"@type":"WebPage","@id":"https:\/\/www.pressenza.com\/de\/2022\/09\/frontalangriff-auf-das-europaeische-asylrecht\/","url":"https:\/\/www.pressenza.com\/de\/2022\/09\/frontalangriff-auf-das-europaeische-asylrecht\/","name":"Frontalangriff auf das europ\u00e4ische Asylrecht","isPartOf":{"@id":"https:\/\/www.pressenza.com\/de\/#website"},"primaryImageOfPage":{"@id":"https:\/\/www.pressenza.com\/de\/2022\/09\/frontalangriff-auf-das-europaeische-asylrecht\/#primaryimage"},"image":{"@id":"https:\/\/www.pressenza.com\/de\/2022\/09\/frontalangriff-auf-das-europaeische-asylrecht\/#primaryimage"},"thumbnailUrl":"https:\/\/www.pressenza.com\/wp-content\/uploads\/2022\/09\/252B8D15-CA80-4ECF-87E7-B9BFA1C00915.jpeg","datePublished":"2022-09-12T14:01:09+00:00","description":"PRO ASYL und rund 60 NGOs aus ganz Europa warnen in einem Brandbrief vom 8. September angesichts einer derzeit diskutierten EU-Verordnung vor einer","breadcrumb":{"@id":"https:\/\/www.pressenza.com\/de\/2022\/09\/frontalangriff-auf-das-europaeische-asylrecht\/#breadcrumb"},"inLanguage":"de","potentialAction":[{"@type":"ReadAction","target":["https:\/\/www.pressenza.com\/de\/2022\/09\/frontalangriff-auf-das-europaeische-asylrecht\/"]}]},{"@type":"ImageObject","inLanguage":"de","@id":"https:\/\/www.pressenza.com\/de\/2022\/09\/frontalangriff-auf-das-europaeische-asylrecht\/#primaryimage","url":"https:\/\/www.pressenza.com\/wp-content\/uploads\/2022\/09\/252B8D15-CA80-4ECF-87E7-B9BFA1C00915.jpeg","contentUrl":"https:\/\/www.pressenza.com\/wp-content\/uploads\/2022\/09\/252B8D15-CA80-4ECF-87E7-B9BFA1C00915.jpeg","width":1920,"height":1440},{"@type":"BreadcrumbList","@id":"https:\/\/www.pressenza.com\/de\/2022\/09\/frontalangriff-auf-das-europaeische-asylrecht\/#breadcrumb","itemListElement":[{"@type":"ListItem","position":1,"name":"Accueil","item":"https:\/\/www.pressenza.com\/de\/"},{"@type":"ListItem","position":2,"name":"Frontalangriff auf das europ\u00e4ische Asylrecht"}]},{"@type":"WebSite","@id":"https:\/\/www.pressenza.com\/de\/#website","url":"https:\/\/www.pressenza.com\/de\/","name":"Pressenza","description":"International Press Agency","publisher":{"@id":"https:\/\/www.pressenza.com\/de\/#organization"},"potentialAction":[{"@type":"SearchAction","target":{"@type":"EntryPoint","urlTemplate":"https:\/\/www.pressenza.com\/de\/?s={search_term_string}"},"query-input":{"@type":"PropertyValueSpecification","valueRequired":true,"valueName":"search_term_string"}}],"inLanguage":"de"},{"@type":"Organization","@id":"https:\/\/www.pressenza.com\/de\/#organization","name":"Pressenza","url":"https:\/\/www.pressenza.com\/de\/","logo":{"@type":"ImageObject","inLanguage":"de","@id":"https:\/\/www.pressenza.com\/de\/#\/schema\/logo\/image\/","url":"https:\/\/www.pressenza.com\/wp-content\/uploads\/2022\/10\/pressenza_logo_200x200.jpg","contentUrl":"https:\/\/www.pressenza.com\/wp-content\/uploads\/2022\/10\/pressenza_logo_200x200.jpg","width":200,"height":200,"caption":"Pressenza"},"image":{"@id":"https:\/\/www.pressenza.com\/de\/#\/schema\/logo\/image\/"},"sameAs":["https:\/\/www.facebook.com\/PressenzaItalia","https:\/\/x.com\/PressenzaIPA"]},{"@type":"Person","@id":"https:\/\/www.pressenza.com\/de\/#\/schema\/person\/2a2e2e83a39e4cf3cf67ecb1e0760b14","name":"Pro Asyl","description":"Ist die selbstbestimmte und unabh\u00e4ngige Stimme f\u00fcr die Menschenrechte und den Schutz von Fl\u00fcchtlingen in Deutschland und Europa. Es ist ein Verein dessen Arbeit durch Mitgliedsbeitr\u00e4ge, Spenden und Stiftungszuwendungen finanziert wird.","sameAs":["https:\/\/www.proasyl.de"],"url":"https:\/\/www.pressenza.com\/de\/author\/pro-asyl\/"}]}},"place":"","original_article_url":"https:\/\/www.proasyl.de\/pressemitteilung\/frontalangriff-auf-das-europaeische-asylrecht\/","_links":{"self":[{"href":"https:\/\/www.pressenza.com\/de\/wp-json\/wp\/v2\/posts\/1655977","targetHints":{"allow":["GET"]}}],"collection":[{"href":"https:\/\/www.pressenza.com\/de\/wp-json\/wp\/v2\/posts"}],"about":[{"href":"https:\/\/www.pressenza.com\/de\/wp-json\/wp\/v2\/types\/post"}],"author":[{"embeddable":true,"href":"https:\/\/www.pressenza.com\/de\/wp-json\/wp\/v2\/users\/1411"}],"replies":[{"embeddable":true,"href":"https:\/\/www.pressenza.com\/de\/wp-json\/wp\/v2\/comments?post=1655977"}],"version-history":[{"count":0,"href":"https:\/\/www.pressenza.com\/de\/wp-json\/wp\/v2\/posts\/1655977\/revisions"}],"wp:featuredmedia":[{"embeddable":true,"href":"https:\/\/www.pressenza.com\/de\/wp-json\/wp\/v2\/media\/1655979"}],"wp:attachment":[{"href":"https:\/\/www.pressenza.com\/de\/wp-json\/wp\/v2\/media?parent=1655977"}],"wp:term":[{"taxonomy":"category","embeddable":true,"href":"https:\/\/www.pressenza.com\/de\/wp-json\/wp\/v2\/categories?post=1655977"},{"taxonomy":"post_tag","embeddable":true,"href":"https:\/\/www.pressenza.com\/de\/wp-json\/wp\/v2\/tags?post=1655977"}],"curies":[{"name":"wp","href":"https:\/\/api.w.org\/{rel}","templated":true}]}}