{"id":1654161,"date":"2022-09-07T15:15:13","date_gmt":"2022-09-07T14:15:13","guid":{"rendered":"https:\/\/www.pressenza.com\/?p=1654161"},"modified":"2022-09-07T15:15:13","modified_gmt":"2022-09-07T14:15:13","slug":"leonard-peltier-indigene-delegation-aus-den-usa-in-europa-fuer-seine-freilassung","status":"publish","type":"post","link":"https:\/\/www.pressenza.com\/de\/2022\/09\/leonard-peltier-indigene-delegation-aus-den-usa-in-europa-fuer-seine-freilassung\/","title":{"rendered":"Leonard Peltier: Indigene Delegation aus den USA in Europa f\u00fcr seine Freilassung"},"content":{"rendered":"<p><strong>Vom 1. bis 5. Oktober 2022 h\u00e4lt sich eine Delegation des Internationalen Leonard-Peltier-Freilassungskomitees in Italien auf im Rahmen einer Reihe von europ\u00e4ischen Treffen, deren H\u00f6hepunkt ein Meeting bei den Vereinten Nationen in Genf sein wird.<\/strong><\/p>\n<p>Es werden verschiedene \u00f6ffentliche Versammlungen organisiert, die die Delegation in diesen f\u00fcnf Tagen in verschiedenen italienischen St\u00e4dten, angefangen mit Mailand, abhalten wird. Personen, Gruppen, Gemeinschaften, Vereine, Bewegungen, Gewerkschaften und politische Organisationen, kirchliche Einrichtungen, Institutionen und die Medien, die an einem Treffen mit der Delegation interessiert sind, k\u00f6nnen sich mit dem Mail\u00e4nder Komitee f\u00fcr die Solidarit\u00e4t mit Leonard Peltier in Verbindung setzen, indem sie eine E-Mail an <a href=\"bigoni.gastone@gmail.com%20\">bigoni.gastone@gmail.com<\/a> schicken. Dieselbe E-Mail kann verwendet werden, um nach den Einzelheiten eines Kostenbeitrags zu fragen. Die Delegation wird aus Jean Roach, Lona Knight und Carol Gokee bestehen.<\/p>\n<p>Bekanntlich ist Leonard Peltier, der am 12. September 78 Jahre alt wird, ein bedeutender indianischer Aktivist und Verteidiger der Menschenrechte, aller Menschen und der gesamten lebenden Welt, der seit fast 47 Jahren unschuldig inhaftiert ist.<\/p>\n<p>Pers\u00f6nlichkeiten wie Nelson Mandela, Michail Gorbatschow, Mutter Teresa von Kalkutta, Desmond Tutu, der Pr\u00e4sident des Europ\u00e4ischen Parlaments David Sassoli, Papst Franziskus und der Dalai Lama und mit ihnen Millionen von Menschen aus der ganzen Welt sowie zahlreiche humanit\u00e4re Vereinigungen wie Amnesty International, Human Rights World und viele demokratische Institutionen, darunter das Europ\u00e4ische Parlament und die B\u00fcrgermeister verschiedener italienischer St\u00e4dte, haben sich f\u00fcr die Freilassung von Leonard Peltier durch eine Begnadigung des Pr\u00e4sidenten der USA eingesetzt.<\/p>\n<p><em>Link zur Videobotschaft von Jean Roach:<\/em><\/p>\n<p><iframe loading=\"lazy\" title=\"Pressenza - Messaggio di Jean Roach del Comitato Internazionale per la difesa di Leonard Peltier\" width=\"500\" height=\"281\" src=\"https:\/\/www.youtube.com\/embed\/orwmr4suUvQ?feature=oembed\" frameborder=\"0\" allow=\"accelerometer; autoplay; clipboard-write; encrypted-media; gyroscope; picture-in-picture; web-share\" referrerpolicy=\"strict-origin-when-cross-origin\" allowfullscreen><\/iframe><\/p>\n<p><em>Weitere Beitr\u00e4ge zum Fall <a href=\"https:\/\/www.pressenza.com\/de\/tag\/leonard-peltier-de\/\" target=\"_blank\" rel=\"noopener\">Leonard Peltier<\/a><\/em><\/p>\n<p><strong><i>\u00dcbersetzung aus dem Italienischen von <em>Thomas Schmid<\/em> vom ehrenamtlichen Pressenza-\u00dcbersetzungsteam erstellt. <a href=\"https:\/\/www.pressenza.com\/de\/mitarbeiten\/\" target=\"_blank\" rel=\"noopener\">Wir suchen Freiwillige!<\/a><\/i><\/strong><\/p>\n","protected":false},"excerpt":{"rendered":"<p>Vom 1. bis 5. Oktober 2022 h\u00e4lt sich eine Delegation des Internationalen Leonard-Peltier-Freilassungskomitees in Italien auf im Rahmen einer Reihe von europ\u00e4ischen Treffen, deren H\u00f6hepunkt ein Meeting bei den Vereinten Nationen in Genf sein wird. Es werden verschiedene \u00f6ffentliche Versammlungen&hellip;<\/p>\n","protected":false},"author":1537,"featured_media":1652018,"comment_status":"closed","ping_status":"closed","sticky":false,"template":"","format":"standard","meta":{"footnotes":""},"categories":[9150,9161,11387,27991],"tags":[105344,94120,9838,11539],"class_list":["post-1654161","post","type-post","status-publish","format-standard","has-post-thumbnail","hentry","category-europa-de","category-menschenrechte","category-originalinhalt","category-video-de","tag-freeleonardpeltier-de","tag-leonard-peltier-de","tag-uno","tag-vereinte-nationen"],"yoast_head":"<!-- This site is optimized with the Yoast SEO plugin v27.1.1 - https:\/\/yoast.com\/product\/yoast-seo-wordpress\/ -->\n<title>Leonard Peltier: Indigene Delegation aus den USA in Europa f\u00fcr seine Freilassung<\/title>\n<meta name=\"description\" content=\"Vom 1. bis 5. Oktober 2022 h\u00e4lt sich eine Delegation des Internationalen Leonard-Peltier-Freilassungskomitees in Italien auf im Rahmen einer Reihe von\" \/>\n<meta name=\"robots\" content=\"index, follow, max-snippet:-1, max-image-preview:large, max-video-preview:-1\" \/>\n<link rel=\"canonical\" href=\"https:\/\/www.pressenza.com\/de\/2022\/09\/leonard-peltier-indigene-delegation-aus-den-usa-in-europa-fuer-seine-freilassung\/\" \/>\n<meta property=\"og:locale\" content=\"de_DE\" \/>\n<meta property=\"og:type\" content=\"article\" \/>\n<meta property=\"og:title\" content=\"Leonard Peltier: Indigene Delegation aus den USA in Europa f\u00fcr seine Freilassung\" \/>\n<meta property=\"og:description\" content=\"Vom 1. bis 5. Oktober 2022 h\u00e4lt sich eine Delegation des Internationalen Leonard-Peltier-Freilassungskomitees in Italien auf im Rahmen einer Reihe von\" \/>\n<meta property=\"og:url\" content=\"https:\/\/www.pressenza.com\/de\/2022\/09\/leonard-peltier-indigene-delegation-aus-den-usa-in-europa-fuer-seine-freilassung\/\" \/>\n<meta property=\"og:site_name\" content=\"Pressenza\" \/>\n<meta property=\"article:publisher\" content=\"https:\/\/www.facebook.com\/PressenzaItalia\" \/>\n<meta property=\"article:published_time\" content=\"2022-09-07T14:15:13+00:00\" \/>\n<meta property=\"og:image\" content=\"https:\/\/www.pressenza.com\/wp-content\/uploads\/2022\/09\/Delegazione-native-americane-3.jpg\" \/>\n\t<meta property=\"og:image:width\" content=\"819\" \/>\n\t<meta property=\"og:image:height\" content=\"540\" \/>\n\t<meta property=\"og:image:type\" content=\"image\/jpeg\" \/>\n<meta name=\"author\" content=\"Andrea De Lotto\" \/>\n<meta name=\"twitter:card\" content=\"summary_large_image\" \/>\n<meta name=\"twitter:creator\" content=\"@PressenzaIPA\" \/>\n<meta name=\"twitter:site\" content=\"@PressenzaIPA\" \/>\n<meta name=\"twitter:label1\" content=\"Verfasst von\" \/>\n\t<meta name=\"twitter:data1\" content=\"Andrea De Lotto\" \/>\n\t<meta name=\"twitter:label2\" content=\"Gesch\u00e4tzte Lesezeit\" \/>\n\t<meta name=\"twitter:data2\" content=\"1\u00a0Minute\" \/>\n<script type=\"application\/ld+json\" class=\"yoast-schema-graph\">{\"@context\":\"https:\/\/schema.org\",\"@graph\":[{\"@type\":\"Article\",\"@id\":\"https:\/\/www.pressenza.com\/de\/2022\/09\/leonard-peltier-indigene-delegation-aus-den-usa-in-europa-fuer-seine-freilassung\/#article\",\"isPartOf\":{\"@id\":\"https:\/\/www.pressenza.com\/de\/2022\/09\/leonard-peltier-indigene-delegation-aus-den-usa-in-europa-fuer-seine-freilassung\/\"},\"author\":{\"name\":\"Andrea De Lotto\",\"@id\":\"https:\/\/www.pressenza.com\/de\/#\/schema\/person\/6388dc0281afd7eeb72a1763aca696a4\"},\"headline\":\"Leonard Peltier: Indigene Delegation aus den USA in Europa f\u00fcr seine Freilassung\",\"datePublished\":\"2022-09-07T14:15:13+00:00\",\"mainEntityOfPage\":{\"@id\":\"https:\/\/www.pressenza.com\/de\/2022\/09\/leonard-peltier-indigene-delegation-aus-den-usa-in-europa-fuer-seine-freilassung\/\"},\"wordCount\":299,\"publisher\":{\"@id\":\"https:\/\/www.pressenza.com\/de\/#organization\"},\"image\":{\"@id\":\"https:\/\/www.pressenza.com\/de\/2022\/09\/leonard-peltier-indigene-delegation-aus-den-usa-in-europa-fuer-seine-freilassung\/#primaryimage\"},\"thumbnailUrl\":\"https:\/\/www.pressenza.com\/wp-content\/uploads\/2022\/09\/Delegazione-native-americane-3.jpg\",\"keywords\":[\"#freeleonardpeltier\",\"Leonard Peltier\",\"Uno\",\"Vereinte Nationen\"],\"articleSection\":[\"Europa\",\"Menschenrechte\",\"Originalinhalt\",\"Video\"],\"inLanguage\":\"de\"},{\"@type\":\"WebPage\",\"@id\":\"https:\/\/www.pressenza.com\/de\/2022\/09\/leonard-peltier-indigene-delegation-aus-den-usa-in-europa-fuer-seine-freilassung\/\",\"url\":\"https:\/\/www.pressenza.com\/de\/2022\/09\/leonard-peltier-indigene-delegation-aus-den-usa-in-europa-fuer-seine-freilassung\/\",\"name\":\"Leonard Peltier: Indigene Delegation aus den USA in Europa f\u00fcr seine Freilassung\",\"isPartOf\":{\"@id\":\"https:\/\/www.pressenza.com\/de\/#website\"},\"primaryImageOfPage\":{\"@id\":\"https:\/\/www.pressenza.com\/de\/2022\/09\/leonard-peltier-indigene-delegation-aus-den-usa-in-europa-fuer-seine-freilassung\/#primaryimage\"},\"image\":{\"@id\":\"https:\/\/www.pressenza.com\/de\/2022\/09\/leonard-peltier-indigene-delegation-aus-den-usa-in-europa-fuer-seine-freilassung\/#primaryimage\"},\"thumbnailUrl\":\"https:\/\/www.pressenza.com\/wp-content\/uploads\/2022\/09\/Delegazione-native-americane-3.jpg\",\"datePublished\":\"2022-09-07T14:15:13+00:00\",\"description\":\"Vom 1. bis 5. Oktober 2022 h\u00e4lt sich eine Delegation des Internationalen Leonard-Peltier-Freilassungskomitees in Italien auf im Rahmen einer Reihe von\",\"breadcrumb\":{\"@id\":\"https:\/\/www.pressenza.com\/de\/2022\/09\/leonard-peltier-indigene-delegation-aus-den-usa-in-europa-fuer-seine-freilassung\/#breadcrumb\"},\"inLanguage\":\"de\",\"potentialAction\":[{\"@type\":\"ReadAction\",\"target\":[\"https:\/\/www.pressenza.com\/de\/2022\/09\/leonard-peltier-indigene-delegation-aus-den-usa-in-europa-fuer-seine-freilassung\/\"]}]},{\"@type\":\"ImageObject\",\"inLanguage\":\"de\",\"@id\":\"https:\/\/www.pressenza.com\/de\/2022\/09\/leonard-peltier-indigene-delegation-aus-den-usa-in-europa-fuer-seine-freilassung\/#primaryimage\",\"url\":\"https:\/\/www.pressenza.com\/wp-content\/uploads\/2022\/09\/Delegazione-native-americane-3.jpg\",\"contentUrl\":\"https:\/\/www.pressenza.com\/wp-content\/uploads\/2022\/09\/Delegazione-native-americane-3.jpg\",\"width\":819,\"height\":540,\"caption\":\"In der Mitte mit dem gelben Medaillon steht Carol Gokee, rechts von ihr Jean Roach in einem wei\u00dfen T-Shirt und Lona Knight in einem schwarzen T-Shirt und mit hellem Haar. Die anderen sind Mitglieder der Koalition \\\"Rise Up for Peltier\\\" oder des Leonard Peltier Defence Committees.\"},{\"@type\":\"BreadcrumbList\",\"@id\":\"https:\/\/www.pressenza.com\/de\/2022\/09\/leonard-peltier-indigene-delegation-aus-den-usa-in-europa-fuer-seine-freilassung\/#breadcrumb\",\"itemListElement\":[{\"@type\":\"ListItem\",\"position\":1,\"name\":\"Accueil\",\"item\":\"https:\/\/www.pressenza.com\/de\/\"},{\"@type\":\"ListItem\",\"position\":2,\"name\":\"Leonard Peltier: Indigene Delegation aus den USA in Europa f\u00fcr seine Freilassung\"}]},{\"@type\":\"WebSite\",\"@id\":\"https:\/\/www.pressenza.com\/de\/#website\",\"url\":\"https:\/\/www.pressenza.com\/de\/\",\"name\":\"Pressenza\",\"description\":\"International Press Agency\",\"publisher\":{\"@id\":\"https:\/\/www.pressenza.com\/de\/#organization\"},\"potentialAction\":[{\"@type\":\"SearchAction\",\"target\":{\"@type\":\"EntryPoint\",\"urlTemplate\":\"https:\/\/www.pressenza.com\/de\/?s={search_term_string}\"},\"query-input\":{\"@type\":\"PropertyValueSpecification\",\"valueRequired\":true,\"valueName\":\"search_term_string\"}}],\"inLanguage\":\"de\"},{\"@type\":\"Organization\",\"@id\":\"https:\/\/www.pressenza.com\/de\/#organization\",\"name\":\"Pressenza\",\"url\":\"https:\/\/www.pressenza.com\/de\/\",\"logo\":{\"@type\":\"ImageObject\",\"inLanguage\":\"de\",\"@id\":\"https:\/\/www.pressenza.com\/de\/#\/schema\/logo\/image\/\",\"url\":\"https:\/\/www.pressenza.com\/wp-content\/uploads\/2022\/10\/pressenza_logo_200x200.jpg\",\"contentUrl\":\"https:\/\/www.pressenza.com\/wp-content\/uploads\/2022\/10\/pressenza_logo_200x200.jpg\",\"width\":200,\"height\":200,\"caption\":\"Pressenza\"},\"image\":{\"@id\":\"https:\/\/www.pressenza.com\/de\/#\/schema\/logo\/image\/\"},\"sameAs\":[\"https:\/\/www.facebook.com\/PressenzaItalia\",\"https:\/\/x.com\/PressenzaIPA\"]},{\"@type\":\"Person\",\"@id\":\"https:\/\/www.pressenza.com\/de\/#\/schema\/person\/6388dc0281afd7eeb72a1763aca696a4\",\"name\":\"Andrea De Lotto\",\"url\":\"https:\/\/www.pressenza.com\/de\/author\/andrea-de-lotto\/\"}]}<\/script>\n<!-- \/ Yoast SEO plugin. -->","yoast_head_json":{"title":"Leonard Peltier: Indigene Delegation aus den USA in Europa f\u00fcr seine Freilassung","description":"Vom 1. bis 5. Oktober 2022 h\u00e4lt sich eine Delegation des Internationalen Leonard-Peltier-Freilassungskomitees in Italien auf im Rahmen einer Reihe von","robots":{"index":"index","follow":"follow","max-snippet":"max-snippet:-1","max-image-preview":"max-image-preview:large","max-video-preview":"max-video-preview:-1"},"canonical":"https:\/\/www.pressenza.com\/de\/2022\/09\/leonard-peltier-indigene-delegation-aus-den-usa-in-europa-fuer-seine-freilassung\/","og_locale":"de_DE","og_type":"article","og_title":"Leonard Peltier: Indigene Delegation aus den USA in Europa f\u00fcr seine Freilassung","og_description":"Vom 1. bis 5. Oktober 2022 h\u00e4lt sich eine Delegation des Internationalen Leonard-Peltier-Freilassungskomitees in Italien auf im Rahmen einer Reihe von","og_url":"https:\/\/www.pressenza.com\/de\/2022\/09\/leonard-peltier-indigene-delegation-aus-den-usa-in-europa-fuer-seine-freilassung\/","og_site_name":"Pressenza","article_publisher":"https:\/\/www.facebook.com\/PressenzaItalia","article_published_time":"2022-09-07T14:15:13+00:00","og_image":[{"width":819,"height":540,"url":"https:\/\/www.pressenza.com\/wp-content\/uploads\/2022\/09\/Delegazione-native-americane-3.jpg","type":"image\/jpeg"}],"author":"Andrea De Lotto","twitter_card":"summary_large_image","twitter_creator":"@PressenzaIPA","twitter_site":"@PressenzaIPA","twitter_misc":{"Verfasst von":"Andrea De Lotto","Gesch\u00e4tzte Lesezeit":"1\u00a0Minute"},"schema":{"@context":"https:\/\/schema.org","@graph":[{"@type":"Article","@id":"https:\/\/www.pressenza.com\/de\/2022\/09\/leonard-peltier-indigene-delegation-aus-den-usa-in-europa-fuer-seine-freilassung\/#article","isPartOf":{"@id":"https:\/\/www.pressenza.com\/de\/2022\/09\/leonard-peltier-indigene-delegation-aus-den-usa-in-europa-fuer-seine-freilassung\/"},"author":{"name":"Andrea De Lotto","@id":"https:\/\/www.pressenza.com\/de\/#\/schema\/person\/6388dc0281afd7eeb72a1763aca696a4"},"headline":"Leonard Peltier: Indigene Delegation aus den USA in Europa f\u00fcr seine Freilassung","datePublished":"2022-09-07T14:15:13+00:00","mainEntityOfPage":{"@id":"https:\/\/www.pressenza.com\/de\/2022\/09\/leonard-peltier-indigene-delegation-aus-den-usa-in-europa-fuer-seine-freilassung\/"},"wordCount":299,"publisher":{"@id":"https:\/\/www.pressenza.com\/de\/#organization"},"image":{"@id":"https:\/\/www.pressenza.com\/de\/2022\/09\/leonard-peltier-indigene-delegation-aus-den-usa-in-europa-fuer-seine-freilassung\/#primaryimage"},"thumbnailUrl":"https:\/\/www.pressenza.com\/wp-content\/uploads\/2022\/09\/Delegazione-native-americane-3.jpg","keywords":["#freeleonardpeltier","Leonard Peltier","Uno","Vereinte Nationen"],"articleSection":["Europa","Menschenrechte","Originalinhalt","Video"],"inLanguage":"de"},{"@type":"WebPage","@id":"https:\/\/www.pressenza.com\/de\/2022\/09\/leonard-peltier-indigene-delegation-aus-den-usa-in-europa-fuer-seine-freilassung\/","url":"https:\/\/www.pressenza.com\/de\/2022\/09\/leonard-peltier-indigene-delegation-aus-den-usa-in-europa-fuer-seine-freilassung\/","name":"Leonard Peltier: Indigene Delegation aus den USA in Europa f\u00fcr seine Freilassung","isPartOf":{"@id":"https:\/\/www.pressenza.com\/de\/#website"},"primaryImageOfPage":{"@id":"https:\/\/www.pressenza.com\/de\/2022\/09\/leonard-peltier-indigene-delegation-aus-den-usa-in-europa-fuer-seine-freilassung\/#primaryimage"},"image":{"@id":"https:\/\/www.pressenza.com\/de\/2022\/09\/leonard-peltier-indigene-delegation-aus-den-usa-in-europa-fuer-seine-freilassung\/#primaryimage"},"thumbnailUrl":"https:\/\/www.pressenza.com\/wp-content\/uploads\/2022\/09\/Delegazione-native-americane-3.jpg","datePublished":"2022-09-07T14:15:13+00:00","description":"Vom 1. bis 5. Oktober 2022 h\u00e4lt sich eine Delegation des Internationalen Leonard-Peltier-Freilassungskomitees in Italien auf im Rahmen einer Reihe von","breadcrumb":{"@id":"https:\/\/www.pressenza.com\/de\/2022\/09\/leonard-peltier-indigene-delegation-aus-den-usa-in-europa-fuer-seine-freilassung\/#breadcrumb"},"inLanguage":"de","potentialAction":[{"@type":"ReadAction","target":["https:\/\/www.pressenza.com\/de\/2022\/09\/leonard-peltier-indigene-delegation-aus-den-usa-in-europa-fuer-seine-freilassung\/"]}]},{"@type":"ImageObject","inLanguage":"de","@id":"https:\/\/www.pressenza.com\/de\/2022\/09\/leonard-peltier-indigene-delegation-aus-den-usa-in-europa-fuer-seine-freilassung\/#primaryimage","url":"https:\/\/www.pressenza.com\/wp-content\/uploads\/2022\/09\/Delegazione-native-americane-3.jpg","contentUrl":"https:\/\/www.pressenza.com\/wp-content\/uploads\/2022\/09\/Delegazione-native-americane-3.jpg","width":819,"height":540,"caption":"In der Mitte mit dem gelben Medaillon steht Carol Gokee, rechts von ihr Jean Roach in einem wei\u00dfen T-Shirt und Lona Knight in einem schwarzen T-Shirt und mit hellem Haar. Die anderen sind Mitglieder der Koalition \"Rise Up for Peltier\" oder des Leonard Peltier Defence Committees."},{"@type":"BreadcrumbList","@id":"https:\/\/www.pressenza.com\/de\/2022\/09\/leonard-peltier-indigene-delegation-aus-den-usa-in-europa-fuer-seine-freilassung\/#breadcrumb","itemListElement":[{"@type":"ListItem","position":1,"name":"Accueil","item":"https:\/\/www.pressenza.com\/de\/"},{"@type":"ListItem","position":2,"name":"Leonard Peltier: Indigene Delegation aus den USA in Europa f\u00fcr seine Freilassung"}]},{"@type":"WebSite","@id":"https:\/\/www.pressenza.com\/de\/#website","url":"https:\/\/www.pressenza.com\/de\/","name":"Pressenza","description":"International Press Agency","publisher":{"@id":"https:\/\/www.pressenza.com\/de\/#organization"},"potentialAction":[{"@type":"SearchAction","target":{"@type":"EntryPoint","urlTemplate":"https:\/\/www.pressenza.com\/de\/?s={search_term_string}"},"query-input":{"@type":"PropertyValueSpecification","valueRequired":true,"valueName":"search_term_string"}}],"inLanguage":"de"},{"@type":"Organization","@id":"https:\/\/www.pressenza.com\/de\/#organization","name":"Pressenza","url":"https:\/\/www.pressenza.com\/de\/","logo":{"@type":"ImageObject","inLanguage":"de","@id":"https:\/\/www.pressenza.com\/de\/#\/schema\/logo\/image\/","url":"https:\/\/www.pressenza.com\/wp-content\/uploads\/2022\/10\/pressenza_logo_200x200.jpg","contentUrl":"https:\/\/www.pressenza.com\/wp-content\/uploads\/2022\/10\/pressenza_logo_200x200.jpg","width":200,"height":200,"caption":"Pressenza"},"image":{"@id":"https:\/\/www.pressenza.com\/de\/#\/schema\/logo\/image\/"},"sameAs":["https:\/\/www.facebook.com\/PressenzaItalia","https:\/\/x.com\/PressenzaIPA"]},{"@type":"Person","@id":"https:\/\/www.pressenza.com\/de\/#\/schema\/person\/6388dc0281afd7eeb72a1763aca696a4","name":"Andrea De Lotto","url":"https:\/\/www.pressenza.com\/de\/author\/andrea-de-lotto\/"}]}},"place":"","original_article_url":"","_links":{"self":[{"href":"https:\/\/www.pressenza.com\/de\/wp-json\/wp\/v2\/posts\/1654161","targetHints":{"allow":["GET"]}}],"collection":[{"href":"https:\/\/www.pressenza.com\/de\/wp-json\/wp\/v2\/posts"}],"about":[{"href":"https:\/\/www.pressenza.com\/de\/wp-json\/wp\/v2\/types\/post"}],"author":[{"embeddable":true,"href":"https:\/\/www.pressenza.com\/de\/wp-json\/wp\/v2\/users\/1537"}],"replies":[{"embeddable":true,"href":"https:\/\/www.pressenza.com\/de\/wp-json\/wp\/v2\/comments?post=1654161"}],"version-history":[{"count":0,"href":"https:\/\/www.pressenza.com\/de\/wp-json\/wp\/v2\/posts\/1654161\/revisions"}],"wp:featuredmedia":[{"embeddable":true,"href":"https:\/\/www.pressenza.com\/de\/wp-json\/wp\/v2\/media\/1652018"}],"wp:attachment":[{"href":"https:\/\/www.pressenza.com\/de\/wp-json\/wp\/v2\/media?parent=1654161"}],"wp:term":[{"taxonomy":"category","embeddable":true,"href":"https:\/\/www.pressenza.com\/de\/wp-json\/wp\/v2\/categories?post=1654161"},{"taxonomy":"post_tag","embeddable":true,"href":"https:\/\/www.pressenza.com\/de\/wp-json\/wp\/v2\/tags?post=1654161"}],"curies":[{"name":"wp","href":"https:\/\/api.w.org\/{rel}","templated":true}]}}