{"id":1651399,"date":"2022-09-02T17:04:22","date_gmt":"2022-09-02T16:04:22","guid":{"rendered":"https:\/\/www.pressenza.com\/?p=1651399"},"modified":"2022-09-02T17:25:10","modified_gmt":"2022-09-02T16:25:10","slug":"offener-brief-an-vladimir-vladimirvich-putin-cc-alle","status":"publish","type":"post","link":"https:\/\/www.pressenza.com\/de\/2022\/09\/offener-brief-an-vladimir-vladimirvich-putin-cc-alle\/","title":{"rendered":"Offener Brief an Vladimir Vladimirvich Putin cc: alle"},"content":{"rendered":"<p>Lieber Vladimir,<\/p>\n<p>obwohl wir uns noch nicht pers\u00f6nlich kennen, wage ich jetzt diese direkte Anrede, denn ich sp\u00fcre jedes Mal einen Knoten in mir, wenn ich Ihren Vatersnamen dazuschreibe. Erst stand ich auf dem Schlauch. Jetzt ist mir klar, dass ich ausschlie\u00dflich Sie ansprechen will. Nicht Ihren Vater oder ihre Ahnenreihe. Denn mein Anliegen betrifft ausdr\u00fccklich das Jetzt und das Morgen.<\/p>\n<p>Seit drei Monaten schreibe ich nun an einem Brief an Sie, lieber Vladimir. Mit jeder Woche wurde er l\u00e4nger. Fast 3000 Worte. Und immer wieder schrieb ich ihn um. Sogar Nachtschichten legte ich ein. Mein Nacken und meine Schultern waren schon total verspannt. Derart lange Briefe habe ich fr\u00fcher immer nur an meinen Mann geschrieben, wenn ich ihm mal wieder etwas erkl\u00e4ren wollte. Er ist auch Russe. Und er hei\u00dft auch Vladimir. Diese Briefe haben nie wirklich etwas bewirkt. Au\u00dfer schlaflose N\u00e4chte und die besagten Verspannungen. Und diesmal h\u00f6re ich auf meine K\u00f6rperin. Sie br\u00fcllte mich gestern regelrecht an mit Nacken- und Schulterschmerzen, damit ich aufgebe, was mein Verstand jetzt schon \u00fcber Monate besonders eloquent herleiten will. Warum alles so ist, wie es gerade ist. Warum alles ganz anders sein k\u00f6nnte. Was ich alles Schlaues dar\u00fcber wei\u00df. Und was Sie alles \u00e4ndern k\u00f6nnten.<\/p>\n<p>Bullshit!<\/p>\n<p>Heute morgen machte ich einen Waldlauf. Es lief gut. Ich hatte viel Kraft. Irgendwann hatte ich genug und legte ich mich auf den riesigen Stamm eines entwurzelten Baumes. Und beim Blick in den strahlenden Sommerhimmel, der seit Wochen \u00fcber Berlin prangt, kam mir auf einmal ein Bild in den Sinn. Es brachte mich so zum Lachen und lie\u00df eine solche Leichtigkeit in mir aufsteigen, dass ich entschied, einen neuen Brief f\u00fcr sie zu schreiben, der dieser Energie entspricht. M\u00f6ge es mir gelingen!<\/p>\n<p>W\u00e4hrend ich hier vor meinem Laptop sitze, f\u00fchle ich mich jedenfalls regelrecht verliebt. In mich, in dieses einfach grandiose Leben und in die Bilder, die in mir seit meinem Waldlauf auftauchen. Ich will eine neue Geschichte f\u00fcr Sie schreiben.<\/p>\n<p>Und, voil\u00e0, hier beginnt sie also. Ich lache schon wieder, w\u00e4hrend ich mir vorstelle, welches Gesicht sie machen, wenn Sie sie lesen. Und alle anderen &#8230;.<\/p>\n<p>I have a dream!<\/p>\n<p>In meinem Traum &#8211; auf meinem umgekippten Baumstamm im Wald &#8211; sehe ich <a href=\"https:\/\/de.wikipedia.org\/wiki\/Slawa_Saizew\" target=\"_blank\" rel=\"noopener\">Slava Zaitsev<\/a>, wie er in Ihrem Auftrag f\u00fcr jedes russische Regierungsmitglied, einschlie\u00dflich des Pr\u00e4sidenten selbstverst\u00e4ndlich, ein pers\u00f6nliches Wohlf\u00fchl-Outfit in wei\u00df kreiert und ma\u00dfschneidert. Ich sehe die Freude und Kreativit\u00e4t in seinen Augen, und den Spa\u00df, den alle Beteiligten dabei erleben. Ich sehe auch Verwunderung und ein bisschen Unverst\u00e4ndnis bei Einigen. Doch was macht das schon. Die Sache ist ein echtes Gaudi. Sie ist ganz oben aufgeh\u00e4ngt. Und vor allem macht sie massenhaft Sinn.<\/p>\n<p>Sie und ich, wir haben uns das gemeinsam ausgedacht. Denn ab sofort finden offizielle Meetings mit dem Pr\u00e4sidenten der Russischen F\u00f6deration nur noch in wei\u00dfen Wohlf\u00fchlklamotten statt. Alle Anz\u00fcge, Krawatten und unbequemen Schuhe werden aus allen Sitzungen &#8211; insbesondere aus den besonders brisanten &#8211; verbannt. \u042d\u0442\u043e \u043f\u0440\u0438\u043a\u0430\u0437!<\/p>\n<p>Sie haben au\u00dferdem entschieden, Vladimir, dass fortan alle Meetings im Kreis und auf dem Boden &#8211; wer R\u00fcckenprobleme hat, bekommt selbstverst\u00e4ndlich einen super bequemen Sessel &#8211; stattfinden. Jedes Treffen hat einen obligatorischen Vorbereitungsteil, den wir &#8218;Tuning-In&#8216; nennen &#8211; Arbeitstitel. Ich finde sicher auch noch irgendein geniales russisches Wort daf\u00fcr. Hier geht es ausschlie\u00dflich um Entspannung f\u00fcr K\u00f6rper, Geist und Seele. Sie haben daf\u00fcr die Cr\u00e8me de la Cr\u00e8me unter den K\u00f6rper- und Energie-Spezialisten des Landes eingeladen. Au\u00dferdem gibt es noch eine wichtige Vorgabe f\u00fcr Sitzungsteilnehmer*innen: Wer schlecht geschlafen hat, muss zuhause bleiben, spazieren gehen oder schlafen. So haben Sie es entschieden. Und das Beste ist: Besonders wichtige Sitzungen werden grunds\u00e4tzlich von einem weiblichen &#8218;Circle of 12&#8242; begleitet. (Das haben Sie sich ausgedacht!) Dies sind strahlende, in ihren K\u00f6rpern ruhende und Lebendigkeit verspr\u00fchende, schlicht hinrei\u00dfend anzusehende Frauen uralter und moderner Weisheitstraditionen, die f\u00fcr eine gleichm\u00e4\u00dfig hohe Schwingung und ein stabiles Halten der gemeinsamen Intention im Raum sorgen. Der Knaller!<\/p>\n<p>Ihr Beispiel macht nat\u00fcrlich die Runde. Auch \u00fcber die Landesgrenzen hinaus. Jeder will jetzt Regierungsmitglied in Russland werden! Scherz :-). Aber ihre Abgeordneten sind tats\u00e4chlich der Meinung, dass sie den besten Job der Welt haben.<\/p>\n<p>Und so werden Ihre au\u00dfergew\u00f6hnlichen Inspirationen, lieber Vladimir, nur zu gern auch auf internationaler Ebene angenommen. Ihre Regierungssitzungen haben einen Spitznamen bekommen. Man nennt sie \u00fcberall auf der Welt &#8217;simply divine&#8216;. Und das sind sie! In Sachen Ukraine zum Beispiel wurde innerhalb weniger Tage ein Weg gefunden, der zur sofortigen Einstellung aller Kampfhandlungen f\u00fchrte und den Grundstein f\u00fcr Frieden und Wohlstand auf v\u00f6llig neuem Niveau in ganz Europa legte. Die Ukraine kennt jetzt weltweit jedes Kind. Sie spielt in allen wichtigen internationalen Gremien eine f\u00fchrende Rolle und ist heute ein bl\u00fchendes Land voller Selbstliebe und Kraft. \u00a0Au\u00dferdem wurde sie zu einer wesentlichen Quelle der Weisheit f\u00fcr die Weltengemeinschaft, als ihre Menschen den vollkommenen Frieden w\u00e4hlten, um uneingeschr\u00e4nkt voranzugehen zu k\u00f6nnen in eine neue Zeit.<\/p>\n<p>Das war im Herbst 2022. Heute schreiben wir das Jahr 2024. Es ist Sommer. Sie und Jacinda sitzen gerade zusammen, trinken Tee und lachen \u00fcber die neueste Kollektion von Regierungs-Wohlf\u00fchlklamotten der Franzosen in bleu&#8211;blanc-rouge. Im Nebenraum spielen ihre Enkelkinder und veranstalten einen ganz sch\u00f6nen L\u00e4rm. Sie l\u00e4cheln. Dann werden Sie gerufen. Telefonate aus der ganzen Welt stehen f\u00fcr diesen Tag noch an. Irak, Somalia, Afghanistan, Israel und einige andere. Sie seien den ganzen Kriegsquatsch jetzt wirklich satt, sagen sie. Und es w\u00e4re toll, wenn Sie, Vladimir, mal &#8218;r\u00fcberk\u00e4men und mit ihnen teilten, wie Sie das bei sich so alles hinbekommen haben.<\/p>\n<p>Die Welt hat sich gewandelt.<\/p>\n<p>Dies ist meine kleine Geschichte, lieber Vladimir. Ich wei\u00df, sie ist mehr als realistisch. Und sie macht so viel Sinn. Denn wir sind Seelen in einem physischen K\u00f6rper. Und diese Verbindung birgt grenzenloses Potenzial an menschlicher Genialit\u00e4t und Liebe. Alle Weisheit, alle Technologien und alle n\u00f6tigen Ressourcen, um aus unserem alten \u00dcberlebensmodus in diese nat\u00fcrliche Verbindung und Seelenintegrit\u00e4t zu gelangen, stehen uns heute zur Verf\u00fcgung. Hier sind wir genial, g\u00fctig, humorvoll, kurz &#8211; seelenintelligent. Wenn ich es lernen kann, kann es jeder.<\/p>\n<p>Und Sie sind nicht allein, Vladimir. Denn wir alle haben jetzt die Chance zu einer neuen Erdengeschichte beizutragen &#8211; jedes Staatsoberhaupt, jeder Elternteil und jeder Mensch auf unserem Planeten. Alles, was unsere Aufmerksamkeit erh\u00e4lt, wird gr\u00f6\u00dfer. Worauf wollen wir uns ausrichten? Welche Geschichten wollen wir erz\u00e4hlen?<\/p>\n<p>Mit Liebe und Mut<br \/>\n\u0418\u0441\u043a\u0440\u0435\u043d\u043d\u0435 \u0432\u0430\u0448\u0430<\/p>\n<p>Claudia Shkatov<br \/>\n<a href=\"https:\/\/claudiashkatov.com\/\" target=\"_blank\" rel=\"noopener\">www.claudiashkatov.com<\/a><\/p>\n<p>PS Mir ist noch etwas aufgefallen. Ihr Name kann \u00fcbersetzt werden mit &#8222;f\u00fchre den Frieden bzw. die Welt&#8220;. Sie tragen diese Bedeutung gleich zweimal in ihrem Vor- und in ihrem Vatersnamen. \u00c4hnliches gilt erstaunlicherweise f\u00fcr ihren Kollegen und Namensvetter, Volodymir Oleksandrovich. Selbst seine Ehefrau Olena Volodimirivna tr\u00e4gt dieselbe Bedeutung &#8211; in ihrem Vatersnamen. Zufall?<\/p>\n","protected":false},"excerpt":{"rendered":"<p>Lieber Vladimir, obwohl wir uns noch nicht pers\u00f6nlich kennen, wage ich jetzt diese direkte Anrede, denn ich sp\u00fcre jedes Mal einen Knoten in mir, wenn ich Ihren Vatersnamen dazuschreibe. Erst stand ich auf dem Schlauch. Jetzt ist mir klar, dass&hellip;<\/p>\n","protected":false},"author":1097,"featured_media":1651428,"comment_status":"closed","ping_status":"closed","sticky":false,"template":"","format":"standard","meta":{"footnotes":""},"categories":[9167,9162,9143],"tags":[9262,39854,51249,12133,44102,32519],"class_list":["post-1651399","post","type-post","status-publish","format-standard","has-post-thumbnail","hentry","category-frieden-und-abruestung","category-humanismus-und-spiritualitaet","category-meinungen","tag-frieden","tag-liebe","tag-mut","tag-offener-brief","tag-wladimir-putin","tag-zukunft"],"yoast_head":"<!-- This site is optimized with the Yoast SEO plugin v27.1.1 - https:\/\/yoast.com\/product\/yoast-seo-wordpress\/ -->\n<title>Offener Brief an Vladimir Vladimirvich Putin cc: alle<\/title>\n<meta name=\"description\" content=\"Lieber Vladimir, obwohl wir uns noch nicht pers\u00f6nlich kennen, wage ich jetzt diese direkte Anrede, denn ich sp\u00fcre jedes Mal einen Knoten in mir, wenn ich\" \/>\n<meta name=\"robots\" content=\"index, follow, max-snippet:-1, max-image-preview:large, max-video-preview:-1\" \/>\n<link rel=\"canonical\" href=\"https:\/\/www.pressenza.com\/de\/2022\/09\/offener-brief-an-vladimir-vladimirvich-putin-cc-alle\/\" \/>\n<meta property=\"og:locale\" content=\"de_DE\" \/>\n<meta property=\"og:type\" content=\"article\" \/>\n<meta property=\"og:title\" content=\"Offener Brief an Vladimir Vladimirvich Putin cc: alle\" \/>\n<meta property=\"og:description\" content=\"Lieber Vladimir, obwohl wir uns noch nicht pers\u00f6nlich kennen, wage ich jetzt diese direkte Anrede, denn ich sp\u00fcre jedes Mal einen Knoten in mir, wenn ich\" \/>\n<meta property=\"og:url\" content=\"https:\/\/www.pressenza.com\/de\/2022\/09\/offener-brief-an-vladimir-vladimirvich-putin-cc-alle\/\" \/>\n<meta property=\"og:site_name\" content=\"Pressenza\" \/>\n<meta property=\"article:publisher\" content=\"https:\/\/www.facebook.com\/PressenzaItalia\" \/>\n<meta property=\"article:author\" content=\"https:\/\/www.facebook.com\/Pressenza-Deutschland-sterreich-Schweiz-281675388658060\/timeline\/\" \/>\n<meta property=\"article:published_time\" content=\"2022-09-02T16:04:22+00:00\" \/>\n<meta property=\"article:modified_time\" content=\"2022-09-02T16:25:10+00:00\" \/>\n<meta property=\"og:image\" content=\"https:\/\/www.pressenza.com\/wp-content\/uploads\/2022\/09\/Offener-Brief-Vladimir-Putin.jpeg\" \/>\n\t<meta property=\"og:image:width\" content=\"640\" \/>\n\t<meta property=\"og:image:height\" content=\"387\" \/>\n\t<meta property=\"og:image:type\" content=\"image\/jpeg\" \/>\n<meta name=\"author\" content=\"Pressenza Muenchen\" \/>\n<meta name=\"twitter:card\" content=\"summary_large_image\" \/>\n<meta name=\"twitter:creator\" content=\"@pressenza_ger\" \/>\n<meta name=\"twitter:site\" content=\"@PressenzaIPA\" \/>\n<meta name=\"twitter:label1\" content=\"Verfasst von\" \/>\n\t<meta name=\"twitter:data1\" content=\"Pressenza Muenchen\" \/>\n\t<meta name=\"twitter:label2\" content=\"Gesch\u00e4tzte Lesezeit\" \/>\n\t<meta name=\"twitter:data2\" content=\"5\u00a0Minuten\" \/>\n<script type=\"application\/ld+json\" class=\"yoast-schema-graph\">{\"@context\":\"https:\/\/schema.org\",\"@graph\":[{\"@type\":\"Article\",\"@id\":\"https:\/\/www.pressenza.com\/de\/2022\/09\/offener-brief-an-vladimir-vladimirvich-putin-cc-alle\/#article\",\"isPartOf\":{\"@id\":\"https:\/\/www.pressenza.com\/de\/2022\/09\/offener-brief-an-vladimir-vladimirvich-putin-cc-alle\/\"},\"author\":{\"name\":\"Pressenza Muenchen\",\"@id\":\"https:\/\/www.pressenza.com\/de\/#\/schema\/person\/0069724cfb2cb9785368a167d0d900b7\"},\"headline\":\"Offener Brief an Vladimir Vladimirvich Putin cc: alle\",\"datePublished\":\"2022-09-02T16:04:22+00:00\",\"dateModified\":\"2022-09-02T16:25:10+00:00\",\"mainEntityOfPage\":{\"@id\":\"https:\/\/www.pressenza.com\/de\/2022\/09\/offener-brief-an-vladimir-vladimirvich-putin-cc-alle\/\"},\"wordCount\":1200,\"publisher\":{\"@id\":\"https:\/\/www.pressenza.com\/de\/#organization\"},\"image\":{\"@id\":\"https:\/\/www.pressenza.com\/de\/2022\/09\/offener-brief-an-vladimir-vladimirvich-putin-cc-alle\/#primaryimage\"},\"thumbnailUrl\":\"https:\/\/www.pressenza.com\/wp-content\/uploads\/2022\/09\/Offener-Brief-Vladimir-Putin.jpeg\",\"keywords\":[\"Frieden\",\"Liebe\",\"Mut\",\"offener Brief\",\"Wladimir Putin\",\"Zukunft\"],\"articleSection\":[\"Frieden und Abr\u00fcstung\",\"Humanismus und Spiritualit\u00e4t\",\"Meinungen\"],\"inLanguage\":\"de\"},{\"@type\":\"WebPage\",\"@id\":\"https:\/\/www.pressenza.com\/de\/2022\/09\/offener-brief-an-vladimir-vladimirvich-putin-cc-alle\/\",\"url\":\"https:\/\/www.pressenza.com\/de\/2022\/09\/offener-brief-an-vladimir-vladimirvich-putin-cc-alle\/\",\"name\":\"Offener Brief an Vladimir Vladimirvich Putin cc: alle\",\"isPartOf\":{\"@id\":\"https:\/\/www.pressenza.com\/de\/#website\"},\"primaryImageOfPage\":{\"@id\":\"https:\/\/www.pressenza.com\/de\/2022\/09\/offener-brief-an-vladimir-vladimirvich-putin-cc-alle\/#primaryimage\"},\"image\":{\"@id\":\"https:\/\/www.pressenza.com\/de\/2022\/09\/offener-brief-an-vladimir-vladimirvich-putin-cc-alle\/#primaryimage\"},\"thumbnailUrl\":\"https:\/\/www.pressenza.com\/wp-content\/uploads\/2022\/09\/Offener-Brief-Vladimir-Putin.jpeg\",\"datePublished\":\"2022-09-02T16:04:22+00:00\",\"dateModified\":\"2022-09-02T16:25:10+00:00\",\"description\":\"Lieber Vladimir, obwohl wir uns noch nicht pers\u00f6nlich kennen, wage ich jetzt diese direkte Anrede, denn ich sp\u00fcre jedes Mal einen Knoten in mir, wenn ich\",\"breadcrumb\":{\"@id\":\"https:\/\/www.pressenza.com\/de\/2022\/09\/offener-brief-an-vladimir-vladimirvich-putin-cc-alle\/#breadcrumb\"},\"inLanguage\":\"de\",\"potentialAction\":[{\"@type\":\"ReadAction\",\"target\":[\"https:\/\/www.pressenza.com\/de\/2022\/09\/offener-brief-an-vladimir-vladimirvich-putin-cc-alle\/\"]}]},{\"@type\":\"ImageObject\",\"inLanguage\":\"de\",\"@id\":\"https:\/\/www.pressenza.com\/de\/2022\/09\/offener-brief-an-vladimir-vladimirvich-putin-cc-alle\/#primaryimage\",\"url\":\"https:\/\/www.pressenza.com\/wp-content\/uploads\/2022\/09\/Offener-Brief-Vladimir-Putin.jpeg\",\"contentUrl\":\"https:\/\/www.pressenza.com\/wp-content\/uploads\/2022\/09\/Offener-Brief-Vladimir-Putin.jpeg\",\"width\":640,\"height\":387,\"caption\":\"Offener Brief an Vladimir Vladimirvich Putin cc: alle\"},{\"@type\":\"BreadcrumbList\",\"@id\":\"https:\/\/www.pressenza.com\/de\/2022\/09\/offener-brief-an-vladimir-vladimirvich-putin-cc-alle\/#breadcrumb\",\"itemListElement\":[{\"@type\":\"ListItem\",\"position\":1,\"name\":\"Accueil\",\"item\":\"https:\/\/www.pressenza.com\/de\/\"},{\"@type\":\"ListItem\",\"position\":2,\"name\":\"Offener Brief an Vladimir Vladimirvich Putin cc: alle\"}]},{\"@type\":\"WebSite\",\"@id\":\"https:\/\/www.pressenza.com\/de\/#website\",\"url\":\"https:\/\/www.pressenza.com\/de\/\",\"name\":\"Pressenza\",\"description\":\"International Press Agency\",\"publisher\":{\"@id\":\"https:\/\/www.pressenza.com\/de\/#organization\"},\"potentialAction\":[{\"@type\":\"SearchAction\",\"target\":{\"@type\":\"EntryPoint\",\"urlTemplate\":\"https:\/\/www.pressenza.com\/de\/?s={search_term_string}\"},\"query-input\":{\"@type\":\"PropertyValueSpecification\",\"valueRequired\":true,\"valueName\":\"search_term_string\"}}],\"inLanguage\":\"de\"},{\"@type\":\"Organization\",\"@id\":\"https:\/\/www.pressenza.com\/de\/#organization\",\"name\":\"Pressenza\",\"url\":\"https:\/\/www.pressenza.com\/de\/\",\"logo\":{\"@type\":\"ImageObject\",\"inLanguage\":\"de\",\"@id\":\"https:\/\/www.pressenza.com\/de\/#\/schema\/logo\/image\/\",\"url\":\"https:\/\/www.pressenza.com\/wp-content\/uploads\/2022\/10\/pressenza_logo_200x200.jpg\",\"contentUrl\":\"https:\/\/www.pressenza.com\/wp-content\/uploads\/2022\/10\/pressenza_logo_200x200.jpg\",\"width\":200,\"height\":200,\"caption\":\"Pressenza\"},\"image\":{\"@id\":\"https:\/\/www.pressenza.com\/de\/#\/schema\/logo\/image\/\"},\"sameAs\":[\"https:\/\/www.facebook.com\/PressenzaItalia\",\"https:\/\/x.com\/PressenzaIPA\"]},{\"@type\":\"Person\",\"@id\":\"https:\/\/www.pressenza.com\/de\/#\/schema\/person\/0069724cfb2cb9785368a167d0d900b7\",\"name\":\"Pressenza Muenchen\",\"description\":\"News from the Pressenza bureau in Munich, Germany\",\"sameAs\":[\"https:\/\/www.facebook.com\/Pressenza-Deutschland-sterreich-Schweiz-281675388658060\/timeline\/\",\"https:\/\/x.com\/pressenza_ger\"],\"url\":\"https:\/\/www.pressenza.com\/de\/author\/pressenza-muenchen\/\"}]}<\/script>\n<!-- \/ Yoast SEO plugin. -->","yoast_head_json":{"title":"Offener Brief an Vladimir Vladimirvich Putin cc: alle","description":"Lieber Vladimir, obwohl wir uns noch nicht pers\u00f6nlich kennen, wage ich jetzt diese direkte Anrede, denn ich sp\u00fcre jedes Mal einen Knoten in mir, wenn ich","robots":{"index":"index","follow":"follow","max-snippet":"max-snippet:-1","max-image-preview":"max-image-preview:large","max-video-preview":"max-video-preview:-1"},"canonical":"https:\/\/www.pressenza.com\/de\/2022\/09\/offener-brief-an-vladimir-vladimirvich-putin-cc-alle\/","og_locale":"de_DE","og_type":"article","og_title":"Offener Brief an Vladimir Vladimirvich Putin cc: alle","og_description":"Lieber Vladimir, obwohl wir uns noch nicht pers\u00f6nlich kennen, wage ich jetzt diese direkte Anrede, denn ich sp\u00fcre jedes Mal einen Knoten in mir, wenn ich","og_url":"https:\/\/www.pressenza.com\/de\/2022\/09\/offener-brief-an-vladimir-vladimirvich-putin-cc-alle\/","og_site_name":"Pressenza","article_publisher":"https:\/\/www.facebook.com\/PressenzaItalia","article_author":"https:\/\/www.facebook.com\/Pressenza-Deutschland-sterreich-Schweiz-281675388658060\/timeline\/","article_published_time":"2022-09-02T16:04:22+00:00","article_modified_time":"2022-09-02T16:25:10+00:00","og_image":[{"width":640,"height":387,"url":"https:\/\/www.pressenza.com\/wp-content\/uploads\/2022\/09\/Offener-Brief-Vladimir-Putin.jpeg","type":"image\/jpeg"}],"author":"Pressenza Muenchen","twitter_card":"summary_large_image","twitter_creator":"@pressenza_ger","twitter_site":"@PressenzaIPA","twitter_misc":{"Verfasst von":"Pressenza Muenchen","Gesch\u00e4tzte Lesezeit":"5\u00a0Minuten"},"schema":{"@context":"https:\/\/schema.org","@graph":[{"@type":"Article","@id":"https:\/\/www.pressenza.com\/de\/2022\/09\/offener-brief-an-vladimir-vladimirvich-putin-cc-alle\/#article","isPartOf":{"@id":"https:\/\/www.pressenza.com\/de\/2022\/09\/offener-brief-an-vladimir-vladimirvich-putin-cc-alle\/"},"author":{"name":"Pressenza Muenchen","@id":"https:\/\/www.pressenza.com\/de\/#\/schema\/person\/0069724cfb2cb9785368a167d0d900b7"},"headline":"Offener Brief an Vladimir Vladimirvich Putin cc: alle","datePublished":"2022-09-02T16:04:22+00:00","dateModified":"2022-09-02T16:25:10+00:00","mainEntityOfPage":{"@id":"https:\/\/www.pressenza.com\/de\/2022\/09\/offener-brief-an-vladimir-vladimirvich-putin-cc-alle\/"},"wordCount":1200,"publisher":{"@id":"https:\/\/www.pressenza.com\/de\/#organization"},"image":{"@id":"https:\/\/www.pressenza.com\/de\/2022\/09\/offener-brief-an-vladimir-vladimirvich-putin-cc-alle\/#primaryimage"},"thumbnailUrl":"https:\/\/www.pressenza.com\/wp-content\/uploads\/2022\/09\/Offener-Brief-Vladimir-Putin.jpeg","keywords":["Frieden","Liebe","Mut","offener Brief","Wladimir Putin","Zukunft"],"articleSection":["Frieden und Abr\u00fcstung","Humanismus und Spiritualit\u00e4t","Meinungen"],"inLanguage":"de"},{"@type":"WebPage","@id":"https:\/\/www.pressenza.com\/de\/2022\/09\/offener-brief-an-vladimir-vladimirvich-putin-cc-alle\/","url":"https:\/\/www.pressenza.com\/de\/2022\/09\/offener-brief-an-vladimir-vladimirvich-putin-cc-alle\/","name":"Offener Brief an Vladimir Vladimirvich Putin cc: alle","isPartOf":{"@id":"https:\/\/www.pressenza.com\/de\/#website"},"primaryImageOfPage":{"@id":"https:\/\/www.pressenza.com\/de\/2022\/09\/offener-brief-an-vladimir-vladimirvich-putin-cc-alle\/#primaryimage"},"image":{"@id":"https:\/\/www.pressenza.com\/de\/2022\/09\/offener-brief-an-vladimir-vladimirvich-putin-cc-alle\/#primaryimage"},"thumbnailUrl":"https:\/\/www.pressenza.com\/wp-content\/uploads\/2022\/09\/Offener-Brief-Vladimir-Putin.jpeg","datePublished":"2022-09-02T16:04:22+00:00","dateModified":"2022-09-02T16:25:10+00:00","description":"Lieber Vladimir, obwohl wir uns noch nicht pers\u00f6nlich kennen, wage ich jetzt diese direkte Anrede, denn ich sp\u00fcre jedes Mal einen Knoten in mir, wenn ich","breadcrumb":{"@id":"https:\/\/www.pressenza.com\/de\/2022\/09\/offener-brief-an-vladimir-vladimirvich-putin-cc-alle\/#breadcrumb"},"inLanguage":"de","potentialAction":[{"@type":"ReadAction","target":["https:\/\/www.pressenza.com\/de\/2022\/09\/offener-brief-an-vladimir-vladimirvich-putin-cc-alle\/"]}]},{"@type":"ImageObject","inLanguage":"de","@id":"https:\/\/www.pressenza.com\/de\/2022\/09\/offener-brief-an-vladimir-vladimirvich-putin-cc-alle\/#primaryimage","url":"https:\/\/www.pressenza.com\/wp-content\/uploads\/2022\/09\/Offener-Brief-Vladimir-Putin.jpeg","contentUrl":"https:\/\/www.pressenza.com\/wp-content\/uploads\/2022\/09\/Offener-Brief-Vladimir-Putin.jpeg","width":640,"height":387,"caption":"Offener Brief an Vladimir Vladimirvich Putin cc: alle"},{"@type":"BreadcrumbList","@id":"https:\/\/www.pressenza.com\/de\/2022\/09\/offener-brief-an-vladimir-vladimirvich-putin-cc-alle\/#breadcrumb","itemListElement":[{"@type":"ListItem","position":1,"name":"Accueil","item":"https:\/\/www.pressenza.com\/de\/"},{"@type":"ListItem","position":2,"name":"Offener Brief an Vladimir Vladimirvich Putin cc: alle"}]},{"@type":"WebSite","@id":"https:\/\/www.pressenza.com\/de\/#website","url":"https:\/\/www.pressenza.com\/de\/","name":"Pressenza","description":"International Press Agency","publisher":{"@id":"https:\/\/www.pressenza.com\/de\/#organization"},"potentialAction":[{"@type":"SearchAction","target":{"@type":"EntryPoint","urlTemplate":"https:\/\/www.pressenza.com\/de\/?s={search_term_string}"},"query-input":{"@type":"PropertyValueSpecification","valueRequired":true,"valueName":"search_term_string"}}],"inLanguage":"de"},{"@type":"Organization","@id":"https:\/\/www.pressenza.com\/de\/#organization","name":"Pressenza","url":"https:\/\/www.pressenza.com\/de\/","logo":{"@type":"ImageObject","inLanguage":"de","@id":"https:\/\/www.pressenza.com\/de\/#\/schema\/logo\/image\/","url":"https:\/\/www.pressenza.com\/wp-content\/uploads\/2022\/10\/pressenza_logo_200x200.jpg","contentUrl":"https:\/\/www.pressenza.com\/wp-content\/uploads\/2022\/10\/pressenza_logo_200x200.jpg","width":200,"height":200,"caption":"Pressenza"},"image":{"@id":"https:\/\/www.pressenza.com\/de\/#\/schema\/logo\/image\/"},"sameAs":["https:\/\/www.facebook.com\/PressenzaItalia","https:\/\/x.com\/PressenzaIPA"]},{"@type":"Person","@id":"https:\/\/www.pressenza.com\/de\/#\/schema\/person\/0069724cfb2cb9785368a167d0d900b7","name":"Pressenza Muenchen","description":"News from the Pressenza bureau in Munich, Germany","sameAs":["https:\/\/www.facebook.com\/Pressenza-Deutschland-sterreich-Schweiz-281675388658060\/timeline\/","https:\/\/x.com\/pressenza_ger"],"url":"https:\/\/www.pressenza.com\/de\/author\/pressenza-muenchen\/"}]}},"place":"Claudia Shkatov","original_article_url":"https:\/\/www.newslichter.de\/2022\/08\/offener-brief-an-vladimir-vladimirvich-putin-cc-alle\/","_links":{"self":[{"href":"https:\/\/www.pressenza.com\/de\/wp-json\/wp\/v2\/posts\/1651399","targetHints":{"allow":["GET"]}}],"collection":[{"href":"https:\/\/www.pressenza.com\/de\/wp-json\/wp\/v2\/posts"}],"about":[{"href":"https:\/\/www.pressenza.com\/de\/wp-json\/wp\/v2\/types\/post"}],"author":[{"embeddable":true,"href":"https:\/\/www.pressenza.com\/de\/wp-json\/wp\/v2\/users\/1097"}],"replies":[{"embeddable":true,"href":"https:\/\/www.pressenza.com\/de\/wp-json\/wp\/v2\/comments?post=1651399"}],"version-history":[{"count":0,"href":"https:\/\/www.pressenza.com\/de\/wp-json\/wp\/v2\/posts\/1651399\/revisions"}],"wp:featuredmedia":[{"embeddable":true,"href":"https:\/\/www.pressenza.com\/de\/wp-json\/wp\/v2\/media\/1651428"}],"wp:attachment":[{"href":"https:\/\/www.pressenza.com\/de\/wp-json\/wp\/v2\/media?parent=1651399"}],"wp:term":[{"taxonomy":"category","embeddable":true,"href":"https:\/\/www.pressenza.com\/de\/wp-json\/wp\/v2\/categories?post=1651399"},{"taxonomy":"post_tag","embeddable":true,"href":"https:\/\/www.pressenza.com\/de\/wp-json\/wp\/v2\/tags?post=1651399"}],"curies":[{"name":"wp","href":"https:\/\/api.w.org\/{rel}","templated":true}]}}