{"id":164667,"date":"2015-02-19T18:43:19","date_gmt":"2015-02-19T18:43:19","guid":{"rendered":"http:\/\/www.pressenza.com\/?p=164667"},"modified":"2015-02-19T18:44:58","modified_gmt":"2015-02-19T18:44:58","slug":"friedensfilmpreis-fur-look-silence","status":"publish","type":"post","link":"https:\/\/www.pressenza.com\/de\/2015\/02\/friedensfilmpreis-fur-look-silence\/","title":{"rendered":"Friedensfilmpreis f\u00fcr &#8222;The Look of Silence&#8220;"},"content":{"rendered":"<p>Der <a href=\"http:\/\/www.friedensfilm.de\">Friedensfilmpreis<\/a> ist fester Bestandteil der Berlinale. Er wurde dieses Jahr zum 30. Mal verliehen. Initiiert wurde er von Westberliner Friedensinitiativen. Die jetzige Jury besteht aus 9 Personen und unterst\u00fctzt wird er von IPPNW und der Heinrich-B\u00f6ll-Stiftung. Der Friedensfilmpreis wurde in diesem Jahr dem Film \u201eThe Look of Silence\u201c vom Regisseur Joshua Oppenheimer verliehen, einer Koproduktion zwischen D\u00e4nemark, Norwegen, Finnland, Indonesien und Gro\u00dfbritannien.<\/p>\n<p>Der Dokumentarfilm gibt \u00fcber Interviews von T\u00e4tern und Opfern tiefe Einblicke in das Massaker von 1965 in Indonesien. Mit Ersch\u00fctterung sehen wir in die \u201eAbgr\u00fcnde menschlicher Grausamkeit und die hoffentlich ebenso gro\u00dfe F\u00e4higkeit der Vers\u00f6hnung\u201c (aus der Begr\u00fcndung der Jury).<\/p>\n<p>Bei der Preisverleihung erz\u00e4hlt Joshua Oppenheimer von seinen j\u00fcdischen Familienmitgliedern, die in Berlin gelebt haben und die der Friedenspreis sehr gefreut haben w\u00fcrde. So dr\u00e4ngt sich \u00fcber den Genozid in Indonesien hinaus eine grunds\u00e4tzliche Frage auf: wie k\u00f6nnen solche historische Barbareien geschehen? Parallele bietet auch hier die Schaffung eines Feindbildes. Es ist die Voraussetzung zur Enthumanisierung und Rechtfertigung der T\u00e4ter.<\/p>\n<p>Die Rechtfertigung in Indonesien der 60-er Jahre bestand darin, dass die brutal Ermordeten, es waren \u00fcber eine Million Menschen, angeblich Kommunisten seien! Im deutschen Faschismus waren es Juden, in Ruanda waren es Tutsi, heute sind Feindbilder sogenannte Islamisten\/Terroristen. Wie kann es zu diesen Feindbildern kommen? Fragen, die auf die konkreten politischen, historischen Umst\u00e4nde hinzielen! Auch wenn der Film sie nicht vordergr\u00fcndig behandelt, spart der Film sie auch nicht aus.<\/p>\n<p>Denn \u00fcber die sensible Sichtbarmachung der Psyche von T\u00e4tern und Opfern hinaus scheinen in dem Film die Machtverh\u00e4ltnisse in den 60-er Jahren in Indonesien sichtbar durch. Es ist der milit\u00e4rische Apparat, der \u00fcber Leben und tausendfachen Tod entscheidet. Und es waren die US-Amerikaner, die den Kommunismus zum Staatsfeind aufbauten und dabei jeder Unliebsame zum Kommunisten stigmatisiert wurde, der ausgerottet werden musste, so die Aussage eines T\u00e4ters. Die koloniale Politik der USA hatte einheimische, willf\u00e4hrige Machtstrukturen aufgebaut und genutzt &#8211; und diese haben sich nutzen lassen. Diese Dimension wird bei allen Filmbesprechungen, die ich im Internet gefunden habe, ausgespart. Auch die Jury nahm die historische, politische Situation in ihrer Begr\u00fcndung nicht in den Blick.<\/p>\n<p>Der Film provoziert in Indonesien nach so langer Zeit ein Br\u00f6ckeln des Schweigens. Noch aber bedeutet das \u00d6ffentlich machen der Verbrechen eine Gefahr f\u00fcr die Opfer. Die T\u00e4ter leben dagegen in komfortablen Umst\u00e4nden. Im Abspann mussten viele am Film Beteiligte als anonym bezeichnet werden.<\/p>\n<p>Dass der Film neben vielen Preisen den Friedensfilmpreis bekommen hat, ist eine sehr sch\u00f6ne und passende W\u00fcrdigung. Als Friedensengagierte sind wir bem\u00fcht, den Frieden zu verteidigen und zu erkennen, welche Kr\u00e4fte ihn zerst\u00f6ren. Dazu gibt der Film emotionale und reflektierende Anregungen.<\/p>\n<p>Die Journalistin Carolin Emcke sagt allgemein \u00fcber das Besondere des Friedensfilms: \u201eEin Film kann Konflikte zu ihren Quellen zur\u00fcckverfolgen und uns darin eine Einsicht vermitteln, wie Gewalt und Krieg zu vermeiden w\u00e4ren.\u201c Eine Einsicht kann der Film \u201e<a href=\"http:\/\/thelookofsilence.com\/\">The Look of Silence<\/a>\u201c unbedingt vermitteln, wenn man die gesetzten Spuren verfolgt und Fragen stellt nach der Ursache f\u00fcr diesen Genozid, schmerzhafte Fragen f\u00fcr die Indonesier selbst.<\/p>\n<p>Zu dem Komplex Opfer und T\u00e4ter in psychischer Hinsicht m\u00f6chte ich an <a href=\"http:\/\/de.wikipedia.org\/wiki\/Frantz_Fanon\">Frantz Fanons<\/a> Abhandlung zur Zeit des Algerienkriegs erinnern.<\/p>\n<p><a href=\"http:\/\/www.friedensfilm.de\/index.php?id=266&amp;expand=1189&amp;cHash=1dd1f65f2dedff9dc65e7f7202e73018\">Die Rede der Vertreterin der IPPNW, Nicola Kaatsch<\/a>, war wie letztes Jahr ein Genuss. Die Rede war eine komplexe Analyse \u00fcber die heutigen Gefahren f\u00fcr den Frieden.<\/p>\n<p>Wir freuen uns auf die n\u00e4chste Filmpreisverleihung. Dank an alle Organisatoren und Ausf\u00fchrende.<\/p>\n<p><em>Elke Zwinge-Makamizile, Freidenkerin und Deutscher Friedensrat<\/em><\/p>\n<p><iframe loading=\"lazy\" src=\"https:\/\/www.youtube.com\/embed\/aA_ZHAs4M9k\" width=\"560\" height=\"315\" frameborder=\"0\" allowfullscreen=\"allowfullscreen\"><\/iframe><\/p>\n<p>&nbsp;<\/p>\n","protected":false},"excerpt":{"rendered":"<p>Der Friedensfilmpreis ist fester Bestandteil der Berlinale. Er wurde dieses Jahr zum 30. Mal verliehen. Initiiert wurde er von Westberliner Friedensinitiativen. Die jetzige Jury besteht aus 9 Personen und unterst\u00fctzt wird er von IPPNW und der Heinrich-B\u00f6ll-Stiftung. Der Friedensfilmpreis wurde&hellip;<\/p>\n","protected":false},"author":1095,"featured_media":164674,"comment_status":"closed","ping_status":"open","sticky":false,"template":"","format":"standard","meta":{"footnotes":""},"categories":[9150,9167,9156,11387],"tags":[10574,15977,15978],"class_list":["post-164667","post","type-post","status-publish","format-standard","has-post-thumbnail","hentry","category-europa-de","category-frieden-und-abruestung","category-kultur-und-medien","category-originalinhalt","tag-berlin-de","tag-berlinale","tag-friedensfilmpreis"],"yoast_head":"<!-- This site is optimized with the Yoast SEO plugin v27.1.1 - https:\/\/yoast.com\/product\/yoast-seo-wordpress\/ -->\n<title>Friedensfilmpreis f\u00fcr &quot;The Look of Silence&quot;<\/title>\n<meta name=\"description\" content=\"Der Friedensfilmpreis ist fester Bestandteil der Berlinale. Er wurde dieses Jahr zum 30. Mal verliehen. Initiiert wurde er von Westberliner\" \/>\n<meta name=\"robots\" content=\"index, follow, max-snippet:-1, max-image-preview:large, max-video-preview:-1\" \/>\n<link rel=\"canonical\" href=\"https:\/\/www.pressenza.com\/de\/2015\/02\/friedensfilmpreis-fur-look-silence\/\" \/>\n<meta property=\"og:locale\" content=\"de_DE\" \/>\n<meta property=\"og:type\" content=\"article\" \/>\n<meta property=\"og:title\" content=\"Friedensfilmpreis f\u00fcr &quot;The Look of Silence&quot;\" \/>\n<meta property=\"og:description\" content=\"Der Friedensfilmpreis ist fester Bestandteil der Berlinale. Er wurde dieses Jahr zum 30. Mal verliehen. Initiiert wurde er von Westberliner\" \/>\n<meta property=\"og:url\" content=\"https:\/\/www.pressenza.com\/de\/2015\/02\/friedensfilmpreis-fur-look-silence\/\" \/>\n<meta property=\"og:site_name\" content=\"Pressenza\" \/>\n<meta property=\"article:publisher\" content=\"https:\/\/www.facebook.com\/PressenzaItalia\" \/>\n<meta property=\"article:author\" content=\"https:\/\/www.facebook.com\/Pressenza-Deutschland-sterreich-Schweiz-281675388658060\/timeline\/\" \/>\n<meta property=\"article:published_time\" content=\"2015-02-19T18:43:19+00:00\" \/>\n<meta property=\"article:modified_time\" content=\"2015-02-19T18:44:58+00:00\" \/>\n<meta property=\"og:image\" content=\"https:\/\/www.pressenza.com\/wp-content\/uploads\/2015\/02\/still1.jpg\" \/>\n\t<meta property=\"og:image:width\" content=\"900\" \/>\n\t<meta property=\"og:image:height\" content=\"506\" \/>\n\t<meta property=\"og:image:type\" content=\"image\/jpeg\" \/>\n<meta name=\"author\" content=\"Pressenza Berlin\" \/>\n<meta name=\"twitter:card\" content=\"summary_large_image\" \/>\n<meta name=\"twitter:creator\" content=\"@pressenza_ger\" \/>\n<meta name=\"twitter:site\" content=\"@PressenzaIPA\" \/>\n<meta name=\"twitter:label1\" content=\"Verfasst von\" \/>\n\t<meta name=\"twitter:data1\" content=\"Pressenza Berlin\" \/>\n\t<meta name=\"twitter:label2\" content=\"Gesch\u00e4tzte Lesezeit\" \/>\n\t<meta name=\"twitter:data2\" content=\"3\u00a0Minuten\" \/>\n<script type=\"application\/ld+json\" class=\"yoast-schema-graph\">{\"@context\":\"https:\/\/schema.org\",\"@graph\":[{\"@type\":\"Article\",\"@id\":\"https:\/\/www.pressenza.com\/de\/2015\/02\/friedensfilmpreis-fur-look-silence\/#article\",\"isPartOf\":{\"@id\":\"https:\/\/www.pressenza.com\/de\/2015\/02\/friedensfilmpreis-fur-look-silence\/\"},\"author\":{\"name\":\"Pressenza Berlin\",\"@id\":\"https:\/\/www.pressenza.com\/de\/#\/schema\/person\/57bb5480943a496a7722b0248e4b658a\"},\"headline\":\"Friedensfilmpreis f\u00fcr &#8222;The Look of Silence&#8220;\",\"datePublished\":\"2015-02-19T18:43:19+00:00\",\"dateModified\":\"2015-02-19T18:44:58+00:00\",\"mainEntityOfPage\":{\"@id\":\"https:\/\/www.pressenza.com\/de\/2015\/02\/friedensfilmpreis-fur-look-silence\/\"},\"wordCount\":610,\"publisher\":{\"@id\":\"https:\/\/www.pressenza.com\/de\/#organization\"},\"image\":{\"@id\":\"https:\/\/www.pressenza.com\/de\/2015\/02\/friedensfilmpreis-fur-look-silence\/#primaryimage\"},\"thumbnailUrl\":\"https:\/\/www.pressenza.com\/wp-content\/uploads\/2015\/02\/still1.jpg\",\"keywords\":[\"Berlin\",\"Berlinale\",\"Friedensfilmpreis\"],\"articleSection\":[\"Europa\",\"Frieden und Abr\u00fcstung\",\"Kultur und Medien\",\"Originalinhalt\"],\"inLanguage\":\"de\"},{\"@type\":\"WebPage\",\"@id\":\"https:\/\/www.pressenza.com\/de\/2015\/02\/friedensfilmpreis-fur-look-silence\/\",\"url\":\"https:\/\/www.pressenza.com\/de\/2015\/02\/friedensfilmpreis-fur-look-silence\/\",\"name\":\"Friedensfilmpreis f\u00fcr \\\"The Look of Silence\\\"\",\"isPartOf\":{\"@id\":\"https:\/\/www.pressenza.com\/de\/#website\"},\"primaryImageOfPage\":{\"@id\":\"https:\/\/www.pressenza.com\/de\/2015\/02\/friedensfilmpreis-fur-look-silence\/#primaryimage\"},\"image\":{\"@id\":\"https:\/\/www.pressenza.com\/de\/2015\/02\/friedensfilmpreis-fur-look-silence\/#primaryimage\"},\"thumbnailUrl\":\"https:\/\/www.pressenza.com\/wp-content\/uploads\/2015\/02\/still1.jpg\",\"datePublished\":\"2015-02-19T18:43:19+00:00\",\"dateModified\":\"2015-02-19T18:44:58+00:00\",\"description\":\"Der Friedensfilmpreis ist fester Bestandteil der Berlinale. Er wurde dieses Jahr zum 30. Mal verliehen. Initiiert wurde er von Westberliner\",\"breadcrumb\":{\"@id\":\"https:\/\/www.pressenza.com\/de\/2015\/02\/friedensfilmpreis-fur-look-silence\/#breadcrumb\"},\"inLanguage\":\"de\",\"potentialAction\":[{\"@type\":\"ReadAction\",\"target\":[\"https:\/\/www.pressenza.com\/de\/2015\/02\/friedensfilmpreis-fur-look-silence\/\"]}]},{\"@type\":\"ImageObject\",\"inLanguage\":\"de\",\"@id\":\"https:\/\/www.pressenza.com\/de\/2015\/02\/friedensfilmpreis-fur-look-silence\/#primaryimage\",\"url\":\"https:\/\/www.pressenza.com\/wp-content\/uploads\/2015\/02\/still1.jpg\",\"contentUrl\":\"https:\/\/www.pressenza.com\/wp-content\/uploads\/2015\/02\/still1.jpg\",\"width\":900,\"height\":506},{\"@type\":\"BreadcrumbList\",\"@id\":\"https:\/\/www.pressenza.com\/de\/2015\/02\/friedensfilmpreis-fur-look-silence\/#breadcrumb\",\"itemListElement\":[{\"@type\":\"ListItem\",\"position\":1,\"name\":\"Accueil\",\"item\":\"https:\/\/www.pressenza.com\/de\/\"},{\"@type\":\"ListItem\",\"position\":2,\"name\":\"Friedensfilmpreis f\u00fcr &#8222;The Look of Silence&#8220;\"}]},{\"@type\":\"WebSite\",\"@id\":\"https:\/\/www.pressenza.com\/de\/#website\",\"url\":\"https:\/\/www.pressenza.com\/de\/\",\"name\":\"Pressenza\",\"description\":\"International Press Agency\",\"publisher\":{\"@id\":\"https:\/\/www.pressenza.com\/de\/#organization\"},\"potentialAction\":[{\"@type\":\"SearchAction\",\"target\":{\"@type\":\"EntryPoint\",\"urlTemplate\":\"https:\/\/www.pressenza.com\/de\/?s={search_term_string}\"},\"query-input\":{\"@type\":\"PropertyValueSpecification\",\"valueRequired\":true,\"valueName\":\"search_term_string\"}}],\"inLanguage\":\"de\"},{\"@type\":\"Organization\",\"@id\":\"https:\/\/www.pressenza.com\/de\/#organization\",\"name\":\"Pressenza\",\"url\":\"https:\/\/www.pressenza.com\/de\/\",\"logo\":{\"@type\":\"ImageObject\",\"inLanguage\":\"de\",\"@id\":\"https:\/\/www.pressenza.com\/de\/#\/schema\/logo\/image\/\",\"url\":\"https:\/\/www.pressenza.com\/wp-content\/uploads\/2022\/10\/pressenza_logo_200x200.jpg\",\"contentUrl\":\"https:\/\/www.pressenza.com\/wp-content\/uploads\/2022\/10\/pressenza_logo_200x200.jpg\",\"width\":200,\"height\":200,\"caption\":\"Pressenza\"},\"image\":{\"@id\":\"https:\/\/www.pressenza.com\/de\/#\/schema\/logo\/image\/\"},\"sameAs\":[\"https:\/\/www.facebook.com\/PressenzaItalia\",\"https:\/\/x.com\/PressenzaIPA\"]},{\"@type\":\"Person\",\"@id\":\"https:\/\/www.pressenza.com\/de\/#\/schema\/person\/57bb5480943a496a7722b0248e4b658a\",\"name\":\"Pressenza Berlin\",\"description\":\"News from the Pressenza Bureau in Berlin, Germany\",\"sameAs\":[\"https:\/\/www.facebook.com\/Pressenza-Deutschland-sterreich-Schweiz-281675388658060\/timeline\/\",\"https:\/\/x.com\/pressenza_ger\"],\"url\":\"https:\/\/www.pressenza.com\/de\/author\/pressenza-berlin\/\"}]}<\/script>\n<!-- \/ Yoast SEO plugin. -->","yoast_head_json":{"title":"Friedensfilmpreis f\u00fcr \"The Look of Silence\"","description":"Der Friedensfilmpreis ist fester Bestandteil der Berlinale. Er wurde dieses Jahr zum 30. Mal verliehen. Initiiert wurde er von Westberliner","robots":{"index":"index","follow":"follow","max-snippet":"max-snippet:-1","max-image-preview":"max-image-preview:large","max-video-preview":"max-video-preview:-1"},"canonical":"https:\/\/www.pressenza.com\/de\/2015\/02\/friedensfilmpreis-fur-look-silence\/","og_locale":"de_DE","og_type":"article","og_title":"Friedensfilmpreis f\u00fcr \"The Look of Silence\"","og_description":"Der Friedensfilmpreis ist fester Bestandteil der Berlinale. Er wurde dieses Jahr zum 30. Mal verliehen. Initiiert wurde er von Westberliner","og_url":"https:\/\/www.pressenza.com\/de\/2015\/02\/friedensfilmpreis-fur-look-silence\/","og_site_name":"Pressenza","article_publisher":"https:\/\/www.facebook.com\/PressenzaItalia","article_author":"https:\/\/www.facebook.com\/Pressenza-Deutschland-sterreich-Schweiz-281675388658060\/timeline\/","article_published_time":"2015-02-19T18:43:19+00:00","article_modified_time":"2015-02-19T18:44:58+00:00","og_image":[{"width":900,"height":506,"url":"https:\/\/www.pressenza.com\/wp-content\/uploads\/2015\/02\/still1.jpg","type":"image\/jpeg"}],"author":"Pressenza Berlin","twitter_card":"summary_large_image","twitter_creator":"@pressenza_ger","twitter_site":"@PressenzaIPA","twitter_misc":{"Verfasst von":"Pressenza Berlin","Gesch\u00e4tzte Lesezeit":"3\u00a0Minuten"},"schema":{"@context":"https:\/\/schema.org","@graph":[{"@type":"Article","@id":"https:\/\/www.pressenza.com\/de\/2015\/02\/friedensfilmpreis-fur-look-silence\/#article","isPartOf":{"@id":"https:\/\/www.pressenza.com\/de\/2015\/02\/friedensfilmpreis-fur-look-silence\/"},"author":{"name":"Pressenza Berlin","@id":"https:\/\/www.pressenza.com\/de\/#\/schema\/person\/57bb5480943a496a7722b0248e4b658a"},"headline":"Friedensfilmpreis f\u00fcr &#8222;The Look of Silence&#8220;","datePublished":"2015-02-19T18:43:19+00:00","dateModified":"2015-02-19T18:44:58+00:00","mainEntityOfPage":{"@id":"https:\/\/www.pressenza.com\/de\/2015\/02\/friedensfilmpreis-fur-look-silence\/"},"wordCount":610,"publisher":{"@id":"https:\/\/www.pressenza.com\/de\/#organization"},"image":{"@id":"https:\/\/www.pressenza.com\/de\/2015\/02\/friedensfilmpreis-fur-look-silence\/#primaryimage"},"thumbnailUrl":"https:\/\/www.pressenza.com\/wp-content\/uploads\/2015\/02\/still1.jpg","keywords":["Berlin","Berlinale","Friedensfilmpreis"],"articleSection":["Europa","Frieden und Abr\u00fcstung","Kultur und Medien","Originalinhalt"],"inLanguage":"de"},{"@type":"WebPage","@id":"https:\/\/www.pressenza.com\/de\/2015\/02\/friedensfilmpreis-fur-look-silence\/","url":"https:\/\/www.pressenza.com\/de\/2015\/02\/friedensfilmpreis-fur-look-silence\/","name":"Friedensfilmpreis f\u00fcr \"The Look of Silence\"","isPartOf":{"@id":"https:\/\/www.pressenza.com\/de\/#website"},"primaryImageOfPage":{"@id":"https:\/\/www.pressenza.com\/de\/2015\/02\/friedensfilmpreis-fur-look-silence\/#primaryimage"},"image":{"@id":"https:\/\/www.pressenza.com\/de\/2015\/02\/friedensfilmpreis-fur-look-silence\/#primaryimage"},"thumbnailUrl":"https:\/\/www.pressenza.com\/wp-content\/uploads\/2015\/02\/still1.jpg","datePublished":"2015-02-19T18:43:19+00:00","dateModified":"2015-02-19T18:44:58+00:00","description":"Der Friedensfilmpreis ist fester Bestandteil der Berlinale. Er wurde dieses Jahr zum 30. Mal verliehen. Initiiert wurde er von Westberliner","breadcrumb":{"@id":"https:\/\/www.pressenza.com\/de\/2015\/02\/friedensfilmpreis-fur-look-silence\/#breadcrumb"},"inLanguage":"de","potentialAction":[{"@type":"ReadAction","target":["https:\/\/www.pressenza.com\/de\/2015\/02\/friedensfilmpreis-fur-look-silence\/"]}]},{"@type":"ImageObject","inLanguage":"de","@id":"https:\/\/www.pressenza.com\/de\/2015\/02\/friedensfilmpreis-fur-look-silence\/#primaryimage","url":"https:\/\/www.pressenza.com\/wp-content\/uploads\/2015\/02\/still1.jpg","contentUrl":"https:\/\/www.pressenza.com\/wp-content\/uploads\/2015\/02\/still1.jpg","width":900,"height":506},{"@type":"BreadcrumbList","@id":"https:\/\/www.pressenza.com\/de\/2015\/02\/friedensfilmpreis-fur-look-silence\/#breadcrumb","itemListElement":[{"@type":"ListItem","position":1,"name":"Accueil","item":"https:\/\/www.pressenza.com\/de\/"},{"@type":"ListItem","position":2,"name":"Friedensfilmpreis f\u00fcr &#8222;The Look of Silence&#8220;"}]},{"@type":"WebSite","@id":"https:\/\/www.pressenza.com\/de\/#website","url":"https:\/\/www.pressenza.com\/de\/","name":"Pressenza","description":"International Press Agency","publisher":{"@id":"https:\/\/www.pressenza.com\/de\/#organization"},"potentialAction":[{"@type":"SearchAction","target":{"@type":"EntryPoint","urlTemplate":"https:\/\/www.pressenza.com\/de\/?s={search_term_string}"},"query-input":{"@type":"PropertyValueSpecification","valueRequired":true,"valueName":"search_term_string"}}],"inLanguage":"de"},{"@type":"Organization","@id":"https:\/\/www.pressenza.com\/de\/#organization","name":"Pressenza","url":"https:\/\/www.pressenza.com\/de\/","logo":{"@type":"ImageObject","inLanguage":"de","@id":"https:\/\/www.pressenza.com\/de\/#\/schema\/logo\/image\/","url":"https:\/\/www.pressenza.com\/wp-content\/uploads\/2022\/10\/pressenza_logo_200x200.jpg","contentUrl":"https:\/\/www.pressenza.com\/wp-content\/uploads\/2022\/10\/pressenza_logo_200x200.jpg","width":200,"height":200,"caption":"Pressenza"},"image":{"@id":"https:\/\/www.pressenza.com\/de\/#\/schema\/logo\/image\/"},"sameAs":["https:\/\/www.facebook.com\/PressenzaItalia","https:\/\/x.com\/PressenzaIPA"]},{"@type":"Person","@id":"https:\/\/www.pressenza.com\/de\/#\/schema\/person\/57bb5480943a496a7722b0248e4b658a","name":"Pressenza Berlin","description":"News from the Pressenza Bureau in Berlin, Germany","sameAs":["https:\/\/www.facebook.com\/Pressenza-Deutschland-sterreich-Schweiz-281675388658060\/timeline\/","https:\/\/x.com\/pressenza_ger"],"url":"https:\/\/www.pressenza.com\/de\/author\/pressenza-berlin\/"}]}},"place":"","original_article_url":"","_links":{"self":[{"href":"https:\/\/www.pressenza.com\/de\/wp-json\/wp\/v2\/posts\/164667","targetHints":{"allow":["GET"]}}],"collection":[{"href":"https:\/\/www.pressenza.com\/de\/wp-json\/wp\/v2\/posts"}],"about":[{"href":"https:\/\/www.pressenza.com\/de\/wp-json\/wp\/v2\/types\/post"}],"author":[{"embeddable":true,"href":"https:\/\/www.pressenza.com\/de\/wp-json\/wp\/v2\/users\/1095"}],"replies":[{"embeddable":true,"href":"https:\/\/www.pressenza.com\/de\/wp-json\/wp\/v2\/comments?post=164667"}],"version-history":[{"count":0,"href":"https:\/\/www.pressenza.com\/de\/wp-json\/wp\/v2\/posts\/164667\/revisions"}],"wp:featuredmedia":[{"embeddable":true,"href":"https:\/\/www.pressenza.com\/de\/wp-json\/wp\/v2\/media\/164674"}],"wp:attachment":[{"href":"https:\/\/www.pressenza.com\/de\/wp-json\/wp\/v2\/media?parent=164667"}],"wp:term":[{"taxonomy":"category","embeddable":true,"href":"https:\/\/www.pressenza.com\/de\/wp-json\/wp\/v2\/categories?post=164667"},{"taxonomy":"post_tag","embeddable":true,"href":"https:\/\/www.pressenza.com\/de\/wp-json\/wp\/v2\/tags?post=164667"}],"curies":[{"name":"wp","href":"https:\/\/api.w.org\/{rel}","templated":true}]}}