{"id":1638883,"date":"2022-08-07T18:20:22","date_gmt":"2022-08-07T17:20:22","guid":{"rendered":"https:\/\/www.pressenza.com\/?p=1638883"},"modified":"2022-08-07T18:20:22","modified_gmt":"2022-08-07T17:20:22","slug":"teuerung-hungern-fuer-die-miete-wohnbeihilfe-erhoehen-sozialhilfe-reformieren","status":"publish","type":"post","link":"https:\/\/www.pressenza.com\/de\/2022\/08\/teuerung-hungern-fuer-die-miete-wohnbeihilfe-erhoehen-sozialhilfe-reformieren\/","title":{"rendered":"Teuerung: \u201eHungern f\u00fcr die Miete?\u201c Wohnbeihilfe erh\u00f6hen, Sozialhilfe reformieren"},"content":{"rendered":"<p class=\"untertitel\"><strong>Armutskonferenz: Arbeitslosengeld zu niedrig \u2013 K\u00fcrzungen verhindern<\/strong><\/p>\n<p class=\"text\">Was jetzt besonders wichtig w\u00e4re, sind Entlastungen bei den Wohnkosten wie z.B. durch eine verbesserte Wohnbeihilfe. \u201eAuf das wird in der Teuerungsdebatte bisher zu wenig Augenmerk gelegt\u201c, kommentiert das Netzwerk Armutskonferenz. \u201cDer Abzug der Wohnbeihilfe und die K\u00fcrzungen beim Lebensunterhalt in der Sozialhilfe f\u00fchren zu massiven Problemen. Frauen und Kinder haben zu wenig zum Wohnen und zu wenig zum Leben. Um ihre Miete zu zahlen, m\u00fcssen die Betroffenen das aufbrauchen, was eigentlich f\u00fcr den notwendigsten Lebensunterhalt vorgesehen w\u00e4re. \u201eHungern f\u00fcr die Miete\u201c, bringt es die Armutskonferenz auf den Punkt. Bei der Sozialhilfe braucht es dringend weitere Reformen, allen voran die Gew\u00e4hrung und Erh\u00f6hung der Wohnbeihilfe.<br \/>\nInvestitionen in den sozialen Wohnbau w\u00e4ren sinnvoll, da gibt es in vielen Teilen \u00d6sterreichs noch gro\u00dfen Aufholbedarf. Auch die Fl\u00e4chenwidmung muss mithelfen, g\u00fcnstigen Boden f\u00fcr sozialen und gemeinn\u00fctzigen Wohnbau zur Verf\u00fcgung zu stellen. Diese Ma\u00dfnahmen wirken allerdings mittelfristig.<\/p>\n<h3><b>Arbeitslosengeld zu niedrig \u2013 K\u00fcrzungen verhindern<\/b><\/h3>\n<p class=\"text\">\u201eMa\u00dfnahmen zur Erh\u00f6hung des Arbeitslosengeldes fehlen bisher, sie sind aber zentral f\u00fcr Armutsbek\u00e4mpfung\u201c, kritisiert die Armutskonferenz. Das Arbeitslosengeld ist in \u00d6sterreich relativ niedrig, darin enthaltene Familienzuschl\u00e4ge sind seit 2001 nicht erh\u00f6ht worden. \u201eIn jedem Fall m\u00fcssen wir die K\u00fcrzung des Arbeitslosengeldes verhindern\u201c, warnt die Armutskonferenz. \u201eIn ganz \u00d6sterreich wird nach M\u00f6glichkeiten gesucht wie man die Betroffenen am besten vor dem Absturz bewahrt. Nur in der Arbeitsmarktpolitik schlie\u00dft man noch immer nicht aus, bei den am meisten Gef\u00e4hrdeten zu k\u00fcrzen.\u201c<\/p>\n<p class=\"text\">\u201eWir sitzen alle im selben Sturm. Aber wenn er kommt, gehen jenen als erstes die Kr\u00e4fte aus, die schon bisher wenig Halt hatten.\u201c Besonders armutsgef\u00e4hrdet sind Kinder (30%), Alleinerzieherinnen (47%) und Arbeitslose (52%). Mit gro\u00dfen Problemen sind Menschen mit chronischer Erkrankung konfrontiert. Und die hohen Wohnkosten bringen viele an den Rand. F\u00fcr 800.000 Menschen (13%) stellen die Wohnkosten bereits eine schwere finanzielle Belastung dar. Bei 7% kam es bereits Ende 2021 zu Zahlungsr\u00fcckst\u00e4nden, hier sind Arbeitslose am st\u00e4rksten betroffen, zitiert die Armutskonferenz die Statistik Austria.<\/p>\n<p><a href=\"https:\/\/www.ots.at\/presseaussendung\/OTS_20220805_OTS0025\/teuerung-hungern-fuer-die-miete-wohnbeihilfe-erhoehen-sozialhilfe-reformieren\"><em>Pressemitteilung<\/em><\/a><\/p>\n","protected":false},"excerpt":{"rendered":"<p>Armutskonferenz: Arbeitslosengeld zu niedrig \u2013 K\u00fcrzungen verhindern Was jetzt besonders wichtig w\u00e4re, sind Entlastungen bei den Wohnkosten wie z.B. durch eine verbesserte Wohnbeihilfe. \u201eAuf das wird in der Teuerungsdebatte bisher zu wenig Augenmerk gelegt\u201c, kommentiert das Netzwerk Armutskonferenz. \u201cDer Abzug&hellip;<\/p>\n","protected":false},"author":1096,"featured_media":1638905,"comment_status":"closed","ping_status":"closed","sticky":false,"template":"","format":"standard","meta":{"footnotes":""},"categories":[9161,9168,9145,9158],"tags":[29111,55721,55719,104391],"class_list":["post-1638883","post","type-post","status-publish","format-standard","has-post-thumbnail","hentry","category-menschenrechte","category-politik","category-pressemitteilungen","category-wirtschaft","tag-armut","tag-grundrechte","tag-sozialhilfe","tag-sozialmarkt"],"yoast_head":"<!-- This site is optimized with the Yoast SEO plugin v27.1.1 - https:\/\/yoast.com\/product\/yoast-seo-wordpress\/ -->\n<title>Teuerung: \u201eHungern f\u00fcr die Miete?\u201c Wohnbeihilfe erh\u00f6hen, Sozialhilfe reformieren<\/title>\n<meta name=\"description\" content=\"Armutskonferenz: Arbeitslosengeld zu niedrig \u2013 K\u00fcrzungen verhindern Was jetzt besonders wichtig w\u00e4re, sind Entlastungen bei den Wohnkosten wie z.B. durch\" \/>\n<meta name=\"robots\" content=\"index, follow, max-snippet:-1, max-image-preview:large, max-video-preview:-1\" \/>\n<link rel=\"canonical\" href=\"https:\/\/www.pressenza.com\/de\/2022\/08\/teuerung-hungern-fuer-die-miete-wohnbeihilfe-erhoehen-sozialhilfe-reformieren\/\" \/>\n<meta property=\"og:locale\" content=\"de_DE\" \/>\n<meta property=\"og:type\" content=\"article\" \/>\n<meta property=\"og:title\" content=\"Teuerung: \u201eHungern f\u00fcr die Miete?\u201c Wohnbeihilfe erh\u00f6hen, Sozialhilfe reformieren\" \/>\n<meta property=\"og:description\" content=\"Armutskonferenz: Arbeitslosengeld zu niedrig \u2013 K\u00fcrzungen verhindern Was jetzt besonders wichtig w\u00e4re, sind Entlastungen bei den Wohnkosten wie z.B. durch\" \/>\n<meta property=\"og:url\" content=\"https:\/\/www.pressenza.com\/de\/2022\/08\/teuerung-hungern-fuer-die-miete-wohnbeihilfe-erhoehen-sozialhilfe-reformieren\/\" \/>\n<meta property=\"og:site_name\" content=\"Pressenza\" \/>\n<meta property=\"article:publisher\" content=\"https:\/\/www.facebook.com\/PressenzaItalia\" \/>\n<meta property=\"article:published_time\" content=\"2022-08-07T17:20:22+00:00\" \/>\n<meta property=\"og:image\" content=\"https:\/\/www.pressenza.com\/wp-content\/uploads\/2022\/08\/9C34A538-4073-4916-8C7C-F609731723C5.jpeg\" \/>\n\t<meta property=\"og:image:width\" content=\"800\" \/>\n\t<meta property=\"og:image:height\" content=\"600\" \/>\n\t<meta property=\"og:image:type\" content=\"image\/jpeg\" \/>\n<meta name=\"author\" content=\"Pressenza Wien\" \/>\n<meta name=\"twitter:card\" content=\"summary_large_image\" \/>\n<meta name=\"twitter:creator\" content=\"@pressenza_ger\" \/>\n<meta name=\"twitter:site\" content=\"@PressenzaIPA\" \/>\n<meta name=\"twitter:label1\" content=\"Verfasst von\" \/>\n\t<meta name=\"twitter:data1\" content=\"Pressenza Wien\" \/>\n\t<meta name=\"twitter:label2\" content=\"Gesch\u00e4tzte Lesezeit\" \/>\n\t<meta name=\"twitter:data2\" content=\"2\u00a0Minuten\" \/>\n<script type=\"application\/ld+json\" class=\"yoast-schema-graph\">{\"@context\":\"https:\/\/schema.org\",\"@graph\":[{\"@type\":\"Article\",\"@id\":\"https:\/\/www.pressenza.com\/de\/2022\/08\/teuerung-hungern-fuer-die-miete-wohnbeihilfe-erhoehen-sozialhilfe-reformieren\/#article\",\"isPartOf\":{\"@id\":\"https:\/\/www.pressenza.com\/de\/2022\/08\/teuerung-hungern-fuer-die-miete-wohnbeihilfe-erhoehen-sozialhilfe-reformieren\/\"},\"author\":{\"name\":\"Pressenza Wien\",\"@id\":\"https:\/\/www.pressenza.com\/de\/#\/schema\/person\/3df859e5bf9b19ab936f666e0177e38b\"},\"headline\":\"Teuerung: \u201eHungern f\u00fcr die Miete?\u201c Wohnbeihilfe erh\u00f6hen, Sozialhilfe reformieren\",\"datePublished\":\"2022-08-07T17:20:22+00:00\",\"mainEntityOfPage\":{\"@id\":\"https:\/\/www.pressenza.com\/de\/2022\/08\/teuerung-hungern-fuer-die-miete-wohnbeihilfe-erhoehen-sozialhilfe-reformieren\/\"},\"wordCount\":361,\"publisher\":{\"@id\":\"https:\/\/www.pressenza.com\/de\/#organization\"},\"image\":{\"@id\":\"https:\/\/www.pressenza.com\/de\/2022\/08\/teuerung-hungern-fuer-die-miete-wohnbeihilfe-erhoehen-sozialhilfe-reformieren\/#primaryimage\"},\"thumbnailUrl\":\"https:\/\/www.pressenza.com\/wp-content\/uploads\/2022\/08\/9C34A538-4073-4916-8C7C-F609731723C5.jpeg\",\"keywords\":[\"Armut\",\"Grundrechte\",\"Sozialhilfe\",\"Sozialmarkt\"],\"articleSection\":[\"Menschenrechte\",\"Politik\",\"Pressemitteilungen\",\"Wirtschaft\"],\"inLanguage\":\"de\"},{\"@type\":\"WebPage\",\"@id\":\"https:\/\/www.pressenza.com\/de\/2022\/08\/teuerung-hungern-fuer-die-miete-wohnbeihilfe-erhoehen-sozialhilfe-reformieren\/\",\"url\":\"https:\/\/www.pressenza.com\/de\/2022\/08\/teuerung-hungern-fuer-die-miete-wohnbeihilfe-erhoehen-sozialhilfe-reformieren\/\",\"name\":\"Teuerung: \u201eHungern f\u00fcr die Miete?\u201c Wohnbeihilfe erh\u00f6hen, Sozialhilfe reformieren\",\"isPartOf\":{\"@id\":\"https:\/\/www.pressenza.com\/de\/#website\"},\"primaryImageOfPage\":{\"@id\":\"https:\/\/www.pressenza.com\/de\/2022\/08\/teuerung-hungern-fuer-die-miete-wohnbeihilfe-erhoehen-sozialhilfe-reformieren\/#primaryimage\"},\"image\":{\"@id\":\"https:\/\/www.pressenza.com\/de\/2022\/08\/teuerung-hungern-fuer-die-miete-wohnbeihilfe-erhoehen-sozialhilfe-reformieren\/#primaryimage\"},\"thumbnailUrl\":\"https:\/\/www.pressenza.com\/wp-content\/uploads\/2022\/08\/9C34A538-4073-4916-8C7C-F609731723C5.jpeg\",\"datePublished\":\"2022-08-07T17:20:22+00:00\",\"description\":\"Armutskonferenz: Arbeitslosengeld zu niedrig \u2013 K\u00fcrzungen verhindern Was jetzt besonders wichtig w\u00e4re, sind Entlastungen bei den Wohnkosten wie z.B. durch\",\"breadcrumb\":{\"@id\":\"https:\/\/www.pressenza.com\/de\/2022\/08\/teuerung-hungern-fuer-die-miete-wohnbeihilfe-erhoehen-sozialhilfe-reformieren\/#breadcrumb\"},\"inLanguage\":\"de\",\"potentialAction\":[{\"@type\":\"ReadAction\",\"target\":[\"https:\/\/www.pressenza.com\/de\/2022\/08\/teuerung-hungern-fuer-die-miete-wohnbeihilfe-erhoehen-sozialhilfe-reformieren\/\"]}]},{\"@type\":\"ImageObject\",\"inLanguage\":\"de\",\"@id\":\"https:\/\/www.pressenza.com\/de\/2022\/08\/teuerung-hungern-fuer-die-miete-wohnbeihilfe-erhoehen-sozialhilfe-reformieren\/#primaryimage\",\"url\":\"https:\/\/www.pressenza.com\/wp-content\/uploads\/2022\/08\/9C34A538-4073-4916-8C7C-F609731723C5.jpeg\",\"contentUrl\":\"https:\/\/www.pressenza.com\/wp-content\/uploads\/2022\/08\/9C34A538-4073-4916-8C7C-F609731723C5.jpeg\",\"width\":800,\"height\":600},{\"@type\":\"BreadcrumbList\",\"@id\":\"https:\/\/www.pressenza.com\/de\/2022\/08\/teuerung-hungern-fuer-die-miete-wohnbeihilfe-erhoehen-sozialhilfe-reformieren\/#breadcrumb\",\"itemListElement\":[{\"@type\":\"ListItem\",\"position\":1,\"name\":\"Accueil\",\"item\":\"https:\/\/www.pressenza.com\/de\/\"},{\"@type\":\"ListItem\",\"position\":2,\"name\":\"Teuerung: \u201eHungern f\u00fcr die Miete?\u201c Wohnbeihilfe erh\u00f6hen, Sozialhilfe reformieren\"}]},{\"@type\":\"WebSite\",\"@id\":\"https:\/\/www.pressenza.com\/de\/#website\",\"url\":\"https:\/\/www.pressenza.com\/de\/\",\"name\":\"Pressenza\",\"description\":\"International Press Agency\",\"publisher\":{\"@id\":\"https:\/\/www.pressenza.com\/de\/#organization\"},\"potentialAction\":[{\"@type\":\"SearchAction\",\"target\":{\"@type\":\"EntryPoint\",\"urlTemplate\":\"https:\/\/www.pressenza.com\/de\/?s={search_term_string}\"},\"query-input\":{\"@type\":\"PropertyValueSpecification\",\"valueRequired\":true,\"valueName\":\"search_term_string\"}}],\"inLanguage\":\"de\"},{\"@type\":\"Organization\",\"@id\":\"https:\/\/www.pressenza.com\/de\/#organization\",\"name\":\"Pressenza\",\"url\":\"https:\/\/www.pressenza.com\/de\/\",\"logo\":{\"@type\":\"ImageObject\",\"inLanguage\":\"de\",\"@id\":\"https:\/\/www.pressenza.com\/de\/#\/schema\/logo\/image\/\",\"url\":\"https:\/\/www.pressenza.com\/wp-content\/uploads\/2022\/10\/pressenza_logo_200x200.jpg\",\"contentUrl\":\"https:\/\/www.pressenza.com\/wp-content\/uploads\/2022\/10\/pressenza_logo_200x200.jpg\",\"width\":200,\"height\":200,\"caption\":\"Pressenza\"},\"image\":{\"@id\":\"https:\/\/www.pressenza.com\/de\/#\/schema\/logo\/image\/\"},\"sameAs\":[\"https:\/\/www.facebook.com\/PressenzaItalia\",\"https:\/\/x.com\/PressenzaIPA\"]},{\"@type\":\"Person\",\"@id\":\"https:\/\/www.pressenza.com\/de\/#\/schema\/person\/3df859e5bf9b19ab936f666e0177e38b\",\"name\":\"Pressenza Wien\",\"description\":\"News from the Pressenza Bureau in Vienna, Austria\",\"sameAs\":[\"https:\/\/x.com\/pressenza_ger\"],\"url\":\"https:\/\/www.pressenza.com\/de\/author\/pressenza-wien\/\"}]}<\/script>\n<!-- \/ Yoast SEO plugin. -->","yoast_head_json":{"title":"Teuerung: \u201eHungern f\u00fcr die Miete?\u201c Wohnbeihilfe erh\u00f6hen, Sozialhilfe reformieren","description":"Armutskonferenz: Arbeitslosengeld zu niedrig \u2013 K\u00fcrzungen verhindern Was jetzt besonders wichtig w\u00e4re, sind Entlastungen bei den Wohnkosten wie z.B. durch","robots":{"index":"index","follow":"follow","max-snippet":"max-snippet:-1","max-image-preview":"max-image-preview:large","max-video-preview":"max-video-preview:-1"},"canonical":"https:\/\/www.pressenza.com\/de\/2022\/08\/teuerung-hungern-fuer-die-miete-wohnbeihilfe-erhoehen-sozialhilfe-reformieren\/","og_locale":"de_DE","og_type":"article","og_title":"Teuerung: \u201eHungern f\u00fcr die Miete?\u201c Wohnbeihilfe erh\u00f6hen, Sozialhilfe reformieren","og_description":"Armutskonferenz: Arbeitslosengeld zu niedrig \u2013 K\u00fcrzungen verhindern Was jetzt besonders wichtig w\u00e4re, sind Entlastungen bei den Wohnkosten wie z.B. durch","og_url":"https:\/\/www.pressenza.com\/de\/2022\/08\/teuerung-hungern-fuer-die-miete-wohnbeihilfe-erhoehen-sozialhilfe-reformieren\/","og_site_name":"Pressenza","article_publisher":"https:\/\/www.facebook.com\/PressenzaItalia","article_published_time":"2022-08-07T17:20:22+00:00","og_image":[{"width":800,"height":600,"url":"https:\/\/www.pressenza.com\/wp-content\/uploads\/2022\/08\/9C34A538-4073-4916-8C7C-F609731723C5.jpeg","type":"image\/jpeg"}],"author":"Pressenza Wien","twitter_card":"summary_large_image","twitter_creator":"@pressenza_ger","twitter_site":"@PressenzaIPA","twitter_misc":{"Verfasst von":"Pressenza Wien","Gesch\u00e4tzte Lesezeit":"2\u00a0Minuten"},"schema":{"@context":"https:\/\/schema.org","@graph":[{"@type":"Article","@id":"https:\/\/www.pressenza.com\/de\/2022\/08\/teuerung-hungern-fuer-die-miete-wohnbeihilfe-erhoehen-sozialhilfe-reformieren\/#article","isPartOf":{"@id":"https:\/\/www.pressenza.com\/de\/2022\/08\/teuerung-hungern-fuer-die-miete-wohnbeihilfe-erhoehen-sozialhilfe-reformieren\/"},"author":{"name":"Pressenza Wien","@id":"https:\/\/www.pressenza.com\/de\/#\/schema\/person\/3df859e5bf9b19ab936f666e0177e38b"},"headline":"Teuerung: \u201eHungern f\u00fcr die Miete?\u201c Wohnbeihilfe erh\u00f6hen, Sozialhilfe reformieren","datePublished":"2022-08-07T17:20:22+00:00","mainEntityOfPage":{"@id":"https:\/\/www.pressenza.com\/de\/2022\/08\/teuerung-hungern-fuer-die-miete-wohnbeihilfe-erhoehen-sozialhilfe-reformieren\/"},"wordCount":361,"publisher":{"@id":"https:\/\/www.pressenza.com\/de\/#organization"},"image":{"@id":"https:\/\/www.pressenza.com\/de\/2022\/08\/teuerung-hungern-fuer-die-miete-wohnbeihilfe-erhoehen-sozialhilfe-reformieren\/#primaryimage"},"thumbnailUrl":"https:\/\/www.pressenza.com\/wp-content\/uploads\/2022\/08\/9C34A538-4073-4916-8C7C-F609731723C5.jpeg","keywords":["Armut","Grundrechte","Sozialhilfe","Sozialmarkt"],"articleSection":["Menschenrechte","Politik","Pressemitteilungen","Wirtschaft"],"inLanguage":"de"},{"@type":"WebPage","@id":"https:\/\/www.pressenza.com\/de\/2022\/08\/teuerung-hungern-fuer-die-miete-wohnbeihilfe-erhoehen-sozialhilfe-reformieren\/","url":"https:\/\/www.pressenza.com\/de\/2022\/08\/teuerung-hungern-fuer-die-miete-wohnbeihilfe-erhoehen-sozialhilfe-reformieren\/","name":"Teuerung: \u201eHungern f\u00fcr die Miete?\u201c Wohnbeihilfe erh\u00f6hen, Sozialhilfe reformieren","isPartOf":{"@id":"https:\/\/www.pressenza.com\/de\/#website"},"primaryImageOfPage":{"@id":"https:\/\/www.pressenza.com\/de\/2022\/08\/teuerung-hungern-fuer-die-miete-wohnbeihilfe-erhoehen-sozialhilfe-reformieren\/#primaryimage"},"image":{"@id":"https:\/\/www.pressenza.com\/de\/2022\/08\/teuerung-hungern-fuer-die-miete-wohnbeihilfe-erhoehen-sozialhilfe-reformieren\/#primaryimage"},"thumbnailUrl":"https:\/\/www.pressenza.com\/wp-content\/uploads\/2022\/08\/9C34A538-4073-4916-8C7C-F609731723C5.jpeg","datePublished":"2022-08-07T17:20:22+00:00","description":"Armutskonferenz: Arbeitslosengeld zu niedrig \u2013 K\u00fcrzungen verhindern Was jetzt besonders wichtig w\u00e4re, sind Entlastungen bei den Wohnkosten wie z.B. durch","breadcrumb":{"@id":"https:\/\/www.pressenza.com\/de\/2022\/08\/teuerung-hungern-fuer-die-miete-wohnbeihilfe-erhoehen-sozialhilfe-reformieren\/#breadcrumb"},"inLanguage":"de","potentialAction":[{"@type":"ReadAction","target":["https:\/\/www.pressenza.com\/de\/2022\/08\/teuerung-hungern-fuer-die-miete-wohnbeihilfe-erhoehen-sozialhilfe-reformieren\/"]}]},{"@type":"ImageObject","inLanguage":"de","@id":"https:\/\/www.pressenza.com\/de\/2022\/08\/teuerung-hungern-fuer-die-miete-wohnbeihilfe-erhoehen-sozialhilfe-reformieren\/#primaryimage","url":"https:\/\/www.pressenza.com\/wp-content\/uploads\/2022\/08\/9C34A538-4073-4916-8C7C-F609731723C5.jpeg","contentUrl":"https:\/\/www.pressenza.com\/wp-content\/uploads\/2022\/08\/9C34A538-4073-4916-8C7C-F609731723C5.jpeg","width":800,"height":600},{"@type":"BreadcrumbList","@id":"https:\/\/www.pressenza.com\/de\/2022\/08\/teuerung-hungern-fuer-die-miete-wohnbeihilfe-erhoehen-sozialhilfe-reformieren\/#breadcrumb","itemListElement":[{"@type":"ListItem","position":1,"name":"Accueil","item":"https:\/\/www.pressenza.com\/de\/"},{"@type":"ListItem","position":2,"name":"Teuerung: \u201eHungern f\u00fcr die Miete?\u201c Wohnbeihilfe erh\u00f6hen, Sozialhilfe reformieren"}]},{"@type":"WebSite","@id":"https:\/\/www.pressenza.com\/de\/#website","url":"https:\/\/www.pressenza.com\/de\/","name":"Pressenza","description":"International Press Agency","publisher":{"@id":"https:\/\/www.pressenza.com\/de\/#organization"},"potentialAction":[{"@type":"SearchAction","target":{"@type":"EntryPoint","urlTemplate":"https:\/\/www.pressenza.com\/de\/?s={search_term_string}"},"query-input":{"@type":"PropertyValueSpecification","valueRequired":true,"valueName":"search_term_string"}}],"inLanguage":"de"},{"@type":"Organization","@id":"https:\/\/www.pressenza.com\/de\/#organization","name":"Pressenza","url":"https:\/\/www.pressenza.com\/de\/","logo":{"@type":"ImageObject","inLanguage":"de","@id":"https:\/\/www.pressenza.com\/de\/#\/schema\/logo\/image\/","url":"https:\/\/www.pressenza.com\/wp-content\/uploads\/2022\/10\/pressenza_logo_200x200.jpg","contentUrl":"https:\/\/www.pressenza.com\/wp-content\/uploads\/2022\/10\/pressenza_logo_200x200.jpg","width":200,"height":200,"caption":"Pressenza"},"image":{"@id":"https:\/\/www.pressenza.com\/de\/#\/schema\/logo\/image\/"},"sameAs":["https:\/\/www.facebook.com\/PressenzaItalia","https:\/\/x.com\/PressenzaIPA"]},{"@type":"Person","@id":"https:\/\/www.pressenza.com\/de\/#\/schema\/person\/3df859e5bf9b19ab936f666e0177e38b","name":"Pressenza Wien","description":"News from the Pressenza Bureau in Vienna, Austria","sameAs":["https:\/\/x.com\/pressenza_ger"],"url":"https:\/\/www.pressenza.com\/de\/author\/pressenza-wien\/"}]}},"place":"","original_article_url":"","_links":{"self":[{"href":"https:\/\/www.pressenza.com\/de\/wp-json\/wp\/v2\/posts\/1638883","targetHints":{"allow":["GET"]}}],"collection":[{"href":"https:\/\/www.pressenza.com\/de\/wp-json\/wp\/v2\/posts"}],"about":[{"href":"https:\/\/www.pressenza.com\/de\/wp-json\/wp\/v2\/types\/post"}],"author":[{"embeddable":true,"href":"https:\/\/www.pressenza.com\/de\/wp-json\/wp\/v2\/users\/1096"}],"replies":[{"embeddable":true,"href":"https:\/\/www.pressenza.com\/de\/wp-json\/wp\/v2\/comments?post=1638883"}],"version-history":[{"count":0,"href":"https:\/\/www.pressenza.com\/de\/wp-json\/wp\/v2\/posts\/1638883\/revisions"}],"wp:featuredmedia":[{"embeddable":true,"href":"https:\/\/www.pressenza.com\/de\/wp-json\/wp\/v2\/media\/1638905"}],"wp:attachment":[{"href":"https:\/\/www.pressenza.com\/de\/wp-json\/wp\/v2\/media?parent=1638883"}],"wp:term":[{"taxonomy":"category","embeddable":true,"href":"https:\/\/www.pressenza.com\/de\/wp-json\/wp\/v2\/categories?post=1638883"},{"taxonomy":"post_tag","embeddable":true,"href":"https:\/\/www.pressenza.com\/de\/wp-json\/wp\/v2\/tags?post=1638883"}],"curies":[{"name":"wp","href":"https:\/\/api.w.org\/{rel}","templated":true}]}}