{"id":1638031,"date":"2022-08-06T15:53:59","date_gmt":"2022-08-06T14:53:59","guid":{"rendered":"https:\/\/www.pressenza.com\/?p=1638031"},"modified":"2022-08-06T15:56:15","modified_gmt":"2022-08-06T14:56:15","slug":"genug-ist-genug","status":"publish","type":"post","link":"https:\/\/www.pressenza.com\/de\/2022\/08\/genug-ist-genug\/","title":{"rendered":"Genug ist genug!"},"content":{"rendered":"<p>Der Krieg in der Ukraine dient multinationalen Konzernen als Rechtfertigung f\u00fcr massive Spekulationen auf Preise von Rohstoffen, Energie und Welthandel. Der Krieg in der Ukraine h\u00e4tte vermieden werden k\u00f6nnen, wenn der ukrainische Pr\u00e4sident nicht gewollt h\u00e4tte, dass sein Volk durch die Zerst\u00f6rung einer Nation leidet, oder wenn die Europ\u00e4ische Union die notwendigen Schritte unternommen h\u00e4tte, um Russland und die Ukraine in Frieden einander anzun\u00e4hern und so das zu vermeiden, was heute geschieht: ein globaler Wirtschaftskrieg mit beispielloser Spekulation und unvorhersehbaren Folgen f\u00fcr die Zivilbev\u00f6lkerung.<\/p>\n<p>Die Pr\u00e4sidenten der beteiligten Regierungen, sowohl derjenigen, die direkt in den Konflikt involviert sind, als auch derjenigen, die die Ukraine bedingungslos unterst\u00fctzen, h\u00e4tten diesen Kriegswahnsinn, in den wir eingetaucht sind, diplomatisch stoppen k\u00f6nnen, bei dem die einzigen Nutznie\u00dfer zweifellos die R\u00fcstungskonzerne sind &#8211; die ihr Gesch\u00e4ft mit kriegerischen Konflikten machen &#8211; und die Politiker, die mit ihrem schlechten Management \u00f6ffentlicher Verwaltung den von ihnen selbst angetriebenen Krieg f\u00fcr den Anstieg aller Grundpreise verantwortlich machen. Es war die perfekte Ausrede, um sich nicht f\u00fcr ihre Fehler und ihr Missmanagement rechtfertigen zu m\u00fcssen. Und w\u00e4hrend all dies geschieht, wird die Zivilbev\u00f6lkerung aufgefordert, den G\u00fcrtel enger zu schnallen, die Heizungen herunterzudrehen und Energie zu sparen. Hat etwa jemand die Bev\u00f6lkerung gefragt, ob wir in einen aus dem Ruder gelaufenen Wirtschaftskrieg eintreten sollen? Warum hat man Waffen zum T\u00f6ten geliefert, anstatt auf Diplomatie und Frieden zu setzen? Wo sind die Demonstrationen, zu denen die sozialistische Partei Spaniens aufgerufen hat, um Nein zum Krieg zu sagen, w\u00e4hrend sie nun selbst in einen Krieg eingetreten ist, der noch mehr Armut und Hunger in der Welt verursachen wird?<\/p>\n<p>Aber das ist noch nicht alles. Die Unterst\u00fctzung der Europ\u00e4ischen Union f\u00fcr den Krieg hat den Kampf gegen den Klimawandel oder auch jene anderen kriegerischen Konflikte, \u00fcber die niemand spricht und die das Leben Tausender Menschen fordern, verw\u00e4ssert und aus ihren Zielen gestrichen. Was f\u00fcr eine Heuchelei und welche Dummheit der F\u00fchrer der Europ\u00e4ischen Union, die noch nicht einmal von den B\u00fcrgern gew\u00e4hlt wurden, und der Abgeordneten des Europ\u00e4ischen Parlaments, die ihre Fahnen nach dem Wind h\u00e4ngen, der ihre Sessel am meisten erw\u00e4rmt. Das ist die Realit\u00e4t. Es gibt keine Demokratie und keine freien Wahlen, nicht einmal unter den Abgeordneten, Senatoren oder MdEP, die lediglich den Partikularinteressen ihrer jeweiligen Partei verpflichtet sind. Das politische System der Welt muss sich \u00e4ndern, wenn wir eine Gesellschaft mit W\u00fcrde haben wollen.<\/p>\n<p>Gleichzeitig wird die Ermordung der indigenen V\u00f6lker auf besch\u00e4mende und skrupellose Weise fortgesetzt, die Regierungen sind ihnen gegen\u00fcber respektlos, indem sie die Gesetze zu ihrem Schutz brechen, ihre verfassungsm\u00e4\u00dfigen Rechte verletzen, ihre Gemeinschaften zerst\u00f6ren, ihnen die Staatsb\u00fcrgerschaft verweigern und jegliche Hilfe unterbinden, w\u00e4hrend sie aus ihren rechtm\u00e4\u00dfig erworbenen und rechtlich anerkannten Gebieten vertrieben werden.<\/p>\n<p>Wie Survival International heute berichtete, ohne dass die Medien davon gr\u00f6\u00dfer Notiz nahmen (sie sind zu sehr mit der Ukraine besch\u00e4ftigt), flohen Tausende von Massai aus ihren H\u00e4usern und fl\u00fcchteten in den Busch, nachdem die Polizei brutal gegen sie vorgegangen war. Sie demonstrierten gegen die Versuche der tansanischen Regierung, sie aus dem Serengeti-Nationalpark zu vertreiben, um mehr Platz f\u00fcr die Troph\u00e4enjagd reicher Ausl\u00e4nder oder den Massentourismus zu schaffen, der das ernste Problem gegen die einheimische Bev\u00f6lkerung nur vergr\u00f6\u00dfert, in einem offensichtlichen Businessdeal zwischen der Regierung und den Unternehmen, die in die Ausbeutung der Serengeti involviert sind.<\/p>\n<p>Survival International berichtet, dass am 8. Juni Dutzende von Polizeifahrzeugen und etwa 700 Beamte in Loliondo im Norden Tansanias, in der N\u00e4he des Serengeti Nationalparks, eintrafen, um 1.500 Quadratkilometer Massai-Land als Wildreservat auszuweisen. Am 10. Juni schossen die Beamten auf Massai, die gegen den Versuch protestierten, sie von ihrem Land zu vertreiben. Es gab zahlreiche Verletzte und ein Todesopfer, wobei die genaue Zahl der Opfer nicht bekannt ist, da mit einer gro\u00df angelegten Razzia versucht wurde, sicherzustellen, dass keine mit Mobiltelefonen aufgenommenen Bilder die Brutalit\u00e4t der Polizei aufzeichneten, wobei die mobilen Ger\u00e4te beschlagnahmt und zahlreiche Personen verhaftet wurden.<\/p>\n<p>Wo ist die Europ\u00e4ische Union, die zu sofortigen Sanktionen gegen Tansania wegen der brutalen Unterdr\u00fcckung der Massai aufruft? Wo sind die Politiker, die diese V\u00f6lkermorde und Verbrechen gegen die Menschlichkeit anprangern? Wo sind die Bilder, die die B\u00fcrger dar\u00fcber informieren, was mit den Massai geschieht, damit niemand nach Tansania reist, um so gegen diese schwerwiegende Aggression zu protestieren?<\/p>\n<p>Wie Survival International in seiner <a href=\"https:\/\/www.survivalinternational.de\/nachrichten\" target=\"_blank\" rel=\"noopener\">Pressemitteilung<\/a> schreibt, ist Deutschland ein wichtiger Geldgeber f\u00fcr Naturschutzprojekte in Tansania und ma\u00dfgeblich an der Entwicklung der Naturschutzpolitik in dem Land beteiligt, die zur Vertreibung tausender indigener V\u00f6lker von ihrem Land gef\u00fchrt hat. Die Zoologische Gesellschaft Frankfurt finanziert <a href=\"https:\/\/www.survivalinternational.de\/artikel\/offener-brief-ZGF\" target=\"_blank\" rel=\"noopener\">laut Survival<\/a> Ranger und Beamte, von denen einige nach Angaben der Massai an den j\u00fcngsten Vertreibungen beteiligt waren. Die in den Vereinigten Arabischen Emiraten ans\u00e4ssige Otterlo Business Company (OBC) organisiert Jagdreisen f\u00fcr die k\u00f6nigliche Familie des Landes und ihre G\u00e4ste. Wir fordern das Unternehmen auf, seine Reisen nach Tansania einzustellen, um gegen die niedertr\u00e4chtigen Schikanen der Regierung gegen\u00fcber den Massai, den wahren Besitzern dieser Gebiete, zu protestieren.<\/p>\n<p>Angesichts der sich abzeichnenden globalen Krisen und dem Bedarf an Mineralien f\u00fcr reiche Gesellschaften stehen wir vor einer Beschleunigung der Schikanen und des V\u00f6lkermords an indigenen V\u00f6lkern, um ihnen ihr Land zu rauben und die dortigen nat\u00fcrlichen Ressourcen auszubeuten, z. B. f\u00fcr Elektrofahrzeuge, von denen behauptet wird, sie seien umweltfreundlich, w\u00e4hrend Tausende von Unternehmen bereits Mineralien, die f\u00fcr den Betrieb der Batterien ben\u00f6tigt werden, in gro\u00dfem Stil abbauen, und zwar auf Kosten unserer empfindlichen planetarischen Artenvielfalt, die dadurch massiv zerst\u00f6rt wird.<\/p>\n<p>Und dabei geht es nicht nur um die Massai. K\u00fcrzlich habe ich angeprangert, was mit den Batwa im Kauzi-Biega-Nationalpark in der Demokratischen Republik Kongo geschieht oder wie die indigene Gemeinschaft Qom in Formosa (Argentinien) gezielt schikaniert wird. Der Consejo Indigenista Misionero (<a href=\"https:\/\/cimi.org.br\/2021\/10\/im-pandemie-jahr-2020-nahmen-invasionen-in-indigene-landgebiete-und-morde-an-indigenen-zu\/#\" target=\"_blank\" rel=\"noopener\">Cimi<\/a>) prangert an, dass die Regierung Bolsonaro den Krieg in der Ukraine nutzt, um ihr Projekt des Todes gegen die indigenen V\u00f6lker voranzutreiben, indem sie einen privaten und vor den Medien versteckten Krieg f\u00fchrt, die oft am Schweigen zu diesen kriminellen V\u00f6lkermorden mitschuldig sind, und der bis heute unaufhaltsam fortschreitet und Menschenrechte verletzt. Dies sind nur einige Beispiele f\u00fcr eine lange Liste von Unterdr\u00fcckungen indigener V\u00f6lker, die totgeschwiegen werden, ohne dass etwas gegen die Regierungen unternommen wird, die sie aus\u00fcben.<\/p>\n<p>Die Massai sind nur das j\u00fcngste Opfer, so dass reiche Leute aus aller Welt in die Serengeti fahren k\u00f6nnen, um ohne Scham und Bewusstsein Elefanten und L\u00f6wen zu t\u00f6ten, oder in langen Schlangen von Touristenfahrzeugen Tiere zu fotografieren, ohne zu merken, dass wegen ihnen selber ein angestammtes Volk stirbt und unterdr\u00fcckt wird, damit das Gesch\u00e4ft mit dem Tourismus oder der Jagd weiterhin die Taschen von Politikern und Beamten eines ohnehin bereits armen Landes f\u00fcllen kann. Reiseveranstalter sollten daher Touren nach Tansania und in die Demokratische Republik Kongo absagen, bis die Massai und die Batwa so respektiert werden, wie sie es verdienen, und ihnen ihre gestohlenen Gebiete zur\u00fcckgegeben werden, mit allen Garantien, die dazu notwendig sind.<\/p>\n<p>Das Verhalten der Regierungen und die Passivit\u00e4t der internationalen Gemeinschaft, die nur daran interessiert ist, das zu sehen, was sie will und wann sie will, und die ihre Augen vor den Beweisen f\u00fcr die begangenen Verbrechen gegen die Menschlichkeit verschlie\u00dft und nur dann aufschreit, wenn sie ihre pers\u00f6nlichen Interessen gef\u00e4hrdet sieht, ist emp\u00f6rend und jenseits aller Vernunft. Doch das ist das derzeitige politische Modell, das den Gesellschaften der Welt eingepflanzt wurde. Solange es nicht ge\u00e4ndert wird &#8211; und es wird schwer zu \u00e4ndern sein -, sind wir zur Zerst\u00f6rung der menschlichen Gesellschaft verdammt, in der Gier und wirtschaftliche Macht, f\u00fcr die Politiker als Marionetten benutzt werden, den Demokratien der Welt ein Ende setzen und uns in ein absolutes Chaos st\u00fcrzen, dem nur schwer zu entkommen sein wird. Das ist keine Science-Fiction-Vision sondern Realit\u00e4t und k\u00fcnftige Generationen werden sich in einer Sackgasse wiederfinden.<\/p>\n<p>Deshalb muss die Gesellschaft aufwachen und unter dem Ruf &#8222;Genug ist genug!&#8220; lernen, einen friedlichen Kurs des Erdenschiffs einzuschlagen und es zur Reparatur in einen sicheren Hafen bringen, damit wir nach getaner Arbeit in Frieden und Freiheit auf den Meeren und Wegen unserer eigenen Evolution segeln k\u00f6nnen.<\/p>\n<p>&nbsp;<\/p>\n<p><strong><em>Weitere aktuelle Informationen zum Thema:<\/em><\/strong><\/p>\n<p><em><a href=\"https:\/\/www.gfbv.de\/de\/news\/verhaftungen-von-massai-in-tansania-10805\/\" target=\"_blank\" rel=\"noopener\">Verhaftungen von Massai in Tansania &#8211; Massive Zweifel am Vorgehen der Beh\u00f6rden<\/a> &#8211; Gesellschaft f\u00fcr bedrohte V\u00f6lker e.V., 05.08.2022<\/em><\/p>\n<p><em><a href=\"https:\/\/www.oaklandinstitute.org\/sites\/oaklandinstitute.org\/files\/pdfpreview\/ncaa-community-signatures.pdf\" target=\"_blank\" rel=\"noopener\">Offener Brief der Massai an die internationale Gemeinschaft (Englisch)<\/a> &#8211; Oakland Institute, 2022<\/em><\/p>\n<p><em><a href=\"https:\/\/www.dw.com\/de\/kongo-t\u00f6dliche-gewalt-im-nationalpark\/a-61364315\" target=\"_blank\" rel=\"noopener\">Kongo: T\u00f6dliche Gewalt im Nationalpark<\/a> &#8211; Deutsche Welle, 06.04.2022<\/em><\/p>\n<p>&nbsp;<\/p>\n<p><em>\u00dcbersetzung aus dem Englischen von Evelyn Rottengatter vom ehrenamtlichen Pressenza-\u00dcbersetzerteam. <a href=\"https:\/\/www.pressenza.com\/de\/mitarbeiten\/\" target=\"_blank\" rel=\"noopener\">Wir suchen Freiwillige<\/a>!<\/em><\/p>\n","protected":false},"excerpt":{"rendered":"<p>Der Krieg in der Ukraine dient multinationalen Konzernen als Rechtfertigung f\u00fcr massive Spekulationen auf Preise von Rohstoffen, Energie und Welthandel. Der Krieg in der Ukraine h\u00e4tte vermieden werden k\u00f6nnen, wenn der ukrainische Pr\u00e4sident nicht gewollt h\u00e4tte, dass sein Volk durch&hellip;<\/p>\n","protected":false},"author":2023,"featured_media":1604167,"comment_status":"closed","ping_status":"closed","sticky":false,"template":"","format":"standard","meta":{"footnotes":""},"categories":[9147,9163,9164,9161,11387],"tags":[120,30153,9481,35700,11052,31595,104328,60590,25501,96896,104332],"class_list":["post-1638031","post","type-post","status-publish","format-standard","has-post-thumbnail","hentry","category-afrika-de","category-indigene-voelker","category-internationale-angelegenheiten","category-menschenrechte","category-originalinhalt","tag-afrika","tag-demokratische-republik-kongo","tag-eu-de","tag-indigene-rechte","tag-indigene-voelker-2","tag-landraub","tag-massai","tag-nationalpark","tag-tansania","tag-vertreibungen","tag-zoologische-gesellschaft-frankfurt"],"yoast_head":"<!-- This site is optimized with the Yoast SEO plugin v27.1.1 - https:\/\/yoast.com\/product\/yoast-seo-wordpress\/ -->\n<title>Genug ist genug!<\/title>\n<meta name=\"description\" content=\"Angesichts der globalen Krisen und dem Bedarf an Mineralien f\u00fcr reiche Gesellschaften stehen wir vor einer Beschleunigung der Schikanen und des V\u00f6lkermords an indigenen V\u00f6lkern, um ihnen ihr Land zu rauben und die dortigen nat\u00fcrlichen Ressourcen auszubeuten.\" \/>\n<meta name=\"robots\" content=\"index, follow, max-snippet:-1, max-image-preview:large, max-video-preview:-1\" \/>\n<link rel=\"canonical\" href=\"https:\/\/www.pressenza.com\/de\/2022\/08\/genug-ist-genug\/\" \/>\n<meta property=\"og:locale\" content=\"de_DE\" \/>\n<meta property=\"og:type\" content=\"article\" \/>\n<meta property=\"og:title\" content=\"Genug ist genug!\" \/>\n<meta property=\"og:description\" content=\"Angesichts der globalen Krisen und dem Bedarf an Mineralien f\u00fcr reiche Gesellschaften stehen wir vor einer Beschleunigung der Schikanen und des V\u00f6lkermords an indigenen V\u00f6lkern, um ihnen ihr Land zu rauben und die dortigen nat\u00fcrlichen Ressourcen auszubeuten.\" \/>\n<meta property=\"og:url\" content=\"https:\/\/www.pressenza.com\/de\/2022\/08\/genug-ist-genug\/\" \/>\n<meta property=\"og:site_name\" content=\"Pressenza\" \/>\n<meta property=\"article:publisher\" content=\"https:\/\/www.facebook.com\/PressenzaItalia\" \/>\n<meta property=\"article:published_time\" content=\"2022-08-06T14:53:59+00:00\" \/>\n<meta property=\"article:modified_time\" content=\"2022-08-06T14:56:15+00:00\" \/>\n<meta property=\"og:image\" content=\"https:\/\/www.pressenza.com\/wp-content\/uploads\/2022\/06\/Maasai_tribe-wikipedia.jpg\" \/>\n\t<meta property=\"og:image:width\" content=\"1024\" \/>\n\t<meta property=\"og:image:height\" content=\"766\" \/>\n\t<meta property=\"og:image:type\" content=\"image\/jpeg\" \/>\n<meta name=\"author\" content=\"Pedro Pozas Terrados\" \/>\n<meta name=\"twitter:card\" content=\"summary_large_image\" \/>\n<meta name=\"twitter:creator\" content=\"@PressenzaIPA\" \/>\n<meta name=\"twitter:site\" content=\"@PressenzaIPA\" \/>\n<meta name=\"twitter:label1\" content=\"Verfasst von\" \/>\n\t<meta name=\"twitter:data1\" content=\"Pedro Pozas Terrados\" \/>\n\t<meta name=\"twitter:label2\" content=\"Gesch\u00e4tzte Lesezeit\" \/>\n\t<meta name=\"twitter:data2\" content=\"6\u00a0Minuten\" \/>\n<script type=\"application\/ld+json\" class=\"yoast-schema-graph\">{\"@context\":\"https:\/\/schema.org\",\"@graph\":[{\"@type\":\"Article\",\"@id\":\"https:\/\/www.pressenza.com\/de\/2022\/08\/genug-ist-genug\/#article\",\"isPartOf\":{\"@id\":\"https:\/\/www.pressenza.com\/de\/2022\/08\/genug-ist-genug\/\"},\"author\":{\"name\":\"Pedro Pozas Terrados\",\"@id\":\"https:\/\/www.pressenza.com\/de\/#\/schema\/person\/3e3dc7faa4424387772733d19e115974\"},\"headline\":\"Genug ist genug!\",\"datePublished\":\"2022-08-06T14:53:59+00:00\",\"dateModified\":\"2022-08-06T14:56:15+00:00\",\"mainEntityOfPage\":{\"@id\":\"https:\/\/www.pressenza.com\/de\/2022\/08\/genug-ist-genug\/\"},\"wordCount\":1494,\"publisher\":{\"@id\":\"https:\/\/www.pressenza.com\/de\/#organization\"},\"image\":{\"@id\":\"https:\/\/www.pressenza.com\/de\/2022\/08\/genug-ist-genug\/#primaryimage\"},\"thumbnailUrl\":\"https:\/\/www.pressenza.com\/wp-content\/uploads\/2022\/06\/Maasai_tribe-wikipedia.jpg\",\"keywords\":[\"Afrika\",\"Demokratische Republik Kongo\",\"EU\",\"indigene Rechte\",\"indigene V\u00f6lker\",\"Landraub\",\"Massai\",\"Nationalpark\",\"Tansania\",\"Vertreibungen\",\"Zoologische Gesellschaft Frankfurt\"],\"articleSection\":[\"Afrika\",\"Indigene V\u00f6lker\",\"Internationale Angelegenheiten\",\"Menschenrechte\",\"Originalinhalt\"],\"inLanguage\":\"de\"},{\"@type\":\"WebPage\",\"@id\":\"https:\/\/www.pressenza.com\/de\/2022\/08\/genug-ist-genug\/\",\"url\":\"https:\/\/www.pressenza.com\/de\/2022\/08\/genug-ist-genug\/\",\"name\":\"Genug ist genug!\",\"isPartOf\":{\"@id\":\"https:\/\/www.pressenza.com\/de\/#website\"},\"primaryImageOfPage\":{\"@id\":\"https:\/\/www.pressenza.com\/de\/2022\/08\/genug-ist-genug\/#primaryimage\"},\"image\":{\"@id\":\"https:\/\/www.pressenza.com\/de\/2022\/08\/genug-ist-genug\/#primaryimage\"},\"thumbnailUrl\":\"https:\/\/www.pressenza.com\/wp-content\/uploads\/2022\/06\/Maasai_tribe-wikipedia.jpg\",\"datePublished\":\"2022-08-06T14:53:59+00:00\",\"dateModified\":\"2022-08-06T14:56:15+00:00\",\"description\":\"Angesichts der globalen Krisen und dem Bedarf an Mineralien f\u00fcr reiche Gesellschaften stehen wir vor einer Beschleunigung der Schikanen und des V\u00f6lkermords an indigenen V\u00f6lkern, um ihnen ihr Land zu rauben und die dortigen nat\u00fcrlichen Ressourcen auszubeuten.\",\"breadcrumb\":{\"@id\":\"https:\/\/www.pressenza.com\/de\/2022\/08\/genug-ist-genug\/#breadcrumb\"},\"inLanguage\":\"de\",\"potentialAction\":[{\"@type\":\"ReadAction\",\"target\":[\"https:\/\/www.pressenza.com\/de\/2022\/08\/genug-ist-genug\/\"]}]},{\"@type\":\"ImageObject\",\"inLanguage\":\"de\",\"@id\":\"https:\/\/www.pressenza.com\/de\/2022\/08\/genug-ist-genug\/#primaryimage\",\"url\":\"https:\/\/www.pressenza.com\/wp-content\/uploads\/2022\/06\/Maasai_tribe-wikipedia.jpg\",\"contentUrl\":\"https:\/\/www.pressenza.com\/wp-content\/uploads\/2022\/06\/Maasai_tribe-wikipedia.jpg\",\"width\":1024,\"height\":766,\"caption\":\"Genug ist genug! - Indigene Rechte m\u00fcssen respektiert werden\"},{\"@type\":\"BreadcrumbList\",\"@id\":\"https:\/\/www.pressenza.com\/de\/2022\/08\/genug-ist-genug\/#breadcrumb\",\"itemListElement\":[{\"@type\":\"ListItem\",\"position\":1,\"name\":\"Accueil\",\"item\":\"https:\/\/www.pressenza.com\/de\/\"},{\"@type\":\"ListItem\",\"position\":2,\"name\":\"Genug ist genug!\"}]},{\"@type\":\"WebSite\",\"@id\":\"https:\/\/www.pressenza.com\/de\/#website\",\"url\":\"https:\/\/www.pressenza.com\/de\/\",\"name\":\"Pressenza\",\"description\":\"International Press Agency\",\"publisher\":{\"@id\":\"https:\/\/www.pressenza.com\/de\/#organization\"},\"potentialAction\":[{\"@type\":\"SearchAction\",\"target\":{\"@type\":\"EntryPoint\",\"urlTemplate\":\"https:\/\/www.pressenza.com\/de\/?s={search_term_string}\"},\"query-input\":{\"@type\":\"PropertyValueSpecification\",\"valueRequired\":true,\"valueName\":\"search_term_string\"}}],\"inLanguage\":\"de\"},{\"@type\":\"Organization\",\"@id\":\"https:\/\/www.pressenza.com\/de\/#organization\",\"name\":\"Pressenza\",\"url\":\"https:\/\/www.pressenza.com\/de\/\",\"logo\":{\"@type\":\"ImageObject\",\"inLanguage\":\"de\",\"@id\":\"https:\/\/www.pressenza.com\/de\/#\/schema\/logo\/image\/\",\"url\":\"https:\/\/www.pressenza.com\/wp-content\/uploads\/2022\/10\/pressenza_logo_200x200.jpg\",\"contentUrl\":\"https:\/\/www.pressenza.com\/wp-content\/uploads\/2022\/10\/pressenza_logo_200x200.jpg\",\"width\":200,\"height\":200,\"caption\":\"Pressenza\"},\"image\":{\"@id\":\"https:\/\/www.pressenza.com\/de\/#\/schema\/logo\/image\/\"},\"sameAs\":[\"https:\/\/www.facebook.com\/PressenzaItalia\",\"https:\/\/x.com\/PressenzaIPA\"]},{\"@type\":\"Person\",\"@id\":\"https:\/\/www.pressenza.com\/de\/#\/schema\/person\/3e3dc7faa4424387772733d19e115974\",\"name\":\"Pedro Pozas Terrados\",\"description\":\"Escritor, naturalista, poeta, amante de la vida y defensor de la madre Tierra, investigador, cr\u00edtico y aventurero Profesionalmente ha trabajado 37 a\u00f1os en la defensa del medio ambiente como funcionario del Ministerio del Interior. De forma altruista es el Director Ejecutivo del Proyecto Gran Simio, una Organizaci\u00f3n que desde hace m\u00e1s de dos d\u00e9cadas lucha por los derechos b\u00e1sicos de los grandes simios, la conservaci\u00f3n de su h\u00e1bitat y la protecci\u00f3n de los pueblos ind\u00edgenas, verdaderos guardianes de nuestro planeta. Dibujante a l\u00e1piz y acuarela, con m\u00e1s de 300 l\u00e1minas de temas naturalistas y 12 cuadernos de campo. Es autor de 13 libros y coautor de ocho m\u00e1s. Descubridor de varias cuevas, una de ellas catalogada por la Comunidad de Castilla La Mancha de inter\u00e9s hist\u00f3rico y etnogr\u00e1fico con hallazgo en la misma de inscripciones de cronolog\u00eda antigua medieval.\",\"url\":\"https:\/\/www.pressenza.com\/de\/author\/pedro-pozas-terrado\/\"}]}<\/script>\n<!-- \/ Yoast SEO plugin. -->","yoast_head_json":{"title":"Genug ist genug!","description":"Angesichts der globalen Krisen und dem Bedarf an Mineralien f\u00fcr reiche Gesellschaften stehen wir vor einer Beschleunigung der Schikanen und des V\u00f6lkermords an indigenen V\u00f6lkern, um ihnen ihr Land zu rauben und die dortigen nat\u00fcrlichen Ressourcen auszubeuten.","robots":{"index":"index","follow":"follow","max-snippet":"max-snippet:-1","max-image-preview":"max-image-preview:large","max-video-preview":"max-video-preview:-1"},"canonical":"https:\/\/www.pressenza.com\/de\/2022\/08\/genug-ist-genug\/","og_locale":"de_DE","og_type":"article","og_title":"Genug ist genug!","og_description":"Angesichts der globalen Krisen und dem Bedarf an Mineralien f\u00fcr reiche Gesellschaften stehen wir vor einer Beschleunigung der Schikanen und des V\u00f6lkermords an indigenen V\u00f6lkern, um ihnen ihr Land zu rauben und die dortigen nat\u00fcrlichen Ressourcen auszubeuten.","og_url":"https:\/\/www.pressenza.com\/de\/2022\/08\/genug-ist-genug\/","og_site_name":"Pressenza","article_publisher":"https:\/\/www.facebook.com\/PressenzaItalia","article_published_time":"2022-08-06T14:53:59+00:00","article_modified_time":"2022-08-06T14:56:15+00:00","og_image":[{"width":1024,"height":766,"url":"https:\/\/www.pressenza.com\/wp-content\/uploads\/2022\/06\/Maasai_tribe-wikipedia.jpg","type":"image\/jpeg"}],"author":"Pedro Pozas Terrados","twitter_card":"summary_large_image","twitter_creator":"@PressenzaIPA","twitter_site":"@PressenzaIPA","twitter_misc":{"Verfasst von":"Pedro Pozas Terrados","Gesch\u00e4tzte Lesezeit":"6\u00a0Minuten"},"schema":{"@context":"https:\/\/schema.org","@graph":[{"@type":"Article","@id":"https:\/\/www.pressenza.com\/de\/2022\/08\/genug-ist-genug\/#article","isPartOf":{"@id":"https:\/\/www.pressenza.com\/de\/2022\/08\/genug-ist-genug\/"},"author":{"name":"Pedro Pozas Terrados","@id":"https:\/\/www.pressenza.com\/de\/#\/schema\/person\/3e3dc7faa4424387772733d19e115974"},"headline":"Genug ist genug!","datePublished":"2022-08-06T14:53:59+00:00","dateModified":"2022-08-06T14:56:15+00:00","mainEntityOfPage":{"@id":"https:\/\/www.pressenza.com\/de\/2022\/08\/genug-ist-genug\/"},"wordCount":1494,"publisher":{"@id":"https:\/\/www.pressenza.com\/de\/#organization"},"image":{"@id":"https:\/\/www.pressenza.com\/de\/2022\/08\/genug-ist-genug\/#primaryimage"},"thumbnailUrl":"https:\/\/www.pressenza.com\/wp-content\/uploads\/2022\/06\/Maasai_tribe-wikipedia.jpg","keywords":["Afrika","Demokratische Republik Kongo","EU","indigene Rechte","indigene V\u00f6lker","Landraub","Massai","Nationalpark","Tansania","Vertreibungen","Zoologische Gesellschaft Frankfurt"],"articleSection":["Afrika","Indigene V\u00f6lker","Internationale Angelegenheiten","Menschenrechte","Originalinhalt"],"inLanguage":"de"},{"@type":"WebPage","@id":"https:\/\/www.pressenza.com\/de\/2022\/08\/genug-ist-genug\/","url":"https:\/\/www.pressenza.com\/de\/2022\/08\/genug-ist-genug\/","name":"Genug ist genug!","isPartOf":{"@id":"https:\/\/www.pressenza.com\/de\/#website"},"primaryImageOfPage":{"@id":"https:\/\/www.pressenza.com\/de\/2022\/08\/genug-ist-genug\/#primaryimage"},"image":{"@id":"https:\/\/www.pressenza.com\/de\/2022\/08\/genug-ist-genug\/#primaryimage"},"thumbnailUrl":"https:\/\/www.pressenza.com\/wp-content\/uploads\/2022\/06\/Maasai_tribe-wikipedia.jpg","datePublished":"2022-08-06T14:53:59+00:00","dateModified":"2022-08-06T14:56:15+00:00","description":"Angesichts der globalen Krisen und dem Bedarf an Mineralien f\u00fcr reiche Gesellschaften stehen wir vor einer Beschleunigung der Schikanen und des V\u00f6lkermords an indigenen V\u00f6lkern, um ihnen ihr Land zu rauben und die dortigen nat\u00fcrlichen Ressourcen auszubeuten.","breadcrumb":{"@id":"https:\/\/www.pressenza.com\/de\/2022\/08\/genug-ist-genug\/#breadcrumb"},"inLanguage":"de","potentialAction":[{"@type":"ReadAction","target":["https:\/\/www.pressenza.com\/de\/2022\/08\/genug-ist-genug\/"]}]},{"@type":"ImageObject","inLanguage":"de","@id":"https:\/\/www.pressenza.com\/de\/2022\/08\/genug-ist-genug\/#primaryimage","url":"https:\/\/www.pressenza.com\/wp-content\/uploads\/2022\/06\/Maasai_tribe-wikipedia.jpg","contentUrl":"https:\/\/www.pressenza.com\/wp-content\/uploads\/2022\/06\/Maasai_tribe-wikipedia.jpg","width":1024,"height":766,"caption":"Genug ist genug! - Indigene Rechte m\u00fcssen respektiert werden"},{"@type":"BreadcrumbList","@id":"https:\/\/www.pressenza.com\/de\/2022\/08\/genug-ist-genug\/#breadcrumb","itemListElement":[{"@type":"ListItem","position":1,"name":"Accueil","item":"https:\/\/www.pressenza.com\/de\/"},{"@type":"ListItem","position":2,"name":"Genug ist genug!"}]},{"@type":"WebSite","@id":"https:\/\/www.pressenza.com\/de\/#website","url":"https:\/\/www.pressenza.com\/de\/","name":"Pressenza","description":"International Press Agency","publisher":{"@id":"https:\/\/www.pressenza.com\/de\/#organization"},"potentialAction":[{"@type":"SearchAction","target":{"@type":"EntryPoint","urlTemplate":"https:\/\/www.pressenza.com\/de\/?s={search_term_string}"},"query-input":{"@type":"PropertyValueSpecification","valueRequired":true,"valueName":"search_term_string"}}],"inLanguage":"de"},{"@type":"Organization","@id":"https:\/\/www.pressenza.com\/de\/#organization","name":"Pressenza","url":"https:\/\/www.pressenza.com\/de\/","logo":{"@type":"ImageObject","inLanguage":"de","@id":"https:\/\/www.pressenza.com\/de\/#\/schema\/logo\/image\/","url":"https:\/\/www.pressenza.com\/wp-content\/uploads\/2022\/10\/pressenza_logo_200x200.jpg","contentUrl":"https:\/\/www.pressenza.com\/wp-content\/uploads\/2022\/10\/pressenza_logo_200x200.jpg","width":200,"height":200,"caption":"Pressenza"},"image":{"@id":"https:\/\/www.pressenza.com\/de\/#\/schema\/logo\/image\/"},"sameAs":["https:\/\/www.facebook.com\/PressenzaItalia","https:\/\/x.com\/PressenzaIPA"]},{"@type":"Person","@id":"https:\/\/www.pressenza.com\/de\/#\/schema\/person\/3e3dc7faa4424387772733d19e115974","name":"Pedro Pozas Terrados","description":"Escritor, naturalista, poeta, amante de la vida y defensor de la madre Tierra, investigador, cr\u00edtico y aventurero Profesionalmente ha trabajado 37 a\u00f1os en la defensa del medio ambiente como funcionario del Ministerio del Interior. De forma altruista es el Director Ejecutivo del Proyecto Gran Simio, una Organizaci\u00f3n que desde hace m\u00e1s de dos d\u00e9cadas lucha por los derechos b\u00e1sicos de los grandes simios, la conservaci\u00f3n de su h\u00e1bitat y la protecci\u00f3n de los pueblos ind\u00edgenas, verdaderos guardianes de nuestro planeta. Dibujante a l\u00e1piz y acuarela, con m\u00e1s de 300 l\u00e1minas de temas naturalistas y 12 cuadernos de campo. Es autor de 13 libros y coautor de ocho m\u00e1s. Descubridor de varias cuevas, una de ellas catalogada por la Comunidad de Castilla La Mancha de inter\u00e9s hist\u00f3rico y etnogr\u00e1fico con hallazgo en la misma de inscripciones de cronolog\u00eda antigua medieval.","url":"https:\/\/www.pressenza.com\/de\/author\/pedro-pozas-terrado\/"}]}},"place":"Spanien","original_article_url":"","_links":{"self":[{"href":"https:\/\/www.pressenza.com\/de\/wp-json\/wp\/v2\/posts\/1638031","targetHints":{"allow":["GET"]}}],"collection":[{"href":"https:\/\/www.pressenza.com\/de\/wp-json\/wp\/v2\/posts"}],"about":[{"href":"https:\/\/www.pressenza.com\/de\/wp-json\/wp\/v2\/types\/post"}],"author":[{"embeddable":true,"href":"https:\/\/www.pressenza.com\/de\/wp-json\/wp\/v2\/users\/2023"}],"replies":[{"embeddable":true,"href":"https:\/\/www.pressenza.com\/de\/wp-json\/wp\/v2\/comments?post=1638031"}],"version-history":[{"count":0,"href":"https:\/\/www.pressenza.com\/de\/wp-json\/wp\/v2\/posts\/1638031\/revisions"}],"wp:featuredmedia":[{"embeddable":true,"href":"https:\/\/www.pressenza.com\/de\/wp-json\/wp\/v2\/media\/1604167"}],"wp:attachment":[{"href":"https:\/\/www.pressenza.com\/de\/wp-json\/wp\/v2\/media?parent=1638031"}],"wp:term":[{"taxonomy":"category","embeddable":true,"href":"https:\/\/www.pressenza.com\/de\/wp-json\/wp\/v2\/categories?post=1638031"},{"taxonomy":"post_tag","embeddable":true,"href":"https:\/\/www.pressenza.com\/de\/wp-json\/wp\/v2\/tags?post=1638031"}],"curies":[{"name":"wp","href":"https:\/\/api.w.org\/{rel}","templated":true}]}}