{"id":163083,"date":"2015-02-13T14:05:21","date_gmt":"2015-02-13T14:05:21","guid":{"rendered":"http:\/\/www.pressenza.com\/?p=163083"},"modified":"2015-02-13T14:18:20","modified_gmt":"2015-02-13T14:18:20","slug":"wer-rettet-wen","status":"publish","type":"post","link":"https:\/\/www.pressenza.com\/de\/2015\/02\/wer-rettet-wen\/","title":{"rendered":"Wer rettet wen?"},"content":{"rendered":"<p><strong>Am Mittwoch 11. Februar hatte der Dokumentarfilm &#8222;Wer rettet wen?&#8220; in mindestens 150 europ\u00e4ischen St\u00e4dten zur selben Zeit Premiere gefeiert. Ein beeindruckender Start f\u00fcr einen aussergew\u00f6nlichen Dokumentarfilm.<\/strong><\/p>\n<p><strong>Die Krise als Gesch\u00e4ftsmodell auf Kosten von Demokratie und sozialer Sicherheit<\/strong><\/p>\n<p>Seit f\u00fcnf Jahren werden <a href=\"http:\/\/www.whos-saving-whom.org\/index.php\/de\/der-film\/themen?showall=&amp;start=4\">Banken<\/a> und <a href=\"http:\/\/www.whos-saving-whom.org\/index.php\/de\/der-film\/themen?showall=&amp;start=5\">L\u00e4nder gerettet<\/a>. Politiker schaffen immer neue Rettungsfonds, w\u00e4hrend mitten in Europa <a href=\"http:\/\/www.whos-saving-whom.org\/index.php\/de\/der-film\/themen?showall=&amp;start=10\">Menschen wieder f\u00fcr Hungerl\u00f6hne arbeiten<\/a>. Es wird gerettet, nur keine Rettung ist in Sicht. Der Film \u201e<a href=\"http:\/\/www.whos-saving-whom.org\">Wer Rettet Wen<\/a>\u201c zeigt, wer dabei wirklich gerettet wird: Nie ging es um die Rettung der Griechen, nie um die der Spanier oder Portugiesen. Stets geht es nur um das Wohl der Hauptverdiener an diesen Krisen: den dort mit hochriskanten Spekulationen engagierten Banken. Uns Steuerzahlern und sozial Benachteiligten hingegen werden <a href=\"http:\/\/www.wer-rettet-wen.org\/index.php\/de\/news\/90-rundbrief-januar-2014\">bis heute<\/a> alle milliardenschweren Risiken zugemutet! F\u00fcr gro\u00dfe Banken ist die Finanzkrise dagegen vor allem ein Gesch\u00e4ftsmodell!<\/p>\n<p><strong>Steuerzahler finanzieren private Verm\u00f6gen<\/strong><\/p>\n<p>Es hei\u00dft, Griechenland habe 240 Mrd. \u20ac Hilfen erhalten. Gerettet wurden damit aber nur die privaten Banken, Versicherungen und Investmenth\u00e4user. Ihnen geh\u00f6rten 2009 fast alle griechischen Staatsanleihen. 2012 &#8211; drei Jahre danach &#8211; sind diese <a href=\"http:\/\/www.whos-saving-whom.org\/index.php\/de\/der-film\/themen?showall=&amp;start=7\">Schulden fast g\u00e4nzlich auf uns europ\u00e4ische Steuerzahler \u00fcbertragen<\/a>! Wir haben dadurch etwa 300 Mrd. \u20ac Schulden mehr. Daf\u00fcr wurden viele reiche Griechen reicher und Hedgefonds, Banken, reiche Privatanleger vor jeglichen Verlusten bewahrt. Aus milliardenschweren \u201eHilfen&#8220; der Steuerzahler sind private Verm\u00f6gen geworden. Der ansonsten neoliberale Wirtschaftswissenschaftler Hans-Werner Sinn<\/p>\n<p>hat ausgerechnet, dass die Fortsetzung der Rettungsschirmpolitik sicher im Interesse der gro\u00dfen Finanzinstitute und der 5% reichsten Individuen der Welt ist. Aber selbst die B\u00fcrger der wirtschaftlich st\u00e4rksten L\u00e4nder der EU werden <a href=\"http:\/\/www.whos-saving-whom.org\/index.php\/de\/der-film\/themen?showall=&amp;start=13\">um ihre Altersversorgung bangen m\u00fcssen.<\/a> Doch Hauptsache, \u201edie M\u00e4rkte atmen auf\u201c.<\/p>\n<p><strong>Die Macht der \u201eM\u00e4rkte\u201c<\/strong><\/p>\n<p>St\u00e4ndig hei\u00dft es, die M\u00e4rkte seien verstimmt, die M\u00e4rkte seien entt\u00e4uscht. Die Finanzm\u00e4rkte, das scheint ein besonderes Wesen zu sein, das bei Laune gehalten werden muss. <a href=\"http:\/\/www.whos-saving-whom.org\/index.php\/de\/der-film\/themen?showall=&amp;start=8\">Drei Ratingagenturen <\/a>dominieren die Parlamente Europas. Ihre Eigent\u00fcmer sind H\u00e4ndler mit Staatsanleihen, die gr\u00f6\u00dften Investmentbanken und Private Equity- Konzerne der Welt. Wenn sie die Daumen senken, zittern Staaten.<\/p>\n<p>Viele Menschen ahnen, dass da etwas schief l\u00e4uft. Sie f\u00fchlen sich ausgeliefert, weil sie das Spiel der Milliarden nicht verstehen. Doch Demokratie hat angesichts der Macht des Finanzmarkts nur eine Chance, wenn B\u00fcrger anfangen, ihre Interessen in dem \u201eSpiel der Milliarden\u201c zu erkennen, die wesentlichen Strukturen und Mechanismen des Finanzkapitals zu durchschauen. \u201eWer Rettet Wen\u201c wird ein Werkzeug dazu sein.<\/p>\n<p><strong>Andere Wege<\/strong><\/p>\n<p>Der Film zeigt allerdings auch Alternativen auf. Zum Beispiel fand man in Island einen ganz anderen Ausweg aus der Krise: Die B\u00fcrger nahmen ihr Schicksal in die Hand, forderten Neuwahlen und eine exakte Aufarbeitung der Bankenkrise \u2013 mit Erfolg. Hier gab es keine Rettung des internationalen Kapitals, sondern eine demokratische Umverteilung von oben nach unten. Auch Bankvorst\u00e4nde kamen nicht ungeschoren davon.<\/p>\n<p>Als ein weiteres Beispiel wird <a href=\"https:\/\/www.facebook.com\/ecuasoli?fref=nf\">Ecuador<\/a> gezeigt. Das Land hat mit einer Finanzmarktregulierung und einem transparenten Schuldenaudit, bei welchem zwischen legitimen und illegitimen Schulden unterschieden wurde, sich aus der Schuldenfalle befreit.<\/p>\n<p><strong>Ein Film von unten<\/strong><\/p>\n<p><strong>\u201eWer Rettet Wen\u201c<\/strong> entsteht als \u201e<a href=\"http:\/\/www.whos-saving-whom.org\/index.php\/de\/film-von-unten\">Film von unten<\/a>\u201c \u2013 finanziert von denen, die ihn sehen wollen, die ihn zeigen wollen, die dieses Hilfsmittel als Aufkl\u00e4rung brauchen.<\/p>\n<p>Auf DVD ist der Film erst ab August erh\u00e4ltlich, vorbestellt kann aber bereits <a href=\"http:\/\/www.vsa-verlag.de\/nc\/buecher\/detail\/artikel\/wer-rettet-wen-1\/\">hier<\/a> werden.<\/p>\n<p><iframe loading=\"lazy\" title=\"Wer rettet wen? - Trailer\" width=\"500\" height=\"281\" src=\"https:\/\/www.youtube.com\/embed\/hv6dgMEqB7c?feature=oembed\" frameborder=\"0\" allow=\"accelerometer; autoplay; clipboard-write; encrypted-media; gyroscope; picture-in-picture; web-share\" referrerpolicy=\"strict-origin-when-cross-origin\" allowfullscreen><\/iframe><\/p>\n","protected":false},"excerpt":{"rendered":"<p>Am Mittwoch 11. Februar hatte der Dokumentarfilm &#8222;Wer rettet wen?&#8220; in mindestens 150 europ\u00e4ischen St\u00e4dten zur selben Zeit Premiere gefeiert. Ein beeindruckender Start f\u00fcr einen aussergew\u00f6nlichen Dokumentarfilm. Die Krise als Gesch\u00e4ftsmodell auf Kosten von Demokratie und sozialer Sicherheit Seit f\u00fcnf&hellip;<\/p>\n","protected":false},"author":1089,"featured_media":163087,"comment_status":"closed","ping_status":"open","sticky":false,"template":"","format":"standard","meta":{"footnotes":""},"categories":[7835,11387,9168,9158],"tags":[15039,16051,16050],"class_list":["post-163083","post","type-post","status-publish","format-standard","has-post-thumbnail","hentry","category-international-de","category-originalinhalt","category-politik","category-wirtschaft","tag-austeritatspolitik","tag-bankenrettung","tag-schuldenkriese"],"yoast_head":"<!-- This site is optimized with the Yoast SEO plugin v27.1.1 - https:\/\/yoast.com\/product\/yoast-seo-wordpress\/ -->\n<title>Wer rettet wen?<\/title>\n<meta name=\"description\" content=\"Am Mittwoch 11. Februar hatte der Dokumentarfilm &quot;Wer rettet wen?&quot; in mindestens 150 europ\u00e4ischen St\u00e4dten zur selben Zeit Premiere gefeiert. Ein\" \/>\n<meta name=\"robots\" content=\"index, follow, max-snippet:-1, max-image-preview:large, max-video-preview:-1\" \/>\n<link rel=\"canonical\" href=\"https:\/\/www.pressenza.com\/de\/2015\/02\/wer-rettet-wen\/\" \/>\n<meta property=\"og:locale\" content=\"de_DE\" \/>\n<meta property=\"og:type\" content=\"article\" \/>\n<meta property=\"og:title\" content=\"Wer rettet wen?\" \/>\n<meta property=\"og:description\" content=\"Am Mittwoch 11. Februar hatte der Dokumentarfilm &quot;Wer rettet wen?&quot; in mindestens 150 europ\u00e4ischen St\u00e4dten zur selben Zeit Premiere gefeiert. Ein\" \/>\n<meta property=\"og:url\" content=\"https:\/\/www.pressenza.com\/de\/2015\/02\/wer-rettet-wen\/\" \/>\n<meta property=\"og:site_name\" content=\"Pressenza\" \/>\n<meta property=\"article:publisher\" content=\"https:\/\/www.facebook.com\/PressenzaItalia\" \/>\n<meta property=\"article:author\" content=\"https:\/\/www.facebook.com\/rthumiger\" \/>\n<meta property=\"article:published_time\" content=\"2015-02-13T14:05:21+00:00\" \/>\n<meta property=\"article:modified_time\" content=\"2015-02-13T14:18:20+00:00\" \/>\n<meta property=\"og:image\" content=\"https:\/\/www.pressenza.com\/wp-content\/uploads\/2015\/02\/1553287_737420709660781_4226587310402144541_o.jpg\" \/>\n\t<meta property=\"og:image:width\" content=\"851\" \/>\n\t<meta property=\"og:image:height\" content=\"315\" \/>\n\t<meta property=\"og:image:type\" content=\"image\/jpeg\" \/>\n<meta name=\"author\" content=\"Reto Thumiger\" \/>\n<meta name=\"twitter:card\" content=\"summary_large_image\" \/>\n<meta name=\"twitter:creator\" content=\"@pressenza_ger\" \/>\n<meta name=\"twitter:site\" content=\"@PressenzaIPA\" \/>\n<meta name=\"twitter:label1\" content=\"Verfasst von\" \/>\n\t<meta name=\"twitter:data1\" content=\"Reto Thumiger\" \/>\n\t<meta name=\"twitter:label2\" content=\"Gesch\u00e4tzte Lesezeit\" \/>\n\t<meta name=\"twitter:data2\" content=\"3\u00a0Minuten\" \/>\n<script type=\"application\/ld+json\" class=\"yoast-schema-graph\">{\"@context\":\"https:\/\/schema.org\",\"@graph\":[{\"@type\":\"Article\",\"@id\":\"https:\/\/www.pressenza.com\/de\/2015\/02\/wer-rettet-wen\/#article\",\"isPartOf\":{\"@id\":\"https:\/\/www.pressenza.com\/de\/2015\/02\/wer-rettet-wen\/\"},\"author\":{\"name\":\"Reto Thumiger\",\"@id\":\"https:\/\/www.pressenza.com\/de\/#\/schema\/person\/e233667f8b5764bd84b766de5286a5fa\"},\"headline\":\"Wer rettet wen?\",\"datePublished\":\"2015-02-13T14:05:21+00:00\",\"dateModified\":\"2015-02-13T14:18:20+00:00\",\"mainEntityOfPage\":{\"@id\":\"https:\/\/www.pressenza.com\/de\/2015\/02\/wer-rettet-wen\/\"},\"wordCount\":569,\"publisher\":{\"@id\":\"https:\/\/www.pressenza.com\/de\/#organization\"},\"image\":{\"@id\":\"https:\/\/www.pressenza.com\/de\/2015\/02\/wer-rettet-wen\/#primaryimage\"},\"thumbnailUrl\":\"https:\/\/www.pressenza.com\/wp-content\/uploads\/2015\/02\/1553287_737420709660781_4226587310402144541_o.jpg\",\"keywords\":[\"Austerit\u00e4tspolitik\",\"Bankenrettung\",\"Schuldenkriese\"],\"articleSection\":[\"International\",\"Originalinhalt\",\"Politik\",\"Wirtschaft\"],\"inLanguage\":\"de\"},{\"@type\":\"WebPage\",\"@id\":\"https:\/\/www.pressenza.com\/de\/2015\/02\/wer-rettet-wen\/\",\"url\":\"https:\/\/www.pressenza.com\/de\/2015\/02\/wer-rettet-wen\/\",\"name\":\"Wer rettet wen?\",\"isPartOf\":{\"@id\":\"https:\/\/www.pressenza.com\/de\/#website\"},\"primaryImageOfPage\":{\"@id\":\"https:\/\/www.pressenza.com\/de\/2015\/02\/wer-rettet-wen\/#primaryimage\"},\"image\":{\"@id\":\"https:\/\/www.pressenza.com\/de\/2015\/02\/wer-rettet-wen\/#primaryimage\"},\"thumbnailUrl\":\"https:\/\/www.pressenza.com\/wp-content\/uploads\/2015\/02\/1553287_737420709660781_4226587310402144541_o.jpg\",\"datePublished\":\"2015-02-13T14:05:21+00:00\",\"dateModified\":\"2015-02-13T14:18:20+00:00\",\"description\":\"Am Mittwoch 11. Februar hatte der Dokumentarfilm \\\"Wer rettet wen?\\\" in mindestens 150 europ\u00e4ischen St\u00e4dten zur selben Zeit Premiere gefeiert. Ein\",\"breadcrumb\":{\"@id\":\"https:\/\/www.pressenza.com\/de\/2015\/02\/wer-rettet-wen\/#breadcrumb\"},\"inLanguage\":\"de\",\"potentialAction\":[{\"@type\":\"ReadAction\",\"target\":[\"https:\/\/www.pressenza.com\/de\/2015\/02\/wer-rettet-wen\/\"]}]},{\"@type\":\"ImageObject\",\"inLanguage\":\"de\",\"@id\":\"https:\/\/www.pressenza.com\/de\/2015\/02\/wer-rettet-wen\/#primaryimage\",\"url\":\"https:\/\/www.pressenza.com\/wp-content\/uploads\/2015\/02\/1553287_737420709660781_4226587310402144541_o.jpg\",\"contentUrl\":\"https:\/\/www.pressenza.com\/wp-content\/uploads\/2015\/02\/1553287_737420709660781_4226587310402144541_o.jpg\",\"width\":851,\"height\":315},{\"@type\":\"BreadcrumbList\",\"@id\":\"https:\/\/www.pressenza.com\/de\/2015\/02\/wer-rettet-wen\/#breadcrumb\",\"itemListElement\":[{\"@type\":\"ListItem\",\"position\":1,\"name\":\"Accueil\",\"item\":\"https:\/\/www.pressenza.com\/de\/\"},{\"@type\":\"ListItem\",\"position\":2,\"name\":\"Wer rettet wen?\"}]},{\"@type\":\"WebSite\",\"@id\":\"https:\/\/www.pressenza.com\/de\/#website\",\"url\":\"https:\/\/www.pressenza.com\/de\/\",\"name\":\"Pressenza\",\"description\":\"International Press Agency\",\"publisher\":{\"@id\":\"https:\/\/www.pressenza.com\/de\/#organization\"},\"potentialAction\":[{\"@type\":\"SearchAction\",\"target\":{\"@type\":\"EntryPoint\",\"urlTemplate\":\"https:\/\/www.pressenza.com\/de\/?s={search_term_string}\"},\"query-input\":{\"@type\":\"PropertyValueSpecification\",\"valueRequired\":true,\"valueName\":\"search_term_string\"}}],\"inLanguage\":\"de\"},{\"@type\":\"Organization\",\"@id\":\"https:\/\/www.pressenza.com\/de\/#organization\",\"name\":\"Pressenza\",\"url\":\"https:\/\/www.pressenza.com\/de\/\",\"logo\":{\"@type\":\"ImageObject\",\"inLanguage\":\"de\",\"@id\":\"https:\/\/www.pressenza.com\/de\/#\/schema\/logo\/image\/\",\"url\":\"https:\/\/www.pressenza.com\/wp-content\/uploads\/2022\/10\/pressenza_logo_200x200.jpg\",\"contentUrl\":\"https:\/\/www.pressenza.com\/wp-content\/uploads\/2022\/10\/pressenza_logo_200x200.jpg\",\"width\":200,\"height\":200,\"caption\":\"Pressenza\"},\"image\":{\"@id\":\"https:\/\/www.pressenza.com\/de\/#\/schema\/logo\/image\/\"},\"sameAs\":[\"https:\/\/www.facebook.com\/PressenzaItalia\",\"https:\/\/x.com\/PressenzaIPA\"]},{\"@type\":\"Person\",\"@id\":\"https:\/\/www.pressenza.com\/de\/#\/schema\/person\/e233667f8b5764bd84b766de5286a5fa\",\"name\":\"Reto Thumiger\",\"description\":\"The Swiss-born business administrator has been an activist for the New Humanism for over 25 years. He is committed to the promotion of cultural diversity, equal rights and the creation of equal opportunities for all people. He is committed to an internal and external revolution based on active non-violence. Through his voluntary work at Pressenza, he endeavours to contribute to overcoming violence through journalism that focuses on peace and non-violence.\",\"sameAs\":[\"http:\/\/www.pressenza.com\/de\",\"https:\/\/www.facebook.com\/rthumiger\",\"https:\/\/x.com\/pressenza_ger\"],\"url\":\"https:\/\/www.pressenza.com\/de\/author\/reto-thumiger\/\"}]}<\/script>\n<!-- \/ Yoast SEO plugin. -->","yoast_head_json":{"title":"Wer rettet wen?","description":"Am Mittwoch 11. Februar hatte der Dokumentarfilm \"Wer rettet wen?\" in mindestens 150 europ\u00e4ischen St\u00e4dten zur selben Zeit Premiere gefeiert. Ein","robots":{"index":"index","follow":"follow","max-snippet":"max-snippet:-1","max-image-preview":"max-image-preview:large","max-video-preview":"max-video-preview:-1"},"canonical":"https:\/\/www.pressenza.com\/de\/2015\/02\/wer-rettet-wen\/","og_locale":"de_DE","og_type":"article","og_title":"Wer rettet wen?","og_description":"Am Mittwoch 11. Februar hatte der Dokumentarfilm \"Wer rettet wen?\" in mindestens 150 europ\u00e4ischen St\u00e4dten zur selben Zeit Premiere gefeiert. Ein","og_url":"https:\/\/www.pressenza.com\/de\/2015\/02\/wer-rettet-wen\/","og_site_name":"Pressenza","article_publisher":"https:\/\/www.facebook.com\/PressenzaItalia","article_author":"https:\/\/www.facebook.com\/rthumiger","article_published_time":"2015-02-13T14:05:21+00:00","article_modified_time":"2015-02-13T14:18:20+00:00","og_image":[{"width":851,"height":315,"url":"https:\/\/www.pressenza.com\/wp-content\/uploads\/2015\/02\/1553287_737420709660781_4226587310402144541_o.jpg","type":"image\/jpeg"}],"author":"Reto Thumiger","twitter_card":"summary_large_image","twitter_creator":"@pressenza_ger","twitter_site":"@PressenzaIPA","twitter_misc":{"Verfasst von":"Reto Thumiger","Gesch\u00e4tzte Lesezeit":"3\u00a0Minuten"},"schema":{"@context":"https:\/\/schema.org","@graph":[{"@type":"Article","@id":"https:\/\/www.pressenza.com\/de\/2015\/02\/wer-rettet-wen\/#article","isPartOf":{"@id":"https:\/\/www.pressenza.com\/de\/2015\/02\/wer-rettet-wen\/"},"author":{"name":"Reto Thumiger","@id":"https:\/\/www.pressenza.com\/de\/#\/schema\/person\/e233667f8b5764bd84b766de5286a5fa"},"headline":"Wer rettet wen?","datePublished":"2015-02-13T14:05:21+00:00","dateModified":"2015-02-13T14:18:20+00:00","mainEntityOfPage":{"@id":"https:\/\/www.pressenza.com\/de\/2015\/02\/wer-rettet-wen\/"},"wordCount":569,"publisher":{"@id":"https:\/\/www.pressenza.com\/de\/#organization"},"image":{"@id":"https:\/\/www.pressenza.com\/de\/2015\/02\/wer-rettet-wen\/#primaryimage"},"thumbnailUrl":"https:\/\/www.pressenza.com\/wp-content\/uploads\/2015\/02\/1553287_737420709660781_4226587310402144541_o.jpg","keywords":["Austerit\u00e4tspolitik","Bankenrettung","Schuldenkriese"],"articleSection":["International","Originalinhalt","Politik","Wirtschaft"],"inLanguage":"de"},{"@type":"WebPage","@id":"https:\/\/www.pressenza.com\/de\/2015\/02\/wer-rettet-wen\/","url":"https:\/\/www.pressenza.com\/de\/2015\/02\/wer-rettet-wen\/","name":"Wer rettet wen?","isPartOf":{"@id":"https:\/\/www.pressenza.com\/de\/#website"},"primaryImageOfPage":{"@id":"https:\/\/www.pressenza.com\/de\/2015\/02\/wer-rettet-wen\/#primaryimage"},"image":{"@id":"https:\/\/www.pressenza.com\/de\/2015\/02\/wer-rettet-wen\/#primaryimage"},"thumbnailUrl":"https:\/\/www.pressenza.com\/wp-content\/uploads\/2015\/02\/1553287_737420709660781_4226587310402144541_o.jpg","datePublished":"2015-02-13T14:05:21+00:00","dateModified":"2015-02-13T14:18:20+00:00","description":"Am Mittwoch 11. Februar hatte der Dokumentarfilm \"Wer rettet wen?\" in mindestens 150 europ\u00e4ischen St\u00e4dten zur selben Zeit Premiere gefeiert. Ein","breadcrumb":{"@id":"https:\/\/www.pressenza.com\/de\/2015\/02\/wer-rettet-wen\/#breadcrumb"},"inLanguage":"de","potentialAction":[{"@type":"ReadAction","target":["https:\/\/www.pressenza.com\/de\/2015\/02\/wer-rettet-wen\/"]}]},{"@type":"ImageObject","inLanguage":"de","@id":"https:\/\/www.pressenza.com\/de\/2015\/02\/wer-rettet-wen\/#primaryimage","url":"https:\/\/www.pressenza.com\/wp-content\/uploads\/2015\/02\/1553287_737420709660781_4226587310402144541_o.jpg","contentUrl":"https:\/\/www.pressenza.com\/wp-content\/uploads\/2015\/02\/1553287_737420709660781_4226587310402144541_o.jpg","width":851,"height":315},{"@type":"BreadcrumbList","@id":"https:\/\/www.pressenza.com\/de\/2015\/02\/wer-rettet-wen\/#breadcrumb","itemListElement":[{"@type":"ListItem","position":1,"name":"Accueil","item":"https:\/\/www.pressenza.com\/de\/"},{"@type":"ListItem","position":2,"name":"Wer rettet wen?"}]},{"@type":"WebSite","@id":"https:\/\/www.pressenza.com\/de\/#website","url":"https:\/\/www.pressenza.com\/de\/","name":"Pressenza","description":"International Press Agency","publisher":{"@id":"https:\/\/www.pressenza.com\/de\/#organization"},"potentialAction":[{"@type":"SearchAction","target":{"@type":"EntryPoint","urlTemplate":"https:\/\/www.pressenza.com\/de\/?s={search_term_string}"},"query-input":{"@type":"PropertyValueSpecification","valueRequired":true,"valueName":"search_term_string"}}],"inLanguage":"de"},{"@type":"Organization","@id":"https:\/\/www.pressenza.com\/de\/#organization","name":"Pressenza","url":"https:\/\/www.pressenza.com\/de\/","logo":{"@type":"ImageObject","inLanguage":"de","@id":"https:\/\/www.pressenza.com\/de\/#\/schema\/logo\/image\/","url":"https:\/\/www.pressenza.com\/wp-content\/uploads\/2022\/10\/pressenza_logo_200x200.jpg","contentUrl":"https:\/\/www.pressenza.com\/wp-content\/uploads\/2022\/10\/pressenza_logo_200x200.jpg","width":200,"height":200,"caption":"Pressenza"},"image":{"@id":"https:\/\/www.pressenza.com\/de\/#\/schema\/logo\/image\/"},"sameAs":["https:\/\/www.facebook.com\/PressenzaItalia","https:\/\/x.com\/PressenzaIPA"]},{"@type":"Person","@id":"https:\/\/www.pressenza.com\/de\/#\/schema\/person\/e233667f8b5764bd84b766de5286a5fa","name":"Reto Thumiger","description":"The Swiss-born business administrator has been an activist for the New Humanism for over 25 years. He is committed to the promotion of cultural diversity, equal rights and the creation of equal opportunities for all people. He is committed to an internal and external revolution based on active non-violence. Through his voluntary work at Pressenza, he endeavours to contribute to overcoming violence through journalism that focuses on peace and non-violence.","sameAs":["http:\/\/www.pressenza.com\/de","https:\/\/www.facebook.com\/rthumiger","https:\/\/x.com\/pressenza_ger"],"url":"https:\/\/www.pressenza.com\/de\/author\/reto-thumiger\/"}]}},"place":"","original_article_url":"","_links":{"self":[{"href":"https:\/\/www.pressenza.com\/de\/wp-json\/wp\/v2\/posts\/163083","targetHints":{"allow":["GET"]}}],"collection":[{"href":"https:\/\/www.pressenza.com\/de\/wp-json\/wp\/v2\/posts"}],"about":[{"href":"https:\/\/www.pressenza.com\/de\/wp-json\/wp\/v2\/types\/post"}],"author":[{"embeddable":true,"href":"https:\/\/www.pressenza.com\/de\/wp-json\/wp\/v2\/users\/1089"}],"replies":[{"embeddable":true,"href":"https:\/\/www.pressenza.com\/de\/wp-json\/wp\/v2\/comments?post=163083"}],"version-history":[{"count":0,"href":"https:\/\/www.pressenza.com\/de\/wp-json\/wp\/v2\/posts\/163083\/revisions"}],"wp:featuredmedia":[{"embeddable":true,"href":"https:\/\/www.pressenza.com\/de\/wp-json\/wp\/v2\/media\/163087"}],"wp:attachment":[{"href":"https:\/\/www.pressenza.com\/de\/wp-json\/wp\/v2\/media?parent=163083"}],"wp:term":[{"taxonomy":"category","embeddable":true,"href":"https:\/\/www.pressenza.com\/de\/wp-json\/wp\/v2\/categories?post=163083"},{"taxonomy":"post_tag","embeddable":true,"href":"https:\/\/www.pressenza.com\/de\/wp-json\/wp\/v2\/tags?post=163083"}],"curies":[{"name":"wp","href":"https:\/\/api.w.org\/{rel}","templated":true}]}}