{"id":1626149,"date":"2022-07-18T16:07:05","date_gmt":"2022-07-18T15:07:05","guid":{"rendered":"https:\/\/www.pressenza.com\/?p=1626149"},"modified":"2022-07-18T16:15:17","modified_gmt":"2022-07-18T15:15:17","slug":"neue-imperien-neue-barbaren","status":"publish","type":"post","link":"https:\/\/www.pressenza.com\/de\/2022\/07\/neue-imperien-neue-barbaren\/","title":{"rendered":"Neue Imperien, neue Barbaren"},"content":{"rendered":"<p><strong>Der Gedanke, dass es notwendig ist, sich gegen die Aggression eher unzivilisierter V\u00f6lker zu verteidigen, die die eigene Welt bedrohen, ist in unserer Geschichte nicht neu.<\/strong><\/p>\n<p>Zum Beispiel musste sich Rom, nachdem es zahlreiche Gebiete erobert und besetzt hatte, vor V\u00f6lkern sch\u00fctzen, die sich seiner Macht nicht unterwerfen wollten. So wurde die Vorstellung vom &#8222;Barbaren&#8220; geboren. Der r\u00f6mische Mensch, zivilisiert und menschlich, war das eine, der barbarische Mensch, der fast als wildes, nicht-menschliches Tier angesehen wurde, etwas ganz anderes. Diese Ideologie war so stark, dass viele Historiker behaupten, der Untergang des Westr\u00f6mischen Reiches sei durch die Barbaren und ihre Invasionen verursacht worden. Sie schrieben fast nichts \u00fcber die innere Dynamik des R\u00f6mischen Reiches, \u00fcber die Implosion eines Systems, das mit all seinen Widerspr\u00fcchen seinen Lauf genommen hatte &#8211; so wie es in der Geschichte allen Imperien erging, die, nachdem sie ihren H\u00f6hepunkt erreicht hatten, unaufhaltsam auf den Niedergang zusteuerten.<\/p>\n<p>Heute wird dieses Narrativ wiederholt, und die Mehrheit der &#8222;westlichen&#8220; Regierungen ist der Meinung, dass die NATO diese Rolle der Verteidigung und des Schutzes unserer Welt \u00fcbernehmen kann und sollte. Wir stellen nicht in Frage, dass wir auf eine m\u00f6gliche Aggression vorbereitet sein m\u00fcssen, und ein B\u00fcndnis von Staaten, die wirklich eine auf eine unbewaffnete Konfliktl\u00f6sung abzielende Verteidigungspolitik wollen, ist w\u00fcnschenswert. Aber wir bezweifeln, dass die NATO die Organisation ist, die diese Funktion erf\u00fcllen kann.<\/p>\n<p>Heute ist die im Wesentlichen von den USA kontrollierte NATO der bewaffnete Arm des Finanzkapitals, das nicht mehr in der Lage ist, nach den Spielregeln mit den sogenannten aufstrebenden M\u00e4chten zu konkurrieren, und keine andere Antwort auf seine Krise findet, als Krieg zu f\u00fchren.<\/p>\n<p>Und so wie das R\u00f6mische Reich, das einen \u00e4u\u00dferen Feind brauchte, um inneren Zusammenhalt zu schaffen und seine st\u00e4ndigen Kriege zu rechtfertigen, den &#8222;Homo Barbaricus&#8220; erfand, so spricht man heute von aggressiven und undemokratischen L\u00e4ndern, &#8222;Schurkenstaaten&#8220;, die die Werte der westlichen Welt gef\u00e4hrden.<\/p>\n<p>Das hei\u00dft nicht, dass die &#8222;Anderen&#8220; gute Menschen und Vorbilder sind, was die Hunnen in jener fernen Zeit sicher auch nicht waren. Vielmehr bedeutet es, dass das System auf der ganzen Welt einheitlich ist, auch wenn es gro\u00dfe Unterschiede in den Details gibt. \u00dcberall kontrollieren einige wenige Menschen das gesellschaftliche Ganze, die Produktionsmittel, die Medien und die Politik, und f\u00fcr ihre eigenen Interessen &#8222;benutzen&#8220; sie die Menschen als Dinge, als Schachfiguren, indem sie sie gegeneinander aufhetzen.<\/p>\n<p>Hier passiert das Gleiche wie in anderen Breitengraden: Den Menschen wird vorgegaukelt, dass sie in der besten aller m\u00f6glichen Welten leben und dass ihre Welt von anderen V\u00f6lkern bedroht wird, die sie wirtschaftlich, politisch und sogar milit\u00e4risch angreifen wollen. Tats\u00e4chlich hat ein Mensch, der in Rom, Moskau oder New York lebt, keine wirkliche Macht, die Welt zu ver\u00e4ndern, in der er lebt.<\/p>\n<p>Die Menschheit ist \u00fcberall auf der Welt gleich und der wahre Feind, der Antihumanismus, ist \u00fcberall auf der Welt derselbe, auch wenn er sich mit unterschiedlichen Gesichtern zeigt.<\/p>\n<p>Echte Ver\u00e4nderung wird beginnen, wenn verstanden wird, dass der Feind nicht der &#8222;Andere&#8220; ist, sondern das System selbst, das den Menschen als ein zu benutzendes Objekt betrachtet, ein R\u00e4dchen in einem von einigen wenigen kontrollierten Produktionsprozess, eine biologische Maschine, die geboren wird, arbeitet und stirbt, ein Wesen ohne Freiheit und ohne geistigen Horizont.<\/p>\n<p>In diesem Zusammenhang steht die NATO f\u00fcr den Obskurantismus, der diesen tiefgreifenden Wandel verhindert, diesen Weg zum Erwachen des Bewusstseins, zur Freiheit und zur Humanisierung des Lebens.<\/p>\n<p>Wie Silo schon sagte, k\u00f6nnen Probleme und Widerspr\u00fcche, sowohl pers\u00f6nliche als auch gesellschaftliche, nur gel\u00f6st werden, wenn man sie an ihrer eigentlichen Wurzel versteht und nicht nach falschen L\u00f6sungen sucht.<\/p>\n<p><strong><i>\u00dcbersetzung aus dem Italienischen von Domenica Ott vom ehrenamtlichen Pressenza-\u00dcbersetzungsteam erstellt. <a href=\"https:\/\/www.pressenza.com\/de\/mitarbeiten\/\" target=\"_blank\" rel=\"noopener\">Wir suchen Freiwillige!<\/a><\/i><\/strong><\/p>\n","protected":false},"excerpt":{"rendered":"<p>Der Gedanke, dass es notwendig ist, sich gegen die Aggression eher unzivilisierter V\u00f6lker zu verteidigen, die die eigene Welt bedrohen, ist in unserer Geschichte nicht neu. Zum Beispiel musste sich Rom, nachdem es zahlreiche Gebiete erobert und besetzt hatte, vor&hellip;<\/p>\n","protected":false},"author":995,"featured_media":1624095,"comment_status":"closed","ping_status":"closed","sticky":false,"template":"","format":"standard","meta":{"footnotes":""},"categories":[9167,7835,11387],"tags":[103751,30456,103752,10466,11826],"class_list":["post-1626149","post","type-post","status-publish","format-standard","has-post-thumbnail","hentry","category-frieden-und-abruestung","category-international-de","category-originalinhalt","tag-barbaren","tag-historischer-prozess","tag-imperium","tag-krieg","tag-nato-de"],"yoast_head":"<!-- This site is optimized with the Yoast SEO plugin v27.1.1 - https:\/\/yoast.com\/product\/yoast-seo-wordpress\/ -->\n<title>Neue Imperien, neue Barbaren<\/title>\n<meta name=\"description\" content=\"Der Gedanke, dass es notwendig ist, sich gegen die Aggression eher unzivilisierter V\u00f6lker zu verteidigen, die die eigene Welt bedrohen, ist in unserer\" \/>\n<meta name=\"robots\" content=\"index, follow, max-snippet:-1, max-image-preview:large, max-video-preview:-1\" \/>\n<link rel=\"canonical\" href=\"https:\/\/www.pressenza.com\/de\/2022\/07\/neue-imperien-neue-barbaren\/\" \/>\n<meta property=\"og:locale\" content=\"de_DE\" \/>\n<meta property=\"og:type\" content=\"article\" \/>\n<meta property=\"og:title\" content=\"Neue Imperien, neue Barbaren\" \/>\n<meta property=\"og:description\" content=\"Der Gedanke, dass es notwendig ist, sich gegen die Aggression eher unzivilisierter V\u00f6lker zu verteidigen, die die eigene Welt bedrohen, ist in unserer\" \/>\n<meta property=\"og:url\" content=\"https:\/\/www.pressenza.com\/de\/2022\/07\/neue-imperien-neue-barbaren\/\" \/>\n<meta property=\"og:site_name\" content=\"Pressenza\" \/>\n<meta property=\"article:publisher\" content=\"https:\/\/www.facebook.com\/PressenzaItalia\" \/>\n<meta property=\"article:published_time\" content=\"2022-07-18T15:07:05+00:00\" \/>\n<meta property=\"article:modified_time\" content=\"2022-07-18T15:15:17+00:00\" \/>\n<meta property=\"og:image\" content=\"https:\/\/www.pressenza.com\/wp-content\/uploads\/2022\/07\/Nuovi_imperi.jpg\" \/>\n\t<meta property=\"og:image:width\" content=\"1417\" \/>\n\t<meta property=\"og:image:height\" content=\"827\" \/>\n\t<meta property=\"og:image:type\" content=\"image\/jpeg\" \/>\n<meta name=\"author\" content=\"Gerardo Femina\" \/>\n<meta name=\"twitter:card\" content=\"summary_large_image\" \/>\n<meta name=\"twitter:creator\" content=\"@PressenzaIPA\" \/>\n<meta name=\"twitter:site\" content=\"@PressenzaIPA\" \/>\n<meta name=\"twitter:label1\" content=\"Verfasst von\" \/>\n\t<meta name=\"twitter:data1\" content=\"Gerardo Femina\" \/>\n\t<meta name=\"twitter:label2\" content=\"Gesch\u00e4tzte Lesezeit\" \/>\n\t<meta name=\"twitter:data2\" content=\"3\u00a0Minuten\" \/>\n<script type=\"application\/ld+json\" class=\"yoast-schema-graph\">{\"@context\":\"https:\/\/schema.org\",\"@graph\":[{\"@type\":\"Article\",\"@id\":\"https:\/\/www.pressenza.com\/de\/2022\/07\/neue-imperien-neue-barbaren\/#article\",\"isPartOf\":{\"@id\":\"https:\/\/www.pressenza.com\/de\/2022\/07\/neue-imperien-neue-barbaren\/\"},\"author\":{\"name\":\"Gerardo Femina\",\"@id\":\"https:\/\/www.pressenza.com\/de\/#\/schema\/person\/a960a95828df61811b50008db91df31a\"},\"headline\":\"Neue Imperien, neue Barbaren\",\"datePublished\":\"2022-07-18T15:07:05+00:00\",\"dateModified\":\"2022-07-18T15:15:17+00:00\",\"mainEntityOfPage\":{\"@id\":\"https:\/\/www.pressenza.com\/de\/2022\/07\/neue-imperien-neue-barbaren\/\"},\"wordCount\":643,\"publisher\":{\"@id\":\"https:\/\/www.pressenza.com\/de\/#organization\"},\"image\":{\"@id\":\"https:\/\/www.pressenza.com\/de\/2022\/07\/neue-imperien-neue-barbaren\/#primaryimage\"},\"thumbnailUrl\":\"https:\/\/www.pressenza.com\/wp-content\/uploads\/2022\/07\/Nuovi_imperi.jpg\",\"keywords\":[\"Barbaren\",\"Historischer Prozess\",\"Imperium\",\"Krieg\",\"NATO\"],\"articleSection\":[\"Frieden und Abr\u00fcstung\",\"International\",\"Originalinhalt\"],\"inLanguage\":\"de\"},{\"@type\":\"WebPage\",\"@id\":\"https:\/\/www.pressenza.com\/de\/2022\/07\/neue-imperien-neue-barbaren\/\",\"url\":\"https:\/\/www.pressenza.com\/de\/2022\/07\/neue-imperien-neue-barbaren\/\",\"name\":\"Neue Imperien, neue Barbaren\",\"isPartOf\":{\"@id\":\"https:\/\/www.pressenza.com\/de\/#website\"},\"primaryImageOfPage\":{\"@id\":\"https:\/\/www.pressenza.com\/de\/2022\/07\/neue-imperien-neue-barbaren\/#primaryimage\"},\"image\":{\"@id\":\"https:\/\/www.pressenza.com\/de\/2022\/07\/neue-imperien-neue-barbaren\/#primaryimage\"},\"thumbnailUrl\":\"https:\/\/www.pressenza.com\/wp-content\/uploads\/2022\/07\/Nuovi_imperi.jpg\",\"datePublished\":\"2022-07-18T15:07:05+00:00\",\"dateModified\":\"2022-07-18T15:15:17+00:00\",\"description\":\"Der Gedanke, dass es notwendig ist, sich gegen die Aggression eher unzivilisierter V\u00f6lker zu verteidigen, die die eigene Welt bedrohen, ist in unserer\",\"breadcrumb\":{\"@id\":\"https:\/\/www.pressenza.com\/de\/2022\/07\/neue-imperien-neue-barbaren\/#breadcrumb\"},\"inLanguage\":\"de\",\"potentialAction\":[{\"@type\":\"ReadAction\",\"target\":[\"https:\/\/www.pressenza.com\/de\/2022\/07\/neue-imperien-neue-barbaren\/\"]}]},{\"@type\":\"ImageObject\",\"inLanguage\":\"de\",\"@id\":\"https:\/\/www.pressenza.com\/de\/2022\/07\/neue-imperien-neue-barbaren\/#primaryimage\",\"url\":\"https:\/\/www.pressenza.com\/wp-content\/uploads\/2022\/07\/Nuovi_imperi.jpg\",\"contentUrl\":\"https:\/\/www.pressenza.com\/wp-content\/uploads\/2022\/07\/Nuovi_imperi.jpg\",\"width\":1417,\"height\":827,\"caption\":\"Neue Imperien, neue Barbaren\"},{\"@type\":\"BreadcrumbList\",\"@id\":\"https:\/\/www.pressenza.com\/de\/2022\/07\/neue-imperien-neue-barbaren\/#breadcrumb\",\"itemListElement\":[{\"@type\":\"ListItem\",\"position\":1,\"name\":\"Accueil\",\"item\":\"https:\/\/www.pressenza.com\/de\/\"},{\"@type\":\"ListItem\",\"position\":2,\"name\":\"Neue Imperien, neue Barbaren\"}]},{\"@type\":\"WebSite\",\"@id\":\"https:\/\/www.pressenza.com\/de\/#website\",\"url\":\"https:\/\/www.pressenza.com\/de\/\",\"name\":\"Pressenza\",\"description\":\"International Press Agency\",\"publisher\":{\"@id\":\"https:\/\/www.pressenza.com\/de\/#organization\"},\"potentialAction\":[{\"@type\":\"SearchAction\",\"target\":{\"@type\":\"EntryPoint\",\"urlTemplate\":\"https:\/\/www.pressenza.com\/de\/?s={search_term_string}\"},\"query-input\":{\"@type\":\"PropertyValueSpecification\",\"valueRequired\":true,\"valueName\":\"search_term_string\"}}],\"inLanguage\":\"de\"},{\"@type\":\"Organization\",\"@id\":\"https:\/\/www.pressenza.com\/de\/#organization\",\"name\":\"Pressenza\",\"url\":\"https:\/\/www.pressenza.com\/de\/\",\"logo\":{\"@type\":\"ImageObject\",\"inLanguage\":\"de\",\"@id\":\"https:\/\/www.pressenza.com\/de\/#\/schema\/logo\/image\/\",\"url\":\"https:\/\/www.pressenza.com\/wp-content\/uploads\/2022\/10\/pressenza_logo_200x200.jpg\",\"contentUrl\":\"https:\/\/www.pressenza.com\/wp-content\/uploads\/2022\/10\/pressenza_logo_200x200.jpg\",\"width\":200,\"height\":200,\"caption\":\"Pressenza\"},\"image\":{\"@id\":\"https:\/\/www.pressenza.com\/de\/#\/schema\/logo\/image\/\"},\"sameAs\":[\"https:\/\/www.facebook.com\/PressenzaItalia\",\"https:\/\/x.com\/PressenzaIPA\"]},{\"@type\":\"Person\",\"@id\":\"https:\/\/www.pressenza.com\/de\/#\/schema\/person\/a960a95828df61811b50008db91df31a\",\"name\":\"Gerardo Femina\",\"description\":\"Former president of the Community for Human Development in Italy, engaged in social, political and cultural activity. For 20 years he has lived in Prague, where he was among the promoters of the campaign \\\"Europe for Peace\\\" and the protest against the so-called Missile Shield, that the United States wanted to install in the Czech Republic. He writes about politics and social matters. In recent years he has dedicated himself to the construction of the Park of Study and Reflection in the Czech Republic.\",\"url\":\"https:\/\/www.pressenza.com\/de\/author\/gerardo-femina\/\"}]}<\/script>\n<!-- \/ Yoast SEO plugin. -->","yoast_head_json":{"title":"Neue Imperien, neue Barbaren","description":"Der Gedanke, dass es notwendig ist, sich gegen die Aggression eher unzivilisierter V\u00f6lker zu verteidigen, die die eigene Welt bedrohen, ist in unserer","robots":{"index":"index","follow":"follow","max-snippet":"max-snippet:-1","max-image-preview":"max-image-preview:large","max-video-preview":"max-video-preview:-1"},"canonical":"https:\/\/www.pressenza.com\/de\/2022\/07\/neue-imperien-neue-barbaren\/","og_locale":"de_DE","og_type":"article","og_title":"Neue Imperien, neue Barbaren","og_description":"Der Gedanke, dass es notwendig ist, sich gegen die Aggression eher unzivilisierter V\u00f6lker zu verteidigen, die die eigene Welt bedrohen, ist in unserer","og_url":"https:\/\/www.pressenza.com\/de\/2022\/07\/neue-imperien-neue-barbaren\/","og_site_name":"Pressenza","article_publisher":"https:\/\/www.facebook.com\/PressenzaItalia","article_published_time":"2022-07-18T15:07:05+00:00","article_modified_time":"2022-07-18T15:15:17+00:00","og_image":[{"width":1417,"height":827,"url":"https:\/\/www.pressenza.com\/wp-content\/uploads\/2022\/07\/Nuovi_imperi.jpg","type":"image\/jpeg"}],"author":"Gerardo Femina","twitter_card":"summary_large_image","twitter_creator":"@PressenzaIPA","twitter_site":"@PressenzaIPA","twitter_misc":{"Verfasst von":"Gerardo Femina","Gesch\u00e4tzte Lesezeit":"3\u00a0Minuten"},"schema":{"@context":"https:\/\/schema.org","@graph":[{"@type":"Article","@id":"https:\/\/www.pressenza.com\/de\/2022\/07\/neue-imperien-neue-barbaren\/#article","isPartOf":{"@id":"https:\/\/www.pressenza.com\/de\/2022\/07\/neue-imperien-neue-barbaren\/"},"author":{"name":"Gerardo Femina","@id":"https:\/\/www.pressenza.com\/de\/#\/schema\/person\/a960a95828df61811b50008db91df31a"},"headline":"Neue Imperien, neue Barbaren","datePublished":"2022-07-18T15:07:05+00:00","dateModified":"2022-07-18T15:15:17+00:00","mainEntityOfPage":{"@id":"https:\/\/www.pressenza.com\/de\/2022\/07\/neue-imperien-neue-barbaren\/"},"wordCount":643,"publisher":{"@id":"https:\/\/www.pressenza.com\/de\/#organization"},"image":{"@id":"https:\/\/www.pressenza.com\/de\/2022\/07\/neue-imperien-neue-barbaren\/#primaryimage"},"thumbnailUrl":"https:\/\/www.pressenza.com\/wp-content\/uploads\/2022\/07\/Nuovi_imperi.jpg","keywords":["Barbaren","Historischer Prozess","Imperium","Krieg","NATO"],"articleSection":["Frieden und Abr\u00fcstung","International","Originalinhalt"],"inLanguage":"de"},{"@type":"WebPage","@id":"https:\/\/www.pressenza.com\/de\/2022\/07\/neue-imperien-neue-barbaren\/","url":"https:\/\/www.pressenza.com\/de\/2022\/07\/neue-imperien-neue-barbaren\/","name":"Neue Imperien, neue Barbaren","isPartOf":{"@id":"https:\/\/www.pressenza.com\/de\/#website"},"primaryImageOfPage":{"@id":"https:\/\/www.pressenza.com\/de\/2022\/07\/neue-imperien-neue-barbaren\/#primaryimage"},"image":{"@id":"https:\/\/www.pressenza.com\/de\/2022\/07\/neue-imperien-neue-barbaren\/#primaryimage"},"thumbnailUrl":"https:\/\/www.pressenza.com\/wp-content\/uploads\/2022\/07\/Nuovi_imperi.jpg","datePublished":"2022-07-18T15:07:05+00:00","dateModified":"2022-07-18T15:15:17+00:00","description":"Der Gedanke, dass es notwendig ist, sich gegen die Aggression eher unzivilisierter V\u00f6lker zu verteidigen, die die eigene Welt bedrohen, ist in unserer","breadcrumb":{"@id":"https:\/\/www.pressenza.com\/de\/2022\/07\/neue-imperien-neue-barbaren\/#breadcrumb"},"inLanguage":"de","potentialAction":[{"@type":"ReadAction","target":["https:\/\/www.pressenza.com\/de\/2022\/07\/neue-imperien-neue-barbaren\/"]}]},{"@type":"ImageObject","inLanguage":"de","@id":"https:\/\/www.pressenza.com\/de\/2022\/07\/neue-imperien-neue-barbaren\/#primaryimage","url":"https:\/\/www.pressenza.com\/wp-content\/uploads\/2022\/07\/Nuovi_imperi.jpg","contentUrl":"https:\/\/www.pressenza.com\/wp-content\/uploads\/2022\/07\/Nuovi_imperi.jpg","width":1417,"height":827,"caption":"Neue Imperien, neue Barbaren"},{"@type":"BreadcrumbList","@id":"https:\/\/www.pressenza.com\/de\/2022\/07\/neue-imperien-neue-barbaren\/#breadcrumb","itemListElement":[{"@type":"ListItem","position":1,"name":"Accueil","item":"https:\/\/www.pressenza.com\/de\/"},{"@type":"ListItem","position":2,"name":"Neue Imperien, neue Barbaren"}]},{"@type":"WebSite","@id":"https:\/\/www.pressenza.com\/de\/#website","url":"https:\/\/www.pressenza.com\/de\/","name":"Pressenza","description":"International Press Agency","publisher":{"@id":"https:\/\/www.pressenza.com\/de\/#organization"},"potentialAction":[{"@type":"SearchAction","target":{"@type":"EntryPoint","urlTemplate":"https:\/\/www.pressenza.com\/de\/?s={search_term_string}"},"query-input":{"@type":"PropertyValueSpecification","valueRequired":true,"valueName":"search_term_string"}}],"inLanguage":"de"},{"@type":"Organization","@id":"https:\/\/www.pressenza.com\/de\/#organization","name":"Pressenza","url":"https:\/\/www.pressenza.com\/de\/","logo":{"@type":"ImageObject","inLanguage":"de","@id":"https:\/\/www.pressenza.com\/de\/#\/schema\/logo\/image\/","url":"https:\/\/www.pressenza.com\/wp-content\/uploads\/2022\/10\/pressenza_logo_200x200.jpg","contentUrl":"https:\/\/www.pressenza.com\/wp-content\/uploads\/2022\/10\/pressenza_logo_200x200.jpg","width":200,"height":200,"caption":"Pressenza"},"image":{"@id":"https:\/\/www.pressenza.com\/de\/#\/schema\/logo\/image\/"},"sameAs":["https:\/\/www.facebook.com\/PressenzaItalia","https:\/\/x.com\/PressenzaIPA"]},{"@type":"Person","@id":"https:\/\/www.pressenza.com\/de\/#\/schema\/person\/a960a95828df61811b50008db91df31a","name":"Gerardo Femina","description":"Former president of the Community for Human Development in Italy, engaged in social, political and cultural activity. For 20 years he has lived in Prague, where he was among the promoters of the campaign \"Europe for Peace\" and the protest against the so-called Missile Shield, that the United States wanted to install in the Czech Republic. He writes about politics and social matters. In recent years he has dedicated himself to the construction of the Park of Study and Reflection in the Czech Republic.","url":"https:\/\/www.pressenza.com\/de\/author\/gerardo-femina\/"}]}},"place":"","original_article_url":"","_links":{"self":[{"href":"https:\/\/www.pressenza.com\/de\/wp-json\/wp\/v2\/posts\/1626149","targetHints":{"allow":["GET"]}}],"collection":[{"href":"https:\/\/www.pressenza.com\/de\/wp-json\/wp\/v2\/posts"}],"about":[{"href":"https:\/\/www.pressenza.com\/de\/wp-json\/wp\/v2\/types\/post"}],"author":[{"embeddable":true,"href":"https:\/\/www.pressenza.com\/de\/wp-json\/wp\/v2\/users\/995"}],"replies":[{"embeddable":true,"href":"https:\/\/www.pressenza.com\/de\/wp-json\/wp\/v2\/comments?post=1626149"}],"version-history":[{"count":0,"href":"https:\/\/www.pressenza.com\/de\/wp-json\/wp\/v2\/posts\/1626149\/revisions"}],"wp:featuredmedia":[{"embeddable":true,"href":"https:\/\/www.pressenza.com\/de\/wp-json\/wp\/v2\/media\/1624095"}],"wp:attachment":[{"href":"https:\/\/www.pressenza.com\/de\/wp-json\/wp\/v2\/media?parent=1626149"}],"wp:term":[{"taxonomy":"category","embeddable":true,"href":"https:\/\/www.pressenza.com\/de\/wp-json\/wp\/v2\/categories?post=1626149"},{"taxonomy":"post_tag","embeddable":true,"href":"https:\/\/www.pressenza.com\/de\/wp-json\/wp\/v2\/tags?post=1626149"}],"curies":[{"name":"wp","href":"https:\/\/api.w.org\/{rel}","templated":true}]}}