{"id":162512,"date":"2015-02-12T16:14:14","date_gmt":"2015-02-12T16:14:14","guid":{"rendered":"http:\/\/www.pressenza.com\/?p=162512"},"modified":"2015-02-12T16:14:42","modified_gmt":"2015-02-12T16:14:42","slug":"neues-fluchtlingsdrama-vor-lampedusa-als-folge-europaischer-vogel-strauss-politik","status":"publish","type":"post","link":"https:\/\/www.pressenza.com\/de\/2015\/02\/neues-fluchtlingsdrama-vor-lampedusa-als-folge-europaischer-vogel-strauss-politik\/","title":{"rendered":"Neues Fl\u00fcchtlingsdrama vor Lampedusa als Folge europ\u00e4ischer Vogel-Strauss-Politik"},"content":{"rendered":"<p><strong>Vermutlich 300 Menschen sind innert zweier Tage vor Lampedusa ertrunken und somit sind die schlimmsten Bef\u00fcrchtungen nach dem Ende von <em>Mare Nostrum<\/em> Realit\u00e4t geworden. Triton gen\u00fcgt nicht, Europa darf nicht l\u00e4nger den Kopf in den Sand stecken.\u00a0<\/strong><\/p>\n<p>John Dalhuisen, Direktor f\u00fcr Europa und Zentralasien bei Amnesty International, ist ersch\u00fcttert: Die schlimmsten Prophezeiungen im Zusammenhang mit dem Ende der Operation \u00ab<em>Mare Nostrum<\/em>\u00bb und der fehlenden Bereitschaft Europas, f\u00fcr einen ad\u00e4quaten Ersatz zu sorgen, seien mit dieser j\u00fcngsten Trag\u00f6die in Erf\u00fcllung gegangen.<\/p>\n<p>\u00abDie humanit\u00e4re Krise, auf die Italien mit <em>Mare Nostrum<\/em> antwortet, ist nicht vorbei. Die Menschen fliehen weiterhin vor Krieg und Verfolgung. Die europ\u00e4ischen L\u00e4nder d\u00fcrfen nicht l\u00e4nger den Kopf in den Sand stecken und zuschauen, wie Hunderte Menschen im Meer sterben.\u00bb<\/p>\n<p>Die Konsequenzen nach dem Ende von <em>Mare Nostrum<\/em> waren voraussehbar, kritisiert Amnesty International. Die als deren Ersatz verk\u00fcndete Operation Triton ist nicht auf Suche und Rettung ausgerichtet, ist nicht routinem\u00e4ssig auf internationalen Gew\u00e4ssern unterwegs, und hat deutlich geringere Ausmasse.<\/p>\n<p>\u00abEs ist eine simple Gleichung\u00bb, sagt John Dalhuisen von Amnesty International: \u00abWenn immer mehr Leute die gef\u00e4hrliche Mittelmeerroute w\u00e4hlen, w\u00e4hrend gleichzeitig weniger Ressourcen f\u00fcr die Such- und Rettungsaktionen aufgewendet werden, steigt die Zahl der Toten und wird weiter steigen.\u00bb<\/p>\n<p>Amnesty International fordert von den europ\u00e4ischen Staaten und der Schweiz seit langem, sich an wirkungsvollen Massnahmen f\u00fcr die Rettung von Menschen, die auf dem Mittelmeer in Seenot geraten, zu beteiligen. Auch m\u00fcssen endlich sichere und legale Zugangswege nach Europa geschaffen werden, damit Fl\u00fcchtlinge und Migrantinnen nicht gezwungen werden, auf gef\u00e4hrlichen Routen zu reisen.<\/p>\n<p><em>Link zur <a href=\"http:\/\/www.amnesty.ch\/de\/themen\/asyl-migration\/europa\/dok\/2014\/aktion-sos-europa\">Online-Petition<\/a><\/em><\/p>\n","protected":false},"excerpt":{"rendered":"<p>Vermutlich 300 Menschen sind innert zweier Tage vor Lampedusa ertrunken und somit sind die schlimmsten Bef\u00fcrchtungen nach dem Ende von Mare Nostrum Realit\u00e4t geworden. Triton gen\u00fcgt nicht, Europa darf nicht l\u00e4nger den Kopf in den Sand stecken.\u00a0 John Dalhuisen, Direktor&hellip;<\/p>\n","protected":false},"author":432,"featured_media":162515,"comment_status":"closed","ping_status":"open","sticky":false,"template":"","format":"standard","meta":{"footnotes":""},"categories":[9150,7835,9161,9145],"tags":[13412,16004,13167],"class_list":["post-162512","post","type-post","status-publish","format-standard","has-post-thumbnail","hentry","category-europa-de","category-international-de","category-menschenrechte","category-pressemitteilungen","tag-eu-fluechtlingspolitik","tag-lampedusa-de","tag-mare-nostrum-de"],"yoast_head":"<!-- This site is optimized with the Yoast SEO plugin v27.1.1 - https:\/\/yoast.com\/product\/yoast-seo-wordpress\/ -->\n<title>Neues Fl\u00fcchtlingsdrama vor Lampedusa als Folge europ\u00e4ischer Vogel-Strauss-Politik<\/title>\n<meta name=\"description\" content=\"Vermutlich 300 Menschen sind innert zweier Tage vor Lampedusa ertrunken und somit sind die schlimmsten Bef\u00fcrchtungen nach dem Ende von Mare Nostrum\" \/>\n<meta name=\"robots\" content=\"index, follow, max-snippet:-1, max-image-preview:large, max-video-preview:-1\" \/>\n<link rel=\"canonical\" href=\"https:\/\/www.pressenza.com\/de\/2015\/02\/neues-fluchtlingsdrama-vor-lampedusa-als-folge-europaischer-vogel-strauss-politik\/\" \/>\n<meta property=\"og:locale\" content=\"de_DE\" \/>\n<meta property=\"og:type\" content=\"article\" \/>\n<meta property=\"og:title\" content=\"Neues Fl\u00fcchtlingsdrama vor Lampedusa als Folge europ\u00e4ischer Vogel-Strauss-Politik\" \/>\n<meta property=\"og:description\" content=\"Vermutlich 300 Menschen sind innert zweier Tage vor Lampedusa ertrunken und somit sind die schlimmsten Bef\u00fcrchtungen nach dem Ende von Mare Nostrum\" \/>\n<meta property=\"og:url\" content=\"https:\/\/www.pressenza.com\/de\/2015\/02\/neues-fluchtlingsdrama-vor-lampedusa-als-folge-europaischer-vogel-strauss-politik\/\" \/>\n<meta property=\"og:site_name\" content=\"Pressenza\" \/>\n<meta property=\"article:publisher\" content=\"https:\/\/www.facebook.com\/PressenzaItalia\" \/>\n<meta property=\"article:author\" content=\"https:\/\/www.facebook.com\/amnestyglobal\" \/>\n<meta property=\"article:published_time\" content=\"2015-02-12T16:14:14+00:00\" \/>\n<meta property=\"article:modified_time\" content=\"2015-02-12T16:14:42+00:00\" \/>\n<meta property=\"og:image\" content=\"https:\/\/www.pressenza.com\/wp-content\/uploads\/2015\/02\/0e395a66-6b65-46b0-8893-529f14310ae8.jpeg\" \/>\n\t<meta property=\"og:image:width\" content=\"512\" \/>\n\t<meta property=\"og:image:height\" content=\"268\" \/>\n\t<meta property=\"og:image:type\" content=\"image\/jpeg\" \/>\n<meta name=\"author\" content=\"Amnesty International\" \/>\n<meta name=\"twitter:card\" content=\"summary_large_image\" \/>\n<meta name=\"twitter:creator\" content=\"@amnesty\" \/>\n<meta name=\"twitter:site\" content=\"@PressenzaIPA\" \/>\n<meta name=\"twitter:label1\" content=\"Verfasst von\" \/>\n\t<meta name=\"twitter:data1\" content=\"Amnesty International\" \/>\n\t<meta name=\"twitter:label2\" content=\"Gesch\u00e4tzte Lesezeit\" \/>\n\t<meta name=\"twitter:data2\" content=\"1\u00a0Minute\" \/>\n<script type=\"application\/ld+json\" class=\"yoast-schema-graph\">{\"@context\":\"https:\/\/schema.org\",\"@graph\":[{\"@type\":\"Article\",\"@id\":\"https:\/\/www.pressenza.com\/de\/2015\/02\/neues-fluchtlingsdrama-vor-lampedusa-als-folge-europaischer-vogel-strauss-politik\/#article\",\"isPartOf\":{\"@id\":\"https:\/\/www.pressenza.com\/de\/2015\/02\/neues-fluchtlingsdrama-vor-lampedusa-als-folge-europaischer-vogel-strauss-politik\/\"},\"author\":{\"name\":\"Amnesty International\",\"@id\":\"https:\/\/www.pressenza.com\/de\/#\/schema\/person\/9b981b05c7ecf09292e6acb3223b2d9d\"},\"headline\":\"Neues Fl\u00fcchtlingsdrama vor Lampedusa als Folge europ\u00e4ischer Vogel-Strauss-Politik\",\"datePublished\":\"2015-02-12T16:14:14+00:00\",\"dateModified\":\"2015-02-12T16:14:42+00:00\",\"mainEntityOfPage\":{\"@id\":\"https:\/\/www.pressenza.com\/de\/2015\/02\/neues-fluchtlingsdrama-vor-lampedusa-als-folge-europaischer-vogel-strauss-politik\/\"},\"wordCount\":292,\"publisher\":{\"@id\":\"https:\/\/www.pressenza.com\/de\/#organization\"},\"image\":{\"@id\":\"https:\/\/www.pressenza.com\/de\/2015\/02\/neues-fluchtlingsdrama-vor-lampedusa-als-folge-europaischer-vogel-strauss-politik\/#primaryimage\"},\"thumbnailUrl\":\"https:\/\/www.pressenza.com\/wp-content\/uploads\/2015\/02\/0e395a66-6b65-46b0-8893-529f14310ae8.jpeg\",\"keywords\":[\"EU Fl\u00fcchtlingspolitik\",\"Lampedusa\",\"Mare Nostrum\"],\"articleSection\":[\"Europa\",\"International\",\"Menschenrechte\",\"Pressemitteilungen\"],\"inLanguage\":\"de\"},{\"@type\":\"WebPage\",\"@id\":\"https:\/\/www.pressenza.com\/de\/2015\/02\/neues-fluchtlingsdrama-vor-lampedusa-als-folge-europaischer-vogel-strauss-politik\/\",\"url\":\"https:\/\/www.pressenza.com\/de\/2015\/02\/neues-fluchtlingsdrama-vor-lampedusa-als-folge-europaischer-vogel-strauss-politik\/\",\"name\":\"Neues Fl\u00fcchtlingsdrama vor Lampedusa als Folge europ\u00e4ischer Vogel-Strauss-Politik\",\"isPartOf\":{\"@id\":\"https:\/\/www.pressenza.com\/de\/#website\"},\"primaryImageOfPage\":{\"@id\":\"https:\/\/www.pressenza.com\/de\/2015\/02\/neues-fluchtlingsdrama-vor-lampedusa-als-folge-europaischer-vogel-strauss-politik\/#primaryimage\"},\"image\":{\"@id\":\"https:\/\/www.pressenza.com\/de\/2015\/02\/neues-fluchtlingsdrama-vor-lampedusa-als-folge-europaischer-vogel-strauss-politik\/#primaryimage\"},\"thumbnailUrl\":\"https:\/\/www.pressenza.com\/wp-content\/uploads\/2015\/02\/0e395a66-6b65-46b0-8893-529f14310ae8.jpeg\",\"datePublished\":\"2015-02-12T16:14:14+00:00\",\"dateModified\":\"2015-02-12T16:14:42+00:00\",\"description\":\"Vermutlich 300 Menschen sind innert zweier Tage vor Lampedusa ertrunken und somit sind die schlimmsten Bef\u00fcrchtungen nach dem Ende von Mare Nostrum\",\"breadcrumb\":{\"@id\":\"https:\/\/www.pressenza.com\/de\/2015\/02\/neues-fluchtlingsdrama-vor-lampedusa-als-folge-europaischer-vogel-strauss-politik\/#breadcrumb\"},\"inLanguage\":\"de\",\"potentialAction\":[{\"@type\":\"ReadAction\",\"target\":[\"https:\/\/www.pressenza.com\/de\/2015\/02\/neues-fluchtlingsdrama-vor-lampedusa-als-folge-europaischer-vogel-strauss-politik\/\"]}]},{\"@type\":\"ImageObject\",\"inLanguage\":\"de\",\"@id\":\"https:\/\/www.pressenza.com\/de\/2015\/02\/neues-fluchtlingsdrama-vor-lampedusa-als-folge-europaischer-vogel-strauss-politik\/#primaryimage\",\"url\":\"https:\/\/www.pressenza.com\/wp-content\/uploads\/2015\/02\/0e395a66-6b65-46b0-8893-529f14310ae8.jpeg\",\"contentUrl\":\"https:\/\/www.pressenza.com\/wp-content\/uploads\/2015\/02\/0e395a66-6b65-46b0-8893-529f14310ae8.jpeg\",\"width\":512,\"height\":268},{\"@type\":\"BreadcrumbList\",\"@id\":\"https:\/\/www.pressenza.com\/de\/2015\/02\/neues-fluchtlingsdrama-vor-lampedusa-als-folge-europaischer-vogel-strauss-politik\/#breadcrumb\",\"itemListElement\":[{\"@type\":\"ListItem\",\"position\":1,\"name\":\"Accueil\",\"item\":\"https:\/\/www.pressenza.com\/de\/\"},{\"@type\":\"ListItem\",\"position\":2,\"name\":\"Neues Fl\u00fcchtlingsdrama vor Lampedusa als Folge europ\u00e4ischer Vogel-Strauss-Politik\"}]},{\"@type\":\"WebSite\",\"@id\":\"https:\/\/www.pressenza.com\/de\/#website\",\"url\":\"https:\/\/www.pressenza.com\/de\/\",\"name\":\"Pressenza\",\"description\":\"International Press Agency\",\"publisher\":{\"@id\":\"https:\/\/www.pressenza.com\/de\/#organization\"},\"potentialAction\":[{\"@type\":\"SearchAction\",\"target\":{\"@type\":\"EntryPoint\",\"urlTemplate\":\"https:\/\/www.pressenza.com\/de\/?s={search_term_string}\"},\"query-input\":{\"@type\":\"PropertyValueSpecification\",\"valueRequired\":true,\"valueName\":\"search_term_string\"}}],\"inLanguage\":\"de\"},{\"@type\":\"Organization\",\"@id\":\"https:\/\/www.pressenza.com\/de\/#organization\",\"name\":\"Pressenza\",\"url\":\"https:\/\/www.pressenza.com\/de\/\",\"logo\":{\"@type\":\"ImageObject\",\"inLanguage\":\"de\",\"@id\":\"https:\/\/www.pressenza.com\/de\/#\/schema\/logo\/image\/\",\"url\":\"https:\/\/www.pressenza.com\/wp-content\/uploads\/2022\/10\/pressenza_logo_200x200.jpg\",\"contentUrl\":\"https:\/\/www.pressenza.com\/wp-content\/uploads\/2022\/10\/pressenza_logo_200x200.jpg\",\"width\":200,\"height\":200,\"caption\":\"Pressenza\"},\"image\":{\"@id\":\"https:\/\/www.pressenza.com\/de\/#\/schema\/logo\/image\/\"},\"sameAs\":[\"https:\/\/www.facebook.com\/PressenzaItalia\",\"https:\/\/x.com\/PressenzaIPA\"]},{\"@type\":\"Person\",\"@id\":\"https:\/\/www.pressenza.com\/de\/#\/schema\/person\/9b981b05c7ecf09292e6acb3223b2d9d\",\"name\":\"Amnesty International\",\"description\":\"Amnesty International is a global movement of more than 3 million supporters, members and activists in over 150 countries and territories who campaign to end grave abuses of human rights. Our vision is for every person to enjoy all the rights enshrined in the Universal Declaration of Human Rights and other international human rights standards. www.amnesty.org\",\"sameAs\":[\"http:\/\/www.amnesty.it\",\"https:\/\/www.facebook.com\/amnestyglobal\",\"https:\/\/x.com\/amnesty\"],\"url\":\"https:\/\/www.pressenza.com\/de\/author\/amnesty-international\/\"}]}<\/script>\n<!-- \/ Yoast SEO plugin. -->","yoast_head_json":{"title":"Neues Fl\u00fcchtlingsdrama vor Lampedusa als Folge europ\u00e4ischer Vogel-Strauss-Politik","description":"Vermutlich 300 Menschen sind innert zweier Tage vor Lampedusa ertrunken und somit sind die schlimmsten Bef\u00fcrchtungen nach dem Ende von Mare Nostrum","robots":{"index":"index","follow":"follow","max-snippet":"max-snippet:-1","max-image-preview":"max-image-preview:large","max-video-preview":"max-video-preview:-1"},"canonical":"https:\/\/www.pressenza.com\/de\/2015\/02\/neues-fluchtlingsdrama-vor-lampedusa-als-folge-europaischer-vogel-strauss-politik\/","og_locale":"de_DE","og_type":"article","og_title":"Neues Fl\u00fcchtlingsdrama vor Lampedusa als Folge europ\u00e4ischer Vogel-Strauss-Politik","og_description":"Vermutlich 300 Menschen sind innert zweier Tage vor Lampedusa ertrunken und somit sind die schlimmsten Bef\u00fcrchtungen nach dem Ende von Mare Nostrum","og_url":"https:\/\/www.pressenza.com\/de\/2015\/02\/neues-fluchtlingsdrama-vor-lampedusa-als-folge-europaischer-vogel-strauss-politik\/","og_site_name":"Pressenza","article_publisher":"https:\/\/www.facebook.com\/PressenzaItalia","article_author":"https:\/\/www.facebook.com\/amnestyglobal","article_published_time":"2015-02-12T16:14:14+00:00","article_modified_time":"2015-02-12T16:14:42+00:00","og_image":[{"width":512,"height":268,"url":"https:\/\/www.pressenza.com\/wp-content\/uploads\/2015\/02\/0e395a66-6b65-46b0-8893-529f14310ae8.jpeg","type":"image\/jpeg"}],"author":"Amnesty International","twitter_card":"summary_large_image","twitter_creator":"@amnesty","twitter_site":"@PressenzaIPA","twitter_misc":{"Verfasst von":"Amnesty International","Gesch\u00e4tzte Lesezeit":"1\u00a0Minute"},"schema":{"@context":"https:\/\/schema.org","@graph":[{"@type":"Article","@id":"https:\/\/www.pressenza.com\/de\/2015\/02\/neues-fluchtlingsdrama-vor-lampedusa-als-folge-europaischer-vogel-strauss-politik\/#article","isPartOf":{"@id":"https:\/\/www.pressenza.com\/de\/2015\/02\/neues-fluchtlingsdrama-vor-lampedusa-als-folge-europaischer-vogel-strauss-politik\/"},"author":{"name":"Amnesty International","@id":"https:\/\/www.pressenza.com\/de\/#\/schema\/person\/9b981b05c7ecf09292e6acb3223b2d9d"},"headline":"Neues Fl\u00fcchtlingsdrama vor Lampedusa als Folge europ\u00e4ischer Vogel-Strauss-Politik","datePublished":"2015-02-12T16:14:14+00:00","dateModified":"2015-02-12T16:14:42+00:00","mainEntityOfPage":{"@id":"https:\/\/www.pressenza.com\/de\/2015\/02\/neues-fluchtlingsdrama-vor-lampedusa-als-folge-europaischer-vogel-strauss-politik\/"},"wordCount":292,"publisher":{"@id":"https:\/\/www.pressenza.com\/de\/#organization"},"image":{"@id":"https:\/\/www.pressenza.com\/de\/2015\/02\/neues-fluchtlingsdrama-vor-lampedusa-als-folge-europaischer-vogel-strauss-politik\/#primaryimage"},"thumbnailUrl":"https:\/\/www.pressenza.com\/wp-content\/uploads\/2015\/02\/0e395a66-6b65-46b0-8893-529f14310ae8.jpeg","keywords":["EU Fl\u00fcchtlingspolitik","Lampedusa","Mare Nostrum"],"articleSection":["Europa","International","Menschenrechte","Pressemitteilungen"],"inLanguage":"de"},{"@type":"WebPage","@id":"https:\/\/www.pressenza.com\/de\/2015\/02\/neues-fluchtlingsdrama-vor-lampedusa-als-folge-europaischer-vogel-strauss-politik\/","url":"https:\/\/www.pressenza.com\/de\/2015\/02\/neues-fluchtlingsdrama-vor-lampedusa-als-folge-europaischer-vogel-strauss-politik\/","name":"Neues Fl\u00fcchtlingsdrama vor Lampedusa als Folge europ\u00e4ischer Vogel-Strauss-Politik","isPartOf":{"@id":"https:\/\/www.pressenza.com\/de\/#website"},"primaryImageOfPage":{"@id":"https:\/\/www.pressenza.com\/de\/2015\/02\/neues-fluchtlingsdrama-vor-lampedusa-als-folge-europaischer-vogel-strauss-politik\/#primaryimage"},"image":{"@id":"https:\/\/www.pressenza.com\/de\/2015\/02\/neues-fluchtlingsdrama-vor-lampedusa-als-folge-europaischer-vogel-strauss-politik\/#primaryimage"},"thumbnailUrl":"https:\/\/www.pressenza.com\/wp-content\/uploads\/2015\/02\/0e395a66-6b65-46b0-8893-529f14310ae8.jpeg","datePublished":"2015-02-12T16:14:14+00:00","dateModified":"2015-02-12T16:14:42+00:00","description":"Vermutlich 300 Menschen sind innert zweier Tage vor Lampedusa ertrunken und somit sind die schlimmsten Bef\u00fcrchtungen nach dem Ende von Mare Nostrum","breadcrumb":{"@id":"https:\/\/www.pressenza.com\/de\/2015\/02\/neues-fluchtlingsdrama-vor-lampedusa-als-folge-europaischer-vogel-strauss-politik\/#breadcrumb"},"inLanguage":"de","potentialAction":[{"@type":"ReadAction","target":["https:\/\/www.pressenza.com\/de\/2015\/02\/neues-fluchtlingsdrama-vor-lampedusa-als-folge-europaischer-vogel-strauss-politik\/"]}]},{"@type":"ImageObject","inLanguage":"de","@id":"https:\/\/www.pressenza.com\/de\/2015\/02\/neues-fluchtlingsdrama-vor-lampedusa-als-folge-europaischer-vogel-strauss-politik\/#primaryimage","url":"https:\/\/www.pressenza.com\/wp-content\/uploads\/2015\/02\/0e395a66-6b65-46b0-8893-529f14310ae8.jpeg","contentUrl":"https:\/\/www.pressenza.com\/wp-content\/uploads\/2015\/02\/0e395a66-6b65-46b0-8893-529f14310ae8.jpeg","width":512,"height":268},{"@type":"BreadcrumbList","@id":"https:\/\/www.pressenza.com\/de\/2015\/02\/neues-fluchtlingsdrama-vor-lampedusa-als-folge-europaischer-vogel-strauss-politik\/#breadcrumb","itemListElement":[{"@type":"ListItem","position":1,"name":"Accueil","item":"https:\/\/www.pressenza.com\/de\/"},{"@type":"ListItem","position":2,"name":"Neues Fl\u00fcchtlingsdrama vor Lampedusa als Folge europ\u00e4ischer Vogel-Strauss-Politik"}]},{"@type":"WebSite","@id":"https:\/\/www.pressenza.com\/de\/#website","url":"https:\/\/www.pressenza.com\/de\/","name":"Pressenza","description":"International Press Agency","publisher":{"@id":"https:\/\/www.pressenza.com\/de\/#organization"},"potentialAction":[{"@type":"SearchAction","target":{"@type":"EntryPoint","urlTemplate":"https:\/\/www.pressenza.com\/de\/?s={search_term_string}"},"query-input":{"@type":"PropertyValueSpecification","valueRequired":true,"valueName":"search_term_string"}}],"inLanguage":"de"},{"@type":"Organization","@id":"https:\/\/www.pressenza.com\/de\/#organization","name":"Pressenza","url":"https:\/\/www.pressenza.com\/de\/","logo":{"@type":"ImageObject","inLanguage":"de","@id":"https:\/\/www.pressenza.com\/de\/#\/schema\/logo\/image\/","url":"https:\/\/www.pressenza.com\/wp-content\/uploads\/2022\/10\/pressenza_logo_200x200.jpg","contentUrl":"https:\/\/www.pressenza.com\/wp-content\/uploads\/2022\/10\/pressenza_logo_200x200.jpg","width":200,"height":200,"caption":"Pressenza"},"image":{"@id":"https:\/\/www.pressenza.com\/de\/#\/schema\/logo\/image\/"},"sameAs":["https:\/\/www.facebook.com\/PressenzaItalia","https:\/\/x.com\/PressenzaIPA"]},{"@type":"Person","@id":"https:\/\/www.pressenza.com\/de\/#\/schema\/person\/9b981b05c7ecf09292e6acb3223b2d9d","name":"Amnesty International","description":"Amnesty International is a global movement of more than 3 million supporters, members and activists in over 150 countries and territories who campaign to end grave abuses of human rights. Our vision is for every person to enjoy all the rights enshrined in the Universal Declaration of Human Rights and other international human rights standards. www.amnesty.org","sameAs":["http:\/\/www.amnesty.it","https:\/\/www.facebook.com\/amnestyglobal","https:\/\/x.com\/amnesty"],"url":"https:\/\/www.pressenza.com\/de\/author\/amnesty-international\/"}]}},"place":"","original_article_url":"","_links":{"self":[{"href":"https:\/\/www.pressenza.com\/de\/wp-json\/wp\/v2\/posts\/162512","targetHints":{"allow":["GET"]}}],"collection":[{"href":"https:\/\/www.pressenza.com\/de\/wp-json\/wp\/v2\/posts"}],"about":[{"href":"https:\/\/www.pressenza.com\/de\/wp-json\/wp\/v2\/types\/post"}],"author":[{"embeddable":true,"href":"https:\/\/www.pressenza.com\/de\/wp-json\/wp\/v2\/users\/432"}],"replies":[{"embeddable":true,"href":"https:\/\/www.pressenza.com\/de\/wp-json\/wp\/v2\/comments?post=162512"}],"version-history":[{"count":0,"href":"https:\/\/www.pressenza.com\/de\/wp-json\/wp\/v2\/posts\/162512\/revisions"}],"wp:featuredmedia":[{"embeddable":true,"href":"https:\/\/www.pressenza.com\/de\/wp-json\/wp\/v2\/media\/162515"}],"wp:attachment":[{"href":"https:\/\/www.pressenza.com\/de\/wp-json\/wp\/v2\/media?parent=162512"}],"wp:term":[{"taxonomy":"category","embeddable":true,"href":"https:\/\/www.pressenza.com\/de\/wp-json\/wp\/v2\/categories?post=162512"},{"taxonomy":"post_tag","embeddable":true,"href":"https:\/\/www.pressenza.com\/de\/wp-json\/wp\/v2\/tags?post=162512"}],"curies":[{"name":"wp","href":"https:\/\/api.w.org\/{rel}","templated":true}]}}