{"id":1625050,"date":"2022-07-15T16:23:04","date_gmt":"2022-07-15T15:23:04","guid":{"rendered":"https:\/\/www.pressenza.com\/?p=1625050"},"modified":"2022-07-15T16:25:34","modified_gmt":"2022-07-15T15:25:34","slug":"antonio-carvallo-china-denkt-an-die-zukunft-waehrend-die-vereinigten-staaten-in-die-vergangenheit-zurueckkehren-wollen","status":"publish","type":"post","link":"https:\/\/www.pressenza.com\/de\/2022\/07\/antonio-carvallo-china-denkt-an-die-zukunft-waehrend-die-vereinigten-staaten-in-die-vergangenheit-zurueckkehren-wollen\/","title":{"rendered":"Antonio Carvallo: \u201eChina denkt an die Zukunft, w\u00e4hrend die Vereinigten Staaten in die Vergangenheit zur\u00fcckkehren wollen\u201c"},"content":{"rendered":"<p><strong>Der Streit um die weltweite Vorherrschaft, den wir erfahren, jagt uns Angst ein wegen der Gefahr des Einsatzes von Atomwaffen. Wir erkennen, dass es Machthaber gibt, die ziemlich unausgewogen sind und denen es an Einf\u00fchlungsverm\u00f6gen fehlt, und die dazu bereit sein k\u00f6nnten, sie zum Einsatz zu bringen.<\/strong><\/p>\n<p>Es gibt jedoch eine Karikierung, eine Verteufelung Chinas, eines Landes, das, obwohl es Handels \u2013 und Produktionsmethoden verfolgt, die sich nicht allzu sehr von denen des \u00fcbrigen Planeten unterscheiden, das aber andere Konzepte, andere Werte, eine andere Interpretation von Demokratie, Menschenrechten und dem, was es als Gemeinwohl betrachtet, hat.<\/p>\n<p>Diese Kollision zwischen der westlichen und der \u00f6stlichen Weltanschauung wird normalerweise in den Massenmedien sehr unzureichend analysiert, weshalb wir von Pressenza und begleitet von einem unserer f\u00fchrenden internationalen Analysten, Antonio Carvallo, sagen k\u00f6nnen, dass wir versuchen, ein wenig \u00fcber die Vorurteile und die Propaganda hinwegzusehen. Vielen Dank Antonio, dass du bei uns bist.<\/p>\n<p>Sch\u00f6n. Vielen Dank, Mariano, f\u00fcr die Einladung.<\/p>\n<p><strong><em>Ja, ich denke, es ist wichtig, dass wir \u00fcber diese Themen sprechen k\u00f6nnen und dein Standpunkt hilft uns immer, ein wenig \u00fcber den Tellerrand hinauszuschauen, manchmal ger\u00e4t man in eine Schublade und naja, manchmal muss sich au\u00dferhalb der Mauern bewegen.<\/em><\/strong><\/p>\n<p>Das passiert uns heutzutage allen, nicht wahr?<\/p>\n<p><strong><em>Ja, ja. Lasst uns damit anfangen, dem Ganzen eine Art Kontext zu geben. Lasst uns versuchen, dieses Makroszenario kurz zu beschreiben, in dem diese heftige Konfrontation zwischen China und den Vereinigten Staaten schon seit einigen Jahren andauert.<\/em><\/strong><\/p>\n<p>Nun, ich glaube, dass der gr\u00f6\u00dfere Rahmen der des Untergangs der Vereinigten Staaten als Supermacht, der Verlust ihrer Vorherrschaft ist; obwohl es sich nicht vollst\u00e4ndig als Imperium gebildet hat, weil China gewachsen ist seit es im Jahre 1948 ein unabh\u00e4ngiges Land wurde, als seine Revolution beendet war und die Regierung der Kommunistischen Partei sich etabliert hatte. Sie mussten bei Null anfangen, um China auf das 20. Jahrhundert auszurichten.<\/p>\n<p>Und dann schauten die Vereinigten Staaten w\u00e4hrend des ganzen Zeitraums auf es herab. Chinas Unterst\u00fctzung f\u00fcr Korea f\u00fchrte jedoch dazu, dass sie sich aus Korea zur\u00fcckzogen. Und dann aus Vietnam, und all ihre unterschiedlichen Abenteuer in Asien wurden durch die Macht und den Widerstand zur\u00fcckgedr\u00e4ngt, den China und die Sowjetunion zu dieser Zeit verk\u00f6rperten.<\/p>\n<p>Von da an haben sich die Vereinigten Staaten im R\u00fcckw\u00e4rtsgang bewegt, weil China in eine wirtschaftliche Entwicklungsphase von Wachstum und Konsolidierung seiner modernen Gesellschaft eingetreten ist, die historisch gesehen beispiellos ist, und das f\u00fchrte zu einer Ver\u00e4nderung der Beziehungen mit den traditionellen M\u00e4chten, haupts\u00e4chlich mit den Vereinigten Staaten und den Nachbildungen der Vereinigten Staaten in Europa und Japan.<\/p>\n<p>Vergiss nicht, dass die Vereinigten Staaten seit Ende des zweiten Weltkriegs stets eine Besatzungsmacht von ungef\u00e4hr 100.000 Soldaten in Europa unterhielten. Haupts\u00e4chlich in Deutschland, aber auch in anderen europ\u00e4ischen L\u00e4ndern. Eine andere \u00fcbrigens auch in Japan.<\/p>\n<p>Au\u00dferdem mussten die Europ\u00e4er weiterhin f\u00fcr den Marshallplan, f\u00fcr Kriegsreparationen und Entsch\u00e4digungen der USA aufkommen. Europa blieb untergeordnet. Die USA haben Anweisungen gegeben, weil sie diejenigen waren, die die NATO f\u00fchrten, und dies noch immer tun. Dieses Gremium war unter dem Vorwand, eine Verteidigungsorganisation zu sein, eine Art Stempel, den sie f\u00fcr ihre Legitimit\u00e4t benutzten, und um ihre anderen milit\u00e4rischen Abenteuer zu \u201elegalisieren\u201c, weil die R\u00fcstungsindustrie im Grunde genommen eine der Hauptausfuhrquellen f\u00fcr Amerika ist, wie wir sehr gut wissen.<\/p>\n<div id=\"attachment_1625071\" class=\"wp-caption aligncenter\"><img loading=\"lazy\" decoding=\"async\" aria-describedby=\"caption-attachment-1625071\" class=\"wp-image-1625071\" src=\"https:\/\/www.pressenza.com\/wp-content\/uploads\/2022\/07\/antonio.jpg\" alt=\"China denkt an die Zukunft, w\u00e4hrend die Vereinigten Staaten in die Vergangenheit zur\u00fcckkehren wollen\" width=\"823\" height=\"463\" srcset=\"https:\/\/www.pressenza.com\/wp-content\/uploads\/2022\/07\/antonio.jpg 757w, https:\/\/www.pressenza.com\/wp-content\/uploads\/2022\/07\/antonio-300x169.jpg 300w\" sizes=\"auto, (max-width: 823px) 100vw, 823px\" \/><p id=\"caption-attachment-1625071\" class=\"wp-caption-text\"><em>Antonio Carvallo<\/em><\/p><\/div>\n<p>In diesem Zusammenhang m\u00fcssen sie ihre Rolle in den verschiedenen Konflikten, die sie seit dem Ende des Kalten Krieges geschaffen haben, legitimieren. Dann kamen die Kriege im Nahen Osten und danach verschiedene Ma\u00dfnahmen, die du dir vorstellen kannst, immer mit amerikanischer Milit\u00e4rintervention, als M\u00f6glichkeit zur \u201eStabilisierung\u201c des Chaos, und nat\u00fcrlich zur Steigerung ihrer Waffenexporte.<\/p>\n<p><strong><em>Ich denke, dass Chinas Wachstum und seine Machtposition, besonders in Bezug auf den Handel, etwas ist, was zunehmend offenkundig wird hinsichtlich der Technologie, aber vielleicht ist der Niedergang der Vereinigten Staaten etwas, das manchmal unsichtbar bleibt, weil sie weiterhin die wichtigen Medien unter Kontrolle halten.<\/em><\/strong><\/p>\n<p>Und von den gro\u00dfen Mechanismen wie den Vereinten Nationen. Du hast gesehen wie beispielsweise Antonio Guterres bei all diesen Veranstaltungen \u00e4u\u00dferst z\u00f6gerlich war, weil sie alles unter ihrer Fuchtel haben, sie klopfen an deine T\u00fcr und sagen \u201eWenn du das nicht tust, wird es Konsequenzen haben,\u201c sie sind Tyrannen! Sie haben die internationalen Beziehungen bis dahin gebracht, und das machen sie gegenw\u00e4rtig mit der Europ\u00e4ischen Union, deshalb sieht man, dass die Regierungschefs der Europ\u00e4ischen Union B\u00fcrokraten sind, weil sie keine Volkswahlen gewonnen haben, keine ihrer Parteien hat irgendeine politische Verantwortung gegen\u00fcber der \u00d6ffentlichkeit. Sie sagen also die unglaublichsten Dinge wie Russophobie, was sie ist, wie man sie begr\u00fcnden kann, sie scheinen die Haltung zu legitimieren, die die westlichen Staaten und die USA gegen\u00fcber Russland eingenommen haben.<\/p>\n<p>Und nun, zur\u00fcck zum Thema, wir haben die Entwicklung Chinas ein wenig vernachl\u00e4ssigt, um kurzzeitig \u00fcber den Fall der Ukraine zu sprechen, denn das definiert die Beziehungen zwischen Russland und China und die Vereinbarung, die es gibt und die einen Widerstand gegen amerikanische Zwangsma\u00dfnahmen dargestellt hat. Es gibt also ein ganzer Machtkampf im Gange. Es gibt eine sehr alberne Phase, in der viele Erkl\u00e4rungen vor den Medien abgegeben werden, die wiederum die Nachrichten st\u00e4ndig verdrehen, indem sie Fake News hervorbringen, wie \u00fcberall, und alles wird vor dem Fernseher gemacht. Also, was Biden sagt oder was Putin oder der russische Au\u00dfenminister sagen. Dann, was die verschiedenen Chefs der Europ\u00e4ischen Union sagen, Ursula von der Leyen auf der einen Seite und anschlie\u00dfend erscheint noch ein anderer, der Chef des Rates, Charles Michel, der in Belgien ist, und dann gibt es den Minister f\u00fcr Beziehungen, Borrell, und die Staatschefs, soweit erforderlich, und sicherlich den NATO-Generalsekret\u00e4r Stoltenberg. Alle bekommen Sendezeit im Fernsehen und geben hetzerische und stets \u00e4u\u00dferst beleidigende Erkl\u00e4rungen und Androhungen auf sehr niedrigem Niveau ab, ohne auf die wesentlichen Punkte in Bezug auf Russland einzugehen.<\/p>\n<p>Russland f\u00fchrte diese Gespr\u00e4che seit Ende letzten Jahres, du erinnerst dich, es gab ein weiteres Gespr\u00e4ch im Radio, bei dem er sagte, dass es ein sehr ernstes Problem geben w\u00fcrde, falls sie weiter nach Osten r\u00fccken werden, denn es gab anhaltende NATO Vorst\u00f6\u00dfe in neue Staaten der ehemaligen UdSSR, die nun auf eigene Initiative Russlands unabh\u00e4ngig wurden, die Wiedervereinigung Deutschlands, eine Reihe von Ereignissen, die auf Treu und Glauben, gutem Willen und der Initiative der Perestroika-V\u00f6lker damals beruhten. Es ist nicht so, dass sie einen Befreiungskrieg f\u00fchren mussten, keiner von ihnen, Russland hat sie gehen lassen, weil die russische kommunistische Partei beschloss, die UdSSR aus eigener Initiative aufzul\u00f6sen, weil sie nicht mehr erfolgreich war, weil sie wirtschaftlich gesehen Probleme hatte und sie erkannt hatte, dass sich die Welt ver\u00e4ndert hatte und sie sich auf den neuen Zeitpunkt umstellen musste.<\/p>\n<p>Und da w\u00e4ren wir wieder beim Fall China. Es ist also ein bisschen so wie mit China, es durchlief Phasen in seiner inneren Entwicklung, w\u00e4hrend es sich innenpolitisch als Gesellschaft etablierte. Sie hat Menschen aus der Armut geholt, Bildungssysteme entwickelt, sich von einer elementaren Produktionst\u00e4tigkeit zu einer effektiven Technologieindustrie entwickelt, wie du zu Recht betont hast, und sie fing an, in Bereichen Fortschritte zu machen, die bereits einen scharfen Wettbewerb mit den europ\u00e4ischen Staaten und den USA darstellen.<\/p>\n<p>Deshalb hat der Westen begonnen anzumerken, dass China und Russland in Grenzen gehalten werden m\u00fcssen &#8211; was ist das f\u00fcr eine Sprache? Wir leben in einer Welt der Gleichen, der menschlichen Gesellschaften, die gleichwertig sind, die die gleichen Bed\u00fcrfnisse haben, die gleichen Voraussetzungen usw. Trotzdem gibt es diejenigen, die sagen, dass die anderen gez\u00fcgelt werden m\u00fcssen, sie sind wie Despoten, wie Tyrannen in der Grundschule, so etwas in der Art.<\/p>\n<p>Wenn man sich die Schlagworte der j\u00fcngsten Regierungschefs der Vereinigten Staaten betrachtet, benutzen sie den Leitspruch von Trump: \u201eWir m\u00fcssen wieder gro\u00dfartig werden\u201c, d.h. mit einem Gef\u00fchl von Nostalgie, dass es eine bestimmte Gro\u00dfartigkeit und Macht gibt, die die Vereinigten Staaten bereits verloren haben, und Trump als Kandidat ist dabei, sie ihnen zur\u00fcckzugeben. Mit anderen Worten, er wollte die Vergangenheit in die Gegenwart f\u00fchren, aber es ist nicht klar warum. Nun kommt dieser andere alte Mann daher, der schon senil ist, 79 Jahre alt, und meint: \u201eWir m\u00fcssen wieder besser werden, wir m\u00fcssen weitermachen, besser zu sein, besser mit widerstandsf\u00e4higeren Materialien usw., aber beide sind nostalgisch f\u00fcr die Vergangenheit und haben keine Vision f\u00fcr die Zukunft.<\/p>\n<p>Inzwischen denkt China nur noch an die Zukunft. Es sagt, gut, wir bauen \u00fcber die Seidenstra\u00dfe Investitionsbeziehungen in allen Teil der Welt auf, wir versuchen, einige unserer Erfahrungen einzubringen, und gleichzeitig die Rohstoffe sicherzustellen, die wir brauchen, denn wir sind eine sehr gro\u00dfe Bev\u00f6lkerung auf einem relativ kleinen Gebiet und wir m\u00f6chten mit der ganzen Welt in Verbindung stehen, aber nicht offensiv, nicht durch den Verkauf von Waffen und nicht durch das Sch\u00fcren von Konflikten, sondern durch Partnerschaften.<\/p>\n<p><strong><em>Selbstverst\u00e4ndlich scheint mir das der gro\u00dfe Unterschied zu sein, weil wir jahrzehntelang von den Vereinigten Staaten abh\u00e4ngig waren wegen ihrer W\u00e4hrung, ihrer brutalen Macht , die uns auch ein Lebensmodell aufgezwungen hat, und nun fangen wir an, auch von China eine gewisse Abh\u00e4ngigkeit zu entwickeln, weil es uns durch die Technologie gr\u00f6\u00dfere Entwicklungen liefern kann und oft mit ihnen ebenb\u00fcrtig ist, aber ohne die brutale Gewalt und mit der anderen kooperativeren Sache, das ist der subtile und enorme Unterschied.<\/em><\/strong><\/p>\n<p>Tats\u00e4chlich sind wir in der kommenden Welt so viele, wie wir sind, in dem Sinne, dass wir nach den meisten statistischen Quellen bis zum Ende dieses Jahres 8 Milliarden Menschen sein werden, wir werden immer mehr, nach 20 Jahren werden wir 10 Milliarden sein, das hei\u00dft, die Wechselbeziehung zwischen uns allen auf dem selben Gebiet des Planeten wird immer mehr voneinander abh\u00e4ngig sein. Wenn man also sagt, dass wir jetzt alle von China abh\u00e4ngig sind\u2026 Wir alle werden zwangsl\u00e4ufig aus dem einen oder anderen Grund voneinander abh\u00e4ngig sein, wie es bereits heute geschieht, aber es ist keine hegemoniale Abh\u00e4ngigkeit, es ist wie Abh\u00e4ngigkeit in einer Familiengruppe, in einer Arbeitsgruppe, in einem Verein, bei jeder menschlichen T\u00e4tigkeit. Niemand kann sich abkapseln, niemand kann die Bedingungen schaffen wie aus historischer Sicht, sehr kurz, sehr reduziert, die die Vereinigten Staaten seit Ende des Zweiten Weltkrieges ausnahmsweise genossen haben.<\/p>\n<p>Denn die gro\u00dfen Kolonialreiche der Vergangenheit standen sich gegen\u00fcber und vernichteten sich gegenseitig. Und das Gleiche geschah in Japan mit Amerika, sie wurden vernichtet.<\/p>\n<p>Die USA hatten bereits w\u00e4hrend des ersten Weltkriegs sogenannte \u201eExpeditionsstreitkr\u00e4fte\u201c entsandt, und sie bewegten etwa 4 Millionen Soldaten zwischen den USA und Europa hin und her und k\u00e4mpften an einigen der Westfronten, indem sie eine Menge Erfahrung sammelten, vor allem aber perfektionierten sie ihr gesamtes System der Logistik, des Truppen \u2013 und Materialtransports \u00fcber den Atlantik. Mit anderen Worten, sie waren bestens aufgestellt, weil sie damit rechneten, dass der gro\u00dfe Zusammensto\u00df zwischen den Weltreichen Deutschland und England unausweichlich einige Jahre sp\u00e4ter stattfinden w\u00fcrde.<\/p>\n<p>Die Ideologie des Nazismus, die dieses Gef\u00fchl in diesem besiegten Deutschland interpretierte, das weiterhin industriel extrem m\u00e4chtig blieb durch die eigene Infrastruktur. Auf der anderen Seite war das Britische Weltreich bereits dem Untergang geweiht, weil Indien unabh\u00e4ngig wurde. Erinnere dich, als der Krieg ausbrach, sagten sie, dass sie ihre freiheitliche Sache zur\u00fcckstellen werden, aber sie am Ende des Krieges wieder aufgreifen w\u00fcrden, Fakt war bereits, dass sich die Briten nicht halten konnten. Indien war der starke Motor, der es dem Imperium und Gro\u00dfbritannien erm\u00f6glicht, am Leben zu bleiben; und nat\u00fcrlich auch Afrika.<\/p>\n<p>Also nahmen die Vereinigten Staaten alles und f\u00fchrten ihre W\u00e4hrung ein. Danach wurde das gesamte Finanzsystem der Welt gegr\u00fcndet und es nahm alles. Es nahm alles!! Das ist ein Pokerspieler, der nicht wei\u00df, was mit den Karten geschehen ist und pl\u00f6tzlich alle Spieleins\u00e4tze vor sich hat, und genau das hat er in den letzten 70 Jahren getan, indem er die Vorteile ausnutzt und den Rest unterordnet. Und nun ist es vorbei, weil die Welt sich \u00e4ndert und die USA stecken geblieben ist.<\/p>\n<p><strong><em>Antonio, du hast gerade dar\u00fcber gesprochen, \u00fcber das Bed\u00fcrfnis der USA, wieder in die Lage zur\u00fcckzukehren, um sich alle Chips in diesem Pokerspiel anzueignen und China, das \u00fcber die Zukunft nachdenkt, als Beispiele. Du hast von der kommenden Welt, von dieser Zukunft gesprochen. Sind die Ziele der V\u00f6lker der Welt vereinbar mit der Zukunft, die China versucht aufzubauen? Wir haben eine Minute Zeit, damit du mir das sagen kannst.<\/em><\/strong><\/p>\n<p>Ich denke schon, denn in diesem Sinne sind die Chinesen vern\u00fcnftig, sie machen nichts, was sie dazu bringen w\u00fcrde, den Rest zu beherrschen, sich dem Rest aufzudr\u00e4ngen, sie wollen zusammenarbeiten, sie wollen arbeiten und wollen gleichzeitig teilen. Sie haben die Vorstellung vom Gemeinwohl, nicht von der Hegemonie. Ich glaube, sie empfinden Verachtung f\u00fcr die Ideologie \u201eDer Sieger bekommt alles\u201c, die im Zentrum des Neo-Liberalismus liegt. Das gleiche, was ich grunds\u00e4tzlich \u00fcber die V\u00f6lker Europas denke, die Menschen, nicht \u00fcber die derzeit bestehende F\u00fchrung, die alle der NATO und den USA unterstehen.<\/p>\n<p>Das gleiche bei den V\u00f6lkern Afrikas, als ich zu diesem Meinungsaustausch kam, hast du dar\u00fcber gesprochen, was in Lateinamerika geschieht. Wir alle entwickeln uns auf die ein oder die andere Weise je nach den Grundbed\u00fcrfnissen der Gesellschaften, in denen wir leben, aber die Welt bewegt sich auf eine Synthese zu.<\/p>\n<p>Ich stelle fest, dass dieser Prozess in der heutigen F\u00fchrung nicht ber\u00fccksichtigt wird, dass er f\u00fcr sie au\u00dfer Sichtweite ist. Es gibt nicht einmal eine entfernte Vorstellung von menschlicher Intentionalit\u00e4t, sie glauben, dass sie sie unterdr\u00fccken k\u00f6nnen, dass sie sie eind\u00e4mmen k\u00f6nnen, gem\u00e4\u00df ihrer Sprache. Sie sind also zum Scheitern verurteilt.<\/p>\n<p>Noch ein paar mehr Kanonensch\u00fcsse hier und da, noch ein paar mehr Konflikte, ein Stellvertreterkrieg in der Ukraine, wie lange wird das noch andauern? Ihre Wirtschaft bricht bereits als Folge ihrer eigenen Sanktionen zusammen, \u00fcberall. In den Vereinigten Staaten haben sie bereits eine Inflation von 12%. Die j\u00fcngste Meinungsumfrage \u00fcber Bidens Zustimmung liegt bei 36% der amerikanischen Bev\u00f6lkerung, letzte Woche waren es noch 42 %. Das amerikanische Volk ist verzweifelt und wird ihn rauswerfen, und wenn er mit dieser Abenteurerpolitik weitermacht und einen Krieg verursacht, den niemand braucht. Es ist einfach verr\u00fcckt, das Volk der Vereinigten Staaten zu verschulden durch Geld ausgeben und Geld spenden, um Waffen zu kaufen.<\/p>\n<p>Und, naja, es kann noch ein paar Monate dauern, bis sie das begreifen, deshalb ist es sehr schwierig, ein Datum \u00fcber das Ende des Konflikts festzulegen, aber es ist unvermeidlich, dass die Menschen das erkennen, und sie auf die Stra\u00dfe gehen, selbstverst\u00e4ndlich werden die Menschen in Europa sehr bald auf die Stra\u00dfe gehen, um dagegen zu demonstrieren. Und wenn alle Beamten in der Europ\u00e4ischen Union rausgeworfen werden m\u00fcssen, dann werden sie rausgeworfen.<\/p>\n<p><strong><em>Das w\u00e4re so sch\u00f6n.<\/em><\/strong><\/p>\n<p>Das w\u00fcrde mir gefallen. Wir werden sehen, wie die Dominosteine fallen.<\/p>\n<p><strong><em>Die \u00dcbersetzung aus dem Englischen wurde von Doris Fischer vom ehrenamtlichen Pressenza-\u00dcbersetzungsteam erstellt. <a href=\"https:\/\/www.pressenza.com\/de\/mitarbeiten\/\" target=\"_blank\" rel=\"noopener\">Wir suchen Freiwillige!\u00a0<\/a><\/em><\/strong><\/p>\n","protected":false},"excerpt":{"rendered":"<p>Der Streit um die weltweite Vorherrschaft, den wir erfahren, jagt uns Angst ein wegen der Gefahr des Einsatzes von Atomwaffen. Wir erkennen, dass es Machthaber gibt, die ziemlich unausgewogen sind und denen es an Einf\u00fchlungsverm\u00f6gen fehlt, und die dazu bereit&hellip;<\/p>\n","protected":false},"author":96,"featured_media":1625061,"comment_status":"closed","ping_status":"closed","sticky":false,"template":"","format":"standard","meta":{"footnotes":""},"categories":[9167,7835,9164,9142,9156,11387,27992],"tags":[9255,51324,81480,15347,9767,31956,39429],"class_list":["post-1625050","post","type-post","status-publish","format-standard","has-post-thumbnail","hentry","category-frieden-und-abruestung","category-international-de","category-internationale-angelegenheiten","category-interviews-de","category-kultur-und-medien","category-originalinhalt","category-podcast-de","tag-china-de","tag-hegemonie","tag-joe-biden-de","tag-multipolare-welt","tag-usa-de","tag-westen","tag-wirtschaftssanktionen"],"yoast_head":"<!-- This site is optimized with the Yoast SEO plugin v27.1.1 - https:\/\/yoast.com\/product\/yoast-seo-wordpress\/ -->\n<title>Antonio Carvallo: \u201eChina denkt an die Zukunft, w\u00e4hrend die Vereinigten Staaten in die Vergangenheit zur\u00fcckkehren wollen\u201c<\/title>\n<meta name=\"description\" content=\"Der Streit um die weltweite Vorherrschaft, den wir erfahren, jagt uns Angst ein wegen der Gefahr des Einsatzes von Atomwaffen. Wir erkennen, dass es\" \/>\n<meta name=\"robots\" content=\"index, follow, max-snippet:-1, max-image-preview:large, max-video-preview:-1\" \/>\n<link rel=\"canonical\" href=\"https:\/\/www.pressenza.com\/de\/2022\/07\/antonio-carvallo-china-denkt-an-die-zukunft-waehrend-die-vereinigten-staaten-in-die-vergangenheit-zurueckkehren-wollen\/\" \/>\n<meta property=\"og:locale\" content=\"de_DE\" \/>\n<meta property=\"og:type\" content=\"article\" \/>\n<meta property=\"og:title\" content=\"Antonio Carvallo: \u201eChina denkt an die Zukunft, w\u00e4hrend die Vereinigten Staaten in die Vergangenheit zur\u00fcckkehren wollen\u201c\" \/>\n<meta property=\"og:description\" content=\"Der Streit um die weltweite Vorherrschaft, den wir erfahren, jagt uns Angst ein wegen der Gefahr des Einsatzes von Atomwaffen. Wir erkennen, dass es\" \/>\n<meta property=\"og:url\" content=\"https:\/\/www.pressenza.com\/de\/2022\/07\/antonio-carvallo-china-denkt-an-die-zukunft-waehrend-die-vereinigten-staaten-in-die-vergangenheit-zurueckkehren-wollen\/\" \/>\n<meta property=\"og:site_name\" content=\"Pressenza\" \/>\n<meta property=\"article:publisher\" content=\"https:\/\/www.facebook.com\/PressenzaItalia\" \/>\n<meta property=\"article:author\" content=\"https:\/\/www.facebook.com\/mariano.quiroga.779\" \/>\n<meta property=\"article:published_time\" content=\"2022-07-15T15:23:04+00:00\" \/>\n<meta property=\"article:modified_time\" content=\"2022-07-15T15:25:34+00:00\" \/>\n<meta property=\"og:image\" content=\"https:\/\/www.pressenza.com\/wp-content\/uploads\/2022\/07\/Shigu-Pavillon-in-Baoji.jpg\" \/>\n\t<meta property=\"og:image:width\" content=\"820\" \/>\n\t<meta property=\"og:image:height\" content=\"512\" \/>\n\t<meta property=\"og:image:type\" content=\"image\/jpeg\" \/>\n<meta name=\"author\" content=\"Mariano Quiroga\" \/>\n<meta name=\"twitter:card\" content=\"summary_large_image\" \/>\n<meta name=\"twitter:creator\" content=\"@MaruchoQuiroga\" \/>\n<meta name=\"twitter:site\" content=\"@PressenzaIPA\" \/>\n<meta name=\"twitter:label1\" content=\"Verfasst von\" \/>\n\t<meta name=\"twitter:data1\" content=\"Mariano Quiroga\" \/>\n\t<meta name=\"twitter:label2\" content=\"Gesch\u00e4tzte Lesezeit\" \/>\n\t<meta name=\"twitter:data2\" content=\"13\u00a0Minuten\" \/>\n<script type=\"application\/ld+json\" class=\"yoast-schema-graph\">{\"@context\":\"https:\/\/schema.org\",\"@graph\":[{\"@type\":\"Article\",\"@id\":\"https:\/\/www.pressenza.com\/de\/2022\/07\/antonio-carvallo-china-denkt-an-die-zukunft-waehrend-die-vereinigten-staaten-in-die-vergangenheit-zurueckkehren-wollen\/#article\",\"isPartOf\":{\"@id\":\"https:\/\/www.pressenza.com\/de\/2022\/07\/antonio-carvallo-china-denkt-an-die-zukunft-waehrend-die-vereinigten-staaten-in-die-vergangenheit-zurueckkehren-wollen\/\"},\"author\":{\"name\":\"Mariano Quiroga\",\"@id\":\"https:\/\/www.pressenza.com\/de\/#\/schema\/person\/a0856fe41d8234b92503e6b28dc2585e\"},\"headline\":\"Antonio Carvallo: \u201eChina denkt an die Zukunft, w\u00e4hrend die Vereinigten Staaten in die Vergangenheit zur\u00fcckkehren wollen\u201c\",\"datePublished\":\"2022-07-15T15:23:04+00:00\",\"dateModified\":\"2022-07-15T15:25:34+00:00\",\"mainEntityOfPage\":{\"@id\":\"https:\/\/www.pressenza.com\/de\/2022\/07\/antonio-carvallo-china-denkt-an-die-zukunft-waehrend-die-vereinigten-staaten-in-die-vergangenheit-zurueckkehren-wollen\/\"},\"wordCount\":2595,\"publisher\":{\"@id\":\"https:\/\/www.pressenza.com\/de\/#organization\"},\"image\":{\"@id\":\"https:\/\/www.pressenza.com\/de\/2022\/07\/antonio-carvallo-china-denkt-an-die-zukunft-waehrend-die-vereinigten-staaten-in-die-vergangenheit-zurueckkehren-wollen\/#primaryimage\"},\"thumbnailUrl\":\"https:\/\/www.pressenza.com\/wp-content\/uploads\/2022\/07\/Shigu-Pavillon-in-Baoji.jpg\",\"keywords\":[\"China\",\"Hegemonie\",\"Joe Biden\",\"Multipolare Welt\",\"USA\",\"Westen\",\"Wirtschaftssanktionen\"],\"articleSection\":[\"Frieden und Abr\u00fcstung\",\"International\",\"Internationale Angelegenheiten\",\"Interviews\",\"Kultur und Medien\",\"Originalinhalt\",\"Podcast\"],\"inLanguage\":\"de\"},{\"@type\":\"WebPage\",\"@id\":\"https:\/\/www.pressenza.com\/de\/2022\/07\/antonio-carvallo-china-denkt-an-die-zukunft-waehrend-die-vereinigten-staaten-in-die-vergangenheit-zurueckkehren-wollen\/\",\"url\":\"https:\/\/www.pressenza.com\/de\/2022\/07\/antonio-carvallo-china-denkt-an-die-zukunft-waehrend-die-vereinigten-staaten-in-die-vergangenheit-zurueckkehren-wollen\/\",\"name\":\"Antonio Carvallo: \u201eChina denkt an die Zukunft, w\u00e4hrend die Vereinigten Staaten in die Vergangenheit zur\u00fcckkehren wollen\u201c\",\"isPartOf\":{\"@id\":\"https:\/\/www.pressenza.com\/de\/#website\"},\"primaryImageOfPage\":{\"@id\":\"https:\/\/www.pressenza.com\/de\/2022\/07\/antonio-carvallo-china-denkt-an-die-zukunft-waehrend-die-vereinigten-staaten-in-die-vergangenheit-zurueckkehren-wollen\/#primaryimage\"},\"image\":{\"@id\":\"https:\/\/www.pressenza.com\/de\/2022\/07\/antonio-carvallo-china-denkt-an-die-zukunft-waehrend-die-vereinigten-staaten-in-die-vergangenheit-zurueckkehren-wollen\/#primaryimage\"},\"thumbnailUrl\":\"https:\/\/www.pressenza.com\/wp-content\/uploads\/2022\/07\/Shigu-Pavillon-in-Baoji.jpg\",\"datePublished\":\"2022-07-15T15:23:04+00:00\",\"dateModified\":\"2022-07-15T15:25:34+00:00\",\"description\":\"Der Streit um die weltweite Vorherrschaft, den wir erfahren, jagt uns Angst ein wegen der Gefahr des Einsatzes von Atomwaffen. Wir erkennen, dass es\",\"breadcrumb\":{\"@id\":\"https:\/\/www.pressenza.com\/de\/2022\/07\/antonio-carvallo-china-denkt-an-die-zukunft-waehrend-die-vereinigten-staaten-in-die-vergangenheit-zurueckkehren-wollen\/#breadcrumb\"},\"inLanguage\":\"de\",\"potentialAction\":[{\"@type\":\"ReadAction\",\"target\":[\"https:\/\/www.pressenza.com\/de\/2022\/07\/antonio-carvallo-china-denkt-an-die-zukunft-waehrend-die-vereinigten-staaten-in-die-vergangenheit-zurueckkehren-wollen\/\"]}]},{\"@type\":\"ImageObject\",\"inLanguage\":\"de\",\"@id\":\"https:\/\/www.pressenza.com\/de\/2022\/07\/antonio-carvallo-china-denkt-an-die-zukunft-waehrend-die-vereinigten-staaten-in-die-vergangenheit-zurueckkehren-wollen\/#primaryimage\",\"url\":\"https:\/\/www.pressenza.com\/wp-content\/uploads\/2022\/07\/Shigu-Pavillon-in-Baoji.jpg\",\"contentUrl\":\"https:\/\/www.pressenza.com\/wp-content\/uploads\/2022\/07\/Shigu-Pavillon-in-Baoji.jpg\",\"width\":820,\"height\":512,\"caption\":\"China denkt an die Zukunft, w\u00e4hrend die Vereinigten Staaten in die Vergangenheit zur\u00fcckkehren wollen\"},{\"@type\":\"BreadcrumbList\",\"@id\":\"https:\/\/www.pressenza.com\/de\/2022\/07\/antonio-carvallo-china-denkt-an-die-zukunft-waehrend-die-vereinigten-staaten-in-die-vergangenheit-zurueckkehren-wollen\/#breadcrumb\",\"itemListElement\":[{\"@type\":\"ListItem\",\"position\":1,\"name\":\"Accueil\",\"item\":\"https:\/\/www.pressenza.com\/de\/\"},{\"@type\":\"ListItem\",\"position\":2,\"name\":\"Antonio Carvallo: \u201eChina denkt an die Zukunft, w\u00e4hrend die Vereinigten Staaten in die Vergangenheit zur\u00fcckkehren wollen\u201c\"}]},{\"@type\":\"WebSite\",\"@id\":\"https:\/\/www.pressenza.com\/de\/#website\",\"url\":\"https:\/\/www.pressenza.com\/de\/\",\"name\":\"Pressenza\",\"description\":\"International Press Agency\",\"publisher\":{\"@id\":\"https:\/\/www.pressenza.com\/de\/#organization\"},\"potentialAction\":[{\"@type\":\"SearchAction\",\"target\":{\"@type\":\"EntryPoint\",\"urlTemplate\":\"https:\/\/www.pressenza.com\/de\/?s={search_term_string}\"},\"query-input\":{\"@type\":\"PropertyValueSpecification\",\"valueRequired\":true,\"valueName\":\"search_term_string\"}}],\"inLanguage\":\"de\"},{\"@type\":\"Organization\",\"@id\":\"https:\/\/www.pressenza.com\/de\/#organization\",\"name\":\"Pressenza\",\"url\":\"https:\/\/www.pressenza.com\/de\/\",\"logo\":{\"@type\":\"ImageObject\",\"inLanguage\":\"de\",\"@id\":\"https:\/\/www.pressenza.com\/de\/#\/schema\/logo\/image\/\",\"url\":\"https:\/\/www.pressenza.com\/wp-content\/uploads\/2022\/10\/pressenza_logo_200x200.jpg\",\"contentUrl\":\"https:\/\/www.pressenza.com\/wp-content\/uploads\/2022\/10\/pressenza_logo_200x200.jpg\",\"width\":200,\"height\":200,\"caption\":\"Pressenza\"},\"image\":{\"@id\":\"https:\/\/www.pressenza.com\/de\/#\/schema\/logo\/image\/\"},\"sameAs\":[\"https:\/\/www.facebook.com\/PressenzaItalia\",\"https:\/\/x.com\/PressenzaIPA\"]},{\"@type\":\"Person\",\"@id\":\"https:\/\/www.pressenza.com\/de\/#\/schema\/person\/a0856fe41d8234b92503e6b28dc2585e\",\"name\":\"Mariano Quiroga\",\"description\":\"Born in Buenos Aires, Argentina, in 1976, Mariano is a journalist, poet and international editor for Pressenza. His career includes publications in different countries and languages. Currently he is presenter on radio programmes in Ecuador and Argentina. A humanist communicator specialising in international politics, his vocation has led him to seek to build bridges that allow relationships to be made between data, events, people and contexts in order to create an inclusive look that synthesises the noblest searches for social justice and humanisation of the planet.\",\"sameAs\":[\"https:\/\/www.facebook.com\/mariano.quiroga.779\",\"https:\/\/x.com\/MaruchoQuiroga\"],\"url\":\"https:\/\/www.pressenza.com\/de\/author\/mariano-quiroga\/\"}]}<\/script>\n<!-- \/ Yoast SEO plugin. -->","yoast_head_json":{"title":"Antonio Carvallo: \u201eChina denkt an die Zukunft, w\u00e4hrend die Vereinigten Staaten in die Vergangenheit zur\u00fcckkehren wollen\u201c","description":"Der Streit um die weltweite Vorherrschaft, den wir erfahren, jagt uns Angst ein wegen der Gefahr des Einsatzes von Atomwaffen. Wir erkennen, dass es","robots":{"index":"index","follow":"follow","max-snippet":"max-snippet:-1","max-image-preview":"max-image-preview:large","max-video-preview":"max-video-preview:-1"},"canonical":"https:\/\/www.pressenza.com\/de\/2022\/07\/antonio-carvallo-china-denkt-an-die-zukunft-waehrend-die-vereinigten-staaten-in-die-vergangenheit-zurueckkehren-wollen\/","og_locale":"de_DE","og_type":"article","og_title":"Antonio Carvallo: \u201eChina denkt an die Zukunft, w\u00e4hrend die Vereinigten Staaten in die Vergangenheit zur\u00fcckkehren wollen\u201c","og_description":"Der Streit um die weltweite Vorherrschaft, den wir erfahren, jagt uns Angst ein wegen der Gefahr des Einsatzes von Atomwaffen. Wir erkennen, dass es","og_url":"https:\/\/www.pressenza.com\/de\/2022\/07\/antonio-carvallo-china-denkt-an-die-zukunft-waehrend-die-vereinigten-staaten-in-die-vergangenheit-zurueckkehren-wollen\/","og_site_name":"Pressenza","article_publisher":"https:\/\/www.facebook.com\/PressenzaItalia","article_author":"https:\/\/www.facebook.com\/mariano.quiroga.779","article_published_time":"2022-07-15T15:23:04+00:00","article_modified_time":"2022-07-15T15:25:34+00:00","og_image":[{"width":820,"height":512,"url":"https:\/\/www.pressenza.com\/wp-content\/uploads\/2022\/07\/Shigu-Pavillon-in-Baoji.jpg","type":"image\/jpeg"}],"author":"Mariano Quiroga","twitter_card":"summary_large_image","twitter_creator":"@MaruchoQuiroga","twitter_site":"@PressenzaIPA","twitter_misc":{"Verfasst von":"Mariano Quiroga","Gesch\u00e4tzte Lesezeit":"13\u00a0Minuten"},"schema":{"@context":"https:\/\/schema.org","@graph":[{"@type":"Article","@id":"https:\/\/www.pressenza.com\/de\/2022\/07\/antonio-carvallo-china-denkt-an-die-zukunft-waehrend-die-vereinigten-staaten-in-die-vergangenheit-zurueckkehren-wollen\/#article","isPartOf":{"@id":"https:\/\/www.pressenza.com\/de\/2022\/07\/antonio-carvallo-china-denkt-an-die-zukunft-waehrend-die-vereinigten-staaten-in-die-vergangenheit-zurueckkehren-wollen\/"},"author":{"name":"Mariano Quiroga","@id":"https:\/\/www.pressenza.com\/de\/#\/schema\/person\/a0856fe41d8234b92503e6b28dc2585e"},"headline":"Antonio Carvallo: \u201eChina denkt an die Zukunft, w\u00e4hrend die Vereinigten Staaten in die Vergangenheit zur\u00fcckkehren wollen\u201c","datePublished":"2022-07-15T15:23:04+00:00","dateModified":"2022-07-15T15:25:34+00:00","mainEntityOfPage":{"@id":"https:\/\/www.pressenza.com\/de\/2022\/07\/antonio-carvallo-china-denkt-an-die-zukunft-waehrend-die-vereinigten-staaten-in-die-vergangenheit-zurueckkehren-wollen\/"},"wordCount":2595,"publisher":{"@id":"https:\/\/www.pressenza.com\/de\/#organization"},"image":{"@id":"https:\/\/www.pressenza.com\/de\/2022\/07\/antonio-carvallo-china-denkt-an-die-zukunft-waehrend-die-vereinigten-staaten-in-die-vergangenheit-zurueckkehren-wollen\/#primaryimage"},"thumbnailUrl":"https:\/\/www.pressenza.com\/wp-content\/uploads\/2022\/07\/Shigu-Pavillon-in-Baoji.jpg","keywords":["China","Hegemonie","Joe Biden","Multipolare Welt","USA","Westen","Wirtschaftssanktionen"],"articleSection":["Frieden und Abr\u00fcstung","International","Internationale Angelegenheiten","Interviews","Kultur und Medien","Originalinhalt","Podcast"],"inLanguage":"de"},{"@type":"WebPage","@id":"https:\/\/www.pressenza.com\/de\/2022\/07\/antonio-carvallo-china-denkt-an-die-zukunft-waehrend-die-vereinigten-staaten-in-die-vergangenheit-zurueckkehren-wollen\/","url":"https:\/\/www.pressenza.com\/de\/2022\/07\/antonio-carvallo-china-denkt-an-die-zukunft-waehrend-die-vereinigten-staaten-in-die-vergangenheit-zurueckkehren-wollen\/","name":"Antonio Carvallo: \u201eChina denkt an die Zukunft, w\u00e4hrend die Vereinigten Staaten in die Vergangenheit zur\u00fcckkehren wollen\u201c","isPartOf":{"@id":"https:\/\/www.pressenza.com\/de\/#website"},"primaryImageOfPage":{"@id":"https:\/\/www.pressenza.com\/de\/2022\/07\/antonio-carvallo-china-denkt-an-die-zukunft-waehrend-die-vereinigten-staaten-in-die-vergangenheit-zurueckkehren-wollen\/#primaryimage"},"image":{"@id":"https:\/\/www.pressenza.com\/de\/2022\/07\/antonio-carvallo-china-denkt-an-die-zukunft-waehrend-die-vereinigten-staaten-in-die-vergangenheit-zurueckkehren-wollen\/#primaryimage"},"thumbnailUrl":"https:\/\/www.pressenza.com\/wp-content\/uploads\/2022\/07\/Shigu-Pavillon-in-Baoji.jpg","datePublished":"2022-07-15T15:23:04+00:00","dateModified":"2022-07-15T15:25:34+00:00","description":"Der Streit um die weltweite Vorherrschaft, den wir erfahren, jagt uns Angst ein wegen der Gefahr des Einsatzes von Atomwaffen. Wir erkennen, dass es","breadcrumb":{"@id":"https:\/\/www.pressenza.com\/de\/2022\/07\/antonio-carvallo-china-denkt-an-die-zukunft-waehrend-die-vereinigten-staaten-in-die-vergangenheit-zurueckkehren-wollen\/#breadcrumb"},"inLanguage":"de","potentialAction":[{"@type":"ReadAction","target":["https:\/\/www.pressenza.com\/de\/2022\/07\/antonio-carvallo-china-denkt-an-die-zukunft-waehrend-die-vereinigten-staaten-in-die-vergangenheit-zurueckkehren-wollen\/"]}]},{"@type":"ImageObject","inLanguage":"de","@id":"https:\/\/www.pressenza.com\/de\/2022\/07\/antonio-carvallo-china-denkt-an-die-zukunft-waehrend-die-vereinigten-staaten-in-die-vergangenheit-zurueckkehren-wollen\/#primaryimage","url":"https:\/\/www.pressenza.com\/wp-content\/uploads\/2022\/07\/Shigu-Pavillon-in-Baoji.jpg","contentUrl":"https:\/\/www.pressenza.com\/wp-content\/uploads\/2022\/07\/Shigu-Pavillon-in-Baoji.jpg","width":820,"height":512,"caption":"China denkt an die Zukunft, w\u00e4hrend die Vereinigten Staaten in die Vergangenheit zur\u00fcckkehren wollen"},{"@type":"BreadcrumbList","@id":"https:\/\/www.pressenza.com\/de\/2022\/07\/antonio-carvallo-china-denkt-an-die-zukunft-waehrend-die-vereinigten-staaten-in-die-vergangenheit-zurueckkehren-wollen\/#breadcrumb","itemListElement":[{"@type":"ListItem","position":1,"name":"Accueil","item":"https:\/\/www.pressenza.com\/de\/"},{"@type":"ListItem","position":2,"name":"Antonio Carvallo: \u201eChina denkt an die Zukunft, w\u00e4hrend die Vereinigten Staaten in die Vergangenheit zur\u00fcckkehren wollen\u201c"}]},{"@type":"WebSite","@id":"https:\/\/www.pressenza.com\/de\/#website","url":"https:\/\/www.pressenza.com\/de\/","name":"Pressenza","description":"International Press Agency","publisher":{"@id":"https:\/\/www.pressenza.com\/de\/#organization"},"potentialAction":[{"@type":"SearchAction","target":{"@type":"EntryPoint","urlTemplate":"https:\/\/www.pressenza.com\/de\/?s={search_term_string}"},"query-input":{"@type":"PropertyValueSpecification","valueRequired":true,"valueName":"search_term_string"}}],"inLanguage":"de"},{"@type":"Organization","@id":"https:\/\/www.pressenza.com\/de\/#organization","name":"Pressenza","url":"https:\/\/www.pressenza.com\/de\/","logo":{"@type":"ImageObject","inLanguage":"de","@id":"https:\/\/www.pressenza.com\/de\/#\/schema\/logo\/image\/","url":"https:\/\/www.pressenza.com\/wp-content\/uploads\/2022\/10\/pressenza_logo_200x200.jpg","contentUrl":"https:\/\/www.pressenza.com\/wp-content\/uploads\/2022\/10\/pressenza_logo_200x200.jpg","width":200,"height":200,"caption":"Pressenza"},"image":{"@id":"https:\/\/www.pressenza.com\/de\/#\/schema\/logo\/image\/"},"sameAs":["https:\/\/www.facebook.com\/PressenzaItalia","https:\/\/x.com\/PressenzaIPA"]},{"@type":"Person","@id":"https:\/\/www.pressenza.com\/de\/#\/schema\/person\/a0856fe41d8234b92503e6b28dc2585e","name":"Mariano Quiroga","description":"Born in Buenos Aires, Argentina, in 1976, Mariano is a journalist, poet and international editor for Pressenza. His career includes publications in different countries and languages. Currently he is presenter on radio programmes in Ecuador and Argentina. A humanist communicator specialising in international politics, his vocation has led him to seek to build bridges that allow relationships to be made between data, events, people and contexts in order to create an inclusive look that synthesises the noblest searches for social justice and humanisation of the planet.","sameAs":["https:\/\/www.facebook.com\/mariano.quiroga.779","https:\/\/x.com\/MaruchoQuiroga"],"url":"https:\/\/www.pressenza.com\/de\/author\/mariano-quiroga\/"}]}},"place":"","original_article_url":"","_links":{"self":[{"href":"https:\/\/www.pressenza.com\/de\/wp-json\/wp\/v2\/posts\/1625050","targetHints":{"allow":["GET"]}}],"collection":[{"href":"https:\/\/www.pressenza.com\/de\/wp-json\/wp\/v2\/posts"}],"about":[{"href":"https:\/\/www.pressenza.com\/de\/wp-json\/wp\/v2\/types\/post"}],"author":[{"embeddable":true,"href":"https:\/\/www.pressenza.com\/de\/wp-json\/wp\/v2\/users\/96"}],"replies":[{"embeddable":true,"href":"https:\/\/www.pressenza.com\/de\/wp-json\/wp\/v2\/comments?post=1625050"}],"version-history":[{"count":0,"href":"https:\/\/www.pressenza.com\/de\/wp-json\/wp\/v2\/posts\/1625050\/revisions"}],"wp:featuredmedia":[{"embeddable":true,"href":"https:\/\/www.pressenza.com\/de\/wp-json\/wp\/v2\/media\/1625061"}],"wp:attachment":[{"href":"https:\/\/www.pressenza.com\/de\/wp-json\/wp\/v2\/media?parent=1625050"}],"wp:term":[{"taxonomy":"category","embeddable":true,"href":"https:\/\/www.pressenza.com\/de\/wp-json\/wp\/v2\/categories?post=1625050"},{"taxonomy":"post_tag","embeddable":true,"href":"https:\/\/www.pressenza.com\/de\/wp-json\/wp\/v2\/tags?post=1625050"}],"curies":[{"name":"wp","href":"https:\/\/api.w.org\/{rel}","templated":true}]}}