{"id":1620298,"date":"2022-07-05T12:43:55","date_gmt":"2022-07-05T11:43:55","guid":{"rendered":"https:\/\/www.pressenza.com\/?p=1620298"},"modified":"2022-07-05T12:43:55","modified_gmt":"2022-07-05T11:43:55","slug":"27-gemeinden-in-griechenland-sagen-nein-zu-atomwaffen","status":"publish","type":"post","link":"https:\/\/www.pressenza.com\/de\/2022\/07\/27-gemeinden-in-griechenland-sagen-nein-zu-atomwaffen\/","title":{"rendered":"27 Gemeinden in Griechenland sagen Nein zu Atomwaffen"},"content":{"rendered":"<p><strong>Die Zahl der Gemeinden in Griechenland, die sich der Initiative #SaveTheCity von &#8222;Welt ohne Kriege und Gewalt&#8220; und dem Aufruf der Internationalen Kampagne zur Abschaffung von Atomwaffen (ICAN) anschlie\u00dfen, in dem die griechische Regierung aufgefordert wird, den Vertrag \u00fcber das Verbot von Atomwaffen (AVV) zu unterzeichnen und zu ratifizieren, ist auf 27 angestiegen.<\/strong><\/p>\n<p>Insbesondere die Gemeinden Pyrgos, Vironas, Almopia, Moschato &#8211; Tavros, Cordelio &#8211; Evosmos und Megareon haben auf den j\u00fcngsten Sitzungen ihrer Gemeinder\u00e4te einstimmige oder mehrheitliche Beschl\u00fcsse zugunsten des Atomwaffenverbotsvertrags und der von &#8222;Welt ohne Krieg und Gewalt&#8220; vorgeschlagenen Resolution gefasst.<\/p>\n<p>Der Vorschlag wurde bereits positiv beschieden oder wird voraussichtlich in den n\u00e4chsten Wochen von anderen Stadtr\u00e4ten diskutiert werden, und wir erwarten deren offizielle Ver\u00f6ffentlichungen. Griechenland steht an achter Stelle bei der Zahl der Kommunen, die den Vertrag mit ihren Resolutionen unterst\u00fctzen, basierend auf der internationalen Kampagne von ICAN, die sich an L\u00e4nder richtet, die den Atomwaffenverbotsvertrag noch nicht unterzeichnet und\/oder ratifiziert haben. Die Kampagne wird von mehr als 300 Kommunen auf der ganzen Welt unterst\u00fctzt, darunter Hauptst\u00e4dte wie Paris (Frankreich), Washington (USA), Helsinki (Finnland), Canberra (Australien), Berlin (Deutschland), Oslo (Norwegen), Amsterdam (Niederlande), Bern (Schweiz), Edinburgh (Schottland) sowie Gro\u00dfst\u00e4dte wie New York, Toronto, Sydney, Melbourne, M\u00fcnchen, Turin, Hiroshima, Nagasaki, Barcelona, Sevilla und Los Angeles.<\/p>\n<p>Die #SaveTheCity-Kampagne wird fortgesetzt, und alle Gemeinden des Landes sind aufgerufen, wie in der Resolution 96\/2022 des Zentralen Verbands der griechischen Gemeinden dargelegt, die Unterzeichnung und Ratifizierung des Atomwaffenverbotsvertrags durch die griechische Regierung zu unterst\u00fctzen.<\/p>\n<p><em><a href=\"https:\/\/www.pressenza.com\/de\/tag\/savethecity-de\/\" target=\"_blank\" rel=\"noopener\">St\u00e4dte und Gemeinden in Griechenland, die die Kampagne von \u201aWelt ohne Kriege und Gewalt\u2018, #SaveTheCity unterst\u00fctzen.<\/a><\/em><\/p>\n<p><strong><em>Die \u00dcbersetzung aus dem Englischen wurde von Anita K\u00f6bler <\/em><em>vom ehrenamtlichen Pressenza-\u00dcbersetzungsteam erstellt. <a href=\"https:\/\/www.pressenza.com\/de\/mitarbeiten\/\" target=\"_blank\" rel=\"noopener\">Wir suchen Freiwillige!<\/a><\/em><\/strong><\/p>\n","protected":false},"excerpt":{"rendered":"<p>Die Zahl der Gemeinden in Griechenland, die sich der Initiative #SaveTheCity von &#8222;Welt ohne Kriege und Gewalt&#8220; und dem Aufruf der Internationalen Kampagne zur Abschaffung von Atomwaffen (ICAN) anschlie\u00dfen, in dem die griechische Regierung aufgefordert wird, den Vertrag \u00fcber das&hellip;<\/p>\n","protected":false},"author":1220,"featured_media":1611155,"comment_status":"closed","ping_status":"closed","sticky":false,"template":"","format":"standard","meta":{"footnotes":""},"categories":[9150,9167,11387],"tags":[12506,11734,48861,9262,15221,14669,101223,45259],"class_list":["post-1620298","post","type-post","status-publish","format-standard","has-post-thumbnail","hentry","category-europa-de","category-frieden-und-abruestung","category-originalinhalt","tag-atomwaffen","tag-atomwaffenfrei","tag-atomwaffenverbotsvertrag","tag-frieden","tag-griechenland","tag-ican-de","tag-savethecity-de","tag-welt-ohne-kriege-und-gewalt"],"yoast_head":"<!-- This site is optimized with the Yoast SEO plugin v27.1.1 - https:\/\/yoast.com\/product\/yoast-seo-wordpress\/ -->\n<title>27 Gemeinden in Griechenland sagen Nein zu Atomwaffen<\/title>\n<meta name=\"description\" content=\"Die Zahl der Gemeinden in Griechenland, die sich der Initiative #SaveTheCity von &quot;Welt ohne Kriege und Gewalt&quot; und dem Aufruf der Internationalen Kampagne\" \/>\n<meta name=\"robots\" content=\"index, follow, max-snippet:-1, max-image-preview:large, max-video-preview:-1\" \/>\n<link rel=\"canonical\" href=\"https:\/\/www.pressenza.com\/de\/2022\/07\/27-gemeinden-in-griechenland-sagen-nein-zu-atomwaffen\/\" \/>\n<meta property=\"og:locale\" content=\"de_DE\" \/>\n<meta property=\"og:type\" content=\"article\" \/>\n<meta property=\"og:title\" content=\"27 Gemeinden in Griechenland sagen Nein zu Atomwaffen\" \/>\n<meta property=\"og:description\" content=\"Die Zahl der Gemeinden in Griechenland, die sich der Initiative #SaveTheCity von &quot;Welt ohne Kriege und Gewalt&quot; und dem Aufruf der Internationalen Kampagne\" \/>\n<meta property=\"og:url\" content=\"https:\/\/www.pressenza.com\/de\/2022\/07\/27-gemeinden-in-griechenland-sagen-nein-zu-atomwaffen\/\" \/>\n<meta property=\"og:site_name\" content=\"Pressenza\" \/>\n<meta property=\"article:publisher\" content=\"https:\/\/www.facebook.com\/PressenzaItalia\" \/>\n<meta property=\"article:author\" content=\"https:\/\/www.facebook.com\/pressenzagr\/\" \/>\n<meta property=\"article:published_time\" content=\"2022-07-05T11:43:55+00:00\" \/>\n<meta property=\"og:image\" content=\"https:\/\/www.pressenza.com\/wp-content\/uploads\/2022\/06\/\u03c3\u03c9\u0301\u03c3\u03b5\u03c4\u03b7\u03bd\u03c0\u03bf\u0301\u03bb\u03b7-5.png\" \/>\n\t<meta property=\"og:image:width\" content=\"1640\" \/>\n\t<meta property=\"og:image:height\" content=\"924\" \/>\n\t<meta property=\"og:image:type\" content=\"image\/png\" \/>\n<meta name=\"author\" content=\"Pressenza Athens\" \/>\n<meta name=\"twitter:card\" content=\"summary_large_image\" \/>\n<meta name=\"twitter:creator\" content=\"@Pressenza_ath\" \/>\n<meta name=\"twitter:site\" content=\"@PressenzaIPA\" \/>\n<meta name=\"twitter:label1\" content=\"Verfasst von\" \/>\n\t<meta name=\"twitter:data1\" content=\"Pressenza Athens\" \/>\n\t<meta name=\"twitter:label2\" content=\"Gesch\u00e4tzte Lesezeit\" \/>\n\t<meta name=\"twitter:data2\" content=\"1\u00a0Minute\" \/>\n<script type=\"application\/ld+json\" class=\"yoast-schema-graph\">{\"@context\":\"https:\/\/schema.org\",\"@graph\":[{\"@type\":\"Article\",\"@id\":\"https:\/\/www.pressenza.com\/de\/2022\/07\/27-gemeinden-in-griechenland-sagen-nein-zu-atomwaffen\/#article\",\"isPartOf\":{\"@id\":\"https:\/\/www.pressenza.com\/de\/2022\/07\/27-gemeinden-in-griechenland-sagen-nein-zu-atomwaffen\/\"},\"author\":{\"name\":\"Pressenza Athens\",\"@id\":\"https:\/\/www.pressenza.com\/de\/#\/schema\/person\/9eae8d7f0aad5ec6a7f6f21ec94480fb\"},\"headline\":\"27 Gemeinden in Griechenland sagen Nein zu Atomwaffen\",\"datePublished\":\"2022-07-05T11:43:55+00:00\",\"mainEntityOfPage\":{\"@id\":\"https:\/\/www.pressenza.com\/de\/2022\/07\/27-gemeinden-in-griechenland-sagen-nein-zu-atomwaffen\/\"},\"wordCount\":296,\"publisher\":{\"@id\":\"https:\/\/www.pressenza.com\/de\/#organization\"},\"image\":{\"@id\":\"https:\/\/www.pressenza.com\/de\/2022\/07\/27-gemeinden-in-griechenland-sagen-nein-zu-atomwaffen\/#primaryimage\"},\"thumbnailUrl\":\"https:\/\/www.pressenza.com\/wp-content\/uploads\/2022\/06\/\u03c3\u03c9\u0301\u03c3\u03b5\u03c4\u03b7\u03bd\u03c0\u03bf\u0301\u03bb\u03b7-5.png\",\"keywords\":[\"Atomwaffen\",\"atomwaffenfrei\",\"Atomwaffenverbotsvertrag\",\"Frieden\",\"Griechenland\",\"ICAN\",\"SaveTheCity\",\"Welt ohne Kriege und Gewalt\"],\"articleSection\":[\"Europa\",\"Frieden und Abr\u00fcstung\",\"Originalinhalt\"],\"inLanguage\":\"de\"},{\"@type\":\"WebPage\",\"@id\":\"https:\/\/www.pressenza.com\/de\/2022\/07\/27-gemeinden-in-griechenland-sagen-nein-zu-atomwaffen\/\",\"url\":\"https:\/\/www.pressenza.com\/de\/2022\/07\/27-gemeinden-in-griechenland-sagen-nein-zu-atomwaffen\/\",\"name\":\"27 Gemeinden in Griechenland sagen Nein zu Atomwaffen\",\"isPartOf\":{\"@id\":\"https:\/\/www.pressenza.com\/de\/#website\"},\"primaryImageOfPage\":{\"@id\":\"https:\/\/www.pressenza.com\/de\/2022\/07\/27-gemeinden-in-griechenland-sagen-nein-zu-atomwaffen\/#primaryimage\"},\"image\":{\"@id\":\"https:\/\/www.pressenza.com\/de\/2022\/07\/27-gemeinden-in-griechenland-sagen-nein-zu-atomwaffen\/#primaryimage\"},\"thumbnailUrl\":\"https:\/\/www.pressenza.com\/wp-content\/uploads\/2022\/06\/\u03c3\u03c9\u0301\u03c3\u03b5\u03c4\u03b7\u03bd\u03c0\u03bf\u0301\u03bb\u03b7-5.png\",\"datePublished\":\"2022-07-05T11:43:55+00:00\",\"description\":\"Die Zahl der Gemeinden in Griechenland, die sich der Initiative #SaveTheCity von \\\"Welt ohne Kriege und Gewalt\\\" und dem Aufruf der Internationalen Kampagne\",\"breadcrumb\":{\"@id\":\"https:\/\/www.pressenza.com\/de\/2022\/07\/27-gemeinden-in-griechenland-sagen-nein-zu-atomwaffen\/#breadcrumb\"},\"inLanguage\":\"de\",\"potentialAction\":[{\"@type\":\"ReadAction\",\"target\":[\"https:\/\/www.pressenza.com\/de\/2022\/07\/27-gemeinden-in-griechenland-sagen-nein-zu-atomwaffen\/\"]}]},{\"@type\":\"ImageObject\",\"inLanguage\":\"de\",\"@id\":\"https:\/\/www.pressenza.com\/de\/2022\/07\/27-gemeinden-in-griechenland-sagen-nein-zu-atomwaffen\/#primaryimage\",\"url\":\"https:\/\/www.pressenza.com\/wp-content\/uploads\/2022\/06\/\u03c3\u03c9\u0301\u03c3\u03b5\u03c4\u03b7\u03bd\u03c0\u03bf\u0301\u03bb\u03b7-5.png\",\"contentUrl\":\"https:\/\/www.pressenza.com\/wp-content\/uploads\/2022\/06\/\u03c3\u03c9\u0301\u03c3\u03b5\u03c4\u03b7\u03bd\u03c0\u03bf\u0301\u03bb\u03b7-5.png\",\"width\":1640,\"height\":924},{\"@type\":\"BreadcrumbList\",\"@id\":\"https:\/\/www.pressenza.com\/de\/2022\/07\/27-gemeinden-in-griechenland-sagen-nein-zu-atomwaffen\/#breadcrumb\",\"itemListElement\":[{\"@type\":\"ListItem\",\"position\":1,\"name\":\"Accueil\",\"item\":\"https:\/\/www.pressenza.com\/de\/\"},{\"@type\":\"ListItem\",\"position\":2,\"name\":\"27 Gemeinden in Griechenland sagen Nein zu Atomwaffen\"}]},{\"@type\":\"WebSite\",\"@id\":\"https:\/\/www.pressenza.com\/de\/#website\",\"url\":\"https:\/\/www.pressenza.com\/de\/\",\"name\":\"Pressenza\",\"description\":\"International Press Agency\",\"publisher\":{\"@id\":\"https:\/\/www.pressenza.com\/de\/#organization\"},\"potentialAction\":[{\"@type\":\"SearchAction\",\"target\":{\"@type\":\"EntryPoint\",\"urlTemplate\":\"https:\/\/www.pressenza.com\/de\/?s={search_term_string}\"},\"query-input\":{\"@type\":\"PropertyValueSpecification\",\"valueRequired\":true,\"valueName\":\"search_term_string\"}}],\"inLanguage\":\"de\"},{\"@type\":\"Organization\",\"@id\":\"https:\/\/www.pressenza.com\/de\/#organization\",\"name\":\"Pressenza\",\"url\":\"https:\/\/www.pressenza.com\/de\/\",\"logo\":{\"@type\":\"ImageObject\",\"inLanguage\":\"de\",\"@id\":\"https:\/\/www.pressenza.com\/de\/#\/schema\/logo\/image\/\",\"url\":\"https:\/\/www.pressenza.com\/wp-content\/uploads\/2022\/10\/pressenza_logo_200x200.jpg\",\"contentUrl\":\"https:\/\/www.pressenza.com\/wp-content\/uploads\/2022\/10\/pressenza_logo_200x200.jpg\",\"width\":200,\"height\":200,\"caption\":\"Pressenza\"},\"image\":{\"@id\":\"https:\/\/www.pressenza.com\/de\/#\/schema\/logo\/image\/\"},\"sameAs\":[\"https:\/\/www.facebook.com\/PressenzaItalia\",\"https:\/\/x.com\/PressenzaIPA\"]},{\"@type\":\"Person\",\"@id\":\"https:\/\/www.pressenza.com\/de\/#\/schema\/person\/9eae8d7f0aad5ec6a7f6f21ec94480fb\",\"name\":\"Pressenza Athens\",\"description\":\"News from the Pressenza Bureau in Athens, Greece\",\"sameAs\":[\"https:\/\/www.facebook.com\/pressenzagr\/\",\"https:\/\/x.com\/Pressenza_ath\"],\"url\":\"https:\/\/www.pressenza.com\/de\/author\/pressenza-athens\/\"}]}<\/script>\n<!-- \/ Yoast SEO plugin. -->","yoast_head_json":{"title":"27 Gemeinden in Griechenland sagen Nein zu Atomwaffen","description":"Die Zahl der Gemeinden in Griechenland, die sich der Initiative #SaveTheCity von \"Welt ohne Kriege und Gewalt\" und dem Aufruf der Internationalen Kampagne","robots":{"index":"index","follow":"follow","max-snippet":"max-snippet:-1","max-image-preview":"max-image-preview:large","max-video-preview":"max-video-preview:-1"},"canonical":"https:\/\/www.pressenza.com\/de\/2022\/07\/27-gemeinden-in-griechenland-sagen-nein-zu-atomwaffen\/","og_locale":"de_DE","og_type":"article","og_title":"27 Gemeinden in Griechenland sagen Nein zu Atomwaffen","og_description":"Die Zahl der Gemeinden in Griechenland, die sich der Initiative #SaveTheCity von \"Welt ohne Kriege und Gewalt\" und dem Aufruf der Internationalen Kampagne","og_url":"https:\/\/www.pressenza.com\/de\/2022\/07\/27-gemeinden-in-griechenland-sagen-nein-zu-atomwaffen\/","og_site_name":"Pressenza","article_publisher":"https:\/\/www.facebook.com\/PressenzaItalia","article_author":"https:\/\/www.facebook.com\/pressenzagr\/","article_published_time":"2022-07-05T11:43:55+00:00","og_image":[{"width":1640,"height":924,"url":"https:\/\/www.pressenza.com\/wp-content\/uploads\/2022\/06\/\u03c3\u03c9\u0301\u03c3\u03b5\u03c4\u03b7\u03bd\u03c0\u03bf\u0301\u03bb\u03b7-5.png","type":"image\/png"}],"author":"Pressenza Athens","twitter_card":"summary_large_image","twitter_creator":"@Pressenza_ath","twitter_site":"@PressenzaIPA","twitter_misc":{"Verfasst von":"Pressenza Athens","Gesch\u00e4tzte Lesezeit":"1\u00a0Minute"},"schema":{"@context":"https:\/\/schema.org","@graph":[{"@type":"Article","@id":"https:\/\/www.pressenza.com\/de\/2022\/07\/27-gemeinden-in-griechenland-sagen-nein-zu-atomwaffen\/#article","isPartOf":{"@id":"https:\/\/www.pressenza.com\/de\/2022\/07\/27-gemeinden-in-griechenland-sagen-nein-zu-atomwaffen\/"},"author":{"name":"Pressenza Athens","@id":"https:\/\/www.pressenza.com\/de\/#\/schema\/person\/9eae8d7f0aad5ec6a7f6f21ec94480fb"},"headline":"27 Gemeinden in Griechenland sagen Nein zu Atomwaffen","datePublished":"2022-07-05T11:43:55+00:00","mainEntityOfPage":{"@id":"https:\/\/www.pressenza.com\/de\/2022\/07\/27-gemeinden-in-griechenland-sagen-nein-zu-atomwaffen\/"},"wordCount":296,"publisher":{"@id":"https:\/\/www.pressenza.com\/de\/#organization"},"image":{"@id":"https:\/\/www.pressenza.com\/de\/2022\/07\/27-gemeinden-in-griechenland-sagen-nein-zu-atomwaffen\/#primaryimage"},"thumbnailUrl":"https:\/\/www.pressenza.com\/wp-content\/uploads\/2022\/06\/\u03c3\u03c9\u0301\u03c3\u03b5\u03c4\u03b7\u03bd\u03c0\u03bf\u0301\u03bb\u03b7-5.png","keywords":["Atomwaffen","atomwaffenfrei","Atomwaffenverbotsvertrag","Frieden","Griechenland","ICAN","SaveTheCity","Welt ohne Kriege und Gewalt"],"articleSection":["Europa","Frieden und Abr\u00fcstung","Originalinhalt"],"inLanguage":"de"},{"@type":"WebPage","@id":"https:\/\/www.pressenza.com\/de\/2022\/07\/27-gemeinden-in-griechenland-sagen-nein-zu-atomwaffen\/","url":"https:\/\/www.pressenza.com\/de\/2022\/07\/27-gemeinden-in-griechenland-sagen-nein-zu-atomwaffen\/","name":"27 Gemeinden in Griechenland sagen Nein zu Atomwaffen","isPartOf":{"@id":"https:\/\/www.pressenza.com\/de\/#website"},"primaryImageOfPage":{"@id":"https:\/\/www.pressenza.com\/de\/2022\/07\/27-gemeinden-in-griechenland-sagen-nein-zu-atomwaffen\/#primaryimage"},"image":{"@id":"https:\/\/www.pressenza.com\/de\/2022\/07\/27-gemeinden-in-griechenland-sagen-nein-zu-atomwaffen\/#primaryimage"},"thumbnailUrl":"https:\/\/www.pressenza.com\/wp-content\/uploads\/2022\/06\/\u03c3\u03c9\u0301\u03c3\u03b5\u03c4\u03b7\u03bd\u03c0\u03bf\u0301\u03bb\u03b7-5.png","datePublished":"2022-07-05T11:43:55+00:00","description":"Die Zahl der Gemeinden in Griechenland, die sich der Initiative #SaveTheCity von \"Welt ohne Kriege und Gewalt\" und dem Aufruf der Internationalen Kampagne","breadcrumb":{"@id":"https:\/\/www.pressenza.com\/de\/2022\/07\/27-gemeinden-in-griechenland-sagen-nein-zu-atomwaffen\/#breadcrumb"},"inLanguage":"de","potentialAction":[{"@type":"ReadAction","target":["https:\/\/www.pressenza.com\/de\/2022\/07\/27-gemeinden-in-griechenland-sagen-nein-zu-atomwaffen\/"]}]},{"@type":"ImageObject","inLanguage":"de","@id":"https:\/\/www.pressenza.com\/de\/2022\/07\/27-gemeinden-in-griechenland-sagen-nein-zu-atomwaffen\/#primaryimage","url":"https:\/\/www.pressenza.com\/wp-content\/uploads\/2022\/06\/\u03c3\u03c9\u0301\u03c3\u03b5\u03c4\u03b7\u03bd\u03c0\u03bf\u0301\u03bb\u03b7-5.png","contentUrl":"https:\/\/www.pressenza.com\/wp-content\/uploads\/2022\/06\/\u03c3\u03c9\u0301\u03c3\u03b5\u03c4\u03b7\u03bd\u03c0\u03bf\u0301\u03bb\u03b7-5.png","width":1640,"height":924},{"@type":"BreadcrumbList","@id":"https:\/\/www.pressenza.com\/de\/2022\/07\/27-gemeinden-in-griechenland-sagen-nein-zu-atomwaffen\/#breadcrumb","itemListElement":[{"@type":"ListItem","position":1,"name":"Accueil","item":"https:\/\/www.pressenza.com\/de\/"},{"@type":"ListItem","position":2,"name":"27 Gemeinden in Griechenland sagen Nein zu Atomwaffen"}]},{"@type":"WebSite","@id":"https:\/\/www.pressenza.com\/de\/#website","url":"https:\/\/www.pressenza.com\/de\/","name":"Pressenza","description":"International Press Agency","publisher":{"@id":"https:\/\/www.pressenza.com\/de\/#organization"},"potentialAction":[{"@type":"SearchAction","target":{"@type":"EntryPoint","urlTemplate":"https:\/\/www.pressenza.com\/de\/?s={search_term_string}"},"query-input":{"@type":"PropertyValueSpecification","valueRequired":true,"valueName":"search_term_string"}}],"inLanguage":"de"},{"@type":"Organization","@id":"https:\/\/www.pressenza.com\/de\/#organization","name":"Pressenza","url":"https:\/\/www.pressenza.com\/de\/","logo":{"@type":"ImageObject","inLanguage":"de","@id":"https:\/\/www.pressenza.com\/de\/#\/schema\/logo\/image\/","url":"https:\/\/www.pressenza.com\/wp-content\/uploads\/2022\/10\/pressenza_logo_200x200.jpg","contentUrl":"https:\/\/www.pressenza.com\/wp-content\/uploads\/2022\/10\/pressenza_logo_200x200.jpg","width":200,"height":200,"caption":"Pressenza"},"image":{"@id":"https:\/\/www.pressenza.com\/de\/#\/schema\/logo\/image\/"},"sameAs":["https:\/\/www.facebook.com\/PressenzaItalia","https:\/\/x.com\/PressenzaIPA"]},{"@type":"Person","@id":"https:\/\/www.pressenza.com\/de\/#\/schema\/person\/9eae8d7f0aad5ec6a7f6f21ec94480fb","name":"Pressenza Athens","description":"News from the Pressenza Bureau in Athens, Greece","sameAs":["https:\/\/www.facebook.com\/pressenzagr\/","https:\/\/x.com\/Pressenza_ath"],"url":"https:\/\/www.pressenza.com\/de\/author\/pressenza-athens\/"}]}},"place":"","original_article_url":"","_links":{"self":[{"href":"https:\/\/www.pressenza.com\/de\/wp-json\/wp\/v2\/posts\/1620298","targetHints":{"allow":["GET"]}}],"collection":[{"href":"https:\/\/www.pressenza.com\/de\/wp-json\/wp\/v2\/posts"}],"about":[{"href":"https:\/\/www.pressenza.com\/de\/wp-json\/wp\/v2\/types\/post"}],"author":[{"embeddable":true,"href":"https:\/\/www.pressenza.com\/de\/wp-json\/wp\/v2\/users\/1220"}],"replies":[{"embeddable":true,"href":"https:\/\/www.pressenza.com\/de\/wp-json\/wp\/v2\/comments?post=1620298"}],"version-history":[{"count":0,"href":"https:\/\/www.pressenza.com\/de\/wp-json\/wp\/v2\/posts\/1620298\/revisions"}],"wp:featuredmedia":[{"embeddable":true,"href":"https:\/\/www.pressenza.com\/de\/wp-json\/wp\/v2\/media\/1611155"}],"wp:attachment":[{"href":"https:\/\/www.pressenza.com\/de\/wp-json\/wp\/v2\/media?parent=1620298"}],"wp:term":[{"taxonomy":"category","embeddable":true,"href":"https:\/\/www.pressenza.com\/de\/wp-json\/wp\/v2\/categories?post=1620298"},{"taxonomy":"post_tag","embeddable":true,"href":"https:\/\/www.pressenza.com\/de\/wp-json\/wp\/v2\/tags?post=1620298"}],"curies":[{"name":"wp","href":"https:\/\/api.w.org\/{rel}","templated":true}]}}