{"id":1620282,"date":"2022-07-05T12:23:20","date_gmt":"2022-07-05T11:23:20","guid":{"rendered":"https:\/\/www.pressenza.com\/?p=1620282"},"modified":"2022-07-05T12:31:53","modified_gmt":"2022-07-05T11:31:53","slug":"ein-historisches-schlachtfeld","status":"publish","type":"post","link":"https:\/\/www.pressenza.com\/de\/2022\/07\/ein-historisches-schlachtfeld\/","title":{"rendered":"Ein historisches Schlachtfeld"},"content":{"rendered":"<blockquote>\n<h3><em><strong>&#8222;Das Problem der Frauen war schon immer ein Problem der M\u00e4nner&#8220; Simone de Beauvoir.<\/strong><\/em><\/h3>\n<\/blockquote>\n<p>In den letzten Tagen haben drei Entscheidungen des US Supreme Court den Weg f\u00fcr einen radikalen R\u00fcckschritt im Bereich der Rechtsprechung, aber auch f\u00fcr die Bekr\u00e4ftigung einer vielfach widerspr\u00fcchlichen Position zum Schutz von Leben und Freiheit aufgezeigt. Die Abschaffung des Rechts auf Abtreibung durch die Annullierung des bahnbrechenden Urteils Roe v. Wade von 1973, das diese Option als verfassungsm\u00e4\u00dfiges Recht festschrieb, l\u00e4sst Millionen amerikanischer Frauen schutzlos zur\u00fcck und setzt sie schwerwiegenden gesundheitlichen Risiken aus, vor allem aber macht es sie zu einem Objekt politischer Kontrolle unter dem schwachen Vorwand des Rechts auf Leben. Diese Entscheidung des Gerichtshofs stellt eine weitere Form der Verletzung des weiblichen K\u00f6rpers dar, \u00e4hnlich derjenigen, die in jedem Kriegsszenario und ironischerweise zu denselben Zwecken begangen wird.<\/p>\n<p>Die zweite Entscheidung des Obersten Gerichtshofs best\u00e4tigt den Zynismus der rechtsextremen Gruppen in diesem Land, indem sie die Beschr\u00e4nkungen f\u00fcr den Besitz von Waffen auf \u00f6ffentlichen Stra\u00dfen im Bundesstaat New York aufhebt. Mit anderen Worten: W\u00e4hrend auf der einen Seite die Rechte der Frauen eingeschr\u00e4nkt werden, werden auf der anderen Seite die Regeln f\u00fcr eines der gef\u00e4hrlichsten Verfassungsrechte f\u00fcr das menschliche Leben gelockert. Und die dritte Entscheidung best\u00e4tigt einmal mehr die Doppelmoral der h\u00f6chsten juristischen Instanzen &#8211; die nat\u00fcrlich eine ganze Tradition des Fundamentalismus widerspiegelt -, indem sie der Subventionierung religi\u00f6ser Indoktrination in Schulen mit staatlichen Mitteln T\u00fcr und Tor \u00f6ffnet und damit gegen die traditionelle Trennung von Kirche und Staat verst\u00f6\u00dft.<\/p>\n<p>Parallel zu dieser R\u00fcckkehr zu einem Regelungsrahmen, der bereits verankerte Rechte ernsthaft verletzt, wird eine R\u00fcckkehr zu restriktiven Praktiken f\u00fcr bestimmte gesellschaftliche Gruppen &#8211; Frauen und Kinder &#8211; aggressiv durchgesetzt und damit ein langj\u00e4hriges Bem\u00fchen, das viele Menschenleben gekostet hat, auf einen Schlag zunichte gemacht. Die Gewalt, die diesen Entscheidungen innewohnt, ist Ausdruck einer historischen Entwicklung hin zu einem versteckten Faschismus, der sich hinter einer Moral versteckt. Jede Entscheidung, die darauf abzielt, einer bestimmten Gesellschaftsgruppe bereits errungene Rechte zu nehmen, ist unmoralisch und hat keine wirkliche Rechtsgrundlage, da sie ein Akt der Diskriminierung ist.<\/p>\n<p>Der K\u00f6rper der Frau ist und war schon immer ein Schlachtfeld. Ihn physisch oder in seinem Wesen zu zerst\u00f6ren, ist gleichbedeutend mit der Vernichtung eines grundlegenden Teils des sozialen Gef\u00fcges. Aus diesem Grund ist der Kampf um die Rechte der Frauen allgegenw\u00e4rtig, denn sie werden niemals gew\u00e4hrleistet sein, solange sie in einem patriarchalischen System wirtschaftlicher und politischer Vorherrschaft leben, in dem ihr Platz keine feste Grundlage hat. Dies ist eine Realit\u00e4t in jeder Gesellschaft, egal wie hoch entwickelt sie ist.<\/p>\n<p>Der Diskurs f\u00fcr das Leben, institutionalisiert mit dem Eifer von Regierungen, deren Verantwortliche Kriegsverbrechen unter dem Deckmantel von Unternehmensinteressen sch\u00fctzen, kollidiert frontal mit Initiativen, die darauf abzielen, die Sicherheit, das Leben und die Freiheit von mehr als der H\u00e4lfte ihrer Bev\u00f6lkerung zu beschneiden. Die Einmischung religi\u00f6ser Doktrinen in diese ungeheuerliche Zurschaustellung von Zynismus und Missbrauch, selbst in L\u00e4ndern, deren Verfassungstexte eine strikte Trennung ihrer Eingriffssph\u00e4ren vorsehen, macht \u00fcberdeutlich, wie viel Einfluss die volle Freiheit der Frauen in einem System h\u00e4tte, das in der Lage w\u00e4re, ihre Talente und Werte anzuerkennen. Dieses Thema ist noch nicht abgeschlossen.<\/p>\n<p><strong>Die uneingeschr\u00e4nkte Freiheit der Frauen bleibt in allen Gesellschaften ein offenes Thema.<\/strong><\/p>\n<p><strong><em>Die \u00dcbersetzung aus dem Englischen wurde von Anita K\u00f6bler <\/em><em>vom ehrenamtlichen Pressenza-\u00dcbersetzungsteam erstellt. <a href=\"https:\/\/www.pressenza.com\/de\/mitarbeiten\/\" target=\"_blank\" rel=\"noopener\">Wir suchen Freiwillige!<\/a><\/em><\/strong><\/p>\n","protected":false},"excerpt":{"rendered":"<p>&#8222;Das Problem der Frauen war schon immer ein Problem der M\u00e4nner&#8220; Simone de Beauvoir. In den letzten Tagen haben drei Entscheidungen des US Supreme Court den Weg f\u00fcr einen radikalen R\u00fcckschritt im Bereich der Rechtsprechung, aber auch f\u00fcr die Bekr\u00e4ftigung&hellip;<\/p>\n","protected":false},"author":1296,"featured_media":1620284,"comment_status":"closed","ping_status":"closed","sticky":false,"template":"","format":"standard","meta":{"footnotes":""},"categories":[54510,7835,9143,11387],"tags":[48407,83338,9934,30246,103378,17923,103148,17922,81947,32816,9767,103377],"class_list":["post-1620282","post","type-post","status-publish","format-standard","has-post-thumbnail","hentry","category-gender-und-feminismen","category-international-de","category-meinungen","category-originalinhalt","tag-abtreibungsgesetz","tag-abtreibungsverbot","tag-frauenrechte","tag-klimaschutz","tag-kohlelobby","tag-my-body-my-rights","tag-roe-v-wade-de","tag-schwangerschaftsabbruch","tag-supreme-court-de","tag-treibhausgasemissionen","tag-usa-de","tag-waffen-lobby"],"yoast_head":"<!-- This site is optimized with the Yoast SEO plugin v27.1.1 - https:\/\/yoast.com\/product\/yoast-seo-wordpress\/ -->\n<title>Ein historisches Schlachtfeld<\/title>\n<meta name=\"description\" content=\"&quot;Das Problem der Frauen war schon immer ein Problem der M\u00e4nner&quot; Simone de Beauvoir. In den letzten Tagen haben drei Entscheidungen des US Supreme Court\" \/>\n<meta name=\"robots\" content=\"index, follow, max-snippet:-1, max-image-preview:large, max-video-preview:-1\" \/>\n<link rel=\"canonical\" href=\"https:\/\/www.pressenza.com\/de\/2022\/07\/ein-historisches-schlachtfeld\/\" \/>\n<meta property=\"og:locale\" content=\"de_DE\" \/>\n<meta property=\"og:type\" content=\"article\" \/>\n<meta property=\"og:title\" content=\"Ein historisches Schlachtfeld\" \/>\n<meta property=\"og:description\" content=\"&quot;Das Problem der Frauen war schon immer ein Problem der M\u00e4nner&quot; Simone de Beauvoir. In den letzten Tagen haben drei Entscheidungen des US Supreme Court\" \/>\n<meta property=\"og:url\" content=\"https:\/\/www.pressenza.com\/de\/2022\/07\/ein-historisches-schlachtfeld\/\" \/>\n<meta property=\"og:site_name\" content=\"Pressenza\" \/>\n<meta property=\"article:publisher\" content=\"https:\/\/www.facebook.com\/PressenzaItalia\" \/>\n<meta property=\"article:author\" content=\"https:\/\/www.facebook.com\/pages\/Carolina-V\u00e1squez-Araya\/241844515845237?fref=ts\" \/>\n<meta property=\"article:published_time\" content=\"2022-07-05T11:23:20+00:00\" \/>\n<meta property=\"article:modified_time\" content=\"2022-07-05T11:31:53+00:00\" \/>\n<meta property=\"og:image\" content=\"https:\/\/www.pressenza.com\/wp-content\/uploads\/2022\/07\/Historisches_Schlachtfeld.jpg\" \/>\n\t<meta property=\"og:image:width\" content=\"820\" \/>\n\t<meta property=\"og:image:height\" content=\"546\" \/>\n\t<meta property=\"og:image:type\" content=\"image\/jpeg\" \/>\n<meta name=\"author\" content=\"Carolina V\u00e1squez Araya\" \/>\n<meta name=\"twitter:card\" content=\"summary_large_image\" \/>\n<meta name=\"twitter:creator\" content=\"@carvasar\" \/>\n<meta name=\"twitter:site\" content=\"@PressenzaIPA\" \/>\n<meta name=\"twitter:label1\" content=\"Verfasst von\" \/>\n\t<meta name=\"twitter:data1\" content=\"Carolina V\u00e1squez Araya\" \/>\n\t<meta name=\"twitter:label2\" content=\"Gesch\u00e4tzte Lesezeit\" \/>\n\t<meta name=\"twitter:data2\" content=\"3\u00a0Minuten\" \/>\n<script type=\"application\/ld+json\" class=\"yoast-schema-graph\">{\"@context\":\"https:\/\/schema.org\",\"@graph\":[{\"@type\":\"Article\",\"@id\":\"https:\/\/www.pressenza.com\/de\/2022\/07\/ein-historisches-schlachtfeld\/#article\",\"isPartOf\":{\"@id\":\"https:\/\/www.pressenza.com\/de\/2022\/07\/ein-historisches-schlachtfeld\/\"},\"author\":{\"name\":\"Carolina V\u00e1squez Araya\",\"@id\":\"https:\/\/www.pressenza.com\/de\/#\/schema\/person\/6936ca3bb8dee618b5cdfd0e4427cdd6\"},\"headline\":\"Ein historisches Schlachtfeld\",\"datePublished\":\"2022-07-05T11:23:20+00:00\",\"dateModified\":\"2022-07-05T11:31:53+00:00\",\"mainEntityOfPage\":{\"@id\":\"https:\/\/www.pressenza.com\/de\/2022\/07\/ein-historisches-schlachtfeld\/\"},\"wordCount\":594,\"publisher\":{\"@id\":\"https:\/\/www.pressenza.com\/de\/#organization\"},\"image\":{\"@id\":\"https:\/\/www.pressenza.com\/de\/2022\/07\/ein-historisches-schlachtfeld\/#primaryimage\"},\"thumbnailUrl\":\"https:\/\/www.pressenza.com\/wp-content\/uploads\/2022\/07\/Historisches_Schlachtfeld.jpg\",\"keywords\":[\"Abtreibungsgesetz\",\"Abtreibungsverbot\",\"Frauenrechte\",\"Klimaschutz\",\"Kohlelobby\",\"my body my rights\",\"Roe v. Wade\",\"Schwangerschaftsabbruch\",\"Supreme Court\",\"Treibhausgasemissionen\",\"USA\",\"Waffen-Lobby\"],\"articleSection\":[\"Gender und Feminismen\",\"International\",\"Meinungen\",\"Originalinhalt\"],\"inLanguage\":\"de\"},{\"@type\":\"WebPage\",\"@id\":\"https:\/\/www.pressenza.com\/de\/2022\/07\/ein-historisches-schlachtfeld\/\",\"url\":\"https:\/\/www.pressenza.com\/de\/2022\/07\/ein-historisches-schlachtfeld\/\",\"name\":\"Ein historisches Schlachtfeld\",\"isPartOf\":{\"@id\":\"https:\/\/www.pressenza.com\/de\/#website\"},\"primaryImageOfPage\":{\"@id\":\"https:\/\/www.pressenza.com\/de\/2022\/07\/ein-historisches-schlachtfeld\/#primaryimage\"},\"image\":{\"@id\":\"https:\/\/www.pressenza.com\/de\/2022\/07\/ein-historisches-schlachtfeld\/#primaryimage\"},\"thumbnailUrl\":\"https:\/\/www.pressenza.com\/wp-content\/uploads\/2022\/07\/Historisches_Schlachtfeld.jpg\",\"datePublished\":\"2022-07-05T11:23:20+00:00\",\"dateModified\":\"2022-07-05T11:31:53+00:00\",\"description\":\"\\\"Das Problem der Frauen war schon immer ein Problem der M\u00e4nner\\\" Simone de Beauvoir. In den letzten Tagen haben drei Entscheidungen des US Supreme Court\",\"breadcrumb\":{\"@id\":\"https:\/\/www.pressenza.com\/de\/2022\/07\/ein-historisches-schlachtfeld\/#breadcrumb\"},\"inLanguage\":\"de\",\"potentialAction\":[{\"@type\":\"ReadAction\",\"target\":[\"https:\/\/www.pressenza.com\/de\/2022\/07\/ein-historisches-schlachtfeld\/\"]}]},{\"@type\":\"ImageObject\",\"inLanguage\":\"de\",\"@id\":\"https:\/\/www.pressenza.com\/de\/2022\/07\/ein-historisches-schlachtfeld\/#primaryimage\",\"url\":\"https:\/\/www.pressenza.com\/wp-content\/uploads\/2022\/07\/Historisches_Schlachtfeld.jpg\",\"contentUrl\":\"https:\/\/www.pressenza.com\/wp-content\/uploads\/2022\/07\/Historisches_Schlachtfeld.jpg\",\"width\":820,\"height\":546,\"caption\":\"Ein historisches Schlachtfeld\"},{\"@type\":\"BreadcrumbList\",\"@id\":\"https:\/\/www.pressenza.com\/de\/2022\/07\/ein-historisches-schlachtfeld\/#breadcrumb\",\"itemListElement\":[{\"@type\":\"ListItem\",\"position\":1,\"name\":\"Accueil\",\"item\":\"https:\/\/www.pressenza.com\/de\/\"},{\"@type\":\"ListItem\",\"position\":2,\"name\":\"Ein historisches Schlachtfeld\"}]},{\"@type\":\"WebSite\",\"@id\":\"https:\/\/www.pressenza.com\/de\/#website\",\"url\":\"https:\/\/www.pressenza.com\/de\/\",\"name\":\"Pressenza\",\"description\":\"International Press Agency\",\"publisher\":{\"@id\":\"https:\/\/www.pressenza.com\/de\/#organization\"},\"potentialAction\":[{\"@type\":\"SearchAction\",\"target\":{\"@type\":\"EntryPoint\",\"urlTemplate\":\"https:\/\/www.pressenza.com\/de\/?s={search_term_string}\"},\"query-input\":{\"@type\":\"PropertyValueSpecification\",\"valueRequired\":true,\"valueName\":\"search_term_string\"}}],\"inLanguage\":\"de\"},{\"@type\":\"Organization\",\"@id\":\"https:\/\/www.pressenza.com\/de\/#organization\",\"name\":\"Pressenza\",\"url\":\"https:\/\/www.pressenza.com\/de\/\",\"logo\":{\"@type\":\"ImageObject\",\"inLanguage\":\"de\",\"@id\":\"https:\/\/www.pressenza.com\/de\/#\/schema\/logo\/image\/\",\"url\":\"https:\/\/www.pressenza.com\/wp-content\/uploads\/2022\/10\/pressenza_logo_200x200.jpg\",\"contentUrl\":\"https:\/\/www.pressenza.com\/wp-content\/uploads\/2022\/10\/pressenza_logo_200x200.jpg\",\"width\":200,\"height\":200,\"caption\":\"Pressenza\"},\"image\":{\"@id\":\"https:\/\/www.pressenza.com\/de\/#\/schema\/logo\/image\/\"},\"sameAs\":[\"https:\/\/www.facebook.com\/PressenzaItalia\",\"https:\/\/x.com\/PressenzaIPA\"]},{\"@type\":\"Person\",\"@id\":\"https:\/\/www.pressenza.com\/de\/#\/schema\/person\/6936ca3bb8dee618b5cdfd0e4427cdd6\",\"name\":\"Carolina V\u00e1squez Araya\",\"description\":\"Periodista y editora con m\u00e1s de 30 a\u00f1os de experiencia, cuyos logros profesionales en el desarrollo de proyectos de gran \u00e9xito avalan sus cualidades de liderazgo, creatividad y relaciones p\u00fablicas. Ha aportado sus conocimientos en proyectos de organizaciones con intereses orientados al desarrollo social, cultural y econ\u00f3mico del pa\u00eds, con especial \u00e9nfasis en el sector de cultura y educaci\u00f3n, emprendimiento, derechos humanos, justicia, ambiente, mujeres y ni\u00f1ez. Chilena en Guatemala. elquintopatio.wordpress.com\",\"sameAs\":[\"https:\/\/www.facebook.com\/pages\/Carolina-V\u00e1squez-Araya\/241844515845237?fref=ts\",\"https:\/\/x.com\/carvasar\"],\"url\":\"https:\/\/www.pressenza.com\/de\/author\/carolina-vasquez-araya\/\"}]}<\/script>\n<!-- \/ Yoast SEO plugin. -->","yoast_head_json":{"title":"Ein historisches Schlachtfeld","description":"\"Das Problem der Frauen war schon immer ein Problem der M\u00e4nner\" Simone de Beauvoir. In den letzten Tagen haben drei Entscheidungen des US Supreme Court","robots":{"index":"index","follow":"follow","max-snippet":"max-snippet:-1","max-image-preview":"max-image-preview:large","max-video-preview":"max-video-preview:-1"},"canonical":"https:\/\/www.pressenza.com\/de\/2022\/07\/ein-historisches-schlachtfeld\/","og_locale":"de_DE","og_type":"article","og_title":"Ein historisches Schlachtfeld","og_description":"\"Das Problem der Frauen war schon immer ein Problem der M\u00e4nner\" Simone de Beauvoir. In den letzten Tagen haben drei Entscheidungen des US Supreme Court","og_url":"https:\/\/www.pressenza.com\/de\/2022\/07\/ein-historisches-schlachtfeld\/","og_site_name":"Pressenza","article_publisher":"https:\/\/www.facebook.com\/PressenzaItalia","article_author":"https:\/\/www.facebook.com\/pages\/Carolina-V\u00e1squez-Araya\/241844515845237?fref=ts","article_published_time":"2022-07-05T11:23:20+00:00","article_modified_time":"2022-07-05T11:31:53+00:00","og_image":[{"width":820,"height":546,"url":"https:\/\/www.pressenza.com\/wp-content\/uploads\/2022\/07\/Historisches_Schlachtfeld.jpg","type":"image\/jpeg"}],"author":"Carolina V\u00e1squez Araya","twitter_card":"summary_large_image","twitter_creator":"@carvasar","twitter_site":"@PressenzaIPA","twitter_misc":{"Verfasst von":"Carolina V\u00e1squez Araya","Gesch\u00e4tzte Lesezeit":"3\u00a0Minuten"},"schema":{"@context":"https:\/\/schema.org","@graph":[{"@type":"Article","@id":"https:\/\/www.pressenza.com\/de\/2022\/07\/ein-historisches-schlachtfeld\/#article","isPartOf":{"@id":"https:\/\/www.pressenza.com\/de\/2022\/07\/ein-historisches-schlachtfeld\/"},"author":{"name":"Carolina V\u00e1squez Araya","@id":"https:\/\/www.pressenza.com\/de\/#\/schema\/person\/6936ca3bb8dee618b5cdfd0e4427cdd6"},"headline":"Ein historisches Schlachtfeld","datePublished":"2022-07-05T11:23:20+00:00","dateModified":"2022-07-05T11:31:53+00:00","mainEntityOfPage":{"@id":"https:\/\/www.pressenza.com\/de\/2022\/07\/ein-historisches-schlachtfeld\/"},"wordCount":594,"publisher":{"@id":"https:\/\/www.pressenza.com\/de\/#organization"},"image":{"@id":"https:\/\/www.pressenza.com\/de\/2022\/07\/ein-historisches-schlachtfeld\/#primaryimage"},"thumbnailUrl":"https:\/\/www.pressenza.com\/wp-content\/uploads\/2022\/07\/Historisches_Schlachtfeld.jpg","keywords":["Abtreibungsgesetz","Abtreibungsverbot","Frauenrechte","Klimaschutz","Kohlelobby","my body my rights","Roe v. Wade","Schwangerschaftsabbruch","Supreme Court","Treibhausgasemissionen","USA","Waffen-Lobby"],"articleSection":["Gender und Feminismen","International","Meinungen","Originalinhalt"],"inLanguage":"de"},{"@type":"WebPage","@id":"https:\/\/www.pressenza.com\/de\/2022\/07\/ein-historisches-schlachtfeld\/","url":"https:\/\/www.pressenza.com\/de\/2022\/07\/ein-historisches-schlachtfeld\/","name":"Ein historisches Schlachtfeld","isPartOf":{"@id":"https:\/\/www.pressenza.com\/de\/#website"},"primaryImageOfPage":{"@id":"https:\/\/www.pressenza.com\/de\/2022\/07\/ein-historisches-schlachtfeld\/#primaryimage"},"image":{"@id":"https:\/\/www.pressenza.com\/de\/2022\/07\/ein-historisches-schlachtfeld\/#primaryimage"},"thumbnailUrl":"https:\/\/www.pressenza.com\/wp-content\/uploads\/2022\/07\/Historisches_Schlachtfeld.jpg","datePublished":"2022-07-05T11:23:20+00:00","dateModified":"2022-07-05T11:31:53+00:00","description":"\"Das Problem der Frauen war schon immer ein Problem der M\u00e4nner\" Simone de Beauvoir. In den letzten Tagen haben drei Entscheidungen des US Supreme Court","breadcrumb":{"@id":"https:\/\/www.pressenza.com\/de\/2022\/07\/ein-historisches-schlachtfeld\/#breadcrumb"},"inLanguage":"de","potentialAction":[{"@type":"ReadAction","target":["https:\/\/www.pressenza.com\/de\/2022\/07\/ein-historisches-schlachtfeld\/"]}]},{"@type":"ImageObject","inLanguage":"de","@id":"https:\/\/www.pressenza.com\/de\/2022\/07\/ein-historisches-schlachtfeld\/#primaryimage","url":"https:\/\/www.pressenza.com\/wp-content\/uploads\/2022\/07\/Historisches_Schlachtfeld.jpg","contentUrl":"https:\/\/www.pressenza.com\/wp-content\/uploads\/2022\/07\/Historisches_Schlachtfeld.jpg","width":820,"height":546,"caption":"Ein historisches Schlachtfeld"},{"@type":"BreadcrumbList","@id":"https:\/\/www.pressenza.com\/de\/2022\/07\/ein-historisches-schlachtfeld\/#breadcrumb","itemListElement":[{"@type":"ListItem","position":1,"name":"Accueil","item":"https:\/\/www.pressenza.com\/de\/"},{"@type":"ListItem","position":2,"name":"Ein historisches Schlachtfeld"}]},{"@type":"WebSite","@id":"https:\/\/www.pressenza.com\/de\/#website","url":"https:\/\/www.pressenza.com\/de\/","name":"Pressenza","description":"International Press Agency","publisher":{"@id":"https:\/\/www.pressenza.com\/de\/#organization"},"potentialAction":[{"@type":"SearchAction","target":{"@type":"EntryPoint","urlTemplate":"https:\/\/www.pressenza.com\/de\/?s={search_term_string}"},"query-input":{"@type":"PropertyValueSpecification","valueRequired":true,"valueName":"search_term_string"}}],"inLanguage":"de"},{"@type":"Organization","@id":"https:\/\/www.pressenza.com\/de\/#organization","name":"Pressenza","url":"https:\/\/www.pressenza.com\/de\/","logo":{"@type":"ImageObject","inLanguage":"de","@id":"https:\/\/www.pressenza.com\/de\/#\/schema\/logo\/image\/","url":"https:\/\/www.pressenza.com\/wp-content\/uploads\/2022\/10\/pressenza_logo_200x200.jpg","contentUrl":"https:\/\/www.pressenza.com\/wp-content\/uploads\/2022\/10\/pressenza_logo_200x200.jpg","width":200,"height":200,"caption":"Pressenza"},"image":{"@id":"https:\/\/www.pressenza.com\/de\/#\/schema\/logo\/image\/"},"sameAs":["https:\/\/www.facebook.com\/PressenzaItalia","https:\/\/x.com\/PressenzaIPA"]},{"@type":"Person","@id":"https:\/\/www.pressenza.com\/de\/#\/schema\/person\/6936ca3bb8dee618b5cdfd0e4427cdd6","name":"Carolina V\u00e1squez Araya","description":"Periodista y editora con m\u00e1s de 30 a\u00f1os de experiencia, cuyos logros profesionales en el desarrollo de proyectos de gran \u00e9xito avalan sus cualidades de liderazgo, creatividad y relaciones p\u00fablicas. Ha aportado sus conocimientos en proyectos de organizaciones con intereses orientados al desarrollo social, cultural y econ\u00f3mico del pa\u00eds, con especial \u00e9nfasis en el sector de cultura y educaci\u00f3n, emprendimiento, derechos humanos, justicia, ambiente, mujeres y ni\u00f1ez. Chilena en Guatemala. elquintopatio.wordpress.com","sameAs":["https:\/\/www.facebook.com\/pages\/Carolina-V\u00e1squez-Araya\/241844515845237?fref=ts","https:\/\/x.com\/carvasar"],"url":"https:\/\/www.pressenza.com\/de\/author\/carolina-vasquez-araya\/"}]}},"place":"","original_article_url":"","_links":{"self":[{"href":"https:\/\/www.pressenza.com\/de\/wp-json\/wp\/v2\/posts\/1620282","targetHints":{"allow":["GET"]}}],"collection":[{"href":"https:\/\/www.pressenza.com\/de\/wp-json\/wp\/v2\/posts"}],"about":[{"href":"https:\/\/www.pressenza.com\/de\/wp-json\/wp\/v2\/types\/post"}],"author":[{"embeddable":true,"href":"https:\/\/www.pressenza.com\/de\/wp-json\/wp\/v2\/users\/1296"}],"replies":[{"embeddable":true,"href":"https:\/\/www.pressenza.com\/de\/wp-json\/wp\/v2\/comments?post=1620282"}],"version-history":[{"count":0,"href":"https:\/\/www.pressenza.com\/de\/wp-json\/wp\/v2\/posts\/1620282\/revisions"}],"wp:featuredmedia":[{"embeddable":true,"href":"https:\/\/www.pressenza.com\/de\/wp-json\/wp\/v2\/media\/1620284"}],"wp:attachment":[{"href":"https:\/\/www.pressenza.com\/de\/wp-json\/wp\/v2\/media?parent=1620282"}],"wp:term":[{"taxonomy":"category","embeddable":true,"href":"https:\/\/www.pressenza.com\/de\/wp-json\/wp\/v2\/categories?post=1620282"},{"taxonomy":"post_tag","embeddable":true,"href":"https:\/\/www.pressenza.com\/de\/wp-json\/wp\/v2\/tags?post=1620282"}],"curies":[{"name":"wp","href":"https:\/\/api.w.org\/{rel}","templated":true}]}}