{"id":1614400,"date":"2022-06-28T10:23:08","date_gmt":"2022-06-28T09:23:08","guid":{"rendered":"https:\/\/www.pressenza.com\/?p=1614400"},"modified":"2022-06-27T15:25:54","modified_gmt":"2022-06-27T14:25:54","slug":"der-grossmaulfrosch","status":"publish","type":"post","link":"https:\/\/www.pressenza.com\/de\/2022\/06\/der-grossmaulfrosch\/","title":{"rendered":"Der Gro\u00dfmaulfrosch"},"content":{"rendered":"<p><strong>Der Gro\u00dfmaulfrosch gilt als gef\u00e4hrde Art, mancherorts ist er offenbar v\u00f6llig ausgestorben. Chinesische Wissenschaftlerinnen der Hunan-Universit\u00e4t (<\/strong><strong>\u6e56\u5357\u5927\u5b66<\/strong><strong>) in Changsha begr\u00fcnden das damit, dass das Tier sein Maul zu weit aufgerissen habe (Hyperventilation).<\/strong><\/p>\n<p><iframe loading=\"lazy\" title=\"Gro\u00dfmaulfrosch \u2013 Grohmanns &quot;Wettern der Woche&quot;\" width=\"500\" height=\"281\" src=\"https:\/\/www.youtube.com\/embed\/uqdvjsrTFX0?feature=oembed\" frameborder=\"0\" allow=\"accelerometer; autoplay; clipboard-write; encrypted-media; gyroscope; picture-in-picture; web-share\" referrerpolicy=\"strict-origin-when-cross-origin\" allowfullscreen><\/iframe><\/p>\n<p>Diese h\u00e4ufig unphysiologisch vertiefte und \/ oder beschleunigte Atmung f\u00fchrt, wie sich heute belegen l\u00e4sst, die zu einer Verminderung des alveol\u00e4ren und arteriellen CO-2-Partialdrucks, \u00e4hnlich wie bei tats\u00e4chlichen oder eingebildeten Gro\u00dfm\u00e4chten mit verlorenen F\u00fchrungsrollen. Insoweit feiert ja das Gro\u00dfdeutsche Reich (ohne die durch Egon Bahr und Willy Brandt verlorenen gegebenen Ostgebiete) zurzeit eine Wiedergeburt, aber eben ohne Atomwaffen. Gern erinnern wir uns hier an den alten Faschisten Werner von Braun, den allerdings die Nordamerikaner nach unseren geplatzten Gro\u00dfmachttr\u00e4umen kidnappten und in die USA entf\u00fchrten.<\/p>\n<p>W\u00e4re es anders gekommen, h\u00e4tten wir jetzt die Atombombe. So aber d\u00fcrfen wir sie nur hin- und herfliegen. Schon Bert Brecht forderte von uns:<\/p>\n<blockquote><p><em>Scheue dich nicht zu fragen, Genosse! \/ La\u00df dir nichts einreden!<\/em><br \/>\n<em>Sieh selber nach! \/ Was du nicht selber wei\u00dft \/ Wei\u00dft du nicht.<\/em><br \/>\n<em>Pr\u00fcfe die Rechnung \/ Du mu\u00dft sie bezahlen!<\/em><br \/>\n<em>Lege den Finger auf jeden Posten \/ Frage: wie kommt er hierher?<\/em><br \/>\n<em>Du mu\u00dft die F\u00fchrung \u00fcbernehmen!<\/em><\/p><\/blockquote>\n<p>Sind wir bereit f\u00fcr diese F\u00fchrungsrolle? Auch in Elmau? Habeck und B\u00e4rbock und Hofreiter ja, bis zu einer gewissen Grenze, Strau\u00df und Eppler nein. Ich z\u00f6gere noch. Ich bin wie die Berliner Linke Katina Schubert hin- und hergerissen von den schweren Waffen. Schubert sagte ja offen und ehrlich, dass Putin dabei ist, sein pr\u00e4faschistisches Regime in Russland ausbauen.<\/p>\n<p>Gleichzeit schnauzte Janine Natalie Wissler Putin an, er sei ja gar kein Linker, auch wenn es bei uns der eine und die andere immer noch glaubten.<\/p>\n<p>Putin sei nicht mal ein gewesener Linker.<\/p>\n<p>Egal. Wichtig ist die nur Bewaffnung. Manche behaupten, dass der freie Westen (das sind wir ohne Guantanamo und Berufsverbote) milit\u00e4risch zehnmal so stark ist wie der Russe nebst Wei\u00dfrussen. Das ist Feindpropaganda, das wusste schon meine Omi Glimbzsch in Zittau. Und sie wei\u00df sogar noch, warum uns manche nicht \u00fcber den Weg trauen.<\/p>\n<p>Auch egal. In den Bayrischen Bergen stellt sich jetzt heraus, dass wir mit und ohne schwere Waffen eine historische Verantwortung an der Klimakrise, ja eine &#8218;Klimaschuld&#8216; gegen\u00fcber dem Rest der Welt haben. Als einer der gro\u00dfen G7-Staaten mit einem enormen Einfluss auf die allgemeine Weltpolitik.<\/p>\n<p>Hier k\u00f6nnte man Furore machen, denn es gibt Medikamente, deren Nebenwirkungen gef\u00e4hrlicher sind als die echte oder eingebildete Krankheit, die sie heilen sollen.<\/p>\n<p><em><a href=\"https:\/\/www.youtube.com\/channel\/UCIUhugD7UAKv8008QIch1Rw\" target=\"_blank\" rel=\"noopener\">Peter Grohmann\u2019s \u201eWettern der Woche\u201c<\/a><\/em><\/p>\n","protected":false},"excerpt":{"rendered":"<p>Der Gro\u00dfmaulfrosch gilt als gef\u00e4hrde Art, mancherorts ist er offenbar v\u00f6llig ausgestorben. Chinesische Wissenschaftlerinnen der Hunan-Universit\u00e4t (\u6e56\u5357\u5927\u5b66) in Changsha begr\u00fcnden das damit, dass das Tier sein Maul zu weit aufgerissen habe (Hyperventilation). Diese h\u00e4ufig unphysiologisch vertiefte und \/ oder beschleunigte&hellip;<\/p>\n","protected":false},"author":2138,"featured_media":1611115,"comment_status":"closed","ping_status":"closed","sticky":false,"template":"","format":"standard","meta":{"footnotes":""},"categories":[7835,11387,9168,27991],"tags":[61215,102467,103175,102466,16239,102468],"class_list":["post-1614400","post","type-post","status-publish","format-standard","has-post-thumbnail","hentry","category-international-de","category-originalinhalt","category-politik","category-video-de","tag-g7-de","tag-glosse","tag-grossmaulfrosch","tag-peter-grohmann","tag-satire-de","tag-wettern-der-woche"],"yoast_head":"<!-- This site is optimized with the Yoast SEO plugin v27.1.1 - https:\/\/yoast.com\/product\/yoast-seo-wordpress\/ -->\n<title>Der Gro\u00dfmaulfrosch<\/title>\n<meta name=\"description\" content=\"Der Gro\u00dfmaulfrosch gilt als gef\u00e4hrde Art, mancherorts ist er offenbar v\u00f6llig ausgestorben. Chinesische Wissenschaftlerinnen der Hunan-Universit\u00e4t (\u6e56\u5357\u5927\u5b66)\" \/>\n<meta name=\"robots\" content=\"index, follow, max-snippet:-1, max-image-preview:large, max-video-preview:-1\" \/>\n<link rel=\"canonical\" href=\"https:\/\/www.pressenza.com\/de\/2022\/06\/der-grossmaulfrosch\/\" \/>\n<meta property=\"og:locale\" content=\"de_DE\" \/>\n<meta property=\"og:type\" content=\"article\" \/>\n<meta property=\"og:title\" content=\"Der Gro\u00dfmaulfrosch\" \/>\n<meta property=\"og:description\" content=\"Der Gro\u00dfmaulfrosch gilt als gef\u00e4hrde Art, mancherorts ist er offenbar v\u00f6llig ausgestorben. Chinesische Wissenschaftlerinnen der Hunan-Universit\u00e4t (\u6e56\u5357\u5927\u5b66)\" \/>\n<meta property=\"og:url\" content=\"https:\/\/www.pressenza.com\/de\/2022\/06\/der-grossmaulfrosch\/\" \/>\n<meta property=\"og:site_name\" content=\"Pressenza\" \/>\n<meta property=\"article:publisher\" content=\"https:\/\/www.facebook.com\/PressenzaItalia\" \/>\n<meta property=\"article:published_time\" content=\"2022-06-28T09:23:08+00:00\" \/>\n<meta property=\"og:image\" content=\"https:\/\/www.pressenza.com\/wp-content\/uploads\/2022\/06\/Wettern_der_Woche.jpeg\" \/>\n\t<meta property=\"og:image:width\" content=\"820\" \/>\n\t<meta property=\"og:image:height\" content=\"546\" \/>\n\t<meta property=\"og:image:type\" content=\"image\/jpeg\" \/>\n<meta name=\"author\" content=\"Peter Grohmann\" \/>\n<meta name=\"twitter:card\" content=\"summary_large_image\" \/>\n<meta name=\"twitter:creator\" content=\"@PressenzaIPA\" \/>\n<meta name=\"twitter:site\" content=\"@PressenzaIPA\" \/>\n<meta name=\"twitter:label1\" content=\"Verfasst von\" \/>\n\t<meta name=\"twitter:data1\" content=\"Peter Grohmann\" \/>\n\t<meta name=\"twitter:label2\" content=\"Gesch\u00e4tzte Lesezeit\" \/>\n\t<meta name=\"twitter:data2\" content=\"2\u00a0Minuten\" \/>\n<script type=\"application\/ld+json\" class=\"yoast-schema-graph\">{\"@context\":\"https:\/\/schema.org\",\"@graph\":[{\"@type\":\"Article\",\"@id\":\"https:\/\/www.pressenza.com\/de\/2022\/06\/der-grossmaulfrosch\/#article\",\"isPartOf\":{\"@id\":\"https:\/\/www.pressenza.com\/de\/2022\/06\/der-grossmaulfrosch\/\"},\"author\":{\"name\":\"Peter Grohmann\",\"@id\":\"https:\/\/www.pressenza.com\/de\/#\/schema\/person\/13fbb69602a371248f3199c744d1187e\"},\"headline\":\"Der Gro\u00dfmaulfrosch\",\"datePublished\":\"2022-06-28T09:23:08+00:00\",\"mainEntityOfPage\":{\"@id\":\"https:\/\/www.pressenza.com\/de\/2022\/06\/der-grossmaulfrosch\/\"},\"wordCount\":446,\"publisher\":{\"@id\":\"https:\/\/www.pressenza.com\/de\/#organization\"},\"image\":{\"@id\":\"https:\/\/www.pressenza.com\/de\/2022\/06\/der-grossmaulfrosch\/#primaryimage\"},\"thumbnailUrl\":\"https:\/\/www.pressenza.com\/wp-content\/uploads\/2022\/06\/Wettern_der_Woche.jpeg\",\"keywords\":[\"G7\",\"Glosse\",\"Gro\u00dfmaulfrosch\",\"Peter Grohmann\",\"satire\",\"Wettern der Woche\"],\"articleSection\":[\"International\",\"Originalinhalt\",\"Politik\",\"Video\"],\"inLanguage\":\"de\"},{\"@type\":\"WebPage\",\"@id\":\"https:\/\/www.pressenza.com\/de\/2022\/06\/der-grossmaulfrosch\/\",\"url\":\"https:\/\/www.pressenza.com\/de\/2022\/06\/der-grossmaulfrosch\/\",\"name\":\"Der Gro\u00dfmaulfrosch\",\"isPartOf\":{\"@id\":\"https:\/\/www.pressenza.com\/de\/#website\"},\"primaryImageOfPage\":{\"@id\":\"https:\/\/www.pressenza.com\/de\/2022\/06\/der-grossmaulfrosch\/#primaryimage\"},\"image\":{\"@id\":\"https:\/\/www.pressenza.com\/de\/2022\/06\/der-grossmaulfrosch\/#primaryimage\"},\"thumbnailUrl\":\"https:\/\/www.pressenza.com\/wp-content\/uploads\/2022\/06\/Wettern_der_Woche.jpeg\",\"datePublished\":\"2022-06-28T09:23:08+00:00\",\"description\":\"Der Gro\u00dfmaulfrosch gilt als gef\u00e4hrde Art, mancherorts ist er offenbar v\u00f6llig ausgestorben. Chinesische Wissenschaftlerinnen der Hunan-Universit\u00e4t (\u6e56\u5357\u5927\u5b66)\",\"breadcrumb\":{\"@id\":\"https:\/\/www.pressenza.com\/de\/2022\/06\/der-grossmaulfrosch\/#breadcrumb\"},\"inLanguage\":\"de\",\"potentialAction\":[{\"@type\":\"ReadAction\",\"target\":[\"https:\/\/www.pressenza.com\/de\/2022\/06\/der-grossmaulfrosch\/\"]}]},{\"@type\":\"ImageObject\",\"inLanguage\":\"de\",\"@id\":\"https:\/\/www.pressenza.com\/de\/2022\/06\/der-grossmaulfrosch\/#primaryimage\",\"url\":\"https:\/\/www.pressenza.com\/wp-content\/uploads\/2022\/06\/Wettern_der_Woche.jpeg\",\"contentUrl\":\"https:\/\/www.pressenza.com\/wp-content\/uploads\/2022\/06\/Wettern_der_Woche.jpeg\",\"width\":820,\"height\":546,\"caption\":\"Das Wettern der Woche: Infantino\"},{\"@type\":\"BreadcrumbList\",\"@id\":\"https:\/\/www.pressenza.com\/de\/2022\/06\/der-grossmaulfrosch\/#breadcrumb\",\"itemListElement\":[{\"@type\":\"ListItem\",\"position\":1,\"name\":\"Accueil\",\"item\":\"https:\/\/www.pressenza.com\/de\/\"},{\"@type\":\"ListItem\",\"position\":2,\"name\":\"Der Gro\u00dfmaulfrosch\"}]},{\"@type\":\"WebSite\",\"@id\":\"https:\/\/www.pressenza.com\/de\/#website\",\"url\":\"https:\/\/www.pressenza.com\/de\/\",\"name\":\"Pressenza\",\"description\":\"International Press Agency\",\"publisher\":{\"@id\":\"https:\/\/www.pressenza.com\/de\/#organization\"},\"potentialAction\":[{\"@type\":\"SearchAction\",\"target\":{\"@type\":\"EntryPoint\",\"urlTemplate\":\"https:\/\/www.pressenza.com\/de\/?s={search_term_string}\"},\"query-input\":{\"@type\":\"PropertyValueSpecification\",\"valueRequired\":true,\"valueName\":\"search_term_string\"}}],\"inLanguage\":\"de\"},{\"@type\":\"Organization\",\"@id\":\"https:\/\/www.pressenza.com\/de\/#organization\",\"name\":\"Pressenza\",\"url\":\"https:\/\/www.pressenza.com\/de\/\",\"logo\":{\"@type\":\"ImageObject\",\"inLanguage\":\"de\",\"@id\":\"https:\/\/www.pressenza.com\/de\/#\/schema\/logo\/image\/\",\"url\":\"https:\/\/www.pressenza.com\/wp-content\/uploads\/2022\/10\/pressenza_logo_200x200.jpg\",\"contentUrl\":\"https:\/\/www.pressenza.com\/wp-content\/uploads\/2022\/10\/pressenza_logo_200x200.jpg\",\"width\":200,\"height\":200,\"caption\":\"Pressenza\"},\"image\":{\"@id\":\"https:\/\/www.pressenza.com\/de\/#\/schema\/logo\/image\/\"},\"sameAs\":[\"https:\/\/www.facebook.com\/PressenzaItalia\",\"https:\/\/x.com\/PressenzaIPA\"]},{\"@type\":\"Person\",\"@id\":\"https:\/\/www.pressenza.com\/de\/#\/schema\/person\/13fbb69602a371248f3199c744d1187e\",\"name\":\"Peter Grohmann\",\"description\":\"(Jahrgang 1937) lebt in Stuttgart, ist Schriftsteller und Kabarettist und arbeitet u.a. f\u00fcr die Wochenzeitung Kontext, de TAZ und diverse andere Medien. Grohmann hat das B\u00fcrgerprojekt Die AnStifter gegr\u00fcndet, heute eine der gro\u00dfen zivilgeellschaftlichen Gruppen mit dem Schwerpunkt \u201egegen Gewalt und Vergessen\u201d. https:\/\/dewiki.de\/Lexikon\/Peter_Grohmann\",\"url\":\"https:\/\/www.pressenza.com\/de\/author\/peter-grohmann\/\"}]}<\/script>\n<!-- \/ Yoast SEO plugin. -->","yoast_head_json":{"title":"Der Gro\u00dfmaulfrosch","description":"Der Gro\u00dfmaulfrosch gilt als gef\u00e4hrde Art, mancherorts ist er offenbar v\u00f6llig ausgestorben. Chinesische Wissenschaftlerinnen der Hunan-Universit\u00e4t (\u6e56\u5357\u5927\u5b66)","robots":{"index":"index","follow":"follow","max-snippet":"max-snippet:-1","max-image-preview":"max-image-preview:large","max-video-preview":"max-video-preview:-1"},"canonical":"https:\/\/www.pressenza.com\/de\/2022\/06\/der-grossmaulfrosch\/","og_locale":"de_DE","og_type":"article","og_title":"Der Gro\u00dfmaulfrosch","og_description":"Der Gro\u00dfmaulfrosch gilt als gef\u00e4hrde Art, mancherorts ist er offenbar v\u00f6llig ausgestorben. Chinesische Wissenschaftlerinnen der Hunan-Universit\u00e4t (\u6e56\u5357\u5927\u5b66)","og_url":"https:\/\/www.pressenza.com\/de\/2022\/06\/der-grossmaulfrosch\/","og_site_name":"Pressenza","article_publisher":"https:\/\/www.facebook.com\/PressenzaItalia","article_published_time":"2022-06-28T09:23:08+00:00","og_image":[{"width":820,"height":546,"url":"https:\/\/www.pressenza.com\/wp-content\/uploads\/2022\/06\/Wettern_der_Woche.jpeg","type":"image\/jpeg"}],"author":"Peter Grohmann","twitter_card":"summary_large_image","twitter_creator":"@PressenzaIPA","twitter_site":"@PressenzaIPA","twitter_misc":{"Verfasst von":"Peter Grohmann","Gesch\u00e4tzte Lesezeit":"2\u00a0Minuten"},"schema":{"@context":"https:\/\/schema.org","@graph":[{"@type":"Article","@id":"https:\/\/www.pressenza.com\/de\/2022\/06\/der-grossmaulfrosch\/#article","isPartOf":{"@id":"https:\/\/www.pressenza.com\/de\/2022\/06\/der-grossmaulfrosch\/"},"author":{"name":"Peter Grohmann","@id":"https:\/\/www.pressenza.com\/de\/#\/schema\/person\/13fbb69602a371248f3199c744d1187e"},"headline":"Der Gro\u00dfmaulfrosch","datePublished":"2022-06-28T09:23:08+00:00","mainEntityOfPage":{"@id":"https:\/\/www.pressenza.com\/de\/2022\/06\/der-grossmaulfrosch\/"},"wordCount":446,"publisher":{"@id":"https:\/\/www.pressenza.com\/de\/#organization"},"image":{"@id":"https:\/\/www.pressenza.com\/de\/2022\/06\/der-grossmaulfrosch\/#primaryimage"},"thumbnailUrl":"https:\/\/www.pressenza.com\/wp-content\/uploads\/2022\/06\/Wettern_der_Woche.jpeg","keywords":["G7","Glosse","Gro\u00dfmaulfrosch","Peter Grohmann","satire","Wettern der Woche"],"articleSection":["International","Originalinhalt","Politik","Video"],"inLanguage":"de"},{"@type":"WebPage","@id":"https:\/\/www.pressenza.com\/de\/2022\/06\/der-grossmaulfrosch\/","url":"https:\/\/www.pressenza.com\/de\/2022\/06\/der-grossmaulfrosch\/","name":"Der Gro\u00dfmaulfrosch","isPartOf":{"@id":"https:\/\/www.pressenza.com\/de\/#website"},"primaryImageOfPage":{"@id":"https:\/\/www.pressenza.com\/de\/2022\/06\/der-grossmaulfrosch\/#primaryimage"},"image":{"@id":"https:\/\/www.pressenza.com\/de\/2022\/06\/der-grossmaulfrosch\/#primaryimage"},"thumbnailUrl":"https:\/\/www.pressenza.com\/wp-content\/uploads\/2022\/06\/Wettern_der_Woche.jpeg","datePublished":"2022-06-28T09:23:08+00:00","description":"Der Gro\u00dfmaulfrosch gilt als gef\u00e4hrde Art, mancherorts ist er offenbar v\u00f6llig ausgestorben. Chinesische Wissenschaftlerinnen der Hunan-Universit\u00e4t (\u6e56\u5357\u5927\u5b66)","breadcrumb":{"@id":"https:\/\/www.pressenza.com\/de\/2022\/06\/der-grossmaulfrosch\/#breadcrumb"},"inLanguage":"de","potentialAction":[{"@type":"ReadAction","target":["https:\/\/www.pressenza.com\/de\/2022\/06\/der-grossmaulfrosch\/"]}]},{"@type":"ImageObject","inLanguage":"de","@id":"https:\/\/www.pressenza.com\/de\/2022\/06\/der-grossmaulfrosch\/#primaryimage","url":"https:\/\/www.pressenza.com\/wp-content\/uploads\/2022\/06\/Wettern_der_Woche.jpeg","contentUrl":"https:\/\/www.pressenza.com\/wp-content\/uploads\/2022\/06\/Wettern_der_Woche.jpeg","width":820,"height":546,"caption":"Das Wettern der Woche: Infantino"},{"@type":"BreadcrumbList","@id":"https:\/\/www.pressenza.com\/de\/2022\/06\/der-grossmaulfrosch\/#breadcrumb","itemListElement":[{"@type":"ListItem","position":1,"name":"Accueil","item":"https:\/\/www.pressenza.com\/de\/"},{"@type":"ListItem","position":2,"name":"Der Gro\u00dfmaulfrosch"}]},{"@type":"WebSite","@id":"https:\/\/www.pressenza.com\/de\/#website","url":"https:\/\/www.pressenza.com\/de\/","name":"Pressenza","description":"International Press Agency","publisher":{"@id":"https:\/\/www.pressenza.com\/de\/#organization"},"potentialAction":[{"@type":"SearchAction","target":{"@type":"EntryPoint","urlTemplate":"https:\/\/www.pressenza.com\/de\/?s={search_term_string}"},"query-input":{"@type":"PropertyValueSpecification","valueRequired":true,"valueName":"search_term_string"}}],"inLanguage":"de"},{"@type":"Organization","@id":"https:\/\/www.pressenza.com\/de\/#organization","name":"Pressenza","url":"https:\/\/www.pressenza.com\/de\/","logo":{"@type":"ImageObject","inLanguage":"de","@id":"https:\/\/www.pressenza.com\/de\/#\/schema\/logo\/image\/","url":"https:\/\/www.pressenza.com\/wp-content\/uploads\/2022\/10\/pressenza_logo_200x200.jpg","contentUrl":"https:\/\/www.pressenza.com\/wp-content\/uploads\/2022\/10\/pressenza_logo_200x200.jpg","width":200,"height":200,"caption":"Pressenza"},"image":{"@id":"https:\/\/www.pressenza.com\/de\/#\/schema\/logo\/image\/"},"sameAs":["https:\/\/www.facebook.com\/PressenzaItalia","https:\/\/x.com\/PressenzaIPA"]},{"@type":"Person","@id":"https:\/\/www.pressenza.com\/de\/#\/schema\/person\/13fbb69602a371248f3199c744d1187e","name":"Peter Grohmann","description":"(Jahrgang 1937) lebt in Stuttgart, ist Schriftsteller und Kabarettist und arbeitet u.a. f\u00fcr die Wochenzeitung Kontext, de TAZ und diverse andere Medien. Grohmann hat das B\u00fcrgerprojekt Die AnStifter gegr\u00fcndet, heute eine der gro\u00dfen zivilgeellschaftlichen Gruppen mit dem Schwerpunkt \u201egegen Gewalt und Vergessen\u201d. https:\/\/dewiki.de\/Lexikon\/Peter_Grohmann","url":"https:\/\/www.pressenza.com\/de\/author\/peter-grohmann\/"}]}},"place":"","original_article_url":"","_links":{"self":[{"href":"https:\/\/www.pressenza.com\/de\/wp-json\/wp\/v2\/posts\/1614400","targetHints":{"allow":["GET"]}}],"collection":[{"href":"https:\/\/www.pressenza.com\/de\/wp-json\/wp\/v2\/posts"}],"about":[{"href":"https:\/\/www.pressenza.com\/de\/wp-json\/wp\/v2\/types\/post"}],"author":[{"embeddable":true,"href":"https:\/\/www.pressenza.com\/de\/wp-json\/wp\/v2\/users\/2138"}],"replies":[{"embeddable":true,"href":"https:\/\/www.pressenza.com\/de\/wp-json\/wp\/v2\/comments?post=1614400"}],"version-history":[{"count":0,"href":"https:\/\/www.pressenza.com\/de\/wp-json\/wp\/v2\/posts\/1614400\/revisions"}],"wp:featuredmedia":[{"embeddable":true,"href":"https:\/\/www.pressenza.com\/de\/wp-json\/wp\/v2\/media\/1611115"}],"wp:attachment":[{"href":"https:\/\/www.pressenza.com\/de\/wp-json\/wp\/v2\/media?parent=1614400"}],"wp:term":[{"taxonomy":"category","embeddable":true,"href":"https:\/\/www.pressenza.com\/de\/wp-json\/wp\/v2\/categories?post=1614400"},{"taxonomy":"post_tag","embeddable":true,"href":"https:\/\/www.pressenza.com\/de\/wp-json\/wp\/v2\/tags?post=1614400"}],"curies":[{"name":"wp","href":"https:\/\/api.w.org\/{rel}","templated":true}]}}