{"id":161265,"date":"2015-02-10T17:42:27","date_gmt":"2015-02-10T17:42:27","guid":{"rendered":"http:\/\/www.pressenza.com\/?p=161265"},"modified":"2015-02-10T18:08:33","modified_gmt":"2015-02-10T18:08:33","slug":"berlinale-friedensfilmpreis","status":"publish","type":"post","link":"https:\/\/www.pressenza.com\/de\/2015\/02\/berlinale-friedensfilmpreis\/","title":{"rendered":"Friedensfilmpreis der Berlinale: Denken und F\u00fchlen zugleich erreichen"},"content":{"rendered":"<p><strong>Bei der momentan durch Berlin tobenden Berlinale mit B\u00e4ren, Glamour und Prominenz, gibt es auch alternative Filmpreise, wie den mittlerweile sehr begehrten <a title=\"www.friedensfilm.de\" href=\"http:\/\/www.friedensfilm.de\/index.php?id=181#c1248\">Friedensfilmpreis<\/a>. Er wurde in den Hoch-Zeiten der Friedensbewegung in den 80er Jahren ins Leben gerufen und wird von verschiedenen Friedensinitiativen und der Heinrich B\u00f6ll Stiftung getragen. Berlinale Direktor Kosslick sagt dazu: &#8222;Gut, dass es den Friedensfilmpreis gibt. Er ist wichtiger denn je: die Welt ist voller Kriege, Ungerechtigkeit, Folter und Ausbeutung. Da ist die Auszeichnung durch diesen renommierten Preis nicht nur eine Ermutigung f\u00fcr die engagierten Filmemacher\/innen, sondern generiert auch \u00d6ffentlichkeit f\u00fcr die Opfer.&#8220;<br \/>\n<\/strong><\/p>\n<p><strong>Wir haben uns mit Martin Zint vom Weltfriedensdienst unterhalten, der als Jurymitglied die ausgew\u00e4hlten Filme ansieht und den Gewinner mit ermitteln wird.<\/strong><\/p>\n<p id=\"yui_3_16_0_1_1423506110974_36070\" class=\"yiv2622687998MsoNormal\"><strong><span id=\"yui_3_16_0_1_1423506110974_36062\">Der Friedensfilmpreis hat schon eine lange Tradition bei der Berlinale. Was war der urspr\u00fcngliche Gedanke? Was kann Film f\u00fcr den Frieden tun?<\/span> <\/strong><\/p>\n<p id=\"yui_3_16_0_1_1423506110974_36072\" class=\"yiv2622687998MsoNormal\"><span id=\"yui_3_16_0_1_1423506110974_36071\">Die 68er Bewegung hatte schon zuvor die politische Wirkung des Films erkannt und genutzt. 1986 war die Friedensbewegung eine bedeutende gesellschaftliche Kraft. Die ganze Republik schien in Bewegung: Das hatte auch Auswirkungen auf das Kino und Festivals wie die Berlinale blieben davon nicht unber\u00fchrt. Berliner Friedensgruppen schlugen die Gr\u00fcndung eines Friedensfilmpreises vor. Aus dieser zun\u00e4chst bel\u00e4chelten Vision wurde ein zuverl\u00e4ssiger Bestandteil der Berlinale. Sie ist bis heute das einzige A-Festival der Welt mit einem Friedensfilmpreis. <\/span><\/p>\n<p id=\"yui_3_16_0_1_1423506110974_36076\" class=\"yiv2622687998MsoNormal\"><span id=\"yui_3_16_0_1_1423506110974_36075\"><strong>Was f\u00fcr eine Rolle spielt der Friedensfilmpreis bei der Berlinale. Geht dieses ernste Anliegen nicht in Glanz und Glamour unter?<\/strong><br \/>\n<\/span><\/p>\n<p id=\"yui_3_16_0_1_1423506110974_36079\" class=\"yiv2622687998MsoNormal\"><span id=\"yui_3_16_0_1_1423506110974_36078\">Die Berlinale verleiht nicht nur die B\u00e4ren, es gibt \u00fcber 30 unabh\u00e4ngige, aber assoziierte Jurys. Eine davon ist die Friedensfilmpreisjury. Sie sp\u00fcrt abseits von Glanz und Glamour den Themen der Zeit nach. Sie schaut nach Filmen, die gesellschaftlich relevante Themen aufgreifen und zum konstruktiven Umgang mit Konflikten einladen. Film ist als ein fiktionales Medium besonders geeignet, Visionen anschaulich zu machen: Er kann Verhaltensweisen zeigen, die ungew\u00f6hnlich aber vielversprechend sind. Besonders was das friedliche Zusammenleben der Menschen betrifft.<\/span><\/p>\n<p id=\"yui_3_16_0_1_1423506110974_36081\" class=\"yiv2622687998MsoNormal\"><span id=\"yui_3_16_0_1_1423506110974_36080\">Die Friedensfilmpreisjury m\u00f6chte eine breite \u00d6ffentlichkeit auf Filme aufmerksam machen, die sonst im Trubel so eines Festivals untergehen w\u00fcrden. <\/span><\/p>\n<p id=\"yui_3_16_0_1_1423506110974_36083\" class=\"yiv2622687998MsoNormal\"><strong><span id=\"yui_3_16_0_1_1423506110974_36082\">Welche Art Filme wurde in der Vergangenheit am liebsten ausgezeichnet? Eher solche, die abschreckend den Krieg zeigen, oder solche, die Hoffnung machen und Alternativen aufweisen?<br \/>\n<\/span><\/strong><\/p>\n<p id=\"yui_3_16_0_1_1423506110974_36085\" class=\"yiv2622687998MsoNormal\"><span id=\"yui_3_16_0_1_1423506110974_36084\">Die ausgezeichneten Filme sind so unterschiedlich wie die Jury zusammengesetzt ist. Filmemacher, Produzenten, Journalisten, Friedenbewegte K\u00fcnstler. Klar ist die Linie der gesellschaftlichen Relevanz, die sich ja im Laufe der Jahre \u00e4ndert.<\/span><\/p>\n<p id=\"yui_3_16_0_1_1423506110974_36087\" class=\"yiv2622687998MsoNormal\"><strong><span id=\"yui_3_16_0_1_1423506110974_36086\">Was f\u00fcr Filme sind dieses Jahr im Angebot? Worauf freust Du Dich besonders?<br \/>\n<\/span><\/strong><\/p>\n<p id=\"yui_3_16_0_1_1423506110974_36090\" class=\"yiv2622687998MsoNormal\"><span id=\"yui_3_16_0_1_1423506110974_36089\">Vor zwei Jahren l\u00f6ste der Film \u201eThe act of killing\u201c heftige Reaktionen aus. Der Dokumentarfilmemacher Josuah Oppenheimer befragte indonesische Geheimdienstmitarbeiter zu von ihnen begangenen Gr\u00e4ueltaten. Sie berichteten freim\u00fctig dar\u00fcber und spielten die Ermordung ihrer Opfer vor der Kamera nach. Aus der Konfrontation mit ihren Taten sollte bei ihnen ein Bewusstsein f\u00fcr das begangene Unrecht entstehen, war die Hoffnung. In diesem Jahr kommt eine Art Fortsetzung. In \u201ethe look of silence\u201c sucht der Sohn eines Opfers das Gespr\u00e4ch mit den T\u00e4tern. Ein Highlight verspricht auch der Film &#8222;Ixcanul&#8220; zu werden. Er befasst sich mit dem Leben guatemaltekischer Kaffeebauern in den Bergen in einer Mischung aus Dokumentation und Fiktion. <\/span><\/p>\n<p class=\"yiv2622687998MsoNormal\"><strong>Wir w\u00fcnschen noch viele bewegte Momente.<\/strong><\/p>\n","protected":false},"excerpt":{"rendered":"<p>Bei der momentan durch Berlin tobenden Berlinale mit B\u00e4ren, Glamour und Prominenz, gibt es auch alternative Filmpreise, wie den mittlerweile sehr begehrten Friedensfilmpreis. Er wurde in den Hoch-Zeiten der Friedensbewegung in den 80er Jahren ins Leben gerufen und wird von&hellip;<\/p>\n","protected":false},"author":1091,"featured_media":161268,"comment_status":"closed","ping_status":"open","sticky":false,"template":"","format":"standard","meta":{"footnotes":""},"categories":[9150,9167,9142,11387],"tags":[15977,15978],"class_list":["post-161265","post","type-post","status-publish","format-standard","has-post-thumbnail","hentry","category-europa-de","category-frieden-und-abruestung","category-interviews-de","category-originalinhalt","tag-berlinale","tag-friedensfilmpreis"],"yoast_head":"<!-- This site is optimized with the Yoast SEO plugin v27.1.1 - https:\/\/yoast.com\/product\/yoast-seo-wordpress\/ -->\n<title>Friedensfilmpreis der Berlinale: Denken und F\u00fchlen zugleich erreichen<\/title>\n<meta name=\"description\" content=\"Bei der momentan durch Berlin tobenden Berlinale mit B\u00e4ren, Glamour und Prominenz, gibt es auch alternative Filmpreise, wie den mittlerweile sehr\" \/>\n<meta name=\"robots\" content=\"index, follow, max-snippet:-1, max-image-preview:large, max-video-preview:-1\" \/>\n<link rel=\"canonical\" href=\"https:\/\/www.pressenza.com\/de\/2015\/02\/berlinale-friedensfilmpreis\/\" \/>\n<meta property=\"og:locale\" content=\"de_DE\" \/>\n<meta property=\"og:type\" content=\"article\" \/>\n<meta property=\"og:title\" content=\"Friedensfilmpreis der Berlinale: Denken und F\u00fchlen zugleich erreichen\" \/>\n<meta property=\"og:description\" content=\"Bei der momentan durch Berlin tobenden Berlinale mit B\u00e4ren, Glamour und Prominenz, gibt es auch alternative Filmpreise, wie den mittlerweile sehr\" \/>\n<meta property=\"og:url\" content=\"https:\/\/www.pressenza.com\/de\/2015\/02\/berlinale-friedensfilmpreis\/\" \/>\n<meta property=\"og:site_name\" content=\"Pressenza\" \/>\n<meta property=\"article:publisher\" content=\"https:\/\/www.facebook.com\/PressenzaItalia\" \/>\n<meta property=\"article:published_time\" content=\"2015-02-10T17:42:27+00:00\" \/>\n<meta property=\"article:modified_time\" content=\"2015-02-10T18:08:33+00:00\" \/>\n<meta property=\"og:image\" content=\"https:\/\/www.pressenza.com\/wp-content\/uploads\/2015\/02\/10940992_1435193543438164_721022084610737176_n.jpg\" \/>\n\t<meta property=\"og:image:width\" content=\"502\" \/>\n\t<meta property=\"og:image:height\" content=\"354\" \/>\n\t<meta property=\"og:image:type\" content=\"image\/jpeg\" \/>\n<meta name=\"author\" content=\"Johanna Heuveling\" \/>\n<meta name=\"twitter:card\" content=\"summary_large_image\" \/>\n<meta name=\"twitter:creator\" content=\"@PressenzaIPA\" \/>\n<meta name=\"twitter:site\" content=\"@PressenzaIPA\" \/>\n<meta name=\"twitter:label1\" content=\"Verfasst von\" \/>\n\t<meta name=\"twitter:data1\" content=\"Johanna Heuveling\" \/>\n\t<meta name=\"twitter:label2\" content=\"Gesch\u00e4tzte Lesezeit\" \/>\n\t<meta name=\"twitter:data2\" content=\"3\u00a0Minuten\" \/>\n<script type=\"application\/ld+json\" class=\"yoast-schema-graph\">{\"@context\":\"https:\/\/schema.org\",\"@graph\":[{\"@type\":\"Article\",\"@id\":\"https:\/\/www.pressenza.com\/de\/2015\/02\/berlinale-friedensfilmpreis\/#article\",\"isPartOf\":{\"@id\":\"https:\/\/www.pressenza.com\/de\/2015\/02\/berlinale-friedensfilmpreis\/\"},\"author\":{\"name\":\"Johanna Heuveling\",\"@id\":\"https:\/\/www.pressenza.com\/de\/#\/schema\/person\/dc5d249e1ad384095a92ed36392872fc\"},\"headline\":\"Friedensfilmpreis der Berlinale: Denken und F\u00fchlen zugleich erreichen\",\"datePublished\":\"2015-02-10T17:42:27+00:00\",\"dateModified\":\"2015-02-10T18:08:33+00:00\",\"mainEntityOfPage\":{\"@id\":\"https:\/\/www.pressenza.com\/de\/2015\/02\/berlinale-friedensfilmpreis\/\"},\"wordCount\":550,\"publisher\":{\"@id\":\"https:\/\/www.pressenza.com\/de\/#organization\"},\"image\":{\"@id\":\"https:\/\/www.pressenza.com\/de\/2015\/02\/berlinale-friedensfilmpreis\/#primaryimage\"},\"thumbnailUrl\":\"https:\/\/www.pressenza.com\/wp-content\/uploads\/2015\/02\/10940992_1435193543438164_721022084610737176_n.jpg\",\"keywords\":[\"Berlinale\",\"Friedensfilmpreis\"],\"articleSection\":[\"Europa\",\"Frieden und Abr\u00fcstung\",\"Interviews\",\"Originalinhalt\"],\"inLanguage\":\"de\"},{\"@type\":\"WebPage\",\"@id\":\"https:\/\/www.pressenza.com\/de\/2015\/02\/berlinale-friedensfilmpreis\/\",\"url\":\"https:\/\/www.pressenza.com\/de\/2015\/02\/berlinale-friedensfilmpreis\/\",\"name\":\"Friedensfilmpreis der Berlinale: Denken und F\u00fchlen zugleich erreichen\",\"isPartOf\":{\"@id\":\"https:\/\/www.pressenza.com\/de\/#website\"},\"primaryImageOfPage\":{\"@id\":\"https:\/\/www.pressenza.com\/de\/2015\/02\/berlinale-friedensfilmpreis\/#primaryimage\"},\"image\":{\"@id\":\"https:\/\/www.pressenza.com\/de\/2015\/02\/berlinale-friedensfilmpreis\/#primaryimage\"},\"thumbnailUrl\":\"https:\/\/www.pressenza.com\/wp-content\/uploads\/2015\/02\/10940992_1435193543438164_721022084610737176_n.jpg\",\"datePublished\":\"2015-02-10T17:42:27+00:00\",\"dateModified\":\"2015-02-10T18:08:33+00:00\",\"description\":\"Bei der momentan durch Berlin tobenden Berlinale mit B\u00e4ren, Glamour und Prominenz, gibt es auch alternative Filmpreise, wie den mittlerweile sehr\",\"breadcrumb\":{\"@id\":\"https:\/\/www.pressenza.com\/de\/2015\/02\/berlinale-friedensfilmpreis\/#breadcrumb\"},\"inLanguage\":\"de\",\"potentialAction\":[{\"@type\":\"ReadAction\",\"target\":[\"https:\/\/www.pressenza.com\/de\/2015\/02\/berlinale-friedensfilmpreis\/\"]}]},{\"@type\":\"ImageObject\",\"inLanguage\":\"de\",\"@id\":\"https:\/\/www.pressenza.com\/de\/2015\/02\/berlinale-friedensfilmpreis\/#primaryimage\",\"url\":\"https:\/\/www.pressenza.com\/wp-content\/uploads\/2015\/02\/10940992_1435193543438164_721022084610737176_n.jpg\",\"contentUrl\":\"https:\/\/www.pressenza.com\/wp-content\/uploads\/2015\/02\/10940992_1435193543438164_721022084610737176_n.jpg\",\"width\":502,\"height\":354},{\"@type\":\"BreadcrumbList\",\"@id\":\"https:\/\/www.pressenza.com\/de\/2015\/02\/berlinale-friedensfilmpreis\/#breadcrumb\",\"itemListElement\":[{\"@type\":\"ListItem\",\"position\":1,\"name\":\"Accueil\",\"item\":\"https:\/\/www.pressenza.com\/de\/\"},{\"@type\":\"ListItem\",\"position\":2,\"name\":\"Friedensfilmpreis der Berlinale: Denken und F\u00fchlen zugleich erreichen\"}]},{\"@type\":\"WebSite\",\"@id\":\"https:\/\/www.pressenza.com\/de\/#website\",\"url\":\"https:\/\/www.pressenza.com\/de\/\",\"name\":\"Pressenza\",\"description\":\"International Press Agency\",\"publisher\":{\"@id\":\"https:\/\/www.pressenza.com\/de\/#organization\"},\"potentialAction\":[{\"@type\":\"SearchAction\",\"target\":{\"@type\":\"EntryPoint\",\"urlTemplate\":\"https:\/\/www.pressenza.com\/de\/?s={search_term_string}\"},\"query-input\":{\"@type\":\"PropertyValueSpecification\",\"valueRequired\":true,\"valueName\":\"search_term_string\"}}],\"inLanguage\":\"de\"},{\"@type\":\"Organization\",\"@id\":\"https:\/\/www.pressenza.com\/de\/#organization\",\"name\":\"Pressenza\",\"url\":\"https:\/\/www.pressenza.com\/de\/\",\"logo\":{\"@type\":\"ImageObject\",\"inLanguage\":\"de\",\"@id\":\"https:\/\/www.pressenza.com\/de\/#\/schema\/logo\/image\/\",\"url\":\"https:\/\/www.pressenza.com\/wp-content\/uploads\/2022\/10\/pressenza_logo_200x200.jpg\",\"contentUrl\":\"https:\/\/www.pressenza.com\/wp-content\/uploads\/2022\/10\/pressenza_logo_200x200.jpg\",\"width\":200,\"height\":200,\"caption\":\"Pressenza\"},\"image\":{\"@id\":\"https:\/\/www.pressenza.com\/de\/#\/schema\/logo\/image\/\"},\"sameAs\":[\"https:\/\/www.facebook.com\/PressenzaItalia\",\"https:\/\/x.com\/PressenzaIPA\"]},{\"@type\":\"Person\",\"@id\":\"https:\/\/www.pressenza.com\/de\/#\/schema\/person\/dc5d249e1ad384095a92ed36392872fc\",\"name\":\"Johanna Heuveling\",\"description\":\"lives in Berlin and works as a scientist and science communicator. She is also active in \\\"World without Wars and Violence\\\" and Pressenza. As a journalist she is most interested in refugee politics, weapon trade, Africa, Arts and News from Sciences.\",\"url\":\"https:\/\/www.pressenza.com\/de\/author\/johanna-heuveling\/\"}]}<\/script>\n<!-- \/ Yoast SEO plugin. -->","yoast_head_json":{"title":"Friedensfilmpreis der Berlinale: Denken und F\u00fchlen zugleich erreichen","description":"Bei der momentan durch Berlin tobenden Berlinale mit B\u00e4ren, Glamour und Prominenz, gibt es auch alternative Filmpreise, wie den mittlerweile sehr","robots":{"index":"index","follow":"follow","max-snippet":"max-snippet:-1","max-image-preview":"max-image-preview:large","max-video-preview":"max-video-preview:-1"},"canonical":"https:\/\/www.pressenza.com\/de\/2015\/02\/berlinale-friedensfilmpreis\/","og_locale":"de_DE","og_type":"article","og_title":"Friedensfilmpreis der Berlinale: Denken und F\u00fchlen zugleich erreichen","og_description":"Bei der momentan durch Berlin tobenden Berlinale mit B\u00e4ren, Glamour und Prominenz, gibt es auch alternative Filmpreise, wie den mittlerweile sehr","og_url":"https:\/\/www.pressenza.com\/de\/2015\/02\/berlinale-friedensfilmpreis\/","og_site_name":"Pressenza","article_publisher":"https:\/\/www.facebook.com\/PressenzaItalia","article_published_time":"2015-02-10T17:42:27+00:00","article_modified_time":"2015-02-10T18:08:33+00:00","og_image":[{"width":502,"height":354,"url":"https:\/\/www.pressenza.com\/wp-content\/uploads\/2015\/02\/10940992_1435193543438164_721022084610737176_n.jpg","type":"image\/jpeg"}],"author":"Johanna Heuveling","twitter_card":"summary_large_image","twitter_creator":"@PressenzaIPA","twitter_site":"@PressenzaIPA","twitter_misc":{"Verfasst von":"Johanna Heuveling","Gesch\u00e4tzte Lesezeit":"3\u00a0Minuten"},"schema":{"@context":"https:\/\/schema.org","@graph":[{"@type":"Article","@id":"https:\/\/www.pressenza.com\/de\/2015\/02\/berlinale-friedensfilmpreis\/#article","isPartOf":{"@id":"https:\/\/www.pressenza.com\/de\/2015\/02\/berlinale-friedensfilmpreis\/"},"author":{"name":"Johanna Heuveling","@id":"https:\/\/www.pressenza.com\/de\/#\/schema\/person\/dc5d249e1ad384095a92ed36392872fc"},"headline":"Friedensfilmpreis der Berlinale: Denken und F\u00fchlen zugleich erreichen","datePublished":"2015-02-10T17:42:27+00:00","dateModified":"2015-02-10T18:08:33+00:00","mainEntityOfPage":{"@id":"https:\/\/www.pressenza.com\/de\/2015\/02\/berlinale-friedensfilmpreis\/"},"wordCount":550,"publisher":{"@id":"https:\/\/www.pressenza.com\/de\/#organization"},"image":{"@id":"https:\/\/www.pressenza.com\/de\/2015\/02\/berlinale-friedensfilmpreis\/#primaryimage"},"thumbnailUrl":"https:\/\/www.pressenza.com\/wp-content\/uploads\/2015\/02\/10940992_1435193543438164_721022084610737176_n.jpg","keywords":["Berlinale","Friedensfilmpreis"],"articleSection":["Europa","Frieden und Abr\u00fcstung","Interviews","Originalinhalt"],"inLanguage":"de"},{"@type":"WebPage","@id":"https:\/\/www.pressenza.com\/de\/2015\/02\/berlinale-friedensfilmpreis\/","url":"https:\/\/www.pressenza.com\/de\/2015\/02\/berlinale-friedensfilmpreis\/","name":"Friedensfilmpreis der Berlinale: Denken und F\u00fchlen zugleich erreichen","isPartOf":{"@id":"https:\/\/www.pressenza.com\/de\/#website"},"primaryImageOfPage":{"@id":"https:\/\/www.pressenza.com\/de\/2015\/02\/berlinale-friedensfilmpreis\/#primaryimage"},"image":{"@id":"https:\/\/www.pressenza.com\/de\/2015\/02\/berlinale-friedensfilmpreis\/#primaryimage"},"thumbnailUrl":"https:\/\/www.pressenza.com\/wp-content\/uploads\/2015\/02\/10940992_1435193543438164_721022084610737176_n.jpg","datePublished":"2015-02-10T17:42:27+00:00","dateModified":"2015-02-10T18:08:33+00:00","description":"Bei der momentan durch Berlin tobenden Berlinale mit B\u00e4ren, Glamour und Prominenz, gibt es auch alternative Filmpreise, wie den mittlerweile sehr","breadcrumb":{"@id":"https:\/\/www.pressenza.com\/de\/2015\/02\/berlinale-friedensfilmpreis\/#breadcrumb"},"inLanguage":"de","potentialAction":[{"@type":"ReadAction","target":["https:\/\/www.pressenza.com\/de\/2015\/02\/berlinale-friedensfilmpreis\/"]}]},{"@type":"ImageObject","inLanguage":"de","@id":"https:\/\/www.pressenza.com\/de\/2015\/02\/berlinale-friedensfilmpreis\/#primaryimage","url":"https:\/\/www.pressenza.com\/wp-content\/uploads\/2015\/02\/10940992_1435193543438164_721022084610737176_n.jpg","contentUrl":"https:\/\/www.pressenza.com\/wp-content\/uploads\/2015\/02\/10940992_1435193543438164_721022084610737176_n.jpg","width":502,"height":354},{"@type":"BreadcrumbList","@id":"https:\/\/www.pressenza.com\/de\/2015\/02\/berlinale-friedensfilmpreis\/#breadcrumb","itemListElement":[{"@type":"ListItem","position":1,"name":"Accueil","item":"https:\/\/www.pressenza.com\/de\/"},{"@type":"ListItem","position":2,"name":"Friedensfilmpreis der Berlinale: Denken und F\u00fchlen zugleich erreichen"}]},{"@type":"WebSite","@id":"https:\/\/www.pressenza.com\/de\/#website","url":"https:\/\/www.pressenza.com\/de\/","name":"Pressenza","description":"International Press Agency","publisher":{"@id":"https:\/\/www.pressenza.com\/de\/#organization"},"potentialAction":[{"@type":"SearchAction","target":{"@type":"EntryPoint","urlTemplate":"https:\/\/www.pressenza.com\/de\/?s={search_term_string}"},"query-input":{"@type":"PropertyValueSpecification","valueRequired":true,"valueName":"search_term_string"}}],"inLanguage":"de"},{"@type":"Organization","@id":"https:\/\/www.pressenza.com\/de\/#organization","name":"Pressenza","url":"https:\/\/www.pressenza.com\/de\/","logo":{"@type":"ImageObject","inLanguage":"de","@id":"https:\/\/www.pressenza.com\/de\/#\/schema\/logo\/image\/","url":"https:\/\/www.pressenza.com\/wp-content\/uploads\/2022\/10\/pressenza_logo_200x200.jpg","contentUrl":"https:\/\/www.pressenza.com\/wp-content\/uploads\/2022\/10\/pressenza_logo_200x200.jpg","width":200,"height":200,"caption":"Pressenza"},"image":{"@id":"https:\/\/www.pressenza.com\/de\/#\/schema\/logo\/image\/"},"sameAs":["https:\/\/www.facebook.com\/PressenzaItalia","https:\/\/x.com\/PressenzaIPA"]},{"@type":"Person","@id":"https:\/\/www.pressenza.com\/de\/#\/schema\/person\/dc5d249e1ad384095a92ed36392872fc","name":"Johanna Heuveling","description":"lives in Berlin and works as a scientist and science communicator. She is also active in \"World without Wars and Violence\" and Pressenza. As a journalist she is most interested in refugee politics, weapon trade, Africa, Arts and News from Sciences.","url":"https:\/\/www.pressenza.com\/de\/author\/johanna-heuveling\/"}]}},"place":"Berlin","original_article_url":"","_links":{"self":[{"href":"https:\/\/www.pressenza.com\/de\/wp-json\/wp\/v2\/posts\/161265","targetHints":{"allow":["GET"]}}],"collection":[{"href":"https:\/\/www.pressenza.com\/de\/wp-json\/wp\/v2\/posts"}],"about":[{"href":"https:\/\/www.pressenza.com\/de\/wp-json\/wp\/v2\/types\/post"}],"author":[{"embeddable":true,"href":"https:\/\/www.pressenza.com\/de\/wp-json\/wp\/v2\/users\/1091"}],"replies":[{"embeddable":true,"href":"https:\/\/www.pressenza.com\/de\/wp-json\/wp\/v2\/comments?post=161265"}],"version-history":[{"count":0,"href":"https:\/\/www.pressenza.com\/de\/wp-json\/wp\/v2\/posts\/161265\/revisions"}],"wp:featuredmedia":[{"embeddable":true,"href":"https:\/\/www.pressenza.com\/de\/wp-json\/wp\/v2\/media\/161268"}],"wp:attachment":[{"href":"https:\/\/www.pressenza.com\/de\/wp-json\/wp\/v2\/media?parent=161265"}],"wp:term":[{"taxonomy":"category","embeddable":true,"href":"https:\/\/www.pressenza.com\/de\/wp-json\/wp\/v2\/categories?post=161265"},{"taxonomy":"post_tag","embeddable":true,"href":"https:\/\/www.pressenza.com\/de\/wp-json\/wp\/v2\/tags?post=161265"}],"curies":[{"name":"wp","href":"https:\/\/api.w.org\/{rel}","templated":true}]}}