{"id":1609849,"date":"2022-06-22T14:23:01","date_gmt":"2022-06-22T13:23:01","guid":{"rendered":"https:\/\/www.pressenza.com\/?p=1609849"},"modified":"2022-06-22T14:26:27","modified_gmt":"2022-06-22T13:26:27","slug":"hat-am-3-juni-2022-in-riace-ein-neues-europa-begonnen","status":"publish","type":"post","link":"https:\/\/www.pressenza.com\/de\/2022\/06\/hat-am-3-juni-2022-in-riace-ein-neues-europa-begonnen\/","title":{"rendered":"Hat am 3. Juni 2022 in Riace ein neues Europa begonnen?"},"content":{"rendered":"<p><strong>Wenn ich es mir recht \u00fcberlege, gibt es keine Erinnerung an ein \u00e4hnliches Ereignis, zumindest nicht in den letzten drei\u00dfig Jahren. Die Tatsache, dass eine Gruppe von Europaabgeordneten die von manchen als abgrundtief empfundene Entfernung zwischen der europ\u00e4ischen Hauptstadt Br\u00fcssel und der s\u00fcdlichsten K\u00fcste des Kontinents zur\u00fccklegt, um ein kalabrisches Dorf mit etwas mehr als tausend Seelen zu erreichen &#8211; ein Dorf, das &#8222;nur&#8220; den Verdienst hat, <a href=\"https:\/\/www.pressenza.com\/de\/2021\/12\/der-wind-hat-meine-geschichte-geschrieben\/\" target=\"_blank\" rel=\"noopener\">eine Utopie beherbergt zu haben<\/a>, die Wim Wenders als prophetisch bezeichnete &#8211; erscheint uns als eine politische Geste von au\u00dferordentlicher Bedeutung.<\/strong><\/p>\n<h3><strong>Europaabgeordnete in Riace<\/strong><\/h3>\n<p>Diese Reise, die Anfang Juni Vertreterinnen und Vertreter mehrerer Fraktionen des Europ\u00e4ischen Parlaments (GR\u00dcNE und Die Linke) nach Riace in der Provinz Reggio Calabria f\u00fchrte, hat einen sehr starken symbolischen Wert in einem gelinde gesagt historischen Moment. Wir befinden uns mitten in einem Krieg vor den Toren Europas, den die meisten unserer Regierungen sogar unterst\u00fctzen, indem sie Waffen schicken, um Russland daran zu hindern, ein souver\u00e4nes Land, die Ukraine, zu verw\u00fcsten, und der das Ausma\u00df einer noch nie dagewesenen Flucht von Tag zu Tag vergr\u00f6\u00dfert.<\/p>\n<p>Der Boden Europas wird von Str\u00f6men von M\u00e4nnern und Frauen zertreten, die vor den Bomben eines Konflikts fliehen, der unseren mittelm\u00e4\u00dfigen Politikern aus dem Ruder gelaufen ist und der bei heutiger n\u00e4herer Betrachtung bereits vor Russlands Einmarsch die Ausma\u00dfe einer Trag\u00f6die angenommen hatte. Doch in diesem kollektiven Schock meinen einige Abgeordnete, ihren Blick auf eine kleine Stadt an der italienischen K\u00fcste richten zu m\u00fcssen, die &#8222;illegale&#8220; Taten begangen hat, um den Vorrang der Menschenrechte vor dem Gesetz und denjenigen der Gastfreundschaft vor der Norm zu behaupten.<\/p>\n<p>Was passiert da? Warum hat jemand in Br\u00fcssel das Bed\u00fcrfnis, ein Dossier &#8222;gegen die Kriminalisierung der Solidarit\u00e4t&#8220; ausgerechnet auf diesem einsamen kalabrischen H\u00fcgel zu ver\u00f6ffentlichen und beschlie\u00dft, an den Ufern des Ionischen Meeres zu landen (das auch jetzt noch Segelboote mit kurdischen und afghanischen Fl\u00fcchtlingen aufnimmt)? Und dies, um sich bei einer kleinen Gemeinschaft zu bedanken, die gezeigt hat, wie ein armes Land, Heimat von Migrant:innen, dem reichen Westen Lektionen erteilen kann und den Kometen der Rettung in einer Welt aufleuchten l\u00e4sst, die zu sehr mit Geld und Kriegen besch\u00e4ftigt ist?<\/p>\n<p>Seit Jahren haben wir in Neapel im Rahmen unseres Menschenrechtsfilmfestivals Jurist:innen, Aktivist:innen und Zeug:innen der Verst\u00f6\u00dfe gegen die Allgemeine Menschenrechtserkl\u00e4rung zu Gast, die die Abschottung des Alten Kontinents gegen\u00fcber den Hunderttausenden von Menschen anprangern, die aus dem Orient fliehen. Das hei\u00dft, aus jenen Orten, an denen religi\u00f6ser Radikalismus und Diktaturen die Massaker wiederholen, die wir im letzten Jahrhundert &#8222;V\u00f6lkermorde&#8220; nannten und die uns heute nicht mehr schockieren. Wir schliessen sogar die Grenzen mit Milit\u00e4r- und Polizeieins\u00e4tzen und lassen zu, dass die Schw\u00e4chsten geschlagen und gefoltert werden, die vor grausamen Fundamentalisten und ethnischem Hass fliehen und an die T\u00fcren Polens, Kroatiens oder Italiens klopfen, um einfach nur um Hilfe und das Recht auf Asyl zu bitten. Doch gerade jetzt bewegt sich pl\u00f6tzlich etwas.<\/p>\n<p>Aus dem Herzen der europ\u00e4ischen Institution heraus bezieht eine Gruppe von Frauen und M\u00e4nnern entschieden Stellung und kommt nach Riace, um dem ehemaligen B\u00fcrgermeister Domenico Lucano die Hand zu sch\u00fctteln und sich zu bedanken; um ihm erneut zu sagen, dass er Recht hat und dass die Menschlichkeit seines Handelns nicht durch die Gesetze unserer Demokratien geahndet werden kann und darf; weil Europa seine Wurzeln nicht verraten darf; weil Lucano Europa ist.<\/p>\n<h3><strong>Ein Kurswechsel in der Politik?<\/strong><\/h3>\n<p>Wir k\u00f6nnen nicht umhin, uns zu fragen, welcher Logik all dies folgt und ob es vielleicht tats\u00e4chlich einen Marschrichtungswechsel, der im Europ\u00e4ischen Parlament sitzenden Politiker darstellt, einen m\u00f6glichen neuen Weg, auf dem sich alle demokratisch Denkenden wiederfinden, die das Bed\u00fcrfnis nach wahrer Menschlichkeit versp\u00fcren. Das fragt sich eine Gruppe von uns, die einen einfachen Empfang f\u00fcr diese Parlamentarier:innen organisiert hat, seit Tagen, nachdem wir Zeuge ihrer Solidarit\u00e4tserkl\u00e4rung mit dem ehemaligen B\u00fcrgermeister von Riace geworden sind, nachdem wir unseren G\u00e4sten erkl\u00e4rt haben, wie die Erfahrungen in Riace und seinem Global Village sind, und nachdem wir im Detail all den Hass erz\u00e4hlt haben, der gegen dieses Experiment des gemeinschaftlichen Lebens entfesselt wurde.<\/p>\n<p>Hier geht es um Folgendes: Wir sollten uns fragen, ob wir vor einem neuen Horizont stehen oder ob dieses Treffen nur ein Zusammenzucken war, ein letztes Aufkeuchen des europ\u00e4ischen politischen Systems, das von globalen Gremien wie dem IWF, der NATO und den tausend nationalistischen Fragmenten, die den Osten vergiften, erstickt wird.<\/p>\n<p>Wir haben uns selbst eine Antwort gegeben. Wir glauben, dass in Riace mehr getan wurde, als nur ein Dokument vorzulegen, das die H\u00e4rte der repressiven Systeme der Europ\u00e4ischen Union und einzelner Staaten anprangert; wir denken, dass in diesen Tagen des Kontakts zwischen so unterschiedlichen Akteuren und zwischen so weit entfernten Erfahrungen eine erste, solide Verbindung zwischen Br\u00fcssel und der Peripherie Europas, zwischen dem Oberkommando und dem \u00e4u\u00dfersten Sch\u00fctzengraben hergestellt wurde. Einem Graben, der seit mehr als zwanzig Jahren die Schiffbr\u00fcchigen des Meeres sammelt, wo r\u00fccksichtslose Diktaturen und vergessene Kriege zum Vorschein kommen; wo arme Menschen ankommen, die mit ihrem Leben f\u00fcr die Grausamkeit von Regimes bezahlen, die von multinationalen \u00d6lkonzernen und neokolonialen Regierungen aufrechterhalten werden.<\/p>\n<p>Wenn das der Fall ist, lohnt es sich, dieses Experiment zu verfolgen und uns gegenseitig zu unterst\u00fctzen, den Weg, den wir gerade eingeschlagen haben, mit Weisheit und Realismus zu begleiten, denn wir wissen, wie weit entfernt voneinander die Pole sind, die sich hier erstmals ber\u00fchrt haben. Wenn es stimmt, dass bisher nur Tiefschl\u00e4ge und Dekrete aus den europ\u00e4ischen Hauptst\u00e4dten kamen, die versucht haben, die humanit\u00e4ren Schiffe und die Proteste der Zivilgesellschaft und der NGOs gegen die unmenschliche Behandlung der aus den Wellen geretteten Schiffbr\u00fcchigen zu stoppen, m\u00fcssen wir heute zur Kenntnis nehmen, dass sich im Europ\u00e4ischen Parlament etwas \u00e4ndert, dass Risse in den Mauern knirschen, die Frontex um die Festung Europa zu errichten versucht hat.<\/p>\n<p>Riace ist nicht mehr allein, und die <a href=\"https:\/\/www.pressenza.com\/de\/2021\/10\/domenico-mimmo-lucano-13-jahre-gefaengnis-fuer-solidaritaet\/\" target=\"_blank\" rel=\"noopener\">absurde Verurteilung von Mimmo Lucano<\/a> durch das Gericht von Locri wird zu einem unglaublichen Bumerang, der in die italienische Politik zur\u00fcckschl\u00e4gt. Von vielen Seiten gibt es Solidarit\u00e4tsbekundungen, die etwas deutlich machen: Niemand hatte die Schlammmaschinerie erkannt, die zur Bestrafung eines Mannes in Gang gesetzt wurde, und das Beispiel des eklatanten Ungehorsams, das die Widerspr\u00fcche eines nur halbgaren Gesetzes, aufzeigte. Und unsere parlamentarischen G\u00e4ste wollten dies bekr\u00e4ftigen und legten Zeugnis f\u00fcr die Bewunderung von weiteren hundert Kolleg:innen ab.<\/p>\n<h3><strong>Kriminalisierung der Solidarit\u00e4t in ganz Europa<\/strong><\/h3>\n<p>Die Parlamentsmitglieder, die nach Riace kamen, schrieben in ihrem Dossier, dass es nach ihren Recherchen nicht weniger als 89 F\u00e4lle von Kriminalisierung der Solidarit\u00e4t in ganz Europa gibt &#8211; was beweist, dass der Fall von Mimmo Lucano keine &#8222;Anomalie&#8220; ist, wie die Strafverteidiger:innen artig behaupten. Vielleicht sind die Anklagen gegen Carola Rackete, Lorena Fornasir und Gian Andrea Franchi, gegen Emilio Scalzo und gegen Andrea Costa nicht nur punktuelle Ma\u00dfnahmen von Richtern, die sich an die Regeln halten, sondern es gibt noch etwas anderes: es gibt ein Europa, das Angst vor dem Wind der Freiheit hat, der die Segel der humanit\u00e4ren Schiffe bl\u00e4ht, der Open Arms, der Sea Watch, der Resq People und derer, die Gesetze \u00fcbertreten, um die Verfassung nicht zu verraten.<\/p>\n<p>Und so nimmt Riace in diesem neuen Licht das Profil eines objektiven Vorpostens einer gewissen Verbotspolitik an, die versucht, mit Vorschriften die Notwendigkeit einer neuen Solidarit\u00e4t mit denjenigen zu stoppen, die vor Kriegen fliehen \u2013 vielleicht, weil sie diese Kriege selbst auf dem Gewissen hat. Und jetzt ist es an der Zeit, die Kr\u00e4fte all dieser mutigen Friedensakteure zu b\u00fcndeln, um einen neuen Weg einzuschlagen.<\/p>\n<p>Und auch die ukrainische Trag\u00f6die, die nie beschwichtigte nationalistische Ausschreitungen aufgedeckt hat, zeigt uns, dass Solidarit\u00e4t keine Farbe hat, kein rechts oder links; denn einem Menschen, der flieht und seine Geschichte und seine Verbundenheiten mit sich schleppt, muss auf jeden Fall geholfen werden, unabh\u00e4ngig von seiner Hautfarbe, seiner Religion oder seinen allf\u00e4lligen Verfehlungen. Und Riace hat viele Jahre lang genau das bedeutet, aber heute beginnen erst einige, diese Bedeutsamkeit zu verstehen, und gehen und lesen die Worte von Wenders, Papst Franziskus, Alex Zanotelli und Gino Strada und sch\u00e4men sich f\u00fcr die Doppelmoral bei der Aufnahme von Menschen aus der Ukraine einerseits und aus Afghanistan andererseits.<\/p>\n<p>Apropos, es lohnt sich, daran zu erinnern, dass in Riace Menschen aus Afghanistan angekommen oder besser gesagt zur\u00fcckgekehrt sind und bleiben wollen, denn hier macht niemand einen Unterschied bei der Nationalit\u00e4t der Fl\u00fcchtenden und Asylsuchenden. Hier sind Kinder und Erwachsene alle gleich, sie haben die gleichen Rechte und bekommen nicht nur ein Dach \u00fcber dem Kopf und Essen f\u00fcr sechs Monate, sondern ein Recht auf ein vollst\u00e4ndiges und w\u00fcrdiges Leben.<\/p>\n<h3><strong>Eine vereinte Front der humanit\u00e4ren Kr\u00e4fte<\/strong><\/h3>\n<p>Die Wahl dieser Parlamentarier l\u00e4sst uns hoffen, dass das Dossier zum Kampf gegen die Kriminalisierung der Solidarit\u00e4t nicht nur ein Dokument ist, sondern den Willen gesunder Institutionen ausdr\u00fcckt, sich in diesen humanit\u00e4ren Ansatz zu integrieren, der hier geboren wurde und den einige zu zerst\u00f6ren versucht haben. Und auch wir w\u00fcnschen uns, dass dieser rote Faden, der Br\u00fcssel drei Tage lang mit Riace verband, nicht mehr rei\u00dft und dass es im Herzen Europas ein offenes Ohr f\u00fcr Andersdenkende, f\u00fcr Ungehorsam und Zweifel gibt.<\/p>\n<p>All diese Empfindlichkeiten zusammenzubringen, das ist die Verpflichtung, die uns in den kommenden Monaten erwartet, um eine vereinte Front der humanit\u00e4ren Kr\u00e4fte aufzubauen. Das ist die richtige Art, diesen Parlamentariern zu danken, die einen Rettungsring in das Meer der Gleichg\u00fcltigkeit geworfen haben; damit Riace und die kleinen Helden dieser Abenteuer in ihrem Kampf f\u00fcr eine bessere Welt nicht allein sind.<\/p>\n<p><strong><i>\u00dcbersetzung aus dem Italienischen von Domenica Ott vom ehrenamtlichen Pressenza-\u00dcbersetzungsteam erstellt. <a href=\"https:\/\/www.pressenza.com\/de\/mitarbeiten\/\" target=\"_blank\" rel=\"noopener\">Wir suchen Freiwillige!<\/a><\/i><\/strong><\/p>\n<hr \/>\n<p><em>Mehr zum Thema:<\/em><\/p>\n<div id=\"media_image-59\" class=\"widget col-xs-12 col-sm-6 col-md-12 widget_media_image\"><a href=\"https:\/\/www.pressenza.com\/de\/tag\/domenico-lucano-de\/\"><img loading=\"lazy\" decoding=\"async\" class=\"image attachment-full wp-image-1446713 alignleft\" src=\"https:\/\/www.pressenza.com\/wp-content\/uploads\/2021\/10\/banner-mimmo-lucano-de.jpg\" sizes=\"auto, (max-width: 360px) 100vw, 360px\" srcset=\"https:\/\/www.pressenza.com\/wp-content\/uploads\/2021\/10\/banner-mimmo-lucano-de.jpg 360w, https:\/\/cdn77.pressenza.com\/wp-content\/uploads\/2021\/10\/banner-mimmo-lucano-de-300x125.jpg 300w\" alt=\"\" width=\"353\" height=\"147\" \/><\/a><\/div>\n","protected":false},"excerpt":{"rendered":"<p>Wenn ich es mir recht \u00fcberlege, gibt es keine Erinnerung an ein \u00e4hnliches Ereignis, zumindest nicht in den letzten drei\u00dfig Jahren. Die Tatsache, dass eine Gruppe von Europaabgeordneten die von manchen als abgrundtief empfundene Entfernung zwischen der europ\u00e4ischen Hauptstadt Br\u00fcssel&hellip;<\/p>\n","protected":false},"author":2108,"featured_media":1603072,"comment_status":"closed","ping_status":"closed","sticky":false,"template":"","format":"standard","meta":{"footnotes":""},"categories":[9150,9161,11387,9168],"tags":[97961,54842,9481,41600,17561,9220,62952,48173,95360,54844,17030],"class_list":["post-1609849","post","type-post","status-publish","format-standard","has-post-thumbnail","hentry","category-europa-de","category-menschenrechte","category-originalinhalt","category-politik","tag-das-dorf-des-willkommens","tag-domenico-lucano-de","tag-eu-de","tag-europaeische-fluechtlingspolitik","tag-europaisches-parlament","tag-festung-europa","tag-kriminalisierung-der-solidaritaet","tag-migrationsbewegung","tag-mimmo","tag-riace-de","tag-seenotrettung"],"yoast_head":"<!-- This site is optimized with the Yoast SEO plugin v27.1.1 - https:\/\/yoast.com\/product\/yoast-seo-wordpress\/ -->\n<title>Hat am 3. Juni 2022 in Riace ein neues Europa begonnen?<\/title>\n<meta name=\"description\" content=\"Wenn ich es mir recht \u00fcberlege, gibt es keine Erinnerung an ein \u00e4hnliches Ereignis, zumindest nicht in den letzten drei\u00dfig Jahren. Die Tatsache, dass eine\" \/>\n<meta name=\"robots\" content=\"index, follow, max-snippet:-1, max-image-preview:large, max-video-preview:-1\" \/>\n<link rel=\"canonical\" href=\"https:\/\/www.pressenza.com\/de\/2022\/06\/hat-am-3-juni-2022-in-riace-ein-neues-europa-begonnen\/\" \/>\n<meta property=\"og:locale\" content=\"de_DE\" \/>\n<meta property=\"og:type\" content=\"article\" \/>\n<meta property=\"og:title\" content=\"Hat am 3. Juni 2022 in Riace ein neues Europa begonnen?\" \/>\n<meta property=\"og:description\" content=\"Wenn ich es mir recht \u00fcberlege, gibt es keine Erinnerung an ein \u00e4hnliches Ereignis, zumindest nicht in den letzten drei\u00dfig Jahren. Die Tatsache, dass eine\" \/>\n<meta property=\"og:url\" content=\"https:\/\/www.pressenza.com\/de\/2022\/06\/hat-am-3-juni-2022-in-riace-ein-neues-europa-begonnen\/\" \/>\n<meta property=\"og:site_name\" content=\"Pressenza\" \/>\n<meta property=\"article:publisher\" content=\"https:\/\/www.facebook.com\/PressenzaItalia\" \/>\n<meta property=\"article:published_time\" content=\"2022-06-22T13:23:01+00:00\" \/>\n<meta property=\"article:modified_time\" content=\"2022-06-22T13:26:27+00:00\" \/>\n<meta property=\"og:image\" content=\"https:\/\/www.pressenza.com\/wp-content\/uploads\/2022\/06\/LUCANO-CON-MEPS.jpg\" \/>\n\t<meta property=\"og:image:width\" content=\"1920\" \/>\n\t<meta property=\"og:image:height\" content=\"1080\" \/>\n\t<meta property=\"og:image:type\" content=\"image\/jpeg\" \/>\n<meta name=\"author\" content=\"Maurizio Del Bufalo\" \/>\n<meta name=\"twitter:card\" content=\"summary_large_image\" \/>\n<meta name=\"twitter:creator\" content=\"@PressenzaIPA\" \/>\n<meta name=\"twitter:site\" content=\"@PressenzaIPA\" \/>\n<meta name=\"twitter:label1\" content=\"Verfasst von\" \/>\n\t<meta name=\"twitter:data1\" content=\"Maurizio Del Bufalo\" \/>\n\t<meta name=\"twitter:label2\" content=\"Gesch\u00e4tzte Lesezeit\" \/>\n\t<meta name=\"twitter:data2\" content=\"8\u00a0Minuten\" \/>\n<script type=\"application\/ld+json\" class=\"yoast-schema-graph\">{\"@context\":\"https:\/\/schema.org\",\"@graph\":[{\"@type\":\"Article\",\"@id\":\"https:\/\/www.pressenza.com\/de\/2022\/06\/hat-am-3-juni-2022-in-riace-ein-neues-europa-begonnen\/#article\",\"isPartOf\":{\"@id\":\"https:\/\/www.pressenza.com\/de\/2022\/06\/hat-am-3-juni-2022-in-riace-ein-neues-europa-begonnen\/\"},\"author\":{\"name\":\"Maurizio Del Bufalo\",\"@id\":\"https:\/\/www.pressenza.com\/de\/#\/schema\/person\/3acf0650b7673bf0cc77778fd4e66213\"},\"headline\":\"Hat am 3. Juni 2022 in Riace ein neues Europa begonnen?\",\"datePublished\":\"2022-06-22T13:23:01+00:00\",\"dateModified\":\"2022-06-22T13:26:27+00:00\",\"mainEntityOfPage\":{\"@id\":\"https:\/\/www.pressenza.com\/de\/2022\/06\/hat-am-3-juni-2022-in-riace-ein-neues-europa-begonnen\/\"},\"wordCount\":1695,\"publisher\":{\"@id\":\"https:\/\/www.pressenza.com\/de\/#organization\"},\"image\":{\"@id\":\"https:\/\/www.pressenza.com\/de\/2022\/06\/hat-am-3-juni-2022-in-riace-ein-neues-europa-begonnen\/#primaryimage\"},\"thumbnailUrl\":\"https:\/\/www.pressenza.com\/wp-content\/uploads\/2022\/06\/LUCANO-CON-MEPS.jpg\",\"keywords\":[\"Das Dorf des Willkommens\",\"Domenico Lucano\",\"EU\",\"Europ\u00e4ische Fl\u00fcchtlingspolitik\",\"Europ\u00e4isches Parlament\",\"Festung Europa\",\"Kriminalisierung der Solidarit\u00e4t\",\"Migrationsbewegung\",\"Mimmo\",\"Riace\",\"Seenotrettung\"],\"articleSection\":[\"Europa\",\"Menschenrechte\",\"Originalinhalt\",\"Politik\"],\"inLanguage\":\"de\"},{\"@type\":\"WebPage\",\"@id\":\"https:\/\/www.pressenza.com\/de\/2022\/06\/hat-am-3-juni-2022-in-riace-ein-neues-europa-begonnen\/\",\"url\":\"https:\/\/www.pressenza.com\/de\/2022\/06\/hat-am-3-juni-2022-in-riace-ein-neues-europa-begonnen\/\",\"name\":\"Hat am 3. Juni 2022 in Riace ein neues Europa begonnen?\",\"isPartOf\":{\"@id\":\"https:\/\/www.pressenza.com\/de\/#website\"},\"primaryImageOfPage\":{\"@id\":\"https:\/\/www.pressenza.com\/de\/2022\/06\/hat-am-3-juni-2022-in-riace-ein-neues-europa-begonnen\/#primaryimage\"},\"image\":{\"@id\":\"https:\/\/www.pressenza.com\/de\/2022\/06\/hat-am-3-juni-2022-in-riace-ein-neues-europa-begonnen\/#primaryimage\"},\"thumbnailUrl\":\"https:\/\/www.pressenza.com\/wp-content\/uploads\/2022\/06\/LUCANO-CON-MEPS.jpg\",\"datePublished\":\"2022-06-22T13:23:01+00:00\",\"dateModified\":\"2022-06-22T13:26:27+00:00\",\"description\":\"Wenn ich es mir recht \u00fcberlege, gibt es keine Erinnerung an ein \u00e4hnliches Ereignis, zumindest nicht in den letzten drei\u00dfig Jahren. Die Tatsache, dass eine\",\"breadcrumb\":{\"@id\":\"https:\/\/www.pressenza.com\/de\/2022\/06\/hat-am-3-juni-2022-in-riace-ein-neues-europa-begonnen\/#breadcrumb\"},\"inLanguage\":\"de\",\"potentialAction\":[{\"@type\":\"ReadAction\",\"target\":[\"https:\/\/www.pressenza.com\/de\/2022\/06\/hat-am-3-juni-2022-in-riace-ein-neues-europa-begonnen\/\"]}]},{\"@type\":\"ImageObject\",\"inLanguage\":\"de\",\"@id\":\"https:\/\/www.pressenza.com\/de\/2022\/06\/hat-am-3-juni-2022-in-riace-ein-neues-europa-begonnen\/#primaryimage\",\"url\":\"https:\/\/www.pressenza.com\/wp-content\/uploads\/2022\/06\/LUCANO-CON-MEPS.jpg\",\"contentUrl\":\"https:\/\/www.pressenza.com\/wp-content\/uploads\/2022\/06\/LUCANO-CON-MEPS.jpg\",\"width\":1920,\"height\":1080,\"caption\":\"Hat am 3. Juni 2022 in Riace ein neues Europa begonnen?\"},{\"@type\":\"BreadcrumbList\",\"@id\":\"https:\/\/www.pressenza.com\/de\/2022\/06\/hat-am-3-juni-2022-in-riace-ein-neues-europa-begonnen\/#breadcrumb\",\"itemListElement\":[{\"@type\":\"ListItem\",\"position\":1,\"name\":\"Accueil\",\"item\":\"https:\/\/www.pressenza.com\/de\/\"},{\"@type\":\"ListItem\",\"position\":2,\"name\":\"Hat am 3. Juni 2022 in Riace ein neues Europa begonnen?\"}]},{\"@type\":\"WebSite\",\"@id\":\"https:\/\/www.pressenza.com\/de\/#website\",\"url\":\"https:\/\/www.pressenza.com\/de\/\",\"name\":\"Pressenza\",\"description\":\"International Press Agency\",\"publisher\":{\"@id\":\"https:\/\/www.pressenza.com\/de\/#organization\"},\"potentialAction\":[{\"@type\":\"SearchAction\",\"target\":{\"@type\":\"EntryPoint\",\"urlTemplate\":\"https:\/\/www.pressenza.com\/de\/?s={search_term_string}\"},\"query-input\":{\"@type\":\"PropertyValueSpecification\",\"valueRequired\":true,\"valueName\":\"search_term_string\"}}],\"inLanguage\":\"de\"},{\"@type\":\"Organization\",\"@id\":\"https:\/\/www.pressenza.com\/de\/#organization\",\"name\":\"Pressenza\",\"url\":\"https:\/\/www.pressenza.com\/de\/\",\"logo\":{\"@type\":\"ImageObject\",\"inLanguage\":\"de\",\"@id\":\"https:\/\/www.pressenza.com\/de\/#\/schema\/logo\/image\/\",\"url\":\"https:\/\/www.pressenza.com\/wp-content\/uploads\/2022\/10\/pressenza_logo_200x200.jpg\",\"contentUrl\":\"https:\/\/www.pressenza.com\/wp-content\/uploads\/2022\/10\/pressenza_logo_200x200.jpg\",\"width\":200,\"height\":200,\"caption\":\"Pressenza\"},\"image\":{\"@id\":\"https:\/\/www.pressenza.com\/de\/#\/schema\/logo\/image\/\"},\"sameAs\":[\"https:\/\/www.facebook.com\/PressenzaItalia\",\"https:\/\/x.com\/PressenzaIPA\"]},{\"@type\":\"Person\",\"@id\":\"https:\/\/www.pressenza.com\/de\/#\/schema\/person\/3acf0650b7673bf0cc77778fd4e66213\",\"name\":\"Maurizio Del Bufalo\",\"description\":\"Tra le tante attivit\u00e0 Maurizio Del Bufalo ha promosso a partire dal 2008 il Festival del Cinema dei Diritti Umani di Napoli, membro dal 2009 della rete Human Rights Film Network sponsorizzata da Amnesty International, giunto nel 2021 alla XIII edizione. Nel 2010 \u00e8 stato tra i fondatori della Rete del Caff\u00e8 Sospeso, composta da 7 Festival culturali italiani che lavorano in solidariet\u00e0, situati in luoghi di frontiera (Cagliari, Trieste, Val Susa, Napoli, Lampedusa, Polizzi Generosa e Riace). Nel gennaio 2021 \u00e8 diventato il Presidente della Rete del Caff\u00e8 Sospeso, ampliandone la compagine e proponendo una nuova missione di solidariet\u00e0 internazionale a sostegno degli intellettuali perseguitati nei Paesi d\u2019origine.\",\"url\":\"https:\/\/www.pressenza.com\/de\/author\/maurizio-del-bufalo\/\"}]}<\/script>\n<!-- \/ Yoast SEO plugin. -->","yoast_head_json":{"title":"Hat am 3. Juni 2022 in Riace ein neues Europa begonnen?","description":"Wenn ich es mir recht \u00fcberlege, gibt es keine Erinnerung an ein \u00e4hnliches Ereignis, zumindest nicht in den letzten drei\u00dfig Jahren. Die Tatsache, dass eine","robots":{"index":"index","follow":"follow","max-snippet":"max-snippet:-1","max-image-preview":"max-image-preview:large","max-video-preview":"max-video-preview:-1"},"canonical":"https:\/\/www.pressenza.com\/de\/2022\/06\/hat-am-3-juni-2022-in-riace-ein-neues-europa-begonnen\/","og_locale":"de_DE","og_type":"article","og_title":"Hat am 3. Juni 2022 in Riace ein neues Europa begonnen?","og_description":"Wenn ich es mir recht \u00fcberlege, gibt es keine Erinnerung an ein \u00e4hnliches Ereignis, zumindest nicht in den letzten drei\u00dfig Jahren. Die Tatsache, dass eine","og_url":"https:\/\/www.pressenza.com\/de\/2022\/06\/hat-am-3-juni-2022-in-riace-ein-neues-europa-begonnen\/","og_site_name":"Pressenza","article_publisher":"https:\/\/www.facebook.com\/PressenzaItalia","article_published_time":"2022-06-22T13:23:01+00:00","article_modified_time":"2022-06-22T13:26:27+00:00","og_image":[{"width":1920,"height":1080,"url":"https:\/\/www.pressenza.com\/wp-content\/uploads\/2022\/06\/LUCANO-CON-MEPS.jpg","type":"image\/jpeg"}],"author":"Maurizio Del Bufalo","twitter_card":"summary_large_image","twitter_creator":"@PressenzaIPA","twitter_site":"@PressenzaIPA","twitter_misc":{"Verfasst von":"Maurizio Del Bufalo","Gesch\u00e4tzte Lesezeit":"8\u00a0Minuten"},"schema":{"@context":"https:\/\/schema.org","@graph":[{"@type":"Article","@id":"https:\/\/www.pressenza.com\/de\/2022\/06\/hat-am-3-juni-2022-in-riace-ein-neues-europa-begonnen\/#article","isPartOf":{"@id":"https:\/\/www.pressenza.com\/de\/2022\/06\/hat-am-3-juni-2022-in-riace-ein-neues-europa-begonnen\/"},"author":{"name":"Maurizio Del Bufalo","@id":"https:\/\/www.pressenza.com\/de\/#\/schema\/person\/3acf0650b7673bf0cc77778fd4e66213"},"headline":"Hat am 3. Juni 2022 in Riace ein neues Europa begonnen?","datePublished":"2022-06-22T13:23:01+00:00","dateModified":"2022-06-22T13:26:27+00:00","mainEntityOfPage":{"@id":"https:\/\/www.pressenza.com\/de\/2022\/06\/hat-am-3-juni-2022-in-riace-ein-neues-europa-begonnen\/"},"wordCount":1695,"publisher":{"@id":"https:\/\/www.pressenza.com\/de\/#organization"},"image":{"@id":"https:\/\/www.pressenza.com\/de\/2022\/06\/hat-am-3-juni-2022-in-riace-ein-neues-europa-begonnen\/#primaryimage"},"thumbnailUrl":"https:\/\/www.pressenza.com\/wp-content\/uploads\/2022\/06\/LUCANO-CON-MEPS.jpg","keywords":["Das Dorf des Willkommens","Domenico Lucano","EU","Europ\u00e4ische Fl\u00fcchtlingspolitik","Europ\u00e4isches Parlament","Festung Europa","Kriminalisierung der Solidarit\u00e4t","Migrationsbewegung","Mimmo","Riace","Seenotrettung"],"articleSection":["Europa","Menschenrechte","Originalinhalt","Politik"],"inLanguage":"de"},{"@type":"WebPage","@id":"https:\/\/www.pressenza.com\/de\/2022\/06\/hat-am-3-juni-2022-in-riace-ein-neues-europa-begonnen\/","url":"https:\/\/www.pressenza.com\/de\/2022\/06\/hat-am-3-juni-2022-in-riace-ein-neues-europa-begonnen\/","name":"Hat am 3. Juni 2022 in Riace ein neues Europa begonnen?","isPartOf":{"@id":"https:\/\/www.pressenza.com\/de\/#website"},"primaryImageOfPage":{"@id":"https:\/\/www.pressenza.com\/de\/2022\/06\/hat-am-3-juni-2022-in-riace-ein-neues-europa-begonnen\/#primaryimage"},"image":{"@id":"https:\/\/www.pressenza.com\/de\/2022\/06\/hat-am-3-juni-2022-in-riace-ein-neues-europa-begonnen\/#primaryimage"},"thumbnailUrl":"https:\/\/www.pressenza.com\/wp-content\/uploads\/2022\/06\/LUCANO-CON-MEPS.jpg","datePublished":"2022-06-22T13:23:01+00:00","dateModified":"2022-06-22T13:26:27+00:00","description":"Wenn ich es mir recht \u00fcberlege, gibt es keine Erinnerung an ein \u00e4hnliches Ereignis, zumindest nicht in den letzten drei\u00dfig Jahren. Die Tatsache, dass eine","breadcrumb":{"@id":"https:\/\/www.pressenza.com\/de\/2022\/06\/hat-am-3-juni-2022-in-riace-ein-neues-europa-begonnen\/#breadcrumb"},"inLanguage":"de","potentialAction":[{"@type":"ReadAction","target":["https:\/\/www.pressenza.com\/de\/2022\/06\/hat-am-3-juni-2022-in-riace-ein-neues-europa-begonnen\/"]}]},{"@type":"ImageObject","inLanguage":"de","@id":"https:\/\/www.pressenza.com\/de\/2022\/06\/hat-am-3-juni-2022-in-riace-ein-neues-europa-begonnen\/#primaryimage","url":"https:\/\/www.pressenza.com\/wp-content\/uploads\/2022\/06\/LUCANO-CON-MEPS.jpg","contentUrl":"https:\/\/www.pressenza.com\/wp-content\/uploads\/2022\/06\/LUCANO-CON-MEPS.jpg","width":1920,"height":1080,"caption":"Hat am 3. Juni 2022 in Riace ein neues Europa begonnen?"},{"@type":"BreadcrumbList","@id":"https:\/\/www.pressenza.com\/de\/2022\/06\/hat-am-3-juni-2022-in-riace-ein-neues-europa-begonnen\/#breadcrumb","itemListElement":[{"@type":"ListItem","position":1,"name":"Accueil","item":"https:\/\/www.pressenza.com\/de\/"},{"@type":"ListItem","position":2,"name":"Hat am 3. Juni 2022 in Riace ein neues Europa begonnen?"}]},{"@type":"WebSite","@id":"https:\/\/www.pressenza.com\/de\/#website","url":"https:\/\/www.pressenza.com\/de\/","name":"Pressenza","description":"International Press Agency","publisher":{"@id":"https:\/\/www.pressenza.com\/de\/#organization"},"potentialAction":[{"@type":"SearchAction","target":{"@type":"EntryPoint","urlTemplate":"https:\/\/www.pressenza.com\/de\/?s={search_term_string}"},"query-input":{"@type":"PropertyValueSpecification","valueRequired":true,"valueName":"search_term_string"}}],"inLanguage":"de"},{"@type":"Organization","@id":"https:\/\/www.pressenza.com\/de\/#organization","name":"Pressenza","url":"https:\/\/www.pressenza.com\/de\/","logo":{"@type":"ImageObject","inLanguage":"de","@id":"https:\/\/www.pressenza.com\/de\/#\/schema\/logo\/image\/","url":"https:\/\/www.pressenza.com\/wp-content\/uploads\/2022\/10\/pressenza_logo_200x200.jpg","contentUrl":"https:\/\/www.pressenza.com\/wp-content\/uploads\/2022\/10\/pressenza_logo_200x200.jpg","width":200,"height":200,"caption":"Pressenza"},"image":{"@id":"https:\/\/www.pressenza.com\/de\/#\/schema\/logo\/image\/"},"sameAs":["https:\/\/www.facebook.com\/PressenzaItalia","https:\/\/x.com\/PressenzaIPA"]},{"@type":"Person","@id":"https:\/\/www.pressenza.com\/de\/#\/schema\/person\/3acf0650b7673bf0cc77778fd4e66213","name":"Maurizio Del Bufalo","description":"Tra le tante attivit\u00e0 Maurizio Del Bufalo ha promosso a partire dal 2008 il Festival del Cinema dei Diritti Umani di Napoli, membro dal 2009 della rete Human Rights Film Network sponsorizzata da Amnesty International, giunto nel 2021 alla XIII edizione. Nel 2010 \u00e8 stato tra i fondatori della Rete del Caff\u00e8 Sospeso, composta da 7 Festival culturali italiani che lavorano in solidariet\u00e0, situati in luoghi di frontiera (Cagliari, Trieste, Val Susa, Napoli, Lampedusa, Polizzi Generosa e Riace). Nel gennaio 2021 \u00e8 diventato il Presidente della Rete del Caff\u00e8 Sospeso, ampliandone la compagine e proponendo una nuova missione di solidariet\u00e0 internazionale a sostegno degli intellettuali perseguitati nei Paesi d\u2019origine.","url":"https:\/\/www.pressenza.com\/de\/author\/maurizio-del-bufalo\/"}]}},"place":"","original_article_url":"","_links":{"self":[{"href":"https:\/\/www.pressenza.com\/de\/wp-json\/wp\/v2\/posts\/1609849","targetHints":{"allow":["GET"]}}],"collection":[{"href":"https:\/\/www.pressenza.com\/de\/wp-json\/wp\/v2\/posts"}],"about":[{"href":"https:\/\/www.pressenza.com\/de\/wp-json\/wp\/v2\/types\/post"}],"author":[{"embeddable":true,"href":"https:\/\/www.pressenza.com\/de\/wp-json\/wp\/v2\/users\/2108"}],"replies":[{"embeddable":true,"href":"https:\/\/www.pressenza.com\/de\/wp-json\/wp\/v2\/comments?post=1609849"}],"version-history":[{"count":0,"href":"https:\/\/www.pressenza.com\/de\/wp-json\/wp\/v2\/posts\/1609849\/revisions"}],"wp:featuredmedia":[{"embeddable":true,"href":"https:\/\/www.pressenza.com\/de\/wp-json\/wp\/v2\/media\/1603072"}],"wp:attachment":[{"href":"https:\/\/www.pressenza.com\/de\/wp-json\/wp\/v2\/media?parent=1609849"}],"wp:term":[{"taxonomy":"category","embeddable":true,"href":"https:\/\/www.pressenza.com\/de\/wp-json\/wp\/v2\/categories?post=1609849"},{"taxonomy":"post_tag","embeddable":true,"href":"https:\/\/www.pressenza.com\/de\/wp-json\/wp\/v2\/tags?post=1609849"}],"curies":[{"name":"wp","href":"https:\/\/api.w.org\/{rel}","templated":true}]}}