{"id":1605688,"date":"2022-06-17T13:09:58","date_gmt":"2022-06-17T12:09:58","guid":{"rendered":"https:\/\/www.pressenza.com\/?p=1605688"},"modified":"2022-06-17T13:09:58","modified_gmt":"2022-06-17T12:09:58","slug":"die-rebellische-saat","status":"publish","type":"post","link":"https:\/\/www.pressenza.com\/de\/2022\/06\/die-rebellische-saat\/","title":{"rendered":"Die rebellische Saat"},"content":{"rendered":"<p><strong>Die Gewalt gegen indigene V\u00f6lker hat sie nur st\u00e4rker gemacht.<\/strong><\/p>\n<p>In ganz Amerika, aber auch im Rest der Welt, haben die Schikanen und die kriminelle Gewalt gegen indigene Gemeinschaften, die sich der Invasion ihrer Territorien nicht beugen, Millionen unschuldiger Opfer gefordert. Dieser st\u00e4ndige Krieg, ein \u00dcberbleibsel der kolonialistischen Invasionen, bei denen die Flagge der Rasse und der Abstammung ungeniert regiert, hat \u00fcber Generationen hinweg die Spuren von Armut, Ungleichheit und Ungerechtigkeit bei ihnen hinterlassen. Im einundzwanzigsten Jahrhundert k\u00f6nnen wir die Vernichtung ganzer D\u00f6rfer und sogar erschreckende staatliche Pl\u00e4ne zur \u00dcbernahme ihres Landes beobachten.<\/p>\n<p>Im Amazonasgebiet, in der Region Araukanien oder in den nordkanadischen Steppen, tragen die Bewohner bereits in ihrer Geschichte das Schicksal der Verfolgung und des Verlusts ihrer vielf\u00e4ltigen kulturellen Ausdrucksformen mit sich. Aber auch die Last einer Existenz, die ihnen die angestammten Rechte \u00fcber die Gebiete, die ihnen geh\u00f6rten, vorenth\u00e4lt. Zusammenfassend l\u00e4sst sich sagen, dass der Kolonialismus, von dessen Arroganz und Missachtung des Lebens die Geschichtsvertr\u00e4ge durchdrungen sind, nach wie vor intakt ist; gest\u00e4rkt durch ein r\u00e4uberisches System, das in der Lage ist, die Vorteile einer Handvoll industrieller, landwirtschaftlicher oder kommerzieller Einheiten \u00fcber das Leben von Millionen von Menschen zu stellen.<\/p>\n<p>Die st\u00e4ndige und r\u00fccksichtslose Manipulation des \u00f6ffentlichen Bildes der Eingeborenen, das dank der akribischen Arbeit der mit der Macht verb\u00fcndeten Medien in die kollektive Vorstellungswelt der Mittelschichten eingepr\u00e4gt wird, tr\u00e4gt auf durchschlagende Weise zum Identit\u00e4tsverlust, zur Schaffung von Stereotypen die in der Lage sind eine unzerst\u00f6rbare Spaltung zwischen den sozialen Sektoren herbeizuf\u00fchren und zur Spaltung einer B\u00fcrgerschaft bei, die schlie\u00dflich zu diesem Zweck instrumentalisiert wird. Der rebellische Keim, der sie an ihr Territorium bindet, bleibt in ihnen jedoch weiterhin erhalten.<\/p>\n<p>Dieses Jahrtausend mit seinen Migrationskrisen, seinen bewaffneten Konflikten um die geopolitische Vorherrschaft und der uners\u00e4ttlichen Gier der multinationalen Konzerne wird zum H\u00e4rtetest f\u00fcr zahllose indigene Gemeinschaften, denen es trotz der Angriffe und Versuche sie auszurotten noch gelingt zu \u00fcberleben. Die Strategien sind unterschiedlich und reichen von gewaltsamen Angriffen, wie in der Mapuche-Region oder im brasilianischen Amazonasgebiet, bis hin zu Pl\u00e4nen zur erzwungenen &#8222;Integration&#8220;, die im Wesentlichen die Zerst\u00f6rung des sozialen und kulturellen Gef\u00fcges von Gemeinschaften bedeutet, die reich an eigenen Ausdrucksformen sind.<\/p>\n<p>Wir treten in die schwierigste Phase des Krieges um Wasser und Nahrung ein. Zu diesem Szenario geh\u00f6ren zum einen die verheerenden Auswirkungen des Klimawandels und zum anderen die menschenverachtende Sicht der internationalen Gemeinschaft auf ressourcenarme Bev\u00f6lkerungen. Indigene V\u00f6lker, die einst die Souver\u00e4nit\u00e4t \u00fcber ihre Gebiete besa\u00dfen, aber von Imperien kolonisiert und ausgepl\u00fcndert wurden, die sich heute ihres Reichtums r\u00fchmen, haben kein Recht, \u00fcber ihre Zukunft, geschweige denn ihre Gegenwart zu entscheiden. Die Zahl der Zwangsvertriebenen, der Menschen, die gezwungen sind, ihre Heimat und ihr Land zu verlassen, z\u00e4hlt bereits einhundert Millionen; einhundert Millionen Menschen, die im gesellschaftlichen Niemandsland verloren sind.<\/p>\n<p>Einhundert Millionen Menschen, unter denen ethnische Gruppen vorherrschen, die weder in das kapitalistische System noch in die theoretischen Rahmen der st\u00e4dtischen Gesellschaften passen, die so sehr der Diskriminierung und ihren verschiedenen Formen verfallen sind, jedem seinen Platz in dieser Welt der unendlichen Schichten zuzuweisen.<\/p>\n<p>Hundert Millionen Menschen laufen auf der Welt herum, ohne Richtung und ohne Zukunft.<\/p>\n<p><strong><em>\u00dcbersetzung aus dem Englischen von Jens Hellstern vom ehrenamtlichen Pressenza-\u00dcbersetzungsteam. <a href=\"https:\/\/www.pressenza.com\/de\/mitarbeiten\/\" target=\"_blank\" rel=\"noopener\">Wir suchen Freiwillige!\u00a0<\/a><\/em><\/strong><\/p>\n","protected":false},"excerpt":{"rendered":"<p>Die Gewalt gegen indigene V\u00f6lker hat sie nur st\u00e4rker gemacht. In ganz Amerika, aber auch im Rest der Welt, haben die Schikanen und die kriminelle Gewalt gegen indigene Gemeinschaften, die sich der Invasion ihrer Territorien nicht beugen, Millionen unschuldiger Opfer&hellip;<\/p>\n","protected":false},"author":1296,"featured_media":1600195,"comment_status":"closed","ping_status":"closed","sticky":false,"template":"","format":"standard","meta":{"footnotes":""},"categories":[9163,7835,9143,11387],"tags":[96165,11052,16862,83010],"class_list":["post-1605688","post","type-post","status-publish","format-standard","has-post-thumbnail","hentry","category-indigene-voelker","category-international-de","category-meinungen","category-originalinhalt","tag-extraktivismus","tag-indigene-voelker-2","tag-kolonialismus","tag-post-kolonialismus"],"yoast_head":"<!-- This site is optimized with the Yoast SEO plugin v27.1.1 - https:\/\/yoast.com\/product\/yoast-seo-wordpress\/ -->\n<title>Die rebellische Saat<\/title>\n<meta name=\"description\" content=\"Die Gewalt gegen indigene V\u00f6lker hat sie nur st\u00e4rker gemacht. In ganz Amerika, aber auch im Rest der Welt, haben die Schikanen und die kriminelle Gewalt\" \/>\n<meta name=\"robots\" content=\"index, follow, max-snippet:-1, max-image-preview:large, max-video-preview:-1\" \/>\n<link rel=\"canonical\" href=\"https:\/\/www.pressenza.com\/de\/2022\/06\/die-rebellische-saat\/\" \/>\n<meta property=\"og:locale\" content=\"de_DE\" \/>\n<meta property=\"og:type\" content=\"article\" \/>\n<meta property=\"og:title\" content=\"Die rebellische Saat\" \/>\n<meta property=\"og:description\" content=\"Die Gewalt gegen indigene V\u00f6lker hat sie nur st\u00e4rker gemacht. In ganz Amerika, aber auch im Rest der Welt, haben die Schikanen und die kriminelle Gewalt\" \/>\n<meta property=\"og:url\" content=\"https:\/\/www.pressenza.com\/de\/2022\/06\/die-rebellische-saat\/\" \/>\n<meta property=\"og:site_name\" content=\"Pressenza\" \/>\n<meta property=\"article:publisher\" content=\"https:\/\/www.facebook.com\/PressenzaItalia\" \/>\n<meta property=\"article:author\" content=\"https:\/\/www.facebook.com\/pages\/Carolina-V\u00e1squez-Araya\/241844515845237?fref=ts\" \/>\n<meta property=\"article:published_time\" content=\"2022-06-17T12:09:58+00:00\" \/>\n<meta property=\"og:image\" content=\"https:\/\/www.pressenza.com\/wp-content\/uploads\/2022\/06\/Mujer-Mapuche.jpg\" \/>\n\t<meta property=\"og:image:width\" content=\"960\" \/>\n\t<meta property=\"og:image:height\" content=\"640\" \/>\n\t<meta property=\"og:image:type\" content=\"image\/jpeg\" \/>\n<meta name=\"author\" content=\"Carolina V\u00e1squez Araya\" \/>\n<meta name=\"twitter:card\" content=\"summary_large_image\" \/>\n<meta name=\"twitter:creator\" content=\"@carvasar\" \/>\n<meta name=\"twitter:site\" content=\"@PressenzaIPA\" \/>\n<meta name=\"twitter:label1\" content=\"Verfasst von\" \/>\n\t<meta name=\"twitter:data1\" content=\"Carolina V\u00e1squez Araya\" \/>\n\t<meta name=\"twitter:label2\" content=\"Gesch\u00e4tzte Lesezeit\" \/>\n\t<meta name=\"twitter:data2\" content=\"3\u00a0Minuten\" \/>\n<script type=\"application\/ld+json\" class=\"yoast-schema-graph\">{\"@context\":\"https:\/\/schema.org\",\"@graph\":[{\"@type\":\"Article\",\"@id\":\"https:\/\/www.pressenza.com\/de\/2022\/06\/die-rebellische-saat\/#article\",\"isPartOf\":{\"@id\":\"https:\/\/www.pressenza.com\/de\/2022\/06\/die-rebellische-saat\/\"},\"author\":{\"name\":\"Carolina V\u00e1squez Araya\",\"@id\":\"https:\/\/www.pressenza.com\/de\/#\/schema\/person\/6936ca3bb8dee618b5cdfd0e4427cdd6\"},\"headline\":\"Die rebellische Saat\",\"datePublished\":\"2022-06-17T12:09:58+00:00\",\"mainEntityOfPage\":{\"@id\":\"https:\/\/www.pressenza.com\/de\/2022\/06\/die-rebellische-saat\/\"},\"wordCount\":568,\"publisher\":{\"@id\":\"https:\/\/www.pressenza.com\/de\/#organization\"},\"image\":{\"@id\":\"https:\/\/www.pressenza.com\/de\/2022\/06\/die-rebellische-saat\/#primaryimage\"},\"thumbnailUrl\":\"https:\/\/www.pressenza.com\/wp-content\/uploads\/2022\/06\/Mujer-Mapuche.jpg\",\"keywords\":[\"Extraktivismus\",\"indigene V\u00f6lker\",\"Kolonialismus\",\"Post-Kolonialismus\"],\"articleSection\":[\"Indigene V\u00f6lker\",\"International\",\"Meinungen\",\"Originalinhalt\"],\"inLanguage\":\"de\"},{\"@type\":\"WebPage\",\"@id\":\"https:\/\/www.pressenza.com\/de\/2022\/06\/die-rebellische-saat\/\",\"url\":\"https:\/\/www.pressenza.com\/de\/2022\/06\/die-rebellische-saat\/\",\"name\":\"Die rebellische Saat\",\"isPartOf\":{\"@id\":\"https:\/\/www.pressenza.com\/de\/#website\"},\"primaryImageOfPage\":{\"@id\":\"https:\/\/www.pressenza.com\/de\/2022\/06\/die-rebellische-saat\/#primaryimage\"},\"image\":{\"@id\":\"https:\/\/www.pressenza.com\/de\/2022\/06\/die-rebellische-saat\/#primaryimage\"},\"thumbnailUrl\":\"https:\/\/www.pressenza.com\/wp-content\/uploads\/2022\/06\/Mujer-Mapuche.jpg\",\"datePublished\":\"2022-06-17T12:09:58+00:00\",\"description\":\"Die Gewalt gegen indigene V\u00f6lker hat sie nur st\u00e4rker gemacht. In ganz Amerika, aber auch im Rest der Welt, haben die Schikanen und die kriminelle Gewalt\",\"breadcrumb\":{\"@id\":\"https:\/\/www.pressenza.com\/de\/2022\/06\/die-rebellische-saat\/#breadcrumb\"},\"inLanguage\":\"de\",\"potentialAction\":[{\"@type\":\"ReadAction\",\"target\":[\"https:\/\/www.pressenza.com\/de\/2022\/06\/die-rebellische-saat\/\"]}]},{\"@type\":\"ImageObject\",\"inLanguage\":\"de\",\"@id\":\"https:\/\/www.pressenza.com\/de\/2022\/06\/die-rebellische-saat\/#primaryimage\",\"url\":\"https:\/\/www.pressenza.com\/wp-content\/uploads\/2022\/06\/Mujer-Mapuche.jpg\",\"contentUrl\":\"https:\/\/www.pressenza.com\/wp-content\/uploads\/2022\/06\/Mujer-Mapuche.jpg\",\"width\":960,\"height\":640,\"caption\":\"Die rebellische Saat\"},{\"@type\":\"BreadcrumbList\",\"@id\":\"https:\/\/www.pressenza.com\/de\/2022\/06\/die-rebellische-saat\/#breadcrumb\",\"itemListElement\":[{\"@type\":\"ListItem\",\"position\":1,\"name\":\"Accueil\",\"item\":\"https:\/\/www.pressenza.com\/de\/\"},{\"@type\":\"ListItem\",\"position\":2,\"name\":\"Die rebellische Saat\"}]},{\"@type\":\"WebSite\",\"@id\":\"https:\/\/www.pressenza.com\/de\/#website\",\"url\":\"https:\/\/www.pressenza.com\/de\/\",\"name\":\"Pressenza\",\"description\":\"International Press Agency\",\"publisher\":{\"@id\":\"https:\/\/www.pressenza.com\/de\/#organization\"},\"potentialAction\":[{\"@type\":\"SearchAction\",\"target\":{\"@type\":\"EntryPoint\",\"urlTemplate\":\"https:\/\/www.pressenza.com\/de\/?s={search_term_string}\"},\"query-input\":{\"@type\":\"PropertyValueSpecification\",\"valueRequired\":true,\"valueName\":\"search_term_string\"}}],\"inLanguage\":\"de\"},{\"@type\":\"Organization\",\"@id\":\"https:\/\/www.pressenza.com\/de\/#organization\",\"name\":\"Pressenza\",\"url\":\"https:\/\/www.pressenza.com\/de\/\",\"logo\":{\"@type\":\"ImageObject\",\"inLanguage\":\"de\",\"@id\":\"https:\/\/www.pressenza.com\/de\/#\/schema\/logo\/image\/\",\"url\":\"https:\/\/www.pressenza.com\/wp-content\/uploads\/2022\/10\/pressenza_logo_200x200.jpg\",\"contentUrl\":\"https:\/\/www.pressenza.com\/wp-content\/uploads\/2022\/10\/pressenza_logo_200x200.jpg\",\"width\":200,\"height\":200,\"caption\":\"Pressenza\"},\"image\":{\"@id\":\"https:\/\/www.pressenza.com\/de\/#\/schema\/logo\/image\/\"},\"sameAs\":[\"https:\/\/www.facebook.com\/PressenzaItalia\",\"https:\/\/x.com\/PressenzaIPA\"]},{\"@type\":\"Person\",\"@id\":\"https:\/\/www.pressenza.com\/de\/#\/schema\/person\/6936ca3bb8dee618b5cdfd0e4427cdd6\",\"name\":\"Carolina V\u00e1squez Araya\",\"description\":\"Periodista y editora con m\u00e1s de 30 a\u00f1os de experiencia, cuyos logros profesionales en el desarrollo de proyectos de gran \u00e9xito avalan sus cualidades de liderazgo, creatividad y relaciones p\u00fablicas. Ha aportado sus conocimientos en proyectos de organizaciones con intereses orientados al desarrollo social, cultural y econ\u00f3mico del pa\u00eds, con especial \u00e9nfasis en el sector de cultura y educaci\u00f3n, emprendimiento, derechos humanos, justicia, ambiente, mujeres y ni\u00f1ez. Chilena en Guatemala. elquintopatio.wordpress.com\",\"sameAs\":[\"https:\/\/www.facebook.com\/pages\/Carolina-V\u00e1squez-Araya\/241844515845237?fref=ts\",\"https:\/\/x.com\/carvasar\"],\"url\":\"https:\/\/www.pressenza.com\/de\/author\/carolina-vasquez-araya\/\"}]}<\/script>\n<!-- \/ Yoast SEO plugin. -->","yoast_head_json":{"title":"Die rebellische Saat","description":"Die Gewalt gegen indigene V\u00f6lker hat sie nur st\u00e4rker gemacht. In ganz Amerika, aber auch im Rest der Welt, haben die Schikanen und die kriminelle Gewalt","robots":{"index":"index","follow":"follow","max-snippet":"max-snippet:-1","max-image-preview":"max-image-preview:large","max-video-preview":"max-video-preview:-1"},"canonical":"https:\/\/www.pressenza.com\/de\/2022\/06\/die-rebellische-saat\/","og_locale":"de_DE","og_type":"article","og_title":"Die rebellische Saat","og_description":"Die Gewalt gegen indigene V\u00f6lker hat sie nur st\u00e4rker gemacht. In ganz Amerika, aber auch im Rest der Welt, haben die Schikanen und die kriminelle Gewalt","og_url":"https:\/\/www.pressenza.com\/de\/2022\/06\/die-rebellische-saat\/","og_site_name":"Pressenza","article_publisher":"https:\/\/www.facebook.com\/PressenzaItalia","article_author":"https:\/\/www.facebook.com\/pages\/Carolina-V\u00e1squez-Araya\/241844515845237?fref=ts","article_published_time":"2022-06-17T12:09:58+00:00","og_image":[{"width":960,"height":640,"url":"https:\/\/www.pressenza.com\/wp-content\/uploads\/2022\/06\/Mujer-Mapuche.jpg","type":"image\/jpeg"}],"author":"Carolina V\u00e1squez Araya","twitter_card":"summary_large_image","twitter_creator":"@carvasar","twitter_site":"@PressenzaIPA","twitter_misc":{"Verfasst von":"Carolina V\u00e1squez Araya","Gesch\u00e4tzte Lesezeit":"3\u00a0Minuten"},"schema":{"@context":"https:\/\/schema.org","@graph":[{"@type":"Article","@id":"https:\/\/www.pressenza.com\/de\/2022\/06\/die-rebellische-saat\/#article","isPartOf":{"@id":"https:\/\/www.pressenza.com\/de\/2022\/06\/die-rebellische-saat\/"},"author":{"name":"Carolina V\u00e1squez Araya","@id":"https:\/\/www.pressenza.com\/de\/#\/schema\/person\/6936ca3bb8dee618b5cdfd0e4427cdd6"},"headline":"Die rebellische Saat","datePublished":"2022-06-17T12:09:58+00:00","mainEntityOfPage":{"@id":"https:\/\/www.pressenza.com\/de\/2022\/06\/die-rebellische-saat\/"},"wordCount":568,"publisher":{"@id":"https:\/\/www.pressenza.com\/de\/#organization"},"image":{"@id":"https:\/\/www.pressenza.com\/de\/2022\/06\/die-rebellische-saat\/#primaryimage"},"thumbnailUrl":"https:\/\/www.pressenza.com\/wp-content\/uploads\/2022\/06\/Mujer-Mapuche.jpg","keywords":["Extraktivismus","indigene V\u00f6lker","Kolonialismus","Post-Kolonialismus"],"articleSection":["Indigene V\u00f6lker","International","Meinungen","Originalinhalt"],"inLanguage":"de"},{"@type":"WebPage","@id":"https:\/\/www.pressenza.com\/de\/2022\/06\/die-rebellische-saat\/","url":"https:\/\/www.pressenza.com\/de\/2022\/06\/die-rebellische-saat\/","name":"Die rebellische Saat","isPartOf":{"@id":"https:\/\/www.pressenza.com\/de\/#website"},"primaryImageOfPage":{"@id":"https:\/\/www.pressenza.com\/de\/2022\/06\/die-rebellische-saat\/#primaryimage"},"image":{"@id":"https:\/\/www.pressenza.com\/de\/2022\/06\/die-rebellische-saat\/#primaryimage"},"thumbnailUrl":"https:\/\/www.pressenza.com\/wp-content\/uploads\/2022\/06\/Mujer-Mapuche.jpg","datePublished":"2022-06-17T12:09:58+00:00","description":"Die Gewalt gegen indigene V\u00f6lker hat sie nur st\u00e4rker gemacht. In ganz Amerika, aber auch im Rest der Welt, haben die Schikanen und die kriminelle Gewalt","breadcrumb":{"@id":"https:\/\/www.pressenza.com\/de\/2022\/06\/die-rebellische-saat\/#breadcrumb"},"inLanguage":"de","potentialAction":[{"@type":"ReadAction","target":["https:\/\/www.pressenza.com\/de\/2022\/06\/die-rebellische-saat\/"]}]},{"@type":"ImageObject","inLanguage":"de","@id":"https:\/\/www.pressenza.com\/de\/2022\/06\/die-rebellische-saat\/#primaryimage","url":"https:\/\/www.pressenza.com\/wp-content\/uploads\/2022\/06\/Mujer-Mapuche.jpg","contentUrl":"https:\/\/www.pressenza.com\/wp-content\/uploads\/2022\/06\/Mujer-Mapuche.jpg","width":960,"height":640,"caption":"Die rebellische Saat"},{"@type":"BreadcrumbList","@id":"https:\/\/www.pressenza.com\/de\/2022\/06\/die-rebellische-saat\/#breadcrumb","itemListElement":[{"@type":"ListItem","position":1,"name":"Accueil","item":"https:\/\/www.pressenza.com\/de\/"},{"@type":"ListItem","position":2,"name":"Die rebellische Saat"}]},{"@type":"WebSite","@id":"https:\/\/www.pressenza.com\/de\/#website","url":"https:\/\/www.pressenza.com\/de\/","name":"Pressenza","description":"International Press Agency","publisher":{"@id":"https:\/\/www.pressenza.com\/de\/#organization"},"potentialAction":[{"@type":"SearchAction","target":{"@type":"EntryPoint","urlTemplate":"https:\/\/www.pressenza.com\/de\/?s={search_term_string}"},"query-input":{"@type":"PropertyValueSpecification","valueRequired":true,"valueName":"search_term_string"}}],"inLanguage":"de"},{"@type":"Organization","@id":"https:\/\/www.pressenza.com\/de\/#organization","name":"Pressenza","url":"https:\/\/www.pressenza.com\/de\/","logo":{"@type":"ImageObject","inLanguage":"de","@id":"https:\/\/www.pressenza.com\/de\/#\/schema\/logo\/image\/","url":"https:\/\/www.pressenza.com\/wp-content\/uploads\/2022\/10\/pressenza_logo_200x200.jpg","contentUrl":"https:\/\/www.pressenza.com\/wp-content\/uploads\/2022\/10\/pressenza_logo_200x200.jpg","width":200,"height":200,"caption":"Pressenza"},"image":{"@id":"https:\/\/www.pressenza.com\/de\/#\/schema\/logo\/image\/"},"sameAs":["https:\/\/www.facebook.com\/PressenzaItalia","https:\/\/x.com\/PressenzaIPA"]},{"@type":"Person","@id":"https:\/\/www.pressenza.com\/de\/#\/schema\/person\/6936ca3bb8dee618b5cdfd0e4427cdd6","name":"Carolina V\u00e1squez Araya","description":"Periodista y editora con m\u00e1s de 30 a\u00f1os de experiencia, cuyos logros profesionales en el desarrollo de proyectos de gran \u00e9xito avalan sus cualidades de liderazgo, creatividad y relaciones p\u00fablicas. Ha aportado sus conocimientos en proyectos de organizaciones con intereses orientados al desarrollo social, cultural y econ\u00f3mico del pa\u00eds, con especial \u00e9nfasis en el sector de cultura y educaci\u00f3n, emprendimiento, derechos humanos, justicia, ambiente, mujeres y ni\u00f1ez. Chilena en Guatemala. elquintopatio.wordpress.com","sameAs":["https:\/\/www.facebook.com\/pages\/Carolina-V\u00e1squez-Araya\/241844515845237?fref=ts","https:\/\/x.com\/carvasar"],"url":"https:\/\/www.pressenza.com\/de\/author\/carolina-vasquez-araya\/"}]}},"place":"","original_article_url":"","_links":{"self":[{"href":"https:\/\/www.pressenza.com\/de\/wp-json\/wp\/v2\/posts\/1605688","targetHints":{"allow":["GET"]}}],"collection":[{"href":"https:\/\/www.pressenza.com\/de\/wp-json\/wp\/v2\/posts"}],"about":[{"href":"https:\/\/www.pressenza.com\/de\/wp-json\/wp\/v2\/types\/post"}],"author":[{"embeddable":true,"href":"https:\/\/www.pressenza.com\/de\/wp-json\/wp\/v2\/users\/1296"}],"replies":[{"embeddable":true,"href":"https:\/\/www.pressenza.com\/de\/wp-json\/wp\/v2\/comments?post=1605688"}],"version-history":[{"count":0,"href":"https:\/\/www.pressenza.com\/de\/wp-json\/wp\/v2\/posts\/1605688\/revisions"}],"wp:featuredmedia":[{"embeddable":true,"href":"https:\/\/www.pressenza.com\/de\/wp-json\/wp\/v2\/media\/1600195"}],"wp:attachment":[{"href":"https:\/\/www.pressenza.com\/de\/wp-json\/wp\/v2\/media?parent=1605688"}],"wp:term":[{"taxonomy":"category","embeddable":true,"href":"https:\/\/www.pressenza.com\/de\/wp-json\/wp\/v2\/categories?post=1605688"},{"taxonomy":"post_tag","embeddable":true,"href":"https:\/\/www.pressenza.com\/de\/wp-json\/wp\/v2\/tags?post=1605688"}],"curies":[{"name":"wp","href":"https:\/\/api.w.org\/{rel}","templated":true}]}}