{"id":1595793,"date":"2022-06-01T15:24:13","date_gmt":"2022-06-01T14:24:13","guid":{"rendered":"https:\/\/www.pressenza.com\/?p=1595793"},"modified":"2022-06-15T12:22:14","modified_gmt":"2022-06-15T11:22:14","slug":"an-die-schwedischen-und-finnischen-buergerinnen-aus-italien-nato-wenn-ihr-sie-kennt-meidet-ihr-sie","status":"publish","type":"post","link":"https:\/\/www.pressenza.com\/de\/2022\/06\/an-die-schwedischen-und-finnischen-buergerinnen-aus-italien-nato-wenn-ihr-sie-kennt-meidet-ihr-sie\/","title":{"rendered":"An die schwedischen und finnischen B\u00fcrger*innen aus Italien: NATO, wenn ihr sie kennt, meidet ihr sie!"},"content":{"rendered":"<p><strong>Offener Brief an die schwedischen und finnischen B\u00fcrger*innen, vor allem an die jungen Menschen, die nicht entscheiden, aber die Folgen dieser Entscheidung dar\u00fcber tragen werden, was der Nato-Beitritt 1949 f\u00fcr Italien bedeutete.<\/strong><\/p>\n<p>Es ist nicht einfach, den B\u00fcrger*innen Nordeuropas, die bisher im \u00dcbrigen den Status der Neutralit\u00e4t genossen haben, zu erkl\u00e4ren, was die \u201eatlantische Loyalit\u00e4t\u201c f\u00fcr Italien, aber generell f\u00fcr die L\u00e4nder S\u00fcdeuropas bedeutet hat: mit zwei Worten, auch, wenn das schwer zu glauben ist, hat sie der internationalen Strategie der Vereinigten Staaten <u>Sicherheitsgarantie<\/u> gegeben, war aber im Gegenzug eine <u>Bedrohung<\/u> f\u00fcr die Sicherheit unserer L\u00e4nder! Wir d\u00fcrfen nicht vergessen, dass es in den s\u00fcdeurop\u00e4ischen Staaten in der Nachkriegszeit gro\u00dfe Bewegungen der Arbeiter*innen und B\u00fcrger*innen gab, die von den USA als die \u201ekommunistische Bedrohung\u201c angesehen worden sind, die es einzud\u00e4mmen oder gar zu unterdr\u00fccken galt. In Griechenland war ein Milit\u00e4rputsch n\u00f6tig, um die \u201aDiktatur der Obersten\u2018 (1967-1974) einzuf\u00fchren. In Italien war die Geschichte nicht weniger gewaltvoll: blutige Anschl\u00e4ge, Verschw\u00f6rungen, \u201aschwarze Verschw\u00f6rungen\u2018 (Faschisten), Putschversuche, nie aufgekl\u00e4rte Geheimnisse, bei denen die aktive Komplizenschaft (wenn nicht sogar F\u00fchrung) der NATO zweifellos bewiesen ist.<\/p>\n<p>Wir werden notwendigerweise schematisch vorgehen: es gibt zu viele Untersuchungen und Ver\u00f6ffentlichungen zu diesen Themen (die selbst viele Italiener*innen ignorieren!), um sie auch nur aufzulisten.<\/p>\n<p>Das NATO-Abkommen brachte Souver\u00e4nit\u00e4tsabtretungen mit sich, eine echte Militarisierung des Territoriums (vielleicht wisst ihr nicht, dass wir mehr als 100 US-Milit\u00e4rst\u00fctzpunkte in Italien haben!). 1959 wurden unter gro\u00dfer Geheimhaltung 30 Raketen mit Atomsprengk\u00f6pfen in Apulien installiert (apropos Demokratie), die in der Lage waren, sowjetisches Gebiet zu treffen (es war n\u00f6tig, die \u201aKubakrise\u2018 von 1962 abzuwarten, bis sie abgezogen wurden).<\/p>\n<p>Ein zentraler Punkt ist, dass die <em>atlantische Loyalit\u00e4t eine Bedingung f\u00fcr alle linken M\u00e4chte war, die institutionelle oder regierungspolitische Ambitionen hatten<\/em>: dies geschah f\u00fcr die \u00d6ffnung der Sozialistischen Partei Italiens in den fr\u00fchen 1960er Jahren (Mitte-Links-Regierung); es wiederholte sich f\u00fcr die Kommunistische Partei Italiens im Hinblick auf den Historischen Kompromiss in den 1970ern; es geschah nach dem Fall des Franco-Regimes f\u00fcr die Sozialistische Partei Spaniens; es geschah dem jungen Slowenien, dessen Positionen f\u00fcr atomare Abr\u00fcstung wieder aufkamen, als es um den NATO-Beitritt ging.<\/p>\n<p>Hinter der NATO stand das geheime <em>Stay behind<\/em>-Netzwerk und das milit\u00e4rische <em>Gladio-<\/em>Netzwerk, \u00fcber das viele Aspekte noch nicht aufgedeckt sind: vielleicht hast du noch nie davon geh\u00f6rt.<\/p>\n<p>W\u00e4hrend der 1960er Jahre vermehrten sich in Italien eine Reihe von subversiven Komplotten und blutigen Anschl\u00e4gen, die einerseits den Weg Italiens zu einer autonomen Entwicklung f\u00fcr immer versperrten, um die ihm in der Nachkriegszeit zugewiesene (und von der NATO garantierte) untergeordnete internationale Rolle zu \u00fcberwinden. Auf der anderen Seite wurde im atlantischen Kontext mit umfangreicher internationaler Komplizenschaft das eingeleitet, was heute als \u201aStrategie der Spannung\u2018 bezeichnet wird: ein nie vollst\u00e4ndig aufgekl\u00e4rter Komplott von Staatsapparaten (Carabinieri, Armee, Geheimdienste), mit Waffenlieferungen und NATO-Unterst\u00fctzung, italienischen faschistischen Organisationen (\u201aOrdine Nuovo\u2018, 1966) und internationalen Organisationen. Aber wahrscheinlich gab es eine gr\u00f6\u00dfere internationale geheime Struktur, \u00fcber die wir nichts wissen, mit verschiedenen Befehlsketten, die in den Verteidigungsapparat der NATO integriert waren.<\/p>\n<p>Die Spannung stieg 1969 wachsend an, von den Bombardierungen auf Z\u00fcge im Fr\u00fchling\/ Sommer bis hin zum Massaker auf der Piazza Fontana am 12. Dezember: hinter den subversiven Komplotten steckte die F\u00fchrung von Ordine Nuovo und Alleanza Nazionale, aber die \u00fcbergeordnete F\u00fchrung kam aus dem B\u00fcro f\u00fcr vertrauliche Angelegenheiten des Innenministeriums und war mit der NATO verbunden und wurde von den USA gesteuert. Es ist erw\u00e4hnenswert, dass im letzten Prozess um Piazza Fontana, der 2005 (36 Jahre sp\u00e4ter!) vor dem Obersten Gerichtshof stattfand, alle Angeklagten freigesprochen wurden und die Angeh\u00f6rigen der Opfer des Massakers zur Zahlung der Gerichtskosten verurteilt wurden!<\/p>\n<p>Es war der Auftakt zu einer Reihe von Putschversuchen (1970: Putschversuch des faschistischen Kommandanten Junio Valerio Borghese; 1974 war der Versuch eines wei\u00dfen Putsches durch Edgardo Sogno geplant) und Massakern: Italicus-Zugmassaker; Piazza della Loggia, Brescia 28. Mai 1974, 8 Tote, 102 Verletzte.<\/p>\n<p>Wir denken, dass ihr alle Pier Paolo Pasolini kennt, aber vielleicht nicht die dramatische Anschuldigung in der Zeitung Corriere della Sera vom 14. November 1974: \u201aIch wei\u00df. Ich kenne die Namen derer, die f\u00fcr das verantwortlich sind, was man einen \u201aPutsch\u2018 nennt (was eigentlich eine Reihe von \u201aPutschen\u2018 ist, die als System zum Schutz der Macht eingef\u00fchrt wurden). Ich kenne die Namen der Verantwortlichen f\u00fcr das Massaker von Mailand\u2026 die Massaker von Brescia und Bologna\u2026 Ich kenne die Namen der \u201aF\u00fchrungsspitze\u2018, die die beiden alten faschistischen \u201aPutschisten\u2018 gesteuert hat\u2026 Ich kenne alle Namen und ich kenne alle Fakten\u2026 Ich wei\u00df es. Aber ich habe keine Beweise. Ich habe noch nicht einmal Hinweise.\u2018 Pasolini wurde 11 Monate und 18 Tage sp\u00e4ter umgebracht! Am 2. November 1975. Er arbeitete gerade an einem brisanten Buch, Petrolio (\u00d6l).<\/p>\n<p>Ihr kennt sicherlich die Geschichte der Entf\u00fchrung des Staatsmannes Aldo Moro im M\u00e4rz 1978: sein Schicksal war besiegelt, als er anfing, unaussprechliche Geheimnisse von Gladio und des NATO-Verteidigungssystems zu enth\u00fcllen.<\/p>\n<p>Die atlantischen Geheimnisse und Hypotheken waren damit noch nicht zu Ende. Beim Massaker von Ustica (27. Juni 1980, Abschuss des Itavia-Fluges, 81 Opfer) erlaubte die Rolle unseres Landes im internationalen Kontext, dass ausl\u00e4ndische Milit\u00e4rschiffe und -flugzeuge unseren Himmel und unsere Meere durchstreifen und so reale Kriegsszenarien provozieren: diese unsere Subalternit\u00e4t erlaubt es Frankreich und den Vereinigten Staaten stets, hinsichtlich jeglicher Anfrage zur Kl\u00e4rung zu schweigen, sie kennen die Wahrheit. Etwas mehr als ein Monat sp\u00e4ter (1. August 1980) t\u00f6tete eine schreckliche Explosion im Bahnhof von Bologna 85 Menschen und verletzte mehr als 200, der schwerwiegendste Terroranschlag, der im 20. Jahrhundert in Europa ver\u00fcbt wurde: nach 41 Jahren ist immer noch nicht alles aufgekl\u00e4rt!<\/p>\n<p>Dies wiederholte sich bei der \u201aMoby Prince\u2018 Katastrophe vom 11. April 1991 und der mittlerweile unbestrittenen wie auch r\u00e4tselhaften Anwesenheit von Kriegsschiffen in jener Nacht auf der Reede von Livorno. Es ist offensichtlich, dass die Vereinigten Staaten und die NATO die Wahrheit genauestens kennen, nicht nur \u00fcber dieses Geheimnis, sondern auch \u00fcber das Massaker von Ustica und alle anderen italienischen Geheimnisse.<\/p>\n<p>Die NATO-Mitgliedschaft b\u00fcrgt auch eine schwerwiegende Folge: die europ\u00e4ischen Partner haben sich darauf geeinigt, US-Atomwaffen in deren Territorien aufzunehmen (atomare Teilhabe). Die Zahl dieser Sprengk\u00f6pfe erreichte in den 1960er Jahren einen H\u00f6chststand von etwa 7000 und Mitte der 1980er lag sie bei 4000. Es ist schwierig, dies als Sicherheit zu interpretieren.<\/p>\n<p>Doch die Situation verschlechterte sich 1989 nach dem Fall der Berliner Mauer: Der Warschauer Pakt wurde aufgel\u00f6st, aber im Gegenteil dazu ver\u00e4nderte die NATO buchst\u00e4blich ihre Gestalt und entwickelte sich mit der Verabschiedung des \u201aNew Strategic Concept\u2018 von 1991 zu einem ganz anderen Gebilde, das NATO-Interventionen \u201aau\u00dferhalb des B\u00fcndnisgebiets\u2018 erlaubte und sogar Interessen an der Kontrolle strategischer Gebiete und Ressourcen auch auf weit entfernte Regionen ausdehnte. Es entwickelten sich die Konzepte des Peacekeeping, der abnormen \u201ahumanit\u00e4ren Kriegsf\u00fchrung\u2018, die in Wirklichkeit die Balkan-Kriege (1992- 1999), die zur Aufl\u00f6sung der Republik Jugoslawien f\u00fchrten, die katastrophale Intervention in Afghanistan (NATO seit 2003), den Krieg in Syrien (2012), und den Angriff auf Libyen (2011) mit dem Mord an Gaddafi, der ein gro\u00dfer Verb\u00fcndeter Italiens war, legitimierte. Die Beteiligung der NATO war massiv. Es ist schwer, keine neokolonialen Motive hinter diesen Eingriffen zu erkennen.<\/p>\n<p>Es g\u00e4be noch viele Argumente aufzuf\u00fchren, aber wenigstens ein weiterer Punkt ist wichtig. Ihr wisst, dass die NATO ein B\u00fcndnis mit Atomwaffen ist, nicht nur mit denen der USA, Frankreichs und Gro\u00dfbritanniens, sondern auch mit denen, die wegen der Bedingung der nuklearen Teilhabe noch in vier weiteren europ\u00e4ischen L\u00e4ndern (in Belgien, Deutschland, Italien und den Niederlanden \u2013 und der T\u00fcrkei) stationiert sind: Meint ihr, dass diese unserer Sicherheit dienen? Sollte jemals ein Atomkrieg ausbrechen, w\u00e4re Italien mit 35 Sprengk\u00f6pfen eines der ersten Ziele! Bedenkt, dass die Sprengk\u00f6pfe auf dem italienischen St\u00fctzpunkt in Ghedi Torre von Flugzeugen der italienischen Luftwaffe betrieben w\u00fcrden und dass in K\u00fcrze die B61 durch die moderneren und akkurateren B61-12s ersetzt werden (siehe <em>Bulletin of the Atomic Scientists<\/em>, H. Kristensen &amp; M. Korda, \u201cHow many nuclear weapons does the United States have in 2022?\u2018). Wisst ihr, dass die NATO absolut gegen den Atomwaffenverbotsvertrat (AVV) ist? Die einzigen europ\u00e4ischen L\u00e4nder, die es ratifiziert haben, sind \u00d6sterreich, Irland, der Vatikanstaat und San Marino, all jene, die nicht der NATO angeh\u00f6ren.<\/p>\n<blockquote><p><strong>H\u00f6rt auf uns, die diese Erfahrung seit 73 Jahren gemacht haben, eine NATO- Mitgliedschaft ist definitiv nicht ratsam!<\/strong><\/p><\/blockquote>\n<p><strong><em>Die \u00dcbersetzung aus dem Italienischen wurde von Linda Michels vom ehrenamtlichen Pressenza-\u00dcbersetzungsteam erstellt. <a href=\"https:\/\/www.pressenza.com\/de\/mitarbeiten\/\" target=\"_blank\" rel=\"noopener\">Wir suchen Freiwillige!<\/a><\/em><\/strong><\/p>\n","protected":false},"excerpt":{"rendered":"<p>Offener Brief an die schwedischen und finnischen B\u00fcrger*innen, vor allem an die jungen Menschen, die nicht entscheiden, aber die Folgen dieser Entscheidung dar\u00fcber tragen werden, was der Nato-Beitritt 1949 f\u00fcr Italien bedeutete. Es ist nicht einfach, den B\u00fcrger*innen Nordeuropas, die&hellip;<\/p>\n","protected":false},"author":218,"featured_media":1582469,"comment_status":"closed","ping_status":"closed","sticky":false,"template":"","format":"standard","meta":{"footnotes":""},"categories":[9150,9167,9164,9143,11387],"tags":[12506,48861,20575,10197,11826,46593,74467,12133,18284],"class_list":["post-1595793","post","type-post","status-publish","format-standard","has-post-thumbnail","hentry","category-europa-de","category-frieden-und-abruestung","category-internationale-angelegenheiten","category-meinungen","category-originalinhalt","tag-atomwaffen","tag-atomwaffenverbotsvertrag","tag-finnland","tag-italien","tag-nato-de","tag-nato-erweiterung","tag-nukleare-teilhabe","tag-offener-brief","tag-schweden"],"yoast_head":"<!-- This site is optimized with the Yoast SEO plugin v27.1.1 - https:\/\/yoast.com\/product\/yoast-seo-wordpress\/ -->\n<title>An die schwedischen und finnischen B\u00fcrger*innen aus Italien: NATO, wenn ihr sie kennt, meidet ihr sie!<\/title>\n<meta name=\"description\" content=\"Offener Brief an die schwedischen und finnischen B\u00fcrger*innen, vor allem an die jungen Menschen, die nicht entscheiden, aber die Folgen dieser\" \/>\n<meta name=\"robots\" content=\"index, follow, max-snippet:-1, max-image-preview:large, max-video-preview:-1\" \/>\n<link rel=\"canonical\" href=\"https:\/\/www.pressenza.com\/de\/2022\/06\/an-die-schwedischen-und-finnischen-buergerinnen-aus-italien-nato-wenn-ihr-sie-kennt-meidet-ihr-sie\/\" \/>\n<meta property=\"og:locale\" content=\"de_DE\" \/>\n<meta property=\"og:type\" content=\"article\" \/>\n<meta property=\"og:title\" content=\"An die schwedischen und finnischen B\u00fcrger*innen aus Italien: NATO, wenn ihr sie kennt, meidet ihr sie!\" \/>\n<meta property=\"og:description\" content=\"Offener Brief an die schwedischen und finnischen B\u00fcrger*innen, vor allem an die jungen Menschen, die nicht entscheiden, aber die Folgen dieser\" \/>\n<meta property=\"og:url\" content=\"https:\/\/www.pressenza.com\/de\/2022\/06\/an-die-schwedischen-und-finnischen-buergerinnen-aus-italien-nato-wenn-ihr-sie-kennt-meidet-ihr-sie\/\" \/>\n<meta property=\"og:site_name\" content=\"Pressenza\" \/>\n<meta property=\"article:publisher\" content=\"https:\/\/www.facebook.com\/PressenzaItalia\" \/>\n<meta property=\"article:published_time\" content=\"2022-06-01T14:24:13+00:00\" \/>\n<meta property=\"article:modified_time\" content=\"2022-06-15T11:22:14+00:00\" \/>\n<meta property=\"og:image\" content=\"https:\/\/www.pressenza.com\/wp-content\/uploads\/2022\/05\/NATO.jpg\" \/>\n\t<meta property=\"og:image:width\" content=\"820\" \/>\n\t<meta property=\"og:image:height\" content=\"605\" \/>\n\t<meta property=\"og:image:type\" content=\"image\/jpeg\" \/>\n<meta name=\"author\" content=\"Angelo Baracca\" \/>\n<meta name=\"twitter:card\" content=\"summary_large_image\" \/>\n<meta name=\"twitter:creator\" content=\"@PressenzaIPA\" \/>\n<meta name=\"twitter:site\" content=\"@PressenzaIPA\" \/>\n<meta name=\"twitter:label1\" content=\"Verfasst von\" \/>\n\t<meta name=\"twitter:data1\" content=\"Angelo Baracca\" \/>\n\t<meta name=\"twitter:label2\" content=\"Gesch\u00e4tzte Lesezeit\" \/>\n\t<meta name=\"twitter:data2\" content=\"7\u00a0Minuten\" \/>\n<script type=\"application\/ld+json\" class=\"yoast-schema-graph\">{\"@context\":\"https:\/\/schema.org\",\"@graph\":[{\"@type\":\"Article\",\"@id\":\"https:\/\/www.pressenza.com\/de\/2022\/06\/an-die-schwedischen-und-finnischen-buergerinnen-aus-italien-nato-wenn-ihr-sie-kennt-meidet-ihr-sie\/#article\",\"isPartOf\":{\"@id\":\"https:\/\/www.pressenza.com\/de\/2022\/06\/an-die-schwedischen-und-finnischen-buergerinnen-aus-italien-nato-wenn-ihr-sie-kennt-meidet-ihr-sie\/\"},\"author\":{\"name\":\"Angelo Baracca\",\"@id\":\"https:\/\/www.pressenza.com\/de\/#\/schema\/person\/c37578468de5b0400b2d01b65d64af92\"},\"headline\":\"An die schwedischen und finnischen B\u00fcrger*innen aus Italien: NATO, wenn ihr sie kennt, meidet ihr sie!\",\"datePublished\":\"2022-06-01T14:24:13+00:00\",\"dateModified\":\"2022-06-15T11:22:14+00:00\",\"mainEntityOfPage\":{\"@id\":\"https:\/\/www.pressenza.com\/de\/2022\/06\/an-die-schwedischen-und-finnischen-buergerinnen-aus-italien-nato-wenn-ihr-sie-kennt-meidet-ihr-sie\/\"},\"wordCount\":1457,\"publisher\":{\"@id\":\"https:\/\/www.pressenza.com\/de\/#organization\"},\"image\":{\"@id\":\"https:\/\/www.pressenza.com\/de\/2022\/06\/an-die-schwedischen-und-finnischen-buergerinnen-aus-italien-nato-wenn-ihr-sie-kennt-meidet-ihr-sie\/#primaryimage\"},\"thumbnailUrl\":\"https:\/\/www.pressenza.com\/wp-content\/uploads\/2022\/05\/NATO.jpg\",\"keywords\":[\"Atomwaffen\",\"Atomwaffenverbotsvertrag\",\"Finnland\",\"italien\",\"NATO\",\"NATO-Erweiterung\",\"Nukleare Teilhabe\",\"offener Brief\",\"Schweden\"],\"articleSection\":[\"Europa\",\"Frieden und Abr\u00fcstung\",\"Internationale Angelegenheiten\",\"Meinungen\",\"Originalinhalt\"],\"inLanguage\":\"de\"},{\"@type\":\"WebPage\",\"@id\":\"https:\/\/www.pressenza.com\/de\/2022\/06\/an-die-schwedischen-und-finnischen-buergerinnen-aus-italien-nato-wenn-ihr-sie-kennt-meidet-ihr-sie\/\",\"url\":\"https:\/\/www.pressenza.com\/de\/2022\/06\/an-die-schwedischen-und-finnischen-buergerinnen-aus-italien-nato-wenn-ihr-sie-kennt-meidet-ihr-sie\/\",\"name\":\"An die schwedischen und finnischen B\u00fcrger*innen aus Italien: NATO, wenn ihr sie kennt, meidet ihr sie!\",\"isPartOf\":{\"@id\":\"https:\/\/www.pressenza.com\/de\/#website\"},\"primaryImageOfPage\":{\"@id\":\"https:\/\/www.pressenza.com\/de\/2022\/06\/an-die-schwedischen-und-finnischen-buergerinnen-aus-italien-nato-wenn-ihr-sie-kennt-meidet-ihr-sie\/#primaryimage\"},\"image\":{\"@id\":\"https:\/\/www.pressenza.com\/de\/2022\/06\/an-die-schwedischen-und-finnischen-buergerinnen-aus-italien-nato-wenn-ihr-sie-kennt-meidet-ihr-sie\/#primaryimage\"},\"thumbnailUrl\":\"https:\/\/www.pressenza.com\/wp-content\/uploads\/2022\/05\/NATO.jpg\",\"datePublished\":\"2022-06-01T14:24:13+00:00\",\"dateModified\":\"2022-06-15T11:22:14+00:00\",\"description\":\"Offener Brief an die schwedischen und finnischen B\u00fcrger*innen, vor allem an die jungen Menschen, die nicht entscheiden, aber die Folgen dieser\",\"breadcrumb\":{\"@id\":\"https:\/\/www.pressenza.com\/de\/2022\/06\/an-die-schwedischen-und-finnischen-buergerinnen-aus-italien-nato-wenn-ihr-sie-kennt-meidet-ihr-sie\/#breadcrumb\"},\"inLanguage\":\"de\",\"potentialAction\":[{\"@type\":\"ReadAction\",\"target\":[\"https:\/\/www.pressenza.com\/de\/2022\/06\/an-die-schwedischen-und-finnischen-buergerinnen-aus-italien-nato-wenn-ihr-sie-kennt-meidet-ihr-sie\/\"]}]},{\"@type\":\"ImageObject\",\"inLanguage\":\"de\",\"@id\":\"https:\/\/www.pressenza.com\/de\/2022\/06\/an-die-schwedischen-und-finnischen-buergerinnen-aus-italien-nato-wenn-ihr-sie-kennt-meidet-ihr-sie\/#primaryimage\",\"url\":\"https:\/\/www.pressenza.com\/wp-content\/uploads\/2022\/05\/NATO.jpg\",\"contentUrl\":\"https:\/\/www.pressenza.com\/wp-content\/uploads\/2022\/05\/NATO.jpg\",\"width\":820,\"height\":605,\"caption\":\"An die schwedischen und finnischen B\u00fcrger*innen aus Italien: NATO, wenn ihr sie kennt, meidet ihr sie!\"},{\"@type\":\"BreadcrumbList\",\"@id\":\"https:\/\/www.pressenza.com\/de\/2022\/06\/an-die-schwedischen-und-finnischen-buergerinnen-aus-italien-nato-wenn-ihr-sie-kennt-meidet-ihr-sie\/#breadcrumb\",\"itemListElement\":[{\"@type\":\"ListItem\",\"position\":1,\"name\":\"Accueil\",\"item\":\"https:\/\/www.pressenza.com\/de\/\"},{\"@type\":\"ListItem\",\"position\":2,\"name\":\"An die schwedischen und finnischen B\u00fcrger*innen aus Italien: NATO, wenn ihr sie kennt, meidet ihr sie!\"}]},{\"@type\":\"WebSite\",\"@id\":\"https:\/\/www.pressenza.com\/de\/#website\",\"url\":\"https:\/\/www.pressenza.com\/de\/\",\"name\":\"Pressenza\",\"description\":\"International Press Agency\",\"publisher\":{\"@id\":\"https:\/\/www.pressenza.com\/de\/#organization\"},\"potentialAction\":[{\"@type\":\"SearchAction\",\"target\":{\"@type\":\"EntryPoint\",\"urlTemplate\":\"https:\/\/www.pressenza.com\/de\/?s={search_term_string}\"},\"query-input\":{\"@type\":\"PropertyValueSpecification\",\"valueRequired\":true,\"valueName\":\"search_term_string\"}}],\"inLanguage\":\"de\"},{\"@type\":\"Organization\",\"@id\":\"https:\/\/www.pressenza.com\/de\/#organization\",\"name\":\"Pressenza\",\"url\":\"https:\/\/www.pressenza.com\/de\/\",\"logo\":{\"@type\":\"ImageObject\",\"inLanguage\":\"de\",\"@id\":\"https:\/\/www.pressenza.com\/de\/#\/schema\/logo\/image\/\",\"url\":\"https:\/\/www.pressenza.com\/wp-content\/uploads\/2022\/10\/pressenza_logo_200x200.jpg\",\"contentUrl\":\"https:\/\/www.pressenza.com\/wp-content\/uploads\/2022\/10\/pressenza_logo_200x200.jpg\",\"width\":200,\"height\":200,\"caption\":\"Pressenza\"},\"image\":{\"@id\":\"https:\/\/www.pressenza.com\/de\/#\/schema\/logo\/image\/\"},\"sameAs\":[\"https:\/\/www.facebook.com\/PressenzaItalia\",\"https:\/\/x.com\/PressenzaIPA\"]},{\"@type\":\"Person\",\"@id\":\"https:\/\/www.pressenza.com\/de\/#\/schema\/person\/c37578468de5b0400b2d01b65d64af92\",\"name\":\"Angelo Baracca\",\"description\":\"Professor of Physics at the University of Florence, Italy. Writer and scientist specialising in nuclear matters; pacifist activist and ecologist. He writes for Pressenza about nuclear questions.\",\"url\":\"https:\/\/www.pressenza.com\/de\/author\/angelo-baracca\/\"}]}<\/script>\n<!-- \/ Yoast SEO plugin. -->","yoast_head_json":{"title":"An die schwedischen und finnischen B\u00fcrger*innen aus Italien: NATO, wenn ihr sie kennt, meidet ihr sie!","description":"Offener Brief an die schwedischen und finnischen B\u00fcrger*innen, vor allem an die jungen Menschen, die nicht entscheiden, aber die Folgen dieser","robots":{"index":"index","follow":"follow","max-snippet":"max-snippet:-1","max-image-preview":"max-image-preview:large","max-video-preview":"max-video-preview:-1"},"canonical":"https:\/\/www.pressenza.com\/de\/2022\/06\/an-die-schwedischen-und-finnischen-buergerinnen-aus-italien-nato-wenn-ihr-sie-kennt-meidet-ihr-sie\/","og_locale":"de_DE","og_type":"article","og_title":"An die schwedischen und finnischen B\u00fcrger*innen aus Italien: NATO, wenn ihr sie kennt, meidet ihr sie!","og_description":"Offener Brief an die schwedischen und finnischen B\u00fcrger*innen, vor allem an die jungen Menschen, die nicht entscheiden, aber die Folgen dieser","og_url":"https:\/\/www.pressenza.com\/de\/2022\/06\/an-die-schwedischen-und-finnischen-buergerinnen-aus-italien-nato-wenn-ihr-sie-kennt-meidet-ihr-sie\/","og_site_name":"Pressenza","article_publisher":"https:\/\/www.facebook.com\/PressenzaItalia","article_published_time":"2022-06-01T14:24:13+00:00","article_modified_time":"2022-06-15T11:22:14+00:00","og_image":[{"width":820,"height":605,"url":"https:\/\/www.pressenza.com\/wp-content\/uploads\/2022\/05\/NATO.jpg","type":"image\/jpeg"}],"author":"Angelo Baracca","twitter_card":"summary_large_image","twitter_creator":"@PressenzaIPA","twitter_site":"@PressenzaIPA","twitter_misc":{"Verfasst von":"Angelo Baracca","Gesch\u00e4tzte Lesezeit":"7\u00a0Minuten"},"schema":{"@context":"https:\/\/schema.org","@graph":[{"@type":"Article","@id":"https:\/\/www.pressenza.com\/de\/2022\/06\/an-die-schwedischen-und-finnischen-buergerinnen-aus-italien-nato-wenn-ihr-sie-kennt-meidet-ihr-sie\/#article","isPartOf":{"@id":"https:\/\/www.pressenza.com\/de\/2022\/06\/an-die-schwedischen-und-finnischen-buergerinnen-aus-italien-nato-wenn-ihr-sie-kennt-meidet-ihr-sie\/"},"author":{"name":"Angelo Baracca","@id":"https:\/\/www.pressenza.com\/de\/#\/schema\/person\/c37578468de5b0400b2d01b65d64af92"},"headline":"An die schwedischen und finnischen B\u00fcrger*innen aus Italien: NATO, wenn ihr sie kennt, meidet ihr sie!","datePublished":"2022-06-01T14:24:13+00:00","dateModified":"2022-06-15T11:22:14+00:00","mainEntityOfPage":{"@id":"https:\/\/www.pressenza.com\/de\/2022\/06\/an-die-schwedischen-und-finnischen-buergerinnen-aus-italien-nato-wenn-ihr-sie-kennt-meidet-ihr-sie\/"},"wordCount":1457,"publisher":{"@id":"https:\/\/www.pressenza.com\/de\/#organization"},"image":{"@id":"https:\/\/www.pressenza.com\/de\/2022\/06\/an-die-schwedischen-und-finnischen-buergerinnen-aus-italien-nato-wenn-ihr-sie-kennt-meidet-ihr-sie\/#primaryimage"},"thumbnailUrl":"https:\/\/www.pressenza.com\/wp-content\/uploads\/2022\/05\/NATO.jpg","keywords":["Atomwaffen","Atomwaffenverbotsvertrag","Finnland","italien","NATO","NATO-Erweiterung","Nukleare Teilhabe","offener Brief","Schweden"],"articleSection":["Europa","Frieden und Abr\u00fcstung","Internationale Angelegenheiten","Meinungen","Originalinhalt"],"inLanguage":"de"},{"@type":"WebPage","@id":"https:\/\/www.pressenza.com\/de\/2022\/06\/an-die-schwedischen-und-finnischen-buergerinnen-aus-italien-nato-wenn-ihr-sie-kennt-meidet-ihr-sie\/","url":"https:\/\/www.pressenza.com\/de\/2022\/06\/an-die-schwedischen-und-finnischen-buergerinnen-aus-italien-nato-wenn-ihr-sie-kennt-meidet-ihr-sie\/","name":"An die schwedischen und finnischen B\u00fcrger*innen aus Italien: NATO, wenn ihr sie kennt, meidet ihr sie!","isPartOf":{"@id":"https:\/\/www.pressenza.com\/de\/#website"},"primaryImageOfPage":{"@id":"https:\/\/www.pressenza.com\/de\/2022\/06\/an-die-schwedischen-und-finnischen-buergerinnen-aus-italien-nato-wenn-ihr-sie-kennt-meidet-ihr-sie\/#primaryimage"},"image":{"@id":"https:\/\/www.pressenza.com\/de\/2022\/06\/an-die-schwedischen-und-finnischen-buergerinnen-aus-italien-nato-wenn-ihr-sie-kennt-meidet-ihr-sie\/#primaryimage"},"thumbnailUrl":"https:\/\/www.pressenza.com\/wp-content\/uploads\/2022\/05\/NATO.jpg","datePublished":"2022-06-01T14:24:13+00:00","dateModified":"2022-06-15T11:22:14+00:00","description":"Offener Brief an die schwedischen und finnischen B\u00fcrger*innen, vor allem an die jungen Menschen, die nicht entscheiden, aber die Folgen dieser","breadcrumb":{"@id":"https:\/\/www.pressenza.com\/de\/2022\/06\/an-die-schwedischen-und-finnischen-buergerinnen-aus-italien-nato-wenn-ihr-sie-kennt-meidet-ihr-sie\/#breadcrumb"},"inLanguage":"de","potentialAction":[{"@type":"ReadAction","target":["https:\/\/www.pressenza.com\/de\/2022\/06\/an-die-schwedischen-und-finnischen-buergerinnen-aus-italien-nato-wenn-ihr-sie-kennt-meidet-ihr-sie\/"]}]},{"@type":"ImageObject","inLanguage":"de","@id":"https:\/\/www.pressenza.com\/de\/2022\/06\/an-die-schwedischen-und-finnischen-buergerinnen-aus-italien-nato-wenn-ihr-sie-kennt-meidet-ihr-sie\/#primaryimage","url":"https:\/\/www.pressenza.com\/wp-content\/uploads\/2022\/05\/NATO.jpg","contentUrl":"https:\/\/www.pressenza.com\/wp-content\/uploads\/2022\/05\/NATO.jpg","width":820,"height":605,"caption":"An die schwedischen und finnischen B\u00fcrger*innen aus Italien: NATO, wenn ihr sie kennt, meidet ihr sie!"},{"@type":"BreadcrumbList","@id":"https:\/\/www.pressenza.com\/de\/2022\/06\/an-die-schwedischen-und-finnischen-buergerinnen-aus-italien-nato-wenn-ihr-sie-kennt-meidet-ihr-sie\/#breadcrumb","itemListElement":[{"@type":"ListItem","position":1,"name":"Accueil","item":"https:\/\/www.pressenza.com\/de\/"},{"@type":"ListItem","position":2,"name":"An die schwedischen und finnischen B\u00fcrger*innen aus Italien: NATO, wenn ihr sie kennt, meidet ihr sie!"}]},{"@type":"WebSite","@id":"https:\/\/www.pressenza.com\/de\/#website","url":"https:\/\/www.pressenza.com\/de\/","name":"Pressenza","description":"International Press Agency","publisher":{"@id":"https:\/\/www.pressenza.com\/de\/#organization"},"potentialAction":[{"@type":"SearchAction","target":{"@type":"EntryPoint","urlTemplate":"https:\/\/www.pressenza.com\/de\/?s={search_term_string}"},"query-input":{"@type":"PropertyValueSpecification","valueRequired":true,"valueName":"search_term_string"}}],"inLanguage":"de"},{"@type":"Organization","@id":"https:\/\/www.pressenza.com\/de\/#organization","name":"Pressenza","url":"https:\/\/www.pressenza.com\/de\/","logo":{"@type":"ImageObject","inLanguage":"de","@id":"https:\/\/www.pressenza.com\/de\/#\/schema\/logo\/image\/","url":"https:\/\/www.pressenza.com\/wp-content\/uploads\/2022\/10\/pressenza_logo_200x200.jpg","contentUrl":"https:\/\/www.pressenza.com\/wp-content\/uploads\/2022\/10\/pressenza_logo_200x200.jpg","width":200,"height":200,"caption":"Pressenza"},"image":{"@id":"https:\/\/www.pressenza.com\/de\/#\/schema\/logo\/image\/"},"sameAs":["https:\/\/www.facebook.com\/PressenzaItalia","https:\/\/x.com\/PressenzaIPA"]},{"@type":"Person","@id":"https:\/\/www.pressenza.com\/de\/#\/schema\/person\/c37578468de5b0400b2d01b65d64af92","name":"Angelo Baracca","description":"Professor of Physics at the University of Florence, Italy. Writer and scientist specialising in nuclear matters; pacifist activist and ecologist. He writes for Pressenza about nuclear questions.","url":"https:\/\/www.pressenza.com\/de\/author\/angelo-baracca\/"}]}},"place":"","original_article_url":"","_links":{"self":[{"href":"https:\/\/www.pressenza.com\/de\/wp-json\/wp\/v2\/posts\/1595793","targetHints":{"allow":["GET"]}}],"collection":[{"href":"https:\/\/www.pressenza.com\/de\/wp-json\/wp\/v2\/posts"}],"about":[{"href":"https:\/\/www.pressenza.com\/de\/wp-json\/wp\/v2\/types\/post"}],"author":[{"embeddable":true,"href":"https:\/\/www.pressenza.com\/de\/wp-json\/wp\/v2\/users\/218"}],"replies":[{"embeddable":true,"href":"https:\/\/www.pressenza.com\/de\/wp-json\/wp\/v2\/comments?post=1595793"}],"version-history":[{"count":0,"href":"https:\/\/www.pressenza.com\/de\/wp-json\/wp\/v2\/posts\/1595793\/revisions"}],"wp:featuredmedia":[{"embeddable":true,"href":"https:\/\/www.pressenza.com\/de\/wp-json\/wp\/v2\/media\/1582469"}],"wp:attachment":[{"href":"https:\/\/www.pressenza.com\/de\/wp-json\/wp\/v2\/media?parent=1595793"}],"wp:term":[{"taxonomy":"category","embeddable":true,"href":"https:\/\/www.pressenza.com\/de\/wp-json\/wp\/v2\/categories?post=1595793"},{"taxonomy":"post_tag","embeddable":true,"href":"https:\/\/www.pressenza.com\/de\/wp-json\/wp\/v2\/tags?post=1595793"}],"curies":[{"name":"wp","href":"https:\/\/api.w.org\/{rel}","templated":true}]}}