{"id":158838,"date":"2015-01-31T17:30:42","date_gmt":"2015-01-31T17:30:42","guid":{"rendered":"http:\/\/www.pressenza.com\/?p=158838"},"modified":"2016-04-04T19:43:54","modified_gmt":"2016-04-04T18:43:54","slug":"auch-wir-konnten-europa-andern","status":"publish","type":"post","link":"https:\/\/www.pressenza.com\/de\/2015\/01\/auch-wir-konnten-europa-andern\/","title":{"rendered":"Auch wir k\u00f6nnten Europa \u00e4ndern\u2026"},"content":{"rendered":"<p><strong><a href=\"http:\/\/de.wikipedia.org\/wiki\/Podemos\">Podemos<\/a> die neue politische Kraft in Spanien entstanden aus der <a href=\"http:\/\/de.wikipedia.org\/wiki\/Proteste_in_Spanien_2011\/2012\">Bewegung der \u201eEmp\u00f6rten\u201c oder 15M<\/a> wie sie auch in Spanien genannt wird, hat 100.000 Menschen auf den Stra\u00dfen von Madrid und an vielen anderen Orten mobilisiert. Podemos hat zum Marsch der Ver\u00e4nderung aufgerufen mit dem Slogan \u201eWir k\u00f6nnen Europa ver\u00e4ndern \u2013 2015: Das Jahr der Ver\u00e4nderung in Europa\u201c.<\/strong><\/p>\n<p>Bei 50% Jugendarbeitslosigkeit in Spanien ist es nicht verwunderlich, dass sehr viele junge Spanier zwangsweise im Ausland leben und sich vom Ausland aus f\u00fcr eine politische Ver\u00e4nderung in Spanien und in ganz Europa stark machen. Die junge Partei Podemos, inklusiv und basisdemokratisch, die sich in sogenannten Kreisen organisiert, hat in vielen europ\u00e4ischen St\u00e4dten ebenfalls Kreise gegr\u00fcndet.<\/p>\n<p>So hat <a href=\"https:\/\/www.facebook.com\/PodemosBerlin\">Podemos Berlin<\/a> zur Solidarit\u00e4tsdemonstration am Brandenburger Tor aufgerufen. Bei eisigen Temperaturen sind eine respektable Anzahl von S\u00fcdl\u00e4nderInnen diesem Aufruf gefolgt:<\/p>\n<p><em>\u201eWir, die Einwohner Europas, wohnen sehr oft im \u00f6konomischen Exil. Wir leiden unter den Konsequenzen der Finanzspekulation, die Menschen in die Emigration zwingt. Diese Spekulation wird zwar (noch) von der Gesetzgebung der europ\u00e4ischen L\u00e4nder gesch\u00fctzt, l\u00e4sst dabei aber den Volkswillen verstummen. Aus diesem Grund erleben wir heute, wie die althergebrachte Souver\u00e4nit\u00e4t grotesken Ver\u00e4nderungen unterworfen ist. Ihre tradierten St\u00e4tten der demokratischen und sozialen Partizipation sind heute nur mehr Instrumente im Spiel der globalen Finanzspekulation. Das zusehends isolierte b\u00fcrgerliche Individuum leidet unter dem daraus resultierenden enormen Sozialkahlschlag. Die Demokratie wird immer weiter beschnitten, w\u00e4hrend die Armut der Familien weiter w\u00e4chst. Diese globale Fehlentwicklung kann nur gebremst werden, wenn die Bev\u00f6lkerung verst\u00e4rkt f\u00fcr die politischen Einrichtungen eintritt, und zwar in einer aktiven, organisierten und sichtbaren Art und Weise, die die Gemeinsamkeiten zwischen den verschiedenen L\u00e4ndern betont. Lasst uns alle zusammen rufen, dass 2015 die Einwohner Europas mit der Ver\u00e4nderung ihres Kontinents beginnen.\u201c<\/em><\/p>\n<p>Unterdessen sollte es den meisten klar geworden sein, dass es sich hier nicht in erster Linie um Anliegen des S\u00fcdens Europas handelt, sondern hier die Zukunft aller Europ\u00e4erInnen auf dem Spiel steht. So ist es wohl auch bei uns an der Zeit sich zu engagieren, denn auch wir k\u00f6nnten Europa ver\u00e4ndern, wenn wir es tun wollten\u2026<\/p>\n<p><em>Hauptrede von Maria Mart\u00edn auf Englisch:<\/em><\/p>\n<p><iframe loading=\"lazy\" src=\"https:\/\/www.youtube.com\/embed\/eUeqQd5w1Kg\" width=\"560\" height=\"315\" frameborder=\"0\" allowfullscreen=\"allowfullscreen\"><\/iframe><\/p>\n<p><em>Rede von <a href=\"https:\/\/www.facebook.com\/pages\/Syriza-Berlin\/284760821644663\">Syriza Berlin<\/a>:<\/em><br \/>\n<iframe loading=\"lazy\" src=\"https:\/\/www.youtube.com\/embed\/yQKsWY-_LqU\" width=\"420\" height=\"315\" frameborder=\"0\" allowfullscreen=\"allowfullscreen\"><\/iframe><\/p>\n<p><em>Musikalische Unterst\u00fctzung:<\/em><\/p>\n<p><iframe loading=\"lazy\" src=\"https:\/\/www.youtube.com\/embed\/leJ3SmGXnbA\" width=\"560\" height=\"315\" frameborder=\"0\" allowfullscreen=\"allowfullscreen\"><\/iframe><\/p>\n<p><iframe loading=\"lazy\" src=\"https:\/\/www.youtube.com\/embed\/TqXQjWnWWyU\" width=\"560\" height=\"315\" frameborder=\"0\" allowfullscreen=\"allowfullscreen\"><\/iframe><\/p>\n<p><em>Fotoreportage von Reto Thumiger:<\/em><br \/>\n<a href=\"http:\/\/www.pressenza.com\/wp-content\/uploads\/2015\/01\/P1090032.jpg\"><img loading=\"lazy\" decoding=\"async\" class=\"alignleft wp-image-158841 size-large\" src=\"http:\/\/www.pressenza.com\/wp-content\/uploads\/2015\/01\/P1090032-600x399.jpg\" alt=\"P1090032\" width=\"600\" height=\"399\" srcset=\"https:\/\/www.pressenza.com\/wp-content\/uploads\/2015\/01\/P1090032-600x399.jpg 600w, https:\/\/www.pressenza.com\/wp-content\/uploads\/2015\/01\/P1090032-300x199.jpg 300w\" sizes=\"auto, (max-width: 600px) 100vw, 600px\" \/><\/a><\/p>\n<p><a href=\"http:\/\/www.pressenza.com\/wp-content\/uploads\/2015\/01\/P1090021.jpg\"><img loading=\"lazy\" decoding=\"async\" class=\"alignleft size-large wp-image-158849\" src=\"http:\/\/www.pressenza.com\/wp-content\/uploads\/2015\/01\/P1090021-600x399.jpg\" alt=\"P1090021\" width=\"600\" height=\"399\" srcset=\"https:\/\/www.pressenza.com\/wp-content\/uploads\/2015\/01\/P1090021-600x399.jpg 600w, https:\/\/www.pressenza.com\/wp-content\/uploads\/2015\/01\/P1090021-300x199.jpg 300w\" sizes=\"auto, (max-width: 600px) 100vw, 600px\" \/><\/a><a href=\"http:\/\/www.pressenza.com\/wp-content\/uploads\/2015\/01\/P1090026.jpg\"><img loading=\"lazy\" decoding=\"async\" class=\"alignleft size-large wp-image-158843\" src=\"http:\/\/www.pressenza.com\/wp-content\/uploads\/2015\/01\/P1090026-600x399.jpg\" alt=\"P1090026\" width=\"600\" height=\"399\" srcset=\"https:\/\/www.pressenza.com\/wp-content\/uploads\/2015\/01\/P1090026-600x399.jpg 600w, https:\/\/www.pressenza.com\/wp-content\/uploads\/2015\/01\/P1090026-300x199.jpg 300w\" sizes=\"auto, (max-width: 600px) 100vw, 600px\" \/><\/a><a href=\"http:\/\/www.pressenza.com\/wp-content\/uploads\/2015\/01\/P1090023.jpg\"><img loading=\"lazy\" decoding=\"async\" class=\"alignleft size-large wp-image-158844\" src=\"http:\/\/www.pressenza.com\/wp-content\/uploads\/2015\/01\/P1090023-600x399.jpg\" alt=\"P1090023\" width=\"600\" height=\"399\" srcset=\"https:\/\/www.pressenza.com\/wp-content\/uploads\/2015\/01\/P1090023-600x399.jpg 600w, https:\/\/www.pressenza.com\/wp-content\/uploads\/2015\/01\/P1090023-300x199.jpg 300w\" sizes=\"auto, (max-width: 600px) 100vw, 600px\" \/><\/a><a href=\"http:\/\/www.pressenza.com\/wp-content\/uploads\/2015\/01\/P1090030.jpg\"><img loading=\"lazy\" decoding=\"async\" class=\"alignleft size-large wp-image-158845\" src=\"http:\/\/www.pressenza.com\/wp-content\/uploads\/2015\/01\/P1090030-600x901.jpg\" alt=\"P1090030\" width=\"600\" height=\"901\" srcset=\"https:\/\/www.pressenza.com\/wp-content\/uploads\/2015\/01\/P1090030-600x901.jpg 600w, https:\/\/www.pressenza.com\/wp-content\/uploads\/2015\/01\/P1090030-199x300.jpg 199w, https:\/\/www.pressenza.com\/wp-content\/uploads\/2015\/01\/P1090030.jpg 1768w\" sizes=\"auto, (max-width: 600px) 100vw, 600px\" \/><\/a><\/p>\n","protected":false},"excerpt":{"rendered":"<p>Podemos die neue politische Kraft in Spanien entstanden aus der Bewegung der \u201eEmp\u00f6rten\u201c oder 15M wie sie auch in Spanien genannt wird, hat 100.000 Menschen auf den Stra\u00dfen von Madrid und an vielen anderen Orten mobilisiert. Podemos hat zum Marsch&hellip;<\/p>\n","protected":false},"author":1089,"featured_media":158873,"comment_status":"closed","ping_status":"open","sticky":false,"template":"","format":"standard","meta":{"footnotes":""},"categories":[9150,11387,9168],"tags":[4951,9756,14815,13759,15743],"class_list":["post-158838","post","type-post","status-publish","format-standard","has-post-thumbnail","hentry","category-europa-de","category-originalinhalt","category-politik","tag-15m-en","tag-empoerte","tag-europaische-union","tag-podemos-en-6","tag-politische-krise"],"yoast_head":"<!-- This site is optimized with the Yoast SEO plugin v27.1.1 - https:\/\/yoast.com\/product\/yoast-seo-wordpress\/ -->\n<title>Auch wir k\u00f6nnten Europa \u00e4ndern\u2026<\/title>\n<meta name=\"description\" content=\"Podemos die neue politische Kraft in Spanien entstanden aus der Bewegung der \u201eEmp\u00f6rten\u201c oder 15M wie sie auch in Spanien genannt wird, hat 100.000\" \/>\n<meta name=\"robots\" content=\"index, follow, max-snippet:-1, max-image-preview:large, max-video-preview:-1\" \/>\n<link rel=\"canonical\" href=\"https:\/\/www.pressenza.com\/de\/2015\/01\/auch-wir-konnten-europa-andern\/\" \/>\n<meta property=\"og:locale\" content=\"de_DE\" \/>\n<meta property=\"og:type\" content=\"article\" \/>\n<meta property=\"og:title\" content=\"Auch wir k\u00f6nnten Europa \u00e4ndern\u2026\" \/>\n<meta property=\"og:description\" content=\"Podemos die neue politische Kraft in Spanien entstanden aus der Bewegung der \u201eEmp\u00f6rten\u201c oder 15M wie sie auch in Spanien genannt wird, hat 100.000\" \/>\n<meta property=\"og:url\" content=\"https:\/\/www.pressenza.com\/de\/2015\/01\/auch-wir-konnten-europa-andern\/\" \/>\n<meta property=\"og:site_name\" content=\"Pressenza\" \/>\n<meta property=\"article:publisher\" content=\"https:\/\/www.facebook.com\/PressenzaItalia\" \/>\n<meta property=\"article:author\" content=\"https:\/\/www.facebook.com\/rthumiger\" \/>\n<meta property=\"article:published_time\" content=\"2015-01-31T17:30:42+00:00\" \/>\n<meta property=\"article:modified_time\" content=\"2016-04-04T18:43:54+00:00\" \/>\n<meta property=\"og:image\" content=\"https:\/\/www.pressenza.com\/wp-content\/uploads\/2015\/01\/P10900281.jpg\" \/>\n\t<meta property=\"og:image:width\" content=\"2656\" \/>\n\t<meta property=\"og:image:height\" content=\"1768\" \/>\n\t<meta property=\"og:image:type\" content=\"image\/jpeg\" \/>\n<meta name=\"author\" content=\"Reto Thumiger\" \/>\n<meta name=\"twitter:card\" content=\"summary_large_image\" \/>\n<meta name=\"twitter:creator\" content=\"@pressenza_ger\" \/>\n<meta name=\"twitter:site\" content=\"@PressenzaIPA\" \/>\n<meta name=\"twitter:label1\" content=\"Verfasst von\" \/>\n\t<meta name=\"twitter:data1\" content=\"Reto Thumiger\" \/>\n\t<meta name=\"twitter:label2\" content=\"Gesch\u00e4tzte Lesezeit\" \/>\n\t<meta name=\"twitter:data2\" content=\"2\u00a0Minuten\" \/>\n<script type=\"application\/ld+json\" class=\"yoast-schema-graph\">{\"@context\":\"https:\/\/schema.org\",\"@graph\":[{\"@type\":\"Article\",\"@id\":\"https:\/\/www.pressenza.com\/de\/2015\/01\/auch-wir-konnten-europa-andern\/#article\",\"isPartOf\":{\"@id\":\"https:\/\/www.pressenza.com\/de\/2015\/01\/auch-wir-konnten-europa-andern\/\"},\"author\":{\"name\":\"Reto Thumiger\",\"@id\":\"https:\/\/www.pressenza.com\/de\/#\/schema\/person\/e233667f8b5764bd84b766de5286a5fa\"},\"headline\":\"Auch wir k\u00f6nnten Europa \u00e4ndern\u2026\",\"datePublished\":\"2015-01-31T17:30:42+00:00\",\"dateModified\":\"2016-04-04T18:43:54+00:00\",\"mainEntityOfPage\":{\"@id\":\"https:\/\/www.pressenza.com\/de\/2015\/01\/auch-wir-konnten-europa-andern\/\"},\"wordCount\":394,\"publisher\":{\"@id\":\"https:\/\/www.pressenza.com\/de\/#organization\"},\"image\":{\"@id\":\"https:\/\/www.pressenza.com\/de\/2015\/01\/auch-wir-konnten-europa-andern\/#primaryimage\"},\"thumbnailUrl\":\"https:\/\/www.pressenza.com\/wp-content\/uploads\/2015\/01\/P10900281.jpg\",\"keywords\":[\"15M\",\"Emp\u00f6rte\",\"Europ\u00e4ische Union\",\"Podemos\",\"Politische Krise\"],\"articleSection\":[\"Europa\",\"Originalinhalt\",\"Politik\"],\"inLanguage\":\"de\"},{\"@type\":\"WebPage\",\"@id\":\"https:\/\/www.pressenza.com\/de\/2015\/01\/auch-wir-konnten-europa-andern\/\",\"url\":\"https:\/\/www.pressenza.com\/de\/2015\/01\/auch-wir-konnten-europa-andern\/\",\"name\":\"Auch wir k\u00f6nnten Europa \u00e4ndern\u2026\",\"isPartOf\":{\"@id\":\"https:\/\/www.pressenza.com\/de\/#website\"},\"primaryImageOfPage\":{\"@id\":\"https:\/\/www.pressenza.com\/de\/2015\/01\/auch-wir-konnten-europa-andern\/#primaryimage\"},\"image\":{\"@id\":\"https:\/\/www.pressenza.com\/de\/2015\/01\/auch-wir-konnten-europa-andern\/#primaryimage\"},\"thumbnailUrl\":\"https:\/\/www.pressenza.com\/wp-content\/uploads\/2015\/01\/P10900281.jpg\",\"datePublished\":\"2015-01-31T17:30:42+00:00\",\"dateModified\":\"2016-04-04T18:43:54+00:00\",\"description\":\"Podemos die neue politische Kraft in Spanien entstanden aus der Bewegung der \u201eEmp\u00f6rten\u201c oder 15M wie sie auch in Spanien genannt wird, hat 100.000\",\"breadcrumb\":{\"@id\":\"https:\/\/www.pressenza.com\/de\/2015\/01\/auch-wir-konnten-europa-andern\/#breadcrumb\"},\"inLanguage\":\"de\",\"potentialAction\":[{\"@type\":\"ReadAction\",\"target\":[\"https:\/\/www.pressenza.com\/de\/2015\/01\/auch-wir-konnten-europa-andern\/\"]}]},{\"@type\":\"ImageObject\",\"inLanguage\":\"de\",\"@id\":\"https:\/\/www.pressenza.com\/de\/2015\/01\/auch-wir-konnten-europa-andern\/#primaryimage\",\"url\":\"https:\/\/www.pressenza.com\/wp-content\/uploads\/2015\/01\/P10900281.jpg\",\"contentUrl\":\"https:\/\/www.pressenza.com\/wp-content\/uploads\/2015\/01\/P10900281.jpg\",\"width\":2656,\"height\":1768},{\"@type\":\"BreadcrumbList\",\"@id\":\"https:\/\/www.pressenza.com\/de\/2015\/01\/auch-wir-konnten-europa-andern\/#breadcrumb\",\"itemListElement\":[{\"@type\":\"ListItem\",\"position\":1,\"name\":\"Accueil\",\"item\":\"https:\/\/www.pressenza.com\/de\/\"},{\"@type\":\"ListItem\",\"position\":2,\"name\":\"Auch wir k\u00f6nnten Europa \u00e4ndern\u2026\"}]},{\"@type\":\"WebSite\",\"@id\":\"https:\/\/www.pressenza.com\/de\/#website\",\"url\":\"https:\/\/www.pressenza.com\/de\/\",\"name\":\"Pressenza\",\"description\":\"International Press Agency\",\"publisher\":{\"@id\":\"https:\/\/www.pressenza.com\/de\/#organization\"},\"potentialAction\":[{\"@type\":\"SearchAction\",\"target\":{\"@type\":\"EntryPoint\",\"urlTemplate\":\"https:\/\/www.pressenza.com\/de\/?s={search_term_string}\"},\"query-input\":{\"@type\":\"PropertyValueSpecification\",\"valueRequired\":true,\"valueName\":\"search_term_string\"}}],\"inLanguage\":\"de\"},{\"@type\":\"Organization\",\"@id\":\"https:\/\/www.pressenza.com\/de\/#organization\",\"name\":\"Pressenza\",\"url\":\"https:\/\/www.pressenza.com\/de\/\",\"logo\":{\"@type\":\"ImageObject\",\"inLanguage\":\"de\",\"@id\":\"https:\/\/www.pressenza.com\/de\/#\/schema\/logo\/image\/\",\"url\":\"https:\/\/www.pressenza.com\/wp-content\/uploads\/2022\/10\/pressenza_logo_200x200.jpg\",\"contentUrl\":\"https:\/\/www.pressenza.com\/wp-content\/uploads\/2022\/10\/pressenza_logo_200x200.jpg\",\"width\":200,\"height\":200,\"caption\":\"Pressenza\"},\"image\":{\"@id\":\"https:\/\/www.pressenza.com\/de\/#\/schema\/logo\/image\/\"},\"sameAs\":[\"https:\/\/www.facebook.com\/PressenzaItalia\",\"https:\/\/x.com\/PressenzaIPA\"]},{\"@type\":\"Person\",\"@id\":\"https:\/\/www.pressenza.com\/de\/#\/schema\/person\/e233667f8b5764bd84b766de5286a5fa\",\"name\":\"Reto Thumiger\",\"description\":\"The Swiss-born business administrator has been an activist for the New Humanism for over 25 years. He is committed to the promotion of cultural diversity, equal rights and the creation of equal opportunities for all people. He is committed to an internal and external revolution based on active non-violence. Through his voluntary work at Pressenza, he endeavours to contribute to overcoming violence through journalism that focuses on peace and non-violence.\",\"sameAs\":[\"http:\/\/www.pressenza.com\/de\",\"https:\/\/www.facebook.com\/rthumiger\",\"https:\/\/x.com\/pressenza_ger\"],\"url\":\"https:\/\/www.pressenza.com\/de\/author\/reto-thumiger\/\"}]}<\/script>\n<!-- \/ Yoast SEO plugin. -->","yoast_head_json":{"title":"Auch wir k\u00f6nnten Europa \u00e4ndern\u2026","description":"Podemos die neue politische Kraft in Spanien entstanden aus der Bewegung der \u201eEmp\u00f6rten\u201c oder 15M wie sie auch in Spanien genannt wird, hat 100.000","robots":{"index":"index","follow":"follow","max-snippet":"max-snippet:-1","max-image-preview":"max-image-preview:large","max-video-preview":"max-video-preview:-1"},"canonical":"https:\/\/www.pressenza.com\/de\/2015\/01\/auch-wir-konnten-europa-andern\/","og_locale":"de_DE","og_type":"article","og_title":"Auch wir k\u00f6nnten Europa \u00e4ndern\u2026","og_description":"Podemos die neue politische Kraft in Spanien entstanden aus der Bewegung der \u201eEmp\u00f6rten\u201c oder 15M wie sie auch in Spanien genannt wird, hat 100.000","og_url":"https:\/\/www.pressenza.com\/de\/2015\/01\/auch-wir-konnten-europa-andern\/","og_site_name":"Pressenza","article_publisher":"https:\/\/www.facebook.com\/PressenzaItalia","article_author":"https:\/\/www.facebook.com\/rthumiger","article_published_time":"2015-01-31T17:30:42+00:00","article_modified_time":"2016-04-04T18:43:54+00:00","og_image":[{"width":2656,"height":1768,"url":"https:\/\/www.pressenza.com\/wp-content\/uploads\/2015\/01\/P10900281.jpg","type":"image\/jpeg"}],"author":"Reto Thumiger","twitter_card":"summary_large_image","twitter_creator":"@pressenza_ger","twitter_site":"@PressenzaIPA","twitter_misc":{"Verfasst von":"Reto Thumiger","Gesch\u00e4tzte Lesezeit":"2\u00a0Minuten"},"schema":{"@context":"https:\/\/schema.org","@graph":[{"@type":"Article","@id":"https:\/\/www.pressenza.com\/de\/2015\/01\/auch-wir-konnten-europa-andern\/#article","isPartOf":{"@id":"https:\/\/www.pressenza.com\/de\/2015\/01\/auch-wir-konnten-europa-andern\/"},"author":{"name":"Reto Thumiger","@id":"https:\/\/www.pressenza.com\/de\/#\/schema\/person\/e233667f8b5764bd84b766de5286a5fa"},"headline":"Auch wir k\u00f6nnten Europa \u00e4ndern\u2026","datePublished":"2015-01-31T17:30:42+00:00","dateModified":"2016-04-04T18:43:54+00:00","mainEntityOfPage":{"@id":"https:\/\/www.pressenza.com\/de\/2015\/01\/auch-wir-konnten-europa-andern\/"},"wordCount":394,"publisher":{"@id":"https:\/\/www.pressenza.com\/de\/#organization"},"image":{"@id":"https:\/\/www.pressenza.com\/de\/2015\/01\/auch-wir-konnten-europa-andern\/#primaryimage"},"thumbnailUrl":"https:\/\/www.pressenza.com\/wp-content\/uploads\/2015\/01\/P10900281.jpg","keywords":["15M","Emp\u00f6rte","Europ\u00e4ische Union","Podemos","Politische Krise"],"articleSection":["Europa","Originalinhalt","Politik"],"inLanguage":"de"},{"@type":"WebPage","@id":"https:\/\/www.pressenza.com\/de\/2015\/01\/auch-wir-konnten-europa-andern\/","url":"https:\/\/www.pressenza.com\/de\/2015\/01\/auch-wir-konnten-europa-andern\/","name":"Auch wir k\u00f6nnten Europa \u00e4ndern\u2026","isPartOf":{"@id":"https:\/\/www.pressenza.com\/de\/#website"},"primaryImageOfPage":{"@id":"https:\/\/www.pressenza.com\/de\/2015\/01\/auch-wir-konnten-europa-andern\/#primaryimage"},"image":{"@id":"https:\/\/www.pressenza.com\/de\/2015\/01\/auch-wir-konnten-europa-andern\/#primaryimage"},"thumbnailUrl":"https:\/\/www.pressenza.com\/wp-content\/uploads\/2015\/01\/P10900281.jpg","datePublished":"2015-01-31T17:30:42+00:00","dateModified":"2016-04-04T18:43:54+00:00","description":"Podemos die neue politische Kraft in Spanien entstanden aus der Bewegung der \u201eEmp\u00f6rten\u201c oder 15M wie sie auch in Spanien genannt wird, hat 100.000","breadcrumb":{"@id":"https:\/\/www.pressenza.com\/de\/2015\/01\/auch-wir-konnten-europa-andern\/#breadcrumb"},"inLanguage":"de","potentialAction":[{"@type":"ReadAction","target":["https:\/\/www.pressenza.com\/de\/2015\/01\/auch-wir-konnten-europa-andern\/"]}]},{"@type":"ImageObject","inLanguage":"de","@id":"https:\/\/www.pressenza.com\/de\/2015\/01\/auch-wir-konnten-europa-andern\/#primaryimage","url":"https:\/\/www.pressenza.com\/wp-content\/uploads\/2015\/01\/P10900281.jpg","contentUrl":"https:\/\/www.pressenza.com\/wp-content\/uploads\/2015\/01\/P10900281.jpg","width":2656,"height":1768},{"@type":"BreadcrumbList","@id":"https:\/\/www.pressenza.com\/de\/2015\/01\/auch-wir-konnten-europa-andern\/#breadcrumb","itemListElement":[{"@type":"ListItem","position":1,"name":"Accueil","item":"https:\/\/www.pressenza.com\/de\/"},{"@type":"ListItem","position":2,"name":"Auch wir k\u00f6nnten Europa \u00e4ndern\u2026"}]},{"@type":"WebSite","@id":"https:\/\/www.pressenza.com\/de\/#website","url":"https:\/\/www.pressenza.com\/de\/","name":"Pressenza","description":"International Press Agency","publisher":{"@id":"https:\/\/www.pressenza.com\/de\/#organization"},"potentialAction":[{"@type":"SearchAction","target":{"@type":"EntryPoint","urlTemplate":"https:\/\/www.pressenza.com\/de\/?s={search_term_string}"},"query-input":{"@type":"PropertyValueSpecification","valueRequired":true,"valueName":"search_term_string"}}],"inLanguage":"de"},{"@type":"Organization","@id":"https:\/\/www.pressenza.com\/de\/#organization","name":"Pressenza","url":"https:\/\/www.pressenza.com\/de\/","logo":{"@type":"ImageObject","inLanguage":"de","@id":"https:\/\/www.pressenza.com\/de\/#\/schema\/logo\/image\/","url":"https:\/\/www.pressenza.com\/wp-content\/uploads\/2022\/10\/pressenza_logo_200x200.jpg","contentUrl":"https:\/\/www.pressenza.com\/wp-content\/uploads\/2022\/10\/pressenza_logo_200x200.jpg","width":200,"height":200,"caption":"Pressenza"},"image":{"@id":"https:\/\/www.pressenza.com\/de\/#\/schema\/logo\/image\/"},"sameAs":["https:\/\/www.facebook.com\/PressenzaItalia","https:\/\/x.com\/PressenzaIPA"]},{"@type":"Person","@id":"https:\/\/www.pressenza.com\/de\/#\/schema\/person\/e233667f8b5764bd84b766de5286a5fa","name":"Reto Thumiger","description":"The Swiss-born business administrator has been an activist for the New Humanism for over 25 years. He is committed to the promotion of cultural diversity, equal rights and the creation of equal opportunities for all people. He is committed to an internal and external revolution based on active non-violence. Through his voluntary work at Pressenza, he endeavours to contribute to overcoming violence through journalism that focuses on peace and non-violence.","sameAs":["http:\/\/www.pressenza.com\/de","https:\/\/www.facebook.com\/rthumiger","https:\/\/x.com\/pressenza_ger"],"url":"https:\/\/www.pressenza.com\/de\/author\/reto-thumiger\/"}]}},"place":"","original_article_url":"","_links":{"self":[{"href":"https:\/\/www.pressenza.com\/de\/wp-json\/wp\/v2\/posts\/158838","targetHints":{"allow":["GET"]}}],"collection":[{"href":"https:\/\/www.pressenza.com\/de\/wp-json\/wp\/v2\/posts"}],"about":[{"href":"https:\/\/www.pressenza.com\/de\/wp-json\/wp\/v2\/types\/post"}],"author":[{"embeddable":true,"href":"https:\/\/www.pressenza.com\/de\/wp-json\/wp\/v2\/users\/1089"}],"replies":[{"embeddable":true,"href":"https:\/\/www.pressenza.com\/de\/wp-json\/wp\/v2\/comments?post=158838"}],"version-history":[{"count":0,"href":"https:\/\/www.pressenza.com\/de\/wp-json\/wp\/v2\/posts\/158838\/revisions"}],"wp:featuredmedia":[{"embeddable":true,"href":"https:\/\/www.pressenza.com\/de\/wp-json\/wp\/v2\/media\/158873"}],"wp:attachment":[{"href":"https:\/\/www.pressenza.com\/de\/wp-json\/wp\/v2\/media?parent=158838"}],"wp:term":[{"taxonomy":"category","embeddable":true,"href":"https:\/\/www.pressenza.com\/de\/wp-json\/wp\/v2\/categories?post=158838"},{"taxonomy":"post_tag","embeddable":true,"href":"https:\/\/www.pressenza.com\/de\/wp-json\/wp\/v2\/tags?post=158838"}],"curies":[{"name":"wp","href":"https:\/\/api.w.org\/{rel}","templated":true}]}}