{"id":1573768,"date":"2022-04-30T09:14:13","date_gmt":"2022-04-30T08:14:13","guid":{"rendered":"https:\/\/www.pressenza.com\/?p=1573768"},"modified":"2022-04-30T10:47:15","modified_gmt":"2022-04-30T09:47:15","slug":"abschied-von-einem-der-sich-nichts-gefallen-liess","status":"publish","type":"post","link":"https:\/\/www.pressenza.com\/de\/2022\/04\/abschied-von-einem-der-sich-nichts-gefallen-liess\/","title":{"rendered":"Abschied von einem, der sich nichts gefallen lie\u00df"},"content":{"rendered":"<p><strong>Willi Resetarits (1948-2022)<\/strong><\/p>\n<p>Wenn es in der j\u00fcngeren Kultur-Geschichte \u00d6sterreichs so etwas wie eine Identifikationsfigur gibt, auf die sich Generationen von Musikfans einigen k\u00f6nnen, geh\u00f6rt Willi Resetarits sicherlich an vorderster Stelle genannt. Als \u201emoralische Instanz der Nation\u201c wurde er dabei auch von Nicht-Linken geh\u00f6rt und geachtet.<\/p>\n<p>Die musikalische Karriere von Willi Resetarits begann im Jahr 1969 mit der Gr\u00fcndung der Polit-Rock-Band \u201eSchmetterlinge\u201c. Eine erste Langspielplatte erschien 1973, vielbeachtet ist vor allem \u201eDie Proletenpassion\u201c (ein politisches Oratorium). Das Werk wurde 1976 bei den Wiener Festwochen als \u201eszenische Theaterfassung\u201c uraufgef\u00fchrt und 1977 als Dreifach-Album ver\u00f6ffentlicht. Die Geschichtsschreibung der Herrschenden durch jene der Beherrschten zu ersetzen ist das Leitmotiv dieses Konzeptwerkes, das bis zum heutigen Tag nichts an Aktualit\u00e4t eingeb\u00fc\u00dft hat. Die Schmetterlinge vertraten \u00d6sterreich beim Eurovisions-Songcontest im gleichen Jahr mit \u201eBoom Boom Boomerang\u201c, einem Lied, das die Musik-Industrie aufs Trefflichste parodiert und ihnen den glorreichen vorletzten Platz bei der Veranstaltung einbrachte. Das vision\u00e4re Album \u201eDie letzte Welt\u201c aus dem Jahr 1982 nimmt auf die t\u00f6dlichen Folgen kapitalistisch gepr\u00e4gter Lebensweise Bezug, die heute, 40 Jahre sp\u00e4ter, in Form der bevorstehenden Klimakatastrophe Realit\u00e4t geworden sind.<\/p>\n<p>Das Jahr 1985 sah einerseits die Mitwirkung der Schmetterlinge am Projekt \u201eAustria f\u00fcr Afrika\u201c und dem Lied \u201eWarum?\u201c andererseits markiert es den Beginn der Karriere der Kunstfigur \u201eOstbahn Kurti\u201c. Mit der \u201eChefpartie\u201c wurden in den folgenden Jahren Blues-, Country- und Rockklassiker verschiedener K\u00fcnstler ins Wienerische \u00fcbertragen. Mit der Cover-Version des Springsteen-Songs \u201eFire\u201c hielt Willi Resetarits alias Ostbahn Kurti erstmals auch in den Charts Einzug.<\/p>\n<p>Ab 1995 verlegten sich \u201eKurt Ostbahn und die Kombo\u201c vermehrt auf Eigenkompositionen, die den gro\u00dfen Vorbildern von Bruce Springsteen bis Bad Company musikalisch um nichts nachstehen. Die Alben \u201eEspresso Rosi\u201c und \u201eReserviert fia zwa\u201c k\u00f6nnen definitiv als sp\u00e4te Meisterwerke des Austropop bezeichnet werden. Die Neunziger Jahre waren aber auch das Jahrzehnt des Aufstiegs eines gewissen J\u00f6rg Haider, am Beginn stand das \u201eAnti-Ausl\u00e4nder-Volksbegehren\u201c und als Reaktion darauf das Lichtermeer, in weiterer Folge wurde das Land von rassistisch motivierten Briefbomben-Anschl\u00e4gen ersch\u00fcttert. Willi Resetarits stand immer an vorderster Front auf der Seite der Menschlichkeit und wurde Mitbegr\u00fcnder der Organisation SOS Mitmensch und initierte 1996 das Integrationshaus Wien.<\/p>\n<p>Nachdem Ostbahn-Kurti-Erfinder und Textdichter G\u00fcnter Br\u00f6dl im Oktober 2000 pl\u00f6tzlich verstarb wurde \u201eKurt Ostbahn\u201c in Pension geschickt. Willi Resetarits blieb jedoch musikalisch umtriebig wie eh und je und wirkte an den Projekten \u201eStubnblues\u201c und \u201eMolden, Resetarits, Soyka und Wirth\u201c mit. Resetarits, der auch Mitbegr\u00fcnder der Organisation Asyl in Not war, erhielt 1997 den \u201eBruno Kreisky Preis f\u00fcr Verdienste um die Menschenrechte\u201c und 2008 den \u201eFritz-Greinecker-Preis f\u00fcr Zivilcourage\u201c. Seine Autobiografie anl\u00e4sslich des 70.Geburtstages (2018) \u201eIch lebe gerne, denn sonst w\u00e4re ich tot\u201c sei allen ans Herz gelegt die sich f\u00fcr \u00f6sterreichische Zeitgeschichte aus der Sicht eines Widerst\u00e4ndigen interessieren.<\/p>\n<p>Willi Resetarits war und bleibt eine Ausnahmeerscheinung, der seine Stimme erhob und auch Taten setzte, wenn es darum ging, f\u00fcr jene einzutreten, denen Unrecht geschieht. Er war ma\u00dfgeblich an der Arena-Besetzung 1976 beteiligt und erhielt eine Verurteilung wegen \u201eAufrufs zur Wehrdienstverweigerung\u201c, er beherrschte die feinen T\u00f6ne ebenso wie er die D\u00e4monen des Rock\u2019N\u2019Roll kannte. Der Kurti und seine Chefpartie intonierten in den 1980er Jahren den Soundtrack der \u00f6sterreichischen Arbeiterjugend, deren Rechte und Wohlstand zunehmend neoliberaler Logik zum Opfer fielen (\u201eMehr Privat &#8211; weniger Staat\u201c lautete das uns\u00e4gliche Motto), legend\u00e4r war seine Verabschiedung am Ende jedes Konzertes und auch seiner Radio-Sendung \u201eTrost und Rat\u201c: \u201eSeid&#8217;s vuasichtig und losst&#8217;s eich nix gfoin!\u201c<\/p>\n<p>M\u00f6ge Willi Resetarits vor allem damit in Erinnerung bleiben&#8230;<\/p>\n<p>&nbsp;<\/p>\n<p><em>Beitrag von Leo K.\/Wien<\/em><\/p>\n","protected":false},"excerpt":{"rendered":"<p>Willi Resetarits (1948-2022) Wenn es in der j\u00fcngeren Kultur-Geschichte \u00d6sterreichs so etwas wie eine Identifikationsfigur gibt, auf die sich Generationen von Musikfans einigen k\u00f6nnen, geh\u00f6rt Willi Resetarits sicherlich an vorderster Stelle genannt. Als \u201emoralische Instanz der Nation\u201c wurde er dabei&hellip;<\/p>\n","protected":false},"author":1096,"featured_media":1573769,"comment_status":"closed","ping_status":"closed","sticky":false,"template":"","format":"standard","meta":{"footnotes":""},"categories":[9156,66461,9161,11387],"tags":[101548,101550,33967,101549],"class_list":["post-1573768","post","type-post","status-publish","format-standard","has-post-thumbnail","hentry","category-kultur-und-medien","category-kunst","category-menschenrechte","category-originalinhalt","tag-burgenlandkroate","tag-fluechtlingshilfe","tag-musik","tag-ostbahn-kurti"],"yoast_head":"<!-- This site is optimized with the Yoast SEO plugin v27.1.1 - https:\/\/yoast.com\/product\/yoast-seo-wordpress\/ -->\n<title>Abschied von einem, der sich nichts gefallen lie\u00df<\/title>\n<meta name=\"description\" content=\"Willi Resetarits (1948-2022) Wenn es in der j\u00fcngeren Kultur-Geschichte \u00d6sterreichs so etwas wie eine Identifikationsfigur gibt, auf die sich Generationen\" \/>\n<meta name=\"robots\" content=\"index, follow, max-snippet:-1, max-image-preview:large, max-video-preview:-1\" \/>\n<link rel=\"canonical\" href=\"https:\/\/www.pressenza.com\/de\/2022\/04\/abschied-von-einem-der-sich-nichts-gefallen-liess\/\" \/>\n<meta property=\"og:locale\" content=\"de_DE\" \/>\n<meta property=\"og:type\" content=\"article\" \/>\n<meta property=\"og:title\" content=\"Abschied von einem, der sich nichts gefallen lie\u00df\" \/>\n<meta property=\"og:description\" content=\"Willi Resetarits (1948-2022) Wenn es in der j\u00fcngeren Kultur-Geschichte \u00d6sterreichs so etwas wie eine Identifikationsfigur gibt, auf die sich Generationen\" \/>\n<meta property=\"og:url\" content=\"https:\/\/www.pressenza.com\/de\/2022\/04\/abschied-von-einem-der-sich-nichts-gefallen-liess\/\" \/>\n<meta property=\"og:site_name\" content=\"Pressenza\" \/>\n<meta property=\"article:publisher\" content=\"https:\/\/www.facebook.com\/PressenzaItalia\" \/>\n<meta property=\"article:published_time\" content=\"2022-04-30T08:14:13+00:00\" \/>\n<meta property=\"article:modified_time\" content=\"2022-04-30T09:47:15+00:00\" \/>\n<meta property=\"og:image\" content=\"https:\/\/www.pressenza.com\/wp-content\/uploads\/2022\/04\/C5BAC3BF-9873-4702-9993-13C98EF9B544.jpeg\" \/>\n\t<meta property=\"og:image:width\" content=\"1920\" \/>\n\t<meta property=\"og:image:height\" content=\"1280\" \/>\n\t<meta property=\"og:image:type\" content=\"image\/jpeg\" \/>\n<meta name=\"author\" content=\"Pressenza Wien\" \/>\n<meta name=\"twitter:card\" content=\"summary_large_image\" \/>\n<meta name=\"twitter:creator\" content=\"@pressenza_ger\" \/>\n<meta name=\"twitter:site\" content=\"@PressenzaIPA\" \/>\n<meta name=\"twitter:label1\" content=\"Verfasst von\" \/>\n\t<meta name=\"twitter:data1\" content=\"Pressenza Wien\" \/>\n\t<meta name=\"twitter:label2\" content=\"Gesch\u00e4tzte Lesezeit\" \/>\n\t<meta name=\"twitter:data2\" content=\"4\u00a0Minuten\" \/>\n<script type=\"application\/ld+json\" class=\"yoast-schema-graph\">{\"@context\":\"https:\/\/schema.org\",\"@graph\":[{\"@type\":\"Article\",\"@id\":\"https:\/\/www.pressenza.com\/de\/2022\/04\/abschied-von-einem-der-sich-nichts-gefallen-liess\/#article\",\"isPartOf\":{\"@id\":\"https:\/\/www.pressenza.com\/de\/2022\/04\/abschied-von-einem-der-sich-nichts-gefallen-liess\/\"},\"author\":{\"name\":\"Pressenza Wien\",\"@id\":\"https:\/\/www.pressenza.com\/de\/#\/schema\/person\/3df859e5bf9b19ab936f666e0177e38b\"},\"headline\":\"Abschied von einem, der sich nichts gefallen lie\u00df\",\"datePublished\":\"2022-04-30T08:14:13+00:00\",\"dateModified\":\"2022-04-30T09:47:15+00:00\",\"mainEntityOfPage\":{\"@id\":\"https:\/\/www.pressenza.com\/de\/2022\/04\/abschied-von-einem-der-sich-nichts-gefallen-liess\/\"},\"wordCount\":610,\"publisher\":{\"@id\":\"https:\/\/www.pressenza.com\/de\/#organization\"},\"image\":{\"@id\":\"https:\/\/www.pressenza.com\/de\/2022\/04\/abschied-von-einem-der-sich-nichts-gefallen-liess\/#primaryimage\"},\"thumbnailUrl\":\"https:\/\/www.pressenza.com\/wp-content\/uploads\/2022\/04\/C5BAC3BF-9873-4702-9993-13C98EF9B544.jpeg\",\"keywords\":[\"Burgenlandkroate\",\"Fl\u00fcchtlingshilfe\",\"Musik\",\"Ostbahn Kurti\"],\"articleSection\":[\"Kultur und Medien\",\"Kunst\",\"Menschenrechte\",\"Originalinhalt\"],\"inLanguage\":\"de\"},{\"@type\":\"WebPage\",\"@id\":\"https:\/\/www.pressenza.com\/de\/2022\/04\/abschied-von-einem-der-sich-nichts-gefallen-liess\/\",\"url\":\"https:\/\/www.pressenza.com\/de\/2022\/04\/abschied-von-einem-der-sich-nichts-gefallen-liess\/\",\"name\":\"Abschied von einem, der sich nichts gefallen lie\u00df\",\"isPartOf\":{\"@id\":\"https:\/\/www.pressenza.com\/de\/#website\"},\"primaryImageOfPage\":{\"@id\":\"https:\/\/www.pressenza.com\/de\/2022\/04\/abschied-von-einem-der-sich-nichts-gefallen-liess\/#primaryimage\"},\"image\":{\"@id\":\"https:\/\/www.pressenza.com\/de\/2022\/04\/abschied-von-einem-der-sich-nichts-gefallen-liess\/#primaryimage\"},\"thumbnailUrl\":\"https:\/\/www.pressenza.com\/wp-content\/uploads\/2022\/04\/C5BAC3BF-9873-4702-9993-13C98EF9B544.jpeg\",\"datePublished\":\"2022-04-30T08:14:13+00:00\",\"dateModified\":\"2022-04-30T09:47:15+00:00\",\"description\":\"Willi Resetarits (1948-2022) Wenn es in der j\u00fcngeren Kultur-Geschichte \u00d6sterreichs so etwas wie eine Identifikationsfigur gibt, auf die sich Generationen\",\"breadcrumb\":{\"@id\":\"https:\/\/www.pressenza.com\/de\/2022\/04\/abschied-von-einem-der-sich-nichts-gefallen-liess\/#breadcrumb\"},\"inLanguage\":\"de\",\"potentialAction\":[{\"@type\":\"ReadAction\",\"target\":[\"https:\/\/www.pressenza.com\/de\/2022\/04\/abschied-von-einem-der-sich-nichts-gefallen-liess\/\"]}]},{\"@type\":\"ImageObject\",\"inLanguage\":\"de\",\"@id\":\"https:\/\/www.pressenza.com\/de\/2022\/04\/abschied-von-einem-der-sich-nichts-gefallen-liess\/#primaryimage\",\"url\":\"https:\/\/www.pressenza.com\/wp-content\/uploads\/2022\/04\/C5BAC3BF-9873-4702-9993-13C98EF9B544.jpeg\",\"contentUrl\":\"https:\/\/www.pressenza.com\/wp-content\/uploads\/2022\/04\/C5BAC3BF-9873-4702-9993-13C98EF9B544.jpeg\",\"width\":1920,\"height\":1280,\"caption\":\"Willi Resetarits - \u00f6-t\u00f6ne 2013\"},{\"@type\":\"BreadcrumbList\",\"@id\":\"https:\/\/www.pressenza.com\/de\/2022\/04\/abschied-von-einem-der-sich-nichts-gefallen-liess\/#breadcrumb\",\"itemListElement\":[{\"@type\":\"ListItem\",\"position\":1,\"name\":\"Accueil\",\"item\":\"https:\/\/www.pressenza.com\/de\/\"},{\"@type\":\"ListItem\",\"position\":2,\"name\":\"Abschied von einem, der sich nichts gefallen lie\u00df\"}]},{\"@type\":\"WebSite\",\"@id\":\"https:\/\/www.pressenza.com\/de\/#website\",\"url\":\"https:\/\/www.pressenza.com\/de\/\",\"name\":\"Pressenza\",\"description\":\"International Press Agency\",\"publisher\":{\"@id\":\"https:\/\/www.pressenza.com\/de\/#organization\"},\"potentialAction\":[{\"@type\":\"SearchAction\",\"target\":{\"@type\":\"EntryPoint\",\"urlTemplate\":\"https:\/\/www.pressenza.com\/de\/?s={search_term_string}\"},\"query-input\":{\"@type\":\"PropertyValueSpecification\",\"valueRequired\":true,\"valueName\":\"search_term_string\"}}],\"inLanguage\":\"de\"},{\"@type\":\"Organization\",\"@id\":\"https:\/\/www.pressenza.com\/de\/#organization\",\"name\":\"Pressenza\",\"url\":\"https:\/\/www.pressenza.com\/de\/\",\"logo\":{\"@type\":\"ImageObject\",\"inLanguage\":\"de\",\"@id\":\"https:\/\/www.pressenza.com\/de\/#\/schema\/logo\/image\/\",\"url\":\"https:\/\/www.pressenza.com\/wp-content\/uploads\/2022\/10\/pressenza_logo_200x200.jpg\",\"contentUrl\":\"https:\/\/www.pressenza.com\/wp-content\/uploads\/2022\/10\/pressenza_logo_200x200.jpg\",\"width\":200,\"height\":200,\"caption\":\"Pressenza\"},\"image\":{\"@id\":\"https:\/\/www.pressenza.com\/de\/#\/schema\/logo\/image\/\"},\"sameAs\":[\"https:\/\/www.facebook.com\/PressenzaItalia\",\"https:\/\/x.com\/PressenzaIPA\"]},{\"@type\":\"Person\",\"@id\":\"https:\/\/www.pressenza.com\/de\/#\/schema\/person\/3df859e5bf9b19ab936f666e0177e38b\",\"name\":\"Pressenza Wien\",\"description\":\"News from the Pressenza Bureau in Vienna, Austria\",\"sameAs\":[\"https:\/\/x.com\/pressenza_ger\"],\"url\":\"https:\/\/www.pressenza.com\/de\/author\/pressenza-wien\/\"}]}<\/script>\n<!-- \/ Yoast SEO plugin. -->","yoast_head_json":{"title":"Abschied von einem, der sich nichts gefallen lie\u00df","description":"Willi Resetarits (1948-2022) Wenn es in der j\u00fcngeren Kultur-Geschichte \u00d6sterreichs so etwas wie eine Identifikationsfigur gibt, auf die sich Generationen","robots":{"index":"index","follow":"follow","max-snippet":"max-snippet:-1","max-image-preview":"max-image-preview:large","max-video-preview":"max-video-preview:-1"},"canonical":"https:\/\/www.pressenza.com\/de\/2022\/04\/abschied-von-einem-der-sich-nichts-gefallen-liess\/","og_locale":"de_DE","og_type":"article","og_title":"Abschied von einem, der sich nichts gefallen lie\u00df","og_description":"Willi Resetarits (1948-2022) Wenn es in der j\u00fcngeren Kultur-Geschichte \u00d6sterreichs so etwas wie eine Identifikationsfigur gibt, auf die sich Generationen","og_url":"https:\/\/www.pressenza.com\/de\/2022\/04\/abschied-von-einem-der-sich-nichts-gefallen-liess\/","og_site_name":"Pressenza","article_publisher":"https:\/\/www.facebook.com\/PressenzaItalia","article_published_time":"2022-04-30T08:14:13+00:00","article_modified_time":"2022-04-30T09:47:15+00:00","og_image":[{"width":1920,"height":1280,"url":"https:\/\/www.pressenza.com\/wp-content\/uploads\/2022\/04\/C5BAC3BF-9873-4702-9993-13C98EF9B544.jpeg","type":"image\/jpeg"}],"author":"Pressenza Wien","twitter_card":"summary_large_image","twitter_creator":"@pressenza_ger","twitter_site":"@PressenzaIPA","twitter_misc":{"Verfasst von":"Pressenza Wien","Gesch\u00e4tzte Lesezeit":"4\u00a0Minuten"},"schema":{"@context":"https:\/\/schema.org","@graph":[{"@type":"Article","@id":"https:\/\/www.pressenza.com\/de\/2022\/04\/abschied-von-einem-der-sich-nichts-gefallen-liess\/#article","isPartOf":{"@id":"https:\/\/www.pressenza.com\/de\/2022\/04\/abschied-von-einem-der-sich-nichts-gefallen-liess\/"},"author":{"name":"Pressenza Wien","@id":"https:\/\/www.pressenza.com\/de\/#\/schema\/person\/3df859e5bf9b19ab936f666e0177e38b"},"headline":"Abschied von einem, der sich nichts gefallen lie\u00df","datePublished":"2022-04-30T08:14:13+00:00","dateModified":"2022-04-30T09:47:15+00:00","mainEntityOfPage":{"@id":"https:\/\/www.pressenza.com\/de\/2022\/04\/abschied-von-einem-der-sich-nichts-gefallen-liess\/"},"wordCount":610,"publisher":{"@id":"https:\/\/www.pressenza.com\/de\/#organization"},"image":{"@id":"https:\/\/www.pressenza.com\/de\/2022\/04\/abschied-von-einem-der-sich-nichts-gefallen-liess\/#primaryimage"},"thumbnailUrl":"https:\/\/www.pressenza.com\/wp-content\/uploads\/2022\/04\/C5BAC3BF-9873-4702-9993-13C98EF9B544.jpeg","keywords":["Burgenlandkroate","Fl\u00fcchtlingshilfe","Musik","Ostbahn Kurti"],"articleSection":["Kultur und Medien","Kunst","Menschenrechte","Originalinhalt"],"inLanguage":"de"},{"@type":"WebPage","@id":"https:\/\/www.pressenza.com\/de\/2022\/04\/abschied-von-einem-der-sich-nichts-gefallen-liess\/","url":"https:\/\/www.pressenza.com\/de\/2022\/04\/abschied-von-einem-der-sich-nichts-gefallen-liess\/","name":"Abschied von einem, der sich nichts gefallen lie\u00df","isPartOf":{"@id":"https:\/\/www.pressenza.com\/de\/#website"},"primaryImageOfPage":{"@id":"https:\/\/www.pressenza.com\/de\/2022\/04\/abschied-von-einem-der-sich-nichts-gefallen-liess\/#primaryimage"},"image":{"@id":"https:\/\/www.pressenza.com\/de\/2022\/04\/abschied-von-einem-der-sich-nichts-gefallen-liess\/#primaryimage"},"thumbnailUrl":"https:\/\/www.pressenza.com\/wp-content\/uploads\/2022\/04\/C5BAC3BF-9873-4702-9993-13C98EF9B544.jpeg","datePublished":"2022-04-30T08:14:13+00:00","dateModified":"2022-04-30T09:47:15+00:00","description":"Willi Resetarits (1948-2022) Wenn es in der j\u00fcngeren Kultur-Geschichte \u00d6sterreichs so etwas wie eine Identifikationsfigur gibt, auf die sich Generationen","breadcrumb":{"@id":"https:\/\/www.pressenza.com\/de\/2022\/04\/abschied-von-einem-der-sich-nichts-gefallen-liess\/#breadcrumb"},"inLanguage":"de","potentialAction":[{"@type":"ReadAction","target":["https:\/\/www.pressenza.com\/de\/2022\/04\/abschied-von-einem-der-sich-nichts-gefallen-liess\/"]}]},{"@type":"ImageObject","inLanguage":"de","@id":"https:\/\/www.pressenza.com\/de\/2022\/04\/abschied-von-einem-der-sich-nichts-gefallen-liess\/#primaryimage","url":"https:\/\/www.pressenza.com\/wp-content\/uploads\/2022\/04\/C5BAC3BF-9873-4702-9993-13C98EF9B544.jpeg","contentUrl":"https:\/\/www.pressenza.com\/wp-content\/uploads\/2022\/04\/C5BAC3BF-9873-4702-9993-13C98EF9B544.jpeg","width":1920,"height":1280,"caption":"Willi Resetarits - \u00f6-t\u00f6ne 2013"},{"@type":"BreadcrumbList","@id":"https:\/\/www.pressenza.com\/de\/2022\/04\/abschied-von-einem-der-sich-nichts-gefallen-liess\/#breadcrumb","itemListElement":[{"@type":"ListItem","position":1,"name":"Accueil","item":"https:\/\/www.pressenza.com\/de\/"},{"@type":"ListItem","position":2,"name":"Abschied von einem, der sich nichts gefallen lie\u00df"}]},{"@type":"WebSite","@id":"https:\/\/www.pressenza.com\/de\/#website","url":"https:\/\/www.pressenza.com\/de\/","name":"Pressenza","description":"International Press Agency","publisher":{"@id":"https:\/\/www.pressenza.com\/de\/#organization"},"potentialAction":[{"@type":"SearchAction","target":{"@type":"EntryPoint","urlTemplate":"https:\/\/www.pressenza.com\/de\/?s={search_term_string}"},"query-input":{"@type":"PropertyValueSpecification","valueRequired":true,"valueName":"search_term_string"}}],"inLanguage":"de"},{"@type":"Organization","@id":"https:\/\/www.pressenza.com\/de\/#organization","name":"Pressenza","url":"https:\/\/www.pressenza.com\/de\/","logo":{"@type":"ImageObject","inLanguage":"de","@id":"https:\/\/www.pressenza.com\/de\/#\/schema\/logo\/image\/","url":"https:\/\/www.pressenza.com\/wp-content\/uploads\/2022\/10\/pressenza_logo_200x200.jpg","contentUrl":"https:\/\/www.pressenza.com\/wp-content\/uploads\/2022\/10\/pressenza_logo_200x200.jpg","width":200,"height":200,"caption":"Pressenza"},"image":{"@id":"https:\/\/www.pressenza.com\/de\/#\/schema\/logo\/image\/"},"sameAs":["https:\/\/www.facebook.com\/PressenzaItalia","https:\/\/x.com\/PressenzaIPA"]},{"@type":"Person","@id":"https:\/\/www.pressenza.com\/de\/#\/schema\/person\/3df859e5bf9b19ab936f666e0177e38b","name":"Pressenza Wien","description":"News from the Pressenza Bureau in Vienna, Austria","sameAs":["https:\/\/x.com\/pressenza_ger"],"url":"https:\/\/www.pressenza.com\/de\/author\/pressenza-wien\/"}]}},"place":"Leo K.","original_article_url":"","_links":{"self":[{"href":"https:\/\/www.pressenza.com\/de\/wp-json\/wp\/v2\/posts\/1573768","targetHints":{"allow":["GET"]}}],"collection":[{"href":"https:\/\/www.pressenza.com\/de\/wp-json\/wp\/v2\/posts"}],"about":[{"href":"https:\/\/www.pressenza.com\/de\/wp-json\/wp\/v2\/types\/post"}],"author":[{"embeddable":true,"href":"https:\/\/www.pressenza.com\/de\/wp-json\/wp\/v2\/users\/1096"}],"replies":[{"embeddable":true,"href":"https:\/\/www.pressenza.com\/de\/wp-json\/wp\/v2\/comments?post=1573768"}],"version-history":[{"count":0,"href":"https:\/\/www.pressenza.com\/de\/wp-json\/wp\/v2\/posts\/1573768\/revisions"}],"wp:featuredmedia":[{"embeddable":true,"href":"https:\/\/www.pressenza.com\/de\/wp-json\/wp\/v2\/media\/1573769"}],"wp:attachment":[{"href":"https:\/\/www.pressenza.com\/de\/wp-json\/wp\/v2\/media?parent=1573768"}],"wp:term":[{"taxonomy":"category","embeddable":true,"href":"https:\/\/www.pressenza.com\/de\/wp-json\/wp\/v2\/categories?post=1573768"},{"taxonomy":"post_tag","embeddable":true,"href":"https:\/\/www.pressenza.com\/de\/wp-json\/wp\/v2\/tags?post=1573768"}],"curies":[{"name":"wp","href":"https:\/\/api.w.org\/{rel}","templated":true}]}}