{"id":1564154,"date":"2022-04-14T09:52:33","date_gmt":"2022-04-14T08:52:33","guid":{"rendered":"https:\/\/www.pressenza.com\/?p=1564154"},"modified":"2022-04-23T15:46:45","modified_gmt":"2022-04-23T14:46:45","slug":"frankreich-erste-runde-der-praesidentschaftswahlen-enthaltung-wiederholung-und-melenchon","status":"publish","type":"post","link":"https:\/\/www.pressenza.com\/de\/2022\/04\/frankreich-erste-runde-der-praesidentschaftswahlen-enthaltung-wiederholung-und-melenchon\/","title":{"rendered":"Frankreich \u2013 erste Runde der Pr\u00e4sidentschaftswahlen: Enthaltung, Wiederholung und M\u00e9lenchon!"},"content":{"rendered":"<p><strong>Enthaltung, Wiederholung und M\u00e9lenchon: Diese drei Begriffe allein fassen das Resultat der ersten Runde der Pr\u00e4sidentschaftswahlen in Frankreich zusammen. Im Ergebnis erreichen der amtierende Pr\u00e4sident und Kandidat der Ultraliberalen, Emmanuel Macron mit 27,84% der Stimmen und die Kandidatin der extremen Rechten vom RN (Rassemblement National), Marine Le Pen mit 23,15% der Stimmen die zweite Wahlrunde. Jean-Luc M\u00e9lenchon, Kandidat von FI-France Insoumise (\u201eUnbeugsames Frankreich\u201c) f\u00fcr die Union Populaire erh\u00e4lt 21,95% der Stimmen.<\/strong><\/p>\n<p>Die Wahlbeteiligung lag f\u00fcr eine Pr\u00e4sidentschaftswahl auf einem Rekordtief: 26,3% der W\u00e4hlerInnen sind nicht an die Wahlurnen gegangen, das hei\u00dft jede(r) Vierte, besonders unter den jungen W\u00e4hlerInnen im Alter von 18 bis 25 Jahren. Eine Umfrage hat au\u00dferdem ergeben, dass 31% der W\u00e4hlerInnen zwischen 18 und 24 Jahren und 34% der 25 bis 34-J\u00e4hrigen f\u00fcr den Kandidaten der Union Populaire gestimmt haben, mit gro\u00dfem Abstand vor Macron und Le Pen. Ihnen geh\u00f6rt die Zukunft. Die Jugend d\u00fcrstet nach Leben, nach Gerechtigkeit und Br\u00fcderlichkeit \u2013 diese Gemeinsamkeit, die sich abzeichnet, wird sich auf die eine oder andere Weise herausbilden.<\/p>\n<p>Die traditionellen Rechts-Links-Parteien brechen ein und verschwinden mit nur 1,74% f\u00fcr die Kandidatin der Parti Socialiste und 4,79% f\u00fcr die Kandidatin der Republikaner von der politischen Landschaft. Ihre Wahlkampagne hat keine Fr\u00fcchte getragen, denn sie verfehlen die 5%. Das gleiche gilt f\u00fcr den Kandidaten der Gr\u00fcnen, Europe Ecologie les Verts, der 4,58% der Stimmen erh\u00e4lt. Die extreme Rechte wird gest\u00e4rkt mit einem Wahlergebnis von 7,05% f\u00fcr Eric Zemmour und seine rechtsextreme Partei Reconqu\u00eate (\u201eR\u00fcckeroberung\u201c), die Ende 2021 gegr\u00fcndet wurde. Die W\u00e4hler der traditionellen Rechten sind entweder zum Ultraliberalismus Macrons oder zum Rechtsextremismus abgewandert.<\/p>\n<p>Der Kandidat der Parti Communiste, Fabien Roussel, der w\u00e4hrend seiner gesamten Kampagne damit geprahlt hatte, alles f\u00fcr die Nuklearwirtschaft zu tun, in dem Wissen, dass er nicht gew\u00e4hlt werden w\u00fcrde, erhielt 2,31% der Stimmen. 2012 hatte sich die Parti Communiste nicht an der Wahl beteiligt und durch eine interne Abstimmung hatten sich ihre Anh\u00e4nger daf\u00fcr entschieden, Jean-Luc M\u00e9lenchon als Kandidaten der Linksfront aufzustellen. 2017 immer noch keine Kandidatur der PC (Parti Communiste), diesmal jedoch eine halbherzige Unterst\u00fctzung der Kandidatur f\u00fcr France Insoumise. In diesem Jahr nun, nach f\u00fcnf Jahren des Ultraliberalismus und in dem der Kandidat f\u00fcr France Insoumise f\u00fcr die Union Populaire einen Unterschied h\u00e4tte machen k\u00f6nnen, stellte die Parti Communiste einen Kandidaten auf und lie\u00df damit die Kandidatur der Union Populaire scheitern.<\/p>\n<p>Am Abend des 10. April rief Fabien Roussel dann dazu auf, im zweiten Wahlgang den amtierenden Pr\u00e4sidenten und Vertreter des Ultraliberalismus, Emmanuel Macron zu w\u00e4hlen, um die extreme Rechte zu verhindern. Um jedoch die extreme Rechte und den Ultraliberalismus zu verhindern, h\u00e4tte man keinen eigenen Kandidaten aufstellen, sondern sich der Union Populaire anschlie\u00dfen sollen. Daf\u00fcr ist vor allem Fabien Roussel verantwortlich. Der Abstand zwischen Marine Le Pen und Jean-Luc M\u00e9lenchon ist nur sehr klein. Wenn das kein Betrug am Volk ist, so sieht es doch ganz danach aus!<\/p>\n<p>Das Gleiche gilt f\u00fcr die Parti Socialiste, die schon seit Langem nicht mehr links steht, aber auch f\u00fcr die Gr\u00fcnen, die nicht in der Lage sind, eine reelle Sozialpolitik zu vertreten \u2013 sie alle haben dazu aufgerufen, im zweiten Wahlgang Macron zu w\u00e4hlen, um die extreme Rechte zu verhindern.<\/p>\n<p>Sie alle tragen die Verantwortung f\u00fcr diesen zweiten Wahlgang, der nur mehr eine Wiederholung von 2017 und eine Wiederholung der Wahlm\u00fcdigkeit ist. Wie soll man an all die politisch Verantwortlichen glauben, die nur an ihrem Ego interessiert sind und ihre Zeit damit verbringen, zu tricksen und zu l\u00fcgen. Ein dreigeteiltes Frankreich geht aus diesem ersten Wahlgang hervor: der Ultraliberalismus, die extreme Rechte und die Union Populaire.<\/p>\n<p>Aus all dem ist eine gemeinsame Tendenz hervorgegangen. Die traditionellen Parteien wurden abgew\u00e4hlt und befinden sich im Niedergang. Die Menschen streben nach Hoffnung, einem Bauplan f\u00fcr die Zukunft und nach sozialer Gerechtigkeit. W\u00e4hlerInnen der Kommunistischen Partei, der Gr\u00fcnen, der Sozialistischen Partei und anderer Parteien haben ihre Stimme dem Kandidaten der Union Populaire, Jean-Luc M\u00e9lenchon gegeben. Diejenigen, die Widerstand leisten, diejenigen, die leiden, all jene, die einen gesellschaftlichen Wandel wollen, haben ihre Wahl getroffen, indem sie sich von den Wahlanweisungen der Parteif\u00fchrer befreit haben und so f\u00fcr die Union Populaire ein besseres Wahlergebnis erzielen konnten als 2012 und 2017.<\/p>\n<p>Wir lassen uns nicht austricksen. Der zweite Wahlgang findet am 24. April statt und es ist \u00fcberhaupt nicht gesagt, dass die W\u00e4hlerInnen erneut der Angst vor der extremen Rechten erliegen, das funktioniert n\u00e4mlich immer weniger. Alle politischen Vertreter haben diese Situation herbeigef\u00fchrt, sie haben mit dem Feuer gespielt und mit einem Szenario, dass seit 30 Jahren besteht. Vielleicht werden sie sich ja verbrennen? Was auch immer der zweite Wahlgang bringen wird \u2013 die Nichtw\u00e4hler werden weder verantwortlich noch schuldig sein. Weder Macron, noch Le Pen \u2013 so mehren sich die Stimmen.<\/p>\n<p><em><strong>Die \u00dcbersetzung aus dem Franz\u00f6sischen wurde von Silvia Sander vom ehrenamtlichen Pressenza-\u00dcbersetzungsteam erstellt.\u00a0<a href=\"https:\/\/www.pressenza.com\/de\/mitarbeiten\/\" target=\"_blank\" rel=\"noopener\">Wir suchen Freiwillige!<\/a><\/strong><\/em><\/p>\n","protected":false},"excerpt":{"rendered":"<p>Enthaltung, Wiederholung und M\u00e9lenchon: Diese drei Begriffe allein fassen das Resultat der ersten Runde der Pr\u00e4sidentschaftswahlen in Frankreich zusammen. Im Ergebnis erreichen der amtierende Pr\u00e4sident und Kandidat der Ultraliberalen, Emmanuel Macron mit 27,84% der Stimmen und die Kandidatin der extremen&hellip;<\/p>\n","protected":false},"author":1208,"featured_media":1562990,"comment_status":"closed","ping_status":"closed","sticky":false,"template":"","format":"standard","meta":{"footnotes":""},"categories":[9150,9143,11387,9168],"tags":[70043,101105,15291,101103,101104,101102,35410],"class_list":["post-1564154","post","type-post","status-publish","format-standard","has-post-thumbnail","hentry","category-europa-de","category-meinungen","category-originalinhalt","category-politik","tag-emmanuel-macron-de","tag-france-insoumise-de","tag-frankreich","tag-jean-luc-melenchon-de","tag-marine-le-pen-de","tag-union-populaire","tag-wahlen-in-frankreich"],"yoast_head":"<!-- This site is optimized with the Yoast SEO plugin v27.1.1 - https:\/\/yoast.com\/product\/yoast-seo-wordpress\/ -->\n<title>Frankreich \u2013 erste Runde der Pr\u00e4sidentschaftswahlen: Enthaltung, Wiederholung und M\u00e9lenchon!<\/title>\n<meta name=\"description\" content=\"Enthaltung, Wiederholung und M\u00e9lenchon: Diese drei Begriffe allein fassen das Resultat der ersten Runde der Pr\u00e4sidentschaftswahlen in Frankreich zusammen.\" \/>\n<meta name=\"robots\" content=\"index, follow, max-snippet:-1, max-image-preview:large, max-video-preview:-1\" \/>\n<link rel=\"canonical\" href=\"https:\/\/www.pressenza.com\/de\/2022\/04\/frankreich-erste-runde-der-praesidentschaftswahlen-enthaltung-wiederholung-und-melenchon\/\" \/>\n<meta property=\"og:locale\" content=\"de_DE\" \/>\n<meta property=\"og:type\" content=\"article\" \/>\n<meta property=\"og:title\" content=\"Frankreich \u2013 erste Runde der Pr\u00e4sidentschaftswahlen: Enthaltung, Wiederholung und M\u00e9lenchon!\" \/>\n<meta property=\"og:description\" content=\"Enthaltung, Wiederholung und M\u00e9lenchon: Diese drei Begriffe allein fassen das Resultat der ersten Runde der Pr\u00e4sidentschaftswahlen in Frankreich zusammen.\" \/>\n<meta property=\"og:url\" content=\"https:\/\/www.pressenza.com\/de\/2022\/04\/frankreich-erste-runde-der-praesidentschaftswahlen-enthaltung-wiederholung-und-melenchon\/\" \/>\n<meta property=\"og:site_name\" content=\"Pressenza\" \/>\n<meta property=\"article:publisher\" content=\"https:\/\/www.facebook.com\/PressenzaItalia\" \/>\n<meta property=\"article:published_time\" content=\"2022-04-14T08:52:33+00:00\" \/>\n<meta property=\"article:modified_time\" content=\"2022-04-23T14:46:45+00:00\" \/>\n<meta property=\"og:image\" content=\"https:\/\/www.pressenza.com\/wp-content\/uploads\/2022\/04\/people-geralt-pixabay.jpg\" \/>\n\t<meta property=\"og:image:width\" content=\"820\" \/>\n\t<meta property=\"og:image:height\" content=\"460\" \/>\n\t<meta property=\"og:image:type\" content=\"image\/jpeg\" \/>\n<meta name=\"author\" content=\"Gabrielle Negrel\" \/>\n<meta name=\"twitter:card\" content=\"summary_large_image\" \/>\n<meta name=\"twitter:creator\" content=\"@PressenzaIPA\" \/>\n<meta name=\"twitter:site\" content=\"@PressenzaIPA\" \/>\n<meta name=\"twitter:label1\" content=\"Verfasst von\" \/>\n\t<meta name=\"twitter:data1\" content=\"Gabrielle Negrel\" \/>\n\t<meta name=\"twitter:label2\" content=\"Gesch\u00e4tzte Lesezeit\" \/>\n\t<meta name=\"twitter:data2\" content=\"4\u00a0Minuten\" \/>\n<script type=\"application\/ld+json\" class=\"yoast-schema-graph\">{\"@context\":\"https:\/\/schema.org\",\"@graph\":[{\"@type\":\"Article\",\"@id\":\"https:\/\/www.pressenza.com\/de\/2022\/04\/frankreich-erste-runde-der-praesidentschaftswahlen-enthaltung-wiederholung-und-melenchon\/#article\",\"isPartOf\":{\"@id\":\"https:\/\/www.pressenza.com\/de\/2022\/04\/frankreich-erste-runde-der-praesidentschaftswahlen-enthaltung-wiederholung-und-melenchon\/\"},\"author\":{\"name\":\"Gabrielle Negrel\",\"@id\":\"https:\/\/www.pressenza.com\/de\/#\/schema\/person\/42a4129444c0e03559f6c139cf72f8cf\"},\"headline\":\"Frankreich \u2013 erste Runde der Pr\u00e4sidentschaftswahlen: Enthaltung, Wiederholung und M\u00e9lenchon!\",\"datePublished\":\"2022-04-14T08:52:33+00:00\",\"dateModified\":\"2022-04-23T14:46:45+00:00\",\"mainEntityOfPage\":{\"@id\":\"https:\/\/www.pressenza.com\/de\/2022\/04\/frankreich-erste-runde-der-praesidentschaftswahlen-enthaltung-wiederholung-und-melenchon\/\"},\"wordCount\":847,\"publisher\":{\"@id\":\"https:\/\/www.pressenza.com\/de\/#organization\"},\"image\":{\"@id\":\"https:\/\/www.pressenza.com\/de\/2022\/04\/frankreich-erste-runde-der-praesidentschaftswahlen-enthaltung-wiederholung-und-melenchon\/#primaryimage\"},\"thumbnailUrl\":\"https:\/\/www.pressenza.com\/wp-content\/uploads\/2022\/04\/people-geralt-pixabay.jpg\",\"keywords\":[\"Emmanuel Macron\",\"France Insoumise\",\"Frankreich\",\"Jean-Luc M\u00e9lenchon\",\"Marine Le Pen\",\"Union Populaire\",\"Wahlen in Frankreich\"],\"articleSection\":[\"Europa\",\"Meinungen\",\"Originalinhalt\",\"Politik\"],\"inLanguage\":\"de\"},{\"@type\":\"WebPage\",\"@id\":\"https:\/\/www.pressenza.com\/de\/2022\/04\/frankreich-erste-runde-der-praesidentschaftswahlen-enthaltung-wiederholung-und-melenchon\/\",\"url\":\"https:\/\/www.pressenza.com\/de\/2022\/04\/frankreich-erste-runde-der-praesidentschaftswahlen-enthaltung-wiederholung-und-melenchon\/\",\"name\":\"Frankreich \u2013 erste Runde der Pr\u00e4sidentschaftswahlen: Enthaltung, Wiederholung und M\u00e9lenchon!\",\"isPartOf\":{\"@id\":\"https:\/\/www.pressenza.com\/de\/#website\"},\"primaryImageOfPage\":{\"@id\":\"https:\/\/www.pressenza.com\/de\/2022\/04\/frankreich-erste-runde-der-praesidentschaftswahlen-enthaltung-wiederholung-und-melenchon\/#primaryimage\"},\"image\":{\"@id\":\"https:\/\/www.pressenza.com\/de\/2022\/04\/frankreich-erste-runde-der-praesidentschaftswahlen-enthaltung-wiederholung-und-melenchon\/#primaryimage\"},\"thumbnailUrl\":\"https:\/\/www.pressenza.com\/wp-content\/uploads\/2022\/04\/people-geralt-pixabay.jpg\",\"datePublished\":\"2022-04-14T08:52:33+00:00\",\"dateModified\":\"2022-04-23T14:46:45+00:00\",\"description\":\"Enthaltung, Wiederholung und M\u00e9lenchon: Diese drei Begriffe allein fassen das Resultat der ersten Runde der Pr\u00e4sidentschaftswahlen in Frankreich zusammen.\",\"breadcrumb\":{\"@id\":\"https:\/\/www.pressenza.com\/de\/2022\/04\/frankreich-erste-runde-der-praesidentschaftswahlen-enthaltung-wiederholung-und-melenchon\/#breadcrumb\"},\"inLanguage\":\"de\",\"potentialAction\":[{\"@type\":\"ReadAction\",\"target\":[\"https:\/\/www.pressenza.com\/de\/2022\/04\/frankreich-erste-runde-der-praesidentschaftswahlen-enthaltung-wiederholung-und-melenchon\/\"]}]},{\"@type\":\"ImageObject\",\"inLanguage\":\"de\",\"@id\":\"https:\/\/www.pressenza.com\/de\/2022\/04\/frankreich-erste-runde-der-praesidentschaftswahlen-enthaltung-wiederholung-und-melenchon\/#primaryimage\",\"url\":\"https:\/\/www.pressenza.com\/wp-content\/uploads\/2022\/04\/people-geralt-pixabay.jpg\",\"contentUrl\":\"https:\/\/www.pressenza.com\/wp-content\/uploads\/2022\/04\/people-geralt-pixabay.jpg\",\"width\":820,\"height\":460,\"caption\":\"Frankreich \u2013 erste Runde der Pr\u00e4sidentschaftswahlen: Enthaltung, Wiederholung und M\u00e9lenchon!\"},{\"@type\":\"BreadcrumbList\",\"@id\":\"https:\/\/www.pressenza.com\/de\/2022\/04\/frankreich-erste-runde-der-praesidentschaftswahlen-enthaltung-wiederholung-und-melenchon\/#breadcrumb\",\"itemListElement\":[{\"@type\":\"ListItem\",\"position\":1,\"name\":\"Accueil\",\"item\":\"https:\/\/www.pressenza.com\/de\/\"},{\"@type\":\"ListItem\",\"position\":2,\"name\":\"Frankreich \u2013 erste Runde der Pr\u00e4sidentschaftswahlen: Enthaltung, Wiederholung und M\u00e9lenchon!\"}]},{\"@type\":\"WebSite\",\"@id\":\"https:\/\/www.pressenza.com\/de\/#website\",\"url\":\"https:\/\/www.pressenza.com\/de\/\",\"name\":\"Pressenza\",\"description\":\"International Press Agency\",\"publisher\":{\"@id\":\"https:\/\/www.pressenza.com\/de\/#organization\"},\"potentialAction\":[{\"@type\":\"SearchAction\",\"target\":{\"@type\":\"EntryPoint\",\"urlTemplate\":\"https:\/\/www.pressenza.com\/de\/?s={search_term_string}\"},\"query-input\":{\"@type\":\"PropertyValueSpecification\",\"valueRequired\":true,\"valueName\":\"search_term_string\"}}],\"inLanguage\":\"de\"},{\"@type\":\"Organization\",\"@id\":\"https:\/\/www.pressenza.com\/de\/#organization\",\"name\":\"Pressenza\",\"url\":\"https:\/\/www.pressenza.com\/de\/\",\"logo\":{\"@type\":\"ImageObject\",\"inLanguage\":\"de\",\"@id\":\"https:\/\/www.pressenza.com\/de\/#\/schema\/logo\/image\/\",\"url\":\"https:\/\/www.pressenza.com\/wp-content\/uploads\/2022\/10\/pressenza_logo_200x200.jpg\",\"contentUrl\":\"https:\/\/www.pressenza.com\/wp-content\/uploads\/2022\/10\/pressenza_logo_200x200.jpg\",\"width\":200,\"height\":200,\"caption\":\"Pressenza\"},\"image\":{\"@id\":\"https:\/\/www.pressenza.com\/de\/#\/schema\/logo\/image\/\"},\"sameAs\":[\"https:\/\/www.facebook.com\/PressenzaItalia\",\"https:\/\/x.com\/PressenzaIPA\"]},{\"@type\":\"Person\",\"@id\":\"https:\/\/www.pressenza.com\/de\/#\/schema\/person\/42a4129444c0e03559f6c139cf72f8cf\",\"name\":\"Gabrielle Negrel\",\"description\":\"Activist for nonviolence and human rights, Gabrielle Negrel is a trained assistant nurse and was trade union activist before writing for Pressenza.\",\"url\":\"https:\/\/www.pressenza.com\/de\/author\/gabrielle-negrel\/\"}]}<\/script>\n<!-- \/ Yoast SEO plugin. -->","yoast_head_json":{"title":"Frankreich \u2013 erste Runde der Pr\u00e4sidentschaftswahlen: Enthaltung, Wiederholung und M\u00e9lenchon!","description":"Enthaltung, Wiederholung und M\u00e9lenchon: Diese drei Begriffe allein fassen das Resultat der ersten Runde der Pr\u00e4sidentschaftswahlen in Frankreich zusammen.","robots":{"index":"index","follow":"follow","max-snippet":"max-snippet:-1","max-image-preview":"max-image-preview:large","max-video-preview":"max-video-preview:-1"},"canonical":"https:\/\/www.pressenza.com\/de\/2022\/04\/frankreich-erste-runde-der-praesidentschaftswahlen-enthaltung-wiederholung-und-melenchon\/","og_locale":"de_DE","og_type":"article","og_title":"Frankreich \u2013 erste Runde der Pr\u00e4sidentschaftswahlen: Enthaltung, Wiederholung und M\u00e9lenchon!","og_description":"Enthaltung, Wiederholung und M\u00e9lenchon: Diese drei Begriffe allein fassen das Resultat der ersten Runde der Pr\u00e4sidentschaftswahlen in Frankreich zusammen.","og_url":"https:\/\/www.pressenza.com\/de\/2022\/04\/frankreich-erste-runde-der-praesidentschaftswahlen-enthaltung-wiederholung-und-melenchon\/","og_site_name":"Pressenza","article_publisher":"https:\/\/www.facebook.com\/PressenzaItalia","article_published_time":"2022-04-14T08:52:33+00:00","article_modified_time":"2022-04-23T14:46:45+00:00","og_image":[{"width":820,"height":460,"url":"https:\/\/www.pressenza.com\/wp-content\/uploads\/2022\/04\/people-geralt-pixabay.jpg","type":"image\/jpeg"}],"author":"Gabrielle Negrel","twitter_card":"summary_large_image","twitter_creator":"@PressenzaIPA","twitter_site":"@PressenzaIPA","twitter_misc":{"Verfasst von":"Gabrielle Negrel","Gesch\u00e4tzte Lesezeit":"4\u00a0Minuten"},"schema":{"@context":"https:\/\/schema.org","@graph":[{"@type":"Article","@id":"https:\/\/www.pressenza.com\/de\/2022\/04\/frankreich-erste-runde-der-praesidentschaftswahlen-enthaltung-wiederholung-und-melenchon\/#article","isPartOf":{"@id":"https:\/\/www.pressenza.com\/de\/2022\/04\/frankreich-erste-runde-der-praesidentschaftswahlen-enthaltung-wiederholung-und-melenchon\/"},"author":{"name":"Gabrielle Negrel","@id":"https:\/\/www.pressenza.com\/de\/#\/schema\/person\/42a4129444c0e03559f6c139cf72f8cf"},"headline":"Frankreich \u2013 erste Runde der Pr\u00e4sidentschaftswahlen: Enthaltung, Wiederholung und M\u00e9lenchon!","datePublished":"2022-04-14T08:52:33+00:00","dateModified":"2022-04-23T14:46:45+00:00","mainEntityOfPage":{"@id":"https:\/\/www.pressenza.com\/de\/2022\/04\/frankreich-erste-runde-der-praesidentschaftswahlen-enthaltung-wiederholung-und-melenchon\/"},"wordCount":847,"publisher":{"@id":"https:\/\/www.pressenza.com\/de\/#organization"},"image":{"@id":"https:\/\/www.pressenza.com\/de\/2022\/04\/frankreich-erste-runde-der-praesidentschaftswahlen-enthaltung-wiederholung-und-melenchon\/#primaryimage"},"thumbnailUrl":"https:\/\/www.pressenza.com\/wp-content\/uploads\/2022\/04\/people-geralt-pixabay.jpg","keywords":["Emmanuel Macron","France Insoumise","Frankreich","Jean-Luc M\u00e9lenchon","Marine Le Pen","Union Populaire","Wahlen in Frankreich"],"articleSection":["Europa","Meinungen","Originalinhalt","Politik"],"inLanguage":"de"},{"@type":"WebPage","@id":"https:\/\/www.pressenza.com\/de\/2022\/04\/frankreich-erste-runde-der-praesidentschaftswahlen-enthaltung-wiederholung-und-melenchon\/","url":"https:\/\/www.pressenza.com\/de\/2022\/04\/frankreich-erste-runde-der-praesidentschaftswahlen-enthaltung-wiederholung-und-melenchon\/","name":"Frankreich \u2013 erste Runde der Pr\u00e4sidentschaftswahlen: Enthaltung, Wiederholung und M\u00e9lenchon!","isPartOf":{"@id":"https:\/\/www.pressenza.com\/de\/#website"},"primaryImageOfPage":{"@id":"https:\/\/www.pressenza.com\/de\/2022\/04\/frankreich-erste-runde-der-praesidentschaftswahlen-enthaltung-wiederholung-und-melenchon\/#primaryimage"},"image":{"@id":"https:\/\/www.pressenza.com\/de\/2022\/04\/frankreich-erste-runde-der-praesidentschaftswahlen-enthaltung-wiederholung-und-melenchon\/#primaryimage"},"thumbnailUrl":"https:\/\/www.pressenza.com\/wp-content\/uploads\/2022\/04\/people-geralt-pixabay.jpg","datePublished":"2022-04-14T08:52:33+00:00","dateModified":"2022-04-23T14:46:45+00:00","description":"Enthaltung, Wiederholung und M\u00e9lenchon: Diese drei Begriffe allein fassen das Resultat der ersten Runde der Pr\u00e4sidentschaftswahlen in Frankreich zusammen.","breadcrumb":{"@id":"https:\/\/www.pressenza.com\/de\/2022\/04\/frankreich-erste-runde-der-praesidentschaftswahlen-enthaltung-wiederholung-und-melenchon\/#breadcrumb"},"inLanguage":"de","potentialAction":[{"@type":"ReadAction","target":["https:\/\/www.pressenza.com\/de\/2022\/04\/frankreich-erste-runde-der-praesidentschaftswahlen-enthaltung-wiederholung-und-melenchon\/"]}]},{"@type":"ImageObject","inLanguage":"de","@id":"https:\/\/www.pressenza.com\/de\/2022\/04\/frankreich-erste-runde-der-praesidentschaftswahlen-enthaltung-wiederholung-und-melenchon\/#primaryimage","url":"https:\/\/www.pressenza.com\/wp-content\/uploads\/2022\/04\/people-geralt-pixabay.jpg","contentUrl":"https:\/\/www.pressenza.com\/wp-content\/uploads\/2022\/04\/people-geralt-pixabay.jpg","width":820,"height":460,"caption":"Frankreich \u2013 erste Runde der Pr\u00e4sidentschaftswahlen: Enthaltung, Wiederholung und M\u00e9lenchon!"},{"@type":"BreadcrumbList","@id":"https:\/\/www.pressenza.com\/de\/2022\/04\/frankreich-erste-runde-der-praesidentschaftswahlen-enthaltung-wiederholung-und-melenchon\/#breadcrumb","itemListElement":[{"@type":"ListItem","position":1,"name":"Accueil","item":"https:\/\/www.pressenza.com\/de\/"},{"@type":"ListItem","position":2,"name":"Frankreich \u2013 erste Runde der Pr\u00e4sidentschaftswahlen: Enthaltung, Wiederholung und M\u00e9lenchon!"}]},{"@type":"WebSite","@id":"https:\/\/www.pressenza.com\/de\/#website","url":"https:\/\/www.pressenza.com\/de\/","name":"Pressenza","description":"International Press Agency","publisher":{"@id":"https:\/\/www.pressenza.com\/de\/#organization"},"potentialAction":[{"@type":"SearchAction","target":{"@type":"EntryPoint","urlTemplate":"https:\/\/www.pressenza.com\/de\/?s={search_term_string}"},"query-input":{"@type":"PropertyValueSpecification","valueRequired":true,"valueName":"search_term_string"}}],"inLanguage":"de"},{"@type":"Organization","@id":"https:\/\/www.pressenza.com\/de\/#organization","name":"Pressenza","url":"https:\/\/www.pressenza.com\/de\/","logo":{"@type":"ImageObject","inLanguage":"de","@id":"https:\/\/www.pressenza.com\/de\/#\/schema\/logo\/image\/","url":"https:\/\/www.pressenza.com\/wp-content\/uploads\/2022\/10\/pressenza_logo_200x200.jpg","contentUrl":"https:\/\/www.pressenza.com\/wp-content\/uploads\/2022\/10\/pressenza_logo_200x200.jpg","width":200,"height":200,"caption":"Pressenza"},"image":{"@id":"https:\/\/www.pressenza.com\/de\/#\/schema\/logo\/image\/"},"sameAs":["https:\/\/www.facebook.com\/PressenzaItalia","https:\/\/x.com\/PressenzaIPA"]},{"@type":"Person","@id":"https:\/\/www.pressenza.com\/de\/#\/schema\/person\/42a4129444c0e03559f6c139cf72f8cf","name":"Gabrielle Negrel","description":"Activist for nonviolence and human rights, Gabrielle Negrel is a trained assistant nurse and was trade union activist before writing for Pressenza.","url":"https:\/\/www.pressenza.com\/de\/author\/gabrielle-negrel\/"}]}},"place":"","original_article_url":"","_links":{"self":[{"href":"https:\/\/www.pressenza.com\/de\/wp-json\/wp\/v2\/posts\/1564154","targetHints":{"allow":["GET"]}}],"collection":[{"href":"https:\/\/www.pressenza.com\/de\/wp-json\/wp\/v2\/posts"}],"about":[{"href":"https:\/\/www.pressenza.com\/de\/wp-json\/wp\/v2\/types\/post"}],"author":[{"embeddable":true,"href":"https:\/\/www.pressenza.com\/de\/wp-json\/wp\/v2\/users\/1208"}],"replies":[{"embeddable":true,"href":"https:\/\/www.pressenza.com\/de\/wp-json\/wp\/v2\/comments?post=1564154"}],"version-history":[{"count":0,"href":"https:\/\/www.pressenza.com\/de\/wp-json\/wp\/v2\/posts\/1564154\/revisions"}],"wp:featuredmedia":[{"embeddable":true,"href":"https:\/\/www.pressenza.com\/de\/wp-json\/wp\/v2\/media\/1562990"}],"wp:attachment":[{"href":"https:\/\/www.pressenza.com\/de\/wp-json\/wp\/v2\/media?parent=1564154"}],"wp:term":[{"taxonomy":"category","embeddable":true,"href":"https:\/\/www.pressenza.com\/de\/wp-json\/wp\/v2\/categories?post=1564154"},{"taxonomy":"post_tag","embeddable":true,"href":"https:\/\/www.pressenza.com\/de\/wp-json\/wp\/v2\/tags?post=1564154"}],"curies":[{"name":"wp","href":"https:\/\/api.w.org\/{rel}","templated":true}]}}