{"id":1561973,"date":"2022-04-10T13:31:44","date_gmt":"2022-04-10T12:31:44","guid":{"rendered":"https:\/\/www.pressenza.com\/?p=1561973"},"modified":"2022-04-11T12:40:53","modified_gmt":"2022-04-11T11:40:53","slug":"panikmodus-verlassen-und-oeffentliches-gesundheitswesen-krisenfaehig-machen","status":"publish","type":"post","link":"https:\/\/www.pressenza.com\/de\/2022\/04\/panikmodus-verlassen-und-oeffentliches-gesundheitswesen-krisenfaehig-machen\/","title":{"rendered":"Panikmodus verlassen und \u00d6ffentliches Gesundheitswesen krisenf\u00e4hig machen!"},"content":{"rendered":"<p><strong>In Deutschland wird es auf absehbare Zeit keine allgemeine Corona-Impfpflicht geben. Im Bundestag fanden weder der Gesetzentwurf f\u00fcr eine Impfpflicht ab 60 Jahren noch ein Antrag der Unionsfraktion f\u00fcr ein Stufenmodell die erforderliche Mehrheit. Auch die beiden Antr\u00e4ge gegen die Einf\u00fchrung einer allgemeinen Impfpflicht scheiterten im Parlament. Damit wird es in Deutschland aktuell keine \u00fcber die seit M\u00e4rz geltende, umstrittene Corona-Impfpflicht f\u00fcr das Personal in Gesundheits- und Pflegeeinrichtungen hinausgehende Verpflichtung f\u00fcr andere Bev\u00f6lkerungsgruppen geben.<\/strong><\/p>\n<p>Dazu Ulrike von Wiesenau, im Vorstand des Freiburger Instituts f\u00fcr soziale Gegenwartsfragen:<\/p>\n<blockquote><p><em>&#8222;Seit Beginn der Corona-Krise war eine allgemeine Corona-Impfpflicht, die schwerwiegende Eingriffe in zentrale Grundrechte beinhaltet, lange \u00fcber alle Parteigrenzen hinweg ausgeschlossen worden. Nun ist es nach kontroversen Debatten und Antr\u00e4gen doch noch dazu gekommen, dass der deutsche Bundestag ein Zeichen f\u00fcr eine freie Impfentscheidung gesetzt und damit eine weitere Spaltung der Gesellschaft verhindert hat. Ein Impfstoff, der weder geeignet ist, eine wirkliche Herdenimmunit\u00e4t zu schaffen, der nicht verl\u00e4sslich davor sch\u00fctzt, sich und andere anzustecken und auch keine neuen Infektionswellen verhindert, kann keine gesetzliche Impfpflicht rechtfertigen. Nun m\u00fcssen wir in der Corona-Debatte endlich aus dem Panikmodus heraustreten und Lehren aus der Krise ziehen, indem wir den Personalnotstand in Krankenh\u00e4usern und Gesundheits\u00e4mtern beseitigen und unser \u00d6ffentliches Gesundheitssystem, das durch eine fatale Politik von Privatisierungen, Fallpauschalen, und Krankenhausschliessungen demontiert wurde, st\u00e4rken und krisenf\u00e4hig machen.&#8220;<\/em><\/p><\/blockquote>\n<p><em>Institut f\u00fcr soziale Gegenwartsfragen<\/em><br \/>\n<em>Ulrike Wiesenau<\/em><\/p>\n","protected":false},"excerpt":{"rendered":"<p>In Deutschland wird es auf absehbare Zeit keine allgemeine Corona-Impfpflicht geben. Im Bundestag fanden weder der Gesetzentwurf f\u00fcr eine Impfpflicht ab 60 Jahren noch ein Antrag der Unionsfraktion f\u00fcr ein Stufenmodell die erforderliche Mehrheit. Auch die beiden Antr\u00e4ge gegen die&hellip;<\/p>\n","protected":false},"author":1095,"featured_media":1561975,"comment_status":"closed","ping_status":"closed","sticky":false,"template":"","format":"standard","meta":{"footnotes":""},"categories":[9160,9168],"tags":[72500,34238,55721,100970],"class_list":["post-1561973","post","type-post","status-publish","format-standard","has-post-thumbnail","hentry","category-gesundheit","category-politik","tag-corona-de","tag-gesundheit","tag-grundrechte","tag-impfflicht"],"yoast_head":"<!-- This site is optimized with the Yoast SEO plugin v27.1.1 - https:\/\/yoast.com\/product\/yoast-seo-wordpress\/ -->\n<title>Panikmodus verlassen und \u00d6ffentliches Gesundheitswesen krisenf\u00e4hig machen!<\/title>\n<meta name=\"description\" content=\"In Deutschland wird es auf absehbare Zeit keine allgemeine Corona-Impfpflicht geben. Im Bundestag fanden weder der Gesetzentwurf f\u00fcr eine Impfpflicht ab\" \/>\n<meta name=\"robots\" content=\"index, follow, max-snippet:-1, max-image-preview:large, max-video-preview:-1\" \/>\n<link rel=\"canonical\" href=\"https:\/\/www.pressenza.com\/de\/2022\/04\/panikmodus-verlassen-und-oeffentliches-gesundheitswesen-krisenfaehig-machen\/\" \/>\n<meta property=\"og:locale\" content=\"de_DE\" \/>\n<meta property=\"og:type\" content=\"article\" \/>\n<meta property=\"og:title\" content=\"Panikmodus verlassen und \u00d6ffentliches Gesundheitswesen krisenf\u00e4hig machen!\" \/>\n<meta property=\"og:description\" content=\"In Deutschland wird es auf absehbare Zeit keine allgemeine Corona-Impfpflicht geben. Im Bundestag fanden weder der Gesetzentwurf f\u00fcr eine Impfpflicht ab\" \/>\n<meta property=\"og:url\" content=\"https:\/\/www.pressenza.com\/de\/2022\/04\/panikmodus-verlassen-und-oeffentliches-gesundheitswesen-krisenfaehig-machen\/\" \/>\n<meta property=\"og:site_name\" content=\"Pressenza\" \/>\n<meta property=\"article:publisher\" content=\"https:\/\/www.facebook.com\/PressenzaItalia\" \/>\n<meta property=\"article:author\" content=\"https:\/\/www.facebook.com\/Pressenza-Deutschland-sterreich-Schweiz-281675388658060\/timeline\/\" \/>\n<meta property=\"article:published_time\" content=\"2022-04-10T12:31:44+00:00\" \/>\n<meta property=\"article:modified_time\" content=\"2022-04-11T11:40:53+00:00\" \/>\n<meta property=\"og:image\" content=\"https:\/\/www.pressenza.com\/wp-content\/uploads\/2022\/04\/81E023AA-63FD-4C50-9085-3407E94CB9AD.jpeg\" \/>\n\t<meta property=\"og:image:width\" content=\"1920\" \/>\n\t<meta property=\"og:image:height\" content=\"1281\" \/>\n\t<meta property=\"og:image:type\" content=\"image\/jpeg\" \/>\n<meta name=\"author\" content=\"Pressenza Berlin\" \/>\n<meta name=\"twitter:card\" content=\"summary_large_image\" \/>\n<meta name=\"twitter:creator\" content=\"@pressenza_ger\" \/>\n<meta name=\"twitter:site\" content=\"@PressenzaIPA\" \/>\n<meta name=\"twitter:label1\" content=\"Verfasst von\" \/>\n\t<meta name=\"twitter:data1\" content=\"Pressenza Berlin\" \/>\n\t<meta name=\"twitter:label2\" content=\"Gesch\u00e4tzte Lesezeit\" \/>\n\t<meta name=\"twitter:data2\" content=\"2\u00a0Minuten\" \/>\n<script type=\"application\/ld+json\" class=\"yoast-schema-graph\">{\"@context\":\"https:\/\/schema.org\",\"@graph\":[{\"@type\":\"Article\",\"@id\":\"https:\/\/www.pressenza.com\/de\/2022\/04\/panikmodus-verlassen-und-oeffentliches-gesundheitswesen-krisenfaehig-machen\/#article\",\"isPartOf\":{\"@id\":\"https:\/\/www.pressenza.com\/de\/2022\/04\/panikmodus-verlassen-und-oeffentliches-gesundheitswesen-krisenfaehig-machen\/\"},\"author\":{\"name\":\"Pressenza Berlin\",\"@id\":\"https:\/\/www.pressenza.com\/de\/#\/schema\/person\/57bb5480943a496a7722b0248e4b658a\"},\"headline\":\"Panikmodus verlassen und \u00d6ffentliches Gesundheitswesen krisenf\u00e4hig machen!\",\"datePublished\":\"2022-04-10T12:31:44+00:00\",\"dateModified\":\"2022-04-11T11:40:53+00:00\",\"mainEntityOfPage\":{\"@id\":\"https:\/\/www.pressenza.com\/de\/2022\/04\/panikmodus-verlassen-und-oeffentliches-gesundheitswesen-krisenfaehig-machen\/\"},\"wordCount\":250,\"publisher\":{\"@id\":\"https:\/\/www.pressenza.com\/de\/#organization\"},\"image\":{\"@id\":\"https:\/\/www.pressenza.com\/de\/2022\/04\/panikmodus-verlassen-und-oeffentliches-gesundheitswesen-krisenfaehig-machen\/#primaryimage\"},\"thumbnailUrl\":\"https:\/\/www.pressenza.com\/wp-content\/uploads\/2022\/04\/81E023AA-63FD-4C50-9085-3407E94CB9AD.jpeg\",\"keywords\":[\"corona\",\"Gesundheit\",\"Grundrechte\",\"Impfflicht\"],\"articleSection\":[\"Gesundheit\",\"Politik\"],\"inLanguage\":\"de\"},{\"@type\":\"WebPage\",\"@id\":\"https:\/\/www.pressenza.com\/de\/2022\/04\/panikmodus-verlassen-und-oeffentliches-gesundheitswesen-krisenfaehig-machen\/\",\"url\":\"https:\/\/www.pressenza.com\/de\/2022\/04\/panikmodus-verlassen-und-oeffentliches-gesundheitswesen-krisenfaehig-machen\/\",\"name\":\"Panikmodus verlassen und \u00d6ffentliches Gesundheitswesen krisenf\u00e4hig machen!\",\"isPartOf\":{\"@id\":\"https:\/\/www.pressenza.com\/de\/#website\"},\"primaryImageOfPage\":{\"@id\":\"https:\/\/www.pressenza.com\/de\/2022\/04\/panikmodus-verlassen-und-oeffentliches-gesundheitswesen-krisenfaehig-machen\/#primaryimage\"},\"image\":{\"@id\":\"https:\/\/www.pressenza.com\/de\/2022\/04\/panikmodus-verlassen-und-oeffentliches-gesundheitswesen-krisenfaehig-machen\/#primaryimage\"},\"thumbnailUrl\":\"https:\/\/www.pressenza.com\/wp-content\/uploads\/2022\/04\/81E023AA-63FD-4C50-9085-3407E94CB9AD.jpeg\",\"datePublished\":\"2022-04-10T12:31:44+00:00\",\"dateModified\":\"2022-04-11T11:40:53+00:00\",\"description\":\"In Deutschland wird es auf absehbare Zeit keine allgemeine Corona-Impfpflicht geben. Im Bundestag fanden weder der Gesetzentwurf f\u00fcr eine Impfpflicht ab\",\"breadcrumb\":{\"@id\":\"https:\/\/www.pressenza.com\/de\/2022\/04\/panikmodus-verlassen-und-oeffentliches-gesundheitswesen-krisenfaehig-machen\/#breadcrumb\"},\"inLanguage\":\"de\",\"potentialAction\":[{\"@type\":\"ReadAction\",\"target\":[\"https:\/\/www.pressenza.com\/de\/2022\/04\/panikmodus-verlassen-und-oeffentliches-gesundheitswesen-krisenfaehig-machen\/\"]}]},{\"@type\":\"ImageObject\",\"inLanguage\":\"de\",\"@id\":\"https:\/\/www.pressenza.com\/de\/2022\/04\/panikmodus-verlassen-und-oeffentliches-gesundheitswesen-krisenfaehig-machen\/#primaryimage\",\"url\":\"https:\/\/www.pressenza.com\/wp-content\/uploads\/2022\/04\/81E023AA-63FD-4C50-9085-3407E94CB9AD.jpeg\",\"contentUrl\":\"https:\/\/www.pressenza.com\/wp-content\/uploads\/2022\/04\/81E023AA-63FD-4C50-9085-3407E94CB9AD.jpeg\",\"width\":1920,\"height\":1281},{\"@type\":\"BreadcrumbList\",\"@id\":\"https:\/\/www.pressenza.com\/de\/2022\/04\/panikmodus-verlassen-und-oeffentliches-gesundheitswesen-krisenfaehig-machen\/#breadcrumb\",\"itemListElement\":[{\"@type\":\"ListItem\",\"position\":1,\"name\":\"Accueil\",\"item\":\"https:\/\/www.pressenza.com\/de\/\"},{\"@type\":\"ListItem\",\"position\":2,\"name\":\"Panikmodus verlassen und \u00d6ffentliches Gesundheitswesen krisenf\u00e4hig machen!\"}]},{\"@type\":\"WebSite\",\"@id\":\"https:\/\/www.pressenza.com\/de\/#website\",\"url\":\"https:\/\/www.pressenza.com\/de\/\",\"name\":\"Pressenza\",\"description\":\"International Press Agency\",\"publisher\":{\"@id\":\"https:\/\/www.pressenza.com\/de\/#organization\"},\"potentialAction\":[{\"@type\":\"SearchAction\",\"target\":{\"@type\":\"EntryPoint\",\"urlTemplate\":\"https:\/\/www.pressenza.com\/de\/?s={search_term_string}\"},\"query-input\":{\"@type\":\"PropertyValueSpecification\",\"valueRequired\":true,\"valueName\":\"search_term_string\"}}],\"inLanguage\":\"de\"},{\"@type\":\"Organization\",\"@id\":\"https:\/\/www.pressenza.com\/de\/#organization\",\"name\":\"Pressenza\",\"url\":\"https:\/\/www.pressenza.com\/de\/\",\"logo\":{\"@type\":\"ImageObject\",\"inLanguage\":\"de\",\"@id\":\"https:\/\/www.pressenza.com\/de\/#\/schema\/logo\/image\/\",\"url\":\"https:\/\/www.pressenza.com\/wp-content\/uploads\/2022\/10\/pressenza_logo_200x200.jpg\",\"contentUrl\":\"https:\/\/www.pressenza.com\/wp-content\/uploads\/2022\/10\/pressenza_logo_200x200.jpg\",\"width\":200,\"height\":200,\"caption\":\"Pressenza\"},\"image\":{\"@id\":\"https:\/\/www.pressenza.com\/de\/#\/schema\/logo\/image\/\"},\"sameAs\":[\"https:\/\/www.facebook.com\/PressenzaItalia\",\"https:\/\/x.com\/PressenzaIPA\"]},{\"@type\":\"Person\",\"@id\":\"https:\/\/www.pressenza.com\/de\/#\/schema\/person\/57bb5480943a496a7722b0248e4b658a\",\"name\":\"Pressenza Berlin\",\"description\":\"News from the Pressenza Bureau in Berlin, Germany\",\"sameAs\":[\"https:\/\/www.facebook.com\/Pressenza-Deutschland-sterreich-Schweiz-281675388658060\/timeline\/\",\"https:\/\/x.com\/pressenza_ger\"],\"url\":\"https:\/\/www.pressenza.com\/de\/author\/pressenza-berlin\/\"}]}<\/script>\n<!-- \/ Yoast SEO plugin. -->","yoast_head_json":{"title":"Panikmodus verlassen und \u00d6ffentliches Gesundheitswesen krisenf\u00e4hig machen!","description":"In Deutschland wird es auf absehbare Zeit keine allgemeine Corona-Impfpflicht geben. Im Bundestag fanden weder der Gesetzentwurf f\u00fcr eine Impfpflicht ab","robots":{"index":"index","follow":"follow","max-snippet":"max-snippet:-1","max-image-preview":"max-image-preview:large","max-video-preview":"max-video-preview:-1"},"canonical":"https:\/\/www.pressenza.com\/de\/2022\/04\/panikmodus-verlassen-und-oeffentliches-gesundheitswesen-krisenfaehig-machen\/","og_locale":"de_DE","og_type":"article","og_title":"Panikmodus verlassen und \u00d6ffentliches Gesundheitswesen krisenf\u00e4hig machen!","og_description":"In Deutschland wird es auf absehbare Zeit keine allgemeine Corona-Impfpflicht geben. Im Bundestag fanden weder der Gesetzentwurf f\u00fcr eine Impfpflicht ab","og_url":"https:\/\/www.pressenza.com\/de\/2022\/04\/panikmodus-verlassen-und-oeffentliches-gesundheitswesen-krisenfaehig-machen\/","og_site_name":"Pressenza","article_publisher":"https:\/\/www.facebook.com\/PressenzaItalia","article_author":"https:\/\/www.facebook.com\/Pressenza-Deutschland-sterreich-Schweiz-281675388658060\/timeline\/","article_published_time":"2022-04-10T12:31:44+00:00","article_modified_time":"2022-04-11T11:40:53+00:00","og_image":[{"width":1920,"height":1281,"url":"https:\/\/www.pressenza.com\/wp-content\/uploads\/2022\/04\/81E023AA-63FD-4C50-9085-3407E94CB9AD.jpeg","type":"image\/jpeg"}],"author":"Pressenza Berlin","twitter_card":"summary_large_image","twitter_creator":"@pressenza_ger","twitter_site":"@PressenzaIPA","twitter_misc":{"Verfasst von":"Pressenza Berlin","Gesch\u00e4tzte Lesezeit":"2\u00a0Minuten"},"schema":{"@context":"https:\/\/schema.org","@graph":[{"@type":"Article","@id":"https:\/\/www.pressenza.com\/de\/2022\/04\/panikmodus-verlassen-und-oeffentliches-gesundheitswesen-krisenfaehig-machen\/#article","isPartOf":{"@id":"https:\/\/www.pressenza.com\/de\/2022\/04\/panikmodus-verlassen-und-oeffentliches-gesundheitswesen-krisenfaehig-machen\/"},"author":{"name":"Pressenza Berlin","@id":"https:\/\/www.pressenza.com\/de\/#\/schema\/person\/57bb5480943a496a7722b0248e4b658a"},"headline":"Panikmodus verlassen und \u00d6ffentliches Gesundheitswesen krisenf\u00e4hig machen!","datePublished":"2022-04-10T12:31:44+00:00","dateModified":"2022-04-11T11:40:53+00:00","mainEntityOfPage":{"@id":"https:\/\/www.pressenza.com\/de\/2022\/04\/panikmodus-verlassen-und-oeffentliches-gesundheitswesen-krisenfaehig-machen\/"},"wordCount":250,"publisher":{"@id":"https:\/\/www.pressenza.com\/de\/#organization"},"image":{"@id":"https:\/\/www.pressenza.com\/de\/2022\/04\/panikmodus-verlassen-und-oeffentliches-gesundheitswesen-krisenfaehig-machen\/#primaryimage"},"thumbnailUrl":"https:\/\/www.pressenza.com\/wp-content\/uploads\/2022\/04\/81E023AA-63FD-4C50-9085-3407E94CB9AD.jpeg","keywords":["corona","Gesundheit","Grundrechte","Impfflicht"],"articleSection":["Gesundheit","Politik"],"inLanguage":"de"},{"@type":"WebPage","@id":"https:\/\/www.pressenza.com\/de\/2022\/04\/panikmodus-verlassen-und-oeffentliches-gesundheitswesen-krisenfaehig-machen\/","url":"https:\/\/www.pressenza.com\/de\/2022\/04\/panikmodus-verlassen-und-oeffentliches-gesundheitswesen-krisenfaehig-machen\/","name":"Panikmodus verlassen und \u00d6ffentliches Gesundheitswesen krisenf\u00e4hig machen!","isPartOf":{"@id":"https:\/\/www.pressenza.com\/de\/#website"},"primaryImageOfPage":{"@id":"https:\/\/www.pressenza.com\/de\/2022\/04\/panikmodus-verlassen-und-oeffentliches-gesundheitswesen-krisenfaehig-machen\/#primaryimage"},"image":{"@id":"https:\/\/www.pressenza.com\/de\/2022\/04\/panikmodus-verlassen-und-oeffentliches-gesundheitswesen-krisenfaehig-machen\/#primaryimage"},"thumbnailUrl":"https:\/\/www.pressenza.com\/wp-content\/uploads\/2022\/04\/81E023AA-63FD-4C50-9085-3407E94CB9AD.jpeg","datePublished":"2022-04-10T12:31:44+00:00","dateModified":"2022-04-11T11:40:53+00:00","description":"In Deutschland wird es auf absehbare Zeit keine allgemeine Corona-Impfpflicht geben. Im Bundestag fanden weder der Gesetzentwurf f\u00fcr eine Impfpflicht ab","breadcrumb":{"@id":"https:\/\/www.pressenza.com\/de\/2022\/04\/panikmodus-verlassen-und-oeffentliches-gesundheitswesen-krisenfaehig-machen\/#breadcrumb"},"inLanguage":"de","potentialAction":[{"@type":"ReadAction","target":["https:\/\/www.pressenza.com\/de\/2022\/04\/panikmodus-verlassen-und-oeffentliches-gesundheitswesen-krisenfaehig-machen\/"]}]},{"@type":"ImageObject","inLanguage":"de","@id":"https:\/\/www.pressenza.com\/de\/2022\/04\/panikmodus-verlassen-und-oeffentliches-gesundheitswesen-krisenfaehig-machen\/#primaryimage","url":"https:\/\/www.pressenza.com\/wp-content\/uploads\/2022\/04\/81E023AA-63FD-4C50-9085-3407E94CB9AD.jpeg","contentUrl":"https:\/\/www.pressenza.com\/wp-content\/uploads\/2022\/04\/81E023AA-63FD-4C50-9085-3407E94CB9AD.jpeg","width":1920,"height":1281},{"@type":"BreadcrumbList","@id":"https:\/\/www.pressenza.com\/de\/2022\/04\/panikmodus-verlassen-und-oeffentliches-gesundheitswesen-krisenfaehig-machen\/#breadcrumb","itemListElement":[{"@type":"ListItem","position":1,"name":"Accueil","item":"https:\/\/www.pressenza.com\/de\/"},{"@type":"ListItem","position":2,"name":"Panikmodus verlassen und \u00d6ffentliches Gesundheitswesen krisenf\u00e4hig machen!"}]},{"@type":"WebSite","@id":"https:\/\/www.pressenza.com\/de\/#website","url":"https:\/\/www.pressenza.com\/de\/","name":"Pressenza","description":"International Press Agency","publisher":{"@id":"https:\/\/www.pressenza.com\/de\/#organization"},"potentialAction":[{"@type":"SearchAction","target":{"@type":"EntryPoint","urlTemplate":"https:\/\/www.pressenza.com\/de\/?s={search_term_string}"},"query-input":{"@type":"PropertyValueSpecification","valueRequired":true,"valueName":"search_term_string"}}],"inLanguage":"de"},{"@type":"Organization","@id":"https:\/\/www.pressenza.com\/de\/#organization","name":"Pressenza","url":"https:\/\/www.pressenza.com\/de\/","logo":{"@type":"ImageObject","inLanguage":"de","@id":"https:\/\/www.pressenza.com\/de\/#\/schema\/logo\/image\/","url":"https:\/\/www.pressenza.com\/wp-content\/uploads\/2022\/10\/pressenza_logo_200x200.jpg","contentUrl":"https:\/\/www.pressenza.com\/wp-content\/uploads\/2022\/10\/pressenza_logo_200x200.jpg","width":200,"height":200,"caption":"Pressenza"},"image":{"@id":"https:\/\/www.pressenza.com\/de\/#\/schema\/logo\/image\/"},"sameAs":["https:\/\/www.facebook.com\/PressenzaItalia","https:\/\/x.com\/PressenzaIPA"]},{"@type":"Person","@id":"https:\/\/www.pressenza.com\/de\/#\/schema\/person\/57bb5480943a496a7722b0248e4b658a","name":"Pressenza Berlin","description":"News from the Pressenza Bureau in Berlin, Germany","sameAs":["https:\/\/www.facebook.com\/Pressenza-Deutschland-sterreich-Schweiz-281675388658060\/timeline\/","https:\/\/x.com\/pressenza_ger"],"url":"https:\/\/www.pressenza.com\/de\/author\/pressenza-berlin\/"}]}},"place":"","original_article_url":"","_links":{"self":[{"href":"https:\/\/www.pressenza.com\/de\/wp-json\/wp\/v2\/posts\/1561973","targetHints":{"allow":["GET"]}}],"collection":[{"href":"https:\/\/www.pressenza.com\/de\/wp-json\/wp\/v2\/posts"}],"about":[{"href":"https:\/\/www.pressenza.com\/de\/wp-json\/wp\/v2\/types\/post"}],"author":[{"embeddable":true,"href":"https:\/\/www.pressenza.com\/de\/wp-json\/wp\/v2\/users\/1095"}],"replies":[{"embeddable":true,"href":"https:\/\/www.pressenza.com\/de\/wp-json\/wp\/v2\/comments?post=1561973"}],"version-history":[{"count":0,"href":"https:\/\/www.pressenza.com\/de\/wp-json\/wp\/v2\/posts\/1561973\/revisions"}],"wp:featuredmedia":[{"embeddable":true,"href":"https:\/\/www.pressenza.com\/de\/wp-json\/wp\/v2\/media\/1561975"}],"wp:attachment":[{"href":"https:\/\/www.pressenza.com\/de\/wp-json\/wp\/v2\/media?parent=1561973"}],"wp:term":[{"taxonomy":"category","embeddable":true,"href":"https:\/\/www.pressenza.com\/de\/wp-json\/wp\/v2\/categories?post=1561973"},{"taxonomy":"post_tag","embeddable":true,"href":"https:\/\/www.pressenza.com\/de\/wp-json\/wp\/v2\/tags?post=1561973"}],"curies":[{"name":"wp","href":"https:\/\/api.w.org\/{rel}","templated":true}]}}