{"id":1560844,"date":"2022-04-08T15:42:26","date_gmt":"2022-04-08T14:42:26","guid":{"rendered":"https:\/\/www.pressenza.com\/?p=1560844"},"modified":"2022-04-08T15:48:13","modified_gmt":"2022-04-08T14:48:13","slug":"ilhan-sami-comak-mit-zwei-literaturpreisen-ausgezeichnet","status":"publish","type":"post","link":"https:\/\/www.pressenza.com\/de\/2022\/04\/ilhan-sami-comak-mit-zwei-literaturpreisen-ausgezeichnet\/","title":{"rendered":"Ilhan Sami Comak mit zwei Literaturpreisen ausgezeichnet"},"content":{"rendered":"<p><strong>Ilhan Sami Comak, der kurdische Dichter, der seit 28 Jahren in einem t\u00fcrkischen Gef\u00e4ngnis sitzt, wurde mit dem Metin-Altiok-Poesiepreis und dem norwegischen Preis f\u00fcr Meinungsfreiheit ausgezeichnet (zusammen mit Ahmet Altan, einem t\u00fcrkischen Schriftsteller\/Journalisten).<\/strong><\/p>\n<p>Die Jury des Metin Altiok Poesiepreises erkl\u00e4rte, dass \u201eIlhan die Welt und die Menschheit mit einer wunderbaren Poesie, einer sanften Sprache\u2026 (mit) Liebe (und) Leidenschaft f\u00fcr die Freiheit und (mit einem) Traum f\u00fcr den Frieden nachgebildet hat, obwohl er seit 28 Jahren nicht mehr in dieser Welt lebt.\u201c<\/p>\n<p>Als Ilhan 22 Jahre alt war, wurde er verhaftet und wegen Brandstiftung angeklagt und unter Verwendung seines Gest\u00e4ndnisses als Beweismittel verurteilt. Der Europ\u00e4ische Gerichtshof f\u00fcr Menschenrechte entschied, dass Ilhans Gest\u00e4ndnis unter Folter erwirkt wurde. Zu dieser Situation sagt Ilhan:<\/p>\n<blockquote><p><em>\u201eMeine Strafe sollte in dreieinhalb Jahren zu Ende sein. Seit sechs Jahren liegt meine Akte nach einem Gesuch des Europ\u00e4ischen Gerichtshofes f\u00fcr Menschenrechte (EGMR) im Jahre 2014 beim t\u00fcrkischen Verfassungsgericht. Ich warte auf eine Antwort auf meine Berufungen, aber sie schweigen beharrlich.&#8220;<\/em><\/p><\/blockquote>\n<p>Au\u00dferdem erkl\u00e4rt er<\/p>\n<blockquote><p><em>Die Anklage hinter meiner Inhaftierung ist unglaublich widerspr\u00fcchlich. Es ist so weit von der Realit\u00e4t des Lebens oder der Logik entfernt, dass das Urteil, das ich erhielt, zweimal aufgehoben wurde, in einem Fall von einem Obersten Milit\u00e4rverwaltungsgericht. \u00dcber einen Zeitraum von 22 Jahren stand ich dreimal vor Gericht. Aber die urspr\u00fcngliche Entscheidung der dreik\u00f6pfigen Kommission des Staatssicherheitsgerichts, mit anderen Worten, eines Gerichts mit einem Milit\u00e4rrichter, wurde nie aufgehoben. W\u00e4hrend die geltenden Gesetze Begrenzungen der Freiheitsstrafen auf 22 Jahre vorsehen, wurde ich immer verurteilt\u2026 au\u00dferdem bin ich Kurde und seit langem gibt es eine grausame Praxis, genannt \u201eFeindesrecht\u201c, das zur Bestrafung von Kurden dient. (Sic)<\/em><\/p><\/blockquote>\n<p>Ipek Ozel, die Anw\u00e4ltin von Ilhan, sagte aus Oslo, nachdem sie die Auszeichnung in seinem Namen entgegen genommen hatte, &#8222;<em>Ich bin durch die beiden aufs \u00e4u\u00dferste ger\u00fchrt und wirklich sehr stolz auf ihn, weil er trotz allem B\u00f6sen, mit dem er konfrontiert war, seine sch\u00f6ne Seele tats\u00e4chlich sch\u00fctzen konnte und keineswegs aufgegeben hat -, im Gegenteil, ja, nat\u00fcrlich hat er diese sehr lange Gefangenschaft von 28 Jahren satt, aber wie er immer sagt, ist er gl\u00fccklich, zu erkennen, dass sich seine Dichtkunst langsam bew\u00e4hrt und ihm nun seine Gedichte mehr Liebe und echte Freunde bescheren\u201c. (Sic)<\/em><\/p>\n<p>F\u00fcr weitere Informationen \u00fcber Ilhan Sami \u00c7omak besuchen Sie <a href=\"https:\/\/ilhancomak.wordpress.com\/category\/poems-by-ilhan\/\" target=\"_blank\" rel=\"noopener\">Ilhans<\/a> Seite. #freethepoet<\/p>\n<p><strong><em>Die \u00dcbersetzung aus dem Englischen wurde von Doris Fischer vom ehrenamtlichen Pressenza-\u00dcbersetzungsteam erstellt. <a href=\"https:\/\/www.pressenza.com\/de\/mitarbeiten\/\" target=\"_blank\" rel=\"noopener\">Wir suchen Freiwillige!<\/a><\/em><\/strong><\/p>\n<p><img loading=\"lazy\" decoding=\"async\" class=\"aligncenter size-full wp-image-1560861\" src=\"https:\/\/www.pressenza.com\/wp-content\/uploads\/2022\/04\/IlhanSamiComak_Literaturpreis.jpeg\" alt=\"Ilhan Sami Comak mit zwei Literaturpreisen ausgezeichnet\" width=\"750\" height=\"928\" srcset=\"https:\/\/www.pressenza.com\/wp-content\/uploads\/2022\/04\/IlhanSamiComak_Literaturpreis.jpeg 750w, https:\/\/www.pressenza.com\/wp-content\/uploads\/2022\/04\/IlhanSamiComak_Literaturpreis-242x300.jpeg 242w\" sizes=\"auto, (max-width: 750px) 100vw, 750px\" \/><\/p>\n<p>&nbsp;<\/p>\n","protected":false},"excerpt":{"rendered":"<p>Ilhan Sami Comak, der kurdische Dichter, der seit 28 Jahren in einem t\u00fcrkischen Gef\u00e4ngnis sitzt, wurde mit dem Metin-Altiok-Poesiepreis und dem norwegischen Preis f\u00fcr Meinungsfreiheit ausgezeichnet (zusammen mit Ahmet Altan, einem t\u00fcrkischen Schriftsteller\/Journalisten). Die Jury des Metin Altiok Poesiepreises erkl\u00e4rte,&hellip;<\/p>\n","protected":false},"author":1745,"featured_media":1560845,"comment_status":"closed","ping_status":"closed","sticky":false,"template":"","format":"standard","meta":{"footnotes":""},"categories":[9156,9161,9152,11387],"tags":[54254,100915,100914,12779,100913],"class_list":["post-1560844","post","type-post","status-publish","format-standard","has-post-thumbnail","hentry","category-kultur-und-medien","category-menschenrechte","category-nordamerika","category-originalinhalt","tag-europaeischer-gerichtshof-fuer-menschenrechte","tag-freethepoet-de","tag-ilhan-sami-comak-de","tag-kurden","tag-literaturpreis"],"yoast_head":"<!-- This site is optimized with the Yoast SEO plugin v27.1.1 - https:\/\/yoast.com\/product\/yoast-seo-wordpress\/ -->\n<title>Ilhan Sami Comak mit zwei Literaturpreisen ausgezeichnet<\/title>\n<meta name=\"description\" content=\"Ilhan Sami Comak, der kurdische Dichter, der seit 28 Jahren in einem t\u00fcrkischen Gef\u00e4ngnis sitzt, wurde mit dem Metin-Altiok-Poesiepreis und dem\" \/>\n<meta name=\"robots\" content=\"index, follow, max-snippet:-1, max-image-preview:large, max-video-preview:-1\" \/>\n<link rel=\"canonical\" href=\"https:\/\/www.pressenza.com\/de\/2022\/04\/ilhan-sami-comak-mit-zwei-literaturpreisen-ausgezeichnet\/\" \/>\n<meta property=\"og:locale\" content=\"de_DE\" \/>\n<meta property=\"og:type\" content=\"article\" \/>\n<meta property=\"og:title\" content=\"Ilhan Sami Comak mit zwei Literaturpreisen ausgezeichnet\" \/>\n<meta property=\"og:description\" content=\"Ilhan Sami Comak, der kurdische Dichter, der seit 28 Jahren in einem t\u00fcrkischen Gef\u00e4ngnis sitzt, wurde mit dem Metin-Altiok-Poesiepreis und dem\" \/>\n<meta property=\"og:url\" content=\"https:\/\/www.pressenza.com\/de\/2022\/04\/ilhan-sami-comak-mit-zwei-literaturpreisen-ausgezeichnet\/\" \/>\n<meta property=\"og:site_name\" content=\"Pressenza\" \/>\n<meta property=\"article:publisher\" content=\"https:\/\/www.facebook.com\/PressenzaItalia\" \/>\n<meta property=\"article:author\" content=\"https:\/\/www.facebook.com\/WriterJhon\/\" \/>\n<meta property=\"article:published_time\" content=\"2022-04-08T14:42:26+00:00\" \/>\n<meta property=\"article:modified_time\" content=\"2022-04-08T14:48:13+00:00\" \/>\n<meta property=\"og:image\" content=\"https:\/\/www.pressenza.com\/wp-content\/uploads\/2022\/04\/Freedom_of_Expresseion.jpg\" \/>\n\t<meta property=\"og:image:width\" content=\"828\" \/>\n\t<meta property=\"og:image:height\" content=\"456\" \/>\n\t<meta property=\"og:image:type\" content=\"image\/jpeg\" \/>\n<meta name=\"author\" content=\"Jhon S\u00e1nchez\" \/>\n<meta name=\"twitter:card\" content=\"summary_large_image\" \/>\n<meta name=\"twitter:creator\" content=\"@PressenzaIPA\" \/>\n<meta name=\"twitter:site\" content=\"@PressenzaIPA\" \/>\n<meta name=\"twitter:label1\" content=\"Verfasst von\" \/>\n\t<meta name=\"twitter:data1\" content=\"Jhon S\u00e1nchez\" \/>\n\t<meta name=\"twitter:label2\" content=\"Gesch\u00e4tzte Lesezeit\" \/>\n\t<meta name=\"twitter:data2\" content=\"3\u00a0Minuten\" \/>\n<script type=\"application\/ld+json\" class=\"yoast-schema-graph\">{\"@context\":\"https:\/\/schema.org\",\"@graph\":[{\"@type\":\"Article\",\"@id\":\"https:\/\/www.pressenza.com\/de\/2022\/04\/ilhan-sami-comak-mit-zwei-literaturpreisen-ausgezeichnet\/#article\",\"isPartOf\":{\"@id\":\"https:\/\/www.pressenza.com\/de\/2022\/04\/ilhan-sami-comak-mit-zwei-literaturpreisen-ausgezeichnet\/\"},\"author\":{\"name\":\"Jhon S\u00e1nchez\",\"@id\":\"https:\/\/www.pressenza.com\/de\/#\/schema\/person\/74eccce2f7ed6ad0ba68f6719055d5b1\"},\"headline\":\"Ilhan Sami Comak mit zwei Literaturpreisen ausgezeichnet\",\"datePublished\":\"2022-04-08T14:42:26+00:00\",\"dateModified\":\"2022-04-08T14:48:13+00:00\",\"mainEntityOfPage\":{\"@id\":\"https:\/\/www.pressenza.com\/de\/2022\/04\/ilhan-sami-comak-mit-zwei-literaturpreisen-ausgezeichnet\/\"},\"wordCount\":431,\"publisher\":{\"@id\":\"https:\/\/www.pressenza.com\/de\/#organization\"},\"image\":{\"@id\":\"https:\/\/www.pressenza.com\/de\/2022\/04\/ilhan-sami-comak-mit-zwei-literaturpreisen-ausgezeichnet\/#primaryimage\"},\"thumbnailUrl\":\"https:\/\/www.pressenza.com\/wp-content\/uploads\/2022\/04\/Freedom_of_Expresseion.jpg\",\"keywords\":[\"Europ\u00e4ischer Gerichtshof f\u00fcr Menschenrechte\",\"freethepoet\",\"Ilhan Sami \u00c7omak\",\"Kurden\",\"Literaturpreis\"],\"articleSection\":[\"Kultur und Medien\",\"Menschenrechte\",\"Nordamerika\",\"Originalinhalt\"],\"inLanguage\":\"de\"},{\"@type\":\"WebPage\",\"@id\":\"https:\/\/www.pressenza.com\/de\/2022\/04\/ilhan-sami-comak-mit-zwei-literaturpreisen-ausgezeichnet\/\",\"url\":\"https:\/\/www.pressenza.com\/de\/2022\/04\/ilhan-sami-comak-mit-zwei-literaturpreisen-ausgezeichnet\/\",\"name\":\"Ilhan Sami Comak mit zwei Literaturpreisen ausgezeichnet\",\"isPartOf\":{\"@id\":\"https:\/\/www.pressenza.com\/de\/#website\"},\"primaryImageOfPage\":{\"@id\":\"https:\/\/www.pressenza.com\/de\/2022\/04\/ilhan-sami-comak-mit-zwei-literaturpreisen-ausgezeichnet\/#primaryimage\"},\"image\":{\"@id\":\"https:\/\/www.pressenza.com\/de\/2022\/04\/ilhan-sami-comak-mit-zwei-literaturpreisen-ausgezeichnet\/#primaryimage\"},\"thumbnailUrl\":\"https:\/\/www.pressenza.com\/wp-content\/uploads\/2022\/04\/Freedom_of_Expresseion.jpg\",\"datePublished\":\"2022-04-08T14:42:26+00:00\",\"dateModified\":\"2022-04-08T14:48:13+00:00\",\"description\":\"Ilhan Sami Comak, der kurdische Dichter, der seit 28 Jahren in einem t\u00fcrkischen Gef\u00e4ngnis sitzt, wurde mit dem Metin-Altiok-Poesiepreis und dem\",\"breadcrumb\":{\"@id\":\"https:\/\/www.pressenza.com\/de\/2022\/04\/ilhan-sami-comak-mit-zwei-literaturpreisen-ausgezeichnet\/#breadcrumb\"},\"inLanguage\":\"de\",\"potentialAction\":[{\"@type\":\"ReadAction\",\"target\":[\"https:\/\/www.pressenza.com\/de\/2022\/04\/ilhan-sami-comak-mit-zwei-literaturpreisen-ausgezeichnet\/\"]}]},{\"@type\":\"ImageObject\",\"inLanguage\":\"de\",\"@id\":\"https:\/\/www.pressenza.com\/de\/2022\/04\/ilhan-sami-comak-mit-zwei-literaturpreisen-ausgezeichnet\/#primaryimage\",\"url\":\"https:\/\/www.pressenza.com\/wp-content\/uploads\/2022\/04\/Freedom_of_Expresseion.jpg\",\"contentUrl\":\"https:\/\/www.pressenza.com\/wp-content\/uploads\/2022\/04\/Freedom_of_Expresseion.jpg\",\"width\":828,\"height\":456,\"caption\":\"Ilhan Sami Comak mit zwei Literaturpreisen ausgezeichnet\"},{\"@type\":\"BreadcrumbList\",\"@id\":\"https:\/\/www.pressenza.com\/de\/2022\/04\/ilhan-sami-comak-mit-zwei-literaturpreisen-ausgezeichnet\/#breadcrumb\",\"itemListElement\":[{\"@type\":\"ListItem\",\"position\":1,\"name\":\"Accueil\",\"item\":\"https:\/\/www.pressenza.com\/de\/\"},{\"@type\":\"ListItem\",\"position\":2,\"name\":\"Ilhan Sami Comak mit zwei Literaturpreisen ausgezeichnet\"}]},{\"@type\":\"WebSite\",\"@id\":\"https:\/\/www.pressenza.com\/de\/#website\",\"url\":\"https:\/\/www.pressenza.com\/de\/\",\"name\":\"Pressenza\",\"description\":\"International Press Agency\",\"publisher\":{\"@id\":\"https:\/\/www.pressenza.com\/de\/#organization\"},\"potentialAction\":[{\"@type\":\"SearchAction\",\"target\":{\"@type\":\"EntryPoint\",\"urlTemplate\":\"https:\/\/www.pressenza.com\/de\/?s={search_term_string}\"},\"query-input\":{\"@type\":\"PropertyValueSpecification\",\"valueRequired\":true,\"valueName\":\"search_term_string\"}}],\"inLanguage\":\"de\"},{\"@type\":\"Organization\",\"@id\":\"https:\/\/www.pressenza.com\/de\/#organization\",\"name\":\"Pressenza\",\"url\":\"https:\/\/www.pressenza.com\/de\/\",\"logo\":{\"@type\":\"ImageObject\",\"inLanguage\":\"de\",\"@id\":\"https:\/\/www.pressenza.com\/de\/#\/schema\/logo\/image\/\",\"url\":\"https:\/\/www.pressenza.com\/wp-content\/uploads\/2022\/10\/pressenza_logo_200x200.jpg\",\"contentUrl\":\"https:\/\/www.pressenza.com\/wp-content\/uploads\/2022\/10\/pressenza_logo_200x200.jpg\",\"width\":200,\"height\":200,\"caption\":\"Pressenza\"},\"image\":{\"@id\":\"https:\/\/www.pressenza.com\/de\/#\/schema\/logo\/image\/\"},\"sameAs\":[\"https:\/\/www.facebook.com\/PressenzaItalia\",\"https:\/\/x.com\/PressenzaIPA\"]},{\"@type\":\"Person\",\"@id\":\"https:\/\/www.pressenza.com\/de\/#\/schema\/person\/74eccce2f7ed6ad0ba68f6719055d5b1\",\"name\":\"Jhon S\u00e1nchez\",\"description\":\"Jhon S\u00e1nchez: A Colombian born, Mr. S\u00e1nchez, arrived in NYC seeking political asylum where he is now a lawyer. His most recent publications are United Tombs of America (Midway Journal), \u2018Handy.\u2019 (Teleport Magazine) and The DeDramafi (The Write Launch republished in Storylandia, issue 36). He was awarded the Horned Dorset Colony for 2018 and the Byrdcliffe Artist Residence Program for 2019. In 2023, New Lit Salon Press will publish his collection Enjoy Pleasurable Death and Other Stories that Will Kill You. For updates, please visit the Facebook page @WriterJhon, Instagram jhon_author, Twitter @jhon_author. https:\/\/muckrack.com\/jhon-sanchez\/articles\",\"sameAs\":[\"https:\/\/www.facebook.com\/WriterJhon\/\"],\"url\":\"https:\/\/www.pressenza.com\/de\/author\/jhon-sanchez\/\"}]}<\/script>\n<!-- \/ Yoast SEO plugin. -->","yoast_head_json":{"title":"Ilhan Sami Comak mit zwei Literaturpreisen ausgezeichnet","description":"Ilhan Sami Comak, der kurdische Dichter, der seit 28 Jahren in einem t\u00fcrkischen Gef\u00e4ngnis sitzt, wurde mit dem Metin-Altiok-Poesiepreis und dem","robots":{"index":"index","follow":"follow","max-snippet":"max-snippet:-1","max-image-preview":"max-image-preview:large","max-video-preview":"max-video-preview:-1"},"canonical":"https:\/\/www.pressenza.com\/de\/2022\/04\/ilhan-sami-comak-mit-zwei-literaturpreisen-ausgezeichnet\/","og_locale":"de_DE","og_type":"article","og_title":"Ilhan Sami Comak mit zwei Literaturpreisen ausgezeichnet","og_description":"Ilhan Sami Comak, der kurdische Dichter, der seit 28 Jahren in einem t\u00fcrkischen Gef\u00e4ngnis sitzt, wurde mit dem Metin-Altiok-Poesiepreis und dem","og_url":"https:\/\/www.pressenza.com\/de\/2022\/04\/ilhan-sami-comak-mit-zwei-literaturpreisen-ausgezeichnet\/","og_site_name":"Pressenza","article_publisher":"https:\/\/www.facebook.com\/PressenzaItalia","article_author":"https:\/\/www.facebook.com\/WriterJhon\/","article_published_time":"2022-04-08T14:42:26+00:00","article_modified_time":"2022-04-08T14:48:13+00:00","og_image":[{"width":828,"height":456,"url":"https:\/\/www.pressenza.com\/wp-content\/uploads\/2022\/04\/Freedom_of_Expresseion.jpg","type":"image\/jpeg"}],"author":"Jhon S\u00e1nchez","twitter_card":"summary_large_image","twitter_creator":"@PressenzaIPA","twitter_site":"@PressenzaIPA","twitter_misc":{"Verfasst von":"Jhon S\u00e1nchez","Gesch\u00e4tzte Lesezeit":"3\u00a0Minuten"},"schema":{"@context":"https:\/\/schema.org","@graph":[{"@type":"Article","@id":"https:\/\/www.pressenza.com\/de\/2022\/04\/ilhan-sami-comak-mit-zwei-literaturpreisen-ausgezeichnet\/#article","isPartOf":{"@id":"https:\/\/www.pressenza.com\/de\/2022\/04\/ilhan-sami-comak-mit-zwei-literaturpreisen-ausgezeichnet\/"},"author":{"name":"Jhon S\u00e1nchez","@id":"https:\/\/www.pressenza.com\/de\/#\/schema\/person\/74eccce2f7ed6ad0ba68f6719055d5b1"},"headline":"Ilhan Sami Comak mit zwei Literaturpreisen ausgezeichnet","datePublished":"2022-04-08T14:42:26+00:00","dateModified":"2022-04-08T14:48:13+00:00","mainEntityOfPage":{"@id":"https:\/\/www.pressenza.com\/de\/2022\/04\/ilhan-sami-comak-mit-zwei-literaturpreisen-ausgezeichnet\/"},"wordCount":431,"publisher":{"@id":"https:\/\/www.pressenza.com\/de\/#organization"},"image":{"@id":"https:\/\/www.pressenza.com\/de\/2022\/04\/ilhan-sami-comak-mit-zwei-literaturpreisen-ausgezeichnet\/#primaryimage"},"thumbnailUrl":"https:\/\/www.pressenza.com\/wp-content\/uploads\/2022\/04\/Freedom_of_Expresseion.jpg","keywords":["Europ\u00e4ischer Gerichtshof f\u00fcr Menschenrechte","freethepoet","Ilhan Sami \u00c7omak","Kurden","Literaturpreis"],"articleSection":["Kultur und Medien","Menschenrechte","Nordamerika","Originalinhalt"],"inLanguage":"de"},{"@type":"WebPage","@id":"https:\/\/www.pressenza.com\/de\/2022\/04\/ilhan-sami-comak-mit-zwei-literaturpreisen-ausgezeichnet\/","url":"https:\/\/www.pressenza.com\/de\/2022\/04\/ilhan-sami-comak-mit-zwei-literaturpreisen-ausgezeichnet\/","name":"Ilhan Sami Comak mit zwei Literaturpreisen ausgezeichnet","isPartOf":{"@id":"https:\/\/www.pressenza.com\/de\/#website"},"primaryImageOfPage":{"@id":"https:\/\/www.pressenza.com\/de\/2022\/04\/ilhan-sami-comak-mit-zwei-literaturpreisen-ausgezeichnet\/#primaryimage"},"image":{"@id":"https:\/\/www.pressenza.com\/de\/2022\/04\/ilhan-sami-comak-mit-zwei-literaturpreisen-ausgezeichnet\/#primaryimage"},"thumbnailUrl":"https:\/\/www.pressenza.com\/wp-content\/uploads\/2022\/04\/Freedom_of_Expresseion.jpg","datePublished":"2022-04-08T14:42:26+00:00","dateModified":"2022-04-08T14:48:13+00:00","description":"Ilhan Sami Comak, der kurdische Dichter, der seit 28 Jahren in einem t\u00fcrkischen Gef\u00e4ngnis sitzt, wurde mit dem Metin-Altiok-Poesiepreis und dem","breadcrumb":{"@id":"https:\/\/www.pressenza.com\/de\/2022\/04\/ilhan-sami-comak-mit-zwei-literaturpreisen-ausgezeichnet\/#breadcrumb"},"inLanguage":"de","potentialAction":[{"@type":"ReadAction","target":["https:\/\/www.pressenza.com\/de\/2022\/04\/ilhan-sami-comak-mit-zwei-literaturpreisen-ausgezeichnet\/"]}]},{"@type":"ImageObject","inLanguage":"de","@id":"https:\/\/www.pressenza.com\/de\/2022\/04\/ilhan-sami-comak-mit-zwei-literaturpreisen-ausgezeichnet\/#primaryimage","url":"https:\/\/www.pressenza.com\/wp-content\/uploads\/2022\/04\/Freedom_of_Expresseion.jpg","contentUrl":"https:\/\/www.pressenza.com\/wp-content\/uploads\/2022\/04\/Freedom_of_Expresseion.jpg","width":828,"height":456,"caption":"Ilhan Sami Comak mit zwei Literaturpreisen ausgezeichnet"},{"@type":"BreadcrumbList","@id":"https:\/\/www.pressenza.com\/de\/2022\/04\/ilhan-sami-comak-mit-zwei-literaturpreisen-ausgezeichnet\/#breadcrumb","itemListElement":[{"@type":"ListItem","position":1,"name":"Accueil","item":"https:\/\/www.pressenza.com\/de\/"},{"@type":"ListItem","position":2,"name":"Ilhan Sami Comak mit zwei Literaturpreisen ausgezeichnet"}]},{"@type":"WebSite","@id":"https:\/\/www.pressenza.com\/de\/#website","url":"https:\/\/www.pressenza.com\/de\/","name":"Pressenza","description":"International Press Agency","publisher":{"@id":"https:\/\/www.pressenza.com\/de\/#organization"},"potentialAction":[{"@type":"SearchAction","target":{"@type":"EntryPoint","urlTemplate":"https:\/\/www.pressenza.com\/de\/?s={search_term_string}"},"query-input":{"@type":"PropertyValueSpecification","valueRequired":true,"valueName":"search_term_string"}}],"inLanguage":"de"},{"@type":"Organization","@id":"https:\/\/www.pressenza.com\/de\/#organization","name":"Pressenza","url":"https:\/\/www.pressenza.com\/de\/","logo":{"@type":"ImageObject","inLanguage":"de","@id":"https:\/\/www.pressenza.com\/de\/#\/schema\/logo\/image\/","url":"https:\/\/www.pressenza.com\/wp-content\/uploads\/2022\/10\/pressenza_logo_200x200.jpg","contentUrl":"https:\/\/www.pressenza.com\/wp-content\/uploads\/2022\/10\/pressenza_logo_200x200.jpg","width":200,"height":200,"caption":"Pressenza"},"image":{"@id":"https:\/\/www.pressenza.com\/de\/#\/schema\/logo\/image\/"},"sameAs":["https:\/\/www.facebook.com\/PressenzaItalia","https:\/\/x.com\/PressenzaIPA"]},{"@type":"Person","@id":"https:\/\/www.pressenza.com\/de\/#\/schema\/person\/74eccce2f7ed6ad0ba68f6719055d5b1","name":"Jhon S\u00e1nchez","description":"Jhon S\u00e1nchez: A Colombian born, Mr. S\u00e1nchez, arrived in NYC seeking political asylum where he is now a lawyer. His most recent publications are United Tombs of America (Midway Journal), \u2018Handy.\u2019 (Teleport Magazine) and The DeDramafi (The Write Launch republished in Storylandia, issue 36). He was awarded the Horned Dorset Colony for 2018 and the Byrdcliffe Artist Residence Program for 2019. In 2023, New Lit Salon Press will publish his collection Enjoy Pleasurable Death and Other Stories that Will Kill You. For updates, please visit the Facebook page @WriterJhon, Instagram jhon_author, Twitter @jhon_author. https:\/\/muckrack.com\/jhon-sanchez\/articles","sameAs":["https:\/\/www.facebook.com\/WriterJhon\/"],"url":"https:\/\/www.pressenza.com\/de\/author\/jhon-sanchez\/"}]}},"place":"USA","original_article_url":"","_links":{"self":[{"href":"https:\/\/www.pressenza.com\/de\/wp-json\/wp\/v2\/posts\/1560844","targetHints":{"allow":["GET"]}}],"collection":[{"href":"https:\/\/www.pressenza.com\/de\/wp-json\/wp\/v2\/posts"}],"about":[{"href":"https:\/\/www.pressenza.com\/de\/wp-json\/wp\/v2\/types\/post"}],"author":[{"embeddable":true,"href":"https:\/\/www.pressenza.com\/de\/wp-json\/wp\/v2\/users\/1745"}],"replies":[{"embeddable":true,"href":"https:\/\/www.pressenza.com\/de\/wp-json\/wp\/v2\/comments?post=1560844"}],"version-history":[{"count":0,"href":"https:\/\/www.pressenza.com\/de\/wp-json\/wp\/v2\/posts\/1560844\/revisions"}],"wp:featuredmedia":[{"embeddable":true,"href":"https:\/\/www.pressenza.com\/de\/wp-json\/wp\/v2\/media\/1560845"}],"wp:attachment":[{"href":"https:\/\/www.pressenza.com\/de\/wp-json\/wp\/v2\/media?parent=1560844"}],"wp:term":[{"taxonomy":"category","embeddable":true,"href":"https:\/\/www.pressenza.com\/de\/wp-json\/wp\/v2\/categories?post=1560844"},{"taxonomy":"post_tag","embeddable":true,"href":"https:\/\/www.pressenza.com\/de\/wp-json\/wp\/v2\/tags?post=1560844"}],"curies":[{"name":"wp","href":"https:\/\/api.w.org\/{rel}","templated":true}]}}