{"id":1558425,"date":"2022-04-06T15:19:51","date_gmt":"2022-04-06T14:19:51","guid":{"rendered":"https:\/\/www.pressenza.com\/?p=1558425"},"modified":"2022-04-06T15:19:51","modified_gmt":"2022-04-06T14:19:51","slug":"krieg-knappe-duengemittel-befeuern-den-raubbau-am-amazonas","status":"publish","type":"post","link":"https:\/\/www.pressenza.com\/de\/2022\/04\/krieg-knappe-duengemittel-befeuern-den-raubbau-am-amazonas\/","title":{"rendered":"Krieg: Knappe D\u00fcngemittel befeuern den Raubbau am Amazonas"},"content":{"rendered":"<div class=\"entry-content\">\n<p class=\"author-meta\"><strong>Der Amazonas n\u00e4hert sich seinem Kipppunkt. Trotzdem treibt der brasilianische Pr\u00e4sident den Rohstoffabbau immer weiter voran.<\/strong><\/p>\n<p><em>Susanne Aigner f\u00fcr die Online-Zeitung <a href=\"https:\/\/www.infosperber.ch\/gesundheit\/ernaehrung\/krieg-knappe-duengemittel-befeuern-den-raubbau-am-amazonas\/\">INFOsperber<\/a><\/em><\/p>\n<\/div>\n<div class=\"entry-content clearfix\">\n<p>Brasilien gilt weltweit als gr\u00f6sstes Anbaugebiet f\u00fcr Soja.\u00a0Sojabohnen liefern nicht nur 40 Prozent des pflanzlichen Proteins in Lebensmitteln. Sie sind zudem die Proteinbasis f\u00fcr Tierfutter und dienen zudem noch als Basis zur Herstellung von Agrardiesel.<\/p>\n<p>F\u00fcr die Produktion von Soja werden auf\u00a0staubtrockenen, kargen Ackerb\u00f6den\u00a0h\u00e4ufig\u00a0Pestizide gespritzt und Kunstd\u00fcnger ausgebracht. F\u00fcr den Anbau von Gen-Soja zum Beispiel wird mit Kaliumchlorid ged\u00fcngt. Das hierf\u00fcr ben\u00f6tigte Kalium wurde bis vor kurzem\u00a0noch zur H\u00e4lfte aus Russland und Weissrussland importiert. \u00c4hnliches gilt f\u00fcr Ammonium \u2013 ein Grundstoff f\u00fcr Stickstoff- und Phosphat-D\u00fcngemittel. Auf Grund des Krieges in Osteuropa werden diese Stoffe derzeit zur Mangelware, warnt Fernando Cadore,\u00a0Pr\u00e4sident der Soja- und Maisproduzenten im\u00a0Bundesstaat\u00a0<a href=\"http:\/\/www.aprosoja.com.br\/comunicacao\/release\/fernando-cadore-participa-do-ticaracaticast-e-destaca-a-sustentabilidade-no-agro\" target=\"_blank\" rel=\"noreferrer noopener\">Mato Grosso<\/a>, der mit rund zehn Millionen Hektar Ackerbau als einer der gr\u00f6ssten Getreideproduzenten Brasiliens gilt.<\/p>\n<p>Im vergangenen Jahr hatte Brasilien 84 Prozent seines D\u00fcngers aus dem Ausland importiert. Davon kamen\u00a0neun Millionen Tonnen aus Russland. 2016 wurden drei D\u00fcngemittel-Fabriken im Nordosten Brasiliens geschlossen. W\u00e4hrend der letzten drei Jahre der Pandemie konnten massive Agrarexporte den Absturz der Wirtschaft in Brasilien zwar ein wenig abfedern. Doch inzwischen k\u00f6nnte der Mangel an Minerald\u00fcnger die Nahrungsmittelproduktion in Brasilien ernsthaft gef\u00e4hrden. Deshalb soll sie etwas unabh\u00e4ngiger vom Ausland werden. So k\u00fcndigte Agrarministerin Tereza Cristina die Ausarbeitung eines nationalen Planes zwecks D\u00fcngemittel-Produktion in Brasilien an.<\/p>\n<p>Auf Grund logistischer Probleme empfahl das russische Handelsministerium\u00a0den D\u00fcngemittel-Herstellern einen vor\u00fcbergehenden Stopp ihrer Exporte, weil der wichtigste Ausfuhrhafen in Odessa\u00a0auf ukrainischem Territorium liegt.\u00a0Bleibt der Kunstd\u00fcnger aus Russland aus, k\u00f6nnten in Brasilien Agrarprodukte wie\u00a0<a href=\"https:\/\/www.tagesschau.de\/wirtschaft\/weltwirtschaft\/duenger-brasilien-kaffeepreise-101.html\" target=\"_blank\" rel=\"noreferrer noopener\">Soja, Mais und Kaffee<\/a>\u00a0knapp werden. Sogar die Selbstversorgung im eigenen Land w\u00e4re gef\u00e4hrdet. Zudem drohen\u00a0Inflation und Arbeitslosigkeit.<\/p>\n<p>Bereits vor dem Krieg waren die Preise auf Grund von Wetterextremen stark gestiegen.\u00a0Ziel war es,\u00a0D\u00fcnger billig einzukaufen, r\u00e4umt die Agrarministerin ein.\u00a0Dem Verband f\u00fcr D\u00fcngemittel-Logistik zufolge besitzt Brasilien noch Kunstd\u00fcnger f\u00fcr knapp drei Monate. Diese Knappheit k\u00f6nnte sich auf die kommende Aussaat und auf die darauffolgende Ernte im September und im Oktober auswirken. Wird weniger D\u00fcnger eingesetzt, werden die Ernten entsprechend geringer ausfallen. Dann steigen die Preise f\u00fcr Mais, Soja und \u2013 in Folge dessen \u2013 auch f\u00fcr Fleisch.<\/p>\n<div class=\"wp-block-infosperber-box\">\n<p class=\"has-large-font-size\"><strong>Es droht eine weltweite Nahrungsmittelkrise<\/strong><\/p>\n<p>\u00abEs gibt nichts Vergleichbares seit dem Zweiten Weltkrieg\u00bb, warnt der Exekutivdirektor des Weltern\u00e4hrungsprogramms der Uno. Fehlendes Getreide und fehlende D\u00fcngemittel f\u00fchren zu\u00a0<a href=\"https:\/\/www.nytimes.com\/2021\/08\/06\/world\/africa\/covid-19-global-hunger.html\" target=\"_blank\" rel=\"noreferrer noopener\">katastrophalen Folgen<\/a>. Das zeigt eine Recherche der \u00abNew York Times\u00bb.<strong>\u00a0<\/strong><\/p>\n<p><strong>\u279c Siehe\u00a0<\/strong><a href=\"https:\/\/www.infosperber.ch\/gesundheit\/ernaehrung\/krieg-es-droht-eine-weltweite-nahrungsmittelkrise\/\" target=\"_blank\" rel=\"noreferrer noopener\"><strong>Bericht vom 27.<\/strong>\u00a0<strong>M\u00e4rz 2022 auf Infosperber<\/strong><\/a><\/p>\n<\/div>\n<p><strong>Regenwald ist immer weniger widerstandsf\u00e4hig<\/strong><\/p>\n<p>Um Rohstoffe zur Herstellung von D\u00fcngemitteln abzubauen, plant Bolsonaro nun weiter in indigene Gebiete vorzudringen. Bereits\u00a0Ende Oktober 2018, seit seinem Amtsantritt als Pr\u00e4sident, hatten die Abholzungen stark zugenommen, zuletzt lagen sie auf Rekordniveau.<strong>\u00a0<\/strong><\/p>\n<p>W\u00fcrden die Pl\u00e4ne umgesetzt, beschleunigt sich der Raubbau am Amazonas weiter.<\/p>\n<p>Die enorme Abholzung f\u00fchrt zu einem weiteren Problem: W\u00e4hrend der letzten zwanzig Jahre verlor der Regenwald massiv an\u00a0<a href=\"https:\/\/www.tagesschau.de\/ausland\/amazonas-klimawandel-101.html\" target=\"_blank\" rel=\"noreferrer noopener\">Widerstandsf\u00e4higkeit<\/a>. \u00dcber drei Viertel des Waldes kann sich von D\u00fcrren oder Br\u00e4nden schlechter erholen, insbesondere\u00a0in trockenen Regionen oder dort, wo Menschen aktiv sind.\u00a0Das ergab die\u00a0<a href=\"https:\/\/www.nature.com\/articles\/s41558-022-01287-8\">Studie\u00a0<\/a>eines britisch-deutschen Forscherteams um\u00a0Niklas Boers vom Potsdam-Institut f\u00fcr Klimafolgenforschung (PIK), welche die Fachzeitschrift \u00abNature Climate Change\u00bb im M\u00e4rz 2022 ver\u00f6ffentlichte.<\/p>\n<p>Als der Regenwald noch intakt war, erzeugte er regional mehr Regen. Zunehmende Abholzungen, globaler Klimawandel und steigende Temperaturen\u00a0<a href=\"https:\/\/www.spektrum.de\/news\/amazonas-regenwaldgebiete-absorbieren-kein-treibhausgas-mehr\/1895815\" target=\"_blank\" rel=\"noreferrer noopener\">verst\u00e4rken die Austrocknung<\/a>\u00a0immer mehr. Die Wetterereignisse des vergangenen Jahres zeigen m\u00f6gliche Folgen: In grossen Teilen\u00a0Brasiliens herrschte D\u00fcrre und Trockenheit, die Experten Abholzungen und auch dem Klimawandel zuschreiben. Ausgel\u00f6st durch schwere D\u00fcrren fegten im Oktober durch den Bundesstaat Sao Paulo heftige Sandst\u00fcrme. Dar\u00fcber hinaus war der Rio Paran\u00e1 \u2013 der zweitgr\u00f6sste Fluss S\u00fcdamerikas \u2013 nahezu ausgetrocknet. Die Ursachen f\u00fcr derartige Wetterextreme, erkl\u00e4rt Klimaexpertin Francis Lacerda vom IPA-Institut, seien in zunehmenden Abholzungen zu suchen, aber auch in immer wiederkehrenden\u00a0<a href=\"https:\/\/www.zdf.de\/nachrichten\/panorama\/suedamerika-duerre-wasserknappheit-100.html\" target=\"_blank\" rel=\"noreferrer noopener\">Waldbr\u00e4nden<\/a>.<\/p>\n<p><strong>Kohlenstoffsenkender Effekt nimmt weiter ab<\/strong><\/p>\n<p>Bisher entnahmen globale W\u00e4lder rund zwei Prozent mehr Kohlendioxid aus der Luft, als sie wieder abgaben. Diese Menge entspricht etwa einem Viertel aller Emissionen aus fossilen Kraftstoffen seit 1960. Kippt diese Bilanz in dem gr\u00f6ssten Tropenwaldgebiet der Welt auch nur teilweise, wirkt sich dies auf das Klima aus, etwa indem sich das Tempo des Klimawandels weiter beschleunigt.\u00a0Tats\u00e4chlich geben ganze Regionen am Amazonas bereits mehr Kohlendioxid ab, als sie aufnehmen.\u00a0Einer\u00a0<a href=\"https:\/\/www.nature.com\/articles\/s41586-021-03629-6\">Studie\u00a0<\/a>vom Juli 2021 zufolge k\u00f6nnen Entwaldung und Br\u00e4nde den Regenwald zuk\u00fcnftig sogar zu einer Kohlendioxidquelle machen.<\/p>\n<p><a href=\"https:\/\/www.spektrum.de\/news\/die-zerstueckelung-des-amazonasbeckens\/1309980\" target=\"_blank\" rel=\"noreferrer noopener\">Besonders der Osten und S\u00fcdosten des Amazonas ver\u00e4nderten sich in den letzten Jahrzehnten<\/a>\u00a0durch Rodungen, Feuer und Landwirtschaft. So hat sich die Anbaufl\u00e4che f\u00fcr Sojabohnen in S\u00fcdamerika innerhalb von nur zwanzig Jahren von 26\u2018400 auf 55\u2018100 Quadratkilometer verdoppelt. Innerhalb der letzten 40 Jahre erh\u00f6hte sich die Temperatur um etwa ein halbes Grad pro Jahrzehnt. Dies wiederum verst\u00e4rkt den Trockenstress der Pflanzen und beg\u00fcnstigt Feuer auch in intakten Waldteilen. Infolgedessen verwandelt sich\u00a0der Wald immer st\u00e4rker in eine Kohlenstoffquelle.\u00a0Die westlichen Regionen des Amazonas hingegen seien noch weitgehend unber\u00fchrt. Daher nehme die Amazonasregion in ihrer Gesamtheit nach wie vor etwas mehr Treibhausgas auf, als sie abgibt.<\/p>\n<p><strong>Abholzung vernichtet mehr Ertr\u00e4ge im Soja-Anbau, als neue dazu kommen\u00a0<\/strong><\/p>\n<p>\u00d6kosysteme wie der Amazonas oder auch die Cerrado-Savanne k\u00f6nnen verhindern, dass die Temperaturen in diesen Regionen stark ansteigen. Daher messen Wissenschaftler dem brasilianischen Regenwald einen monet\u00e4ren Wert bei. Wie hoch dieser Wert ist, h\u00e4ngt davon ab, wie viele Fl\u00e4chen an einem bestimmten Ort bereits in Ackerland umgewandelt wurden. Ein Wissenschaftlerteam um\u00a0Avery Cohn von der Bostoner Tufts University berechnete die H\u00f6he der Einnahmen, die den Soja-Farmern durch die Zerst\u00f6rung der W\u00e4lder verloren gehen. Die Ergebnisse ver\u00f6ffentlichten sie in einer entsprechenden\u00a0<a href=\"https:\/\/www.sciencedirect.com\/science\/article\/pii\/S0305750X21001972\" target=\"_blank\" rel=\"noreferrer noopener\">Studie<\/a>\u00a0vom Oktober 2021.<\/p>\n<p>Demnach reduzierte extreme Hitze den Ertrag von Sojabohnen auf einer Anbaufl\u00e4che von 36 Millionen Hektar im Durchschnitt um etwa 100 US-Dollar pro Hektar und Jahr, also um insgesamt 3,6 Milliarden Dollar. Infolge der Erw\u00e4rmung durch Abholzung werden mehr Ertr\u00e4ge vernichtet, als die zus\u00e4tzlich gewonnene Ackerfl\u00e4che an Ertr\u00e4gen abwirft. Es zahle sich aus, die wenigen gesunden W\u00e4lder, die es noch gibt, stehen zu lassen, erkl\u00e4ren die Autoren. So k\u00f6nnte mit fortschreitendem Klimawandel der Geldwert intakter \u00d6kosysteme noch steigen, in manchen Regionen<a href=\"https:\/\/www.spektrum.de\/news\/amazonasgebiet-abholzung-schadet-auch-sojaanbau\/1895263\" target=\"_blank\" rel=\"noreferrer noopener\">\u00a0um 25 bis 95 Prozent<\/a>.<\/p>\n<\/div>\n","protected":false},"excerpt":{"rendered":"<p>Der Amazonas n\u00e4hert sich seinem Kipppunkt. Trotzdem treibt der brasilianische Pr\u00e4sident den Rohstoffabbau immer weiter voran. Susanne Aigner f\u00fcr die Online-Zeitung INFOsperber Brasilien gilt weltweit als gr\u00f6sstes Anbaugebiet f\u00fcr Soja.\u00a0Sojabohnen liefern nicht nur 40 Prozent des pflanzlichen Proteins in Lebensmitteln.&hellip;<\/p>\n","protected":false},"author":1855,"featured_media":1558426,"comment_status":"closed","ping_status":"closed","sticky":false,"template":"","format":"standard","meta":{"footnotes":""},"categories":[9157,9168],"tags":[11757,100784,62359],"class_list":["post-1558425","post","type-post","status-publish","format-standard","has-post-thumbnail","hentry","category-oekologie-und-umwelt","category-politik","tag-amazonas","tag-rohstoffabbau","tag-soja-de"],"yoast_head":"<!-- This site is optimized with the Yoast SEO plugin v27.1.1 - https:\/\/yoast.com\/product\/yoast-seo-wordpress\/ -->\n<title>Krieg: Knappe D\u00fcngemittel befeuern den Raubbau am Amazonas<\/title>\n<meta name=\"description\" content=\"Der Amazonas n\u00e4hert sich seinem Kipppunkt. Trotzdem treibt der brasilianische Pr\u00e4sident den Rohstoffabbau immer weiter voran. Susanne Aigner f\u00fcr die\" \/>\n<meta name=\"robots\" content=\"index, follow, max-snippet:-1, max-image-preview:large, max-video-preview:-1\" \/>\n<link rel=\"canonical\" href=\"https:\/\/www.pressenza.com\/de\/2022\/04\/krieg-knappe-duengemittel-befeuern-den-raubbau-am-amazonas\/\" \/>\n<meta property=\"og:locale\" content=\"de_DE\" \/>\n<meta property=\"og:type\" content=\"article\" \/>\n<meta property=\"og:title\" content=\"Krieg: Knappe D\u00fcngemittel befeuern den Raubbau am Amazonas\" \/>\n<meta property=\"og:description\" content=\"Der Amazonas n\u00e4hert sich seinem Kipppunkt. Trotzdem treibt der brasilianische Pr\u00e4sident den Rohstoffabbau immer weiter voran. Susanne Aigner f\u00fcr die\" \/>\n<meta property=\"og:url\" content=\"https:\/\/www.pressenza.com\/de\/2022\/04\/krieg-knappe-duengemittel-befeuern-den-raubbau-am-amazonas\/\" \/>\n<meta property=\"og:site_name\" content=\"Pressenza\" \/>\n<meta property=\"article:publisher\" content=\"https:\/\/www.facebook.com\/PressenzaItalia\" \/>\n<meta property=\"article:published_time\" content=\"2022-04-06T14:19:51+00:00\" \/>\n<meta property=\"og:image\" content=\"https:\/\/www.pressenza.com\/wp-content\/uploads\/2022\/04\/Sojafelder-in-Brasilien-1024x565-1.png\" \/>\n\t<meta property=\"og:image:width\" content=\"1024\" \/>\n\t<meta property=\"og:image:height\" content=\"565\" \/>\n\t<meta property=\"og:image:type\" content=\"image\/png\" \/>\n<meta name=\"author\" content=\"INFOsperber\" \/>\n<meta name=\"twitter:card\" content=\"summary_large_image\" \/>\n<meta name=\"twitter:creator\" content=\"@PressenzaIPA\" \/>\n<meta name=\"twitter:site\" content=\"@PressenzaIPA\" \/>\n<meta name=\"twitter:label1\" content=\"Verfasst von\" \/>\n\t<meta name=\"twitter:data1\" content=\"INFOsperber\" \/>\n\t<meta name=\"twitter:label2\" content=\"Gesch\u00e4tzte Lesezeit\" \/>\n\t<meta name=\"twitter:data2\" content=\"6\u00a0Minuten\" \/>\n<script type=\"application\/ld+json\" class=\"yoast-schema-graph\">{\"@context\":\"https:\/\/schema.org\",\"@graph\":[{\"@type\":\"Article\",\"@id\":\"https:\/\/www.pressenza.com\/de\/2022\/04\/krieg-knappe-duengemittel-befeuern-den-raubbau-am-amazonas\/#article\",\"isPartOf\":{\"@id\":\"https:\/\/www.pressenza.com\/de\/2022\/04\/krieg-knappe-duengemittel-befeuern-den-raubbau-am-amazonas\/\"},\"author\":{\"name\":\"INFOsperber\",\"@id\":\"https:\/\/www.pressenza.com\/de\/#\/schema\/person\/77735f6583e3041b31ebc7b93a284357\"},\"headline\":\"Krieg: Knappe D\u00fcngemittel befeuern den Raubbau am Amazonas\",\"datePublished\":\"2022-04-06T14:19:51+00:00\",\"mainEntityOfPage\":{\"@id\":\"https:\/\/www.pressenza.com\/de\/2022\/04\/krieg-knappe-duengemittel-befeuern-den-raubbau-am-amazonas\/\"},\"wordCount\":1101,\"publisher\":{\"@id\":\"https:\/\/www.pressenza.com\/de\/#organization\"},\"image\":{\"@id\":\"https:\/\/www.pressenza.com\/de\/2022\/04\/krieg-knappe-duengemittel-befeuern-den-raubbau-am-amazonas\/#primaryimage\"},\"thumbnailUrl\":\"https:\/\/www.pressenza.com\/wp-content\/uploads\/2022\/04\/Sojafelder-in-Brasilien-1024x565-1.png\",\"keywords\":[\"Amazonas\",\"Rohstoffabbau\",\"soja\"],\"articleSection\":[\"\u00d6kologie und Umwelt\",\"Politik\"],\"inLanguage\":\"de\"},{\"@type\":\"WebPage\",\"@id\":\"https:\/\/www.pressenza.com\/de\/2022\/04\/krieg-knappe-duengemittel-befeuern-den-raubbau-am-amazonas\/\",\"url\":\"https:\/\/www.pressenza.com\/de\/2022\/04\/krieg-knappe-duengemittel-befeuern-den-raubbau-am-amazonas\/\",\"name\":\"Krieg: Knappe D\u00fcngemittel befeuern den Raubbau am Amazonas\",\"isPartOf\":{\"@id\":\"https:\/\/www.pressenza.com\/de\/#website\"},\"primaryImageOfPage\":{\"@id\":\"https:\/\/www.pressenza.com\/de\/2022\/04\/krieg-knappe-duengemittel-befeuern-den-raubbau-am-amazonas\/#primaryimage\"},\"image\":{\"@id\":\"https:\/\/www.pressenza.com\/de\/2022\/04\/krieg-knappe-duengemittel-befeuern-den-raubbau-am-amazonas\/#primaryimage\"},\"thumbnailUrl\":\"https:\/\/www.pressenza.com\/wp-content\/uploads\/2022\/04\/Sojafelder-in-Brasilien-1024x565-1.png\",\"datePublished\":\"2022-04-06T14:19:51+00:00\",\"description\":\"Der Amazonas n\u00e4hert sich seinem Kipppunkt. Trotzdem treibt der brasilianische Pr\u00e4sident den Rohstoffabbau immer weiter voran. Susanne Aigner f\u00fcr die\",\"breadcrumb\":{\"@id\":\"https:\/\/www.pressenza.com\/de\/2022\/04\/krieg-knappe-duengemittel-befeuern-den-raubbau-am-amazonas\/#breadcrumb\"},\"inLanguage\":\"de\",\"potentialAction\":[{\"@type\":\"ReadAction\",\"target\":[\"https:\/\/www.pressenza.com\/de\/2022\/04\/krieg-knappe-duengemittel-befeuern-den-raubbau-am-amazonas\/\"]}]},{\"@type\":\"ImageObject\",\"inLanguage\":\"de\",\"@id\":\"https:\/\/www.pressenza.com\/de\/2022\/04\/krieg-knappe-duengemittel-befeuern-den-raubbau-am-amazonas\/#primaryimage\",\"url\":\"https:\/\/www.pressenza.com\/wp-content\/uploads\/2022\/04\/Sojafelder-in-Brasilien-1024x565-1.png\",\"contentUrl\":\"https:\/\/www.pressenza.com\/wp-content\/uploads\/2022\/04\/Sojafelder-in-Brasilien-1024x565-1.png\",\"width\":1024,\"height\":565},{\"@type\":\"BreadcrumbList\",\"@id\":\"https:\/\/www.pressenza.com\/de\/2022\/04\/krieg-knappe-duengemittel-befeuern-den-raubbau-am-amazonas\/#breadcrumb\",\"itemListElement\":[{\"@type\":\"ListItem\",\"position\":1,\"name\":\"Accueil\",\"item\":\"https:\/\/www.pressenza.com\/de\/\"},{\"@type\":\"ListItem\",\"position\":2,\"name\":\"Krieg: Knappe D\u00fcngemittel befeuern den Raubbau am Amazonas\"}]},{\"@type\":\"WebSite\",\"@id\":\"https:\/\/www.pressenza.com\/de\/#website\",\"url\":\"https:\/\/www.pressenza.com\/de\/\",\"name\":\"Pressenza\",\"description\":\"International Press Agency\",\"publisher\":{\"@id\":\"https:\/\/www.pressenza.com\/de\/#organization\"},\"potentialAction\":[{\"@type\":\"SearchAction\",\"target\":{\"@type\":\"EntryPoint\",\"urlTemplate\":\"https:\/\/www.pressenza.com\/de\/?s={search_term_string}\"},\"query-input\":{\"@type\":\"PropertyValueSpecification\",\"valueRequired\":true,\"valueName\":\"search_term_string\"}}],\"inLanguage\":\"de\"},{\"@type\":\"Organization\",\"@id\":\"https:\/\/www.pressenza.com\/de\/#organization\",\"name\":\"Pressenza\",\"url\":\"https:\/\/www.pressenza.com\/de\/\",\"logo\":{\"@type\":\"ImageObject\",\"inLanguage\":\"de\",\"@id\":\"https:\/\/www.pressenza.com\/de\/#\/schema\/logo\/image\/\",\"url\":\"https:\/\/www.pressenza.com\/wp-content\/uploads\/2022\/10\/pressenza_logo_200x200.jpg\",\"contentUrl\":\"https:\/\/www.pressenza.com\/wp-content\/uploads\/2022\/10\/pressenza_logo_200x200.jpg\",\"width\":200,\"height\":200,\"caption\":\"Pressenza\"},\"image\":{\"@id\":\"https:\/\/www.pressenza.com\/de\/#\/schema\/logo\/image\/\"},\"sameAs\":[\"https:\/\/www.facebook.com\/PressenzaItalia\",\"https:\/\/x.com\/PressenzaIPA\"]},{\"@type\":\"Person\",\"@id\":\"https:\/\/www.pressenza.com\/de\/#\/schema\/person\/77735f6583e3041b31ebc7b93a284357\",\"name\":\"INFOsperber\",\"description\":\"Infosperber.ch - sieht, was andere \u00fcbersehen Die Schweizer Internet-Zeitung richtet sich an Entscheidungstr\u00e4ger in Gesellschaft, Wirtschaft und Politik sowie alle, die erg\u00e4nzende Informationen zu den grossen Medien suchen. Infosperber will die grossen Informations-Medien nicht konkurrenzieren, sondern diese erg\u00e4nzen. \u00a9 Das Weiterverbreiten s\u00e4mtlicher auf dem gemeinn\u00fctzigen Portal www.infosperber.ch enthaltenen Texte ist ohne Kostenfolge erlaubt, sofern die Texte integral ohne K\u00fcrzung und mit Quellenangaben (Autor und \u00abInfosperber\u00bb) verbreitet werden. Bei einer Online-Nutzung ist die Quellenangabe m\u00f6glichst schon am Anfang des Artikels mit einem Link auf infosperber.ch zu versehen. F\u00fcr das Verbreiten von gek\u00fcrzten oder abge\u00e4nderten Texten ist das schriftliche Einverst\u00e4ndnis der AutorInnen erforderlich.\",\"sameAs\":[\"https:\/\/www.infosperber.ch\/\"],\"url\":\"https:\/\/www.pressenza.com\/de\/author\/infosperber\/\"}]}<\/script>\n<!-- \/ Yoast SEO plugin. -->","yoast_head_json":{"title":"Krieg: Knappe D\u00fcngemittel befeuern den Raubbau am Amazonas","description":"Der Amazonas n\u00e4hert sich seinem Kipppunkt. Trotzdem treibt der brasilianische Pr\u00e4sident den Rohstoffabbau immer weiter voran. Susanne Aigner f\u00fcr die","robots":{"index":"index","follow":"follow","max-snippet":"max-snippet:-1","max-image-preview":"max-image-preview:large","max-video-preview":"max-video-preview:-1"},"canonical":"https:\/\/www.pressenza.com\/de\/2022\/04\/krieg-knappe-duengemittel-befeuern-den-raubbau-am-amazonas\/","og_locale":"de_DE","og_type":"article","og_title":"Krieg: Knappe D\u00fcngemittel befeuern den Raubbau am Amazonas","og_description":"Der Amazonas n\u00e4hert sich seinem Kipppunkt. Trotzdem treibt der brasilianische Pr\u00e4sident den Rohstoffabbau immer weiter voran. Susanne Aigner f\u00fcr die","og_url":"https:\/\/www.pressenza.com\/de\/2022\/04\/krieg-knappe-duengemittel-befeuern-den-raubbau-am-amazonas\/","og_site_name":"Pressenza","article_publisher":"https:\/\/www.facebook.com\/PressenzaItalia","article_published_time":"2022-04-06T14:19:51+00:00","og_image":[{"width":1024,"height":565,"url":"https:\/\/www.pressenza.com\/wp-content\/uploads\/2022\/04\/Sojafelder-in-Brasilien-1024x565-1.png","type":"image\/png"}],"author":"INFOsperber","twitter_card":"summary_large_image","twitter_creator":"@PressenzaIPA","twitter_site":"@PressenzaIPA","twitter_misc":{"Verfasst von":"INFOsperber","Gesch\u00e4tzte Lesezeit":"6\u00a0Minuten"},"schema":{"@context":"https:\/\/schema.org","@graph":[{"@type":"Article","@id":"https:\/\/www.pressenza.com\/de\/2022\/04\/krieg-knappe-duengemittel-befeuern-den-raubbau-am-amazonas\/#article","isPartOf":{"@id":"https:\/\/www.pressenza.com\/de\/2022\/04\/krieg-knappe-duengemittel-befeuern-den-raubbau-am-amazonas\/"},"author":{"name":"INFOsperber","@id":"https:\/\/www.pressenza.com\/de\/#\/schema\/person\/77735f6583e3041b31ebc7b93a284357"},"headline":"Krieg: Knappe D\u00fcngemittel befeuern den Raubbau am Amazonas","datePublished":"2022-04-06T14:19:51+00:00","mainEntityOfPage":{"@id":"https:\/\/www.pressenza.com\/de\/2022\/04\/krieg-knappe-duengemittel-befeuern-den-raubbau-am-amazonas\/"},"wordCount":1101,"publisher":{"@id":"https:\/\/www.pressenza.com\/de\/#organization"},"image":{"@id":"https:\/\/www.pressenza.com\/de\/2022\/04\/krieg-knappe-duengemittel-befeuern-den-raubbau-am-amazonas\/#primaryimage"},"thumbnailUrl":"https:\/\/www.pressenza.com\/wp-content\/uploads\/2022\/04\/Sojafelder-in-Brasilien-1024x565-1.png","keywords":["Amazonas","Rohstoffabbau","soja"],"articleSection":["\u00d6kologie und Umwelt","Politik"],"inLanguage":"de"},{"@type":"WebPage","@id":"https:\/\/www.pressenza.com\/de\/2022\/04\/krieg-knappe-duengemittel-befeuern-den-raubbau-am-amazonas\/","url":"https:\/\/www.pressenza.com\/de\/2022\/04\/krieg-knappe-duengemittel-befeuern-den-raubbau-am-amazonas\/","name":"Krieg: Knappe D\u00fcngemittel befeuern den Raubbau am Amazonas","isPartOf":{"@id":"https:\/\/www.pressenza.com\/de\/#website"},"primaryImageOfPage":{"@id":"https:\/\/www.pressenza.com\/de\/2022\/04\/krieg-knappe-duengemittel-befeuern-den-raubbau-am-amazonas\/#primaryimage"},"image":{"@id":"https:\/\/www.pressenza.com\/de\/2022\/04\/krieg-knappe-duengemittel-befeuern-den-raubbau-am-amazonas\/#primaryimage"},"thumbnailUrl":"https:\/\/www.pressenza.com\/wp-content\/uploads\/2022\/04\/Sojafelder-in-Brasilien-1024x565-1.png","datePublished":"2022-04-06T14:19:51+00:00","description":"Der Amazonas n\u00e4hert sich seinem Kipppunkt. Trotzdem treibt der brasilianische Pr\u00e4sident den Rohstoffabbau immer weiter voran. Susanne Aigner f\u00fcr die","breadcrumb":{"@id":"https:\/\/www.pressenza.com\/de\/2022\/04\/krieg-knappe-duengemittel-befeuern-den-raubbau-am-amazonas\/#breadcrumb"},"inLanguage":"de","potentialAction":[{"@type":"ReadAction","target":["https:\/\/www.pressenza.com\/de\/2022\/04\/krieg-knappe-duengemittel-befeuern-den-raubbau-am-amazonas\/"]}]},{"@type":"ImageObject","inLanguage":"de","@id":"https:\/\/www.pressenza.com\/de\/2022\/04\/krieg-knappe-duengemittel-befeuern-den-raubbau-am-amazonas\/#primaryimage","url":"https:\/\/www.pressenza.com\/wp-content\/uploads\/2022\/04\/Sojafelder-in-Brasilien-1024x565-1.png","contentUrl":"https:\/\/www.pressenza.com\/wp-content\/uploads\/2022\/04\/Sojafelder-in-Brasilien-1024x565-1.png","width":1024,"height":565},{"@type":"BreadcrumbList","@id":"https:\/\/www.pressenza.com\/de\/2022\/04\/krieg-knappe-duengemittel-befeuern-den-raubbau-am-amazonas\/#breadcrumb","itemListElement":[{"@type":"ListItem","position":1,"name":"Accueil","item":"https:\/\/www.pressenza.com\/de\/"},{"@type":"ListItem","position":2,"name":"Krieg: Knappe D\u00fcngemittel befeuern den Raubbau am Amazonas"}]},{"@type":"WebSite","@id":"https:\/\/www.pressenza.com\/de\/#website","url":"https:\/\/www.pressenza.com\/de\/","name":"Pressenza","description":"International Press Agency","publisher":{"@id":"https:\/\/www.pressenza.com\/de\/#organization"},"potentialAction":[{"@type":"SearchAction","target":{"@type":"EntryPoint","urlTemplate":"https:\/\/www.pressenza.com\/de\/?s={search_term_string}"},"query-input":{"@type":"PropertyValueSpecification","valueRequired":true,"valueName":"search_term_string"}}],"inLanguage":"de"},{"@type":"Organization","@id":"https:\/\/www.pressenza.com\/de\/#organization","name":"Pressenza","url":"https:\/\/www.pressenza.com\/de\/","logo":{"@type":"ImageObject","inLanguage":"de","@id":"https:\/\/www.pressenza.com\/de\/#\/schema\/logo\/image\/","url":"https:\/\/www.pressenza.com\/wp-content\/uploads\/2022\/10\/pressenza_logo_200x200.jpg","contentUrl":"https:\/\/www.pressenza.com\/wp-content\/uploads\/2022\/10\/pressenza_logo_200x200.jpg","width":200,"height":200,"caption":"Pressenza"},"image":{"@id":"https:\/\/www.pressenza.com\/de\/#\/schema\/logo\/image\/"},"sameAs":["https:\/\/www.facebook.com\/PressenzaItalia","https:\/\/x.com\/PressenzaIPA"]},{"@type":"Person","@id":"https:\/\/www.pressenza.com\/de\/#\/schema\/person\/77735f6583e3041b31ebc7b93a284357","name":"INFOsperber","description":"Infosperber.ch - sieht, was andere \u00fcbersehen Die Schweizer Internet-Zeitung richtet sich an Entscheidungstr\u00e4ger in Gesellschaft, Wirtschaft und Politik sowie alle, die erg\u00e4nzende Informationen zu den grossen Medien suchen. Infosperber will die grossen Informations-Medien nicht konkurrenzieren, sondern diese erg\u00e4nzen. \u00a9 Das Weiterverbreiten s\u00e4mtlicher auf dem gemeinn\u00fctzigen Portal www.infosperber.ch enthaltenen Texte ist ohne Kostenfolge erlaubt, sofern die Texte integral ohne K\u00fcrzung und mit Quellenangaben (Autor und \u00abInfosperber\u00bb) verbreitet werden. Bei einer Online-Nutzung ist die Quellenangabe m\u00f6glichst schon am Anfang des Artikels mit einem Link auf infosperber.ch zu versehen. F\u00fcr das Verbreiten von gek\u00fcrzten oder abge\u00e4nderten Texten ist das schriftliche Einverst\u00e4ndnis der AutorInnen erforderlich.","sameAs":["https:\/\/www.infosperber.ch\/"],"url":"https:\/\/www.pressenza.com\/de\/author\/infosperber\/"}]}},"place":"","original_article_url":"","_links":{"self":[{"href":"https:\/\/www.pressenza.com\/de\/wp-json\/wp\/v2\/posts\/1558425","targetHints":{"allow":["GET"]}}],"collection":[{"href":"https:\/\/www.pressenza.com\/de\/wp-json\/wp\/v2\/posts"}],"about":[{"href":"https:\/\/www.pressenza.com\/de\/wp-json\/wp\/v2\/types\/post"}],"author":[{"embeddable":true,"href":"https:\/\/www.pressenza.com\/de\/wp-json\/wp\/v2\/users\/1855"}],"replies":[{"embeddable":true,"href":"https:\/\/www.pressenza.com\/de\/wp-json\/wp\/v2\/comments?post=1558425"}],"version-history":[{"count":0,"href":"https:\/\/www.pressenza.com\/de\/wp-json\/wp\/v2\/posts\/1558425\/revisions"}],"wp:featuredmedia":[{"embeddable":true,"href":"https:\/\/www.pressenza.com\/de\/wp-json\/wp\/v2\/media\/1558426"}],"wp:attachment":[{"href":"https:\/\/www.pressenza.com\/de\/wp-json\/wp\/v2\/media?parent=1558425"}],"wp:term":[{"taxonomy":"category","embeddable":true,"href":"https:\/\/www.pressenza.com\/de\/wp-json\/wp\/v2\/categories?post=1558425"},{"taxonomy":"post_tag","embeddable":true,"href":"https:\/\/www.pressenza.com\/de\/wp-json\/wp\/v2\/tags?post=1558425"}],"curies":[{"name":"wp","href":"https:\/\/api.w.org\/{rel}","templated":true}]}}