{"id":1548337,"date":"2022-03-20T13:13:57","date_gmt":"2022-03-20T13:13:57","guid":{"rendered":"https:\/\/www.pressenza.com\/?p=1548337"},"modified":"2022-03-20T13:13:57","modified_gmt":"2022-03-20T13:13:57","slug":"krieg-oder-frieden","status":"publish","type":"post","link":"https:\/\/www.pressenza.com\/de\/2022\/03\/krieg-oder-frieden\/","title":{"rendered":"Krieg oder Frieden?"},"content":{"rendered":"<p><strong>Wir bedauern die milit\u00e4rische Aggression Russlands in der Ukraine, sind uns aber auch der vielf\u00e4ltigen wirtschaftlichen und politischen Interessen bewusst, die den Weg f\u00fcr den Konflikt geebnet haben und ihn weiter vorantreiben.<\/strong><\/p>\n<p>Unsere Priorit\u00e4t ist es, den Krieg zu beenden, Menschenleben zu retten und eine wirtschaftliche Katastrophe abzuwenden, deren Preis unweigerlich die \u00c4rmsten und Schw\u00e4chsten zahlen werden.<\/p>\n<p>Wir wollen Frieden. Und Frieden erreicht man durch Dialog und Verhandlungen, nicht durch das Anheizen eines Konflikts mit Munitions- und Truppenlieferungen. Das menschliche Leben hat den h\u00f6chsten Wert, und es gibt keinen geopolitischen oder wirtschaftlichen Grund, keinen angeblichen Krieg f\u00fcr die Freiheit, der \u00fcber den Menschen gestellt werden kann.<\/p>\n<p>Um die ukrainische Bev\u00f6lkerung wirklich vor einer Katastrophe zu bewahren, m\u00fcssen die Waffen niedergelegt werden. Aus diesem Grund verurteilen wir die R\u00fccksichtslosigkeit all jener Institutionen, die den Konflikt durch Waffenlieferungen an die Ukraine anheizen: Europ\u00e4ische Regierungen, das Vereinigte K\u00f6nigreich, die Regierung der Vereinigten Staaten, die Europ\u00e4ische Union&#8230;<\/p>\n<p>Wir appellieren an die Vereinten Nationen, ihre Rolle mit \u00dcberzeugung wahrzunehmen, um den Frieden und die globale Sicherheit zu wahren.<\/p>\n<p>Wir bitten alle Regierungen inst\u00e4ndig, diesen Krieg nicht mit Geld, Soldat:innen oder Waffen zu unterst\u00fctzen, da er dadurch nur noch blutiger und langwieriger wird, was zu noch mehr Tod und Leid f\u00fchren wird. Wir fordern nachdr\u00fccklich, dass nirgendwo auf der Welt Sanktionen verh\u00e4ngt werden, die das Leben der Menschen verschlechtern k\u00f6nnten.<\/p>\n<p>Wir appellieren an die Europ\u00e4ische Union, den Frieden zu st\u00e4rken &#8211; ein Ziel, das in den R\u00f6mischen Vertr\u00e4gen festgeschrieben ist &#8211; und in diesem Konflikt eine neutrale Partei zu sein. Wir fordern sie auf, durch diplomatische Vermittlung und Gespr\u00e4che die Forderungen und Anliegen beider Seiten zu ber\u00fccksichtigen, um eine Einigung zu erzielen, die den Feindseligkeiten ein Ende setzen k\u00f6nnte.<\/p>\n<p>Die Gefahr eines Atomkriegs droht uns allen. Er k\u00f6nnte sogar durch einen Unfall ausgel\u00f6st werden. Aus diesem Grund fordern wir alle Regierungen auf, den Vertrag \u00fcber das Verbot von Atomwaffen, der am 22. Januar 2021 in Kraft getreten ist, unverz\u00fcglich zu unterzeichnen.<\/p>\n<p><strong>Atomwaffen m\u00fcssen jetzt au\u00dfer Kraft gesetzt werden, bevor es zu sp\u00e4t ist.<\/strong><\/p>\n<p>Wir sind ver\u00e4rgert \u00fcber all jene F\u00fchrer:innen, die es trotz ihrer betr\u00e4chtlichen wirtschaftlichen und technologischen Ressourcen nicht schaffen, eine gerechte und wirklich menschliche Gesellschaft zu schaffen.<\/p>\n<p>Wir wollen uns nicht zum Erf\u00fcllungsgehilfen eines solchen Leichtsinns machen.<\/p>\n<p><strong>\u00dcbernehmen wir die Verantwortung f\u00fcr unsere Zukunft und appellieren wir an unsere h\u00f6chsten Ziele, mit denen die Herzen aller Menschen verbunden sind, um diesen zerst\u00f6rerischen Lauf der Dinge zu \u00e4ndern.<\/strong><\/p>\n<p>Wir werden alle gewaltfreien Formen des Protests nutzen, um dieses Ziel zu erreichen. Krieg ist eine Katastrophe, lasst uns Frieden schaffen.<\/p>\n<p><strong><a href=\"http:\/\/www.europeforpeace.eu\/\" target=\"_blank\" rel=\"noopener\">www.europeforpeace.eu<\/a><\/strong><\/p>\n<p><strong><em>Die \u00dcbersetzung aus dem Englischen wurde von Anita K\u00f6bler <\/em><em>vom ehrenamtlichen Pressenza-\u00dcbersetzungsteam erstellt. <a href=\"https:\/\/www.pressenza.com\/de\/mitarbeiten\/\" target=\"_blank\" rel=\"noopener\">Wir suchen Freiwillige!<\/a><\/em><\/strong><\/p>\n","protected":false},"excerpt":{"rendered":"<p>Wir bedauern die milit\u00e4rische Aggression Russlands in der Ukraine, sind uns aber auch der vielf\u00e4ltigen wirtschaftlichen und politischen Interessen bewusst, die den Weg f\u00fcr den Konflikt geebnet haben und ihn weiter vorantreiben. Unsere Priorit\u00e4t ist es, den Krieg zu beenden,&hellip;<\/p>\n","protected":false},"author":2102,"featured_media":1540863,"comment_status":"closed","ping_status":"closed","sticky":false,"template":"","format":"standard","meta":{"footnotes":""},"categories":[9150,9167,9166,11387],"tags":[9481,9262,11826,15357,9293,9767],"class_list":["post-1548337","post","type-post","status-publish","format-standard","has-post-thumbnail","hentry","category-europa-de","category-frieden-und-abruestung","category-gewaltfreiheit","category-originalinhalt","tag-eu-de","tag-frieden","tag-nato-de","tag-russland","tag-ukraine-de","tag-usa-de"],"yoast_head":"<!-- This site is optimized with the Yoast SEO plugin v27.1.1 - https:\/\/yoast.com\/product\/yoast-seo-wordpress\/ -->\n<title>Krieg oder Frieden?<\/title>\n<meta name=\"description\" content=\"Wir bedauern die milit\u00e4rische Aggression Russlands in der Ukraine, sind uns aber auch der vielf\u00e4ltigen wirtschaftlichen und politischen Interessen\" \/>\n<meta name=\"robots\" content=\"index, follow, max-snippet:-1, max-image-preview:large, max-video-preview:-1\" \/>\n<link rel=\"canonical\" href=\"https:\/\/www.pressenza.com\/de\/2022\/03\/krieg-oder-frieden\/\" \/>\n<meta property=\"og:locale\" content=\"de_DE\" \/>\n<meta property=\"og:type\" content=\"article\" \/>\n<meta property=\"og:title\" content=\"Krieg oder Frieden?\" \/>\n<meta property=\"og:description\" content=\"Wir bedauern die milit\u00e4rische Aggression Russlands in der Ukraine, sind uns aber auch der vielf\u00e4ltigen wirtschaftlichen und politischen Interessen\" \/>\n<meta property=\"og:url\" content=\"https:\/\/www.pressenza.com\/de\/2022\/03\/krieg-oder-frieden\/\" \/>\n<meta property=\"og:site_name\" content=\"Pressenza\" \/>\n<meta property=\"article:publisher\" content=\"https:\/\/www.facebook.com\/PressenzaItalia\" \/>\n<meta property=\"article:published_time\" content=\"2022-03-20T13:13:57+00:00\" \/>\n<meta property=\"og:image\" content=\"https:\/\/www.pressenza.com\/wp-content\/uploads\/2022\/03\/War-is-disaster.jpg\" \/>\n\t<meta property=\"og:image:width\" content=\"1920\" \/>\n\t<meta property=\"og:image:height\" content=\"1120\" \/>\n\t<meta property=\"og:image:type\" content=\"image\/jpeg\" \/>\n<meta name=\"author\" content=\"Europe for Peace\" \/>\n<meta name=\"twitter:card\" content=\"summary_large_image\" \/>\n<meta name=\"twitter:creator\" content=\"@PressenzaIPA\" \/>\n<meta name=\"twitter:site\" content=\"@PressenzaIPA\" \/>\n<meta name=\"twitter:label1\" content=\"Verfasst von\" \/>\n\t<meta name=\"twitter:data1\" content=\"Europe for Peace\" \/>\n\t<meta name=\"twitter:label2\" content=\"Gesch\u00e4tzte Lesezeit\" \/>\n\t<meta name=\"twitter:data2\" content=\"2\u00a0Minuten\" \/>\n<script type=\"application\/ld+json\" class=\"yoast-schema-graph\">{\"@context\":\"https:\/\/schema.org\",\"@graph\":[{\"@type\":\"Article\",\"@id\":\"https:\/\/www.pressenza.com\/de\/2022\/03\/krieg-oder-frieden\/#article\",\"isPartOf\":{\"@id\":\"https:\/\/www.pressenza.com\/de\/2022\/03\/krieg-oder-frieden\/\"},\"author\":{\"name\":\"Europe for Peace\",\"@id\":\"https:\/\/www.pressenza.com\/de\/#\/schema\/person\/69b9bf000cb278ca2d4ea401137ed0ce\"},\"headline\":\"Krieg oder Frieden?\",\"datePublished\":\"2022-03-20T13:13:57+00:00\",\"mainEntityOfPage\":{\"@id\":\"https:\/\/www.pressenza.com\/de\/2022\/03\/krieg-oder-frieden\/\"},\"wordCount\":487,\"publisher\":{\"@id\":\"https:\/\/www.pressenza.com\/de\/#organization\"},\"image\":{\"@id\":\"https:\/\/www.pressenza.com\/de\/2022\/03\/krieg-oder-frieden\/#primaryimage\"},\"thumbnailUrl\":\"https:\/\/www.pressenza.com\/wp-content\/uploads\/2022\/03\/War-is-disaster.jpg\",\"keywords\":[\"EU\",\"Frieden\",\"NATO\",\"Russland\",\"Ukraine\",\"USA\"],\"articleSection\":[\"Europa\",\"Frieden und Abr\u00fcstung\",\"Gewaltfreiheit\",\"Originalinhalt\"],\"inLanguage\":\"de\"},{\"@type\":\"WebPage\",\"@id\":\"https:\/\/www.pressenza.com\/de\/2022\/03\/krieg-oder-frieden\/\",\"url\":\"https:\/\/www.pressenza.com\/de\/2022\/03\/krieg-oder-frieden\/\",\"name\":\"Krieg oder Frieden?\",\"isPartOf\":{\"@id\":\"https:\/\/www.pressenza.com\/de\/#website\"},\"primaryImageOfPage\":{\"@id\":\"https:\/\/www.pressenza.com\/de\/2022\/03\/krieg-oder-frieden\/#primaryimage\"},\"image\":{\"@id\":\"https:\/\/www.pressenza.com\/de\/2022\/03\/krieg-oder-frieden\/#primaryimage\"},\"thumbnailUrl\":\"https:\/\/www.pressenza.com\/wp-content\/uploads\/2022\/03\/War-is-disaster.jpg\",\"datePublished\":\"2022-03-20T13:13:57+00:00\",\"description\":\"Wir bedauern die milit\u00e4rische Aggression Russlands in der Ukraine, sind uns aber auch der vielf\u00e4ltigen wirtschaftlichen und politischen Interessen\",\"breadcrumb\":{\"@id\":\"https:\/\/www.pressenza.com\/de\/2022\/03\/krieg-oder-frieden\/#breadcrumb\"},\"inLanguage\":\"de\",\"potentialAction\":[{\"@type\":\"ReadAction\",\"target\":[\"https:\/\/www.pressenza.com\/de\/2022\/03\/krieg-oder-frieden\/\"]}]},{\"@type\":\"ImageObject\",\"inLanguage\":\"de\",\"@id\":\"https:\/\/www.pressenza.com\/de\/2022\/03\/krieg-oder-frieden\/#primaryimage\",\"url\":\"https:\/\/www.pressenza.com\/wp-content\/uploads\/2022\/03\/War-is-disaster.jpg\",\"contentUrl\":\"https:\/\/www.pressenza.com\/wp-content\/uploads\/2022\/03\/War-is-disaster.jpg\",\"width\":1920,\"height\":1120},{\"@type\":\"BreadcrumbList\",\"@id\":\"https:\/\/www.pressenza.com\/de\/2022\/03\/krieg-oder-frieden\/#breadcrumb\",\"itemListElement\":[{\"@type\":\"ListItem\",\"position\":1,\"name\":\"Accueil\",\"item\":\"https:\/\/www.pressenza.com\/de\/\"},{\"@type\":\"ListItem\",\"position\":2,\"name\":\"Krieg oder Frieden?\"}]},{\"@type\":\"WebSite\",\"@id\":\"https:\/\/www.pressenza.com\/de\/#website\",\"url\":\"https:\/\/www.pressenza.com\/de\/\",\"name\":\"Pressenza\",\"description\":\"International Press Agency\",\"publisher\":{\"@id\":\"https:\/\/www.pressenza.com\/de\/#organization\"},\"potentialAction\":[{\"@type\":\"SearchAction\",\"target\":{\"@type\":\"EntryPoint\",\"urlTemplate\":\"https:\/\/www.pressenza.com\/de\/?s={search_term_string}\"},\"query-input\":{\"@type\":\"PropertyValueSpecification\",\"valueRequired\":true,\"valueName\":\"search_term_string\"}}],\"inLanguage\":\"de\"},{\"@type\":\"Organization\",\"@id\":\"https:\/\/www.pressenza.com\/de\/#organization\",\"name\":\"Pressenza\",\"url\":\"https:\/\/www.pressenza.com\/de\/\",\"logo\":{\"@type\":\"ImageObject\",\"inLanguage\":\"de\",\"@id\":\"https:\/\/www.pressenza.com\/de\/#\/schema\/logo\/image\/\",\"url\":\"https:\/\/www.pressenza.com\/wp-content\/uploads\/2022\/10\/pressenza_logo_200x200.jpg\",\"contentUrl\":\"https:\/\/www.pressenza.com\/wp-content\/uploads\/2022\/10\/pressenza_logo_200x200.jpg\",\"width\":200,\"height\":200,\"caption\":\"Pressenza\"},\"image\":{\"@id\":\"https:\/\/www.pressenza.com\/de\/#\/schema\/logo\/image\/\"},\"sameAs\":[\"https:\/\/www.facebook.com\/PressenzaItalia\",\"https:\/\/x.com\/PressenzaIPA\"]},{\"@type\":\"Person\",\"@id\":\"https:\/\/www.pressenza.com\/de\/#\/schema\/person\/69b9bf000cb278ca2d4ea401137ed0ce\",\"name\":\"Europe for Peace\",\"description\":\"The idea of carrying out this campaign arose in Lisbon, in the European Humanist Forum of November 2006 in the working group of Peace and Nonviolence. Different organizations participated and different opinions converged very clearly on one issue: violence in the world, the return of the nuclear arms race, the danger of a nuclear catastrophe and the need to urgently change the course of events. The words of Gandhi, M. L. King and Silo resounded in our minds on the importance of having faith in life and on the great force that nonviolence is. We were inspired by these examples. The declaration was officially presented in Prague on February 22, 2007 during a conference organized by Humanist movement. The declaration is the fruit of the labor of several people and organizations and tries to synthesize common opinions and concentrate on the issue of nuclear weapons. This campaign is open to all, and everyone can give their contribution to develop it. www.europeforpeace.eu\",\"url\":\"https:\/\/www.pressenza.com\/de\/author\/europa-per-la-pace\/\"}]}<\/script>\n<!-- \/ Yoast SEO plugin. -->","yoast_head_json":{"title":"Krieg oder Frieden?","description":"Wir bedauern die milit\u00e4rische Aggression Russlands in der Ukraine, sind uns aber auch der vielf\u00e4ltigen wirtschaftlichen und politischen Interessen","robots":{"index":"index","follow":"follow","max-snippet":"max-snippet:-1","max-image-preview":"max-image-preview:large","max-video-preview":"max-video-preview:-1"},"canonical":"https:\/\/www.pressenza.com\/de\/2022\/03\/krieg-oder-frieden\/","og_locale":"de_DE","og_type":"article","og_title":"Krieg oder Frieden?","og_description":"Wir bedauern die milit\u00e4rische Aggression Russlands in der Ukraine, sind uns aber auch der vielf\u00e4ltigen wirtschaftlichen und politischen Interessen","og_url":"https:\/\/www.pressenza.com\/de\/2022\/03\/krieg-oder-frieden\/","og_site_name":"Pressenza","article_publisher":"https:\/\/www.facebook.com\/PressenzaItalia","article_published_time":"2022-03-20T13:13:57+00:00","og_image":[{"width":1920,"height":1120,"url":"https:\/\/www.pressenza.com\/wp-content\/uploads\/2022\/03\/War-is-disaster.jpg","type":"image\/jpeg"}],"author":"Europe for Peace","twitter_card":"summary_large_image","twitter_creator":"@PressenzaIPA","twitter_site":"@PressenzaIPA","twitter_misc":{"Verfasst von":"Europe for Peace","Gesch\u00e4tzte Lesezeit":"2\u00a0Minuten"},"schema":{"@context":"https:\/\/schema.org","@graph":[{"@type":"Article","@id":"https:\/\/www.pressenza.com\/de\/2022\/03\/krieg-oder-frieden\/#article","isPartOf":{"@id":"https:\/\/www.pressenza.com\/de\/2022\/03\/krieg-oder-frieden\/"},"author":{"name":"Europe for Peace","@id":"https:\/\/www.pressenza.com\/de\/#\/schema\/person\/69b9bf000cb278ca2d4ea401137ed0ce"},"headline":"Krieg oder Frieden?","datePublished":"2022-03-20T13:13:57+00:00","mainEntityOfPage":{"@id":"https:\/\/www.pressenza.com\/de\/2022\/03\/krieg-oder-frieden\/"},"wordCount":487,"publisher":{"@id":"https:\/\/www.pressenza.com\/de\/#organization"},"image":{"@id":"https:\/\/www.pressenza.com\/de\/2022\/03\/krieg-oder-frieden\/#primaryimage"},"thumbnailUrl":"https:\/\/www.pressenza.com\/wp-content\/uploads\/2022\/03\/War-is-disaster.jpg","keywords":["EU","Frieden","NATO","Russland","Ukraine","USA"],"articleSection":["Europa","Frieden und Abr\u00fcstung","Gewaltfreiheit","Originalinhalt"],"inLanguage":"de"},{"@type":"WebPage","@id":"https:\/\/www.pressenza.com\/de\/2022\/03\/krieg-oder-frieden\/","url":"https:\/\/www.pressenza.com\/de\/2022\/03\/krieg-oder-frieden\/","name":"Krieg oder Frieden?","isPartOf":{"@id":"https:\/\/www.pressenza.com\/de\/#website"},"primaryImageOfPage":{"@id":"https:\/\/www.pressenza.com\/de\/2022\/03\/krieg-oder-frieden\/#primaryimage"},"image":{"@id":"https:\/\/www.pressenza.com\/de\/2022\/03\/krieg-oder-frieden\/#primaryimage"},"thumbnailUrl":"https:\/\/www.pressenza.com\/wp-content\/uploads\/2022\/03\/War-is-disaster.jpg","datePublished":"2022-03-20T13:13:57+00:00","description":"Wir bedauern die milit\u00e4rische Aggression Russlands in der Ukraine, sind uns aber auch der vielf\u00e4ltigen wirtschaftlichen und politischen Interessen","breadcrumb":{"@id":"https:\/\/www.pressenza.com\/de\/2022\/03\/krieg-oder-frieden\/#breadcrumb"},"inLanguage":"de","potentialAction":[{"@type":"ReadAction","target":["https:\/\/www.pressenza.com\/de\/2022\/03\/krieg-oder-frieden\/"]}]},{"@type":"ImageObject","inLanguage":"de","@id":"https:\/\/www.pressenza.com\/de\/2022\/03\/krieg-oder-frieden\/#primaryimage","url":"https:\/\/www.pressenza.com\/wp-content\/uploads\/2022\/03\/War-is-disaster.jpg","contentUrl":"https:\/\/www.pressenza.com\/wp-content\/uploads\/2022\/03\/War-is-disaster.jpg","width":1920,"height":1120},{"@type":"BreadcrumbList","@id":"https:\/\/www.pressenza.com\/de\/2022\/03\/krieg-oder-frieden\/#breadcrumb","itemListElement":[{"@type":"ListItem","position":1,"name":"Accueil","item":"https:\/\/www.pressenza.com\/de\/"},{"@type":"ListItem","position":2,"name":"Krieg oder Frieden?"}]},{"@type":"WebSite","@id":"https:\/\/www.pressenza.com\/de\/#website","url":"https:\/\/www.pressenza.com\/de\/","name":"Pressenza","description":"International Press Agency","publisher":{"@id":"https:\/\/www.pressenza.com\/de\/#organization"},"potentialAction":[{"@type":"SearchAction","target":{"@type":"EntryPoint","urlTemplate":"https:\/\/www.pressenza.com\/de\/?s={search_term_string}"},"query-input":{"@type":"PropertyValueSpecification","valueRequired":true,"valueName":"search_term_string"}}],"inLanguage":"de"},{"@type":"Organization","@id":"https:\/\/www.pressenza.com\/de\/#organization","name":"Pressenza","url":"https:\/\/www.pressenza.com\/de\/","logo":{"@type":"ImageObject","inLanguage":"de","@id":"https:\/\/www.pressenza.com\/de\/#\/schema\/logo\/image\/","url":"https:\/\/www.pressenza.com\/wp-content\/uploads\/2022\/10\/pressenza_logo_200x200.jpg","contentUrl":"https:\/\/www.pressenza.com\/wp-content\/uploads\/2022\/10\/pressenza_logo_200x200.jpg","width":200,"height":200,"caption":"Pressenza"},"image":{"@id":"https:\/\/www.pressenza.com\/de\/#\/schema\/logo\/image\/"},"sameAs":["https:\/\/www.facebook.com\/PressenzaItalia","https:\/\/x.com\/PressenzaIPA"]},{"@type":"Person","@id":"https:\/\/www.pressenza.com\/de\/#\/schema\/person\/69b9bf000cb278ca2d4ea401137ed0ce","name":"Europe for Peace","description":"The idea of carrying out this campaign arose in Lisbon, in the European Humanist Forum of November 2006 in the working group of Peace and Nonviolence. Different organizations participated and different opinions converged very clearly on one issue: violence in the world, the return of the nuclear arms race, the danger of a nuclear catastrophe and the need to urgently change the course of events. The words of Gandhi, M. L. King and Silo resounded in our minds on the importance of having faith in life and on the great force that nonviolence is. We were inspired by these examples. The declaration was officially presented in Prague on February 22, 2007 during a conference organized by Humanist movement. The declaration is the fruit of the labor of several people and organizations and tries to synthesize common opinions and concentrate on the issue of nuclear weapons. This campaign is open to all, and everyone can give their contribution to develop it. www.europeforpeace.eu","url":"https:\/\/www.pressenza.com\/de\/author\/europa-per-la-pace\/"}]}},"place":"","original_article_url":"","_links":{"self":[{"href":"https:\/\/www.pressenza.com\/de\/wp-json\/wp\/v2\/posts\/1548337","targetHints":{"allow":["GET"]}}],"collection":[{"href":"https:\/\/www.pressenza.com\/de\/wp-json\/wp\/v2\/posts"}],"about":[{"href":"https:\/\/www.pressenza.com\/de\/wp-json\/wp\/v2\/types\/post"}],"author":[{"embeddable":true,"href":"https:\/\/www.pressenza.com\/de\/wp-json\/wp\/v2\/users\/2102"}],"replies":[{"embeddable":true,"href":"https:\/\/www.pressenza.com\/de\/wp-json\/wp\/v2\/comments?post=1548337"}],"version-history":[{"count":0,"href":"https:\/\/www.pressenza.com\/de\/wp-json\/wp\/v2\/posts\/1548337\/revisions"}],"wp:featuredmedia":[{"embeddable":true,"href":"https:\/\/www.pressenza.com\/de\/wp-json\/wp\/v2\/media\/1540863"}],"wp:attachment":[{"href":"https:\/\/www.pressenza.com\/de\/wp-json\/wp\/v2\/media?parent=1548337"}],"wp:term":[{"taxonomy":"category","embeddable":true,"href":"https:\/\/www.pressenza.com\/de\/wp-json\/wp\/v2\/categories?post=1548337"},{"taxonomy":"post_tag","embeddable":true,"href":"https:\/\/www.pressenza.com\/de\/wp-json\/wp\/v2\/tags?post=1548337"}],"curies":[{"name":"wp","href":"https:\/\/api.w.org\/{rel}","templated":true}]}}