{"id":1545300,"date":"2022-03-17T14:44:15","date_gmt":"2022-03-17T14:44:15","guid":{"rendered":"https:\/\/www.pressenza.com\/?p=1545300"},"modified":"2022-03-17T14:45:18","modified_gmt":"2022-03-17T14:45:18","slug":"europa-fuer-den-frieden-initiativen-gegen-den-krieg","status":"publish","type":"post","link":"https:\/\/www.pressenza.com\/de\/2022\/03\/europa-fuer-den-frieden-initiativen-gegen-den-krieg\/","title":{"rendered":"Europa f\u00fcr den Frieden, Initiativen gegen den Krieg"},"content":{"rendered":"<p><strong>Europa f\u00fcr den Frieden ist eine Kampagne, die Initiativen gegen den Krieg in Europa f\u00f6rdert. Einzelpersonen und Organisationen, die sich ihr anschlie\u00dfen, bilden L\u00e4nder- und Stadtkoordinatoren und f\u00fchren gemeinsame Aktivit\u00e4ten durch.<\/strong><\/p>\n<h3><strong>Vorgeschlagene gemeinsame Aktivit\u00e4ten<\/strong><\/h3>\n<p>Organisation und Unterst\u00fctzung von Initiativen gegen den Krieg mit der Aufforderung, das Feuer nicht durch den Einsatz von Waffen und milit\u00e4rischen Mitteln zu sch\u00fcren, sondern den Konflikt durch Dialog und Verhandlungen zu l\u00f6sen.<\/p>\n<p><strong>M\u00f6gliche Initiativen:<\/strong> Demonstrationen; Zeichen f\u00fcr Frieden und Gewaltlosigkeit; Menschenketten; Sitzstreiks vor symboltr\u00e4chtigen Orten (ukrainische, US-amerikanische, russische Botschaften) und Regierungsstellen; kulturelle und k\u00fcnstlerische Sensibilisierungsveranstaltungen; das Verfassen von Aufrufen und deren Verteilung in Bussen, in der U-Bahn und auf der Stra\u00dfe.<\/p>\n<p><strong>Eine Friedensflagge auf jedem Balkon<\/strong> in ganz Europa (mit Slogans wie: PEACE, Dialogue No Weapons). Machen Sie ein Foto von der Fahne und stellen Sie es in die sozialen Medien mit dem Hashtag #Europeforpeace.<\/p>\n<p><strong>Soziale Kampagne:<\/strong> Machen Sie ein Foto von sich mit einem Anti-Kriegs-Schild und posten Sie es in allen sozialen Netzwerken mit dem Hashtag #EuropeForPeace. F\u00fcgen Sie in jedem sozialen Beitrag den Hashtag #EuropeForPeace hinzu.<\/p>\n<p><strong>Information:<\/strong> Schreiben Sie Artikel \u00fcber den Konflikt, um andere Informationen als die Medienpropaganda zu liefern. Teilen Sie interessante Artikel, die bereits existieren.<\/p>\n<p>Vorschlag zur Durchf\u00fchrung: Studie \u00fcber die Finanzierer des Krieges.<\/p>\n<p><strong>Vernetzung:<\/strong> alle m\u00f6glichen Vereinigungen einbeziehen, indem wir sie bitten, sich unserer Kampagne anzuschlie\u00dfen, um gemeinsame Aktivit\u00e4ten zu unternehmen.<\/p>\n<p><strong>Beziehungen:<\/strong> Prominente, die sich unserer Kampagne anschlie\u00dfen (mit Videos, Erkl\u00e4rungen), Interviews, gegenseitige Unterst\u00fctzung von Gruppen oder Netzwerken von gleichgesinnten Journalisten.<\/p>\n<p><strong>Aufrufe und Meditationen<\/strong> auf der Stra\u00dfe und im Hauptquartier, um den Weltfrieden und die L\u00f6sung aller Konflikte zu fordern.<\/p>\n<h3><strong>Pressever\u00f6ffentlichungen<\/strong><\/h3>\n<p>Die Presseagentur Pressenza ist bereit, unsere Artikel zu ver\u00f6ffentlichen und ist ein Medienpartner der Kampagne.<\/p>\n<p><strong>Petitionen:<\/strong> m\u00fcssen noch geschrieben werden<\/p>\n<p>Petition an Ihre Regierung zum Beitritt zum Vertrag \u00fcber das Verbot von Atomwaffen<\/p>\n<p>Petition an das Europ\u00e4ische Parlament mit der Sammlung von 1 Million Unterschriften gegen die Lieferung von Waffen und milit\u00e4rischen Mitteln an die Ukraine und f\u00fcr die rasche Aufnahme von Verhandlungen.<\/p>\n<p>Brief an die Botschaften und Parlamentarier der beteiligten Regierungen.<\/p>\n<p>Bereits geplante Aktivit\u00e4ten: Madrider Gegengipfel zur NATO am 29.\/30.6. &#8211; Konferenz \u00fcber Empathie: Mediation und Konfliktl\u00f6sung &#8211; Buchfestival f\u00fcr Frieden und Gewaltlosigkeit vom 2. bis 5. Juni in Rom<\/p>\n<p><strong>Aktivit\u00e4ten, die wir anstreben:<\/strong> Organisation eines Generalstreiks &#8211; Aktionen des zivilen Ungehorsams.<\/p>\n<p><strong><a href=\"https:\/\/www.pressenza.com\/2022\/03\/war-or-peace\/\" target=\"_blank\" rel=\"noopener\">Erkl\u00e4rung<\/a> Europa f\u00fcr den Frieden<\/strong><\/p>\n<p><strong>Internet:<\/strong> <a href=\"http:\/\/www.europeforpeace.eu\/\" target=\"_blank\" rel=\"noopener\">www.europeforpeace.eu<\/a><br \/>\n<strong>Facebook:<\/strong> <a href=\"https:\/\/www.facebook.com\/EuropaPerLaPace\" target=\"_blank\" rel=\"noopener\">https:\/\/www.facebook.com\/EuropaPerLaPace<\/a> &#8211; <a href=\"https:\/\/www.facebook.com\/groups\/265764762388530\" target=\"_blank\" rel=\"noopener\">https:\/\/www.facebook.com\/groups\/265764762388530<\/a><\/p>\n<p><em><strong>Die \u00dcbersetzung aus dem Englischen wurde von Ren\u00e9e Krug vom ehrenamtlichen Pressenza-\u00dcbersetzungsteam erstellt. <a href=\"https:\/\/www.pressenza.com\/de\/mitarbeiten\/\" target=\"_blank\" rel=\"noopener\">Wir suchen Freiwillige!<\/a><\/strong><\/em><\/p>\n","protected":false},"excerpt":{"rendered":"<p>Europa f\u00fcr den Frieden ist eine Kampagne, die Initiativen gegen den Krieg in Europa f\u00f6rdert. Einzelpersonen und Organisationen, die sich ihr anschlie\u00dfen, bilden L\u00e4nder- und Stadtkoordinatoren und f\u00fchren gemeinsame Aktivit\u00e4ten durch. Vorgeschlagene gemeinsame Aktivit\u00e4ten Organisation und Unterst\u00fctzung von Initiativen gegen&hellip;<\/p>\n","protected":false},"author":2102,"featured_media":1542181,"comment_status":"closed","ping_status":"closed","sticky":false,"template":"","format":"standard","meta":{"footnotes":""},"categories":[9150,9167,11387,9145],"tags":[9481,99607,14815,99816,28798,11826,15357,9293],"class_list":["post-1545300","post","type-post","status-publish","format-standard","has-post-thumbnail","hentry","category-europa-de","category-frieden-und-abruestung","category-originalinhalt","category-pressemitteilungen","tag-eu-de","tag-europa-fuer-den-frieden","tag-europaische-union","tag-europeforpeace-de","tag-friedenspolitik","tag-nato-de","tag-russland","tag-ukraine-de"],"yoast_head":"<!-- This site is optimized with the Yoast SEO plugin v27.1.1 - https:\/\/yoast.com\/product\/yoast-seo-wordpress\/ -->\n<title>Europa f\u00fcr den Frieden, Initiativen gegen den Krieg<\/title>\n<meta name=\"description\" content=\"Europa f\u00fcr den Frieden ist eine Kampagne, die Initiativen gegen den Krieg in Europa f\u00f6rdert. Einzelpersonen und Organisationen, die sich ihr anschlie\u00dfen,\" \/>\n<meta name=\"robots\" content=\"index, follow, max-snippet:-1, max-image-preview:large, max-video-preview:-1\" \/>\n<link rel=\"canonical\" href=\"https:\/\/www.pressenza.com\/de\/2022\/03\/europa-fuer-den-frieden-initiativen-gegen-den-krieg\/\" \/>\n<meta property=\"og:locale\" content=\"de_DE\" \/>\n<meta property=\"og:type\" content=\"article\" \/>\n<meta property=\"og:title\" content=\"Europa f\u00fcr den Frieden, Initiativen gegen den Krieg\" \/>\n<meta property=\"og:description\" content=\"Europa f\u00fcr den Frieden ist eine Kampagne, die Initiativen gegen den Krieg in Europa f\u00f6rdert. Einzelpersonen und Organisationen, die sich ihr anschlie\u00dfen,\" \/>\n<meta property=\"og:url\" content=\"https:\/\/www.pressenza.com\/de\/2022\/03\/europa-fuer-den-frieden-initiativen-gegen-den-krieg\/\" \/>\n<meta property=\"og:site_name\" content=\"Pressenza\" \/>\n<meta property=\"article:publisher\" content=\"https:\/\/www.facebook.com\/PressenzaItalia\" \/>\n<meta property=\"article:published_time\" content=\"2022-03-17T14:44:15+00:00\" \/>\n<meta property=\"article:modified_time\" content=\"2022-03-17T14:45:18+00:00\" \/>\n<meta property=\"og:image\" content=\"https:\/\/www.pressenza.com\/wp-content\/uploads\/2022\/03\/War-is-disaster2.jpg\" \/>\n\t<meta property=\"og:image:width\" content=\"1920\" \/>\n\t<meta property=\"og:image:height\" content=\"1120\" \/>\n\t<meta property=\"og:image:type\" content=\"image\/jpeg\" \/>\n<meta name=\"author\" content=\"Europe for Peace\" \/>\n<meta name=\"twitter:card\" content=\"summary_large_image\" \/>\n<meta name=\"twitter:creator\" content=\"@PressenzaIPA\" \/>\n<meta name=\"twitter:site\" content=\"@PressenzaIPA\" \/>\n<meta name=\"twitter:label1\" content=\"Verfasst von\" \/>\n\t<meta name=\"twitter:data1\" content=\"Europe for Peace\" \/>\n\t<meta name=\"twitter:label2\" content=\"Gesch\u00e4tzte Lesezeit\" \/>\n\t<meta name=\"twitter:data2\" content=\"2\u00a0Minuten\" \/>\n<script type=\"application\/ld+json\" class=\"yoast-schema-graph\">{\"@context\":\"https:\/\/schema.org\",\"@graph\":[{\"@type\":\"Article\",\"@id\":\"https:\/\/www.pressenza.com\/de\/2022\/03\/europa-fuer-den-frieden-initiativen-gegen-den-krieg\/#article\",\"isPartOf\":{\"@id\":\"https:\/\/www.pressenza.com\/de\/2022\/03\/europa-fuer-den-frieden-initiativen-gegen-den-krieg\/\"},\"author\":{\"name\":\"Europe for Peace\",\"@id\":\"https:\/\/www.pressenza.com\/de\/#\/schema\/person\/69b9bf000cb278ca2d4ea401137ed0ce\"},\"headline\":\"Europa f\u00fcr den Frieden, Initiativen gegen den Krieg\",\"datePublished\":\"2022-03-17T14:44:15+00:00\",\"dateModified\":\"2022-03-17T14:45:18+00:00\",\"mainEntityOfPage\":{\"@id\":\"https:\/\/www.pressenza.com\/de\/2022\/03\/europa-fuer-den-frieden-initiativen-gegen-den-krieg\/\"},\"wordCount\":457,\"publisher\":{\"@id\":\"https:\/\/www.pressenza.com\/de\/#organization\"},\"image\":{\"@id\":\"https:\/\/www.pressenza.com\/de\/2022\/03\/europa-fuer-den-frieden-initiativen-gegen-den-krieg\/#primaryimage\"},\"thumbnailUrl\":\"https:\/\/www.pressenza.com\/wp-content\/uploads\/2022\/03\/War-is-disaster2.jpg\",\"keywords\":[\"EU\",\"Europa f\u00fcr den Frieden\",\"Europ\u00e4ische Union\",\"EuropeForPeace\",\"Friedenspolitik\",\"NATO\",\"Russland\",\"Ukraine\"],\"articleSection\":[\"Europa\",\"Frieden und Abr\u00fcstung\",\"Originalinhalt\",\"Pressemitteilungen\"],\"inLanguage\":\"de\"},{\"@type\":\"WebPage\",\"@id\":\"https:\/\/www.pressenza.com\/de\/2022\/03\/europa-fuer-den-frieden-initiativen-gegen-den-krieg\/\",\"url\":\"https:\/\/www.pressenza.com\/de\/2022\/03\/europa-fuer-den-frieden-initiativen-gegen-den-krieg\/\",\"name\":\"Europa f\u00fcr den Frieden, Initiativen gegen den Krieg\",\"isPartOf\":{\"@id\":\"https:\/\/www.pressenza.com\/de\/#website\"},\"primaryImageOfPage\":{\"@id\":\"https:\/\/www.pressenza.com\/de\/2022\/03\/europa-fuer-den-frieden-initiativen-gegen-den-krieg\/#primaryimage\"},\"image\":{\"@id\":\"https:\/\/www.pressenza.com\/de\/2022\/03\/europa-fuer-den-frieden-initiativen-gegen-den-krieg\/#primaryimage\"},\"thumbnailUrl\":\"https:\/\/www.pressenza.com\/wp-content\/uploads\/2022\/03\/War-is-disaster2.jpg\",\"datePublished\":\"2022-03-17T14:44:15+00:00\",\"dateModified\":\"2022-03-17T14:45:18+00:00\",\"description\":\"Europa f\u00fcr den Frieden ist eine Kampagne, die Initiativen gegen den Krieg in Europa f\u00f6rdert. Einzelpersonen und Organisationen, die sich ihr anschlie\u00dfen,\",\"breadcrumb\":{\"@id\":\"https:\/\/www.pressenza.com\/de\/2022\/03\/europa-fuer-den-frieden-initiativen-gegen-den-krieg\/#breadcrumb\"},\"inLanguage\":\"de\",\"potentialAction\":[{\"@type\":\"ReadAction\",\"target\":[\"https:\/\/www.pressenza.com\/de\/2022\/03\/europa-fuer-den-frieden-initiativen-gegen-den-krieg\/\"]}]},{\"@type\":\"ImageObject\",\"inLanguage\":\"de\",\"@id\":\"https:\/\/www.pressenza.com\/de\/2022\/03\/europa-fuer-den-frieden-initiativen-gegen-den-krieg\/#primaryimage\",\"url\":\"https:\/\/www.pressenza.com\/wp-content\/uploads\/2022\/03\/War-is-disaster2.jpg\",\"contentUrl\":\"https:\/\/www.pressenza.com\/wp-content\/uploads\/2022\/03\/War-is-disaster2.jpg\",\"width\":1920,\"height\":1120,\"caption\":\"Europa f\u00fcr den Frieden, Initiativen gegen den Krieg\"},{\"@type\":\"BreadcrumbList\",\"@id\":\"https:\/\/www.pressenza.com\/de\/2022\/03\/europa-fuer-den-frieden-initiativen-gegen-den-krieg\/#breadcrumb\",\"itemListElement\":[{\"@type\":\"ListItem\",\"position\":1,\"name\":\"Accueil\",\"item\":\"https:\/\/www.pressenza.com\/de\/\"},{\"@type\":\"ListItem\",\"position\":2,\"name\":\"Europa f\u00fcr den Frieden, Initiativen gegen den Krieg\"}]},{\"@type\":\"WebSite\",\"@id\":\"https:\/\/www.pressenza.com\/de\/#website\",\"url\":\"https:\/\/www.pressenza.com\/de\/\",\"name\":\"Pressenza\",\"description\":\"International Press Agency\",\"publisher\":{\"@id\":\"https:\/\/www.pressenza.com\/de\/#organization\"},\"potentialAction\":[{\"@type\":\"SearchAction\",\"target\":{\"@type\":\"EntryPoint\",\"urlTemplate\":\"https:\/\/www.pressenza.com\/de\/?s={search_term_string}\"},\"query-input\":{\"@type\":\"PropertyValueSpecification\",\"valueRequired\":true,\"valueName\":\"search_term_string\"}}],\"inLanguage\":\"de\"},{\"@type\":\"Organization\",\"@id\":\"https:\/\/www.pressenza.com\/de\/#organization\",\"name\":\"Pressenza\",\"url\":\"https:\/\/www.pressenza.com\/de\/\",\"logo\":{\"@type\":\"ImageObject\",\"inLanguage\":\"de\",\"@id\":\"https:\/\/www.pressenza.com\/de\/#\/schema\/logo\/image\/\",\"url\":\"https:\/\/www.pressenza.com\/wp-content\/uploads\/2022\/10\/pressenza_logo_200x200.jpg\",\"contentUrl\":\"https:\/\/www.pressenza.com\/wp-content\/uploads\/2022\/10\/pressenza_logo_200x200.jpg\",\"width\":200,\"height\":200,\"caption\":\"Pressenza\"},\"image\":{\"@id\":\"https:\/\/www.pressenza.com\/de\/#\/schema\/logo\/image\/\"},\"sameAs\":[\"https:\/\/www.facebook.com\/PressenzaItalia\",\"https:\/\/x.com\/PressenzaIPA\"]},{\"@type\":\"Person\",\"@id\":\"https:\/\/www.pressenza.com\/de\/#\/schema\/person\/69b9bf000cb278ca2d4ea401137ed0ce\",\"name\":\"Europe for Peace\",\"description\":\"The idea of carrying out this campaign arose in Lisbon, in the European Humanist Forum of November 2006 in the working group of Peace and Nonviolence. Different organizations participated and different opinions converged very clearly on one issue: violence in the world, the return of the nuclear arms race, the danger of a nuclear catastrophe and the need to urgently change the course of events. The words of Gandhi, M. L. King and Silo resounded in our minds on the importance of having faith in life and on the great force that nonviolence is. We were inspired by these examples. The declaration was officially presented in Prague on February 22, 2007 during a conference organized by Humanist movement. The declaration is the fruit of the labor of several people and organizations and tries to synthesize common opinions and concentrate on the issue of nuclear weapons. This campaign is open to all, and everyone can give their contribution to develop it. www.europeforpeace.eu\",\"url\":\"https:\/\/www.pressenza.com\/de\/author\/europa-per-la-pace\/\"}]}<\/script>\n<!-- \/ Yoast SEO plugin. -->","yoast_head_json":{"title":"Europa f\u00fcr den Frieden, Initiativen gegen den Krieg","description":"Europa f\u00fcr den Frieden ist eine Kampagne, die Initiativen gegen den Krieg in Europa f\u00f6rdert. Einzelpersonen und Organisationen, die sich ihr anschlie\u00dfen,","robots":{"index":"index","follow":"follow","max-snippet":"max-snippet:-1","max-image-preview":"max-image-preview:large","max-video-preview":"max-video-preview:-1"},"canonical":"https:\/\/www.pressenza.com\/de\/2022\/03\/europa-fuer-den-frieden-initiativen-gegen-den-krieg\/","og_locale":"de_DE","og_type":"article","og_title":"Europa f\u00fcr den Frieden, Initiativen gegen den Krieg","og_description":"Europa f\u00fcr den Frieden ist eine Kampagne, die Initiativen gegen den Krieg in Europa f\u00f6rdert. Einzelpersonen und Organisationen, die sich ihr anschlie\u00dfen,","og_url":"https:\/\/www.pressenza.com\/de\/2022\/03\/europa-fuer-den-frieden-initiativen-gegen-den-krieg\/","og_site_name":"Pressenza","article_publisher":"https:\/\/www.facebook.com\/PressenzaItalia","article_published_time":"2022-03-17T14:44:15+00:00","article_modified_time":"2022-03-17T14:45:18+00:00","og_image":[{"width":1920,"height":1120,"url":"https:\/\/www.pressenza.com\/wp-content\/uploads\/2022\/03\/War-is-disaster2.jpg","type":"image\/jpeg"}],"author":"Europe for Peace","twitter_card":"summary_large_image","twitter_creator":"@PressenzaIPA","twitter_site":"@PressenzaIPA","twitter_misc":{"Verfasst von":"Europe for Peace","Gesch\u00e4tzte Lesezeit":"2\u00a0Minuten"},"schema":{"@context":"https:\/\/schema.org","@graph":[{"@type":"Article","@id":"https:\/\/www.pressenza.com\/de\/2022\/03\/europa-fuer-den-frieden-initiativen-gegen-den-krieg\/#article","isPartOf":{"@id":"https:\/\/www.pressenza.com\/de\/2022\/03\/europa-fuer-den-frieden-initiativen-gegen-den-krieg\/"},"author":{"name":"Europe for Peace","@id":"https:\/\/www.pressenza.com\/de\/#\/schema\/person\/69b9bf000cb278ca2d4ea401137ed0ce"},"headline":"Europa f\u00fcr den Frieden, Initiativen gegen den Krieg","datePublished":"2022-03-17T14:44:15+00:00","dateModified":"2022-03-17T14:45:18+00:00","mainEntityOfPage":{"@id":"https:\/\/www.pressenza.com\/de\/2022\/03\/europa-fuer-den-frieden-initiativen-gegen-den-krieg\/"},"wordCount":457,"publisher":{"@id":"https:\/\/www.pressenza.com\/de\/#organization"},"image":{"@id":"https:\/\/www.pressenza.com\/de\/2022\/03\/europa-fuer-den-frieden-initiativen-gegen-den-krieg\/#primaryimage"},"thumbnailUrl":"https:\/\/www.pressenza.com\/wp-content\/uploads\/2022\/03\/War-is-disaster2.jpg","keywords":["EU","Europa f\u00fcr den Frieden","Europ\u00e4ische Union","EuropeForPeace","Friedenspolitik","NATO","Russland","Ukraine"],"articleSection":["Europa","Frieden und Abr\u00fcstung","Originalinhalt","Pressemitteilungen"],"inLanguage":"de"},{"@type":"WebPage","@id":"https:\/\/www.pressenza.com\/de\/2022\/03\/europa-fuer-den-frieden-initiativen-gegen-den-krieg\/","url":"https:\/\/www.pressenza.com\/de\/2022\/03\/europa-fuer-den-frieden-initiativen-gegen-den-krieg\/","name":"Europa f\u00fcr den Frieden, Initiativen gegen den Krieg","isPartOf":{"@id":"https:\/\/www.pressenza.com\/de\/#website"},"primaryImageOfPage":{"@id":"https:\/\/www.pressenza.com\/de\/2022\/03\/europa-fuer-den-frieden-initiativen-gegen-den-krieg\/#primaryimage"},"image":{"@id":"https:\/\/www.pressenza.com\/de\/2022\/03\/europa-fuer-den-frieden-initiativen-gegen-den-krieg\/#primaryimage"},"thumbnailUrl":"https:\/\/www.pressenza.com\/wp-content\/uploads\/2022\/03\/War-is-disaster2.jpg","datePublished":"2022-03-17T14:44:15+00:00","dateModified":"2022-03-17T14:45:18+00:00","description":"Europa f\u00fcr den Frieden ist eine Kampagne, die Initiativen gegen den Krieg in Europa f\u00f6rdert. Einzelpersonen und Organisationen, die sich ihr anschlie\u00dfen,","breadcrumb":{"@id":"https:\/\/www.pressenza.com\/de\/2022\/03\/europa-fuer-den-frieden-initiativen-gegen-den-krieg\/#breadcrumb"},"inLanguage":"de","potentialAction":[{"@type":"ReadAction","target":["https:\/\/www.pressenza.com\/de\/2022\/03\/europa-fuer-den-frieden-initiativen-gegen-den-krieg\/"]}]},{"@type":"ImageObject","inLanguage":"de","@id":"https:\/\/www.pressenza.com\/de\/2022\/03\/europa-fuer-den-frieden-initiativen-gegen-den-krieg\/#primaryimage","url":"https:\/\/www.pressenza.com\/wp-content\/uploads\/2022\/03\/War-is-disaster2.jpg","contentUrl":"https:\/\/www.pressenza.com\/wp-content\/uploads\/2022\/03\/War-is-disaster2.jpg","width":1920,"height":1120,"caption":"Europa f\u00fcr den Frieden, Initiativen gegen den Krieg"},{"@type":"BreadcrumbList","@id":"https:\/\/www.pressenza.com\/de\/2022\/03\/europa-fuer-den-frieden-initiativen-gegen-den-krieg\/#breadcrumb","itemListElement":[{"@type":"ListItem","position":1,"name":"Accueil","item":"https:\/\/www.pressenza.com\/de\/"},{"@type":"ListItem","position":2,"name":"Europa f\u00fcr den Frieden, Initiativen gegen den Krieg"}]},{"@type":"WebSite","@id":"https:\/\/www.pressenza.com\/de\/#website","url":"https:\/\/www.pressenza.com\/de\/","name":"Pressenza","description":"International Press Agency","publisher":{"@id":"https:\/\/www.pressenza.com\/de\/#organization"},"potentialAction":[{"@type":"SearchAction","target":{"@type":"EntryPoint","urlTemplate":"https:\/\/www.pressenza.com\/de\/?s={search_term_string}"},"query-input":{"@type":"PropertyValueSpecification","valueRequired":true,"valueName":"search_term_string"}}],"inLanguage":"de"},{"@type":"Organization","@id":"https:\/\/www.pressenza.com\/de\/#organization","name":"Pressenza","url":"https:\/\/www.pressenza.com\/de\/","logo":{"@type":"ImageObject","inLanguage":"de","@id":"https:\/\/www.pressenza.com\/de\/#\/schema\/logo\/image\/","url":"https:\/\/www.pressenza.com\/wp-content\/uploads\/2022\/10\/pressenza_logo_200x200.jpg","contentUrl":"https:\/\/www.pressenza.com\/wp-content\/uploads\/2022\/10\/pressenza_logo_200x200.jpg","width":200,"height":200,"caption":"Pressenza"},"image":{"@id":"https:\/\/www.pressenza.com\/de\/#\/schema\/logo\/image\/"},"sameAs":["https:\/\/www.facebook.com\/PressenzaItalia","https:\/\/x.com\/PressenzaIPA"]},{"@type":"Person","@id":"https:\/\/www.pressenza.com\/de\/#\/schema\/person\/69b9bf000cb278ca2d4ea401137ed0ce","name":"Europe for Peace","description":"The idea of carrying out this campaign arose in Lisbon, in the European Humanist Forum of November 2006 in the working group of Peace and Nonviolence. Different organizations participated and different opinions converged very clearly on one issue: violence in the world, the return of the nuclear arms race, the danger of a nuclear catastrophe and the need to urgently change the course of events. The words of Gandhi, M. L. King and Silo resounded in our minds on the importance of having faith in life and on the great force that nonviolence is. We were inspired by these examples. The declaration was officially presented in Prague on February 22, 2007 during a conference organized by Humanist movement. The declaration is the fruit of the labor of several people and organizations and tries to synthesize common opinions and concentrate on the issue of nuclear weapons. This campaign is open to all, and everyone can give their contribution to develop it. www.europeforpeace.eu","url":"https:\/\/www.pressenza.com\/de\/author\/europa-per-la-pace\/"}]}},"place":"","original_article_url":"","_links":{"self":[{"href":"https:\/\/www.pressenza.com\/de\/wp-json\/wp\/v2\/posts\/1545300","targetHints":{"allow":["GET"]}}],"collection":[{"href":"https:\/\/www.pressenza.com\/de\/wp-json\/wp\/v2\/posts"}],"about":[{"href":"https:\/\/www.pressenza.com\/de\/wp-json\/wp\/v2\/types\/post"}],"author":[{"embeddable":true,"href":"https:\/\/www.pressenza.com\/de\/wp-json\/wp\/v2\/users\/2102"}],"replies":[{"embeddable":true,"href":"https:\/\/www.pressenza.com\/de\/wp-json\/wp\/v2\/comments?post=1545300"}],"version-history":[{"count":0,"href":"https:\/\/www.pressenza.com\/de\/wp-json\/wp\/v2\/posts\/1545300\/revisions"}],"wp:featuredmedia":[{"embeddable":true,"href":"https:\/\/www.pressenza.com\/de\/wp-json\/wp\/v2\/media\/1542181"}],"wp:attachment":[{"href":"https:\/\/www.pressenza.com\/de\/wp-json\/wp\/v2\/media?parent=1545300"}],"wp:term":[{"taxonomy":"category","embeddable":true,"href":"https:\/\/www.pressenza.com\/de\/wp-json\/wp\/v2\/categories?post=1545300"},{"taxonomy":"post_tag","embeddable":true,"href":"https:\/\/www.pressenza.com\/de\/wp-json\/wp\/v2\/tags?post=1545300"}],"curies":[{"name":"wp","href":"https:\/\/api.w.org\/{rel}","templated":true}]}}