{"id":1543053,"date":"2022-03-14T11:45:41","date_gmt":"2022-03-14T11:45:41","guid":{"rendered":"https:\/\/www.pressenza.com\/?p=1543053"},"modified":"2022-03-14T13:50:58","modified_gmt":"2022-03-14T13:50:58","slug":"der-konflikt-in-der-ukraine-und-die-pax-americana","status":"publish","type":"post","link":"https:\/\/www.pressenza.com\/de\/2022\/03\/der-konflikt-in-der-ukraine-und-die-pax-americana\/","title":{"rendered":"Der Konflikt in der Ukraine und die PAX AMERICANA"},"content":{"rendered":"<blockquote><p><strong><em>Krieg, Handel und Piraterie,<br \/>\n<\/em><em>Dreieinigkeit sind sie, nicht zu trennen.<br \/>\n<\/em><em>J.W. Goethe, Faust zweiter Teil<\/em><\/strong><\/p><\/blockquote>\n<p>Die Medien lieferten \u00fcber Monate, in der Vorphase milit\u00e4rischer Auseinandersetzungen, eine Schlacht der Worte. Sie bliesen viel Wind in die Segel des Krieges. Der Eindruck dr\u00e4ngte sich auf, dass einige, entgegen dem Pressekodex, auf eigene Rechnung in die Auseinandersetzungen eingriffen. Das Fatale: der nun eingetretene Kampf mit Waffen t\u00f6tet Menschen und zerst\u00f6rt Lebensgrundlagen.<\/p>\n<p>Zu den eigentlichen Ursachen des Streites in der Ukraine, dessen Wurzeln bis 1917 zur\u00fcckreichen, wird wenig berichtet. An Schuldzuweisungen gegen Russland aber mangelt es in den Medien nicht, auch nicht an verbalen Drohgeb\u00e4rden.<\/p>\n<p>Der Botschafter der Ukraine in Berlin forderte am 25. Februar 2022 im n-tv Kanal sogar die Atombombe. Deutsche Politiker fordern den Ausschluss Russlands aus dem Bankensystem SWIFT, was dem Kenner der Bankenwelt, Friedrich Merz, im ersten Moment kalte Schauer verursacht. Unisono t\u00f6nen Politiker Deutschlands und der Europ\u00e4ischen Union: \u201eRussland und Putin m\u00fcssen es bezahlen, sie m\u00fcssen hart betraft werden\u201c.<\/p>\n<p>Die Invasion von Russland in die Ukraine ist ein Bruch des V\u00f6lkerrechts, ein klarer Versto\u00df gegen das UN-Gewaltverbot und muss klar verurteilt werden. Die Invasion hat allerdings eine Vorgeschichte.<\/p>\n<p>Die Philosophie der PAX AMERICANA als Teil des Kalten Krieges bestimmt bereits seit langem die Tagesordnung der Politik der Staatengruppe der G 7 gegen\u00fcber Russland, ohne eine finale Regelung herbeif\u00fchren zu k\u00f6nnen. Ihr Hauptziel war und ist, den Status Quo Russlands weiter zu schw\u00e4chen. In den 90-ziger Jahren wurde die UdSSR aufgel\u00f6st. Die fr\u00fchere Union hat 14 Mitgliedsl\u00e4nder und \u00fcber 20 autonome Gebiete verloren. Das Verteidigungsb\u00fcndnis, der Warschauer Pakt, und der Rat der Gegenseitigen Wirtschaftshilfe wurden nach Gespr\u00e4chen zwischen den Pr\u00e4sidenten Georg Bush sen. und Gorbatschow aufgel\u00f6st. Die NATO r\u00fcckte bis an die Grenzen Russlands. Die Ukraine, ist noch kein NATO-Mitglied strebt aber den Beitritt an. Das Jahr 1993 zeigte unter Beifall der G7 wie es gehen k\u00f6nnte.<\/p>\n<p>Die Pax Americana wird mit \u00fcberschaubaren Elementen wirksam: Dem Gegner wird der Mantel des Verletzers des V\u00f6lkerrechts und der Menschenrechte umgeh\u00e4ngt. Er wird in eine imagin\u00e4re Gruppe der B\u00f6sen eingeordnet. Mit Sanktionen und Boykotten soll seine innere Lage destabilisiert werden. Die Meinungsbildung wird \u00fcber Medienkan\u00e4le beeinflusst.<\/p>\n<p>Winston Churchill, die Symbolfigur des Kolonialismus, war einer der V\u00e4ter der Pax Americana, wie auch der Truman-Doktrin zur Zur\u00fcckdr\u00e4ngung des Sozialismus. Ihm wird in einer seiner Biografien die folgende bedeutungsschwere Aussage zugeschrieben: \u201eAuch wenn in Russland der Bolschewismus nicht die Oberhand gewonnen h\u00e4tte, m\u00fcsste man das Land schon wegen seiner Marktgr\u00f6\u00dfe und Rohstoffreichtum unter Kontrolle nehmen\u201c.<\/p>\n<p>Abgesehen von den wirtschaftlichen und politischen Nutznie\u00dfern debattiert die vernunftbegabte b\u00fcrgerliche Welt seit dem Mittelalter die Problematik der Kriege f\u00fcr die menschliche Gesellschaft. Die Auffassungen von Hugo Grotius in seinem Buch \u201eDe jure belli ac pacis\u201c (1625) \u00fcber gerechte und ungerechte Kriege werden bis zur Gegenwart von bestimmten Politwissenschaftlern geteilt. Grotius Hauptthese lautet: \u201eDie Ungerechtigkeit eines Angreifers kann Kriege gerecht machen\u201c. Der deutsche Staatspr\u00e4sident Gauck vertrat noch in seiner Amtszeit (2012 \u2013 2017) die Auffassung, dass Kriege eine Option f\u00fcr die Politik sind.<\/p>\n<p><strong>Theoretische Er\u00f6rterungen helfen im Moment weder der ukrainischen- noch der russischen Bev\u00f6lkerung, die in der Ukraine lebt.<\/strong><\/p>\n<p>Aus der Fernsehansprache von Pr\u00e4sident Putin am 21. Februar 2022 mit der Ank\u00fcndigung, die beiden ukrainischen Regionen Lugansk und Donezk als Volksrepubliken v\u00f6lkerrechtlich anzuerkennen und milit\u00e4rische Schutzfunktionen zu \u00fcbernehmen, wird deutlich, dass er und Russland seit 1990 tief verletzt sind. Die bis zu 30 Prozent Russen, die traditionell in den Gebieten leben, h\u00e4tten viel Leid auch nach dem V\u00f6lkergesetzbuch hinnehmen m\u00fcssen. Er machte eine lange Rechnung gegen Politiker der Ukraine auf. In seiner Rede zeigte Putin eine \u00e4hnliche Entschlossenheit, wie sie Pr\u00e4sident George W. Bush j. w\u00e4hrend seiner Fernsehansprache nach der Zerst\u00f6rung der Twin Towers in New York zeigte und zum Krieg gegen den Terror aufrief.<\/p>\n<p>Noch gibt es keine Kriegserkl\u00e4rung der russischen oder ukrainischen Regierungen. Hoffentlich bleibt sie aus und die Kampfhandlungen werden beendet. Putin f\u00fchrt die Auseinandersetzung grunds\u00e4tzlich mit den USA, nicht mit dem Land Ukraine.<\/p>\n<p>Gegenseitige jahrelange ideologische Vorurteile zwischen den Systemen machen eine zum Erfolg f\u00fchrende Aufnahme diplomatischer Verhandlungen schwierig. Aber die Bev\u00f6lkerungen der L\u00e4nder haben nur diese Chance, um wieder friedliche Verh\u00e4ltnisse herzustellen.<\/p>\n<p>Ob die Pr\u00e4sidenten Putin oder Biden eine gute Politik f\u00fcr die Bev\u00f6lkerung betreiben, wird die Geschichte, jenseits der Meinung des Siegers beantworten. Ein politisches Kalk\u00fcl, ob Kriege als Mittel zur Probleml\u00f6sung taugen, sicher nicht. Alle Staaten, sowie ihre amtierenden Politiker stehen am Anfang des 21. Jahrhunderts vor der Herkulesaufgabe, dass Handeln ihrer Wirtschaften und Einwohner naturvertr\u00e4glich umzustellen.<\/p>\n<p>Dar\u00fcber hinaus stehen noch die Fragen, in welchen Bereichen die USA und die L\u00e4nder der Europ\u00e4ischen Union Sch\u00e4den durch Handlungen Russland erlitten h\u00e4tten? Wie sind solche ideellen Sch\u00e4den zu bemessen? Die Politiker der G7 haben sich mit den Strafdrohungen weit aus dem Fenster gelehnt. Sanktionen sind Formen der Vergeltung, die nicht in die moderne globale Welt passen. Verhandlungen zwischen Kiew und Moskau k\u00f6nnen Spannungen l\u00f6sen. Auch vertragliche und nachpr\u00fcfbare Vereinbarungen zur Abr\u00fcstung zwischen Moskau und Washington.<\/p>\n<p><strong>Inzwischen gehen todbringende Aktionen in der Ukraine weiter. Der Krieg der Worte voller Ablenkung von den Hauptproblemen, setzt sich fort.<\/strong><\/p>\n<p>Es bleibt nur die humane Vernunft und die Wahrheit, wie es Voltaire vor etwa 244 Jahren angesichts der kommenden Franz\u00f6sischen Revolution in seiner \u201eLobrede auf die Vernunft\u201c geschrieben hat. Kant gab in seinem Werk \u201eZum Ewigen Frieden\u201c Anregungen, dass er m\u00f6glich sei.<\/p>\n<p>Eine notwendige Anmerkung: Die Pax Americana ist unter Politikwissenschaftlern und Historikern in der globalen Welt umstritten. Die USA h\u00e4tten in der Vergangenheit damit ihre nationalen Interessen einseitig und \u00fcberwiegend \u201eout of area\u201c verwirklicht. Das zeigen die Beispiele Vietnam, Nikaragua, Panama, Kuba, Grenada, Irak, Libyen, Philippinen, Afghanistan u.a. L\u00e4nder. Unverantwortlich waren die im Namen des Friedens eingesetzten Atombomben in Japan. Mahnungen der Wissenschaftler, u.a. Einsteins, vor dem Einsatz blieben vom Pr\u00e4sidenten der USA ungeh\u00f6rt.<\/p>\n<p>Der Autor des Artikels erlebte Bombenn\u00e4chte in Berlin und Kampfhandlungen zwischen SS- Einheiten und amerikanischen Soldaten in Sachsen. Sein Wunsch nie wieder Krieg erleben zu m\u00fcssen, hat sich tief verankert.<\/p>\n","protected":false},"excerpt":{"rendered":"<p>Krieg, Handel und Piraterie, Dreieinigkeit sind sie, nicht zu trennen. J.W. Goethe, Faust zweiter Teil Die Medien lieferten \u00fcber Monate, in der Vorphase milit\u00e4rischer Auseinandersetzungen, eine Schlacht der Worte. Sie bliesen viel Wind in die Segel des Krieges. Der Eindruck&hellip;<\/p>\n","protected":false},"author":1463,"featured_media":1543066,"comment_status":"closed","ping_status":"closed","sticky":false,"template":"","format":"standard","meta":{"footnotes":""},"categories":[9150,9167,9143,11387,9168],"tags":[10466,11826,36325,15357,9293,9767],"class_list":["post-1543053","post","type-post","status-publish","format-standard","has-post-thumbnail","hentry","category-europa-de","category-frieden-und-abruestung","category-meinungen","category-originalinhalt","category-politik","tag-krieg","tag-nato-de","tag-pax-americana","tag-russland","tag-ukraine-de","tag-usa-de"],"yoast_head":"<!-- This site is optimized with the Yoast SEO plugin v27.1.1 - https:\/\/yoast.com\/product\/yoast-seo-wordpress\/ -->\n<title>Der Konflikt in der Ukraine und die PAX AMERICANA<\/title>\n<meta name=\"description\" content=\"Krieg, Handel und Piraterie, Dreieinigkeit sind sie, nicht zu trennen. J.W. Goethe, Faust zweiter Teil Die Medien lieferten \u00fcber Monate, in der Vorphase\" \/>\n<meta name=\"robots\" content=\"index, follow, max-snippet:-1, max-image-preview:large, max-video-preview:-1\" \/>\n<link rel=\"canonical\" href=\"https:\/\/www.pressenza.com\/de\/2022\/03\/der-konflikt-in-der-ukraine-und-die-pax-americana\/\" \/>\n<meta property=\"og:locale\" content=\"de_DE\" \/>\n<meta property=\"og:type\" content=\"article\" \/>\n<meta property=\"og:title\" content=\"Der Konflikt in der Ukraine und die PAX AMERICANA\" \/>\n<meta property=\"og:description\" content=\"Krieg, Handel und Piraterie, Dreieinigkeit sind sie, nicht zu trennen. J.W. Goethe, Faust zweiter Teil Die Medien lieferten \u00fcber Monate, in der Vorphase\" \/>\n<meta property=\"og:url\" content=\"https:\/\/www.pressenza.com\/de\/2022\/03\/der-konflikt-in-der-ukraine-und-die-pax-americana\/\" \/>\n<meta property=\"og:site_name\" content=\"Pressenza\" \/>\n<meta property=\"article:publisher\" content=\"https:\/\/www.facebook.com\/PressenzaItalia\" \/>\n<meta property=\"article:published_time\" content=\"2022-03-14T11:45:41+00:00\" \/>\n<meta property=\"article:modified_time\" content=\"2022-03-14T13:50:58+00:00\" \/>\n<meta property=\"og:image\" content=\"https:\/\/www.pressenza.com\/wp-content\/uploads\/2022\/03\/Pax_americana-1.jpg\" \/>\n\t<meta property=\"og:image:width\" content=\"820\" \/>\n\t<meta property=\"og:image:height\" content=\"518\" \/>\n\t<meta property=\"og:image:type\" content=\"image\/jpeg\" \/>\n<meta name=\"author\" content=\"G\u00fcnter Buhlke\" \/>\n<meta name=\"twitter:card\" content=\"summary_large_image\" \/>\n<meta name=\"twitter:creator\" content=\"@PressenzaIPA\" \/>\n<meta name=\"twitter:site\" content=\"@PressenzaIPA\" \/>\n<meta name=\"twitter:label1\" content=\"Verfasst von\" \/>\n\t<meta name=\"twitter:data1\" content=\"G\u00fcnter Buhlke\" \/>\n\t<meta name=\"twitter:label2\" content=\"Gesch\u00e4tzte Lesezeit\" \/>\n\t<meta name=\"twitter:data2\" content=\"5\u00a0Minuten\" \/>\n<script type=\"application\/ld+json\" class=\"yoast-schema-graph\">{\"@context\":\"https:\/\/schema.org\",\"@graph\":[{\"@type\":\"Article\",\"@id\":\"https:\/\/www.pressenza.com\/de\/2022\/03\/der-konflikt-in-der-ukraine-und-die-pax-americana\/#article\",\"isPartOf\":{\"@id\":\"https:\/\/www.pressenza.com\/de\/2022\/03\/der-konflikt-in-der-ukraine-und-die-pax-americana\/\"},\"author\":{\"name\":\"G\u00fcnter Buhlke\",\"@id\":\"https:\/\/www.pressenza.com\/de\/#\/schema\/person\/e48301baaf10fa4f78dc7566caf225b4\"},\"headline\":\"Der Konflikt in der Ukraine und die PAX AMERICANA\",\"datePublished\":\"2022-03-14T11:45:41+00:00\",\"dateModified\":\"2022-03-14T13:50:58+00:00\",\"mainEntityOfPage\":{\"@id\":\"https:\/\/www.pressenza.com\/de\/2022\/03\/der-konflikt-in-der-ukraine-und-die-pax-americana\/\"},\"wordCount\":1053,\"publisher\":{\"@id\":\"https:\/\/www.pressenza.com\/de\/#organization\"},\"image\":{\"@id\":\"https:\/\/www.pressenza.com\/de\/2022\/03\/der-konflikt-in-der-ukraine-und-die-pax-americana\/#primaryimage\"},\"thumbnailUrl\":\"https:\/\/www.pressenza.com\/wp-content\/uploads\/2022\/03\/Pax_americana-1.jpg\",\"keywords\":[\"Krieg\",\"NATO\",\"Pax Americana\",\"Russland\",\"Ukraine\",\"USA\"],\"articleSection\":[\"Europa\",\"Frieden und Abr\u00fcstung\",\"Meinungen\",\"Originalinhalt\",\"Politik\"],\"inLanguage\":\"de\"},{\"@type\":\"WebPage\",\"@id\":\"https:\/\/www.pressenza.com\/de\/2022\/03\/der-konflikt-in-der-ukraine-und-die-pax-americana\/\",\"url\":\"https:\/\/www.pressenza.com\/de\/2022\/03\/der-konflikt-in-der-ukraine-und-die-pax-americana\/\",\"name\":\"Der Konflikt in der Ukraine und die PAX AMERICANA\",\"isPartOf\":{\"@id\":\"https:\/\/www.pressenza.com\/de\/#website\"},\"primaryImageOfPage\":{\"@id\":\"https:\/\/www.pressenza.com\/de\/2022\/03\/der-konflikt-in-der-ukraine-und-die-pax-americana\/#primaryimage\"},\"image\":{\"@id\":\"https:\/\/www.pressenza.com\/de\/2022\/03\/der-konflikt-in-der-ukraine-und-die-pax-americana\/#primaryimage\"},\"thumbnailUrl\":\"https:\/\/www.pressenza.com\/wp-content\/uploads\/2022\/03\/Pax_americana-1.jpg\",\"datePublished\":\"2022-03-14T11:45:41+00:00\",\"dateModified\":\"2022-03-14T13:50:58+00:00\",\"description\":\"Krieg, Handel und Piraterie, Dreieinigkeit sind sie, nicht zu trennen. J.W. Goethe, Faust zweiter Teil Die Medien lieferten \u00fcber Monate, in der Vorphase\",\"breadcrumb\":{\"@id\":\"https:\/\/www.pressenza.com\/de\/2022\/03\/der-konflikt-in-der-ukraine-und-die-pax-americana\/#breadcrumb\"},\"inLanguage\":\"de\",\"potentialAction\":[{\"@type\":\"ReadAction\",\"target\":[\"https:\/\/www.pressenza.com\/de\/2022\/03\/der-konflikt-in-der-ukraine-und-die-pax-americana\/\"]}]},{\"@type\":\"ImageObject\",\"inLanguage\":\"de\",\"@id\":\"https:\/\/www.pressenza.com\/de\/2022\/03\/der-konflikt-in-der-ukraine-und-die-pax-americana\/#primaryimage\",\"url\":\"https:\/\/www.pressenza.com\/wp-content\/uploads\/2022\/03\/Pax_americana-1.jpg\",\"contentUrl\":\"https:\/\/www.pressenza.com\/wp-content\/uploads\/2022\/03\/Pax_americana-1.jpg\",\"width\":820,\"height\":518,\"caption\":\"Der Konflikt in der Ukraine und die PAX AMERICANA\"},{\"@type\":\"BreadcrumbList\",\"@id\":\"https:\/\/www.pressenza.com\/de\/2022\/03\/der-konflikt-in-der-ukraine-und-die-pax-americana\/#breadcrumb\",\"itemListElement\":[{\"@type\":\"ListItem\",\"position\":1,\"name\":\"Accueil\",\"item\":\"https:\/\/www.pressenza.com\/de\/\"},{\"@type\":\"ListItem\",\"position\":2,\"name\":\"Der Konflikt in der Ukraine und die PAX AMERICANA\"}]},{\"@type\":\"WebSite\",\"@id\":\"https:\/\/www.pressenza.com\/de\/#website\",\"url\":\"https:\/\/www.pressenza.com\/de\/\",\"name\":\"Pressenza\",\"description\":\"International Press Agency\",\"publisher\":{\"@id\":\"https:\/\/www.pressenza.com\/de\/#organization\"},\"potentialAction\":[{\"@type\":\"SearchAction\",\"target\":{\"@type\":\"EntryPoint\",\"urlTemplate\":\"https:\/\/www.pressenza.com\/de\/?s={search_term_string}\"},\"query-input\":{\"@type\":\"PropertyValueSpecification\",\"valueRequired\":true,\"valueName\":\"search_term_string\"}}],\"inLanguage\":\"de\"},{\"@type\":\"Organization\",\"@id\":\"https:\/\/www.pressenza.com\/de\/#organization\",\"name\":\"Pressenza\",\"url\":\"https:\/\/www.pressenza.com\/de\/\",\"logo\":{\"@type\":\"ImageObject\",\"inLanguage\":\"de\",\"@id\":\"https:\/\/www.pressenza.com\/de\/#\/schema\/logo\/image\/\",\"url\":\"https:\/\/www.pressenza.com\/wp-content\/uploads\/2022\/10\/pressenza_logo_200x200.jpg\",\"contentUrl\":\"https:\/\/www.pressenza.com\/wp-content\/uploads\/2022\/10\/pressenza_logo_200x200.jpg\",\"width\":200,\"height\":200,\"caption\":\"Pressenza\"},\"image\":{\"@id\":\"https:\/\/www.pressenza.com\/de\/#\/schema\/logo\/image\/\"},\"sameAs\":[\"https:\/\/www.facebook.com\/PressenzaItalia\",\"https:\/\/x.com\/PressenzaIPA\"]},{\"@type\":\"Person\",\"@id\":\"https:\/\/www.pressenza.com\/de\/#\/schema\/person\/e48301baaf10fa4f78dc7566caf225b4\",\"name\":\"G\u00fcnter Buhlke\",\"description\":\"Geboren 1934, Studium an der Humboldtuniversit\u00e4t und der Hochschule f\u00fcr \u00d6konomie Berlin, dipl. Volkswirtschaftler. Internationale Arbeit als Handelsrat in Mexiko und Venezuela. Koordinator f\u00fcr die Wirtschaftsbeziehungen der DDR zu Lateinamerika. Wirtschaftserfahrungen als\u00a0langj\u00e4hriger Leiter des Schweizerischen Instituts f\u00fcr Betriebswirtschaft in Berlin, Vorstand einer Wohnungsgenossenschaft und Referent im Haushaltsausschuss der Volkskammer und des Bundestages. Gegenw\u00e4rtig ehrenamtliche T\u00e4tigkeiten.\",\"url\":\"https:\/\/www.pressenza.com\/de\/author\/guenter-buhlke\/\"}]}<\/script>\n<!-- \/ Yoast SEO plugin. -->","yoast_head_json":{"title":"Der Konflikt in der Ukraine und die PAX AMERICANA","description":"Krieg, Handel und Piraterie, Dreieinigkeit sind sie, nicht zu trennen. J.W. Goethe, Faust zweiter Teil Die Medien lieferten \u00fcber Monate, in der Vorphase","robots":{"index":"index","follow":"follow","max-snippet":"max-snippet:-1","max-image-preview":"max-image-preview:large","max-video-preview":"max-video-preview:-1"},"canonical":"https:\/\/www.pressenza.com\/de\/2022\/03\/der-konflikt-in-der-ukraine-und-die-pax-americana\/","og_locale":"de_DE","og_type":"article","og_title":"Der Konflikt in der Ukraine und die PAX AMERICANA","og_description":"Krieg, Handel und Piraterie, Dreieinigkeit sind sie, nicht zu trennen. J.W. Goethe, Faust zweiter Teil Die Medien lieferten \u00fcber Monate, in der Vorphase","og_url":"https:\/\/www.pressenza.com\/de\/2022\/03\/der-konflikt-in-der-ukraine-und-die-pax-americana\/","og_site_name":"Pressenza","article_publisher":"https:\/\/www.facebook.com\/PressenzaItalia","article_published_time":"2022-03-14T11:45:41+00:00","article_modified_time":"2022-03-14T13:50:58+00:00","og_image":[{"width":820,"height":518,"url":"https:\/\/www.pressenza.com\/wp-content\/uploads\/2022\/03\/Pax_americana-1.jpg","type":"image\/jpeg"}],"author":"G\u00fcnter Buhlke","twitter_card":"summary_large_image","twitter_creator":"@PressenzaIPA","twitter_site":"@PressenzaIPA","twitter_misc":{"Verfasst von":"G\u00fcnter Buhlke","Gesch\u00e4tzte Lesezeit":"5\u00a0Minuten"},"schema":{"@context":"https:\/\/schema.org","@graph":[{"@type":"Article","@id":"https:\/\/www.pressenza.com\/de\/2022\/03\/der-konflikt-in-der-ukraine-und-die-pax-americana\/#article","isPartOf":{"@id":"https:\/\/www.pressenza.com\/de\/2022\/03\/der-konflikt-in-der-ukraine-und-die-pax-americana\/"},"author":{"name":"G\u00fcnter Buhlke","@id":"https:\/\/www.pressenza.com\/de\/#\/schema\/person\/e48301baaf10fa4f78dc7566caf225b4"},"headline":"Der Konflikt in der Ukraine und die PAX AMERICANA","datePublished":"2022-03-14T11:45:41+00:00","dateModified":"2022-03-14T13:50:58+00:00","mainEntityOfPage":{"@id":"https:\/\/www.pressenza.com\/de\/2022\/03\/der-konflikt-in-der-ukraine-und-die-pax-americana\/"},"wordCount":1053,"publisher":{"@id":"https:\/\/www.pressenza.com\/de\/#organization"},"image":{"@id":"https:\/\/www.pressenza.com\/de\/2022\/03\/der-konflikt-in-der-ukraine-und-die-pax-americana\/#primaryimage"},"thumbnailUrl":"https:\/\/www.pressenza.com\/wp-content\/uploads\/2022\/03\/Pax_americana-1.jpg","keywords":["Krieg","NATO","Pax Americana","Russland","Ukraine","USA"],"articleSection":["Europa","Frieden und Abr\u00fcstung","Meinungen","Originalinhalt","Politik"],"inLanguage":"de"},{"@type":"WebPage","@id":"https:\/\/www.pressenza.com\/de\/2022\/03\/der-konflikt-in-der-ukraine-und-die-pax-americana\/","url":"https:\/\/www.pressenza.com\/de\/2022\/03\/der-konflikt-in-der-ukraine-und-die-pax-americana\/","name":"Der Konflikt in der Ukraine und die PAX AMERICANA","isPartOf":{"@id":"https:\/\/www.pressenza.com\/de\/#website"},"primaryImageOfPage":{"@id":"https:\/\/www.pressenza.com\/de\/2022\/03\/der-konflikt-in-der-ukraine-und-die-pax-americana\/#primaryimage"},"image":{"@id":"https:\/\/www.pressenza.com\/de\/2022\/03\/der-konflikt-in-der-ukraine-und-die-pax-americana\/#primaryimage"},"thumbnailUrl":"https:\/\/www.pressenza.com\/wp-content\/uploads\/2022\/03\/Pax_americana-1.jpg","datePublished":"2022-03-14T11:45:41+00:00","dateModified":"2022-03-14T13:50:58+00:00","description":"Krieg, Handel und Piraterie, Dreieinigkeit sind sie, nicht zu trennen. J.W. Goethe, Faust zweiter Teil Die Medien lieferten \u00fcber Monate, in der Vorphase","breadcrumb":{"@id":"https:\/\/www.pressenza.com\/de\/2022\/03\/der-konflikt-in-der-ukraine-und-die-pax-americana\/#breadcrumb"},"inLanguage":"de","potentialAction":[{"@type":"ReadAction","target":["https:\/\/www.pressenza.com\/de\/2022\/03\/der-konflikt-in-der-ukraine-und-die-pax-americana\/"]}]},{"@type":"ImageObject","inLanguage":"de","@id":"https:\/\/www.pressenza.com\/de\/2022\/03\/der-konflikt-in-der-ukraine-und-die-pax-americana\/#primaryimage","url":"https:\/\/www.pressenza.com\/wp-content\/uploads\/2022\/03\/Pax_americana-1.jpg","contentUrl":"https:\/\/www.pressenza.com\/wp-content\/uploads\/2022\/03\/Pax_americana-1.jpg","width":820,"height":518,"caption":"Der Konflikt in der Ukraine und die PAX AMERICANA"},{"@type":"BreadcrumbList","@id":"https:\/\/www.pressenza.com\/de\/2022\/03\/der-konflikt-in-der-ukraine-und-die-pax-americana\/#breadcrumb","itemListElement":[{"@type":"ListItem","position":1,"name":"Accueil","item":"https:\/\/www.pressenza.com\/de\/"},{"@type":"ListItem","position":2,"name":"Der Konflikt in der Ukraine und die PAX AMERICANA"}]},{"@type":"WebSite","@id":"https:\/\/www.pressenza.com\/de\/#website","url":"https:\/\/www.pressenza.com\/de\/","name":"Pressenza","description":"International Press Agency","publisher":{"@id":"https:\/\/www.pressenza.com\/de\/#organization"},"potentialAction":[{"@type":"SearchAction","target":{"@type":"EntryPoint","urlTemplate":"https:\/\/www.pressenza.com\/de\/?s={search_term_string}"},"query-input":{"@type":"PropertyValueSpecification","valueRequired":true,"valueName":"search_term_string"}}],"inLanguage":"de"},{"@type":"Organization","@id":"https:\/\/www.pressenza.com\/de\/#organization","name":"Pressenza","url":"https:\/\/www.pressenza.com\/de\/","logo":{"@type":"ImageObject","inLanguage":"de","@id":"https:\/\/www.pressenza.com\/de\/#\/schema\/logo\/image\/","url":"https:\/\/www.pressenza.com\/wp-content\/uploads\/2022\/10\/pressenza_logo_200x200.jpg","contentUrl":"https:\/\/www.pressenza.com\/wp-content\/uploads\/2022\/10\/pressenza_logo_200x200.jpg","width":200,"height":200,"caption":"Pressenza"},"image":{"@id":"https:\/\/www.pressenza.com\/de\/#\/schema\/logo\/image\/"},"sameAs":["https:\/\/www.facebook.com\/PressenzaItalia","https:\/\/x.com\/PressenzaIPA"]},{"@type":"Person","@id":"https:\/\/www.pressenza.com\/de\/#\/schema\/person\/e48301baaf10fa4f78dc7566caf225b4","name":"G\u00fcnter Buhlke","description":"Geboren 1934, Studium an der Humboldtuniversit\u00e4t und der Hochschule f\u00fcr \u00d6konomie Berlin, dipl. Volkswirtschaftler. Internationale Arbeit als Handelsrat in Mexiko und Venezuela. Koordinator f\u00fcr die Wirtschaftsbeziehungen der DDR zu Lateinamerika. Wirtschaftserfahrungen als\u00a0langj\u00e4hriger Leiter des Schweizerischen Instituts f\u00fcr Betriebswirtschaft in Berlin, Vorstand einer Wohnungsgenossenschaft und Referent im Haushaltsausschuss der Volkskammer und des Bundestages. Gegenw\u00e4rtig ehrenamtliche T\u00e4tigkeiten.","url":"https:\/\/www.pressenza.com\/de\/author\/guenter-buhlke\/"}]}},"place":"","original_article_url":"","_links":{"self":[{"href":"https:\/\/www.pressenza.com\/de\/wp-json\/wp\/v2\/posts\/1543053","targetHints":{"allow":["GET"]}}],"collection":[{"href":"https:\/\/www.pressenza.com\/de\/wp-json\/wp\/v2\/posts"}],"about":[{"href":"https:\/\/www.pressenza.com\/de\/wp-json\/wp\/v2\/types\/post"}],"author":[{"embeddable":true,"href":"https:\/\/www.pressenza.com\/de\/wp-json\/wp\/v2\/users\/1463"}],"replies":[{"embeddable":true,"href":"https:\/\/www.pressenza.com\/de\/wp-json\/wp\/v2\/comments?post=1543053"}],"version-history":[{"count":0,"href":"https:\/\/www.pressenza.com\/de\/wp-json\/wp\/v2\/posts\/1543053\/revisions"}],"wp:featuredmedia":[{"embeddable":true,"href":"https:\/\/www.pressenza.com\/de\/wp-json\/wp\/v2\/media\/1543066"}],"wp:attachment":[{"href":"https:\/\/www.pressenza.com\/de\/wp-json\/wp\/v2\/media?parent=1543053"}],"wp:term":[{"taxonomy":"category","embeddable":true,"href":"https:\/\/www.pressenza.com\/de\/wp-json\/wp\/v2\/categories?post=1543053"},{"taxonomy":"post_tag","embeddable":true,"href":"https:\/\/www.pressenza.com\/de\/wp-json\/wp\/v2\/tags?post=1543053"}],"curies":[{"name":"wp","href":"https:\/\/api.w.org\/{rel}","templated":true}]}}