{"id":154199,"date":"2014-12-22T15:04:04","date_gmt":"2014-12-22T15:04:04","guid":{"rendered":"http:\/\/www.pressenza.com\/?p=154199"},"modified":"2015-08-23T19:51:46","modified_gmt":"2015-08-23T18:51:46","slug":"ein-tag-athen","status":"publish","type":"post","link":"https:\/\/www.pressenza.com\/de\/2014\/12\/ein-tag-athen\/","title":{"rendered":"Ein Tag in Athen"},"content":{"rendered":"<p><em>\u00dcbersetzung aus dem Italienischen von Evelyn Rottengatter<\/em><\/p>\n<p><strong>Seit einigen Jahren hat sich Griechenland als Land der Krise beispiellos in die kollektive Erinnerung eingebrannt. Es ist das europ\u00e4ische Land, das st\u00e4rker als alle anderen eine Rezession und eine Austerit\u00e4tspolitik erlebt hat und noch erlebt und die in der heutigen Zeit ohne Vergleich bleibt. Zu Beginn berichteten die internationalen Medien \u00fcber politische und soziale Wechself\u00e4lle, die durch die sogenannte Wirtschaftskrise ausgel\u00f6st wurden.<\/strong><\/p>\n<p>Im Laufe der Zeit wurden diese sozialen und menschlichen Aspekte der Krise in Griechenland jedoch vernachl\u00e4ssigt und gerieten in Vergessenheit, da man sich notgedrungen auf \u00f6konomisch-finanzielle Kriterien konzentrierte, die uns schrittweise, wie das Lamm zur Schlachtbank, einer Enthumanisierung der Kommunen entgegenf\u00fchren, im Namen einer strengen Befolgung der Regeln, die darauf abzielen, eine b\u00fcrokratische Welt zu erhalten, die sich komplett der Realit\u00e4t entzieht und an einem virtuellen Rei\u00dfbrett entworfen wurde.<\/p>\n<p>Ferner sei es bekannt, dass der griechische Staat \u00f6ffentliche Gelder verschwendet habe, dass die Griechen alle Taugenichtse seien, dass wir gepl\u00fcndert und ausgenutzt h\u00e4tten, indem wir \u00fcber unsere Verh\u00e4ltnisse gelebt haben und dass die Troika im Einklang mit diesen Annahmen den schweren, aber richtigen Weg gefunden habe, gepflastert mit Druck, Drohungen, Abgaben, Ma\u00dfnahmen und Gegenma\u00dfnahmen, den wahren Geschichten der Menschen zum Trotz und mit ausschlie\u00dflichem Blick auf Zahlen, Statistiken und virtuellen Finanzindikatoren (im sch\u00f6nen Land Italien ist im \u00dcbrigen nichts anderes passiert).<\/p>\n<p>Es stellt sich die Frage warum nur ganz wenige die Tatsache hinterfragen, wie es m\u00f6glich gewesen sei, das eine Krise, die aus der Finanzwelt (einer virtuellen Welt) und durch Spekulationen von privaten Firmen entstanden ist, sich in eine kollektive Krise der realen Wirtschaft verwandeln konnte. Haben wir hier irgendwas verpasst?<\/p>\n<p>\u00dcberlassen wir das schwierige Urteil den Nachkommen, und vor allem den Lesern die M\u00f6glichkeit, dar\u00fcber nachzudenken, um besser zu verstehen, vielleicht auch die Erinnerung aufzufrischen oder nach anderen Informationsquellen zu suchen, die weniger gelenkt sind und die unvoreingenommen den Blick darauf er\u00f6ffnen, wie die Welt in der heutigen Zeit funktioniert.<\/p>\n<p>Vor kurzem hatte ich die Gelegenheit, einige Stunden in Athen zu verbringen und unvermeidlicherweise auch auf die lokale Bev\u00f6lkerung zu treffen, die Stadt und ihre Stra\u00dfen zu erleben und mit eigenen Augen den Fluss des Lebens zu sehen, der hier jenseits der medialen Berichterstattung flie\u00dft, die international und national in letzter Zeit nur noch von Griechenland mit Schlagzeilen spricht wie \u201eRegierung in Athen unter Druck der Troika, die neue Sparma\u00dfnahmen fordert\u201c.<\/p>\n<p><em>Athen in 24 Stunden<\/em> war das Motto, nach dem ich mich entschieden hatte, die hellenische Hauptstadt zu erkunden, das ich atmen wollte, um zu versuchen, von den \u00fcblichen Mainstream-Schlagzeilen abzusehen und danach zu streben, die heutige griechische Gesellschaft als menschliches Wesen und fernab des medialen Bombardements zu erleben und zu genie\u00dfen.<\/p>\n<p>So entstand eine Skizze in vielen Farben, die die mysteri\u00f6se und faszinierende Mischung aus Moderne und Geschichte von <em>\u1f08\u03b8\u1fc6\u03bd\u03b1\u03b9\u00a0<\/em> (\u201eAthen\u201c auf altgriechisch) widerspiegeln; eine magische und fast surreale Atmosph\u00e4re, die in jedem Winkel der Stadt zu sp\u00fcren ist.<\/p>\n<p>Die freundliche Sonne, die die Vitalit\u00e4t der Stra\u00dfen erhellt, das glitzernde Meer vor Augen, die Ehrfurcht gebietenden marmornen Tempel, die Farben und Ger\u00e4usche der Pl\u00e4tze, wo Jung und Alt sich nur augenscheinlich aus verschiedenen Gr\u00fcnden treffen. Neue und alte Agoren (<em>zentrale Fest- Versammlungs- und Marktpl\u00e4tze im antiken Griechenland; Anm. der \u00dcbersetzung<\/em>), erf\u00fcllt von Lachen und Wohlklang, von Rufen und Sirenen, von entmutigten aber auch hoffnungsvollen Demonstranten, von K\u00fcnstlern und normalen Menschen, die ihrerseits wiederum unbewusst K\u00fcnstler des Lebens sind.<\/p>\n<p>Die Eindr\u00fccke von Sorgen, Beschwerden, Sparpolitik, Aufruhr, Generalstreiks, Kritik an der Welt und Protesten der Graffiti-Maler an den Mauern \u00fcberschlagen und kreuzen sich mit denen der Kapitelle und imposanten S\u00e4ulen, der Jahrhunderte alten B\u00e4ume, Zeugen der griechischen Zivilisation, der Kreativit\u00e4t und der Leidenschaft der Menschen, die sich heute einem einfachen und essentiellen Lebensstil angepasst haben und die hier, in der Ruhe der einst heiligen und heute aufst\u00e4ndischen Orte in Frieden verweilen wollen, um ihre Existenz mit einem Drink, einem Tanz und einer Melodie zu genie\u00dfen.<\/p>\n<p>Und so verliert man sich am Ende des Tages, wenn die Dunkelheit den Duft der Antike verbirgt, um einer modernen globalisierten Wirklichkeit zu weichen, im Schwelgen in der Kunst, der Musik und dem gemeinsamen Erleben der Liebe.<\/p>\n<p><em>Nachfolgend ein Video mit Eindr\u00fccken ohne Kommentar der 24 Stunden in Athen:<\/em><\/p>\n<div style=\"text-align: justify;\"><\/div>\n<div style=\"text-align: justify;\">\n<p><iframe loading=\"lazy\" title=\"A day in Athens - November 2014\" width=\"500\" height=\"281\" src=\"https:\/\/www.youtube.com\/embed\/iPPsWwjhFBc?feature=oembed\" frameborder=\"0\" allow=\"accelerometer; autoplay; clipboard-write; encrypted-media; gyroscope; picture-in-picture; web-share\" referrerpolicy=\"strict-origin-when-cross-origin\" allowfullscreen><\/iframe><\/p>\n<\/div>\n","protected":false},"excerpt":{"rendered":"<p>\u00dcbersetzung aus dem Italienischen von Evelyn Rottengatter Seit einigen Jahren hat sich Griechenland als Land der Krise beispiellos in die kollektive Erinnerung eingebrannt. Es ist das europ\u00e4ische Land, das st\u00e4rker als alle anderen eine Rezession und eine Austerit\u00e4tspolitik erlebt hat&hellip;<\/p>\n","protected":false},"author":680,"featured_media":154201,"comment_status":"closed","ping_status":"open","sticky":false,"template":"","format":"standard","meta":{"footnotes":""},"categories":[9150,7835,9156,11387,27991],"tags":[15040,15039,15221,15041,15042,14082],"class_list":["post-154199","post","type-post","status-publish","format-standard","has-post-thumbnail","hentry","category-europa-de","category-international-de","category-kultur-und-medien","category-originalinhalt","category-video-de","tag-athen","tag-austeritatspolitik","tag-griechenland","tag-rezession","tag-troika-de","tag-wirtschaftskrise"],"yoast_head":"<!-- This site is optimized with the Yoast SEO plugin v27.1.1 - https:\/\/yoast.com\/product\/yoast-seo-wordpress\/ -->\n<title>Ein Tag in Athen<\/title>\n<meta name=\"description\" content=\"\u00dcbersetzung aus dem Italienischen von Evelyn Rottengatter Seit einigen Jahren hat sich Griechenland als Land der Krise beispiellos in die kollektive\" \/>\n<meta name=\"robots\" content=\"index, follow, max-snippet:-1, max-image-preview:large, max-video-preview:-1\" \/>\n<link rel=\"canonical\" href=\"https:\/\/www.pressenza.com\/de\/2014\/12\/ein-tag-athen\/\" \/>\n<meta property=\"og:locale\" content=\"de_DE\" \/>\n<meta property=\"og:type\" content=\"article\" \/>\n<meta property=\"og:title\" content=\"Ein Tag in Athen\" \/>\n<meta property=\"og:description\" content=\"\u00dcbersetzung aus dem Italienischen von Evelyn Rottengatter Seit einigen Jahren hat sich Griechenland als Land der Krise beispiellos in die kollektive\" \/>\n<meta property=\"og:url\" content=\"https:\/\/www.pressenza.com\/de\/2014\/12\/ein-tag-athen\/\" \/>\n<meta property=\"og:site_name\" content=\"Pressenza\" \/>\n<meta property=\"article:publisher\" content=\"https:\/\/www.facebook.com\/PressenzaItalia\" \/>\n<meta property=\"article:author\" content=\"https:\/\/www.facebook.com\/dariosolare\" \/>\n<meta property=\"article:published_time\" content=\"2014-12-22T15:04:04+00:00\" \/>\n<meta property=\"article:modified_time\" content=\"2015-08-23T18:51:46+00:00\" \/>\n<meta property=\"og:image\" content=\"https:\/\/www.pressenza.com\/wp-content\/uploads\/2014\/12\/Greece12.jpg\" \/>\n\t<meta property=\"og:image:width\" content=\"3264\" \/>\n\t<meta property=\"og:image:height\" content=\"2448\" \/>\n\t<meta property=\"og:image:type\" content=\"image\/jpeg\" \/>\n<meta name=\"author\" content=\"Dario Lo Scalzo\" \/>\n<meta name=\"twitter:card\" content=\"summary_large_image\" \/>\n<meta name=\"twitter:creator\" content=\"@dario-lo-scalzo\" \/>\n<meta name=\"twitter:site\" content=\"@PressenzaIPA\" \/>\n<meta name=\"twitter:label1\" content=\"Verfasst von\" \/>\n\t<meta name=\"twitter:data1\" content=\"Dario Lo Scalzo\" \/>\n\t<meta name=\"twitter:label2\" content=\"Gesch\u00e4tzte Lesezeit\" \/>\n\t<meta name=\"twitter:data2\" content=\"4\u00a0Minuten\" \/>\n<script type=\"application\/ld+json\" class=\"yoast-schema-graph\">{\"@context\":\"https:\/\/schema.org\",\"@graph\":[{\"@type\":\"Article\",\"@id\":\"https:\/\/www.pressenza.com\/de\/2014\/12\/ein-tag-athen\/#article\",\"isPartOf\":{\"@id\":\"https:\/\/www.pressenza.com\/de\/2014\/12\/ein-tag-athen\/\"},\"author\":{\"name\":\"Dario Lo Scalzo\",\"@id\":\"https:\/\/www.pressenza.com\/de\/#\/schema\/person\/4734d5a58e73e1588c6b58e2610d4390\"},\"headline\":\"Ein Tag in Athen\",\"datePublished\":\"2014-12-22T15:04:04+00:00\",\"dateModified\":\"2015-08-23T18:51:46+00:00\",\"mainEntityOfPage\":{\"@id\":\"https:\/\/www.pressenza.com\/de\/2014\/12\/ein-tag-athen\/\"},\"wordCount\":752,\"publisher\":{\"@id\":\"https:\/\/www.pressenza.com\/de\/#organization\"},\"image\":{\"@id\":\"https:\/\/www.pressenza.com\/de\/2014\/12\/ein-tag-athen\/#primaryimage\"},\"thumbnailUrl\":\"https:\/\/www.pressenza.com\/wp-content\/uploads\/2014\/12\/Greece12.jpg\",\"keywords\":[\"Athen\",\"Austerit\u00e4tspolitik\",\"Griechenland\",\"Rezession\",\"Troika\",\"Wirtschaftskrise\"],\"articleSection\":[\"Europa\",\"International\",\"Kultur und Medien\",\"Originalinhalt\",\"Video\"],\"inLanguage\":\"de\"},{\"@type\":\"WebPage\",\"@id\":\"https:\/\/www.pressenza.com\/de\/2014\/12\/ein-tag-athen\/\",\"url\":\"https:\/\/www.pressenza.com\/de\/2014\/12\/ein-tag-athen\/\",\"name\":\"Ein Tag in Athen\",\"isPartOf\":{\"@id\":\"https:\/\/www.pressenza.com\/de\/#website\"},\"primaryImageOfPage\":{\"@id\":\"https:\/\/www.pressenza.com\/de\/2014\/12\/ein-tag-athen\/#primaryimage\"},\"image\":{\"@id\":\"https:\/\/www.pressenza.com\/de\/2014\/12\/ein-tag-athen\/#primaryimage\"},\"thumbnailUrl\":\"https:\/\/www.pressenza.com\/wp-content\/uploads\/2014\/12\/Greece12.jpg\",\"datePublished\":\"2014-12-22T15:04:04+00:00\",\"dateModified\":\"2015-08-23T18:51:46+00:00\",\"description\":\"\u00dcbersetzung aus dem Italienischen von Evelyn Rottengatter Seit einigen Jahren hat sich Griechenland als Land der Krise beispiellos in die kollektive\",\"breadcrumb\":{\"@id\":\"https:\/\/www.pressenza.com\/de\/2014\/12\/ein-tag-athen\/#breadcrumb\"},\"inLanguage\":\"de\",\"potentialAction\":[{\"@type\":\"ReadAction\",\"target\":[\"https:\/\/www.pressenza.com\/de\/2014\/12\/ein-tag-athen\/\"]}]},{\"@type\":\"ImageObject\",\"inLanguage\":\"de\",\"@id\":\"https:\/\/www.pressenza.com\/de\/2014\/12\/ein-tag-athen\/#primaryimage\",\"url\":\"https:\/\/www.pressenza.com\/wp-content\/uploads\/2014\/12\/Greece12.jpg\",\"contentUrl\":\"https:\/\/www.pressenza.com\/wp-content\/uploads\/2014\/12\/Greece12.jpg\",\"width\":3264,\"height\":2448},{\"@type\":\"BreadcrumbList\",\"@id\":\"https:\/\/www.pressenza.com\/de\/2014\/12\/ein-tag-athen\/#breadcrumb\",\"itemListElement\":[{\"@type\":\"ListItem\",\"position\":1,\"name\":\"Accueil\",\"item\":\"https:\/\/www.pressenza.com\/de\/\"},{\"@type\":\"ListItem\",\"position\":2,\"name\":\"Ein Tag in Athen\"}]},{\"@type\":\"WebSite\",\"@id\":\"https:\/\/www.pressenza.com\/de\/#website\",\"url\":\"https:\/\/www.pressenza.com\/de\/\",\"name\":\"Pressenza\",\"description\":\"International Press Agency\",\"publisher\":{\"@id\":\"https:\/\/www.pressenza.com\/de\/#organization\"},\"potentialAction\":[{\"@type\":\"SearchAction\",\"target\":{\"@type\":\"EntryPoint\",\"urlTemplate\":\"https:\/\/www.pressenza.com\/de\/?s={search_term_string}\"},\"query-input\":{\"@type\":\"PropertyValueSpecification\",\"valueRequired\":true,\"valueName\":\"search_term_string\"}}],\"inLanguage\":\"de\"},{\"@type\":\"Organization\",\"@id\":\"https:\/\/www.pressenza.com\/de\/#organization\",\"name\":\"Pressenza\",\"url\":\"https:\/\/www.pressenza.com\/de\/\",\"logo\":{\"@type\":\"ImageObject\",\"inLanguage\":\"de\",\"@id\":\"https:\/\/www.pressenza.com\/de\/#\/schema\/logo\/image\/\",\"url\":\"https:\/\/www.pressenza.com\/wp-content\/uploads\/2022\/10\/pressenza_logo_200x200.jpg\",\"contentUrl\":\"https:\/\/www.pressenza.com\/wp-content\/uploads\/2022\/10\/pressenza_logo_200x200.jpg\",\"width\":200,\"height\":200,\"caption\":\"Pressenza\"},\"image\":{\"@id\":\"https:\/\/www.pressenza.com\/de\/#\/schema\/logo\/image\/\"},\"sameAs\":[\"https:\/\/www.facebook.com\/PressenzaItalia\",\"https:\/\/x.com\/PressenzaIPA\"]},{\"@type\":\"Person\",\"@id\":\"https:\/\/www.pressenza.com\/de\/#\/schema\/person\/4734d5a58e73e1588c6b58e2610d4390\",\"name\":\"Dario Lo Scalzo\",\"description\":\"Dario Lo Scalzo: Journalist, writer and videomaker Dario has a professional background in banking, microcredit, lean thinking and change management. For years, he has been involved in Human Rights and Nonviolence issues. As a journalist, he wrote for Terranauta and Il Cambiamento (as a columnist and creator of the \\\"Invisible Stories\\\" section). He also cooperated with other online and print newpapers (Girodivite, Left Avvenimenti, Il Clandestino con permesso di soggiorno). In 2020, he created and launched the Video Team of the online green magazine \\\"GreenMe\\\". Currently, Dario is part of the Italian editorial staff of Pressenza International Press Agency and he is a freelance video-journalist at Radiotelevisione svizzera (RSI)\",\"sameAs\":[\"https:\/\/www.facebook.com\/dariosolare\",\"https:\/\/x.com\/dario-lo-scalzo\"],\"url\":\"https:\/\/www.pressenza.com\/de\/author\/dario-lo-scalzo\/\"}]}<\/script>\n<!-- \/ Yoast SEO plugin. -->","yoast_head_json":{"title":"Ein Tag in Athen","description":"\u00dcbersetzung aus dem Italienischen von Evelyn Rottengatter Seit einigen Jahren hat sich Griechenland als Land der Krise beispiellos in die kollektive","robots":{"index":"index","follow":"follow","max-snippet":"max-snippet:-1","max-image-preview":"max-image-preview:large","max-video-preview":"max-video-preview:-1"},"canonical":"https:\/\/www.pressenza.com\/de\/2014\/12\/ein-tag-athen\/","og_locale":"de_DE","og_type":"article","og_title":"Ein Tag in Athen","og_description":"\u00dcbersetzung aus dem Italienischen von Evelyn Rottengatter Seit einigen Jahren hat sich Griechenland als Land der Krise beispiellos in die kollektive","og_url":"https:\/\/www.pressenza.com\/de\/2014\/12\/ein-tag-athen\/","og_site_name":"Pressenza","article_publisher":"https:\/\/www.facebook.com\/PressenzaItalia","article_author":"https:\/\/www.facebook.com\/dariosolare","article_published_time":"2014-12-22T15:04:04+00:00","article_modified_time":"2015-08-23T18:51:46+00:00","og_image":[{"width":3264,"height":2448,"url":"https:\/\/www.pressenza.com\/wp-content\/uploads\/2014\/12\/Greece12.jpg","type":"image\/jpeg"}],"author":"Dario Lo Scalzo","twitter_card":"summary_large_image","twitter_creator":"@dario-lo-scalzo","twitter_site":"@PressenzaIPA","twitter_misc":{"Verfasst von":"Dario Lo Scalzo","Gesch\u00e4tzte Lesezeit":"4\u00a0Minuten"},"schema":{"@context":"https:\/\/schema.org","@graph":[{"@type":"Article","@id":"https:\/\/www.pressenza.com\/de\/2014\/12\/ein-tag-athen\/#article","isPartOf":{"@id":"https:\/\/www.pressenza.com\/de\/2014\/12\/ein-tag-athen\/"},"author":{"name":"Dario Lo Scalzo","@id":"https:\/\/www.pressenza.com\/de\/#\/schema\/person\/4734d5a58e73e1588c6b58e2610d4390"},"headline":"Ein Tag in Athen","datePublished":"2014-12-22T15:04:04+00:00","dateModified":"2015-08-23T18:51:46+00:00","mainEntityOfPage":{"@id":"https:\/\/www.pressenza.com\/de\/2014\/12\/ein-tag-athen\/"},"wordCount":752,"publisher":{"@id":"https:\/\/www.pressenza.com\/de\/#organization"},"image":{"@id":"https:\/\/www.pressenza.com\/de\/2014\/12\/ein-tag-athen\/#primaryimage"},"thumbnailUrl":"https:\/\/www.pressenza.com\/wp-content\/uploads\/2014\/12\/Greece12.jpg","keywords":["Athen","Austerit\u00e4tspolitik","Griechenland","Rezession","Troika","Wirtschaftskrise"],"articleSection":["Europa","International","Kultur und Medien","Originalinhalt","Video"],"inLanguage":"de"},{"@type":"WebPage","@id":"https:\/\/www.pressenza.com\/de\/2014\/12\/ein-tag-athen\/","url":"https:\/\/www.pressenza.com\/de\/2014\/12\/ein-tag-athen\/","name":"Ein Tag in Athen","isPartOf":{"@id":"https:\/\/www.pressenza.com\/de\/#website"},"primaryImageOfPage":{"@id":"https:\/\/www.pressenza.com\/de\/2014\/12\/ein-tag-athen\/#primaryimage"},"image":{"@id":"https:\/\/www.pressenza.com\/de\/2014\/12\/ein-tag-athen\/#primaryimage"},"thumbnailUrl":"https:\/\/www.pressenza.com\/wp-content\/uploads\/2014\/12\/Greece12.jpg","datePublished":"2014-12-22T15:04:04+00:00","dateModified":"2015-08-23T18:51:46+00:00","description":"\u00dcbersetzung aus dem Italienischen von Evelyn Rottengatter Seit einigen Jahren hat sich Griechenland als Land der Krise beispiellos in die kollektive","breadcrumb":{"@id":"https:\/\/www.pressenza.com\/de\/2014\/12\/ein-tag-athen\/#breadcrumb"},"inLanguage":"de","potentialAction":[{"@type":"ReadAction","target":["https:\/\/www.pressenza.com\/de\/2014\/12\/ein-tag-athen\/"]}]},{"@type":"ImageObject","inLanguage":"de","@id":"https:\/\/www.pressenza.com\/de\/2014\/12\/ein-tag-athen\/#primaryimage","url":"https:\/\/www.pressenza.com\/wp-content\/uploads\/2014\/12\/Greece12.jpg","contentUrl":"https:\/\/www.pressenza.com\/wp-content\/uploads\/2014\/12\/Greece12.jpg","width":3264,"height":2448},{"@type":"BreadcrumbList","@id":"https:\/\/www.pressenza.com\/de\/2014\/12\/ein-tag-athen\/#breadcrumb","itemListElement":[{"@type":"ListItem","position":1,"name":"Accueil","item":"https:\/\/www.pressenza.com\/de\/"},{"@type":"ListItem","position":2,"name":"Ein Tag in Athen"}]},{"@type":"WebSite","@id":"https:\/\/www.pressenza.com\/de\/#website","url":"https:\/\/www.pressenza.com\/de\/","name":"Pressenza","description":"International Press Agency","publisher":{"@id":"https:\/\/www.pressenza.com\/de\/#organization"},"potentialAction":[{"@type":"SearchAction","target":{"@type":"EntryPoint","urlTemplate":"https:\/\/www.pressenza.com\/de\/?s={search_term_string}"},"query-input":{"@type":"PropertyValueSpecification","valueRequired":true,"valueName":"search_term_string"}}],"inLanguage":"de"},{"@type":"Organization","@id":"https:\/\/www.pressenza.com\/de\/#organization","name":"Pressenza","url":"https:\/\/www.pressenza.com\/de\/","logo":{"@type":"ImageObject","inLanguage":"de","@id":"https:\/\/www.pressenza.com\/de\/#\/schema\/logo\/image\/","url":"https:\/\/www.pressenza.com\/wp-content\/uploads\/2022\/10\/pressenza_logo_200x200.jpg","contentUrl":"https:\/\/www.pressenza.com\/wp-content\/uploads\/2022\/10\/pressenza_logo_200x200.jpg","width":200,"height":200,"caption":"Pressenza"},"image":{"@id":"https:\/\/www.pressenza.com\/de\/#\/schema\/logo\/image\/"},"sameAs":["https:\/\/www.facebook.com\/PressenzaItalia","https:\/\/x.com\/PressenzaIPA"]},{"@type":"Person","@id":"https:\/\/www.pressenza.com\/de\/#\/schema\/person\/4734d5a58e73e1588c6b58e2610d4390","name":"Dario Lo Scalzo","description":"Dario Lo Scalzo: Journalist, writer and videomaker Dario has a professional background in banking, microcredit, lean thinking and change management. For years, he has been involved in Human Rights and Nonviolence issues. As a journalist, he wrote for Terranauta and Il Cambiamento (as a columnist and creator of the \"Invisible Stories\" section). He also cooperated with other online and print newpapers (Girodivite, Left Avvenimenti, Il Clandestino con permesso di soggiorno). In 2020, he created and launched the Video Team of the online green magazine \"GreenMe\". Currently, Dario is part of the Italian editorial staff of Pressenza International Press Agency and he is a freelance video-journalist at Radiotelevisione svizzera (RSI)","sameAs":["https:\/\/www.facebook.com\/dariosolare","https:\/\/x.com\/dario-lo-scalzo"],"url":"https:\/\/www.pressenza.com\/de\/author\/dario-lo-scalzo\/"}]}},"place":"","original_article_url":"","_links":{"self":[{"href":"https:\/\/www.pressenza.com\/de\/wp-json\/wp\/v2\/posts\/154199","targetHints":{"allow":["GET"]}}],"collection":[{"href":"https:\/\/www.pressenza.com\/de\/wp-json\/wp\/v2\/posts"}],"about":[{"href":"https:\/\/www.pressenza.com\/de\/wp-json\/wp\/v2\/types\/post"}],"author":[{"embeddable":true,"href":"https:\/\/www.pressenza.com\/de\/wp-json\/wp\/v2\/users\/680"}],"replies":[{"embeddable":true,"href":"https:\/\/www.pressenza.com\/de\/wp-json\/wp\/v2\/comments?post=154199"}],"version-history":[{"count":0,"href":"https:\/\/www.pressenza.com\/de\/wp-json\/wp\/v2\/posts\/154199\/revisions"}],"wp:featuredmedia":[{"embeddable":true,"href":"https:\/\/www.pressenza.com\/de\/wp-json\/wp\/v2\/media\/154201"}],"wp:attachment":[{"href":"https:\/\/www.pressenza.com\/de\/wp-json\/wp\/v2\/media?parent=154199"}],"wp:term":[{"taxonomy":"category","embeddable":true,"href":"https:\/\/www.pressenza.com\/de\/wp-json\/wp\/v2\/categories?post=154199"},{"taxonomy":"post_tag","embeddable":true,"href":"https:\/\/www.pressenza.com\/de\/wp-json\/wp\/v2\/tags?post=154199"}],"curies":[{"name":"wp","href":"https:\/\/api.w.org\/{rel}","templated":true}]}}