{"id":1536813,"date":"2022-03-08T06:11:02","date_gmt":"2022-03-08T06:11:02","guid":{"rendered":"https:\/\/www.pressenza.com\/?p=1536813"},"modified":"2022-03-08T06:11:02","modified_gmt":"2022-03-08T06:11:02","slug":"die-waffen-nieder-friedensdemonstration-am-13-3-2022","status":"publish","type":"post","link":"https:\/\/www.pressenza.com\/de\/2022\/03\/die-waffen-nieder-friedensdemonstration-am-13-3-2022\/","title":{"rendered":"DIE WAFFEN NIEDER! &#8211; Friedensdemonstration  am 13.3.2022"},"content":{"rendered":"<p><strong>DIE WAFFEN NIEDER! &#8211; Stoppen wir gemeinsam diesen Krieg!<\/strong><\/p>\n<ul>\n<li><strong>Nein zu einer neuen R\u00fcstungsspirale!<br \/>\n<\/strong><\/li>\n<li><strong>Hochr\u00fcstung und Milit\u00e4r verunm\u00f6glichen auch die Erreichung der Klimaziele!<br \/>\n<\/strong><\/li>\n<li><strong>F\u00fcr einen neuen Friedensprozess in Europa unter Einschluss Russlands und der USA!<br \/>\n<\/strong><\/li>\n<li><strong>Milit\u00e4rbl\u00f6cke spalten \u2013 Neutralit\u00e4t verbindet!<\/strong><\/li>\n<\/ul>\n<p>Unter diesen Losungen wird ein breites B\u00fcndnis von Friedens- und zivilgesellschaftlichen Initiativen und Organisationen am\u00a0<strong>Sonntag, 13. M\u00e4rz 2022<\/strong>, eine Demonstration veranstalten.<br \/>\nTreffpunkt: 16.00 Platz der Menschenrechte, Wien<br \/>\nAbschluss: Denkmal der Kriegsdienstverweigerer am Ballhausplatz<\/p>\n<p>Im Rahmen des B\u00fcndnisses ist dieser Aufruf in Diskussion.<br \/>\n<a href=\"https:\/\/www.solidarwerkstatt.at\/lists\/lt.php?tid=LR8OVgMPVgJSCkwBBFdTTgILXVUYBFZXABsABlMDCAFdUFBQAABLAlVQWFNSVFdODgMJVxhSBlQAG1kNVVAVCwcFUFMCVFYPV1BZHwQHUwUEBAEFGFABXwUbVQcAVRUAAwVVSFFSVA4BCwBUBldQVg\" target=\"_blank\" rel=\"noopener noreferrer\">Weiterlesen<\/a><\/p>\n<p>&nbsp;<\/p>\n","protected":false},"excerpt":{"rendered":"<p>DIE WAFFEN NIEDER! &#8211; Stoppen wir gemeinsam diesen Krieg! Nein zu einer neuen R\u00fcstungsspirale! Hochr\u00fcstung und Milit\u00e4r verunm\u00f6glichen auch die Erreichung der Klimaziele! F\u00fcr einen neuen Friedensprozess in Europa unter Einschluss Russlands und der USA! Milit\u00e4rbl\u00f6cke spalten \u2013 Neutralit\u00e4t verbindet!&hellip;<\/p>\n","protected":false},"author":1096,"featured_media":1536824,"comment_status":"closed","ping_status":"closed","sticky":false,"template":"","format":"standard","meta":{"footnotes":""},"categories":[9167,9161,9145],"tags":[79888,69171,99867,9262],"class_list":["post-1536813","post","type-post","status-publish","format-standard","has-post-thumbnail","hentry","category-frieden-und-abruestung","category-menschenrechte","category-pressemitteilungen","tag-bertha-von-suttner-de","tag-demo","tag-die-waffen-nieder","tag-frieden"],"yoast_head":"<!-- This site is optimized with the Yoast SEO plugin v27.1.1 - https:\/\/yoast.com\/product\/yoast-seo-wordpress\/ -->\n<title>DIE WAFFEN NIEDER! - Friedensdemonstration am 13.3.2022<\/title>\n<meta name=\"description\" content=\"DIE WAFFEN NIEDER! - Stoppen wir gemeinsam diesen Krieg! Nein zu einer neuen R\u00fcstungsspirale! Hochr\u00fcstung und Milit\u00e4r verunm\u00f6glichen auch die Erreichung\" \/>\n<meta name=\"robots\" content=\"index, follow, max-snippet:-1, max-image-preview:large, max-video-preview:-1\" \/>\n<link rel=\"canonical\" href=\"https:\/\/www.pressenza.com\/de\/2022\/03\/die-waffen-nieder-friedensdemonstration-am-13-3-2022\/\" \/>\n<meta property=\"og:locale\" content=\"de_DE\" \/>\n<meta property=\"og:type\" content=\"article\" \/>\n<meta property=\"og:title\" content=\"DIE WAFFEN NIEDER! - Friedensdemonstration am 13.3.2022\" \/>\n<meta property=\"og:description\" content=\"DIE WAFFEN NIEDER! - Stoppen wir gemeinsam diesen Krieg! Nein zu einer neuen R\u00fcstungsspirale! Hochr\u00fcstung und Milit\u00e4r verunm\u00f6glichen auch die Erreichung\" \/>\n<meta property=\"og:url\" content=\"https:\/\/www.pressenza.com\/de\/2022\/03\/die-waffen-nieder-friedensdemonstration-am-13-3-2022\/\" \/>\n<meta property=\"og:site_name\" content=\"Pressenza\" \/>\n<meta property=\"article:publisher\" content=\"https:\/\/www.facebook.com\/PressenzaItalia\" \/>\n<meta property=\"article:published_time\" content=\"2022-03-08T06:11:02+00:00\" \/>\n<meta property=\"og:image\" content=\"https:\/\/www.pressenza.com\/wp-content\/uploads\/2022\/03\/Bertha_von_Suttner_Briefmarke_Deutschland_2005.v1-1.jpg\" \/>\n\t<meta property=\"og:image:width\" content=\"1498\" \/>\n\t<meta property=\"og:image:height\" content=\"1110\" \/>\n\t<meta property=\"og:image:type\" content=\"image\/jpeg\" \/>\n<meta name=\"author\" content=\"Pressenza Wien\" \/>\n<meta name=\"twitter:card\" content=\"summary_large_image\" \/>\n<meta name=\"twitter:creator\" content=\"@pressenza_ger\" \/>\n<meta name=\"twitter:site\" content=\"@PressenzaIPA\" \/>\n<meta name=\"twitter:label1\" content=\"Verfasst von\" \/>\n\t<meta name=\"twitter:data1\" content=\"Pressenza Wien\" \/>\n\t<meta name=\"twitter:label2\" content=\"Gesch\u00e4tzte Lesezeit\" \/>\n\t<meta name=\"twitter:data2\" content=\"1\u00a0Minute\" \/>\n<script type=\"application\/ld+json\" class=\"yoast-schema-graph\">{\"@context\":\"https:\/\/schema.org\",\"@graph\":[{\"@type\":\"Article\",\"@id\":\"https:\/\/www.pressenza.com\/de\/2022\/03\/die-waffen-nieder-friedensdemonstration-am-13-3-2022\/#article\",\"isPartOf\":{\"@id\":\"https:\/\/www.pressenza.com\/de\/2022\/03\/die-waffen-nieder-friedensdemonstration-am-13-3-2022\/\"},\"author\":{\"name\":\"Pressenza Wien\",\"@id\":\"https:\/\/www.pressenza.com\/de\/#\/schema\/person\/3df859e5bf9b19ab936f666e0177e38b\"},\"headline\":\"DIE WAFFEN NIEDER! &#8211; Friedensdemonstration am 13.3.2022\",\"datePublished\":\"2022-03-08T06:11:02+00:00\",\"mainEntityOfPage\":{\"@id\":\"https:\/\/www.pressenza.com\/de\/2022\/03\/die-waffen-nieder-friedensdemonstration-am-13-3-2022\/\"},\"wordCount\":98,\"publisher\":{\"@id\":\"https:\/\/www.pressenza.com\/de\/#organization\"},\"image\":{\"@id\":\"https:\/\/www.pressenza.com\/de\/2022\/03\/die-waffen-nieder-friedensdemonstration-am-13-3-2022\/#primaryimage\"},\"thumbnailUrl\":\"https:\/\/www.pressenza.com\/wp-content\/uploads\/2022\/03\/Bertha_von_Suttner_Briefmarke_Deutschland_2005.v1-1.jpg\",\"keywords\":[\"Bertha von Suttner\",\"Demo\",\"Die Waffen nieder\",\"Frieden\"],\"articleSection\":[\"Frieden und Abr\u00fcstung\",\"Menschenrechte\",\"Pressemitteilungen\"],\"inLanguage\":\"de\"},{\"@type\":\"WebPage\",\"@id\":\"https:\/\/www.pressenza.com\/de\/2022\/03\/die-waffen-nieder-friedensdemonstration-am-13-3-2022\/\",\"url\":\"https:\/\/www.pressenza.com\/de\/2022\/03\/die-waffen-nieder-friedensdemonstration-am-13-3-2022\/\",\"name\":\"DIE WAFFEN NIEDER! - Friedensdemonstration am 13.3.2022\",\"isPartOf\":{\"@id\":\"https:\/\/www.pressenza.com\/de\/#website\"},\"primaryImageOfPage\":{\"@id\":\"https:\/\/www.pressenza.com\/de\/2022\/03\/die-waffen-nieder-friedensdemonstration-am-13-3-2022\/#primaryimage\"},\"image\":{\"@id\":\"https:\/\/www.pressenza.com\/de\/2022\/03\/die-waffen-nieder-friedensdemonstration-am-13-3-2022\/#primaryimage\"},\"thumbnailUrl\":\"https:\/\/www.pressenza.com\/wp-content\/uploads\/2022\/03\/Bertha_von_Suttner_Briefmarke_Deutschland_2005.v1-1.jpg\",\"datePublished\":\"2022-03-08T06:11:02+00:00\",\"description\":\"DIE WAFFEN NIEDER! - Stoppen wir gemeinsam diesen Krieg! Nein zu einer neuen R\u00fcstungsspirale! Hochr\u00fcstung und Milit\u00e4r verunm\u00f6glichen auch die Erreichung\",\"breadcrumb\":{\"@id\":\"https:\/\/www.pressenza.com\/de\/2022\/03\/die-waffen-nieder-friedensdemonstration-am-13-3-2022\/#breadcrumb\"},\"inLanguage\":\"de\",\"potentialAction\":[{\"@type\":\"ReadAction\",\"target\":[\"https:\/\/www.pressenza.com\/de\/2022\/03\/die-waffen-nieder-friedensdemonstration-am-13-3-2022\/\"]}]},{\"@type\":\"ImageObject\",\"inLanguage\":\"de\",\"@id\":\"https:\/\/www.pressenza.com\/de\/2022\/03\/die-waffen-nieder-friedensdemonstration-am-13-3-2022\/#primaryimage\",\"url\":\"https:\/\/www.pressenza.com\/wp-content\/uploads\/2022\/03\/Bertha_von_Suttner_Briefmarke_Deutschland_2005.v1-1.jpg\",\"contentUrl\":\"https:\/\/www.pressenza.com\/wp-content\/uploads\/2022\/03\/Bertha_von_Suttner_Briefmarke_Deutschland_2005.v1-1.jpg\",\"width\":1498,\"height\":1110,\"caption\":\"Die Waffen nieder\"},{\"@type\":\"BreadcrumbList\",\"@id\":\"https:\/\/www.pressenza.com\/de\/2022\/03\/die-waffen-nieder-friedensdemonstration-am-13-3-2022\/#breadcrumb\",\"itemListElement\":[{\"@type\":\"ListItem\",\"position\":1,\"name\":\"Accueil\",\"item\":\"https:\/\/www.pressenza.com\/de\/\"},{\"@type\":\"ListItem\",\"position\":2,\"name\":\"DIE WAFFEN NIEDER! &#8211; Friedensdemonstration am 13.3.2022\"}]},{\"@type\":\"WebSite\",\"@id\":\"https:\/\/www.pressenza.com\/de\/#website\",\"url\":\"https:\/\/www.pressenza.com\/de\/\",\"name\":\"Pressenza\",\"description\":\"International Press Agency\",\"publisher\":{\"@id\":\"https:\/\/www.pressenza.com\/de\/#organization\"},\"potentialAction\":[{\"@type\":\"SearchAction\",\"target\":{\"@type\":\"EntryPoint\",\"urlTemplate\":\"https:\/\/www.pressenza.com\/de\/?s={search_term_string}\"},\"query-input\":{\"@type\":\"PropertyValueSpecification\",\"valueRequired\":true,\"valueName\":\"search_term_string\"}}],\"inLanguage\":\"de\"},{\"@type\":\"Organization\",\"@id\":\"https:\/\/www.pressenza.com\/de\/#organization\",\"name\":\"Pressenza\",\"url\":\"https:\/\/www.pressenza.com\/de\/\",\"logo\":{\"@type\":\"ImageObject\",\"inLanguage\":\"de\",\"@id\":\"https:\/\/www.pressenza.com\/de\/#\/schema\/logo\/image\/\",\"url\":\"https:\/\/www.pressenza.com\/wp-content\/uploads\/2022\/10\/pressenza_logo_200x200.jpg\",\"contentUrl\":\"https:\/\/www.pressenza.com\/wp-content\/uploads\/2022\/10\/pressenza_logo_200x200.jpg\",\"width\":200,\"height\":200,\"caption\":\"Pressenza\"},\"image\":{\"@id\":\"https:\/\/www.pressenza.com\/de\/#\/schema\/logo\/image\/\"},\"sameAs\":[\"https:\/\/www.facebook.com\/PressenzaItalia\",\"https:\/\/x.com\/PressenzaIPA\"]},{\"@type\":\"Person\",\"@id\":\"https:\/\/www.pressenza.com\/de\/#\/schema\/person\/3df859e5bf9b19ab936f666e0177e38b\",\"name\":\"Pressenza Wien\",\"description\":\"News from the Pressenza Bureau in Vienna, Austria\",\"sameAs\":[\"https:\/\/x.com\/pressenza_ger\"],\"url\":\"https:\/\/www.pressenza.com\/de\/author\/pressenza-wien\/\"}]}<\/script>\n<!-- \/ Yoast SEO plugin. -->","yoast_head_json":{"title":"DIE WAFFEN NIEDER! - Friedensdemonstration am 13.3.2022","description":"DIE WAFFEN NIEDER! - Stoppen wir gemeinsam diesen Krieg! Nein zu einer neuen R\u00fcstungsspirale! Hochr\u00fcstung und Milit\u00e4r verunm\u00f6glichen auch die Erreichung","robots":{"index":"index","follow":"follow","max-snippet":"max-snippet:-1","max-image-preview":"max-image-preview:large","max-video-preview":"max-video-preview:-1"},"canonical":"https:\/\/www.pressenza.com\/de\/2022\/03\/die-waffen-nieder-friedensdemonstration-am-13-3-2022\/","og_locale":"de_DE","og_type":"article","og_title":"DIE WAFFEN NIEDER! - Friedensdemonstration am 13.3.2022","og_description":"DIE WAFFEN NIEDER! - Stoppen wir gemeinsam diesen Krieg! Nein zu einer neuen R\u00fcstungsspirale! Hochr\u00fcstung und Milit\u00e4r verunm\u00f6glichen auch die Erreichung","og_url":"https:\/\/www.pressenza.com\/de\/2022\/03\/die-waffen-nieder-friedensdemonstration-am-13-3-2022\/","og_site_name":"Pressenza","article_publisher":"https:\/\/www.facebook.com\/PressenzaItalia","article_published_time":"2022-03-08T06:11:02+00:00","og_image":[{"width":1498,"height":1110,"url":"https:\/\/www.pressenza.com\/wp-content\/uploads\/2022\/03\/Bertha_von_Suttner_Briefmarke_Deutschland_2005.v1-1.jpg","type":"image\/jpeg"}],"author":"Pressenza Wien","twitter_card":"summary_large_image","twitter_creator":"@pressenza_ger","twitter_site":"@PressenzaIPA","twitter_misc":{"Verfasst von":"Pressenza Wien","Gesch\u00e4tzte Lesezeit":"1\u00a0Minute"},"schema":{"@context":"https:\/\/schema.org","@graph":[{"@type":"Article","@id":"https:\/\/www.pressenza.com\/de\/2022\/03\/die-waffen-nieder-friedensdemonstration-am-13-3-2022\/#article","isPartOf":{"@id":"https:\/\/www.pressenza.com\/de\/2022\/03\/die-waffen-nieder-friedensdemonstration-am-13-3-2022\/"},"author":{"name":"Pressenza Wien","@id":"https:\/\/www.pressenza.com\/de\/#\/schema\/person\/3df859e5bf9b19ab936f666e0177e38b"},"headline":"DIE WAFFEN NIEDER! &#8211; Friedensdemonstration am 13.3.2022","datePublished":"2022-03-08T06:11:02+00:00","mainEntityOfPage":{"@id":"https:\/\/www.pressenza.com\/de\/2022\/03\/die-waffen-nieder-friedensdemonstration-am-13-3-2022\/"},"wordCount":98,"publisher":{"@id":"https:\/\/www.pressenza.com\/de\/#organization"},"image":{"@id":"https:\/\/www.pressenza.com\/de\/2022\/03\/die-waffen-nieder-friedensdemonstration-am-13-3-2022\/#primaryimage"},"thumbnailUrl":"https:\/\/www.pressenza.com\/wp-content\/uploads\/2022\/03\/Bertha_von_Suttner_Briefmarke_Deutschland_2005.v1-1.jpg","keywords":["Bertha von Suttner","Demo","Die Waffen nieder","Frieden"],"articleSection":["Frieden und Abr\u00fcstung","Menschenrechte","Pressemitteilungen"],"inLanguage":"de"},{"@type":"WebPage","@id":"https:\/\/www.pressenza.com\/de\/2022\/03\/die-waffen-nieder-friedensdemonstration-am-13-3-2022\/","url":"https:\/\/www.pressenza.com\/de\/2022\/03\/die-waffen-nieder-friedensdemonstration-am-13-3-2022\/","name":"DIE WAFFEN NIEDER! - Friedensdemonstration am 13.3.2022","isPartOf":{"@id":"https:\/\/www.pressenza.com\/de\/#website"},"primaryImageOfPage":{"@id":"https:\/\/www.pressenza.com\/de\/2022\/03\/die-waffen-nieder-friedensdemonstration-am-13-3-2022\/#primaryimage"},"image":{"@id":"https:\/\/www.pressenza.com\/de\/2022\/03\/die-waffen-nieder-friedensdemonstration-am-13-3-2022\/#primaryimage"},"thumbnailUrl":"https:\/\/www.pressenza.com\/wp-content\/uploads\/2022\/03\/Bertha_von_Suttner_Briefmarke_Deutschland_2005.v1-1.jpg","datePublished":"2022-03-08T06:11:02+00:00","description":"DIE WAFFEN NIEDER! - Stoppen wir gemeinsam diesen Krieg! Nein zu einer neuen R\u00fcstungsspirale! Hochr\u00fcstung und Milit\u00e4r verunm\u00f6glichen auch die Erreichung","breadcrumb":{"@id":"https:\/\/www.pressenza.com\/de\/2022\/03\/die-waffen-nieder-friedensdemonstration-am-13-3-2022\/#breadcrumb"},"inLanguage":"de","potentialAction":[{"@type":"ReadAction","target":["https:\/\/www.pressenza.com\/de\/2022\/03\/die-waffen-nieder-friedensdemonstration-am-13-3-2022\/"]}]},{"@type":"ImageObject","inLanguage":"de","@id":"https:\/\/www.pressenza.com\/de\/2022\/03\/die-waffen-nieder-friedensdemonstration-am-13-3-2022\/#primaryimage","url":"https:\/\/www.pressenza.com\/wp-content\/uploads\/2022\/03\/Bertha_von_Suttner_Briefmarke_Deutschland_2005.v1-1.jpg","contentUrl":"https:\/\/www.pressenza.com\/wp-content\/uploads\/2022\/03\/Bertha_von_Suttner_Briefmarke_Deutschland_2005.v1-1.jpg","width":1498,"height":1110,"caption":"Die Waffen nieder"},{"@type":"BreadcrumbList","@id":"https:\/\/www.pressenza.com\/de\/2022\/03\/die-waffen-nieder-friedensdemonstration-am-13-3-2022\/#breadcrumb","itemListElement":[{"@type":"ListItem","position":1,"name":"Accueil","item":"https:\/\/www.pressenza.com\/de\/"},{"@type":"ListItem","position":2,"name":"DIE WAFFEN NIEDER! &#8211; Friedensdemonstration am 13.3.2022"}]},{"@type":"WebSite","@id":"https:\/\/www.pressenza.com\/de\/#website","url":"https:\/\/www.pressenza.com\/de\/","name":"Pressenza","description":"International Press Agency","publisher":{"@id":"https:\/\/www.pressenza.com\/de\/#organization"},"potentialAction":[{"@type":"SearchAction","target":{"@type":"EntryPoint","urlTemplate":"https:\/\/www.pressenza.com\/de\/?s={search_term_string}"},"query-input":{"@type":"PropertyValueSpecification","valueRequired":true,"valueName":"search_term_string"}}],"inLanguage":"de"},{"@type":"Organization","@id":"https:\/\/www.pressenza.com\/de\/#organization","name":"Pressenza","url":"https:\/\/www.pressenza.com\/de\/","logo":{"@type":"ImageObject","inLanguage":"de","@id":"https:\/\/www.pressenza.com\/de\/#\/schema\/logo\/image\/","url":"https:\/\/www.pressenza.com\/wp-content\/uploads\/2022\/10\/pressenza_logo_200x200.jpg","contentUrl":"https:\/\/www.pressenza.com\/wp-content\/uploads\/2022\/10\/pressenza_logo_200x200.jpg","width":200,"height":200,"caption":"Pressenza"},"image":{"@id":"https:\/\/www.pressenza.com\/de\/#\/schema\/logo\/image\/"},"sameAs":["https:\/\/www.facebook.com\/PressenzaItalia","https:\/\/x.com\/PressenzaIPA"]},{"@type":"Person","@id":"https:\/\/www.pressenza.com\/de\/#\/schema\/person\/3df859e5bf9b19ab936f666e0177e38b","name":"Pressenza Wien","description":"News from the Pressenza Bureau in Vienna, Austria","sameAs":["https:\/\/x.com\/pressenza_ger"],"url":"https:\/\/www.pressenza.com\/de\/author\/pressenza-wien\/"}]}},"place":"Solidarwerkstatt","original_article_url":"","_links":{"self":[{"href":"https:\/\/www.pressenza.com\/de\/wp-json\/wp\/v2\/posts\/1536813","targetHints":{"allow":["GET"]}}],"collection":[{"href":"https:\/\/www.pressenza.com\/de\/wp-json\/wp\/v2\/posts"}],"about":[{"href":"https:\/\/www.pressenza.com\/de\/wp-json\/wp\/v2\/types\/post"}],"author":[{"embeddable":true,"href":"https:\/\/www.pressenza.com\/de\/wp-json\/wp\/v2\/users\/1096"}],"replies":[{"embeddable":true,"href":"https:\/\/www.pressenza.com\/de\/wp-json\/wp\/v2\/comments?post=1536813"}],"version-history":[{"count":0,"href":"https:\/\/www.pressenza.com\/de\/wp-json\/wp\/v2\/posts\/1536813\/revisions"}],"wp:featuredmedia":[{"embeddable":true,"href":"https:\/\/www.pressenza.com\/de\/wp-json\/wp\/v2\/media\/1536824"}],"wp:attachment":[{"href":"https:\/\/www.pressenza.com\/de\/wp-json\/wp\/v2\/media?parent=1536813"}],"wp:term":[{"taxonomy":"category","embeddable":true,"href":"https:\/\/www.pressenza.com\/de\/wp-json\/wp\/v2\/categories?post=1536813"},{"taxonomy":"post_tag","embeddable":true,"href":"https:\/\/www.pressenza.com\/de\/wp-json\/wp\/v2\/tags?post=1536813"}],"curies":[{"name":"wp","href":"https:\/\/api.w.org\/{rel}","templated":true}]}}