{"id":1535468,"date":"2022-03-06T10:02:42","date_gmt":"2022-03-06T10:02:42","guid":{"rendered":"https:\/\/www.pressenza.com\/?p=1535468"},"modified":"2022-03-06T10:02:42","modified_gmt":"2022-03-06T10:02:42","slug":"wie-viele-menschenleben-will-europa-fuer-die-erweiterung-der-nato-noch-opfern","status":"publish","type":"post","link":"https:\/\/www.pressenza.com\/de\/2022\/03\/wie-viele-menschenleben-will-europa-fuer-die-erweiterung-der-nato-noch-opfern\/","title":{"rendered":"Wie viele Menschenleben will Europa f\u00fcr die Erweiterung der NATO noch opfern?"},"content":{"rendered":"<p><strong>Es ist dringend notwendig, den Krieg zu beenden und dem Leid des ukrainischen Volkes ein Ende zu setzen. Russland muss seine Truppen sofort abziehen und die Aggression gegen die Ukraine beenden.<\/strong><\/p>\n<p>Aber wie viele Menschenleben will Europa noch opfern, um die Grenzen der NATO zu erweitern? Der bewaffnete Konflikt k\u00f6nnte sofort beendet werden und dem enormen Leid ein Ende setzen, wenn die Forderungen Russlands ernsthaft in Betracht gezogen w\u00fcrden: eine milit\u00e4risch neutrale Ukraine, wie \u00d6sterreich und Finnland.<\/p>\n<p>Ein vern\u00fcnftiger Vorschlag, eine staatliche Pufferpolitik, die bereits in der Vergangenheit angewandt wurde. Stattdessen w\u00e4hlt Europa den Weg der Waffen und der Gewalt. Waffen an die Ukraine zu schicken, bedeutet, ein Ziel zu verfolgen, das dem Frieden zuwiderl\u00e4uft. Es bedeutet, geopolitische Ziele \u00fcber Menschenleben zu stellen und zu riskieren, dass wir alle in einen Alptraum ohne Ausweg hineingezogen werden.<\/p>\n<blockquote>\n<p class=\"Body\"><strong>Waffenlieferungen sind nicht der Weg, den Krieg zu beenden. Im Gegenteil, alle Bem\u00fchungen m\u00fcssen auf den Dialog gerichtet sein.<\/strong><\/p>\n<\/blockquote>\n<p class=\"Body\">Europa f\u00fcr den Frieden<br \/>\n#Ukraine #EuropeForPeace<\/p>\n<p><em>Die vollst\u00e4ndige Erkl\u00e4rung ist <a href=\"https:\/\/www.pressenza.com\/de\/2022\/02\/krieg-gehoert-zur-vorgeschichte-lasst-uns-frieden-schaffen\/\" target=\"_blank\" rel=\"noopener\">hier <\/a>zu finden.<\/em><\/p>\n","protected":false},"excerpt":{"rendered":"<p>Es ist dringend notwendig, den Krieg zu beenden und dem Leid des ukrainischen Volkes ein Ende zu setzen. Russland muss seine Truppen sofort abziehen und die Aggression gegen die Ukraine beenden. Aber wie viele Menschenleben will Europa noch opfern, um&hellip;<\/p>\n","protected":false},"author":995,"featured_media":1535481,"comment_status":"closed","ping_status":"closed","sticky":false,"template":"","format":"standard","meta":{"footnotes":""},"categories":[9150,9167,11387],"tags":[9481,99816,28798,11826,15357,9293],"class_list":["post-1535468","post","type-post","status-publish","format-standard","has-post-thumbnail","hentry","category-europa-de","category-frieden-und-abruestung","category-originalinhalt","tag-eu-de","tag-europeforpeace-de","tag-friedenspolitik","tag-nato-de","tag-russland","tag-ukraine-de"],"yoast_head":"<!-- This site is optimized with the Yoast SEO plugin v27.1.1 - https:\/\/yoast.com\/product\/yoast-seo-wordpress\/ -->\n<title>Wie viele Menschenleben will Europa f\u00fcr die Erweiterung der NATO noch opfern?<\/title>\n<meta name=\"description\" content=\"Es ist dringend notwendig, den Krieg zu beenden und dem Leid des ukrainischen Volkes ein Ende zu setzen. Russland muss seine Truppen sofort abziehen und\" \/>\n<meta name=\"robots\" content=\"index, follow, max-snippet:-1, max-image-preview:large, max-video-preview:-1\" \/>\n<link rel=\"canonical\" href=\"https:\/\/www.pressenza.com\/de\/2022\/03\/wie-viele-menschenleben-will-europa-fuer-die-erweiterung-der-nato-noch-opfern\/\" \/>\n<meta property=\"og:locale\" content=\"de_DE\" \/>\n<meta property=\"og:type\" content=\"article\" \/>\n<meta property=\"og:title\" content=\"Wie viele Menschenleben will Europa f\u00fcr die Erweiterung der NATO noch opfern?\" \/>\n<meta property=\"og:description\" content=\"Es ist dringend notwendig, den Krieg zu beenden und dem Leid des ukrainischen Volkes ein Ende zu setzen. Russland muss seine Truppen sofort abziehen und\" \/>\n<meta property=\"og:url\" content=\"https:\/\/www.pressenza.com\/de\/2022\/03\/wie-viele-menschenleben-will-europa-fuer-die-erweiterung-der-nato-noch-opfern\/\" \/>\n<meta property=\"og:site_name\" content=\"Pressenza\" \/>\n<meta property=\"article:publisher\" content=\"https:\/\/www.facebook.com\/PressenzaItalia\" \/>\n<meta property=\"article:published_time\" content=\"2022-03-06T10:02:42+00:00\" \/>\n<meta property=\"og:image\" content=\"https:\/\/www.pressenza.com\/wp-content\/uploads\/2022\/03\/Peace_mir_paz_pace.jpg\" \/>\n\t<meta property=\"og:image:width\" content=\"1640\" \/>\n\t<meta property=\"og:image:height\" content=\"1018\" \/>\n\t<meta property=\"og:image:type\" content=\"image\/jpeg\" \/>\n<meta name=\"author\" content=\"Gerardo Femina\" \/>\n<meta name=\"twitter:card\" content=\"summary_large_image\" \/>\n<meta name=\"twitter:creator\" content=\"@PressenzaIPA\" \/>\n<meta name=\"twitter:site\" content=\"@PressenzaIPA\" \/>\n<meta name=\"twitter:label1\" content=\"Verfasst von\" \/>\n\t<meta name=\"twitter:data1\" content=\"Gerardo Femina\" \/>\n\t<meta name=\"twitter:label2\" content=\"Gesch\u00e4tzte Lesezeit\" \/>\n\t<meta name=\"twitter:data2\" content=\"1\u00a0Minute\" \/>\n<script type=\"application\/ld+json\" class=\"yoast-schema-graph\">{\"@context\":\"https:\/\/schema.org\",\"@graph\":[{\"@type\":\"Article\",\"@id\":\"https:\/\/www.pressenza.com\/de\/2022\/03\/wie-viele-menschenleben-will-europa-fuer-die-erweiterung-der-nato-noch-opfern\/#article\",\"isPartOf\":{\"@id\":\"https:\/\/www.pressenza.com\/de\/2022\/03\/wie-viele-menschenleben-will-europa-fuer-die-erweiterung-der-nato-noch-opfern\/\"},\"author\":{\"name\":\"Gerardo Femina\",\"@id\":\"https:\/\/www.pressenza.com\/de\/#\/schema\/person\/a960a95828df61811b50008db91df31a\"},\"headline\":\"Wie viele Menschenleben will Europa f\u00fcr die Erweiterung der NATO noch opfern?\",\"datePublished\":\"2022-03-06T10:02:42+00:00\",\"mainEntityOfPage\":{\"@id\":\"https:\/\/www.pressenza.com\/de\/2022\/03\/wie-viele-menschenleben-will-europa-fuer-die-erweiterung-der-nato-noch-opfern\/\"},\"wordCount\":192,\"publisher\":{\"@id\":\"https:\/\/www.pressenza.com\/de\/#organization\"},\"image\":{\"@id\":\"https:\/\/www.pressenza.com\/de\/2022\/03\/wie-viele-menschenleben-will-europa-fuer-die-erweiterung-der-nato-noch-opfern\/#primaryimage\"},\"thumbnailUrl\":\"https:\/\/www.pressenza.com\/wp-content\/uploads\/2022\/03\/Peace_mir_paz_pace.jpg\",\"keywords\":[\"EU\",\"EuropeForPeace\",\"Friedenspolitik\",\"NATO\",\"Russland\",\"Ukraine\"],\"articleSection\":[\"Europa\",\"Frieden und Abr\u00fcstung\",\"Originalinhalt\"],\"inLanguage\":\"de\"},{\"@type\":\"WebPage\",\"@id\":\"https:\/\/www.pressenza.com\/de\/2022\/03\/wie-viele-menschenleben-will-europa-fuer-die-erweiterung-der-nato-noch-opfern\/\",\"url\":\"https:\/\/www.pressenza.com\/de\/2022\/03\/wie-viele-menschenleben-will-europa-fuer-die-erweiterung-der-nato-noch-opfern\/\",\"name\":\"Wie viele Menschenleben will Europa f\u00fcr die Erweiterung der NATO noch opfern?\",\"isPartOf\":{\"@id\":\"https:\/\/www.pressenza.com\/de\/#website\"},\"primaryImageOfPage\":{\"@id\":\"https:\/\/www.pressenza.com\/de\/2022\/03\/wie-viele-menschenleben-will-europa-fuer-die-erweiterung-der-nato-noch-opfern\/#primaryimage\"},\"image\":{\"@id\":\"https:\/\/www.pressenza.com\/de\/2022\/03\/wie-viele-menschenleben-will-europa-fuer-die-erweiterung-der-nato-noch-opfern\/#primaryimage\"},\"thumbnailUrl\":\"https:\/\/www.pressenza.com\/wp-content\/uploads\/2022\/03\/Peace_mir_paz_pace.jpg\",\"datePublished\":\"2022-03-06T10:02:42+00:00\",\"description\":\"Es ist dringend notwendig, den Krieg zu beenden und dem Leid des ukrainischen Volkes ein Ende zu setzen. Russland muss seine Truppen sofort abziehen und\",\"breadcrumb\":{\"@id\":\"https:\/\/www.pressenza.com\/de\/2022\/03\/wie-viele-menschenleben-will-europa-fuer-die-erweiterung-der-nato-noch-opfern\/#breadcrumb\"},\"inLanguage\":\"de\",\"potentialAction\":[{\"@type\":\"ReadAction\",\"target\":[\"https:\/\/www.pressenza.com\/de\/2022\/03\/wie-viele-menschenleben-will-europa-fuer-die-erweiterung-der-nato-noch-opfern\/\"]}]},{\"@type\":\"ImageObject\",\"inLanguage\":\"de\",\"@id\":\"https:\/\/www.pressenza.com\/de\/2022\/03\/wie-viele-menschenleben-will-europa-fuer-die-erweiterung-der-nato-noch-opfern\/#primaryimage\",\"url\":\"https:\/\/www.pressenza.com\/wp-content\/uploads\/2022\/03\/Peace_mir_paz_pace.jpg\",\"contentUrl\":\"https:\/\/www.pressenza.com\/wp-content\/uploads\/2022\/03\/Peace_mir_paz_pace.jpg\",\"width\":1640,\"height\":1018,\"caption\":\"Wie viele Menschenleben will Europa f\u00fcr die Erweiterung der NATO noch opfern?\"},{\"@type\":\"BreadcrumbList\",\"@id\":\"https:\/\/www.pressenza.com\/de\/2022\/03\/wie-viele-menschenleben-will-europa-fuer-die-erweiterung-der-nato-noch-opfern\/#breadcrumb\",\"itemListElement\":[{\"@type\":\"ListItem\",\"position\":1,\"name\":\"Accueil\",\"item\":\"https:\/\/www.pressenza.com\/de\/\"},{\"@type\":\"ListItem\",\"position\":2,\"name\":\"Wie viele Menschenleben will Europa f\u00fcr die Erweiterung der NATO noch opfern?\"}]},{\"@type\":\"WebSite\",\"@id\":\"https:\/\/www.pressenza.com\/de\/#website\",\"url\":\"https:\/\/www.pressenza.com\/de\/\",\"name\":\"Pressenza\",\"description\":\"International Press Agency\",\"publisher\":{\"@id\":\"https:\/\/www.pressenza.com\/de\/#organization\"},\"potentialAction\":[{\"@type\":\"SearchAction\",\"target\":{\"@type\":\"EntryPoint\",\"urlTemplate\":\"https:\/\/www.pressenza.com\/de\/?s={search_term_string}\"},\"query-input\":{\"@type\":\"PropertyValueSpecification\",\"valueRequired\":true,\"valueName\":\"search_term_string\"}}],\"inLanguage\":\"de\"},{\"@type\":\"Organization\",\"@id\":\"https:\/\/www.pressenza.com\/de\/#organization\",\"name\":\"Pressenza\",\"url\":\"https:\/\/www.pressenza.com\/de\/\",\"logo\":{\"@type\":\"ImageObject\",\"inLanguage\":\"de\",\"@id\":\"https:\/\/www.pressenza.com\/de\/#\/schema\/logo\/image\/\",\"url\":\"https:\/\/www.pressenza.com\/wp-content\/uploads\/2022\/10\/pressenza_logo_200x200.jpg\",\"contentUrl\":\"https:\/\/www.pressenza.com\/wp-content\/uploads\/2022\/10\/pressenza_logo_200x200.jpg\",\"width\":200,\"height\":200,\"caption\":\"Pressenza\"},\"image\":{\"@id\":\"https:\/\/www.pressenza.com\/de\/#\/schema\/logo\/image\/\"},\"sameAs\":[\"https:\/\/www.facebook.com\/PressenzaItalia\",\"https:\/\/x.com\/PressenzaIPA\"]},{\"@type\":\"Person\",\"@id\":\"https:\/\/www.pressenza.com\/de\/#\/schema\/person\/a960a95828df61811b50008db91df31a\",\"name\":\"Gerardo Femina\",\"description\":\"Former president of the Community for Human Development in Italy, engaged in social, political and cultural activity. For 20 years he has lived in Prague, where he was among the promoters of the campaign \\\"Europe for Peace\\\" and the protest against the so-called Missile Shield, that the United States wanted to install in the Czech Republic. He writes about politics and social matters. In recent years he has dedicated himself to the construction of the Park of Study and Reflection in the Czech Republic.\",\"url\":\"https:\/\/www.pressenza.com\/de\/author\/gerardo-femina\/\"}]}<\/script>\n<!-- \/ Yoast SEO plugin. -->","yoast_head_json":{"title":"Wie viele Menschenleben will Europa f\u00fcr die Erweiterung der NATO noch opfern?","description":"Es ist dringend notwendig, den Krieg zu beenden und dem Leid des ukrainischen Volkes ein Ende zu setzen. Russland muss seine Truppen sofort abziehen und","robots":{"index":"index","follow":"follow","max-snippet":"max-snippet:-1","max-image-preview":"max-image-preview:large","max-video-preview":"max-video-preview:-1"},"canonical":"https:\/\/www.pressenza.com\/de\/2022\/03\/wie-viele-menschenleben-will-europa-fuer-die-erweiterung-der-nato-noch-opfern\/","og_locale":"de_DE","og_type":"article","og_title":"Wie viele Menschenleben will Europa f\u00fcr die Erweiterung der NATO noch opfern?","og_description":"Es ist dringend notwendig, den Krieg zu beenden und dem Leid des ukrainischen Volkes ein Ende zu setzen. Russland muss seine Truppen sofort abziehen und","og_url":"https:\/\/www.pressenza.com\/de\/2022\/03\/wie-viele-menschenleben-will-europa-fuer-die-erweiterung-der-nato-noch-opfern\/","og_site_name":"Pressenza","article_publisher":"https:\/\/www.facebook.com\/PressenzaItalia","article_published_time":"2022-03-06T10:02:42+00:00","og_image":[{"width":1640,"height":1018,"url":"https:\/\/www.pressenza.com\/wp-content\/uploads\/2022\/03\/Peace_mir_paz_pace.jpg","type":"image\/jpeg"}],"author":"Gerardo Femina","twitter_card":"summary_large_image","twitter_creator":"@PressenzaIPA","twitter_site":"@PressenzaIPA","twitter_misc":{"Verfasst von":"Gerardo Femina","Gesch\u00e4tzte Lesezeit":"1\u00a0Minute"},"schema":{"@context":"https:\/\/schema.org","@graph":[{"@type":"Article","@id":"https:\/\/www.pressenza.com\/de\/2022\/03\/wie-viele-menschenleben-will-europa-fuer-die-erweiterung-der-nato-noch-opfern\/#article","isPartOf":{"@id":"https:\/\/www.pressenza.com\/de\/2022\/03\/wie-viele-menschenleben-will-europa-fuer-die-erweiterung-der-nato-noch-opfern\/"},"author":{"name":"Gerardo Femina","@id":"https:\/\/www.pressenza.com\/de\/#\/schema\/person\/a960a95828df61811b50008db91df31a"},"headline":"Wie viele Menschenleben will Europa f\u00fcr die Erweiterung der NATO noch opfern?","datePublished":"2022-03-06T10:02:42+00:00","mainEntityOfPage":{"@id":"https:\/\/www.pressenza.com\/de\/2022\/03\/wie-viele-menschenleben-will-europa-fuer-die-erweiterung-der-nato-noch-opfern\/"},"wordCount":192,"publisher":{"@id":"https:\/\/www.pressenza.com\/de\/#organization"},"image":{"@id":"https:\/\/www.pressenza.com\/de\/2022\/03\/wie-viele-menschenleben-will-europa-fuer-die-erweiterung-der-nato-noch-opfern\/#primaryimage"},"thumbnailUrl":"https:\/\/www.pressenza.com\/wp-content\/uploads\/2022\/03\/Peace_mir_paz_pace.jpg","keywords":["EU","EuropeForPeace","Friedenspolitik","NATO","Russland","Ukraine"],"articleSection":["Europa","Frieden und Abr\u00fcstung","Originalinhalt"],"inLanguage":"de"},{"@type":"WebPage","@id":"https:\/\/www.pressenza.com\/de\/2022\/03\/wie-viele-menschenleben-will-europa-fuer-die-erweiterung-der-nato-noch-opfern\/","url":"https:\/\/www.pressenza.com\/de\/2022\/03\/wie-viele-menschenleben-will-europa-fuer-die-erweiterung-der-nato-noch-opfern\/","name":"Wie viele Menschenleben will Europa f\u00fcr die Erweiterung der NATO noch opfern?","isPartOf":{"@id":"https:\/\/www.pressenza.com\/de\/#website"},"primaryImageOfPage":{"@id":"https:\/\/www.pressenza.com\/de\/2022\/03\/wie-viele-menschenleben-will-europa-fuer-die-erweiterung-der-nato-noch-opfern\/#primaryimage"},"image":{"@id":"https:\/\/www.pressenza.com\/de\/2022\/03\/wie-viele-menschenleben-will-europa-fuer-die-erweiterung-der-nato-noch-opfern\/#primaryimage"},"thumbnailUrl":"https:\/\/www.pressenza.com\/wp-content\/uploads\/2022\/03\/Peace_mir_paz_pace.jpg","datePublished":"2022-03-06T10:02:42+00:00","description":"Es ist dringend notwendig, den Krieg zu beenden und dem Leid des ukrainischen Volkes ein Ende zu setzen. Russland muss seine Truppen sofort abziehen und","breadcrumb":{"@id":"https:\/\/www.pressenza.com\/de\/2022\/03\/wie-viele-menschenleben-will-europa-fuer-die-erweiterung-der-nato-noch-opfern\/#breadcrumb"},"inLanguage":"de","potentialAction":[{"@type":"ReadAction","target":["https:\/\/www.pressenza.com\/de\/2022\/03\/wie-viele-menschenleben-will-europa-fuer-die-erweiterung-der-nato-noch-opfern\/"]}]},{"@type":"ImageObject","inLanguage":"de","@id":"https:\/\/www.pressenza.com\/de\/2022\/03\/wie-viele-menschenleben-will-europa-fuer-die-erweiterung-der-nato-noch-opfern\/#primaryimage","url":"https:\/\/www.pressenza.com\/wp-content\/uploads\/2022\/03\/Peace_mir_paz_pace.jpg","contentUrl":"https:\/\/www.pressenza.com\/wp-content\/uploads\/2022\/03\/Peace_mir_paz_pace.jpg","width":1640,"height":1018,"caption":"Wie viele Menschenleben will Europa f\u00fcr die Erweiterung der NATO noch opfern?"},{"@type":"BreadcrumbList","@id":"https:\/\/www.pressenza.com\/de\/2022\/03\/wie-viele-menschenleben-will-europa-fuer-die-erweiterung-der-nato-noch-opfern\/#breadcrumb","itemListElement":[{"@type":"ListItem","position":1,"name":"Accueil","item":"https:\/\/www.pressenza.com\/de\/"},{"@type":"ListItem","position":2,"name":"Wie viele Menschenleben will Europa f\u00fcr die Erweiterung der NATO noch opfern?"}]},{"@type":"WebSite","@id":"https:\/\/www.pressenza.com\/de\/#website","url":"https:\/\/www.pressenza.com\/de\/","name":"Pressenza","description":"International Press Agency","publisher":{"@id":"https:\/\/www.pressenza.com\/de\/#organization"},"potentialAction":[{"@type":"SearchAction","target":{"@type":"EntryPoint","urlTemplate":"https:\/\/www.pressenza.com\/de\/?s={search_term_string}"},"query-input":{"@type":"PropertyValueSpecification","valueRequired":true,"valueName":"search_term_string"}}],"inLanguage":"de"},{"@type":"Organization","@id":"https:\/\/www.pressenza.com\/de\/#organization","name":"Pressenza","url":"https:\/\/www.pressenza.com\/de\/","logo":{"@type":"ImageObject","inLanguage":"de","@id":"https:\/\/www.pressenza.com\/de\/#\/schema\/logo\/image\/","url":"https:\/\/www.pressenza.com\/wp-content\/uploads\/2022\/10\/pressenza_logo_200x200.jpg","contentUrl":"https:\/\/www.pressenza.com\/wp-content\/uploads\/2022\/10\/pressenza_logo_200x200.jpg","width":200,"height":200,"caption":"Pressenza"},"image":{"@id":"https:\/\/www.pressenza.com\/de\/#\/schema\/logo\/image\/"},"sameAs":["https:\/\/www.facebook.com\/PressenzaItalia","https:\/\/x.com\/PressenzaIPA"]},{"@type":"Person","@id":"https:\/\/www.pressenza.com\/de\/#\/schema\/person\/a960a95828df61811b50008db91df31a","name":"Gerardo Femina","description":"Former president of the Community for Human Development in Italy, engaged in social, political and cultural activity. For 20 years he has lived in Prague, where he was among the promoters of the campaign \"Europe for Peace\" and the protest against the so-called Missile Shield, that the United States wanted to install in the Czech Republic. He writes about politics and social matters. In recent years he has dedicated himself to the construction of the Park of Study and Reflection in the Czech Republic.","url":"https:\/\/www.pressenza.com\/de\/author\/gerardo-femina\/"}]}},"place":"","original_article_url":"","_links":{"self":[{"href":"https:\/\/www.pressenza.com\/de\/wp-json\/wp\/v2\/posts\/1535468","targetHints":{"allow":["GET"]}}],"collection":[{"href":"https:\/\/www.pressenza.com\/de\/wp-json\/wp\/v2\/posts"}],"about":[{"href":"https:\/\/www.pressenza.com\/de\/wp-json\/wp\/v2\/types\/post"}],"author":[{"embeddable":true,"href":"https:\/\/www.pressenza.com\/de\/wp-json\/wp\/v2\/users\/995"}],"replies":[{"embeddable":true,"href":"https:\/\/www.pressenza.com\/de\/wp-json\/wp\/v2\/comments?post=1535468"}],"version-history":[{"count":0,"href":"https:\/\/www.pressenza.com\/de\/wp-json\/wp\/v2\/posts\/1535468\/revisions"}],"wp:featuredmedia":[{"embeddable":true,"href":"https:\/\/www.pressenza.com\/de\/wp-json\/wp\/v2\/media\/1535481"}],"wp:attachment":[{"href":"https:\/\/www.pressenza.com\/de\/wp-json\/wp\/v2\/media?parent=1535468"}],"wp:term":[{"taxonomy":"category","embeddable":true,"href":"https:\/\/www.pressenza.com\/de\/wp-json\/wp\/v2\/categories?post=1535468"},{"taxonomy":"post_tag","embeddable":true,"href":"https:\/\/www.pressenza.com\/de\/wp-json\/wp\/v2\/tags?post=1535468"}],"curies":[{"name":"wp","href":"https:\/\/api.w.org\/{rel}","templated":true}]}}