{"id":1532074,"date":"2022-03-02T06:20:03","date_gmt":"2022-03-02T06:20:03","guid":{"rendered":"https:\/\/www.pressenza.com\/?p=1532074"},"modified":"2022-03-02T06:20:03","modified_gmt":"2022-03-02T06:20:03","slug":"ipcc-bericht-bestaerkt-bedeutung-von-agraroekologie","status":"publish","type":"post","link":"https:\/\/www.pressenza.com\/de\/2022\/03\/ipcc-bericht-bestaerkt-bedeutung-von-agraroekologie\/","title":{"rendered":"IPCC-Bericht best\u00e4rkt Bedeutung von Agrar\u00f6kologie"},"content":{"rendered":"<p>Bis 2050 k\u00f6nnten bis zu 183 Millionen Menschen zus\u00e4tzlich unterern\u00e4hrt sein. Zu diesem Schluss kommt der heute ver\u00f6ffentlichte IPCC-Bericht. 3,3 bis 3,6 Milliarden der knapp acht Milliarden Menschen weltweit seien bereits \u201esehr anf\u00e4llig\u201c f\u00fcr die Folgen der Klimakrise. Durch die zunehmende Verknappung nat\u00fcrlicher Ressourcen sind Kleinb\u00e4uer*innen, Fischer*innen und andere Menschen in l\u00e4ndlichen Gebieten bereits jetzt besonders betroffen.<\/p>\n<p>Eine Agrarindustrie, die sich an Konzernprofiten orientiert statt an Menschenrechten, hat \u00fcber Jahrzehnte hinweg wesentlich zur Klimakrise beigetragen. Sie ist Teil des Problems und hat weder Antworten auf die Klima- noch auf die Ern\u00e4hrungskrisen. Agrar\u00f6kologische L\u00f6sungen hingegen, die direkt von den kleinb\u00e4uerlichen Communities gelebt werden, schonen Boden und Gew\u00e4sser, f\u00f6rdern die Artenvielfalt, schaffen resiliente Ern\u00e4hrungssysteme und sind auf mehrere Generationen ausgelegt. Daher betont auch der IPCC-Bericht die Investition in agrar\u00f6kologische Praktiken als notwendige Anpassungsma\u00dfnahme.<\/p>\n<p>&#8222;Kurz gesagt: Wer das Klima retten will, muss kleinb\u00e4uerliche Lebens- und Produktionsweisen sch\u00fctzen&#8220;, fasst FIAN-Projektkoordinatorin Tina Wirnsberger zusammen. &#8222;Das bedeutet verbesserten Zugang zu Land und anderen nat\u00fcrlichen Ressourcen ebenso wie das Recht auf Saatgut, das unabh\u00e4ngig von chemischem D\u00fcnger und Pestiziden Ertrag bringt und vermehrt werden kann.&#8220;<\/p>\n<p>FIAN \u00d6sterreich k\u00e4mpft mit Menschenrechten gegen Hunger und setzt sich insbesondere f\u00fcr ein Ern\u00e4hrungssystem ein, das die Rechte von Kleinb\u00e4uer*innen st\u00e4rkt. Die internationale NGO f\u00fcr das Recht auf Nahrung sieht sich durch den IPCC-Bericht best\u00e4rkt: Die Klimawende kann nur mit einer agrar\u00f6kologischen Ern\u00e4hrungswende gelingen!<\/p>\n","protected":false},"excerpt":{"rendered":"<p>Bis 2050 k\u00f6nnten bis zu 183 Millionen Menschen zus\u00e4tzlich unterern\u00e4hrt sein. Zu diesem Schluss kommt der heute ver\u00f6ffentlichte IPCC-Bericht. 3,3 bis 3,6 Milliarden der knapp acht Milliarden Menschen weltweit seien bereits \u201esehr anf\u00e4llig\u201c f\u00fcr die Folgen der Klimakrise. Durch die&hellip;<\/p>\n","protected":false},"author":1096,"featured_media":1532076,"comment_status":"closed","ping_status":"closed","sticky":false,"template":"","format":"standard","meta":{"footnotes":""},"categories":[9161,9157,9168,9145],"tags":[55635,56309,12395,22228],"class_list":["post-1532074","post","type-post","status-publish","format-standard","has-post-thumbnail","hentry","category-menschenrechte","category-oekologie-und-umwelt","category-politik","category-pressemitteilungen","tag-ipcc-de","tag-klimakrise","tag-klimawandel","tag-menschenrechte"],"yoast_head":"<!-- This site is optimized with the Yoast SEO plugin v27.1.1 - https:\/\/yoast.com\/product\/yoast-seo-wordpress\/ -->\n<title>IPCC-Bericht best\u00e4rkt Bedeutung von Agrar\u00f6kologie<\/title>\n<meta name=\"description\" content=\"Bis 2050 k\u00f6nnten bis zu 183 Millionen Menschen zus\u00e4tzlich unterern\u00e4hrt sein. Zu diesem Schluss kommt der heute ver\u00f6ffentlichte IPCC-Bericht. 3,3 bis 3,6\" \/>\n<meta name=\"robots\" content=\"index, follow, max-snippet:-1, max-image-preview:large, max-video-preview:-1\" \/>\n<link rel=\"canonical\" href=\"https:\/\/www.pressenza.com\/de\/2022\/03\/ipcc-bericht-bestaerkt-bedeutung-von-agraroekologie\/\" \/>\n<meta property=\"og:locale\" content=\"de_DE\" \/>\n<meta property=\"og:type\" content=\"article\" \/>\n<meta property=\"og:title\" content=\"IPCC-Bericht best\u00e4rkt Bedeutung von Agrar\u00f6kologie\" \/>\n<meta property=\"og:description\" content=\"Bis 2050 k\u00f6nnten bis zu 183 Millionen Menschen zus\u00e4tzlich unterern\u00e4hrt sein. Zu diesem Schluss kommt der heute ver\u00f6ffentlichte IPCC-Bericht. 3,3 bis 3,6\" \/>\n<meta property=\"og:url\" content=\"https:\/\/www.pressenza.com\/de\/2022\/03\/ipcc-bericht-bestaerkt-bedeutung-von-agraroekologie\/\" \/>\n<meta property=\"og:site_name\" content=\"Pressenza\" \/>\n<meta property=\"article:publisher\" content=\"https:\/\/www.facebook.com\/PressenzaItalia\" \/>\n<meta property=\"article:published_time\" content=\"2022-03-02T06:20:03+00:00\" \/>\n<meta property=\"og:image\" content=\"https:\/\/www.pressenza.com\/wp-content\/uploads\/2022\/03\/Duerre.v1.jpg\" \/>\n\t<meta property=\"og:image:width\" content=\"1920\" \/>\n\t<meta property=\"og:image:height\" content=\"1310\" \/>\n\t<meta property=\"og:image:type\" content=\"image\/jpeg\" \/>\n<meta name=\"author\" content=\"Pressenza Wien\" \/>\n<meta name=\"twitter:card\" content=\"summary_large_image\" \/>\n<meta name=\"twitter:creator\" content=\"@pressenza_ger\" \/>\n<meta name=\"twitter:site\" content=\"@PressenzaIPA\" \/>\n<meta name=\"twitter:label1\" content=\"Verfasst von\" \/>\n\t<meta name=\"twitter:data1\" content=\"Pressenza Wien\" \/>\n\t<meta name=\"twitter:label2\" content=\"Gesch\u00e4tzte Lesezeit\" \/>\n\t<meta name=\"twitter:data2\" content=\"1\u00a0Minute\" \/>\n<script type=\"application\/ld+json\" class=\"yoast-schema-graph\">{\"@context\":\"https:\/\/schema.org\",\"@graph\":[{\"@type\":\"Article\",\"@id\":\"https:\/\/www.pressenza.com\/de\/2022\/03\/ipcc-bericht-bestaerkt-bedeutung-von-agraroekologie\/#article\",\"isPartOf\":{\"@id\":\"https:\/\/www.pressenza.com\/de\/2022\/03\/ipcc-bericht-bestaerkt-bedeutung-von-agraroekologie\/\"},\"author\":{\"name\":\"Pressenza Wien\",\"@id\":\"https:\/\/www.pressenza.com\/de\/#\/schema\/person\/3df859e5bf9b19ab936f666e0177e38b\"},\"headline\":\"IPCC-Bericht best\u00e4rkt Bedeutung von Agrar\u00f6kologie\",\"datePublished\":\"2022-03-02T06:20:03+00:00\",\"mainEntityOfPage\":{\"@id\":\"https:\/\/www.pressenza.com\/de\/2022\/03\/ipcc-bericht-bestaerkt-bedeutung-von-agraroekologie\/\"},\"wordCount\":260,\"publisher\":{\"@id\":\"https:\/\/www.pressenza.com\/de\/#organization\"},\"image\":{\"@id\":\"https:\/\/www.pressenza.com\/de\/2022\/03\/ipcc-bericht-bestaerkt-bedeutung-von-agraroekologie\/#primaryimage\"},\"thumbnailUrl\":\"https:\/\/www.pressenza.com\/wp-content\/uploads\/2022\/03\/Duerre.v1.jpg\",\"keywords\":[\"IPCC\",\"Klimakrise\",\"Klimawandel\",\"Menschenrechte\"],\"articleSection\":[\"Menschenrechte\",\"\u00d6kologie und Umwelt\",\"Politik\",\"Pressemitteilungen\"],\"inLanguage\":\"de\"},{\"@type\":\"WebPage\",\"@id\":\"https:\/\/www.pressenza.com\/de\/2022\/03\/ipcc-bericht-bestaerkt-bedeutung-von-agraroekologie\/\",\"url\":\"https:\/\/www.pressenza.com\/de\/2022\/03\/ipcc-bericht-bestaerkt-bedeutung-von-agraroekologie\/\",\"name\":\"IPCC-Bericht best\u00e4rkt Bedeutung von Agrar\u00f6kologie\",\"isPartOf\":{\"@id\":\"https:\/\/www.pressenza.com\/de\/#website\"},\"primaryImageOfPage\":{\"@id\":\"https:\/\/www.pressenza.com\/de\/2022\/03\/ipcc-bericht-bestaerkt-bedeutung-von-agraroekologie\/#primaryimage\"},\"image\":{\"@id\":\"https:\/\/www.pressenza.com\/de\/2022\/03\/ipcc-bericht-bestaerkt-bedeutung-von-agraroekologie\/#primaryimage\"},\"thumbnailUrl\":\"https:\/\/www.pressenza.com\/wp-content\/uploads\/2022\/03\/Duerre.v1.jpg\",\"datePublished\":\"2022-03-02T06:20:03+00:00\",\"description\":\"Bis 2050 k\u00f6nnten bis zu 183 Millionen Menschen zus\u00e4tzlich unterern\u00e4hrt sein. Zu diesem Schluss kommt der heute ver\u00f6ffentlichte IPCC-Bericht. 3,3 bis 3,6\",\"breadcrumb\":{\"@id\":\"https:\/\/www.pressenza.com\/de\/2022\/03\/ipcc-bericht-bestaerkt-bedeutung-von-agraroekologie\/#breadcrumb\"},\"inLanguage\":\"de\",\"potentialAction\":[{\"@type\":\"ReadAction\",\"target\":[\"https:\/\/www.pressenza.com\/de\/2022\/03\/ipcc-bericht-bestaerkt-bedeutung-von-agraroekologie\/\"]}]},{\"@type\":\"ImageObject\",\"inLanguage\":\"de\",\"@id\":\"https:\/\/www.pressenza.com\/de\/2022\/03\/ipcc-bericht-bestaerkt-bedeutung-von-agraroekologie\/#primaryimage\",\"url\":\"https:\/\/www.pressenza.com\/wp-content\/uploads\/2022\/03\/Duerre.v1.jpg\",\"contentUrl\":\"https:\/\/www.pressenza.com\/wp-content\/uploads\/2022\/03\/Duerre.v1.jpg\",\"width\":1920,\"height\":1310},{\"@type\":\"BreadcrumbList\",\"@id\":\"https:\/\/www.pressenza.com\/de\/2022\/03\/ipcc-bericht-bestaerkt-bedeutung-von-agraroekologie\/#breadcrumb\",\"itemListElement\":[{\"@type\":\"ListItem\",\"position\":1,\"name\":\"Accueil\",\"item\":\"https:\/\/www.pressenza.com\/de\/\"},{\"@type\":\"ListItem\",\"position\":2,\"name\":\"IPCC-Bericht best\u00e4rkt Bedeutung von Agrar\u00f6kologie\"}]},{\"@type\":\"WebSite\",\"@id\":\"https:\/\/www.pressenza.com\/de\/#website\",\"url\":\"https:\/\/www.pressenza.com\/de\/\",\"name\":\"Pressenza\",\"description\":\"International Press Agency\",\"publisher\":{\"@id\":\"https:\/\/www.pressenza.com\/de\/#organization\"},\"potentialAction\":[{\"@type\":\"SearchAction\",\"target\":{\"@type\":\"EntryPoint\",\"urlTemplate\":\"https:\/\/www.pressenza.com\/de\/?s={search_term_string}\"},\"query-input\":{\"@type\":\"PropertyValueSpecification\",\"valueRequired\":true,\"valueName\":\"search_term_string\"}}],\"inLanguage\":\"de\"},{\"@type\":\"Organization\",\"@id\":\"https:\/\/www.pressenza.com\/de\/#organization\",\"name\":\"Pressenza\",\"url\":\"https:\/\/www.pressenza.com\/de\/\",\"logo\":{\"@type\":\"ImageObject\",\"inLanguage\":\"de\",\"@id\":\"https:\/\/www.pressenza.com\/de\/#\/schema\/logo\/image\/\",\"url\":\"https:\/\/www.pressenza.com\/wp-content\/uploads\/2022\/10\/pressenza_logo_200x200.jpg\",\"contentUrl\":\"https:\/\/www.pressenza.com\/wp-content\/uploads\/2022\/10\/pressenza_logo_200x200.jpg\",\"width\":200,\"height\":200,\"caption\":\"Pressenza\"},\"image\":{\"@id\":\"https:\/\/www.pressenza.com\/de\/#\/schema\/logo\/image\/\"},\"sameAs\":[\"https:\/\/www.facebook.com\/PressenzaItalia\",\"https:\/\/x.com\/PressenzaIPA\"]},{\"@type\":\"Person\",\"@id\":\"https:\/\/www.pressenza.com\/de\/#\/schema\/person\/3df859e5bf9b19ab936f666e0177e38b\",\"name\":\"Pressenza Wien\",\"description\":\"News from the Pressenza Bureau in Vienna, Austria\",\"sameAs\":[\"https:\/\/x.com\/pressenza_ger\"],\"url\":\"https:\/\/www.pressenza.com\/de\/author\/pressenza-wien\/\"}]}<\/script>\n<!-- \/ Yoast SEO plugin. -->","yoast_head_json":{"title":"IPCC-Bericht best\u00e4rkt Bedeutung von Agrar\u00f6kologie","description":"Bis 2050 k\u00f6nnten bis zu 183 Millionen Menschen zus\u00e4tzlich unterern\u00e4hrt sein. Zu diesem Schluss kommt der heute ver\u00f6ffentlichte IPCC-Bericht. 3,3 bis 3,6","robots":{"index":"index","follow":"follow","max-snippet":"max-snippet:-1","max-image-preview":"max-image-preview:large","max-video-preview":"max-video-preview:-1"},"canonical":"https:\/\/www.pressenza.com\/de\/2022\/03\/ipcc-bericht-bestaerkt-bedeutung-von-agraroekologie\/","og_locale":"de_DE","og_type":"article","og_title":"IPCC-Bericht best\u00e4rkt Bedeutung von Agrar\u00f6kologie","og_description":"Bis 2050 k\u00f6nnten bis zu 183 Millionen Menschen zus\u00e4tzlich unterern\u00e4hrt sein. Zu diesem Schluss kommt der heute ver\u00f6ffentlichte IPCC-Bericht. 3,3 bis 3,6","og_url":"https:\/\/www.pressenza.com\/de\/2022\/03\/ipcc-bericht-bestaerkt-bedeutung-von-agraroekologie\/","og_site_name":"Pressenza","article_publisher":"https:\/\/www.facebook.com\/PressenzaItalia","article_published_time":"2022-03-02T06:20:03+00:00","og_image":[{"width":1920,"height":1310,"url":"https:\/\/www.pressenza.com\/wp-content\/uploads\/2022\/03\/Duerre.v1.jpg","type":"image\/jpeg"}],"author":"Pressenza Wien","twitter_card":"summary_large_image","twitter_creator":"@pressenza_ger","twitter_site":"@PressenzaIPA","twitter_misc":{"Verfasst von":"Pressenza Wien","Gesch\u00e4tzte Lesezeit":"1\u00a0Minute"},"schema":{"@context":"https:\/\/schema.org","@graph":[{"@type":"Article","@id":"https:\/\/www.pressenza.com\/de\/2022\/03\/ipcc-bericht-bestaerkt-bedeutung-von-agraroekologie\/#article","isPartOf":{"@id":"https:\/\/www.pressenza.com\/de\/2022\/03\/ipcc-bericht-bestaerkt-bedeutung-von-agraroekologie\/"},"author":{"name":"Pressenza Wien","@id":"https:\/\/www.pressenza.com\/de\/#\/schema\/person\/3df859e5bf9b19ab936f666e0177e38b"},"headline":"IPCC-Bericht best\u00e4rkt Bedeutung von Agrar\u00f6kologie","datePublished":"2022-03-02T06:20:03+00:00","mainEntityOfPage":{"@id":"https:\/\/www.pressenza.com\/de\/2022\/03\/ipcc-bericht-bestaerkt-bedeutung-von-agraroekologie\/"},"wordCount":260,"publisher":{"@id":"https:\/\/www.pressenza.com\/de\/#organization"},"image":{"@id":"https:\/\/www.pressenza.com\/de\/2022\/03\/ipcc-bericht-bestaerkt-bedeutung-von-agraroekologie\/#primaryimage"},"thumbnailUrl":"https:\/\/www.pressenza.com\/wp-content\/uploads\/2022\/03\/Duerre.v1.jpg","keywords":["IPCC","Klimakrise","Klimawandel","Menschenrechte"],"articleSection":["Menschenrechte","\u00d6kologie und Umwelt","Politik","Pressemitteilungen"],"inLanguage":"de"},{"@type":"WebPage","@id":"https:\/\/www.pressenza.com\/de\/2022\/03\/ipcc-bericht-bestaerkt-bedeutung-von-agraroekologie\/","url":"https:\/\/www.pressenza.com\/de\/2022\/03\/ipcc-bericht-bestaerkt-bedeutung-von-agraroekologie\/","name":"IPCC-Bericht best\u00e4rkt Bedeutung von Agrar\u00f6kologie","isPartOf":{"@id":"https:\/\/www.pressenza.com\/de\/#website"},"primaryImageOfPage":{"@id":"https:\/\/www.pressenza.com\/de\/2022\/03\/ipcc-bericht-bestaerkt-bedeutung-von-agraroekologie\/#primaryimage"},"image":{"@id":"https:\/\/www.pressenza.com\/de\/2022\/03\/ipcc-bericht-bestaerkt-bedeutung-von-agraroekologie\/#primaryimage"},"thumbnailUrl":"https:\/\/www.pressenza.com\/wp-content\/uploads\/2022\/03\/Duerre.v1.jpg","datePublished":"2022-03-02T06:20:03+00:00","description":"Bis 2050 k\u00f6nnten bis zu 183 Millionen Menschen zus\u00e4tzlich unterern\u00e4hrt sein. Zu diesem Schluss kommt der heute ver\u00f6ffentlichte IPCC-Bericht. 3,3 bis 3,6","breadcrumb":{"@id":"https:\/\/www.pressenza.com\/de\/2022\/03\/ipcc-bericht-bestaerkt-bedeutung-von-agraroekologie\/#breadcrumb"},"inLanguage":"de","potentialAction":[{"@type":"ReadAction","target":["https:\/\/www.pressenza.com\/de\/2022\/03\/ipcc-bericht-bestaerkt-bedeutung-von-agraroekologie\/"]}]},{"@type":"ImageObject","inLanguage":"de","@id":"https:\/\/www.pressenza.com\/de\/2022\/03\/ipcc-bericht-bestaerkt-bedeutung-von-agraroekologie\/#primaryimage","url":"https:\/\/www.pressenza.com\/wp-content\/uploads\/2022\/03\/Duerre.v1.jpg","contentUrl":"https:\/\/www.pressenza.com\/wp-content\/uploads\/2022\/03\/Duerre.v1.jpg","width":1920,"height":1310},{"@type":"BreadcrumbList","@id":"https:\/\/www.pressenza.com\/de\/2022\/03\/ipcc-bericht-bestaerkt-bedeutung-von-agraroekologie\/#breadcrumb","itemListElement":[{"@type":"ListItem","position":1,"name":"Accueil","item":"https:\/\/www.pressenza.com\/de\/"},{"@type":"ListItem","position":2,"name":"IPCC-Bericht best\u00e4rkt Bedeutung von Agrar\u00f6kologie"}]},{"@type":"WebSite","@id":"https:\/\/www.pressenza.com\/de\/#website","url":"https:\/\/www.pressenza.com\/de\/","name":"Pressenza","description":"International Press Agency","publisher":{"@id":"https:\/\/www.pressenza.com\/de\/#organization"},"potentialAction":[{"@type":"SearchAction","target":{"@type":"EntryPoint","urlTemplate":"https:\/\/www.pressenza.com\/de\/?s={search_term_string}"},"query-input":{"@type":"PropertyValueSpecification","valueRequired":true,"valueName":"search_term_string"}}],"inLanguage":"de"},{"@type":"Organization","@id":"https:\/\/www.pressenza.com\/de\/#organization","name":"Pressenza","url":"https:\/\/www.pressenza.com\/de\/","logo":{"@type":"ImageObject","inLanguage":"de","@id":"https:\/\/www.pressenza.com\/de\/#\/schema\/logo\/image\/","url":"https:\/\/www.pressenza.com\/wp-content\/uploads\/2022\/10\/pressenza_logo_200x200.jpg","contentUrl":"https:\/\/www.pressenza.com\/wp-content\/uploads\/2022\/10\/pressenza_logo_200x200.jpg","width":200,"height":200,"caption":"Pressenza"},"image":{"@id":"https:\/\/www.pressenza.com\/de\/#\/schema\/logo\/image\/"},"sameAs":["https:\/\/www.facebook.com\/PressenzaItalia","https:\/\/x.com\/PressenzaIPA"]},{"@type":"Person","@id":"https:\/\/www.pressenza.com\/de\/#\/schema\/person\/3df859e5bf9b19ab936f666e0177e38b","name":"Pressenza Wien","description":"News from the Pressenza Bureau in Vienna, Austria","sameAs":["https:\/\/x.com\/pressenza_ger"],"url":"https:\/\/www.pressenza.com\/de\/author\/pressenza-wien\/"}]}},"place":"FIAN \u00d6sterreich","original_article_url":"","_links":{"self":[{"href":"https:\/\/www.pressenza.com\/de\/wp-json\/wp\/v2\/posts\/1532074","targetHints":{"allow":["GET"]}}],"collection":[{"href":"https:\/\/www.pressenza.com\/de\/wp-json\/wp\/v2\/posts"}],"about":[{"href":"https:\/\/www.pressenza.com\/de\/wp-json\/wp\/v2\/types\/post"}],"author":[{"embeddable":true,"href":"https:\/\/www.pressenza.com\/de\/wp-json\/wp\/v2\/users\/1096"}],"replies":[{"embeddable":true,"href":"https:\/\/www.pressenza.com\/de\/wp-json\/wp\/v2\/comments?post=1532074"}],"version-history":[{"count":0,"href":"https:\/\/www.pressenza.com\/de\/wp-json\/wp\/v2\/posts\/1532074\/revisions"}],"wp:featuredmedia":[{"embeddable":true,"href":"https:\/\/www.pressenza.com\/de\/wp-json\/wp\/v2\/media\/1532076"}],"wp:attachment":[{"href":"https:\/\/www.pressenza.com\/de\/wp-json\/wp\/v2\/media?parent=1532074"}],"wp:term":[{"taxonomy":"category","embeddable":true,"href":"https:\/\/www.pressenza.com\/de\/wp-json\/wp\/v2\/categories?post=1532074"},{"taxonomy":"post_tag","embeddable":true,"href":"https:\/\/www.pressenza.com\/de\/wp-json\/wp\/v2\/tags?post=1532074"}],"curies":[{"name":"wp","href":"https:\/\/api.w.org\/{rel}","templated":true}]}}