{"id":1529010,"date":"2022-02-26T12:21:45","date_gmt":"2022-02-26T12:21:45","guid":{"rendered":"https:\/\/www.pressenza.com\/?p=1529010"},"modified":"2022-02-26T12:49:03","modified_gmt":"2022-02-26T12:49:03","slug":"stand-with-the-ukraine","status":"publish","type":"post","link":"https:\/\/www.pressenza.com\/de\/2022\/02\/stand-with-the-ukraine\/","title":{"rendered":"Stand with the Ukraine"},"content":{"rendered":"<p>Das B\u00fcndnis <a href=\"https:\/\/standwithukraine.live\/\" target=\"_blank\" rel=\"noopener\">Stand with Ukraine<\/a> ruft zu weltweiten Demonstrationen und Kundgebungen f\u00fcr Frieden in der Ukraine und in Europa auf:<\/p>\n<h4>&#8222;Wir vereinen uns gegen Putins Invasion, um die Menschen in der Ukraine zu unterst\u00fctzen. Wir kommen von \u00fcberall her, um die Angegriffenen zu unterst\u00fctzen. Wir wissen: Dies ist nicht &#8222;nur&#8220; ein Angriff auf die ukrainische Bev\u00f6lkerung. Dies ist ein Krieg gegen demokratische Werte, Menschenrechte und Frieden.&#8220;<\/h4>\n<p>Alle Termine im Web:<\/p>\n<p><a href=\"https:\/\/standwithukraine.live\/peace-protests\/\" target=\"_blank\" rel=\"noopener\">standwithukraine.live\/peace-protests\/<\/a><\/p>\n<p>Twitter: #standwithukraine<\/p>\n","protected":false},"excerpt":{"rendered":"<p>Das B\u00fcndnis Stand with Ukraine ruft zu weltweiten Demonstrationen und Kundgebungen f\u00fcr Frieden in der Ukraine und in Europa auf: &#8222;Wir vereinen uns gegen Putins Invasion, um die Menschen in der Ukraine zu unterst\u00fctzen. Wir kommen von \u00fcberall her, um&hellip;<\/p>\n","protected":false},"author":1095,"featured_media":1529011,"comment_status":"closed","ping_status":"closed","sticky":false,"template":"","format":"standard","meta":{"footnotes":""},"categories":[9150,9167,9145],"tags":[99591,9675],"class_list":["post-1529010","post","type-post","status-publish","format-standard","has-post-thumbnail","hentry","category-europa-de","category-frieden-und-abruestung","category-pressemitteilungen","tag-standwithukraine-de","tag-demonstration"],"yoast_head":"<!-- This site is optimized with the Yoast SEO plugin v27.1.1 - https:\/\/yoast.com\/product\/yoast-seo-wordpress\/ -->\n<title>Stand with the Ukraine<\/title>\n<meta name=\"description\" content=\"Das B\u00fcndnis Stand with Ukraine ruft zu weltweiten Demonstrationen und Kundgebungen f\u00fcr Frieden in der Ukraine und in Europa auf: &quot;Wir vereinen uns gegen\" \/>\n<meta name=\"robots\" content=\"index, follow, max-snippet:-1, max-image-preview:large, max-video-preview:-1\" \/>\n<link rel=\"canonical\" href=\"https:\/\/www.pressenza.com\/de\/2022\/02\/stand-with-the-ukraine\/\" \/>\n<meta property=\"og:locale\" content=\"de_DE\" \/>\n<meta property=\"og:type\" content=\"article\" \/>\n<meta property=\"og:title\" content=\"Stand with the Ukraine\" \/>\n<meta property=\"og:description\" content=\"Das B\u00fcndnis Stand with Ukraine ruft zu weltweiten Demonstrationen und Kundgebungen f\u00fcr Frieden in der Ukraine und in Europa auf: &quot;Wir vereinen uns gegen\" \/>\n<meta property=\"og:url\" content=\"https:\/\/www.pressenza.com\/de\/2022\/02\/stand-with-the-ukraine\/\" \/>\n<meta property=\"og:site_name\" content=\"Pressenza\" \/>\n<meta property=\"article:publisher\" content=\"https:\/\/www.facebook.com\/PressenzaItalia\" \/>\n<meta property=\"article:author\" content=\"https:\/\/www.facebook.com\/Pressenza-Deutschland-sterreich-Schweiz-281675388658060\/timeline\/\" \/>\n<meta property=\"article:published_time\" content=\"2022-02-26T12:21:45+00:00\" \/>\n<meta property=\"article:modified_time\" content=\"2022-02-26T12:49:03+00:00\" \/>\n<meta property=\"og:image\" content=\"https:\/\/www.pressenza.com\/wp-content\/uploads\/2022\/02\/stand-with-ukraine.jpg\" \/>\n\t<meta property=\"og:image:width\" content=\"1774\" \/>\n\t<meta property=\"og:image:height\" content=\"1667\" \/>\n\t<meta property=\"og:image:type\" content=\"image\/jpeg\" \/>\n<meta name=\"author\" content=\"Pressenza Berlin\" \/>\n<meta name=\"twitter:card\" content=\"summary_large_image\" \/>\n<meta name=\"twitter:creator\" content=\"@pressenza_ger\" \/>\n<meta name=\"twitter:site\" content=\"@PressenzaIPA\" \/>\n<meta name=\"twitter:label1\" content=\"Verfasst von\" \/>\n\t<meta name=\"twitter:data1\" content=\"Pressenza Berlin\" \/>\n<script type=\"application\/ld+json\" class=\"yoast-schema-graph\">{\"@context\":\"https:\/\/schema.org\",\"@graph\":[{\"@type\":\"Article\",\"@id\":\"https:\/\/www.pressenza.com\/de\/2022\/02\/stand-with-the-ukraine\/#article\",\"isPartOf\":{\"@id\":\"https:\/\/www.pressenza.com\/de\/2022\/02\/stand-with-the-ukraine\/\"},\"author\":{\"name\":\"Pressenza Berlin\",\"@id\":\"https:\/\/www.pressenza.com\/de\/#\/schema\/person\/57bb5480943a496a7722b0248e4b658a\"},\"headline\":\"Stand with the Ukraine\",\"datePublished\":\"2022-02-26T12:21:45+00:00\",\"dateModified\":\"2022-02-26T12:49:03+00:00\",\"mainEntityOfPage\":{\"@id\":\"https:\/\/www.pressenza.com\/de\/2022\/02\/stand-with-the-ukraine\/\"},\"wordCount\":84,\"publisher\":{\"@id\":\"https:\/\/www.pressenza.com\/de\/#organization\"},\"image\":{\"@id\":\"https:\/\/www.pressenza.com\/de\/2022\/02\/stand-with-the-ukraine\/#primaryimage\"},\"thumbnailUrl\":\"https:\/\/www.pressenza.com\/wp-content\/uploads\/2022\/02\/stand-with-ukraine.jpg\",\"keywords\":[\"#standwithukraine\",\"Demonstration\"],\"articleSection\":[\"Europa\",\"Frieden und Abr\u00fcstung\",\"Pressemitteilungen\"],\"inLanguage\":\"de\"},{\"@type\":\"WebPage\",\"@id\":\"https:\/\/www.pressenza.com\/de\/2022\/02\/stand-with-the-ukraine\/\",\"url\":\"https:\/\/www.pressenza.com\/de\/2022\/02\/stand-with-the-ukraine\/\",\"name\":\"Stand with the Ukraine\",\"isPartOf\":{\"@id\":\"https:\/\/www.pressenza.com\/de\/#website\"},\"primaryImageOfPage\":{\"@id\":\"https:\/\/www.pressenza.com\/de\/2022\/02\/stand-with-the-ukraine\/#primaryimage\"},\"image\":{\"@id\":\"https:\/\/www.pressenza.com\/de\/2022\/02\/stand-with-the-ukraine\/#primaryimage\"},\"thumbnailUrl\":\"https:\/\/www.pressenza.com\/wp-content\/uploads\/2022\/02\/stand-with-ukraine.jpg\",\"datePublished\":\"2022-02-26T12:21:45+00:00\",\"dateModified\":\"2022-02-26T12:49:03+00:00\",\"description\":\"Das B\u00fcndnis Stand with Ukraine ruft zu weltweiten Demonstrationen und Kundgebungen f\u00fcr Frieden in der Ukraine und in Europa auf: \\\"Wir vereinen uns gegen\",\"breadcrumb\":{\"@id\":\"https:\/\/www.pressenza.com\/de\/2022\/02\/stand-with-the-ukraine\/#breadcrumb\"},\"inLanguage\":\"de\",\"potentialAction\":[{\"@type\":\"ReadAction\",\"target\":[\"https:\/\/www.pressenza.com\/de\/2022\/02\/stand-with-the-ukraine\/\"]}]},{\"@type\":\"ImageObject\",\"inLanguage\":\"de\",\"@id\":\"https:\/\/www.pressenza.com\/de\/2022\/02\/stand-with-the-ukraine\/#primaryimage\",\"url\":\"https:\/\/www.pressenza.com\/wp-content\/uploads\/2022\/02\/stand-with-ukraine.jpg\",\"contentUrl\":\"https:\/\/www.pressenza.com\/wp-content\/uploads\/2022\/02\/stand-with-ukraine.jpg\",\"width\":1774,\"height\":1667,\"caption\":\"Stand with the people in Ukraine - Aufruf zu weltweiten Kundgebungen\"},{\"@type\":\"BreadcrumbList\",\"@id\":\"https:\/\/www.pressenza.com\/de\/2022\/02\/stand-with-the-ukraine\/#breadcrumb\",\"itemListElement\":[{\"@type\":\"ListItem\",\"position\":1,\"name\":\"Accueil\",\"item\":\"https:\/\/www.pressenza.com\/de\/\"},{\"@type\":\"ListItem\",\"position\":2,\"name\":\"Stand with the Ukraine\"}]},{\"@type\":\"WebSite\",\"@id\":\"https:\/\/www.pressenza.com\/de\/#website\",\"url\":\"https:\/\/www.pressenza.com\/de\/\",\"name\":\"Pressenza\",\"description\":\"International Press Agency\",\"publisher\":{\"@id\":\"https:\/\/www.pressenza.com\/de\/#organization\"},\"potentialAction\":[{\"@type\":\"SearchAction\",\"target\":{\"@type\":\"EntryPoint\",\"urlTemplate\":\"https:\/\/www.pressenza.com\/de\/?s={search_term_string}\"},\"query-input\":{\"@type\":\"PropertyValueSpecification\",\"valueRequired\":true,\"valueName\":\"search_term_string\"}}],\"inLanguage\":\"de\"},{\"@type\":\"Organization\",\"@id\":\"https:\/\/www.pressenza.com\/de\/#organization\",\"name\":\"Pressenza\",\"url\":\"https:\/\/www.pressenza.com\/de\/\",\"logo\":{\"@type\":\"ImageObject\",\"inLanguage\":\"de\",\"@id\":\"https:\/\/www.pressenza.com\/de\/#\/schema\/logo\/image\/\",\"url\":\"https:\/\/www.pressenza.com\/wp-content\/uploads\/2022\/10\/pressenza_logo_200x200.jpg\",\"contentUrl\":\"https:\/\/www.pressenza.com\/wp-content\/uploads\/2022\/10\/pressenza_logo_200x200.jpg\",\"width\":200,\"height\":200,\"caption\":\"Pressenza\"},\"image\":{\"@id\":\"https:\/\/www.pressenza.com\/de\/#\/schema\/logo\/image\/\"},\"sameAs\":[\"https:\/\/www.facebook.com\/PressenzaItalia\",\"https:\/\/x.com\/PressenzaIPA\"]},{\"@type\":\"Person\",\"@id\":\"https:\/\/www.pressenza.com\/de\/#\/schema\/person\/57bb5480943a496a7722b0248e4b658a\",\"name\":\"Pressenza Berlin\",\"description\":\"News from the Pressenza Bureau in Berlin, Germany\",\"sameAs\":[\"https:\/\/www.facebook.com\/Pressenza-Deutschland-sterreich-Schweiz-281675388658060\/timeline\/\",\"https:\/\/x.com\/pressenza_ger\"],\"url\":\"https:\/\/www.pressenza.com\/de\/author\/pressenza-berlin\/\"}]}<\/script>\n<!-- \/ Yoast SEO plugin. -->","yoast_head_json":{"title":"Stand with the Ukraine","description":"Das B\u00fcndnis Stand with Ukraine ruft zu weltweiten Demonstrationen und Kundgebungen f\u00fcr Frieden in der Ukraine und in Europa auf: \"Wir vereinen uns gegen","robots":{"index":"index","follow":"follow","max-snippet":"max-snippet:-1","max-image-preview":"max-image-preview:large","max-video-preview":"max-video-preview:-1"},"canonical":"https:\/\/www.pressenza.com\/de\/2022\/02\/stand-with-the-ukraine\/","og_locale":"de_DE","og_type":"article","og_title":"Stand with the Ukraine","og_description":"Das B\u00fcndnis Stand with Ukraine ruft zu weltweiten Demonstrationen und Kundgebungen f\u00fcr Frieden in der Ukraine und in Europa auf: \"Wir vereinen uns gegen","og_url":"https:\/\/www.pressenza.com\/de\/2022\/02\/stand-with-the-ukraine\/","og_site_name":"Pressenza","article_publisher":"https:\/\/www.facebook.com\/PressenzaItalia","article_author":"https:\/\/www.facebook.com\/Pressenza-Deutschland-sterreich-Schweiz-281675388658060\/timeline\/","article_published_time":"2022-02-26T12:21:45+00:00","article_modified_time":"2022-02-26T12:49:03+00:00","og_image":[{"width":1774,"height":1667,"url":"https:\/\/www.pressenza.com\/wp-content\/uploads\/2022\/02\/stand-with-ukraine.jpg","type":"image\/jpeg"}],"author":"Pressenza Berlin","twitter_card":"summary_large_image","twitter_creator":"@pressenza_ger","twitter_site":"@PressenzaIPA","twitter_misc":{"Verfasst von":"Pressenza Berlin"},"schema":{"@context":"https:\/\/schema.org","@graph":[{"@type":"Article","@id":"https:\/\/www.pressenza.com\/de\/2022\/02\/stand-with-the-ukraine\/#article","isPartOf":{"@id":"https:\/\/www.pressenza.com\/de\/2022\/02\/stand-with-the-ukraine\/"},"author":{"name":"Pressenza Berlin","@id":"https:\/\/www.pressenza.com\/de\/#\/schema\/person\/57bb5480943a496a7722b0248e4b658a"},"headline":"Stand with the Ukraine","datePublished":"2022-02-26T12:21:45+00:00","dateModified":"2022-02-26T12:49:03+00:00","mainEntityOfPage":{"@id":"https:\/\/www.pressenza.com\/de\/2022\/02\/stand-with-the-ukraine\/"},"wordCount":84,"publisher":{"@id":"https:\/\/www.pressenza.com\/de\/#organization"},"image":{"@id":"https:\/\/www.pressenza.com\/de\/2022\/02\/stand-with-the-ukraine\/#primaryimage"},"thumbnailUrl":"https:\/\/www.pressenza.com\/wp-content\/uploads\/2022\/02\/stand-with-ukraine.jpg","keywords":["#standwithukraine","Demonstration"],"articleSection":["Europa","Frieden und Abr\u00fcstung","Pressemitteilungen"],"inLanguage":"de"},{"@type":"WebPage","@id":"https:\/\/www.pressenza.com\/de\/2022\/02\/stand-with-the-ukraine\/","url":"https:\/\/www.pressenza.com\/de\/2022\/02\/stand-with-the-ukraine\/","name":"Stand with the Ukraine","isPartOf":{"@id":"https:\/\/www.pressenza.com\/de\/#website"},"primaryImageOfPage":{"@id":"https:\/\/www.pressenza.com\/de\/2022\/02\/stand-with-the-ukraine\/#primaryimage"},"image":{"@id":"https:\/\/www.pressenza.com\/de\/2022\/02\/stand-with-the-ukraine\/#primaryimage"},"thumbnailUrl":"https:\/\/www.pressenza.com\/wp-content\/uploads\/2022\/02\/stand-with-ukraine.jpg","datePublished":"2022-02-26T12:21:45+00:00","dateModified":"2022-02-26T12:49:03+00:00","description":"Das B\u00fcndnis Stand with Ukraine ruft zu weltweiten Demonstrationen und Kundgebungen f\u00fcr Frieden in der Ukraine und in Europa auf: \"Wir vereinen uns gegen","breadcrumb":{"@id":"https:\/\/www.pressenza.com\/de\/2022\/02\/stand-with-the-ukraine\/#breadcrumb"},"inLanguage":"de","potentialAction":[{"@type":"ReadAction","target":["https:\/\/www.pressenza.com\/de\/2022\/02\/stand-with-the-ukraine\/"]}]},{"@type":"ImageObject","inLanguage":"de","@id":"https:\/\/www.pressenza.com\/de\/2022\/02\/stand-with-the-ukraine\/#primaryimage","url":"https:\/\/www.pressenza.com\/wp-content\/uploads\/2022\/02\/stand-with-ukraine.jpg","contentUrl":"https:\/\/www.pressenza.com\/wp-content\/uploads\/2022\/02\/stand-with-ukraine.jpg","width":1774,"height":1667,"caption":"Stand with the people in Ukraine - Aufruf zu weltweiten Kundgebungen"},{"@type":"BreadcrumbList","@id":"https:\/\/www.pressenza.com\/de\/2022\/02\/stand-with-the-ukraine\/#breadcrumb","itemListElement":[{"@type":"ListItem","position":1,"name":"Accueil","item":"https:\/\/www.pressenza.com\/de\/"},{"@type":"ListItem","position":2,"name":"Stand with the Ukraine"}]},{"@type":"WebSite","@id":"https:\/\/www.pressenza.com\/de\/#website","url":"https:\/\/www.pressenza.com\/de\/","name":"Pressenza","description":"International Press Agency","publisher":{"@id":"https:\/\/www.pressenza.com\/de\/#organization"},"potentialAction":[{"@type":"SearchAction","target":{"@type":"EntryPoint","urlTemplate":"https:\/\/www.pressenza.com\/de\/?s={search_term_string}"},"query-input":{"@type":"PropertyValueSpecification","valueRequired":true,"valueName":"search_term_string"}}],"inLanguage":"de"},{"@type":"Organization","@id":"https:\/\/www.pressenza.com\/de\/#organization","name":"Pressenza","url":"https:\/\/www.pressenza.com\/de\/","logo":{"@type":"ImageObject","inLanguage":"de","@id":"https:\/\/www.pressenza.com\/de\/#\/schema\/logo\/image\/","url":"https:\/\/www.pressenza.com\/wp-content\/uploads\/2022\/10\/pressenza_logo_200x200.jpg","contentUrl":"https:\/\/www.pressenza.com\/wp-content\/uploads\/2022\/10\/pressenza_logo_200x200.jpg","width":200,"height":200,"caption":"Pressenza"},"image":{"@id":"https:\/\/www.pressenza.com\/de\/#\/schema\/logo\/image\/"},"sameAs":["https:\/\/www.facebook.com\/PressenzaItalia","https:\/\/x.com\/PressenzaIPA"]},{"@type":"Person","@id":"https:\/\/www.pressenza.com\/de\/#\/schema\/person\/57bb5480943a496a7722b0248e4b658a","name":"Pressenza Berlin","description":"News from the Pressenza Bureau in Berlin, Germany","sameAs":["https:\/\/www.facebook.com\/Pressenza-Deutschland-sterreich-Schweiz-281675388658060\/timeline\/","https:\/\/x.com\/pressenza_ger"],"url":"https:\/\/www.pressenza.com\/de\/author\/pressenza-berlin\/"}]}},"place":"","original_article_url":"","_links":{"self":[{"href":"https:\/\/www.pressenza.com\/de\/wp-json\/wp\/v2\/posts\/1529010","targetHints":{"allow":["GET"]}}],"collection":[{"href":"https:\/\/www.pressenza.com\/de\/wp-json\/wp\/v2\/posts"}],"about":[{"href":"https:\/\/www.pressenza.com\/de\/wp-json\/wp\/v2\/types\/post"}],"author":[{"embeddable":true,"href":"https:\/\/www.pressenza.com\/de\/wp-json\/wp\/v2\/users\/1095"}],"replies":[{"embeddable":true,"href":"https:\/\/www.pressenza.com\/de\/wp-json\/wp\/v2\/comments?post=1529010"}],"version-history":[{"count":0,"href":"https:\/\/www.pressenza.com\/de\/wp-json\/wp\/v2\/posts\/1529010\/revisions"}],"wp:featuredmedia":[{"embeddable":true,"href":"https:\/\/www.pressenza.com\/de\/wp-json\/wp\/v2\/media\/1529011"}],"wp:attachment":[{"href":"https:\/\/www.pressenza.com\/de\/wp-json\/wp\/v2\/media?parent=1529010"}],"wp:term":[{"taxonomy":"category","embeddable":true,"href":"https:\/\/www.pressenza.com\/de\/wp-json\/wp\/v2\/categories?post=1529010"},{"taxonomy":"post_tag","embeddable":true,"href":"https:\/\/www.pressenza.com\/de\/wp-json\/wp\/v2\/tags?post=1529010"}],"curies":[{"name":"wp","href":"https:\/\/api.w.org\/{rel}","templated":true}]}}