{"id":151353,"date":"2014-12-03T13:31:29","date_gmt":"2014-12-03T13:31:29","guid":{"rendered":"http:\/\/www.pressenza.com\/?p=151353"},"modified":"2014-12-03T13:31:29","modified_gmt":"2014-12-03T13:31:29","slug":"mindestens-676-menschen-fielen-im-november-2014-der-gewalt-von-boko-haram-zum-opfer","status":"publish","type":"post","link":"https:\/\/www.pressenza.com\/de\/2014\/12\/mindestens-676-menschen-fielen-im-november-2014-der-gewalt-von-boko-haram-zum-opfer\/","title":{"rendered":"Mindestens 676 Menschen fielen im November 2014 der Gewalt von Boko Haram zum Opfer"},"content":{"rendered":"<p><strong>Der November 2014 ist der bisher blutigste Monat seit Beginn des Terrors von Boko Haram im Norden Nigerias im Jahr 2009. In diesem Zeitraum fielen mindestens 676 Menschen insgesamt 19 \u00dcberf\u00e4llen und Terroranschl\u00e4gen der extremistischen islamistischen Sekte zum Opfer.<\/strong><\/p>\n<p>Die tats\u00e4chliche Zahl der Opfer d\u00fcrfte noch deutlich h\u00f6her sein, da aufgrund der schwierigen Sicherheitslage in vielen \u00fcberfallenen D\u00f6rfern und St\u00e4dten noch immer nicht alle Toten geborgen werden konnten und die Konfliktparteien zudem oft den Zutritt zu den umk\u00e4mpften Siedlungen verweigern.<\/p>\n<p>Am vergangenen 29. November haben Boko Harams K\u00e4mpfer die Gro\u00dfe Moschee von Kano, einer der wichtigsten St\u00e4dte Nord-Nigerias angegriffen. Zwei Selbstmordattent\u00e4ter lie\u00dfen sich explodieren w\u00e4hrend andere K\u00e4mpfer auf die zum Freitagsgebet versammelten Glaubensgemeinschaft schossen. Drei Tage nach dem Attentat gibt es noch immer keine glaubw\u00fcrdigen Bilanz der Opfer. Laut Polizei sollen 120 Menschen dem Angriff zum Opfer gefallen sein, laut \u00c4rzten in den Krankenh\u00e4usern der Stadt und Augenzeugen soll es allerdings wenigstens 200 Tote geben.<\/p>\n<p>Es ist nicht das erste Mal, dass die nigerianischen Beh\u00f6rden beschuldigt werden, gezielt das erschreckende Ausma\u00df der Gewalt herunterspielen. Nigerias Armee und Polizei wurden in den vergangenen Jahren auch mehrfach vorgeworfen, Berichte von siegreichen bewaffneten Auseinandersetzungen mit Boko Haram frei erfunden zu haben, um der Bev\u00f6lkerung ein Gef\u00fchl von Sicherheit zu vermitteln und um Kritik an ihrer Strategie im Kampf gegen die Terrorbewegung zu entgegnen. Der Angriff auf die Moschee war wahrscheinlich die direkte Antwort der Terrorgruppe auf den vorangegangenen Appell des Emirs Mohammed Sanusi II, der seine Glaubensgemeinschaft dazu aufgerufen hat, Boko Haram mit allen Mitteln zu widerstehen und zu bek\u00e4mpfen.<\/p>\n<p>Neben den massiven Verlusten an Menschenleben werden immer gr\u00f6\u00dfere Landstriche im Nordosten Nigerias von den K\u00e4mpfen verw\u00fcstet. So wurden schon mehr als 10.000 H\u00e4user, 270 Kirchen, Moscheen und Schulen zerst\u00f6rt. Allein in der Di\u00f6zese Maiduguri im Bundesstaat Borno wurden 30 der 40 katholischen Schulen geschlossen. Auch ein Gro\u00dfteil der staatlichen Schulen ist aus Sicherheitsgr\u00fcnden geschlossen. Der Terror von Boko Haram riskiert, das Land in einen verheerenden B\u00fcrgerkrieg zu treiben und richtet in einer bereits wirtschaftlich unterentwickelten Region unberechenbare Langzeitfolgen an.<\/p>\n<p>Seit einigen Stunden berichten die Medien vom neuesten Terrorangriff der extremistischen Sekte. , Seit der Nacht sollen Boko Haram K\u00e4mpfer die Stadt Damaturu, Hauptstadt des Bundesstaates Yobe, angegriffen haben.<\/p>\n","protected":false},"excerpt":{"rendered":"<p>Der November 2014 ist der bisher blutigste Monat seit Beginn des Terrors von Boko Haram im Norden Nigerias im Jahr 2009. In diesem Zeitraum fielen mindestens 676 Menschen insgesamt 19 \u00dcberf\u00e4llen und Terroranschl\u00e4gen der extremistischen islamistischen Sekte zum Opfer. Die&hellip;<\/p>\n","protected":false},"author":1100,"featured_media":151354,"comment_status":"closed","ping_status":"open","sticky":false,"template":"","format":"standard","meta":{"footnotes":""},"categories":[9147,9166,7835,9145],"tags":[14586,10354,11956],"class_list":["post-151353","post","type-post","status-publish","format-standard","has-post-thumbnail","hentry","category-afrika-de","category-gewaltfreiheit","category-international-de","category-pressemitteilungen","tag-boko-haram-de","tag-gesellschaft-fur-bedrohte-volker","tag-nigeria-de"],"yoast_head":"<!-- This site is optimized with the Yoast SEO plugin v27.1.1 - https:\/\/yoast.com\/product\/yoast-seo-wordpress\/ -->\n<title>Mindestens 676 Menschen fielen im November 2014 der Gewalt von Boko Haram zum Opfer<\/title>\n<meta name=\"description\" content=\"Der November 2014 ist der bisher blutigste Monat seit Beginn des Terrors von Boko Haram im Norden Nigerias im Jahr 2009. In diesem Zeitraum fielen\" \/>\n<meta name=\"robots\" content=\"index, follow, max-snippet:-1, max-image-preview:large, max-video-preview:-1\" \/>\n<link rel=\"canonical\" href=\"https:\/\/www.pressenza.com\/de\/2014\/12\/mindestens-676-menschen-fielen-im-november-2014-der-gewalt-von-boko-haram-zum-opfer\/\" \/>\n<meta property=\"og:locale\" content=\"de_DE\" \/>\n<meta property=\"og:type\" content=\"article\" \/>\n<meta property=\"og:title\" content=\"Mindestens 676 Menschen fielen im November 2014 der Gewalt von Boko Haram zum Opfer\" \/>\n<meta property=\"og:description\" content=\"Der November 2014 ist der bisher blutigste Monat seit Beginn des Terrors von Boko Haram im Norden Nigerias im Jahr 2009. In diesem Zeitraum fielen\" \/>\n<meta property=\"og:url\" content=\"https:\/\/www.pressenza.com\/de\/2014\/12\/mindestens-676-menschen-fielen-im-november-2014-der-gewalt-von-boko-haram-zum-opfer\/\" \/>\n<meta property=\"og:site_name\" content=\"Pressenza\" \/>\n<meta property=\"article:publisher\" content=\"https:\/\/www.facebook.com\/PressenzaItalia\" \/>\n<meta property=\"article:published_time\" content=\"2014-12-03T13:31:29+00:00\" \/>\n<meta property=\"og:image\" content=\"https:\/\/www.pressenza.com\/wp-content\/uploads\/2014\/12\/140716nigeria.jpg\" \/>\n\t<meta property=\"og:image:width\" content=\"425\" \/>\n\t<meta property=\"og:image:height\" content=\"281\" \/>\n\t<meta property=\"og:image:type\" content=\"image\/jpeg\" \/>\n<meta name=\"author\" content=\"Gesellschaft f\u00fcr bedrohte V\u00f6lker\" \/>\n<meta name=\"twitter:card\" content=\"summary_large_image\" \/>\n<meta name=\"twitter:creator\" content=\"@PressenzaIPA\" \/>\n<meta name=\"twitter:site\" content=\"@PressenzaIPA\" \/>\n<meta name=\"twitter:label1\" content=\"Verfasst von\" \/>\n\t<meta name=\"twitter:data1\" content=\"Gesellschaft f\u00fcr bedrohte V\u00f6lker\" \/>\n\t<meta name=\"twitter:label2\" content=\"Gesch\u00e4tzte Lesezeit\" \/>\n\t<meta name=\"twitter:data2\" content=\"2\u00a0Minuten\" \/>\n<script type=\"application\/ld+json\" class=\"yoast-schema-graph\">{\"@context\":\"https:\/\/schema.org\",\"@graph\":[{\"@type\":\"Article\",\"@id\":\"https:\/\/www.pressenza.com\/de\/2014\/12\/mindestens-676-menschen-fielen-im-november-2014-der-gewalt-von-boko-haram-zum-opfer\/#article\",\"isPartOf\":{\"@id\":\"https:\/\/www.pressenza.com\/de\/2014\/12\/mindestens-676-menschen-fielen-im-november-2014-der-gewalt-von-boko-haram-zum-opfer\/\"},\"author\":{\"name\":\"Gesellschaft f\u00fcr bedrohte V\u00f6lker\",\"@id\":\"https:\/\/www.pressenza.com\/de\/#\/schema\/person\/f6cae27dc9933b58b3937fe60cc2c5a9\"},\"headline\":\"Mindestens 676 Menschen fielen im November 2014 der Gewalt von Boko Haram zum Opfer\",\"datePublished\":\"2014-12-03T13:31:29+00:00\",\"mainEntityOfPage\":{\"@id\":\"https:\/\/www.pressenza.com\/de\/2014\/12\/mindestens-676-menschen-fielen-im-november-2014-der-gewalt-von-boko-haram-zum-opfer\/\"},\"wordCount\":397,\"publisher\":{\"@id\":\"https:\/\/www.pressenza.com\/de\/#organization\"},\"image\":{\"@id\":\"https:\/\/www.pressenza.com\/de\/2014\/12\/mindestens-676-menschen-fielen-im-november-2014-der-gewalt-von-boko-haram-zum-opfer\/#primaryimage\"},\"thumbnailUrl\":\"https:\/\/www.pressenza.com\/wp-content\/uploads\/2014\/12\/140716nigeria.jpg\",\"keywords\":[\"Boko Haram\",\"Gesellschaft f\u00fcr bedrohte V\u00f6lker\",\"Nigeria\"],\"articleSection\":[\"Afrika\",\"Gewaltfreiheit\",\"International\",\"Pressemitteilungen\"],\"inLanguage\":\"de\"},{\"@type\":\"WebPage\",\"@id\":\"https:\/\/www.pressenza.com\/de\/2014\/12\/mindestens-676-menschen-fielen-im-november-2014-der-gewalt-von-boko-haram-zum-opfer\/\",\"url\":\"https:\/\/www.pressenza.com\/de\/2014\/12\/mindestens-676-menschen-fielen-im-november-2014-der-gewalt-von-boko-haram-zum-opfer\/\",\"name\":\"Mindestens 676 Menschen fielen im November 2014 der Gewalt von Boko Haram zum Opfer\",\"isPartOf\":{\"@id\":\"https:\/\/www.pressenza.com\/de\/#website\"},\"primaryImageOfPage\":{\"@id\":\"https:\/\/www.pressenza.com\/de\/2014\/12\/mindestens-676-menschen-fielen-im-november-2014-der-gewalt-von-boko-haram-zum-opfer\/#primaryimage\"},\"image\":{\"@id\":\"https:\/\/www.pressenza.com\/de\/2014\/12\/mindestens-676-menschen-fielen-im-november-2014-der-gewalt-von-boko-haram-zum-opfer\/#primaryimage\"},\"thumbnailUrl\":\"https:\/\/www.pressenza.com\/wp-content\/uploads\/2014\/12\/140716nigeria.jpg\",\"datePublished\":\"2014-12-03T13:31:29+00:00\",\"description\":\"Der November 2014 ist der bisher blutigste Monat seit Beginn des Terrors von Boko Haram im Norden Nigerias im Jahr 2009. In diesem Zeitraum fielen\",\"breadcrumb\":{\"@id\":\"https:\/\/www.pressenza.com\/de\/2014\/12\/mindestens-676-menschen-fielen-im-november-2014-der-gewalt-von-boko-haram-zum-opfer\/#breadcrumb\"},\"inLanguage\":\"de\",\"potentialAction\":[{\"@type\":\"ReadAction\",\"target\":[\"https:\/\/www.pressenza.com\/de\/2014\/12\/mindestens-676-menschen-fielen-im-november-2014-der-gewalt-von-boko-haram-zum-opfer\/\"]}]},{\"@type\":\"ImageObject\",\"inLanguage\":\"de\",\"@id\":\"https:\/\/www.pressenza.com\/de\/2014\/12\/mindestens-676-menschen-fielen-im-november-2014-der-gewalt-von-boko-haram-zum-opfer\/#primaryimage\",\"url\":\"https:\/\/www.pressenza.com\/wp-content\/uploads\/2014\/12\/140716nigeria.jpg\",\"contentUrl\":\"https:\/\/www.pressenza.com\/wp-content\/uploads\/2014\/12\/140716nigeria.jpg\",\"width\":425,\"height\":281},{\"@type\":\"BreadcrumbList\",\"@id\":\"https:\/\/www.pressenza.com\/de\/2014\/12\/mindestens-676-menschen-fielen-im-november-2014-der-gewalt-von-boko-haram-zum-opfer\/#breadcrumb\",\"itemListElement\":[{\"@type\":\"ListItem\",\"position\":1,\"name\":\"Accueil\",\"item\":\"https:\/\/www.pressenza.com\/de\/\"},{\"@type\":\"ListItem\",\"position\":2,\"name\":\"Mindestens 676 Menschen fielen im November 2014 der Gewalt von Boko Haram zum Opfer\"}]},{\"@type\":\"WebSite\",\"@id\":\"https:\/\/www.pressenza.com\/de\/#website\",\"url\":\"https:\/\/www.pressenza.com\/de\/\",\"name\":\"Pressenza\",\"description\":\"International Press Agency\",\"publisher\":{\"@id\":\"https:\/\/www.pressenza.com\/de\/#organization\"},\"potentialAction\":[{\"@type\":\"SearchAction\",\"target\":{\"@type\":\"EntryPoint\",\"urlTemplate\":\"https:\/\/www.pressenza.com\/de\/?s={search_term_string}\"},\"query-input\":{\"@type\":\"PropertyValueSpecification\",\"valueRequired\":true,\"valueName\":\"search_term_string\"}}],\"inLanguage\":\"de\"},{\"@type\":\"Organization\",\"@id\":\"https:\/\/www.pressenza.com\/de\/#organization\",\"name\":\"Pressenza\",\"url\":\"https:\/\/www.pressenza.com\/de\/\",\"logo\":{\"@type\":\"ImageObject\",\"inLanguage\":\"de\",\"@id\":\"https:\/\/www.pressenza.com\/de\/#\/schema\/logo\/image\/\",\"url\":\"https:\/\/www.pressenza.com\/wp-content\/uploads\/2022\/10\/pressenza_logo_200x200.jpg\",\"contentUrl\":\"https:\/\/www.pressenza.com\/wp-content\/uploads\/2022\/10\/pressenza_logo_200x200.jpg\",\"width\":200,\"height\":200,\"caption\":\"Pressenza\"},\"image\":{\"@id\":\"https:\/\/www.pressenza.com\/de\/#\/schema\/logo\/image\/\"},\"sameAs\":[\"https:\/\/www.facebook.com\/PressenzaItalia\",\"https:\/\/x.com\/PressenzaIPA\"]},{\"@type\":\"Person\",\"@id\":\"https:\/\/www.pressenza.com\/de\/#\/schema\/person\/f6cae27dc9933b58b3937fe60cc2c5a9\",\"name\":\"Gesellschaft f\u00fcr bedrohte V\u00f6lker\",\"description\":\"bedrohte v\u00f6lker berichtet regelm\u00e4\u00dfig und aktuell \u00fcber verfolgte ethnische und religi\u00f6se Minderheiten, Nationalit\u00e4ten und Ureinwohnerv\u00f6lker in aller Welt. Im deutschen Sprachraum gibt es kein vergleichbares Medium.\",\"url\":\"https:\/\/www.pressenza.com\/de\/author\/gfbv\/\"}]}<\/script>\n<!-- \/ Yoast SEO plugin. -->","yoast_head_json":{"title":"Mindestens 676 Menschen fielen im November 2014 der Gewalt von Boko Haram zum Opfer","description":"Der November 2014 ist der bisher blutigste Monat seit Beginn des Terrors von Boko Haram im Norden Nigerias im Jahr 2009. In diesem Zeitraum fielen","robots":{"index":"index","follow":"follow","max-snippet":"max-snippet:-1","max-image-preview":"max-image-preview:large","max-video-preview":"max-video-preview:-1"},"canonical":"https:\/\/www.pressenza.com\/de\/2014\/12\/mindestens-676-menschen-fielen-im-november-2014-der-gewalt-von-boko-haram-zum-opfer\/","og_locale":"de_DE","og_type":"article","og_title":"Mindestens 676 Menschen fielen im November 2014 der Gewalt von Boko Haram zum Opfer","og_description":"Der November 2014 ist der bisher blutigste Monat seit Beginn des Terrors von Boko Haram im Norden Nigerias im Jahr 2009. In diesem Zeitraum fielen","og_url":"https:\/\/www.pressenza.com\/de\/2014\/12\/mindestens-676-menschen-fielen-im-november-2014-der-gewalt-von-boko-haram-zum-opfer\/","og_site_name":"Pressenza","article_publisher":"https:\/\/www.facebook.com\/PressenzaItalia","article_published_time":"2014-12-03T13:31:29+00:00","og_image":[{"width":425,"height":281,"url":"https:\/\/www.pressenza.com\/wp-content\/uploads\/2014\/12\/140716nigeria.jpg","type":"image\/jpeg"}],"author":"Gesellschaft f\u00fcr bedrohte V\u00f6lker","twitter_card":"summary_large_image","twitter_creator":"@PressenzaIPA","twitter_site":"@PressenzaIPA","twitter_misc":{"Verfasst von":"Gesellschaft f\u00fcr bedrohte V\u00f6lker","Gesch\u00e4tzte Lesezeit":"2\u00a0Minuten"},"schema":{"@context":"https:\/\/schema.org","@graph":[{"@type":"Article","@id":"https:\/\/www.pressenza.com\/de\/2014\/12\/mindestens-676-menschen-fielen-im-november-2014-der-gewalt-von-boko-haram-zum-opfer\/#article","isPartOf":{"@id":"https:\/\/www.pressenza.com\/de\/2014\/12\/mindestens-676-menschen-fielen-im-november-2014-der-gewalt-von-boko-haram-zum-opfer\/"},"author":{"name":"Gesellschaft f\u00fcr bedrohte V\u00f6lker","@id":"https:\/\/www.pressenza.com\/de\/#\/schema\/person\/f6cae27dc9933b58b3937fe60cc2c5a9"},"headline":"Mindestens 676 Menschen fielen im November 2014 der Gewalt von Boko Haram zum Opfer","datePublished":"2014-12-03T13:31:29+00:00","mainEntityOfPage":{"@id":"https:\/\/www.pressenza.com\/de\/2014\/12\/mindestens-676-menschen-fielen-im-november-2014-der-gewalt-von-boko-haram-zum-opfer\/"},"wordCount":397,"publisher":{"@id":"https:\/\/www.pressenza.com\/de\/#organization"},"image":{"@id":"https:\/\/www.pressenza.com\/de\/2014\/12\/mindestens-676-menschen-fielen-im-november-2014-der-gewalt-von-boko-haram-zum-opfer\/#primaryimage"},"thumbnailUrl":"https:\/\/www.pressenza.com\/wp-content\/uploads\/2014\/12\/140716nigeria.jpg","keywords":["Boko Haram","Gesellschaft f\u00fcr bedrohte V\u00f6lker","Nigeria"],"articleSection":["Afrika","Gewaltfreiheit","International","Pressemitteilungen"],"inLanguage":"de"},{"@type":"WebPage","@id":"https:\/\/www.pressenza.com\/de\/2014\/12\/mindestens-676-menschen-fielen-im-november-2014-der-gewalt-von-boko-haram-zum-opfer\/","url":"https:\/\/www.pressenza.com\/de\/2014\/12\/mindestens-676-menschen-fielen-im-november-2014-der-gewalt-von-boko-haram-zum-opfer\/","name":"Mindestens 676 Menschen fielen im November 2014 der Gewalt von Boko Haram zum Opfer","isPartOf":{"@id":"https:\/\/www.pressenza.com\/de\/#website"},"primaryImageOfPage":{"@id":"https:\/\/www.pressenza.com\/de\/2014\/12\/mindestens-676-menschen-fielen-im-november-2014-der-gewalt-von-boko-haram-zum-opfer\/#primaryimage"},"image":{"@id":"https:\/\/www.pressenza.com\/de\/2014\/12\/mindestens-676-menschen-fielen-im-november-2014-der-gewalt-von-boko-haram-zum-opfer\/#primaryimage"},"thumbnailUrl":"https:\/\/www.pressenza.com\/wp-content\/uploads\/2014\/12\/140716nigeria.jpg","datePublished":"2014-12-03T13:31:29+00:00","description":"Der November 2014 ist der bisher blutigste Monat seit Beginn des Terrors von Boko Haram im Norden Nigerias im Jahr 2009. In diesem Zeitraum fielen","breadcrumb":{"@id":"https:\/\/www.pressenza.com\/de\/2014\/12\/mindestens-676-menschen-fielen-im-november-2014-der-gewalt-von-boko-haram-zum-opfer\/#breadcrumb"},"inLanguage":"de","potentialAction":[{"@type":"ReadAction","target":["https:\/\/www.pressenza.com\/de\/2014\/12\/mindestens-676-menschen-fielen-im-november-2014-der-gewalt-von-boko-haram-zum-opfer\/"]}]},{"@type":"ImageObject","inLanguage":"de","@id":"https:\/\/www.pressenza.com\/de\/2014\/12\/mindestens-676-menschen-fielen-im-november-2014-der-gewalt-von-boko-haram-zum-opfer\/#primaryimage","url":"https:\/\/www.pressenza.com\/wp-content\/uploads\/2014\/12\/140716nigeria.jpg","contentUrl":"https:\/\/www.pressenza.com\/wp-content\/uploads\/2014\/12\/140716nigeria.jpg","width":425,"height":281},{"@type":"BreadcrumbList","@id":"https:\/\/www.pressenza.com\/de\/2014\/12\/mindestens-676-menschen-fielen-im-november-2014-der-gewalt-von-boko-haram-zum-opfer\/#breadcrumb","itemListElement":[{"@type":"ListItem","position":1,"name":"Accueil","item":"https:\/\/www.pressenza.com\/de\/"},{"@type":"ListItem","position":2,"name":"Mindestens 676 Menschen fielen im November 2014 der Gewalt von Boko Haram zum Opfer"}]},{"@type":"WebSite","@id":"https:\/\/www.pressenza.com\/de\/#website","url":"https:\/\/www.pressenza.com\/de\/","name":"Pressenza","description":"International Press Agency","publisher":{"@id":"https:\/\/www.pressenza.com\/de\/#organization"},"potentialAction":[{"@type":"SearchAction","target":{"@type":"EntryPoint","urlTemplate":"https:\/\/www.pressenza.com\/de\/?s={search_term_string}"},"query-input":{"@type":"PropertyValueSpecification","valueRequired":true,"valueName":"search_term_string"}}],"inLanguage":"de"},{"@type":"Organization","@id":"https:\/\/www.pressenza.com\/de\/#organization","name":"Pressenza","url":"https:\/\/www.pressenza.com\/de\/","logo":{"@type":"ImageObject","inLanguage":"de","@id":"https:\/\/www.pressenza.com\/de\/#\/schema\/logo\/image\/","url":"https:\/\/www.pressenza.com\/wp-content\/uploads\/2022\/10\/pressenza_logo_200x200.jpg","contentUrl":"https:\/\/www.pressenza.com\/wp-content\/uploads\/2022\/10\/pressenza_logo_200x200.jpg","width":200,"height":200,"caption":"Pressenza"},"image":{"@id":"https:\/\/www.pressenza.com\/de\/#\/schema\/logo\/image\/"},"sameAs":["https:\/\/www.facebook.com\/PressenzaItalia","https:\/\/x.com\/PressenzaIPA"]},{"@type":"Person","@id":"https:\/\/www.pressenza.com\/de\/#\/schema\/person\/f6cae27dc9933b58b3937fe60cc2c5a9","name":"Gesellschaft f\u00fcr bedrohte V\u00f6lker","description":"bedrohte v\u00f6lker berichtet regelm\u00e4\u00dfig und aktuell \u00fcber verfolgte ethnische und religi\u00f6se Minderheiten, Nationalit\u00e4ten und Ureinwohnerv\u00f6lker in aller Welt. Im deutschen Sprachraum gibt es kein vergleichbares Medium.","url":"https:\/\/www.pressenza.com\/de\/author\/gfbv\/"}]}},"place":"","original_article_url":"http:\/\/www.gfbv.it\/2c-stampa\/2014\/141201de.html","_links":{"self":[{"href":"https:\/\/www.pressenza.com\/de\/wp-json\/wp\/v2\/posts\/151353","targetHints":{"allow":["GET"]}}],"collection":[{"href":"https:\/\/www.pressenza.com\/de\/wp-json\/wp\/v2\/posts"}],"about":[{"href":"https:\/\/www.pressenza.com\/de\/wp-json\/wp\/v2\/types\/post"}],"author":[{"embeddable":true,"href":"https:\/\/www.pressenza.com\/de\/wp-json\/wp\/v2\/users\/1100"}],"replies":[{"embeddable":true,"href":"https:\/\/www.pressenza.com\/de\/wp-json\/wp\/v2\/comments?post=151353"}],"version-history":[{"count":0,"href":"https:\/\/www.pressenza.com\/de\/wp-json\/wp\/v2\/posts\/151353\/revisions"}],"wp:featuredmedia":[{"embeddable":true,"href":"https:\/\/www.pressenza.com\/de\/wp-json\/wp\/v2\/media\/151354"}],"wp:attachment":[{"href":"https:\/\/www.pressenza.com\/de\/wp-json\/wp\/v2\/media?parent=151353"}],"wp:term":[{"taxonomy":"category","embeddable":true,"href":"https:\/\/www.pressenza.com\/de\/wp-json\/wp\/v2\/categories?post=151353"},{"taxonomy":"post_tag","embeddable":true,"href":"https:\/\/www.pressenza.com\/de\/wp-json\/wp\/v2\/tags?post=151353"}],"curies":[{"name":"wp","href":"https:\/\/api.w.org\/{rel}","templated":true}]}}