{"id":1503420,"date":"2022-01-15T15:02:08","date_gmt":"2022-01-15T15:02:08","guid":{"rendered":"https:\/\/www.pressenza.com\/?p=1503420"},"modified":"2022-01-16T08:11:38","modified_gmt":"2022-01-16T08:11:38","slug":"gesetz-oeffnet-wasserprivatisierung-tuer-und-tor","status":"publish","type":"post","link":"https:\/\/www.pressenza.com\/de\/2022\/01\/gesetz-oeffnet-wasserprivatisierung-tuer-und-tor\/","title":{"rendered":"Gesetz \u00f6ffnet Wasserprivatisierung T\u00fcr und Tor"},"content":{"rendered":"<p>Der Wasserprivatisierung in El Salvador steht nichts mehr im Wege. Das von der Exekutive vorgeschlagene \u201eWasserressourcengesetz\u201d wurde in der Woche vor Weihnachten verabschiedet. Unterzeichnet wurde es von Mitgliedern der sich selbst als \u201eFraktion Cyan\u201c bezeichnenden Partei des Pr\u00e4sidenten Nayib Bukele, Nuevas Ideas, und anderen regierungstreuen Fraktionen des Parlaments.<\/p>\n<p>Nachdem das Gesetz etwa drei Monate lang auf Eis gelegen hatte, wurde es in der letzten Plenarsitzung des Jahres 2021 zusammen mit anderen Gesetzen auf den Weg gebracht. In einer Art \u201elegislativem Morgengrauen\u201c verabschiedeten die Abgeordneten sowohl das umstrittene \u201eWasserressourcengesetz\u201c als auch den Staatshaushalt f\u00fcr 2022 und w\u00e4hlten zudem den am 1. Mai von Bukele eingesetzten Generalstaatsanwalt wieder.<\/p>\n<p><strong>Zugang der B\u00fcrger*innen zu Wasser nicht gew\u00e4hrleistet<\/strong><\/p>\n<p>Offiziell gibt sich die Regierung mit dem Gesetz einen progressiven Anstrich. Das Gesetz unterstreiche das Menschenrecht auf Wasser, zudem solle sich die leitende Beh\u00f6rde ausschlie\u00dflich aus Regierungsbeamten zusammensetzen. Eine Abgeordnete weinte bei der Verabschiedung des Gesetztes sogar vor Ergriffenheit wegen des angeblich gro\u00dfen Nutzens f\u00fcr die Bev\u00f6lkerung.<\/p>\n<p>Obwohl die offizielle Darstellung das Gegenteil besagt, handelt es sich dennoch um ein Gesetz, das auf die <a class=\"glossaryLink\" style=\"box-sizing: inherit; background-color: transparent; color: #000000 !important; text-decoration: none !important; border-bottom-width: 1px !important; border-bottom-style: dotted !important; border-bottom-color: #000000 !important;\" href=\"https:\/\/www.npla.de\/lexikon\/privatisierung\/\" aria-describedby=\"tt\" data-cmtooltip=\"&lt;div class=glossaryItemTitle&gt;Privatisierung&lt;\/div&gt;&lt;div class=glossaryItemBody&gt;Privatisierung ist ein zentraler Bestandteil neoliberaler Politiken, die seit den 1980er Jahren angewandt werden: ehemals staatliche Dienstleistungen werden in die H\u00e4nde privater Akteure gegeben, welche Gewinnsabsichten auf dem Markt besitzen und keine Verpflichtung zur Durchsetzung universeller Rechte f\u00fcr Alle. Dadurch geraten beispielsweise indigene Territorien, die landbesitzende rurale Bev\u00f6lkerung genau so wie Stadtbewohner*innen unter Druck.&lt;\/div&gt;\" data-gt-translate-attributes=\"[{&quot;attribute&quot;:&quot;data-cmtooltip&quot;, &quot;format&quot;:&quot;html&quot;}]\">Privatisierung<\/a>der Wasserversorgung abzielt. Daf\u00fcr gibt es zwei Gr\u00fcnde. Zum einen erhalten Unternehmen, die mit Wasser handeln, eine Genehmigung f\u00fcr mindestens 15 Jahre \u2013 unabh\u00e4ngig davon, ob es in naher Zukunft zu einer Wasserknappheit oder einem erh\u00f6hten Bedarf f\u00fcr die Haushalte kommt. Es ist offenkundig, dass dieses Gesetz die Gewinne der Wasserh\u00e4ndler*innen gew\u00e4hrleisten soll, nicht den Zugang der Bev\u00f6lkerung zu der lebenswichtigen Fl\u00fcssigkeit. Der Pr\u00e4sident der Legislative, Ernesto Castro, betonte, dass das Gesetz den Investoren Rechtssicherheit geben werde. Soziale Organisationen hingegen kritisieren, dass ihre Vorschl\u00e4ge im Zuge der Ausarbeitung des Gesetzes nicht ber\u00fccksichtigt wurden, sondern nur die der Privatwirtschaft.<\/p>\n<p>Der zweite Grund hat mit der leitenden Beh\u00f6rde zu tun. Denn ob Staat und Privatwirtschaft Gegenspieler oder Kollaborateure sind, h\u00e4ngt von den Interessen und Vorhaben der Entscheidungstr\u00e4ger*innen ab. Und obwohl in dem neu verabschiedeten Gesetz keine Vertretung der Wirtschaft in der leitenden Beh\u00f6rde vorgesehen ist, ist die derzeitige Regierung selbst neoliberal und wirtschaftsfreundlich eingestellt. Daher wird die aktuelle Wasserpolitik eher den Interessen der Privatwirtschaft als jenen der B\u00fcrger*innen entsprechen.<\/p>\n<p><strong>Gesetz als Teil der neoliberalen, umweltsch\u00e4digenden Agenda Bukeles<\/strong><\/p>\n<p>Bis jetzt folgt die Regierung unter Pr\u00e4sident Bukele keiner b\u00fcrger*innennahen, sondern einer eindeutig neoliberalen und anti-\u00f6kologischen Linie. Deshalb hat die Regierung das Escaz\u00fa-Abkommen, das unter anderem die Beteiligung der Bev\u00f6lkerung bei umweltbezogenen Entscheidungsprozessen sicherstellen soll, nicht ratifiziert. Bukeles Regierung genehmigt Projekte, die \u00d6kosysteme sch\u00e4digen und stellt die sogenannte Entwicklung \u00fcber Umweltschutz, Nachhaltigkeit und das Leben.<\/p>\n<p>Auch das j\u00fcngst verabschiedete Wasserresourcengesetz ist nicht darauf ausgelegt, eine ausreichende, qualitativ hochwertige Wasserversorgung der B\u00fcrger*innen zu gew\u00e4hrleisten, die Verschmutzung der Wasservorr\u00e4te zu beheben oder zur Bew\u00e4ltigung der gravierenden \u00f6konomischen Situation beizutragen. Obwohl die Regierung es leugnet, hat das neue Gesetz einzig zum Ziel, die Gesch\u00e4fte gro\u00dfer Privatunternehmen zu sichern.<\/p>\n","protected":false},"excerpt":{"rendered":"<p>Der Wasserprivatisierung in El Salvador steht nichts mehr im Wege. Das von der Exekutive vorgeschlagene \u201eWasserressourcengesetz\u201d wurde in der Woche vor Weihnachten verabschiedet. Unterzeichnet wurde es von Mitgliedern der sich selbst als \u201eFraktion Cyan\u201c bezeichnenden Partei des Pr\u00e4sidenten Nayib Bukele,&hellip;<\/p>\n","protected":false},"author":1868,"featured_media":1503421,"comment_status":"closed","ping_status":"closed","sticky":false,"template":"","format":"standard","meta":{"footnotes":""},"categories":[9157,9168],"tags":[55721,25213,12500,86126],"class_list":["post-1503420","post","type-post","status-publish","format-standard","has-post-thumbnail","hentry","category-oekologie-und-umwelt","category-politik","tag-grundrechte","tag-neoliberalismus","tag-privatisierung","tag-wasserversorgung"],"yoast_head":"<!-- This site is optimized with the Yoast SEO plugin v27.1.1 - https:\/\/yoast.com\/product\/yoast-seo-wordpress\/ -->\n<title>Gesetz \u00f6ffnet Wasserprivatisierung T\u00fcr und Tor<\/title>\n<meta name=\"description\" content=\"Der Wasserprivatisierung in El Salvador steht nichts mehr im Wege. Das von der Exekutive vorgeschlagene \u201eWasserressourcengesetz\u201d wurde in der Woche vor\" \/>\n<meta name=\"robots\" content=\"index, follow, max-snippet:-1, max-image-preview:large, max-video-preview:-1\" \/>\n<link rel=\"canonical\" href=\"https:\/\/www.pressenza.com\/de\/2022\/01\/gesetz-oeffnet-wasserprivatisierung-tuer-und-tor\/\" \/>\n<meta property=\"og:locale\" content=\"de_DE\" \/>\n<meta property=\"og:type\" content=\"article\" \/>\n<meta property=\"og:title\" content=\"Gesetz \u00f6ffnet Wasserprivatisierung T\u00fcr und Tor\" \/>\n<meta property=\"og:description\" content=\"Der Wasserprivatisierung in El Salvador steht nichts mehr im Wege. Das von der Exekutive vorgeschlagene \u201eWasserressourcengesetz\u201d wurde in der Woche vor\" \/>\n<meta property=\"og:url\" content=\"https:\/\/www.pressenza.com\/de\/2022\/01\/gesetz-oeffnet-wasserprivatisierung-tuer-und-tor\/\" \/>\n<meta property=\"og:site_name\" content=\"Pressenza\" \/>\n<meta property=\"article:publisher\" content=\"https:\/\/www.facebook.com\/PressenzaItalia\" \/>\n<meta property=\"article:published_time\" content=\"2022-01-15T15:02:08+00:00\" \/>\n<meta property=\"article:modified_time\" content=\"2022-01-16T08:11:38+00:00\" \/>\n<meta property=\"og:image\" content=\"https:\/\/www.pressenza.com\/wp-content\/uploads\/2022\/01\/CA238090-C39D-4397-AF06-6B4940442729.jpeg\" \/>\n\t<meta property=\"og:image:width\" content=\"1920\" \/>\n\t<meta property=\"og:image:height\" content=\"1279\" \/>\n\t<meta property=\"og:image:type\" content=\"image\/jpeg\" \/>\n<meta name=\"author\" content=\"poonal - Pressedienst lateinamerikanischer Nachrichtenagenturen\" \/>\n<meta name=\"twitter:card\" content=\"summary_large_image\" \/>\n<meta name=\"twitter:creator\" content=\"@PressenzaIPA\" \/>\n<meta name=\"twitter:site\" content=\"@PressenzaIPA\" \/>\n<meta name=\"twitter:label1\" content=\"Verfasst von\" \/>\n\t<meta name=\"twitter:data1\" content=\"poonal - Pressedienst lateinamerikanischer Nachrichtenagenturen\" \/>\n\t<meta name=\"twitter:label2\" content=\"Gesch\u00e4tzte Lesezeit\" \/>\n\t<meta name=\"twitter:data2\" content=\"3\u00a0Minuten\" \/>\n<script type=\"application\/ld+json\" class=\"yoast-schema-graph\">{\"@context\":\"https:\/\/schema.org\",\"@graph\":[{\"@type\":\"Article\",\"@id\":\"https:\/\/www.pressenza.com\/de\/2022\/01\/gesetz-oeffnet-wasserprivatisierung-tuer-und-tor\/#article\",\"isPartOf\":{\"@id\":\"https:\/\/www.pressenza.com\/de\/2022\/01\/gesetz-oeffnet-wasserprivatisierung-tuer-und-tor\/\"},\"author\":{\"name\":\"poonal - Pressedienst lateinamerikanischer Nachrichtenagenturen\",\"@id\":\"https:\/\/www.pressenza.com\/de\/#\/schema\/person\/132489b8f8952f27e7e24996c103e09e\"},\"headline\":\"Gesetz \u00f6ffnet Wasserprivatisierung T\u00fcr und Tor\",\"datePublished\":\"2022-01-15T15:02:08+00:00\",\"dateModified\":\"2022-01-16T08:11:38+00:00\",\"mainEntityOfPage\":{\"@id\":\"https:\/\/www.pressenza.com\/de\/2022\/01\/gesetz-oeffnet-wasserprivatisierung-tuer-und-tor\/\"},\"wordCount\":507,\"publisher\":{\"@id\":\"https:\/\/www.pressenza.com\/de\/#organization\"},\"image\":{\"@id\":\"https:\/\/www.pressenza.com\/de\/2022\/01\/gesetz-oeffnet-wasserprivatisierung-tuer-und-tor\/#primaryimage\"},\"thumbnailUrl\":\"https:\/\/www.pressenza.com\/wp-content\/uploads\/2022\/01\/CA238090-C39D-4397-AF06-6B4940442729.jpeg\",\"keywords\":[\"Grundrechte\",\"Neoliberalismus\",\"Privatisierung\",\"Wasserversorgung\"],\"articleSection\":[\"\u00d6kologie und Umwelt\",\"Politik\"],\"inLanguage\":\"de\"},{\"@type\":\"WebPage\",\"@id\":\"https:\/\/www.pressenza.com\/de\/2022\/01\/gesetz-oeffnet-wasserprivatisierung-tuer-und-tor\/\",\"url\":\"https:\/\/www.pressenza.com\/de\/2022\/01\/gesetz-oeffnet-wasserprivatisierung-tuer-und-tor\/\",\"name\":\"Gesetz \u00f6ffnet Wasserprivatisierung T\u00fcr und Tor\",\"isPartOf\":{\"@id\":\"https:\/\/www.pressenza.com\/de\/#website\"},\"primaryImageOfPage\":{\"@id\":\"https:\/\/www.pressenza.com\/de\/2022\/01\/gesetz-oeffnet-wasserprivatisierung-tuer-und-tor\/#primaryimage\"},\"image\":{\"@id\":\"https:\/\/www.pressenza.com\/de\/2022\/01\/gesetz-oeffnet-wasserprivatisierung-tuer-und-tor\/#primaryimage\"},\"thumbnailUrl\":\"https:\/\/www.pressenza.com\/wp-content\/uploads\/2022\/01\/CA238090-C39D-4397-AF06-6B4940442729.jpeg\",\"datePublished\":\"2022-01-15T15:02:08+00:00\",\"dateModified\":\"2022-01-16T08:11:38+00:00\",\"description\":\"Der Wasserprivatisierung in El Salvador steht nichts mehr im Wege. Das von der Exekutive vorgeschlagene \u201eWasserressourcengesetz\u201d wurde in der Woche vor\",\"breadcrumb\":{\"@id\":\"https:\/\/www.pressenza.com\/de\/2022\/01\/gesetz-oeffnet-wasserprivatisierung-tuer-und-tor\/#breadcrumb\"},\"inLanguage\":\"de\",\"potentialAction\":[{\"@type\":\"ReadAction\",\"target\":[\"https:\/\/www.pressenza.com\/de\/2022\/01\/gesetz-oeffnet-wasserprivatisierung-tuer-und-tor\/\"]}]},{\"@type\":\"ImageObject\",\"inLanguage\":\"de\",\"@id\":\"https:\/\/www.pressenza.com\/de\/2022\/01\/gesetz-oeffnet-wasserprivatisierung-tuer-und-tor\/#primaryimage\",\"url\":\"https:\/\/www.pressenza.com\/wp-content\/uploads\/2022\/01\/CA238090-C39D-4397-AF06-6B4940442729.jpeg\",\"contentUrl\":\"https:\/\/www.pressenza.com\/wp-content\/uploads\/2022\/01\/CA238090-C39D-4397-AF06-6B4940442729.jpeg\",\"width\":1920,\"height\":1279,\"caption\":\"Gesetz \u00f6ffnet Wasserprivatisierung T\u00fcr und Tor\"},{\"@type\":\"BreadcrumbList\",\"@id\":\"https:\/\/www.pressenza.com\/de\/2022\/01\/gesetz-oeffnet-wasserprivatisierung-tuer-und-tor\/#breadcrumb\",\"itemListElement\":[{\"@type\":\"ListItem\",\"position\":1,\"name\":\"Accueil\",\"item\":\"https:\/\/www.pressenza.com\/de\/\"},{\"@type\":\"ListItem\",\"position\":2,\"name\":\"Gesetz \u00f6ffnet Wasserprivatisierung T\u00fcr und Tor\"}]},{\"@type\":\"WebSite\",\"@id\":\"https:\/\/www.pressenza.com\/de\/#website\",\"url\":\"https:\/\/www.pressenza.com\/de\/\",\"name\":\"Pressenza\",\"description\":\"International Press Agency\",\"publisher\":{\"@id\":\"https:\/\/www.pressenza.com\/de\/#organization\"},\"potentialAction\":[{\"@type\":\"SearchAction\",\"target\":{\"@type\":\"EntryPoint\",\"urlTemplate\":\"https:\/\/www.pressenza.com\/de\/?s={search_term_string}\"},\"query-input\":{\"@type\":\"PropertyValueSpecification\",\"valueRequired\":true,\"valueName\":\"search_term_string\"}}],\"inLanguage\":\"de\"},{\"@type\":\"Organization\",\"@id\":\"https:\/\/www.pressenza.com\/de\/#organization\",\"name\":\"Pressenza\",\"url\":\"https:\/\/www.pressenza.com\/de\/\",\"logo\":{\"@type\":\"ImageObject\",\"inLanguage\":\"de\",\"@id\":\"https:\/\/www.pressenza.com\/de\/#\/schema\/logo\/image\/\",\"url\":\"https:\/\/www.pressenza.com\/wp-content\/uploads\/2022\/10\/pressenza_logo_200x200.jpg\",\"contentUrl\":\"https:\/\/www.pressenza.com\/wp-content\/uploads\/2022\/10\/pressenza_logo_200x200.jpg\",\"width\":200,\"height\":200,\"caption\":\"Pressenza\"},\"image\":{\"@id\":\"https:\/\/www.pressenza.com\/de\/#\/schema\/logo\/image\/\"},\"sameAs\":[\"https:\/\/www.facebook.com\/PressenzaItalia\",\"https:\/\/x.com\/PressenzaIPA\"]},{\"@type\":\"Person\",\"@id\":\"https:\/\/www.pressenza.com\/de\/#\/schema\/person\/132489b8f8952f27e7e24996c103e09e\",\"name\":\"poonal - Pressedienst lateinamerikanischer Nachrichtenagenturen\",\"sameAs\":[\"https:\/\/www.npla.de\/poonal\/\"],\"url\":\"https:\/\/www.pressenza.com\/de\/author\/poonal\/\"}]}<\/script>\n<!-- \/ Yoast SEO plugin. -->","yoast_head_json":{"title":"Gesetz \u00f6ffnet Wasserprivatisierung T\u00fcr und Tor","description":"Der Wasserprivatisierung in El Salvador steht nichts mehr im Wege. Das von der Exekutive vorgeschlagene \u201eWasserressourcengesetz\u201d wurde in der Woche vor","robots":{"index":"index","follow":"follow","max-snippet":"max-snippet:-1","max-image-preview":"max-image-preview:large","max-video-preview":"max-video-preview:-1"},"canonical":"https:\/\/www.pressenza.com\/de\/2022\/01\/gesetz-oeffnet-wasserprivatisierung-tuer-und-tor\/","og_locale":"de_DE","og_type":"article","og_title":"Gesetz \u00f6ffnet Wasserprivatisierung T\u00fcr und Tor","og_description":"Der Wasserprivatisierung in El Salvador steht nichts mehr im Wege. Das von der Exekutive vorgeschlagene \u201eWasserressourcengesetz\u201d wurde in der Woche vor","og_url":"https:\/\/www.pressenza.com\/de\/2022\/01\/gesetz-oeffnet-wasserprivatisierung-tuer-und-tor\/","og_site_name":"Pressenza","article_publisher":"https:\/\/www.facebook.com\/PressenzaItalia","article_published_time":"2022-01-15T15:02:08+00:00","article_modified_time":"2022-01-16T08:11:38+00:00","og_image":[{"width":1920,"height":1279,"url":"https:\/\/www.pressenza.com\/wp-content\/uploads\/2022\/01\/CA238090-C39D-4397-AF06-6B4940442729.jpeg","type":"image\/jpeg"}],"author":"poonal - Pressedienst lateinamerikanischer Nachrichtenagenturen","twitter_card":"summary_large_image","twitter_creator":"@PressenzaIPA","twitter_site":"@PressenzaIPA","twitter_misc":{"Verfasst von":"poonal - Pressedienst lateinamerikanischer Nachrichtenagenturen","Gesch\u00e4tzte Lesezeit":"3\u00a0Minuten"},"schema":{"@context":"https:\/\/schema.org","@graph":[{"@type":"Article","@id":"https:\/\/www.pressenza.com\/de\/2022\/01\/gesetz-oeffnet-wasserprivatisierung-tuer-und-tor\/#article","isPartOf":{"@id":"https:\/\/www.pressenza.com\/de\/2022\/01\/gesetz-oeffnet-wasserprivatisierung-tuer-und-tor\/"},"author":{"name":"poonal - Pressedienst lateinamerikanischer Nachrichtenagenturen","@id":"https:\/\/www.pressenza.com\/de\/#\/schema\/person\/132489b8f8952f27e7e24996c103e09e"},"headline":"Gesetz \u00f6ffnet Wasserprivatisierung T\u00fcr und Tor","datePublished":"2022-01-15T15:02:08+00:00","dateModified":"2022-01-16T08:11:38+00:00","mainEntityOfPage":{"@id":"https:\/\/www.pressenza.com\/de\/2022\/01\/gesetz-oeffnet-wasserprivatisierung-tuer-und-tor\/"},"wordCount":507,"publisher":{"@id":"https:\/\/www.pressenza.com\/de\/#organization"},"image":{"@id":"https:\/\/www.pressenza.com\/de\/2022\/01\/gesetz-oeffnet-wasserprivatisierung-tuer-und-tor\/#primaryimage"},"thumbnailUrl":"https:\/\/www.pressenza.com\/wp-content\/uploads\/2022\/01\/CA238090-C39D-4397-AF06-6B4940442729.jpeg","keywords":["Grundrechte","Neoliberalismus","Privatisierung","Wasserversorgung"],"articleSection":["\u00d6kologie und Umwelt","Politik"],"inLanguage":"de"},{"@type":"WebPage","@id":"https:\/\/www.pressenza.com\/de\/2022\/01\/gesetz-oeffnet-wasserprivatisierung-tuer-und-tor\/","url":"https:\/\/www.pressenza.com\/de\/2022\/01\/gesetz-oeffnet-wasserprivatisierung-tuer-und-tor\/","name":"Gesetz \u00f6ffnet Wasserprivatisierung T\u00fcr und Tor","isPartOf":{"@id":"https:\/\/www.pressenza.com\/de\/#website"},"primaryImageOfPage":{"@id":"https:\/\/www.pressenza.com\/de\/2022\/01\/gesetz-oeffnet-wasserprivatisierung-tuer-und-tor\/#primaryimage"},"image":{"@id":"https:\/\/www.pressenza.com\/de\/2022\/01\/gesetz-oeffnet-wasserprivatisierung-tuer-und-tor\/#primaryimage"},"thumbnailUrl":"https:\/\/www.pressenza.com\/wp-content\/uploads\/2022\/01\/CA238090-C39D-4397-AF06-6B4940442729.jpeg","datePublished":"2022-01-15T15:02:08+00:00","dateModified":"2022-01-16T08:11:38+00:00","description":"Der Wasserprivatisierung in El Salvador steht nichts mehr im Wege. Das von der Exekutive vorgeschlagene \u201eWasserressourcengesetz\u201d wurde in der Woche vor","breadcrumb":{"@id":"https:\/\/www.pressenza.com\/de\/2022\/01\/gesetz-oeffnet-wasserprivatisierung-tuer-und-tor\/#breadcrumb"},"inLanguage":"de","potentialAction":[{"@type":"ReadAction","target":["https:\/\/www.pressenza.com\/de\/2022\/01\/gesetz-oeffnet-wasserprivatisierung-tuer-und-tor\/"]}]},{"@type":"ImageObject","inLanguage":"de","@id":"https:\/\/www.pressenza.com\/de\/2022\/01\/gesetz-oeffnet-wasserprivatisierung-tuer-und-tor\/#primaryimage","url":"https:\/\/www.pressenza.com\/wp-content\/uploads\/2022\/01\/CA238090-C39D-4397-AF06-6B4940442729.jpeg","contentUrl":"https:\/\/www.pressenza.com\/wp-content\/uploads\/2022\/01\/CA238090-C39D-4397-AF06-6B4940442729.jpeg","width":1920,"height":1279,"caption":"Gesetz \u00f6ffnet Wasserprivatisierung T\u00fcr und Tor"},{"@type":"BreadcrumbList","@id":"https:\/\/www.pressenza.com\/de\/2022\/01\/gesetz-oeffnet-wasserprivatisierung-tuer-und-tor\/#breadcrumb","itemListElement":[{"@type":"ListItem","position":1,"name":"Accueil","item":"https:\/\/www.pressenza.com\/de\/"},{"@type":"ListItem","position":2,"name":"Gesetz \u00f6ffnet Wasserprivatisierung T\u00fcr und Tor"}]},{"@type":"WebSite","@id":"https:\/\/www.pressenza.com\/de\/#website","url":"https:\/\/www.pressenza.com\/de\/","name":"Pressenza","description":"International Press Agency","publisher":{"@id":"https:\/\/www.pressenza.com\/de\/#organization"},"potentialAction":[{"@type":"SearchAction","target":{"@type":"EntryPoint","urlTemplate":"https:\/\/www.pressenza.com\/de\/?s={search_term_string}"},"query-input":{"@type":"PropertyValueSpecification","valueRequired":true,"valueName":"search_term_string"}}],"inLanguage":"de"},{"@type":"Organization","@id":"https:\/\/www.pressenza.com\/de\/#organization","name":"Pressenza","url":"https:\/\/www.pressenza.com\/de\/","logo":{"@type":"ImageObject","inLanguage":"de","@id":"https:\/\/www.pressenza.com\/de\/#\/schema\/logo\/image\/","url":"https:\/\/www.pressenza.com\/wp-content\/uploads\/2022\/10\/pressenza_logo_200x200.jpg","contentUrl":"https:\/\/www.pressenza.com\/wp-content\/uploads\/2022\/10\/pressenza_logo_200x200.jpg","width":200,"height":200,"caption":"Pressenza"},"image":{"@id":"https:\/\/www.pressenza.com\/de\/#\/schema\/logo\/image\/"},"sameAs":["https:\/\/www.facebook.com\/PressenzaItalia","https:\/\/x.com\/PressenzaIPA"]},{"@type":"Person","@id":"https:\/\/www.pressenza.com\/de\/#\/schema\/person\/132489b8f8952f27e7e24996c103e09e","name":"poonal - Pressedienst lateinamerikanischer Nachrichtenagenturen","sameAs":["https:\/\/www.npla.de\/poonal\/"],"url":"https:\/\/www.pressenza.com\/de\/author\/poonal\/"}]}},"place":"","original_article_url":"https:\/\/www.npla.de\/thema\/umwelt-wirtschaft\/gesetz-oeffnet-wasserprivatisierung-tuer-und-tor\/","_links":{"self":[{"href":"https:\/\/www.pressenza.com\/de\/wp-json\/wp\/v2\/posts\/1503420","targetHints":{"allow":["GET"]}}],"collection":[{"href":"https:\/\/www.pressenza.com\/de\/wp-json\/wp\/v2\/posts"}],"about":[{"href":"https:\/\/www.pressenza.com\/de\/wp-json\/wp\/v2\/types\/post"}],"author":[{"embeddable":true,"href":"https:\/\/www.pressenza.com\/de\/wp-json\/wp\/v2\/users\/1868"}],"replies":[{"embeddable":true,"href":"https:\/\/www.pressenza.com\/de\/wp-json\/wp\/v2\/comments?post=1503420"}],"version-history":[{"count":0,"href":"https:\/\/www.pressenza.com\/de\/wp-json\/wp\/v2\/posts\/1503420\/revisions"}],"wp:featuredmedia":[{"embeddable":true,"href":"https:\/\/www.pressenza.com\/de\/wp-json\/wp\/v2\/media\/1503421"}],"wp:attachment":[{"href":"https:\/\/www.pressenza.com\/de\/wp-json\/wp\/v2\/media?parent=1503420"}],"wp:term":[{"taxonomy":"category","embeddable":true,"href":"https:\/\/www.pressenza.com\/de\/wp-json\/wp\/v2\/categories?post=1503420"},{"taxonomy":"post_tag","embeddable":true,"href":"https:\/\/www.pressenza.com\/de\/wp-json\/wp\/v2\/tags?post=1503420"}],"curies":[{"name":"wp","href":"https:\/\/api.w.org\/{rel}","templated":true}]}}