{"id":1502632,"date":"2022-01-13T14:36:33","date_gmt":"2022-01-13T14:36:33","guid":{"rendered":"https:\/\/www.pressenza.com\/?p=1502632"},"modified":"2022-01-13T14:36:33","modified_gmt":"2022-01-13T14:36:33","slug":"schluss-mit-den-auslandseinsaetzen-der-bundeswehr-u-a","status":"publish","type":"post","link":"https:\/\/www.pressenza.com\/de\/2022\/01\/schluss-mit-den-auslandseinsaetzen-der-bundeswehr-u-a\/","title":{"rendered":"Schluss mit den Auslandseins\u00e4tzen der Bundeswehr u. a."},"content":{"rendered":"<p><strong>Auch die neue Bundesregierung setzt ihren militaristischen Kurs fort, weshalb Ursula Mathern einen Offenen Brief an die Bundesverteidigungsministerin abgeschickt hat und die Leser:innen aufruft ebenfalls zu schreiben.<\/strong><\/p>\n<h3><strong>Offener Brief<\/strong><\/h3>\n<blockquote><p>An die<br \/>\n<strong>Bundesministerin der Verteidigung<\/strong><br \/>\n<strong>Frau Christine Lambrecht<\/strong><br \/>\npoststelle@bmvg.bund.de;<br \/>\ninfo@bundeswehr.org;<\/p>\n<p>Kopie an<br \/>\n<strong>Bundeskanzler<\/strong><br \/>\n<strong>Herrn Olaf Scholz<\/strong><br \/>\ninternetpost@bundesregierung.de;<br \/>\nparteivorstand@spd.de;<\/p>\n<p><strong>Bundesministerin des Ausw\u00e4rtigen<\/strong><br \/>\n<strong>Frau Annalena Baerbock<\/strong><br \/>\n<strong>poststelle@auswaertiges-amt.de;<\/strong><br \/>\nbuergerservice@diplo.de;<\/p>\n<p><strong>Offener Brief: Schluss mit den Auslandseins\u00e4tzen der Bundeswehr u. a.<\/strong><\/p>\n<p>Sehr geehrte Frau Lambrecht,<\/p>\n<p>in der FAZ vom 09.12.2021 war noch zu lesen, Sie wollten die Auslandseins\u00e4tze der Bundeswehr \u00fcberpr\u00fcfen und insbesondere f\u00fcr die Eins\u00e4tze in Mali und Irak eine \u201eExit-Strategie\u201c erarbeiten lassen. (<a href=\"https:\/\/www.faz.net\/aktuell\/politik\/inland\/lambrechts-amtsuebernahme-ohne-akk-im-verteidigungsministerium-17675076.html\" target=\"_blank\" rel=\"nofollow noopener noreferrer\">https:\/\/www.faz.net\/aktuell\/politik\/inland\/lambrechts-amtsuebernahme-ohne-akk-im-verteidigungsministerium-17675076.html<\/a><\/p>\n<p>Umso \u00fcberraschender kommt nun die Meldung eines von Ihnen und Frau Baerbock verfassten Briefs, sie planten die Verl\u00e4ngerung des Irak-Mandats bis Ende Oktober. \u201eDanach bleibt die Mandatsobergrenze bei 500 Soldaten. Diese k\u00f6nnten eingesetzt werden, solange <strong>die v\u00f6lkerrechtlichen Voraussetzungen und die Zustimmung des Parlaments vorl\u00e4gen. Die Verl\u00e4ngerung wird mit der Bedrohung durch die weiterhin im Irak sowie auch in Syrien agierenden Terror-Miliz IS begr\u00fcndet\u201c<\/strong> (<a href=\"https:\/\/www.deutschlandfunk.de\/baerbock-und-lambrecht-befuerworten-verlaengerung-des-irak-mandats-100.html;\" target=\"_blank\" rel=\"nofollow noopener noreferrer\">https:\/\/www.deutschlandfunk.de\/baerbock-und-lambrecht-befuerworten-verlaengerung-des-irak-mandats-100.html;<\/a> Hervorhebung von mir)<\/p>\n<p><strong>Wie kommen Sie eigentlich dazu, von v\u00f6lkerrechtlichen Voraussetzungen zu sprechen?<\/strong><\/p>\n<p>Gem\u00e4\u00df <strong>Wissenschaftlichem Dienst des Bundestags ist der Einsatz vom Grundgesetz nicht gedeckt.<\/strong> (<a href=\"https:\/\/www.tagesspiegel.de\/politik\/baerbocks-werk-und-muetzenichs-beitrag-ampel-streitet-ueber-verlaengerung-des-irak-mandats\/27956040.html\" target=\"_blank\" rel=\"nofollow noopener noreferrer\">https:\/\/www.tagesspiegel.de\/politik\/baerbocks-werk-und-muetzenichs-beitrag-ampel-streitet-ueber-verlaengerung-des-irak-mandats\/27956040.html<\/a><\/p>\n<p><strong>Bereits 2005 kam<\/strong> laut World Socialist Web (<a href=\"https:\/\/www.wsws.org\/de\/articles\/2005\/09\/urt-s14.html\" target=\"_blank\" rel=\"nofollow noopener noreferrer\">https:\/\/www.wsws.org\/de\/articles\/2005\/09\/urt-s14.html<\/a> ein <strong>Bundesverwaltungsgericht zu dem Schluss: \u201eIrakkrieg war v\u00f6lkerrechtswidrig\u201c.<\/strong><\/p>\n<p>Dort hei\u00dft es: \u201eSorgf\u00e4ltig haben die Richter des Bundesverwaltungsgerichts begr\u00fcndet, dass der Angriff der USA und ihrer Alliierten auf den Irak eine eindeutig v\u00f6lkerrechtswidrige Aggression war. Sie haben auch akribisch nachgewiesen, dass die Bundesregierung im Gegensatz zu ihren \u00f6ffentlichen Beteuerungen dabei Beihilfe geleistet hat, ohne dazu in irgendeiner Weise rechtlich verpflichtet gewesen zu sein. Das Urteil wurde bereits im Juni gesprochen, jetzt liegt die schriftliche Begr\u00fcndung vor, die mehr als 130 Seiten umfasst.<\/p>\n<p>Anlass war die Klage eines Bundeswehrmajors, der bei Beginn des Krieges gegen den Irak einen Befehl verweigert hatte, weil er bef\u00fcrchtete, dadurch dem Krieg Vorschub zu leisten. Er wurde deshalb vom Major zum Hauptmann degradiert, au\u00dferdem erging Strafanzeige wegen Gehorsamsverweigerung gegen ihn. Das Bundesverwaltungsgericht hob die Degradierung auf. Sie sei ein Versto\u00df gegen die vom Grundgesetz, Artikel 4 Absatz 1, verb\u00fcrgte Gewissensfreiheit\u201c.<\/p>\n<p>Ich finde, dieses Beispiel sollte Schule machen!<\/p>\n<p>Dar\u00fcber hinaus<strong> forderte das Irakische Parlament bereits vor 2 Jahren den Abzug aller ausl\u00e4ndischen Truppen!<\/strong> (<a href=\"https:\/\/www.faz.net\/aktuell\/politik\/trump-droht-mit-sanktionen-irak-fordert-abzug-aller-auslaendischer-truppen-16567339.html\" target=\"_blank\" rel=\"nofollow noopener noreferrer\">https:\/\/www.faz.net\/aktuell\/politik\/trump-droht-mit-sanktionen-irak-fordert-abzug-aller-auslaendischer-truppen-16567339.html<\/a><\/p>\n<p><strong>So also sehen Ihre im Koalitionsvertrag beschworenen Werte aus: das Engagement zum Schutz von Frieden und Menschenrechten (S. 143) sowie Ihr Einsatz zur St\u00e4rkung der Vereinten Nationen (VN) als wichtigster Institution der internationalen Ordnung (ebd.) &#8211; Sie brechen das V\u00f6lkerrecht weiterhin. Und Sie setzen sich \u00fcber die Resolution des Irakischen Parlaments hinweg!<\/strong><\/p>\n<p><strong>PFUI!<\/strong><\/p>\n<p>Bleibt zu vermuten, dass die Verbrecherbande<strong> NATO<\/strong> Ihnen doch <strong>wichtiger ist als die Vereinten Nationen und das V\u00f6lkerrecht.<\/strong> Hei\u00dft es dazu im Koaltionsvertrag doch: \u201eDie NATO bleibt unverzichtbare Grundlage unserer Sicherheit. Wir bekennen uns zur St\u00e4rkung des transatlantischen B\u00fcndnisses und zur fairen Lastenteilung. (S. 144)\u201c<\/p>\n<p>Ich behaupte das Gegenteil: <strong>Die NATO ist die Quelle fortw\u00e4hrender Unsicherheit, ein Moloch, der st\u00e4ndig Menschenopfer fordert, die Erde zerst\u00f6rt und in immer st\u00e4rkerem Ausma\u00df (wozu Sie sich ja auch bekennen) finanzielle Ressourcen verschlingt, die gegen Hunger und Armut, f\u00fcr das marode Gesundheitswesen (insbesondere die Arbeitsbedingungen f\u00fcr die Besch\u00e4ftigten), f\u00fcr Bildung, sozialen Wohnungsbau, den \u00fcberlebensnotwendigen sozial-\u00f6kologischen Transformationsprozess u. a. m. UNVERZICHTBAR sind.<\/strong><\/p>\n<p>Vor 2 Jahren bereits konstatierte ein Blogger: \u201eJeder der 13 Kriege den die NATO-Staaten seit der Gr\u00fcndung der Organisatione gef\u00fchrt haben, diente lediglich daf\u00fcr die globale Vormachtstellung der Nato Staaten zu erhalten und weiter auszubauen. Dadurch entstanden \u00fcber die Jahre hinweg immer wieder gro\u00dfe Fl\u00fcchtlingsstr\u00f6me gen Europa. Am st\u00e4rksten davon betroffen sind jedoch Afghanistan und der Irak. Durch die extremen Kriegshandlungen und Verst\u00f6\u00dfe gegen die Menschenrechte seitens NATO liegen die L\u00e4nder in Schutt und Asche, was viele Menschen zur Flucht nach Europa zwingt. Und wozu das Ganze? Nur wegen des permanenten Strebens nach Macht von einer Handvoll Menschen. (<a href=\"https:\/\/www.fluchtgrund.de\/2019\/04\/70-jahre-nato-illegale-kriege-und-fluchtursachen\/\" target=\"_blank\" rel=\"nofollow noopener noreferrer\">https:\/\/www.fluchtgrund.de\/2019\/04\/70-jahre-nato-illegale-kriege-und-fluchtursachen\/<\/a><\/p>\n<p><strong>Dementsprechend fordere ich:<\/strong><\/p>\n<p><strong>&#8211; den Abzug der Bundeswehr aus s\u00e4mtlichen Auslandseins\u00e4tzen <\/strong><br \/>\n<strong>&#8211; den Austritt Deutschlands aus der NATO<\/strong><br \/>\n<strong>&#8211; die K\u00fcndigung des Truppenstationierungsvertrags<\/strong><br \/>\n<strong>&#8211; die Absage s\u00e4mtlicher gemeinsamer Man\u00f6ver<\/strong><br \/>\n<strong>&#8211; ABR\u00dcSTEN STATT AUFR\u00dcSTEN!<\/strong><br \/>\n<strong>&#8211; den Beitritt Deutschlands zum Atomwaffenverbotsvertrrag<\/strong><br \/>\n<strong>&#8211; den Abzug der Atomwaffen aus B\u00fcchel<\/strong><br \/>\n<strong>&#8211; NEIN zu FCAS und bewaffneten Drohnen<\/strong><br \/>\n<strong>&#8211; die Konversion der R\u00fcstungsindustrie<\/strong><\/p>\n<p>Laut Koalitionsvertrag sucht die neue Regierung ja aktiv den Dialog mit den B\u00fcrgerinnen und B\u00fcrgern \u00fcber die Herausforderungen der Internationalen Politik. (S. 144)<\/p>\n<p>Ich bin gespannt!<\/p>\n<p>Mit freundlichen Gr\u00fc\u00dfen<br \/>\nUrsula Mathern<\/p><\/blockquote>\n","protected":false},"excerpt":{"rendered":"<p>Auch die neue Bundesregierung setzt ihren militaristischen Kurs fort, weshalb Ursula Mathern einen Offenen Brief an die Bundesverteidigungsministerin abgeschickt hat und die Leser:innen aufruft ebenfalls zu schreiben. Offener Brief An die Bundesministerin der Verteidigung Frau Christine Lambrecht poststelle@bmvg.bund.de; info@bundeswehr.org; Kopie&hellip;<\/p>\n","protected":false},"author":1095,"featured_media":1502634,"comment_status":"closed","ping_status":"closed","sticky":false,"template":"","format":"standard","meta":{"footnotes":""},"categories":[20605],"tags":[84630,89811,11223,98374,12133,45670,47812],"class_list":["post-1502632","post","type-post","status-publish","format-standard","has-post-thumbnail","hentry","category-unkategorisiert","tag-annalena-baerbock","tag-auslandseinsatz","tag-bundeswehr","tag-christine-lambrecht","tag-offener-brief","tag-olaf-scholz","tag-ursula-mathern"],"yoast_head":"<!-- This site is optimized with the Yoast SEO plugin v27.1.1 - https:\/\/yoast.com\/product\/yoast-seo-wordpress\/ -->\n<title>Schluss mit den Auslandseins\u00e4tzen der Bundeswehr u. a.<\/title>\n<meta name=\"description\" content=\"Auch die neue Bundesregierung setzt ihren militaristischen Kurs fort, weshalb Ursula Mathern einen Offenen Brief an die Bundesverteidigungsministerin\" \/>\n<meta name=\"robots\" content=\"index, follow, max-snippet:-1, max-image-preview:large, max-video-preview:-1\" \/>\n<link rel=\"canonical\" href=\"https:\/\/www.pressenza.com\/de\/2022\/01\/schluss-mit-den-auslandseinsaetzen-der-bundeswehr-u-a\/\" \/>\n<meta property=\"og:locale\" content=\"de_DE\" \/>\n<meta property=\"og:type\" content=\"article\" \/>\n<meta property=\"og:title\" content=\"Schluss mit den Auslandseins\u00e4tzen der Bundeswehr u. a.\" \/>\n<meta property=\"og:description\" content=\"Auch die neue Bundesregierung setzt ihren militaristischen Kurs fort, weshalb Ursula Mathern einen Offenen Brief an die Bundesverteidigungsministerin\" \/>\n<meta property=\"og:url\" content=\"https:\/\/www.pressenza.com\/de\/2022\/01\/schluss-mit-den-auslandseinsaetzen-der-bundeswehr-u-a\/\" \/>\n<meta property=\"og:site_name\" content=\"Pressenza\" \/>\n<meta property=\"article:publisher\" content=\"https:\/\/www.facebook.com\/PressenzaItalia\" \/>\n<meta property=\"article:author\" content=\"https:\/\/www.facebook.com\/Pressenza-Deutschland-sterreich-Schweiz-281675388658060\/timeline\/\" \/>\n<meta property=\"article:published_time\" content=\"2022-01-13T14:36:33+00:00\" \/>\n<meta property=\"og:image\" content=\"https:\/\/www.pressenza.com\/wp-content\/uploads\/2022\/01\/1101px-Bundeswehr_Dingo_outside_of_Mazar-e-Sharif.jpg\" \/>\n\t<meta property=\"og:image:width\" content=\"1101\" \/>\n\t<meta property=\"og:image:height\" content=\"720\" \/>\n\t<meta property=\"og:image:type\" content=\"image\/jpeg\" \/>\n<meta name=\"author\" content=\"Pressenza Berlin\" \/>\n<meta name=\"twitter:card\" content=\"summary_large_image\" \/>\n<meta name=\"twitter:creator\" content=\"@pressenza_ger\" \/>\n<meta name=\"twitter:site\" content=\"@PressenzaIPA\" \/>\n<meta name=\"twitter:label1\" content=\"Verfasst von\" \/>\n\t<meta name=\"twitter:data1\" content=\"Pressenza Berlin\" \/>\n\t<meta name=\"twitter:label2\" content=\"Gesch\u00e4tzte Lesezeit\" \/>\n\t<meta name=\"twitter:data2\" content=\"4\u00a0Minuten\" \/>\n<script type=\"application\/ld+json\" class=\"yoast-schema-graph\">{\"@context\":\"https:\/\/schema.org\",\"@graph\":[{\"@type\":\"Article\",\"@id\":\"https:\/\/www.pressenza.com\/de\/2022\/01\/schluss-mit-den-auslandseinsaetzen-der-bundeswehr-u-a\/#article\",\"isPartOf\":{\"@id\":\"https:\/\/www.pressenza.com\/de\/2022\/01\/schluss-mit-den-auslandseinsaetzen-der-bundeswehr-u-a\/\"},\"author\":{\"name\":\"Pressenza Berlin\",\"@id\":\"https:\/\/www.pressenza.com\/de\/#\/schema\/person\/57bb5480943a496a7722b0248e4b658a\"},\"headline\":\"Schluss mit den Auslandseins\u00e4tzen der Bundeswehr u. a.\",\"datePublished\":\"2022-01-13T14:36:33+00:00\",\"mainEntityOfPage\":{\"@id\":\"https:\/\/www.pressenza.com\/de\/2022\/01\/schluss-mit-den-auslandseinsaetzen-der-bundeswehr-u-a\/\"},\"wordCount\":819,\"publisher\":{\"@id\":\"https:\/\/www.pressenza.com\/de\/#organization\"},\"image\":{\"@id\":\"https:\/\/www.pressenza.com\/de\/2022\/01\/schluss-mit-den-auslandseinsaetzen-der-bundeswehr-u-a\/#primaryimage\"},\"thumbnailUrl\":\"https:\/\/www.pressenza.com\/wp-content\/uploads\/2022\/01\/1101px-Bundeswehr_Dingo_outside_of_Mazar-e-Sharif.jpg\",\"keywords\":[\"Annalena Baerbock\",\"Auslandseinsatz\",\"Bundeswehr\",\"Christine Lambrecht\",\"offener Brief\",\"Olaf Scholz\",\"Ursula Mathern\"],\"articleSection\":[\"Unkategorisiert\"],\"inLanguage\":\"de\"},{\"@type\":\"WebPage\",\"@id\":\"https:\/\/www.pressenza.com\/de\/2022\/01\/schluss-mit-den-auslandseinsaetzen-der-bundeswehr-u-a\/\",\"url\":\"https:\/\/www.pressenza.com\/de\/2022\/01\/schluss-mit-den-auslandseinsaetzen-der-bundeswehr-u-a\/\",\"name\":\"Schluss mit den Auslandseins\u00e4tzen der Bundeswehr u. a.\",\"isPartOf\":{\"@id\":\"https:\/\/www.pressenza.com\/de\/#website\"},\"primaryImageOfPage\":{\"@id\":\"https:\/\/www.pressenza.com\/de\/2022\/01\/schluss-mit-den-auslandseinsaetzen-der-bundeswehr-u-a\/#primaryimage\"},\"image\":{\"@id\":\"https:\/\/www.pressenza.com\/de\/2022\/01\/schluss-mit-den-auslandseinsaetzen-der-bundeswehr-u-a\/#primaryimage\"},\"thumbnailUrl\":\"https:\/\/www.pressenza.com\/wp-content\/uploads\/2022\/01\/1101px-Bundeswehr_Dingo_outside_of_Mazar-e-Sharif.jpg\",\"datePublished\":\"2022-01-13T14:36:33+00:00\",\"description\":\"Auch die neue Bundesregierung setzt ihren militaristischen Kurs fort, weshalb Ursula Mathern einen Offenen Brief an die Bundesverteidigungsministerin\",\"breadcrumb\":{\"@id\":\"https:\/\/www.pressenza.com\/de\/2022\/01\/schluss-mit-den-auslandseinsaetzen-der-bundeswehr-u-a\/#breadcrumb\"},\"inLanguage\":\"de\",\"potentialAction\":[{\"@type\":\"ReadAction\",\"target\":[\"https:\/\/www.pressenza.com\/de\/2022\/01\/schluss-mit-den-auslandseinsaetzen-der-bundeswehr-u-a\/\"]}]},{\"@type\":\"ImageObject\",\"inLanguage\":\"de\",\"@id\":\"https:\/\/www.pressenza.com\/de\/2022\/01\/schluss-mit-den-auslandseinsaetzen-der-bundeswehr-u-a\/#primaryimage\",\"url\":\"https:\/\/www.pressenza.com\/wp-content\/uploads\/2022\/01\/1101px-Bundeswehr_Dingo_outside_of_Mazar-e-Sharif.jpg\",\"contentUrl\":\"https:\/\/www.pressenza.com\/wp-content\/uploads\/2022\/01\/1101px-Bundeswehr_Dingo_outside_of_Mazar-e-Sharif.jpg\",\"width\":1101,\"height\":720,\"caption\":\"Schluss mit den Auslandseins\u00e4tzen der Bundeswehr\"},{\"@type\":\"BreadcrumbList\",\"@id\":\"https:\/\/www.pressenza.com\/de\/2022\/01\/schluss-mit-den-auslandseinsaetzen-der-bundeswehr-u-a\/#breadcrumb\",\"itemListElement\":[{\"@type\":\"ListItem\",\"position\":1,\"name\":\"Accueil\",\"item\":\"https:\/\/www.pressenza.com\/de\/\"},{\"@type\":\"ListItem\",\"position\":2,\"name\":\"Schluss mit den Auslandseins\u00e4tzen der Bundeswehr u. a.\"}]},{\"@type\":\"WebSite\",\"@id\":\"https:\/\/www.pressenza.com\/de\/#website\",\"url\":\"https:\/\/www.pressenza.com\/de\/\",\"name\":\"Pressenza\",\"description\":\"International Press Agency\",\"publisher\":{\"@id\":\"https:\/\/www.pressenza.com\/de\/#organization\"},\"potentialAction\":[{\"@type\":\"SearchAction\",\"target\":{\"@type\":\"EntryPoint\",\"urlTemplate\":\"https:\/\/www.pressenza.com\/de\/?s={search_term_string}\"},\"query-input\":{\"@type\":\"PropertyValueSpecification\",\"valueRequired\":true,\"valueName\":\"search_term_string\"}}],\"inLanguage\":\"de\"},{\"@type\":\"Organization\",\"@id\":\"https:\/\/www.pressenza.com\/de\/#organization\",\"name\":\"Pressenza\",\"url\":\"https:\/\/www.pressenza.com\/de\/\",\"logo\":{\"@type\":\"ImageObject\",\"inLanguage\":\"de\",\"@id\":\"https:\/\/www.pressenza.com\/de\/#\/schema\/logo\/image\/\",\"url\":\"https:\/\/www.pressenza.com\/wp-content\/uploads\/2022\/10\/pressenza_logo_200x200.jpg\",\"contentUrl\":\"https:\/\/www.pressenza.com\/wp-content\/uploads\/2022\/10\/pressenza_logo_200x200.jpg\",\"width\":200,\"height\":200,\"caption\":\"Pressenza\"},\"image\":{\"@id\":\"https:\/\/www.pressenza.com\/de\/#\/schema\/logo\/image\/\"},\"sameAs\":[\"https:\/\/www.facebook.com\/PressenzaItalia\",\"https:\/\/x.com\/PressenzaIPA\"]},{\"@type\":\"Person\",\"@id\":\"https:\/\/www.pressenza.com\/de\/#\/schema\/person\/57bb5480943a496a7722b0248e4b658a\",\"name\":\"Pressenza Berlin\",\"description\":\"News from the Pressenza Bureau in Berlin, Germany\",\"sameAs\":[\"https:\/\/www.facebook.com\/Pressenza-Deutschland-sterreich-Schweiz-281675388658060\/timeline\/\",\"https:\/\/x.com\/pressenza_ger\"],\"url\":\"https:\/\/www.pressenza.com\/de\/author\/pressenza-berlin\/\"}]}<\/script>\n<!-- \/ Yoast SEO plugin. -->","yoast_head_json":{"title":"Schluss mit den Auslandseins\u00e4tzen der Bundeswehr u. a.","description":"Auch die neue Bundesregierung setzt ihren militaristischen Kurs fort, weshalb Ursula Mathern einen Offenen Brief an die Bundesverteidigungsministerin","robots":{"index":"index","follow":"follow","max-snippet":"max-snippet:-1","max-image-preview":"max-image-preview:large","max-video-preview":"max-video-preview:-1"},"canonical":"https:\/\/www.pressenza.com\/de\/2022\/01\/schluss-mit-den-auslandseinsaetzen-der-bundeswehr-u-a\/","og_locale":"de_DE","og_type":"article","og_title":"Schluss mit den Auslandseins\u00e4tzen der Bundeswehr u. a.","og_description":"Auch die neue Bundesregierung setzt ihren militaristischen Kurs fort, weshalb Ursula Mathern einen Offenen Brief an die Bundesverteidigungsministerin","og_url":"https:\/\/www.pressenza.com\/de\/2022\/01\/schluss-mit-den-auslandseinsaetzen-der-bundeswehr-u-a\/","og_site_name":"Pressenza","article_publisher":"https:\/\/www.facebook.com\/PressenzaItalia","article_author":"https:\/\/www.facebook.com\/Pressenza-Deutschland-sterreich-Schweiz-281675388658060\/timeline\/","article_published_time":"2022-01-13T14:36:33+00:00","og_image":[{"width":1101,"height":720,"url":"https:\/\/www.pressenza.com\/wp-content\/uploads\/2022\/01\/1101px-Bundeswehr_Dingo_outside_of_Mazar-e-Sharif.jpg","type":"image\/jpeg"}],"author":"Pressenza Berlin","twitter_card":"summary_large_image","twitter_creator":"@pressenza_ger","twitter_site":"@PressenzaIPA","twitter_misc":{"Verfasst von":"Pressenza Berlin","Gesch\u00e4tzte Lesezeit":"4\u00a0Minuten"},"schema":{"@context":"https:\/\/schema.org","@graph":[{"@type":"Article","@id":"https:\/\/www.pressenza.com\/de\/2022\/01\/schluss-mit-den-auslandseinsaetzen-der-bundeswehr-u-a\/#article","isPartOf":{"@id":"https:\/\/www.pressenza.com\/de\/2022\/01\/schluss-mit-den-auslandseinsaetzen-der-bundeswehr-u-a\/"},"author":{"name":"Pressenza Berlin","@id":"https:\/\/www.pressenza.com\/de\/#\/schema\/person\/57bb5480943a496a7722b0248e4b658a"},"headline":"Schluss mit den Auslandseins\u00e4tzen der Bundeswehr u. a.","datePublished":"2022-01-13T14:36:33+00:00","mainEntityOfPage":{"@id":"https:\/\/www.pressenza.com\/de\/2022\/01\/schluss-mit-den-auslandseinsaetzen-der-bundeswehr-u-a\/"},"wordCount":819,"publisher":{"@id":"https:\/\/www.pressenza.com\/de\/#organization"},"image":{"@id":"https:\/\/www.pressenza.com\/de\/2022\/01\/schluss-mit-den-auslandseinsaetzen-der-bundeswehr-u-a\/#primaryimage"},"thumbnailUrl":"https:\/\/www.pressenza.com\/wp-content\/uploads\/2022\/01\/1101px-Bundeswehr_Dingo_outside_of_Mazar-e-Sharif.jpg","keywords":["Annalena Baerbock","Auslandseinsatz","Bundeswehr","Christine Lambrecht","offener Brief","Olaf Scholz","Ursula Mathern"],"articleSection":["Unkategorisiert"],"inLanguage":"de"},{"@type":"WebPage","@id":"https:\/\/www.pressenza.com\/de\/2022\/01\/schluss-mit-den-auslandseinsaetzen-der-bundeswehr-u-a\/","url":"https:\/\/www.pressenza.com\/de\/2022\/01\/schluss-mit-den-auslandseinsaetzen-der-bundeswehr-u-a\/","name":"Schluss mit den Auslandseins\u00e4tzen der Bundeswehr u. a.","isPartOf":{"@id":"https:\/\/www.pressenza.com\/de\/#website"},"primaryImageOfPage":{"@id":"https:\/\/www.pressenza.com\/de\/2022\/01\/schluss-mit-den-auslandseinsaetzen-der-bundeswehr-u-a\/#primaryimage"},"image":{"@id":"https:\/\/www.pressenza.com\/de\/2022\/01\/schluss-mit-den-auslandseinsaetzen-der-bundeswehr-u-a\/#primaryimage"},"thumbnailUrl":"https:\/\/www.pressenza.com\/wp-content\/uploads\/2022\/01\/1101px-Bundeswehr_Dingo_outside_of_Mazar-e-Sharif.jpg","datePublished":"2022-01-13T14:36:33+00:00","description":"Auch die neue Bundesregierung setzt ihren militaristischen Kurs fort, weshalb Ursula Mathern einen Offenen Brief an die Bundesverteidigungsministerin","breadcrumb":{"@id":"https:\/\/www.pressenza.com\/de\/2022\/01\/schluss-mit-den-auslandseinsaetzen-der-bundeswehr-u-a\/#breadcrumb"},"inLanguage":"de","potentialAction":[{"@type":"ReadAction","target":["https:\/\/www.pressenza.com\/de\/2022\/01\/schluss-mit-den-auslandseinsaetzen-der-bundeswehr-u-a\/"]}]},{"@type":"ImageObject","inLanguage":"de","@id":"https:\/\/www.pressenza.com\/de\/2022\/01\/schluss-mit-den-auslandseinsaetzen-der-bundeswehr-u-a\/#primaryimage","url":"https:\/\/www.pressenza.com\/wp-content\/uploads\/2022\/01\/1101px-Bundeswehr_Dingo_outside_of_Mazar-e-Sharif.jpg","contentUrl":"https:\/\/www.pressenza.com\/wp-content\/uploads\/2022\/01\/1101px-Bundeswehr_Dingo_outside_of_Mazar-e-Sharif.jpg","width":1101,"height":720,"caption":"Schluss mit den Auslandseins\u00e4tzen der Bundeswehr"},{"@type":"BreadcrumbList","@id":"https:\/\/www.pressenza.com\/de\/2022\/01\/schluss-mit-den-auslandseinsaetzen-der-bundeswehr-u-a\/#breadcrumb","itemListElement":[{"@type":"ListItem","position":1,"name":"Accueil","item":"https:\/\/www.pressenza.com\/de\/"},{"@type":"ListItem","position":2,"name":"Schluss mit den Auslandseins\u00e4tzen der Bundeswehr u. a."}]},{"@type":"WebSite","@id":"https:\/\/www.pressenza.com\/de\/#website","url":"https:\/\/www.pressenza.com\/de\/","name":"Pressenza","description":"International Press Agency","publisher":{"@id":"https:\/\/www.pressenza.com\/de\/#organization"},"potentialAction":[{"@type":"SearchAction","target":{"@type":"EntryPoint","urlTemplate":"https:\/\/www.pressenza.com\/de\/?s={search_term_string}"},"query-input":{"@type":"PropertyValueSpecification","valueRequired":true,"valueName":"search_term_string"}}],"inLanguage":"de"},{"@type":"Organization","@id":"https:\/\/www.pressenza.com\/de\/#organization","name":"Pressenza","url":"https:\/\/www.pressenza.com\/de\/","logo":{"@type":"ImageObject","inLanguage":"de","@id":"https:\/\/www.pressenza.com\/de\/#\/schema\/logo\/image\/","url":"https:\/\/www.pressenza.com\/wp-content\/uploads\/2022\/10\/pressenza_logo_200x200.jpg","contentUrl":"https:\/\/www.pressenza.com\/wp-content\/uploads\/2022\/10\/pressenza_logo_200x200.jpg","width":200,"height":200,"caption":"Pressenza"},"image":{"@id":"https:\/\/www.pressenza.com\/de\/#\/schema\/logo\/image\/"},"sameAs":["https:\/\/www.facebook.com\/PressenzaItalia","https:\/\/x.com\/PressenzaIPA"]},{"@type":"Person","@id":"https:\/\/www.pressenza.com\/de\/#\/schema\/person\/57bb5480943a496a7722b0248e4b658a","name":"Pressenza Berlin","description":"News from the Pressenza Bureau in Berlin, Germany","sameAs":["https:\/\/www.facebook.com\/Pressenza-Deutschland-sterreich-Schweiz-281675388658060\/timeline\/","https:\/\/x.com\/pressenza_ger"],"url":"https:\/\/www.pressenza.com\/de\/author\/pressenza-berlin\/"}]}},"place":"","original_article_url":"","_links":{"self":[{"href":"https:\/\/www.pressenza.com\/de\/wp-json\/wp\/v2\/posts\/1502632","targetHints":{"allow":["GET"]}}],"collection":[{"href":"https:\/\/www.pressenza.com\/de\/wp-json\/wp\/v2\/posts"}],"about":[{"href":"https:\/\/www.pressenza.com\/de\/wp-json\/wp\/v2\/types\/post"}],"author":[{"embeddable":true,"href":"https:\/\/www.pressenza.com\/de\/wp-json\/wp\/v2\/users\/1095"}],"replies":[{"embeddable":true,"href":"https:\/\/www.pressenza.com\/de\/wp-json\/wp\/v2\/comments?post=1502632"}],"version-history":[{"count":0,"href":"https:\/\/www.pressenza.com\/de\/wp-json\/wp\/v2\/posts\/1502632\/revisions"}],"wp:featuredmedia":[{"embeddable":true,"href":"https:\/\/www.pressenza.com\/de\/wp-json\/wp\/v2\/media\/1502634"}],"wp:attachment":[{"href":"https:\/\/www.pressenza.com\/de\/wp-json\/wp\/v2\/media?parent=1502632"}],"wp:term":[{"taxonomy":"category","embeddable":true,"href":"https:\/\/www.pressenza.com\/de\/wp-json\/wp\/v2\/categories?post=1502632"},{"taxonomy":"post_tag","embeddable":true,"href":"https:\/\/www.pressenza.com\/de\/wp-json\/wp\/v2\/tags?post=1502632"}],"curies":[{"name":"wp","href":"https:\/\/api.w.org\/{rel}","templated":true}]}}