{"id":1502261,"date":"2022-01-12T22:07:48","date_gmt":"2022-01-12T22:07:48","guid":{"rendered":"https:\/\/www.pressenza.com\/?p=1502261"},"modified":"2022-01-12T22:07:48","modified_gmt":"2022-01-12T22:07:48","slug":"eu-taxonomie-ueber-220-000-unterschriften-gegen-gruenes-atom-und-gas-label","status":"publish","type":"post","link":"https:\/\/www.pressenza.com\/de\/2022\/01\/eu-taxonomie-ueber-220-000-unterschriften-gegen-gruenes-atom-und-gas-label\/","title":{"rendered":"EU-Taxonomie: \u00dcber 220.000 Unterschriften gegen gr\u00fcnes Atom- und Gas-Label"},"content":{"rendered":"<h4>B\u00fcndnis bringt seinen erfolgreichen Appell gegen die <a href=\"https:\/\/germany.representation.ec.europa.eu\/news\/kommission-legt-vorschlag-zu-erdgas-und-kernenergieaktivitaten-der-eu-taxonomie-vor-2022-01-03_de\" target=\"_blank\" rel=\"noopener\">Taxonomie-Pl\u00e4ne<\/a> der EU-Kommission zum Bundeskanzleramt<\/h4>\n<p>\u00dcber 220.000 B\u00fcrgerinnen und B\u00fcrger hatten innerhalb von nur vier Tagen den <a href=\"https:\/\/www.finanzwende.de\/kampagnen\/kein-geld-fuer-atom-und-gas\/\" target=\"_blank\" rel=\"noopener\">Eil-Appell \u201cNein zu Atom und Gas\u201d<\/a> unterschrieben.<\/p>\n<p>Sie sprechen sich damit gegen die Pl\u00e4ne der EU-Kommission aus, Atomenergie und Erdgas in die Liste der nachhaltigen Wirtschaftsaktivit\u00e4ten aufzunehmen.<\/p>\n<p>Am Dienstagmorgen verwiesen die B\u00fcndnispartner <strong>BUND, Campact, Deutsche Umwelthilfe, B\u00fcrgerbewegung Finanzwende, Greenpeace, IPPNW, NABU, Umweltinstitut M\u00fcnchen<\/strong> und <strong>Uranium Network<\/strong> mit einer Aktion vor dem Bundeskanzleramt auf das eindrucksvolle Votum. Sie dringen darauf, dass die Ampel-Regierung nicht nur im Ministerrat die EU-Pl\u00e4ne ablehnt, sondern auch notfalls gegen sie vor den Europ\u00e4ischen Gerichtshof zieht.<\/p>\n<p>Um die fatalen Folgen einer Aufnahme von Atomkraft und Gas in die EU-Taxonomie zu verdeutlichen, lie\u00dfen die Organisationen vor dem Bundeskanzleramt ein gro\u00dfes AKW aus Pappe von Olaf Scholz (dargestellt von einem Aktiven mit Gro\u00dfmaske) mit dem Label \u201cnachhaltig\u201d kennzeichnen.<\/p>\n<p>Nach Einsch\u00e4tzung des B\u00fcndnisses hebeln die Pl\u00e4ne der EU-Kommission den Grundgedanken der Taxonomie als eine Art Nachhaltigkeitslabel aus: \u201eWenn auch klimasch\u00e4dliche und hochriskante Energietr\u00e4ger als <a href=\"https:\/\/de.wiktionary.org\/wiki\/nachhaltig\" target=\"_blank\" rel=\"noopener\">nachhaltig<\/a> gelten, wird das ganze Label entwertet \u2013 das h\u00e4tte eine fatale internationale Signalwirkung\u201d, bef\u00fcrchtet das B\u00fcndnis.<\/p>\n","protected":false},"excerpt":{"rendered":"<p>B\u00fcndnis bringt seinen erfolgreichen Appell gegen die Taxonomie-Pl\u00e4ne der EU-Kommission zum Bundeskanzleramt \u00dcber 220.000 B\u00fcrgerinnen und B\u00fcrger hatten innerhalb von nur vier Tagen den Eil-Appell \u201cNein zu Atom und Gas\u201d unterschrieben. Sie sprechen sich damit gegen die Pl\u00e4ne der EU-Kommission&hellip;<\/p>\n","protected":false},"author":1095,"featured_media":1502275,"comment_status":"closed","ping_status":"closed","sticky":false,"template":"","format":"standard","meta":{"footnotes":""},"categories":[9150,9157,9168,9145,9158],"tags":[15194,98360,98359,95755,30458],"class_list":["post-1502261","post","type-post","status-publish","format-standard","has-post-thumbnail","hentry","category-europa-de","category-oekologie-und-umwelt","category-politik","category-pressemitteilungen","category-wirtschaft","tag-atomkraft","tag-energietraeger","tag-eu-taxonomie-nachhaltigkeit","tag-gas-de","tag-klima"],"yoast_head":"<!-- This site is optimized with the Yoast SEO plugin v27.1.1 - https:\/\/yoast.com\/product\/yoast-seo-wordpress\/ -->\n<title>EU-Taxonomie: \u00dcber 220.000 Unterschriften gegen gr\u00fcnes Atom- und Gas-Label<\/title>\n<meta name=\"description\" content=\"B\u00fcndnis bringt seinen erfolgreichen Appell gegen die Taxonomie-Pl\u00e4ne der EU-Kommission zum Bundeskanzleramt \u00dcber 220.000 B\u00fcrgerinnen und B\u00fcrger hatten\" \/>\n<meta name=\"robots\" content=\"index, follow, max-snippet:-1, max-image-preview:large, max-video-preview:-1\" \/>\n<link rel=\"canonical\" href=\"https:\/\/www.pressenza.com\/de\/2022\/01\/eu-taxonomie-ueber-220-000-unterschriften-gegen-gruenes-atom-und-gas-label\/\" \/>\n<meta property=\"og:locale\" content=\"de_DE\" \/>\n<meta property=\"og:type\" content=\"article\" \/>\n<meta property=\"og:title\" content=\"EU-Taxonomie: \u00dcber 220.000 Unterschriften gegen gr\u00fcnes Atom- und Gas-Label\" \/>\n<meta property=\"og:description\" content=\"B\u00fcndnis bringt seinen erfolgreichen Appell gegen die Taxonomie-Pl\u00e4ne der EU-Kommission zum Bundeskanzleramt \u00dcber 220.000 B\u00fcrgerinnen und B\u00fcrger hatten\" \/>\n<meta property=\"og:url\" content=\"https:\/\/www.pressenza.com\/de\/2022\/01\/eu-taxonomie-ueber-220-000-unterschriften-gegen-gruenes-atom-und-gas-label\/\" \/>\n<meta property=\"og:site_name\" content=\"Pressenza\" \/>\n<meta property=\"article:publisher\" content=\"https:\/\/www.facebook.com\/PressenzaItalia\" \/>\n<meta property=\"article:author\" content=\"https:\/\/www.facebook.com\/Pressenza-Deutschland-sterreich-Schweiz-281675388658060\/timeline\/\" \/>\n<meta property=\"article:published_time\" content=\"2022-01-12T22:07:48+00:00\" \/>\n<meta property=\"og:image\" content=\"https:\/\/www.pressenza.com\/wp-content\/uploads\/2022\/01\/51814058346_83c9ad23cc_k.jpg\" \/>\n\t<meta property=\"og:image:width\" content=\"1920\" \/>\n\t<meta property=\"og:image:height\" content=\"1278\" \/>\n\t<meta property=\"og:image:type\" content=\"image\/jpeg\" \/>\n<meta name=\"author\" content=\"Pressenza Berlin\" \/>\n<meta name=\"twitter:card\" content=\"summary_large_image\" \/>\n<meta name=\"twitter:creator\" content=\"@pressenza_ger\" \/>\n<meta name=\"twitter:site\" content=\"@PressenzaIPA\" \/>\n<meta name=\"twitter:label1\" content=\"Verfasst von\" \/>\n\t<meta name=\"twitter:data1\" content=\"Pressenza Berlin\" \/>\n\t<meta name=\"twitter:label2\" content=\"Gesch\u00e4tzte Lesezeit\" \/>\n\t<meta name=\"twitter:data2\" content=\"1\u00a0Minute\" \/>\n<script type=\"application\/ld+json\" class=\"yoast-schema-graph\">{\"@context\":\"https:\/\/schema.org\",\"@graph\":[{\"@type\":\"Article\",\"@id\":\"https:\/\/www.pressenza.com\/de\/2022\/01\/eu-taxonomie-ueber-220-000-unterschriften-gegen-gruenes-atom-und-gas-label\/#article\",\"isPartOf\":{\"@id\":\"https:\/\/www.pressenza.com\/de\/2022\/01\/eu-taxonomie-ueber-220-000-unterschriften-gegen-gruenes-atom-und-gas-label\/\"},\"author\":{\"name\":\"Pressenza Berlin\",\"@id\":\"https:\/\/www.pressenza.com\/de\/#\/schema\/person\/57bb5480943a496a7722b0248e4b658a\"},\"headline\":\"EU-Taxonomie: \u00dcber 220.000 Unterschriften gegen gr\u00fcnes Atom- und Gas-Label\",\"datePublished\":\"2022-01-12T22:07:48+00:00\",\"mainEntityOfPage\":{\"@id\":\"https:\/\/www.pressenza.com\/de\/2022\/01\/eu-taxonomie-ueber-220-000-unterschriften-gegen-gruenes-atom-und-gas-label\/\"},\"wordCount\":214,\"publisher\":{\"@id\":\"https:\/\/www.pressenza.com\/de\/#organization\"},\"image\":{\"@id\":\"https:\/\/www.pressenza.com\/de\/2022\/01\/eu-taxonomie-ueber-220-000-unterschriften-gegen-gruenes-atom-und-gas-label\/#primaryimage\"},\"thumbnailUrl\":\"https:\/\/www.pressenza.com\/wp-content\/uploads\/2022\/01\/51814058346_83c9ad23cc_k.jpg\",\"keywords\":[\"Atomkraft\",\"Energietr\u00e4ger\",\"EU-Taxonomie Nachhaltigkeit\",\"Gas\",\"Klima\"],\"articleSection\":[\"Europa\",\"\u00d6kologie und Umwelt\",\"Politik\",\"Pressemitteilungen\",\"Wirtschaft\"],\"inLanguage\":\"de\"},{\"@type\":\"WebPage\",\"@id\":\"https:\/\/www.pressenza.com\/de\/2022\/01\/eu-taxonomie-ueber-220-000-unterschriften-gegen-gruenes-atom-und-gas-label\/\",\"url\":\"https:\/\/www.pressenza.com\/de\/2022\/01\/eu-taxonomie-ueber-220-000-unterschriften-gegen-gruenes-atom-und-gas-label\/\",\"name\":\"EU-Taxonomie: \u00dcber 220.000 Unterschriften gegen gr\u00fcnes Atom- und Gas-Label\",\"isPartOf\":{\"@id\":\"https:\/\/www.pressenza.com\/de\/#website\"},\"primaryImageOfPage\":{\"@id\":\"https:\/\/www.pressenza.com\/de\/2022\/01\/eu-taxonomie-ueber-220-000-unterschriften-gegen-gruenes-atom-und-gas-label\/#primaryimage\"},\"image\":{\"@id\":\"https:\/\/www.pressenza.com\/de\/2022\/01\/eu-taxonomie-ueber-220-000-unterschriften-gegen-gruenes-atom-und-gas-label\/#primaryimage\"},\"thumbnailUrl\":\"https:\/\/www.pressenza.com\/wp-content\/uploads\/2022\/01\/51814058346_83c9ad23cc_k.jpg\",\"datePublished\":\"2022-01-12T22:07:48+00:00\",\"description\":\"B\u00fcndnis bringt seinen erfolgreichen Appell gegen die Taxonomie-Pl\u00e4ne der EU-Kommission zum Bundeskanzleramt \u00dcber 220.000 B\u00fcrgerinnen und B\u00fcrger hatten\",\"breadcrumb\":{\"@id\":\"https:\/\/www.pressenza.com\/de\/2022\/01\/eu-taxonomie-ueber-220-000-unterschriften-gegen-gruenes-atom-und-gas-label\/#breadcrumb\"},\"inLanguage\":\"de\",\"potentialAction\":[{\"@type\":\"ReadAction\",\"target\":[\"https:\/\/www.pressenza.com\/de\/2022\/01\/eu-taxonomie-ueber-220-000-unterschriften-gegen-gruenes-atom-und-gas-label\/\"]}]},{\"@type\":\"ImageObject\",\"inLanguage\":\"de\",\"@id\":\"https:\/\/www.pressenza.com\/de\/2022\/01\/eu-taxonomie-ueber-220-000-unterschriften-gegen-gruenes-atom-und-gas-label\/#primaryimage\",\"url\":\"https:\/\/www.pressenza.com\/wp-content\/uploads\/2022\/01\/51814058346_83c9ad23cc_k.jpg\",\"contentUrl\":\"https:\/\/www.pressenza.com\/wp-content\/uploads\/2022\/01\/51814058346_83c9ad23cc_k.jpg\",\"width\":1920,\"height\":1278,\"caption\":\"Aktion am 11. Januar 2022 vor dem Bundeskanzleramt in Berlin\"},{\"@type\":\"BreadcrumbList\",\"@id\":\"https:\/\/www.pressenza.com\/de\/2022\/01\/eu-taxonomie-ueber-220-000-unterschriften-gegen-gruenes-atom-und-gas-label\/#breadcrumb\",\"itemListElement\":[{\"@type\":\"ListItem\",\"position\":1,\"name\":\"Accueil\",\"item\":\"https:\/\/www.pressenza.com\/de\/\"},{\"@type\":\"ListItem\",\"position\":2,\"name\":\"EU-Taxonomie: \u00dcber 220.000 Unterschriften gegen gr\u00fcnes Atom- und Gas-Label\"}]},{\"@type\":\"WebSite\",\"@id\":\"https:\/\/www.pressenza.com\/de\/#website\",\"url\":\"https:\/\/www.pressenza.com\/de\/\",\"name\":\"Pressenza\",\"description\":\"International Press Agency\",\"publisher\":{\"@id\":\"https:\/\/www.pressenza.com\/de\/#organization\"},\"potentialAction\":[{\"@type\":\"SearchAction\",\"target\":{\"@type\":\"EntryPoint\",\"urlTemplate\":\"https:\/\/www.pressenza.com\/de\/?s={search_term_string}\"},\"query-input\":{\"@type\":\"PropertyValueSpecification\",\"valueRequired\":true,\"valueName\":\"search_term_string\"}}],\"inLanguage\":\"de\"},{\"@type\":\"Organization\",\"@id\":\"https:\/\/www.pressenza.com\/de\/#organization\",\"name\":\"Pressenza\",\"url\":\"https:\/\/www.pressenza.com\/de\/\",\"logo\":{\"@type\":\"ImageObject\",\"inLanguage\":\"de\",\"@id\":\"https:\/\/www.pressenza.com\/de\/#\/schema\/logo\/image\/\",\"url\":\"https:\/\/www.pressenza.com\/wp-content\/uploads\/2022\/10\/pressenza_logo_200x200.jpg\",\"contentUrl\":\"https:\/\/www.pressenza.com\/wp-content\/uploads\/2022\/10\/pressenza_logo_200x200.jpg\",\"width\":200,\"height\":200,\"caption\":\"Pressenza\"},\"image\":{\"@id\":\"https:\/\/www.pressenza.com\/de\/#\/schema\/logo\/image\/\"},\"sameAs\":[\"https:\/\/www.facebook.com\/PressenzaItalia\",\"https:\/\/x.com\/PressenzaIPA\"]},{\"@type\":\"Person\",\"@id\":\"https:\/\/www.pressenza.com\/de\/#\/schema\/person\/57bb5480943a496a7722b0248e4b658a\",\"name\":\"Pressenza Berlin\",\"description\":\"News from the Pressenza Bureau in Berlin, Germany\",\"sameAs\":[\"https:\/\/www.facebook.com\/Pressenza-Deutschland-sterreich-Schweiz-281675388658060\/timeline\/\",\"https:\/\/x.com\/pressenza_ger\"],\"url\":\"https:\/\/www.pressenza.com\/de\/author\/pressenza-berlin\/\"}]}<\/script>\n<!-- \/ Yoast SEO plugin. -->","yoast_head_json":{"title":"EU-Taxonomie: \u00dcber 220.000 Unterschriften gegen gr\u00fcnes Atom- und Gas-Label","description":"B\u00fcndnis bringt seinen erfolgreichen Appell gegen die Taxonomie-Pl\u00e4ne der EU-Kommission zum Bundeskanzleramt \u00dcber 220.000 B\u00fcrgerinnen und B\u00fcrger hatten","robots":{"index":"index","follow":"follow","max-snippet":"max-snippet:-1","max-image-preview":"max-image-preview:large","max-video-preview":"max-video-preview:-1"},"canonical":"https:\/\/www.pressenza.com\/de\/2022\/01\/eu-taxonomie-ueber-220-000-unterschriften-gegen-gruenes-atom-und-gas-label\/","og_locale":"de_DE","og_type":"article","og_title":"EU-Taxonomie: \u00dcber 220.000 Unterschriften gegen gr\u00fcnes Atom- und Gas-Label","og_description":"B\u00fcndnis bringt seinen erfolgreichen Appell gegen die Taxonomie-Pl\u00e4ne der EU-Kommission zum Bundeskanzleramt \u00dcber 220.000 B\u00fcrgerinnen und B\u00fcrger hatten","og_url":"https:\/\/www.pressenza.com\/de\/2022\/01\/eu-taxonomie-ueber-220-000-unterschriften-gegen-gruenes-atom-und-gas-label\/","og_site_name":"Pressenza","article_publisher":"https:\/\/www.facebook.com\/PressenzaItalia","article_author":"https:\/\/www.facebook.com\/Pressenza-Deutschland-sterreich-Schweiz-281675388658060\/timeline\/","article_published_time":"2022-01-12T22:07:48+00:00","og_image":[{"width":1920,"height":1278,"url":"https:\/\/www.pressenza.com\/wp-content\/uploads\/2022\/01\/51814058346_83c9ad23cc_k.jpg","type":"image\/jpeg"}],"author":"Pressenza Berlin","twitter_card":"summary_large_image","twitter_creator":"@pressenza_ger","twitter_site":"@PressenzaIPA","twitter_misc":{"Verfasst von":"Pressenza Berlin","Gesch\u00e4tzte Lesezeit":"1\u00a0Minute"},"schema":{"@context":"https:\/\/schema.org","@graph":[{"@type":"Article","@id":"https:\/\/www.pressenza.com\/de\/2022\/01\/eu-taxonomie-ueber-220-000-unterschriften-gegen-gruenes-atom-und-gas-label\/#article","isPartOf":{"@id":"https:\/\/www.pressenza.com\/de\/2022\/01\/eu-taxonomie-ueber-220-000-unterschriften-gegen-gruenes-atom-und-gas-label\/"},"author":{"name":"Pressenza Berlin","@id":"https:\/\/www.pressenza.com\/de\/#\/schema\/person\/57bb5480943a496a7722b0248e4b658a"},"headline":"EU-Taxonomie: \u00dcber 220.000 Unterschriften gegen gr\u00fcnes Atom- und Gas-Label","datePublished":"2022-01-12T22:07:48+00:00","mainEntityOfPage":{"@id":"https:\/\/www.pressenza.com\/de\/2022\/01\/eu-taxonomie-ueber-220-000-unterschriften-gegen-gruenes-atom-und-gas-label\/"},"wordCount":214,"publisher":{"@id":"https:\/\/www.pressenza.com\/de\/#organization"},"image":{"@id":"https:\/\/www.pressenza.com\/de\/2022\/01\/eu-taxonomie-ueber-220-000-unterschriften-gegen-gruenes-atom-und-gas-label\/#primaryimage"},"thumbnailUrl":"https:\/\/www.pressenza.com\/wp-content\/uploads\/2022\/01\/51814058346_83c9ad23cc_k.jpg","keywords":["Atomkraft","Energietr\u00e4ger","EU-Taxonomie Nachhaltigkeit","Gas","Klima"],"articleSection":["Europa","\u00d6kologie und Umwelt","Politik","Pressemitteilungen","Wirtschaft"],"inLanguage":"de"},{"@type":"WebPage","@id":"https:\/\/www.pressenza.com\/de\/2022\/01\/eu-taxonomie-ueber-220-000-unterschriften-gegen-gruenes-atom-und-gas-label\/","url":"https:\/\/www.pressenza.com\/de\/2022\/01\/eu-taxonomie-ueber-220-000-unterschriften-gegen-gruenes-atom-und-gas-label\/","name":"EU-Taxonomie: \u00dcber 220.000 Unterschriften gegen gr\u00fcnes Atom- und Gas-Label","isPartOf":{"@id":"https:\/\/www.pressenza.com\/de\/#website"},"primaryImageOfPage":{"@id":"https:\/\/www.pressenza.com\/de\/2022\/01\/eu-taxonomie-ueber-220-000-unterschriften-gegen-gruenes-atom-und-gas-label\/#primaryimage"},"image":{"@id":"https:\/\/www.pressenza.com\/de\/2022\/01\/eu-taxonomie-ueber-220-000-unterschriften-gegen-gruenes-atom-und-gas-label\/#primaryimage"},"thumbnailUrl":"https:\/\/www.pressenza.com\/wp-content\/uploads\/2022\/01\/51814058346_83c9ad23cc_k.jpg","datePublished":"2022-01-12T22:07:48+00:00","description":"B\u00fcndnis bringt seinen erfolgreichen Appell gegen die Taxonomie-Pl\u00e4ne der EU-Kommission zum Bundeskanzleramt \u00dcber 220.000 B\u00fcrgerinnen und B\u00fcrger hatten","breadcrumb":{"@id":"https:\/\/www.pressenza.com\/de\/2022\/01\/eu-taxonomie-ueber-220-000-unterschriften-gegen-gruenes-atom-und-gas-label\/#breadcrumb"},"inLanguage":"de","potentialAction":[{"@type":"ReadAction","target":["https:\/\/www.pressenza.com\/de\/2022\/01\/eu-taxonomie-ueber-220-000-unterschriften-gegen-gruenes-atom-und-gas-label\/"]}]},{"@type":"ImageObject","inLanguage":"de","@id":"https:\/\/www.pressenza.com\/de\/2022\/01\/eu-taxonomie-ueber-220-000-unterschriften-gegen-gruenes-atom-und-gas-label\/#primaryimage","url":"https:\/\/www.pressenza.com\/wp-content\/uploads\/2022\/01\/51814058346_83c9ad23cc_k.jpg","contentUrl":"https:\/\/www.pressenza.com\/wp-content\/uploads\/2022\/01\/51814058346_83c9ad23cc_k.jpg","width":1920,"height":1278,"caption":"Aktion am 11. Januar 2022 vor dem Bundeskanzleramt in Berlin"},{"@type":"BreadcrumbList","@id":"https:\/\/www.pressenza.com\/de\/2022\/01\/eu-taxonomie-ueber-220-000-unterschriften-gegen-gruenes-atom-und-gas-label\/#breadcrumb","itemListElement":[{"@type":"ListItem","position":1,"name":"Accueil","item":"https:\/\/www.pressenza.com\/de\/"},{"@type":"ListItem","position":2,"name":"EU-Taxonomie: \u00dcber 220.000 Unterschriften gegen gr\u00fcnes Atom- und Gas-Label"}]},{"@type":"WebSite","@id":"https:\/\/www.pressenza.com\/de\/#website","url":"https:\/\/www.pressenza.com\/de\/","name":"Pressenza","description":"International Press Agency","publisher":{"@id":"https:\/\/www.pressenza.com\/de\/#organization"},"potentialAction":[{"@type":"SearchAction","target":{"@type":"EntryPoint","urlTemplate":"https:\/\/www.pressenza.com\/de\/?s={search_term_string}"},"query-input":{"@type":"PropertyValueSpecification","valueRequired":true,"valueName":"search_term_string"}}],"inLanguage":"de"},{"@type":"Organization","@id":"https:\/\/www.pressenza.com\/de\/#organization","name":"Pressenza","url":"https:\/\/www.pressenza.com\/de\/","logo":{"@type":"ImageObject","inLanguage":"de","@id":"https:\/\/www.pressenza.com\/de\/#\/schema\/logo\/image\/","url":"https:\/\/www.pressenza.com\/wp-content\/uploads\/2022\/10\/pressenza_logo_200x200.jpg","contentUrl":"https:\/\/www.pressenza.com\/wp-content\/uploads\/2022\/10\/pressenza_logo_200x200.jpg","width":200,"height":200,"caption":"Pressenza"},"image":{"@id":"https:\/\/www.pressenza.com\/de\/#\/schema\/logo\/image\/"},"sameAs":["https:\/\/www.facebook.com\/PressenzaItalia","https:\/\/x.com\/PressenzaIPA"]},{"@type":"Person","@id":"https:\/\/www.pressenza.com\/de\/#\/schema\/person\/57bb5480943a496a7722b0248e4b658a","name":"Pressenza Berlin","description":"News from the Pressenza Bureau in Berlin, Germany","sameAs":["https:\/\/www.facebook.com\/Pressenza-Deutschland-sterreich-Schweiz-281675388658060\/timeline\/","https:\/\/x.com\/pressenza_ger"],"url":"https:\/\/www.pressenza.com\/de\/author\/pressenza-berlin\/"}]}},"place":"","original_article_url":"","_links":{"self":[{"href":"https:\/\/www.pressenza.com\/de\/wp-json\/wp\/v2\/posts\/1502261","targetHints":{"allow":["GET"]}}],"collection":[{"href":"https:\/\/www.pressenza.com\/de\/wp-json\/wp\/v2\/posts"}],"about":[{"href":"https:\/\/www.pressenza.com\/de\/wp-json\/wp\/v2\/types\/post"}],"author":[{"embeddable":true,"href":"https:\/\/www.pressenza.com\/de\/wp-json\/wp\/v2\/users\/1095"}],"replies":[{"embeddable":true,"href":"https:\/\/www.pressenza.com\/de\/wp-json\/wp\/v2\/comments?post=1502261"}],"version-history":[{"count":0,"href":"https:\/\/www.pressenza.com\/de\/wp-json\/wp\/v2\/posts\/1502261\/revisions"}],"wp:featuredmedia":[{"embeddable":true,"href":"https:\/\/www.pressenza.com\/de\/wp-json\/wp\/v2\/media\/1502275"}],"wp:attachment":[{"href":"https:\/\/www.pressenza.com\/de\/wp-json\/wp\/v2\/media?parent=1502261"}],"wp:term":[{"taxonomy":"category","embeddable":true,"href":"https:\/\/www.pressenza.com\/de\/wp-json\/wp\/v2\/categories?post=1502261"},{"taxonomy":"post_tag","embeddable":true,"href":"https:\/\/www.pressenza.com\/de\/wp-json\/wp\/v2\/tags?post=1502261"}],"curies":[{"name":"wp","href":"https:\/\/api.w.org\/{rel}","templated":true}]}}