{"id":1500351,"date":"2022-01-10T13:02:38","date_gmt":"2022-01-10T13:02:38","guid":{"rendered":"https:\/\/www.pressenza.com\/?p=1500351"},"modified":"2022-01-10T13:02:38","modified_gmt":"2022-01-10T13:02:38","slug":"voelkerschauen-rassismus-als-spektakel","status":"publish","type":"post","link":"https:\/\/www.pressenza.com\/de\/2022\/01\/voelkerschauen-rassismus-als-spektakel\/","title":{"rendered":"V\u00f6lkerschauen: Rassismus als Spektakel"},"content":{"rendered":"<p><strong>Noch bis ins 20. Jahrhundert pr\u00e4sentierten sogenannte V\u00f6lkerschauen Menschen als exotische Objekte. Zwei Ausstellungen beleuchten die grausame Kolonialgeschichte.<\/strong><\/p>\n<p>Irgendwo hinten im weitl\u00e4ufigen Park des Br\u00fcsselers Vororts Tervuren waren sie\u00a0untergebracht &#8211; eingepfercht <a href=\"https:\/\/www.dw.com\/de\/v%C3%B6lkerschauen-menschen-zur-schau-gestellt-wie-im-zoo\/a-17187997\">wie in einem Streichelzoo<\/a>: 267 Frauen und M\u00e4nner aus der damals belgischen <a href=\"https:\/\/www.dw.com\/de\/der-kongo-50-jahre-nach-der-unabh%C3%A4ngigkeitserkl%C3%A4rung\/a-5746968\">Kolonie\u00a0Kongo<\/a>. Auf Gehei\u00df von K\u00f6nig Leopold II. nach <a href=\"https:\/\/www.dw.com\/de\/raubkunst-r%C3%BCckgabe-afrika-kolonialzeit-kongo-belgien\/a-58046225\">Belgien<\/a> gebracht, drapiert unter den Strohdach-H\u00fctten eines Fake-&#8222;Kongo-Dorfes&#8220;, um\u00a0vom europ\u00e4ischen Publikum bestaunt zu werden. Bei der Weltausstellung 1897 kamen bis zu 40.000 Besucher am Tag, um sie voller Sensationsgier anzugaffen.\u00a0Zur Bilanz der Schau geh\u00f6rten aber auch sieben tote Kongolesen\u2026.<a href=\"https:\/\/www.dw.com\/de\/v%C3%B6lkerschauen-und-menschenzoos\/a-60346484\"><em>weiter lesen<\/em><\/a><\/p>\n","protected":false},"excerpt":{"rendered":"<p>Noch bis ins 20. Jahrhundert pr\u00e4sentierten sogenannte V\u00f6lkerschauen Menschen als exotische Objekte. Zwei Ausstellungen beleuchten die grausame Kolonialgeschichte. Irgendwo hinten im weitl\u00e4ufigen Park des Br\u00fcsselers Vororts Tervuren waren sie\u00a0untergebracht &#8211; eingepfercht wie in einem Streichelzoo: 267 Frauen und M\u00e4nner aus&hellip;<\/p>\n","protected":false},"author":993,"featured_media":1500694,"comment_status":"closed","ping_status":"closed","sticky":false,"template":"","format":"standard","meta":{"footnotes":""},"categories":[96215,9156,9161],"tags":[32036,16862],"class_list":["post-1500351","post","type-post","status-publish","format-standard","has-post-thumbnail","hentry","category-geschichte","category-kultur-und-medien","category-menschenrechte","tag-ausstellung","tag-kolonialismus"],"yoast_head":"<!-- This site is optimized with the Yoast SEO plugin v27.1.1 - https:\/\/yoast.com\/product\/yoast-seo-wordpress\/ -->\n<title>V\u00f6lkerschauen: Rassismus als Spektakel<\/title>\n<meta name=\"description\" content=\"Noch bis ins 20. Jahrhundert pr\u00e4sentierten sogenannte V\u00f6lkerschauen Menschen als exotische Objekte. Zwei Ausstellungen beleuchten die grausame\" \/>\n<meta name=\"robots\" content=\"index, follow, max-snippet:-1, max-image-preview:large, max-video-preview:-1\" \/>\n<link rel=\"canonical\" href=\"https:\/\/www.pressenza.com\/de\/2022\/01\/voelkerschauen-rassismus-als-spektakel\/\" \/>\n<meta property=\"og:locale\" content=\"de_DE\" \/>\n<meta property=\"og:type\" content=\"article\" \/>\n<meta property=\"og:title\" content=\"V\u00f6lkerschauen: Rassismus als Spektakel\" \/>\n<meta property=\"og:description\" content=\"Noch bis ins 20. Jahrhundert pr\u00e4sentierten sogenannte V\u00f6lkerschauen Menschen als exotische Objekte. Zwei Ausstellungen beleuchten die grausame\" \/>\n<meta property=\"og:url\" content=\"https:\/\/www.pressenza.com\/de\/2022\/01\/voelkerschauen-rassismus-als-spektakel\/\" \/>\n<meta property=\"og:site_name\" content=\"Pressenza\" \/>\n<meta property=\"article:publisher\" content=\"https:\/\/www.facebook.com\/PressenzaItalia\" \/>\n<meta property=\"article:published_time\" content=\"2022-01-10T13:02:38+00:00\" \/>\n<meta property=\"og:image\" content=\"https:\/\/www.pressenza.com\/wp-content\/uploads\/2022\/01\/7D1C1B86-BD90-43BB-B08E-9B90E23875B9.jpeg\" \/>\n\t<meta property=\"og:image:width\" content=\"1920\" \/>\n\t<meta property=\"og:image:height\" content=\"1081\" \/>\n\t<meta property=\"og:image:type\" content=\"image\/jpeg\" \/>\n<meta name=\"author\" content=\"Deutsche Welle\" \/>\n<meta name=\"twitter:card\" content=\"summary_large_image\" \/>\n<meta name=\"twitter:creator\" content=\"@PressenzaIPA\" \/>\n<meta name=\"twitter:site\" content=\"@PressenzaIPA\" \/>\n<meta name=\"twitter:label1\" content=\"Verfasst von\" \/>\n\t<meta name=\"twitter:data1\" content=\"Deutsche Welle\" \/>\n\t<meta name=\"twitter:label2\" content=\"Gesch\u00e4tzte Lesezeit\" \/>\n\t<meta name=\"twitter:data2\" content=\"1\u00a0Minute\" \/>\n<script type=\"application\/ld+json\" class=\"yoast-schema-graph\">{\"@context\":\"https:\/\/schema.org\",\"@graph\":[{\"@type\":\"Article\",\"@id\":\"https:\/\/www.pressenza.com\/de\/2022\/01\/voelkerschauen-rassismus-als-spektakel\/#article\",\"isPartOf\":{\"@id\":\"https:\/\/www.pressenza.com\/de\/2022\/01\/voelkerschauen-rassismus-als-spektakel\/\"},\"author\":{\"name\":\"Deutsche Welle\",\"@id\":\"https:\/\/www.pressenza.com\/de\/#\/schema\/person\/b7c775911f2c9a1b8c7225b94e2e9f37\"},\"headline\":\"V\u00f6lkerschauen: Rassismus als Spektakel\",\"datePublished\":\"2022-01-10T13:02:38+00:00\",\"mainEntityOfPage\":{\"@id\":\"https:\/\/www.pressenza.com\/de\/2022\/01\/voelkerschauen-rassismus-als-spektakel\/\"},\"wordCount\":107,\"publisher\":{\"@id\":\"https:\/\/www.pressenza.com\/de\/#organization\"},\"image\":{\"@id\":\"https:\/\/www.pressenza.com\/de\/2022\/01\/voelkerschauen-rassismus-als-spektakel\/#primaryimage\"},\"thumbnailUrl\":\"https:\/\/www.pressenza.com\/wp-content\/uploads\/2022\/01\/7D1C1B86-BD90-43BB-B08E-9B90E23875B9.jpeg\",\"keywords\":[\"Ausstellung\",\"Kolonialismus\"],\"articleSection\":[\"Geschichte\",\"Kultur und Medien\",\"Menschenrechte\"],\"inLanguage\":\"de\"},{\"@type\":\"WebPage\",\"@id\":\"https:\/\/www.pressenza.com\/de\/2022\/01\/voelkerschauen-rassismus-als-spektakel\/\",\"url\":\"https:\/\/www.pressenza.com\/de\/2022\/01\/voelkerschauen-rassismus-als-spektakel\/\",\"name\":\"V\u00f6lkerschauen: Rassismus als Spektakel\",\"isPartOf\":{\"@id\":\"https:\/\/www.pressenza.com\/de\/#website\"},\"primaryImageOfPage\":{\"@id\":\"https:\/\/www.pressenza.com\/de\/2022\/01\/voelkerschauen-rassismus-als-spektakel\/#primaryimage\"},\"image\":{\"@id\":\"https:\/\/www.pressenza.com\/de\/2022\/01\/voelkerschauen-rassismus-als-spektakel\/#primaryimage\"},\"thumbnailUrl\":\"https:\/\/www.pressenza.com\/wp-content\/uploads\/2022\/01\/7D1C1B86-BD90-43BB-B08E-9B90E23875B9.jpeg\",\"datePublished\":\"2022-01-10T13:02:38+00:00\",\"description\":\"Noch bis ins 20. Jahrhundert pr\u00e4sentierten sogenannte V\u00f6lkerschauen Menschen als exotische Objekte. Zwei Ausstellungen beleuchten die grausame\",\"breadcrumb\":{\"@id\":\"https:\/\/www.pressenza.com\/de\/2022\/01\/voelkerschauen-rassismus-als-spektakel\/#breadcrumb\"},\"inLanguage\":\"de\",\"potentialAction\":[{\"@type\":\"ReadAction\",\"target\":[\"https:\/\/www.pressenza.com\/de\/2022\/01\/voelkerschauen-rassismus-als-spektakel\/\"]}]},{\"@type\":\"ImageObject\",\"inLanguage\":\"de\",\"@id\":\"https:\/\/www.pressenza.com\/de\/2022\/01\/voelkerschauen-rassismus-als-spektakel\/#primaryimage\",\"url\":\"https:\/\/www.pressenza.com\/wp-content\/uploads\/2022\/01\/7D1C1B86-BD90-43BB-B08E-9B90E23875B9.jpeg\",\"contentUrl\":\"https:\/\/www.pressenza.com\/wp-content\/uploads\/2022\/01\/7D1C1B86-BD90-43BB-B08E-9B90E23875B9.jpeg\",\"width\":1920,\"height\":1081},{\"@type\":\"BreadcrumbList\",\"@id\":\"https:\/\/www.pressenza.com\/de\/2022\/01\/voelkerschauen-rassismus-als-spektakel\/#breadcrumb\",\"itemListElement\":[{\"@type\":\"ListItem\",\"position\":1,\"name\":\"Accueil\",\"item\":\"https:\/\/www.pressenza.com\/de\/\"},{\"@type\":\"ListItem\",\"position\":2,\"name\":\"V\u00f6lkerschauen: Rassismus als Spektakel\"}]},{\"@type\":\"WebSite\",\"@id\":\"https:\/\/www.pressenza.com\/de\/#website\",\"url\":\"https:\/\/www.pressenza.com\/de\/\",\"name\":\"Pressenza\",\"description\":\"International Press Agency\",\"publisher\":{\"@id\":\"https:\/\/www.pressenza.com\/de\/#organization\"},\"potentialAction\":[{\"@type\":\"SearchAction\",\"target\":{\"@type\":\"EntryPoint\",\"urlTemplate\":\"https:\/\/www.pressenza.com\/de\/?s={search_term_string}\"},\"query-input\":{\"@type\":\"PropertyValueSpecification\",\"valueRequired\":true,\"valueName\":\"search_term_string\"}}],\"inLanguage\":\"de\"},{\"@type\":\"Organization\",\"@id\":\"https:\/\/www.pressenza.com\/de\/#organization\",\"name\":\"Pressenza\",\"url\":\"https:\/\/www.pressenza.com\/de\/\",\"logo\":{\"@type\":\"ImageObject\",\"inLanguage\":\"de\",\"@id\":\"https:\/\/www.pressenza.com\/de\/#\/schema\/logo\/image\/\",\"url\":\"https:\/\/www.pressenza.com\/wp-content\/uploads\/2022\/10\/pressenza_logo_200x200.jpg\",\"contentUrl\":\"https:\/\/www.pressenza.com\/wp-content\/uploads\/2022\/10\/pressenza_logo_200x200.jpg\",\"width\":200,\"height\":200,\"caption\":\"Pressenza\"},\"image\":{\"@id\":\"https:\/\/www.pressenza.com\/de\/#\/schema\/logo\/image\/\"},\"sameAs\":[\"https:\/\/www.facebook.com\/PressenzaItalia\",\"https:\/\/x.com\/PressenzaIPA\"]},{\"@type\":\"Person\",\"@id\":\"https:\/\/www.pressenza.com\/de\/#\/schema\/person\/b7c775911f2c9a1b8c7225b94e2e9f37\",\"name\":\"Deutsche Welle\",\"description\":\"Articles and photographs by Deutsche Welle on Pressenza do not fall under the Creative Commons licence and are not reproducible in any way. www.dw.com\",\"sameAs\":[\"http:\/\/www.dw.com\"],\"url\":\"https:\/\/www.pressenza.com\/de\/author\/deutsche-welle\/\"}]}<\/script>\n<!-- \/ Yoast SEO plugin. -->","yoast_head_json":{"title":"V\u00f6lkerschauen: Rassismus als Spektakel","description":"Noch bis ins 20. Jahrhundert pr\u00e4sentierten sogenannte V\u00f6lkerschauen Menschen als exotische Objekte. Zwei Ausstellungen beleuchten die grausame","robots":{"index":"index","follow":"follow","max-snippet":"max-snippet:-1","max-image-preview":"max-image-preview:large","max-video-preview":"max-video-preview:-1"},"canonical":"https:\/\/www.pressenza.com\/de\/2022\/01\/voelkerschauen-rassismus-als-spektakel\/","og_locale":"de_DE","og_type":"article","og_title":"V\u00f6lkerschauen: Rassismus als Spektakel","og_description":"Noch bis ins 20. Jahrhundert pr\u00e4sentierten sogenannte V\u00f6lkerschauen Menschen als exotische Objekte. Zwei Ausstellungen beleuchten die grausame","og_url":"https:\/\/www.pressenza.com\/de\/2022\/01\/voelkerschauen-rassismus-als-spektakel\/","og_site_name":"Pressenza","article_publisher":"https:\/\/www.facebook.com\/PressenzaItalia","article_published_time":"2022-01-10T13:02:38+00:00","og_image":[{"width":1920,"height":1081,"url":"https:\/\/www.pressenza.com\/wp-content\/uploads\/2022\/01\/7D1C1B86-BD90-43BB-B08E-9B90E23875B9.jpeg","type":"image\/jpeg"}],"author":"Deutsche Welle","twitter_card":"summary_large_image","twitter_creator":"@PressenzaIPA","twitter_site":"@PressenzaIPA","twitter_misc":{"Verfasst von":"Deutsche Welle","Gesch\u00e4tzte Lesezeit":"1\u00a0Minute"},"schema":{"@context":"https:\/\/schema.org","@graph":[{"@type":"Article","@id":"https:\/\/www.pressenza.com\/de\/2022\/01\/voelkerschauen-rassismus-als-spektakel\/#article","isPartOf":{"@id":"https:\/\/www.pressenza.com\/de\/2022\/01\/voelkerschauen-rassismus-als-spektakel\/"},"author":{"name":"Deutsche Welle","@id":"https:\/\/www.pressenza.com\/de\/#\/schema\/person\/b7c775911f2c9a1b8c7225b94e2e9f37"},"headline":"V\u00f6lkerschauen: Rassismus als Spektakel","datePublished":"2022-01-10T13:02:38+00:00","mainEntityOfPage":{"@id":"https:\/\/www.pressenza.com\/de\/2022\/01\/voelkerschauen-rassismus-als-spektakel\/"},"wordCount":107,"publisher":{"@id":"https:\/\/www.pressenza.com\/de\/#organization"},"image":{"@id":"https:\/\/www.pressenza.com\/de\/2022\/01\/voelkerschauen-rassismus-als-spektakel\/#primaryimage"},"thumbnailUrl":"https:\/\/www.pressenza.com\/wp-content\/uploads\/2022\/01\/7D1C1B86-BD90-43BB-B08E-9B90E23875B9.jpeg","keywords":["Ausstellung","Kolonialismus"],"articleSection":["Geschichte","Kultur und Medien","Menschenrechte"],"inLanguage":"de"},{"@type":"WebPage","@id":"https:\/\/www.pressenza.com\/de\/2022\/01\/voelkerschauen-rassismus-als-spektakel\/","url":"https:\/\/www.pressenza.com\/de\/2022\/01\/voelkerschauen-rassismus-als-spektakel\/","name":"V\u00f6lkerschauen: Rassismus als Spektakel","isPartOf":{"@id":"https:\/\/www.pressenza.com\/de\/#website"},"primaryImageOfPage":{"@id":"https:\/\/www.pressenza.com\/de\/2022\/01\/voelkerschauen-rassismus-als-spektakel\/#primaryimage"},"image":{"@id":"https:\/\/www.pressenza.com\/de\/2022\/01\/voelkerschauen-rassismus-als-spektakel\/#primaryimage"},"thumbnailUrl":"https:\/\/www.pressenza.com\/wp-content\/uploads\/2022\/01\/7D1C1B86-BD90-43BB-B08E-9B90E23875B9.jpeg","datePublished":"2022-01-10T13:02:38+00:00","description":"Noch bis ins 20. Jahrhundert pr\u00e4sentierten sogenannte V\u00f6lkerschauen Menschen als exotische Objekte. Zwei Ausstellungen beleuchten die grausame","breadcrumb":{"@id":"https:\/\/www.pressenza.com\/de\/2022\/01\/voelkerschauen-rassismus-als-spektakel\/#breadcrumb"},"inLanguage":"de","potentialAction":[{"@type":"ReadAction","target":["https:\/\/www.pressenza.com\/de\/2022\/01\/voelkerschauen-rassismus-als-spektakel\/"]}]},{"@type":"ImageObject","inLanguage":"de","@id":"https:\/\/www.pressenza.com\/de\/2022\/01\/voelkerschauen-rassismus-als-spektakel\/#primaryimage","url":"https:\/\/www.pressenza.com\/wp-content\/uploads\/2022\/01\/7D1C1B86-BD90-43BB-B08E-9B90E23875B9.jpeg","contentUrl":"https:\/\/www.pressenza.com\/wp-content\/uploads\/2022\/01\/7D1C1B86-BD90-43BB-B08E-9B90E23875B9.jpeg","width":1920,"height":1081},{"@type":"BreadcrumbList","@id":"https:\/\/www.pressenza.com\/de\/2022\/01\/voelkerschauen-rassismus-als-spektakel\/#breadcrumb","itemListElement":[{"@type":"ListItem","position":1,"name":"Accueil","item":"https:\/\/www.pressenza.com\/de\/"},{"@type":"ListItem","position":2,"name":"V\u00f6lkerschauen: Rassismus als Spektakel"}]},{"@type":"WebSite","@id":"https:\/\/www.pressenza.com\/de\/#website","url":"https:\/\/www.pressenza.com\/de\/","name":"Pressenza","description":"International Press Agency","publisher":{"@id":"https:\/\/www.pressenza.com\/de\/#organization"},"potentialAction":[{"@type":"SearchAction","target":{"@type":"EntryPoint","urlTemplate":"https:\/\/www.pressenza.com\/de\/?s={search_term_string}"},"query-input":{"@type":"PropertyValueSpecification","valueRequired":true,"valueName":"search_term_string"}}],"inLanguage":"de"},{"@type":"Organization","@id":"https:\/\/www.pressenza.com\/de\/#organization","name":"Pressenza","url":"https:\/\/www.pressenza.com\/de\/","logo":{"@type":"ImageObject","inLanguage":"de","@id":"https:\/\/www.pressenza.com\/de\/#\/schema\/logo\/image\/","url":"https:\/\/www.pressenza.com\/wp-content\/uploads\/2022\/10\/pressenza_logo_200x200.jpg","contentUrl":"https:\/\/www.pressenza.com\/wp-content\/uploads\/2022\/10\/pressenza_logo_200x200.jpg","width":200,"height":200,"caption":"Pressenza"},"image":{"@id":"https:\/\/www.pressenza.com\/de\/#\/schema\/logo\/image\/"},"sameAs":["https:\/\/www.facebook.com\/PressenzaItalia","https:\/\/x.com\/PressenzaIPA"]},{"@type":"Person","@id":"https:\/\/www.pressenza.com\/de\/#\/schema\/person\/b7c775911f2c9a1b8c7225b94e2e9f37","name":"Deutsche Welle","description":"Articles and photographs by Deutsche Welle on Pressenza do not fall under the Creative Commons licence and are not reproducible in any way. www.dw.com","sameAs":["http:\/\/www.dw.com"],"url":"https:\/\/www.pressenza.com\/de\/author\/deutsche-welle\/"}]}},"place":"","original_article_url":"https:\/\/www.dw.com\/de\/v%C3%B6lkerschauen-und-menschenzoos\/a-60346484","_links":{"self":[{"href":"https:\/\/www.pressenza.com\/de\/wp-json\/wp\/v2\/posts\/1500351","targetHints":{"allow":["GET"]}}],"collection":[{"href":"https:\/\/www.pressenza.com\/de\/wp-json\/wp\/v2\/posts"}],"about":[{"href":"https:\/\/www.pressenza.com\/de\/wp-json\/wp\/v2\/types\/post"}],"author":[{"embeddable":true,"href":"https:\/\/www.pressenza.com\/de\/wp-json\/wp\/v2\/users\/993"}],"replies":[{"embeddable":true,"href":"https:\/\/www.pressenza.com\/de\/wp-json\/wp\/v2\/comments?post=1500351"}],"version-history":[{"count":0,"href":"https:\/\/www.pressenza.com\/de\/wp-json\/wp\/v2\/posts\/1500351\/revisions"}],"wp:featuredmedia":[{"embeddable":true,"href":"https:\/\/www.pressenza.com\/de\/wp-json\/wp\/v2\/media\/1500694"}],"wp:attachment":[{"href":"https:\/\/www.pressenza.com\/de\/wp-json\/wp\/v2\/media?parent=1500351"}],"wp:term":[{"taxonomy":"category","embeddable":true,"href":"https:\/\/www.pressenza.com\/de\/wp-json\/wp\/v2\/categories?post=1500351"},{"taxonomy":"post_tag","embeddable":true,"href":"https:\/\/www.pressenza.com\/de\/wp-json\/wp\/v2\/tags?post=1500351"}],"curies":[{"name":"wp","href":"https:\/\/api.w.org\/{rel}","templated":true}]}}