{"id":1494324,"date":"2021-12-23T19:21:23","date_gmt":"2021-12-23T19:21:23","guid":{"rendered":"https:\/\/www.pressenza.com\/?p=1494324"},"modified":"2021-12-23T19:28:08","modified_gmt":"2021-12-23T19:28:08","slug":"er-war-ein-moerder-in-robe","status":"publish","type":"post","link":"https:\/\/www.pressenza.com\/de\/2021\/12\/er-war-ein-moerder-in-robe\/","title":{"rendered":"\u00bbEr war ein M\u00f6rder in Robe\u00ab"},"content":{"rendered":"<p><strong>Der Volksgerichtshof geh\u00f6rt zu den d\u00fcstersten Kapitel der deutschen Rechtsgeschichte. Kein nationalsozialistisches Gericht f\u00e4llte mehr Todesurteile. Roland Freisler, Pr\u00e4sident des Terror-Tribunals, f\u00e4llte allein \u00fcber 2.600 Todesurteile. Helmut Ortner hat dar\u00fcber ein Buch geschrieben. Ein Gespr\u00e4ch mit dem Autor.<\/strong><\/p>\n<p><strong><em>In Ihrem Buch beschreiben Sie Leben und Wirken des Nazi-Richters Roland Freisler, der Tausende von Menschen, vor allem Regimegegner und Oppositionelle in Schauprozessen zum Tode verurteilt hat. Was unterscheidet Freisler von anderen NS-T\u00e4tern?<\/em><\/strong><\/p>\n<p><strong>Ortner:<\/strong> \u201eFreisler schrie, tobte und erniedrigte Angeklagte mit Spott und Hohn. Er machte mit seiner Verhandlungsf\u00fchrung den Gerichtssaal zur pers\u00f6nlichen B\u00fchne. Ein wahnhaft-fanatisches Justiztheater, doch f\u00fcr die Angeklagten war es blutiger Ernst. Freisler verurteilte Tausende zum Tode. Er war ein Massenm\u00f6rder in Robe.\u201d<\/p>\n<p><strong><em>Freisler war nicht nur einer der fanatischsten Nazi-Richter, er war auch Pr\u00e4sident des Volksgerichtshofs. Er nannte das Gericht eine \u00bbPanzergruppe der Rechtspflege\u00ab &#8230;<\/em><\/strong><\/p>\n<p>\u201eJa, der Volksgerichtshof hatte nur eine Funktion: die Vernichtung jeglicher Opposition gegen den nationalsozialistischen Staat. 1934 wurde das Sondergericht als Instrument eingerichtet, um die Justiz st\u00e4rker dem Willen Hitlers zu unterwerfen. Vor 1933 konnten in Deutschland lediglich drei Straftatbest\u00e4nde mit der Todesstrafe geahndet werden, 1944 waren es vierzig. Die Zahl der verh\u00e4ngten und vollstreckten Todesstrafen stieg vor 1939 sp\u00fcrbar und nach Kriegsbeginn steil an. Die Berufung Freislers zum Pr\u00e4sidenten des Volksgerichtshofes radikalisierte diese Entwicklung weiter. Allein dieses Sondergericht sprach \u00fcber 5200 Todesurteile, rund 2600 davon verh\u00e4ngte Freislers Senat. Er verurteilte unter anderem die Geschwister Scholl, Mitglieder der <a href=\"https:\/\/de.wikipedia.org\/wiki\/Wei%C3%9Fe_Rose\" target=\"_blank\" rel=\"noopener\">Wei\u00dfen Rose<\/a> und des <a href=\"https:\/\/de.wikipedia.org\/wiki\/Kreisauer_Kreis\" target=\"_blank\" rel=\"noopener\">Kreisauer Kreises<\/a>, die Verschworenen des Attentats vom 20. Juli 1944 um Oberst <a href=\"https:\/\/de.wikipedia.org\/wiki\/Claus_Schenk_Graf_von_Stauffenberg\" target=\"_blank\" rel=\"noopener\">Graf Stauffenberg<\/a>, zahllose oppositionelle Gewerkschaftler, Kommunisten und Sozialdemokraten zum Tode, wegen <em>\u00bbDef\u00e4tismus\u00ab, \u00bbVerrat\u00ab, \u00bbFeindbeg\u00fcnstigung\u00ab und \u00bbWehrkraftzersetzung\u00ab.<\/em> Ein fanatischer, gnadenloser Nazi-Todesrichter in gnadenlosen Zeiten &#8230;\u201d<\/p>\n<p><strong><em>Sie schildern in Ihrem Buch, dass beinahe alle NS-Richter und Staatsanw\u00e4lte nach 1945 von einer Strafverfolgung verschont blieben, nur wenige wurden \u00fcberhaupt angeklagt und ihnen der Prozess gemacht. Eine besch\u00e4mende Tatsache &#8230;<\/em><\/strong><\/p>\n<p>\u201eIn der Tat. Es geh\u00f6rt zu den traurigsten Kapitel der deutschen Nachkriegsgeschichte, dass viele Nazi-Juristen nach dem Krieg nicht zur Rechenschaft gezogen wurden. In meinem Buch schildere ich die unterbliebenen oder auch gescheiterte Versuche, die Verbrechen der Nazi-Justiz als Teil der Mordmaschinerie des nationalsozialistischen Regimes durch die personell wenig ver\u00e4nderte Justiz der Bundesrepublik zu verfolgen. Es war die Zeit der \u00bbIntegration der T\u00e4ter\u00ab. Die meisten Ex-Nazi-Juristen \u2013 auch jene, die f\u00fcr Todesurteile verantwortlich waren &#8211; konnten in der Adenauer-Republik ihre Karrieren fortsetzen und gingen sp\u00e4ter gut versorgt in Pension, w\u00e4hrend die Opfer um mickrige Rentenanspr\u00fcche k\u00e4mpfen mussten. Kein Volksgerichtshof-Richter wurde nach 1945 verurteilt. Eine unertr\u00e4gliche Tatsache.\u201c<\/p>\n<p><strong><em>Nicht nur die politische Elite, auch die Gesellschaft insgesamt hat damals mehrheitlich versagt. Die gro\u00dfe Verdr\u00e4ngung, das gro\u00dfe Verleugnen und Vergessen &#8230; <\/em><\/strong><\/p>\n<p>\u201eDie meisten Deutschen wollten von Kriegsverbrechern, von Verbrechen gegen die Menschlichkeit, von den NS-Verstrickungen, von schuldhaften T\u00e4ter-Biografien, von Nazi-Juristen, kurz: vom moralischen und zivilisatorischen Desaster Hitler-Deutschlands, nichts mehr wissen. Aus der Politik gab es keine zwingenden Gesetzesvorgaben. Unter diesem Eindruck zeigte vor allem die Justiz nur wenig Neigung, ehemalige NS-T\u00e4ter zur Verantwortung zu ziehen, zumal dort bekanntlich eine besonders starke personelle Kontinuit\u00e4t zur NS-Zeit gegeben war. Die Bereitschaft, in NS-Strafsachen zu ermitteln und zu handeln, ging nahezu gegen null. Ein Volk auf der Flucht vor der eigenen Vergangenheit.\u201d<\/p>\n<p><strong><em>H\u00e4lt diese Verdr\u00e4ngung bis heute an? <\/em><\/strong><\/p>\n<p>\u201eDie Aufarbeitung der Vergangenheit fiel lange schwer, sie erinnerte an eigene Vers\u00e4umnisse und Mitschuld, an Feigheit und Mutlosigkeit. Daraus folgte eine kollektive Verdr\u00e4ngung. Das \u00e4nderte sich erst ab den 70iger Jahren, als die junge Generation wissen wollte, was ihre V\u00e4ter und Gro\u00dfv\u00e4ter gemacht oder unterlassen hatten. Ein schmerzhafter, aber notwendiger Prozess &#8230; Heute findet dieser Verleugnungs-Reflex vor allem im rechten Politik-Milieu statt. Die AFD nutzt die parlamentarische B\u00fchne als \u00f6ffentlichkeitswirksames Podium, um mit Tabu-Br\u00fcchen und gezielten Provokationen regelm\u00e4\u00dfig und absichtsvoll Stimmung zu machen. Denken wir nur an Bj\u00f6rn H\u00f6ckes besch\u00e4mendes Gerede von einer \u00bberinnerungspolitischen Wende um 180 Grad\u00ab oder Alexanders Gaulands \u00bbVogelschiss\u00ab-Verharmlosung der Nazi-Diktatur &#8230;\u201c.<\/p>\n<p>F\u00fcr die Mehrheit hierzulande aber gilt das Bekenntnis \u00bbNie wieder\u00ab, ein Diktum, das die einfache moralische Botschaft vermittelt, die heutige Generation m\u00fcsse die \u00bbLehren\u00ab aus der NS-Diktatur ziehen und daf\u00fcr sorgen, dass sich diese Menschheits-Katstrophe nie wiederholt. Wir leben heute in einem gefestigten Rechtsstaat, den sollten wir sch\u00fctzen und verteidigen \u2013 gegen Feinde der Demokratie, gegen religi\u00f6se und politische Fanatiker und wirre Verschw\u00f6rungstheoretiker &#8230;\u201c<\/p>\n<p><strong><em>Es gibt also eine Verantwortung f\u00fcr die heutige Generation?<\/em><\/strong><\/p>\n<p>\u201eDie Frage, die bleibt: Ist die heutige, die politisch und moralisch schuldlose Generation, nun endg\u00fcltig entlassen aus der Auseinandersetzung mit der NS-Diktatur und seinem Erbe? Oder: beginnt nicht die Verantwortung nachfolgernder Generationen bei der Frage, ob sie sich erinnern will? An das, was ihr Eltern und Gro\u00dfeltern getan, zugelassen und bejubelt haben &#8230;<\/p>\n<p>Mein Buch versteht sich als Aufkl\u00e4rungs-Lekt\u00fcre, als ein Pl\u00e4doyer gegen jede Verharmlosung und Relativierung der NS-Vergangenheit. Denn je weniger man von ihr wei\u00df, desto mehr verstellt es den Blick auf die Gegenwart.\u201c<\/p>\n<p><em>Das Interview wurde von Joachim Sch\u00e4fer gef\u00fchrt.<\/em><\/p>\n<hr \/>\n<p>&nbsp;<\/p>\n<blockquote>\n<h3 style=\"text-align: center;\"><strong>\u00bbEin Pl\u00e4doyer gegen jede Verharmlosung und Relativierung der NS-Vergangenheit. Denn je weniger man von ihr wei\u00df, desto mehr verstellt es den Blick auf die Gegenwart.\u201c<\/strong><\/h3>\n<\/blockquote>\n<p><em>Buchhinweis:<\/em><\/p>\n<p><strong>Helmut Ortner: <\/strong><strong>Der Hinrichter<\/strong><br \/>\nRoland Freisler \u2013 M\u00f6rder im Dienste Hitlers<br \/>\n<a href=\"https:\/\/www.nomen-verlag.de\/produkt\/der-hinrichter-2\/\" target=\"_blank\" rel=\"noopener\">Nomen Verlag<\/a>, 356 Seiten, 20 Euro,\u00a0 die \u00fcberarbeitete, aktualisierte Neu-Ausgabe erscheint im Januar<\/p>\n<p><img loading=\"lazy\" decoding=\"async\" class=\"aligncenter wp-image-1494337\" src=\"https:\/\/www.pressenza.com\/wp-content\/uploads\/2021\/12\/Der_Hinrichter_Roland_Freisler.jpg\" alt=\"\u00bbEr war ein M\u00f6rder in Robe\u00ab \" width=\"600\" height=\"933\" srcset=\"https:\/\/www.pressenza.com\/wp-content\/uploads\/2021\/12\/Der_Hinrichter_Roland_Freisler.jpg 321w, https:\/\/www.pressenza.com\/wp-content\/uploads\/2021\/12\/Der_Hinrichter_Roland_Freisler-193x300.jpg 193w\" sizes=\"auto, (max-width: 600px) 100vw, 600px\" \/><\/p>\n","protected":false},"excerpt":{"rendered":"<p>Der Volksgerichtshof geh\u00f6rt zu den d\u00fcstersten Kapitel der deutschen Rechtsgeschichte. Kein nationalsozialistisches Gericht f\u00e4llte mehr Todesurteile. Roland Freisler, Pr\u00e4sident des Terror-Tribunals, f\u00e4llte allein \u00fcber 2.600 Todesurteile. Helmut Ortner hat dar\u00fcber ein Buch geschrieben. Ein Gespr\u00e4ch mit dem Autor. In Ihrem&hellip;<\/p>\n","protected":false},"author":1958,"featured_media":1494327,"comment_status":"closed","ping_status":"closed","sticky":false,"template":"","format":"standard","meta":{"footnotes":""},"categories":[9150,96215,9142,11387],"tags":[97902,68781,97901,97900],"class_list":["post-1494324","post","type-post","status-publish","format-standard","has-post-thumbnail","hentry","category-europa-de","category-geschichte","category-interviews-de","category-originalinhalt","tag-nazi-justiz","tag-nazi-deutschland","tag-roland-freisler","tag-volksgerichtshof"],"yoast_head":"<!-- This site is optimized with the Yoast SEO plugin v27.1.1 - https:\/\/yoast.com\/product\/yoast-seo-wordpress\/ -->\n<title>\u00bbEr war ein M\u00f6rder in Robe\u00ab<\/title>\n<meta name=\"description\" content=\"Der Volksgerichtshof geh\u00f6rt zu den d\u00fcstersten Kapitel der deutschen Rechtsgeschichte. Kein nationalsozialistisches Gericht f\u00e4llte mehr Todesurteile.\" \/>\n<meta name=\"robots\" content=\"index, follow, max-snippet:-1, max-image-preview:large, max-video-preview:-1\" \/>\n<link rel=\"canonical\" href=\"https:\/\/www.pressenza.com\/de\/2021\/12\/er-war-ein-moerder-in-robe\/\" \/>\n<meta property=\"og:locale\" content=\"de_DE\" \/>\n<meta property=\"og:type\" content=\"article\" \/>\n<meta property=\"og:title\" content=\"\u00bbEr war ein M\u00f6rder in Robe\u00ab\" \/>\n<meta property=\"og:description\" content=\"Der Volksgerichtshof geh\u00f6rt zu den d\u00fcstersten Kapitel der deutschen Rechtsgeschichte. Kein nationalsozialistisches Gericht f\u00e4llte mehr Todesurteile.\" \/>\n<meta property=\"og:url\" content=\"https:\/\/www.pressenza.com\/de\/2021\/12\/er-war-ein-moerder-in-robe\/\" \/>\n<meta property=\"og:site_name\" content=\"Pressenza\" \/>\n<meta property=\"article:publisher\" content=\"https:\/\/www.facebook.com\/PressenzaItalia\" \/>\n<meta property=\"article:published_time\" content=\"2021-12-23T19:21:23+00:00\" \/>\n<meta property=\"article:modified_time\" content=\"2021-12-23T19:28:08+00:00\" \/>\n<meta property=\"og:image\" content=\"https:\/\/www.pressenza.com\/wp-content\/uploads\/2021\/12\/Roland_Freisler_1942.jpg\" \/>\n\t<meta property=\"og:image:width\" content=\"820\" \/>\n\t<meta property=\"og:image:height\" content=\"460\" \/>\n\t<meta property=\"og:image:type\" content=\"image\/jpeg\" \/>\n<meta name=\"author\" content=\"Helmut Ortner\" \/>\n<meta name=\"twitter:card\" content=\"summary_large_image\" \/>\n<meta name=\"twitter:creator\" content=\"@PressenzaIPA\" \/>\n<meta name=\"twitter:site\" content=\"@PressenzaIPA\" \/>\n<meta name=\"twitter:label1\" content=\"Verfasst von\" \/>\n\t<meta name=\"twitter:data1\" content=\"Helmut Ortner\" \/>\n\t<meta name=\"twitter:label2\" content=\"Gesch\u00e4tzte Lesezeit\" \/>\n\t<meta name=\"twitter:data2\" content=\"4\u00a0Minuten\" \/>\n<script type=\"application\/ld+json\" class=\"yoast-schema-graph\">{\"@context\":\"https:\/\/schema.org\",\"@graph\":[{\"@type\":\"Article\",\"@id\":\"https:\/\/www.pressenza.com\/de\/2021\/12\/er-war-ein-moerder-in-robe\/#article\",\"isPartOf\":{\"@id\":\"https:\/\/www.pressenza.com\/de\/2021\/12\/er-war-ein-moerder-in-robe\/\"},\"author\":{\"name\":\"Helmut Ortner\",\"@id\":\"https:\/\/www.pressenza.com\/de\/#\/schema\/person\/035e0b8be39af23d01829e127e7bc3c1\"},\"headline\":\"\u00bbEr war ein M\u00f6rder in Robe\u00ab\",\"datePublished\":\"2021-12-23T19:21:23+00:00\",\"dateModified\":\"2021-12-23T19:28:08+00:00\",\"mainEntityOfPage\":{\"@id\":\"https:\/\/www.pressenza.com\/de\/2021\/12\/er-war-ein-moerder-in-robe\/\"},\"wordCount\":901,\"publisher\":{\"@id\":\"https:\/\/www.pressenza.com\/de\/#organization\"},\"image\":{\"@id\":\"https:\/\/www.pressenza.com\/de\/2021\/12\/er-war-ein-moerder-in-robe\/#primaryimage\"},\"thumbnailUrl\":\"https:\/\/www.pressenza.com\/wp-content\/uploads\/2021\/12\/Roland_Freisler_1942.jpg\",\"keywords\":[\"Nazi Justiz\",\"Nazi-Deutschland\",\"Roland Freisler\",\"Volksgerichtshof\"],\"articleSection\":[\"Europa\",\"Geschichte\",\"Interviews\",\"Originalinhalt\"],\"inLanguage\":\"de\"},{\"@type\":\"WebPage\",\"@id\":\"https:\/\/www.pressenza.com\/de\/2021\/12\/er-war-ein-moerder-in-robe\/\",\"url\":\"https:\/\/www.pressenza.com\/de\/2021\/12\/er-war-ein-moerder-in-robe\/\",\"name\":\"\u00bbEr war ein M\u00f6rder in Robe\u00ab\",\"isPartOf\":{\"@id\":\"https:\/\/www.pressenza.com\/de\/#website\"},\"primaryImageOfPage\":{\"@id\":\"https:\/\/www.pressenza.com\/de\/2021\/12\/er-war-ein-moerder-in-robe\/#primaryimage\"},\"image\":{\"@id\":\"https:\/\/www.pressenza.com\/de\/2021\/12\/er-war-ein-moerder-in-robe\/#primaryimage\"},\"thumbnailUrl\":\"https:\/\/www.pressenza.com\/wp-content\/uploads\/2021\/12\/Roland_Freisler_1942.jpg\",\"datePublished\":\"2021-12-23T19:21:23+00:00\",\"dateModified\":\"2021-12-23T19:28:08+00:00\",\"description\":\"Der Volksgerichtshof geh\u00f6rt zu den d\u00fcstersten Kapitel der deutschen Rechtsgeschichte. Kein nationalsozialistisches Gericht f\u00e4llte mehr Todesurteile.\",\"breadcrumb\":{\"@id\":\"https:\/\/www.pressenza.com\/de\/2021\/12\/er-war-ein-moerder-in-robe\/#breadcrumb\"},\"inLanguage\":\"de\",\"potentialAction\":[{\"@type\":\"ReadAction\",\"target\":[\"https:\/\/www.pressenza.com\/de\/2021\/12\/er-war-ein-moerder-in-robe\/\"]}]},{\"@type\":\"ImageObject\",\"inLanguage\":\"de\",\"@id\":\"https:\/\/www.pressenza.com\/de\/2021\/12\/er-war-ein-moerder-in-robe\/#primaryimage\",\"url\":\"https:\/\/www.pressenza.com\/wp-content\/uploads\/2021\/12\/Roland_Freisler_1942.jpg\",\"contentUrl\":\"https:\/\/www.pressenza.com\/wp-content\/uploads\/2021\/12\/Roland_Freisler_1942.jpg\",\"width\":820,\"height\":460,\"caption\":\"\u00bbEr war ein M\u00f6rder in Robe\u00ab\"},{\"@type\":\"BreadcrumbList\",\"@id\":\"https:\/\/www.pressenza.com\/de\/2021\/12\/er-war-ein-moerder-in-robe\/#breadcrumb\",\"itemListElement\":[{\"@type\":\"ListItem\",\"position\":1,\"name\":\"Accueil\",\"item\":\"https:\/\/www.pressenza.com\/de\/\"},{\"@type\":\"ListItem\",\"position\":2,\"name\":\"\u00bbEr war ein M\u00f6rder in Robe\u00ab\"}]},{\"@type\":\"WebSite\",\"@id\":\"https:\/\/www.pressenza.com\/de\/#website\",\"url\":\"https:\/\/www.pressenza.com\/de\/\",\"name\":\"Pressenza\",\"description\":\"International Press Agency\",\"publisher\":{\"@id\":\"https:\/\/www.pressenza.com\/de\/#organization\"},\"potentialAction\":[{\"@type\":\"SearchAction\",\"target\":{\"@type\":\"EntryPoint\",\"urlTemplate\":\"https:\/\/www.pressenza.com\/de\/?s={search_term_string}\"},\"query-input\":{\"@type\":\"PropertyValueSpecification\",\"valueRequired\":true,\"valueName\":\"search_term_string\"}}],\"inLanguage\":\"de\"},{\"@type\":\"Organization\",\"@id\":\"https:\/\/www.pressenza.com\/de\/#organization\",\"name\":\"Pressenza\",\"url\":\"https:\/\/www.pressenza.com\/de\/\",\"logo\":{\"@type\":\"ImageObject\",\"inLanguage\":\"de\",\"@id\":\"https:\/\/www.pressenza.com\/de\/#\/schema\/logo\/image\/\",\"url\":\"https:\/\/www.pressenza.com\/wp-content\/uploads\/2022\/10\/pressenza_logo_200x200.jpg\",\"contentUrl\":\"https:\/\/www.pressenza.com\/wp-content\/uploads\/2022\/10\/pressenza_logo_200x200.jpg\",\"width\":200,\"height\":200,\"caption\":\"Pressenza\"},\"image\":{\"@id\":\"https:\/\/www.pressenza.com\/de\/#\/schema\/logo\/image\/\"},\"sameAs\":[\"https:\/\/www.facebook.com\/PressenzaItalia\",\"https:\/\/x.com\/PressenzaIPA\"]},{\"@type\":\"Person\",\"@id\":\"https:\/\/www.pressenza.com\/de\/#\/schema\/person\/035e0b8be39af23d01829e127e7bc3c1\",\"name\":\"Helmut Ortner\",\"description\":\"Der Autor (1950) ist Beiratsmitglied der Giordano-Bruno-Stiftung. Er hat zahlreiche B\u00fccher ver\u00f6ffentlicht, die in \u00fcber 14 Sprachen erschienen sind. Zuletzt: \\\"Ohne Gnade - Eine Geschichte der Todesstrafe\\\", mit einem Nachwort von Bundesrichter a. D. Prof. Dr. Thomas Fischer, Nomen Verlag Frankfurt.\",\"url\":\"https:\/\/www.pressenza.com\/de\/author\/helmut-ortner\/\"}]}<\/script>\n<!-- \/ Yoast SEO plugin. -->","yoast_head_json":{"title":"\u00bbEr war ein M\u00f6rder in Robe\u00ab","description":"Der Volksgerichtshof geh\u00f6rt zu den d\u00fcstersten Kapitel der deutschen Rechtsgeschichte. Kein nationalsozialistisches Gericht f\u00e4llte mehr Todesurteile.","robots":{"index":"index","follow":"follow","max-snippet":"max-snippet:-1","max-image-preview":"max-image-preview:large","max-video-preview":"max-video-preview:-1"},"canonical":"https:\/\/www.pressenza.com\/de\/2021\/12\/er-war-ein-moerder-in-robe\/","og_locale":"de_DE","og_type":"article","og_title":"\u00bbEr war ein M\u00f6rder in Robe\u00ab","og_description":"Der Volksgerichtshof geh\u00f6rt zu den d\u00fcstersten Kapitel der deutschen Rechtsgeschichte. Kein nationalsozialistisches Gericht f\u00e4llte mehr Todesurteile.","og_url":"https:\/\/www.pressenza.com\/de\/2021\/12\/er-war-ein-moerder-in-robe\/","og_site_name":"Pressenza","article_publisher":"https:\/\/www.facebook.com\/PressenzaItalia","article_published_time":"2021-12-23T19:21:23+00:00","article_modified_time":"2021-12-23T19:28:08+00:00","og_image":[{"width":820,"height":460,"url":"https:\/\/www.pressenza.com\/wp-content\/uploads\/2021\/12\/Roland_Freisler_1942.jpg","type":"image\/jpeg"}],"author":"Helmut Ortner","twitter_card":"summary_large_image","twitter_creator":"@PressenzaIPA","twitter_site":"@PressenzaIPA","twitter_misc":{"Verfasst von":"Helmut Ortner","Gesch\u00e4tzte Lesezeit":"4\u00a0Minuten"},"schema":{"@context":"https:\/\/schema.org","@graph":[{"@type":"Article","@id":"https:\/\/www.pressenza.com\/de\/2021\/12\/er-war-ein-moerder-in-robe\/#article","isPartOf":{"@id":"https:\/\/www.pressenza.com\/de\/2021\/12\/er-war-ein-moerder-in-robe\/"},"author":{"name":"Helmut Ortner","@id":"https:\/\/www.pressenza.com\/de\/#\/schema\/person\/035e0b8be39af23d01829e127e7bc3c1"},"headline":"\u00bbEr war ein M\u00f6rder in Robe\u00ab","datePublished":"2021-12-23T19:21:23+00:00","dateModified":"2021-12-23T19:28:08+00:00","mainEntityOfPage":{"@id":"https:\/\/www.pressenza.com\/de\/2021\/12\/er-war-ein-moerder-in-robe\/"},"wordCount":901,"publisher":{"@id":"https:\/\/www.pressenza.com\/de\/#organization"},"image":{"@id":"https:\/\/www.pressenza.com\/de\/2021\/12\/er-war-ein-moerder-in-robe\/#primaryimage"},"thumbnailUrl":"https:\/\/www.pressenza.com\/wp-content\/uploads\/2021\/12\/Roland_Freisler_1942.jpg","keywords":["Nazi Justiz","Nazi-Deutschland","Roland Freisler","Volksgerichtshof"],"articleSection":["Europa","Geschichte","Interviews","Originalinhalt"],"inLanguage":"de"},{"@type":"WebPage","@id":"https:\/\/www.pressenza.com\/de\/2021\/12\/er-war-ein-moerder-in-robe\/","url":"https:\/\/www.pressenza.com\/de\/2021\/12\/er-war-ein-moerder-in-robe\/","name":"\u00bbEr war ein M\u00f6rder in Robe\u00ab","isPartOf":{"@id":"https:\/\/www.pressenza.com\/de\/#website"},"primaryImageOfPage":{"@id":"https:\/\/www.pressenza.com\/de\/2021\/12\/er-war-ein-moerder-in-robe\/#primaryimage"},"image":{"@id":"https:\/\/www.pressenza.com\/de\/2021\/12\/er-war-ein-moerder-in-robe\/#primaryimage"},"thumbnailUrl":"https:\/\/www.pressenza.com\/wp-content\/uploads\/2021\/12\/Roland_Freisler_1942.jpg","datePublished":"2021-12-23T19:21:23+00:00","dateModified":"2021-12-23T19:28:08+00:00","description":"Der Volksgerichtshof geh\u00f6rt zu den d\u00fcstersten Kapitel der deutschen Rechtsgeschichte. Kein nationalsozialistisches Gericht f\u00e4llte mehr Todesurteile.","breadcrumb":{"@id":"https:\/\/www.pressenza.com\/de\/2021\/12\/er-war-ein-moerder-in-robe\/#breadcrumb"},"inLanguage":"de","potentialAction":[{"@type":"ReadAction","target":["https:\/\/www.pressenza.com\/de\/2021\/12\/er-war-ein-moerder-in-robe\/"]}]},{"@type":"ImageObject","inLanguage":"de","@id":"https:\/\/www.pressenza.com\/de\/2021\/12\/er-war-ein-moerder-in-robe\/#primaryimage","url":"https:\/\/www.pressenza.com\/wp-content\/uploads\/2021\/12\/Roland_Freisler_1942.jpg","contentUrl":"https:\/\/www.pressenza.com\/wp-content\/uploads\/2021\/12\/Roland_Freisler_1942.jpg","width":820,"height":460,"caption":"\u00bbEr war ein M\u00f6rder in Robe\u00ab"},{"@type":"BreadcrumbList","@id":"https:\/\/www.pressenza.com\/de\/2021\/12\/er-war-ein-moerder-in-robe\/#breadcrumb","itemListElement":[{"@type":"ListItem","position":1,"name":"Accueil","item":"https:\/\/www.pressenza.com\/de\/"},{"@type":"ListItem","position":2,"name":"\u00bbEr war ein M\u00f6rder in Robe\u00ab"}]},{"@type":"WebSite","@id":"https:\/\/www.pressenza.com\/de\/#website","url":"https:\/\/www.pressenza.com\/de\/","name":"Pressenza","description":"International Press Agency","publisher":{"@id":"https:\/\/www.pressenza.com\/de\/#organization"},"potentialAction":[{"@type":"SearchAction","target":{"@type":"EntryPoint","urlTemplate":"https:\/\/www.pressenza.com\/de\/?s={search_term_string}"},"query-input":{"@type":"PropertyValueSpecification","valueRequired":true,"valueName":"search_term_string"}}],"inLanguage":"de"},{"@type":"Organization","@id":"https:\/\/www.pressenza.com\/de\/#organization","name":"Pressenza","url":"https:\/\/www.pressenza.com\/de\/","logo":{"@type":"ImageObject","inLanguage":"de","@id":"https:\/\/www.pressenza.com\/de\/#\/schema\/logo\/image\/","url":"https:\/\/www.pressenza.com\/wp-content\/uploads\/2022\/10\/pressenza_logo_200x200.jpg","contentUrl":"https:\/\/www.pressenza.com\/wp-content\/uploads\/2022\/10\/pressenza_logo_200x200.jpg","width":200,"height":200,"caption":"Pressenza"},"image":{"@id":"https:\/\/www.pressenza.com\/de\/#\/schema\/logo\/image\/"},"sameAs":["https:\/\/www.facebook.com\/PressenzaItalia","https:\/\/x.com\/PressenzaIPA"]},{"@type":"Person","@id":"https:\/\/www.pressenza.com\/de\/#\/schema\/person\/035e0b8be39af23d01829e127e7bc3c1","name":"Helmut Ortner","description":"Der Autor (1950) ist Beiratsmitglied der Giordano-Bruno-Stiftung. Er hat zahlreiche B\u00fccher ver\u00f6ffentlicht, die in \u00fcber 14 Sprachen erschienen sind. Zuletzt: \"Ohne Gnade - Eine Geschichte der Todesstrafe\", mit einem Nachwort von Bundesrichter a. D. Prof. Dr. Thomas Fischer, Nomen Verlag Frankfurt.","url":"https:\/\/www.pressenza.com\/de\/author\/helmut-ortner\/"}]}},"place":"","original_article_url":"","_links":{"self":[{"href":"https:\/\/www.pressenza.com\/de\/wp-json\/wp\/v2\/posts\/1494324","targetHints":{"allow":["GET"]}}],"collection":[{"href":"https:\/\/www.pressenza.com\/de\/wp-json\/wp\/v2\/posts"}],"about":[{"href":"https:\/\/www.pressenza.com\/de\/wp-json\/wp\/v2\/types\/post"}],"author":[{"embeddable":true,"href":"https:\/\/www.pressenza.com\/de\/wp-json\/wp\/v2\/users\/1958"}],"replies":[{"embeddable":true,"href":"https:\/\/www.pressenza.com\/de\/wp-json\/wp\/v2\/comments?post=1494324"}],"version-history":[{"count":0,"href":"https:\/\/www.pressenza.com\/de\/wp-json\/wp\/v2\/posts\/1494324\/revisions"}],"wp:featuredmedia":[{"embeddable":true,"href":"https:\/\/www.pressenza.com\/de\/wp-json\/wp\/v2\/media\/1494327"}],"wp:attachment":[{"href":"https:\/\/www.pressenza.com\/de\/wp-json\/wp\/v2\/media?parent=1494324"}],"wp:term":[{"taxonomy":"category","embeddable":true,"href":"https:\/\/www.pressenza.com\/de\/wp-json\/wp\/v2\/categories?post=1494324"},{"taxonomy":"post_tag","embeddable":true,"href":"https:\/\/www.pressenza.com\/de\/wp-json\/wp\/v2\/tags?post=1494324"}],"curies":[{"name":"wp","href":"https:\/\/api.w.org\/{rel}","templated":true}]}}