{"id":1492617,"date":"2021-12-21T11:14:00","date_gmt":"2021-12-21T11:14:00","guid":{"rendered":"https:\/\/www.pressenza.com\/?p=1492617"},"modified":"2021-12-21T11:14:00","modified_gmt":"2021-12-21T11:14:00","slug":"klimaziele-und-verkehr-warum-wir-eine-radikale-trendwende-benoetigen","status":"publish","type":"post","link":"https:\/\/www.pressenza.com\/de\/2021\/12\/klimaziele-und-verkehr-warum-wir-eine-radikale-trendwende-benoetigen\/","title":{"rendered":"Klimaziele und Verkehr \u2013 Warum wir eine radikale Trendwende ben\u00f6tigen"},"content":{"rendered":"<p><strong>Seit 1990 ist \u00d6sterreich v\u00f6lkerrechtlich zum Klimaschutz verpflichtet. Trotzdem sind die Emissionen im Verkehrsbereich in den letzten drei Jahrzehnten stark gestiegen, n\u00e4mlich um 74,4 Prozent. Es liegt also auf der Hand, dass die Mobilit\u00e4t eine Schl\u00fcsselrolle bei der zuk\u00fcnftigen Dekarbonisierung \u00d6sterreichs einnimmt.<\/strong><span id=\"more-23450\"><\/span><\/p>\n<p><em>Von Heinz H\u00f6gelsberger (<a href=\"https:\/\/awblog.at\/klimaziele-und-verkehr\/\" target=\"_blank\" rel=\"noopener\">A&amp;W-Blog<\/a>)<\/em><\/p>\n<p>Die Klimakrise und die Rolle des Verkehrs sind in unserem Bewusstsein schon angekommen. Trotzdem haben wir das Bestreben, die alten Gewohnheiten beizubehalten. Damit sich ja nichts \u00e4ndert, setzt man gerne auf Elektroantrieb und alternative Treibstoffe. Und so geht es auf den Stra\u00dfen immer noch so weiter, als g\u00e4be es keine Klimakrise. Die Verhaltensbiologin Elisabeth Oberzaucher erkl\u00e4rt dies u.\u00a0a. mit der aggressiven Werbung: Dort w\u00fcrden keine Autos verkauft, sondern das perfekte Leben! Der Pkw wird dabei zum fahrbaren Territorium. Aktive Mobilit\u00e4t ist hingegen mit Anstrengung verbunden; wir setzen aber instinktiv auf Energiesparen. Nur wenn wir neue Mobilit\u00e4tsmuster ganz bewusst zur Gewohnheit machen, kommt es auch tats\u00e4chlich zu einer Verhaltens\u00e4nderung, so Oberzaucher. Diese wird auch notwendig sein, denn mit dem Umstieg auf Elektroautos allein sind die Klimaziele nicht zu erreichen. Wollte man den gesamten Landverkehr der EU mit Agrotreibstoffen bewerkstelligen, so w\u00fcrden alle Anbaufl\u00e4chen zusammen \u2013 einschlie\u00dflich der Wiesen \u2013 nicht ausreichen. Die Erzeugung sogenannter E-Fuels ist derzeit noch mit gro\u00dfen Energieverlusten verbunden.<\/p>\n<h4><strong>Verlagern ist das Schl\u00fcsselwort<\/strong><\/h4>\n<p>Die drei Grundprinzipien der angestrebten Mobilit\u00e4tswende lauten daher (1) Verkehr vermeiden, (2) verlagern und (3) verbessern. So ist der sauberste und billigste Verkehr nat\u00fcrlich jener, der nicht stattfindet. Einkaufszentren und Fabriken auf der gr\u00fcnen Wiese, unerschwinglicher Wohnraum in den St\u00e4dten sowie Zersiedelung der Landschaft machen uns zu Europameister*innen in Sachen Bodenversiegelung und heizen die Mobilit\u00e4tszw\u00e4nge weiter an. Das gerade beschlossene\u00a0<a href=\"https:\/\/www.oerok.gv.at\/oerek-2030\" target=\"_blank\" rel=\"noreferrer noopener\">Raumentwicklungskonzept 2030 (OEREK)<\/a>\u00a0soll mit einem 10-Punkte-Programm endlich die alten Fehler stoppen. Die Zukunft wird zeigen, ob dem guten Willen auch tats\u00e4chlich Taten folgen werden. Dabei geht es auch darum, wie zukunftsf\u00e4hig und nachhaltig die aktuelle und geplante Verkehrsinfrastruktur ist. Gehen und Radfahren sind n\u00e4mlich weitgehend umweltneutral; obendrein gesund und billig. E-Bikes erweitern den Aktionsradius zus\u00e4tzlich. Allerdings: Zum Radeln ben\u00f6tigt man attraktive Radwege und diebstahlsichere Abstellm\u00f6glichkeiten. Zu Fu\u00df ist man nur dort gerne unterwegs, wo es auch tats\u00e4chlich menschenw\u00fcrdige Gehsteige gibt.<\/p>\n<p>\u00d6ffentliche Verkehrsmittel sind um ein Mehrfaches klimavertr\u00e4glicher und energieeffizienter als der Pkw. Die \u00d6BB planen, ihre Transportkapazit\u00e4ten bis zum Jahr 2040 zu\u00a0<a href=\"https:\/\/infothek.bmk.gv.at\/regionalbahnen-als-rueckgrat-des-klimafreundlichen-verkehrs-in-den-regionen\/\" target=\"_blank\" rel=\"noreferrer noopener\">verdoppeln<\/a>. Die AK weist mit einem aktuellen Rechtsgutachten nach, dass auch diese zuk\u00fcnftigen Verkehrsleistungen im Personenverkehr nicht wettbewerblich ausgeschrieben werden m\u00fcssen, sondern direkt an \u201eunsere Bahn\u201c vergeben werden k\u00f6nnten. Im Gegenzug soll der \u2013 dann hoffentlich elektrifizierte \u2013 Pkw-Verkehr kontinuierlich auf das Niveau der 1990er-Jahre zur\u00fcckgehen. Werden derzeit \u00f6sterreichweit rund 40 Prozent aller Wege im Umweltverbund (Gehen, Radeln, \u00d6V) zur\u00fcckgelegt und 60 Prozent mit dem Auto, so soll sich laut\u00a0<a href=\"https:\/\/www.bmk.gv.at\/themen\/mobilitaet\/mobilitaetsmasterplan\/mmp2030.html\" target=\"_blank\" rel=\"noreferrer noopener\">\u201eMobilit\u00e4tsmasterplan\u201c<\/a>\u00a0des Klimaministeriums dieses Verh\u00e4ltnis bis 2040 umdrehen. Das entlastet nicht nur die Umwelt, sondern auch die Geldb\u00f6rse. Mit dem neuen Klimaticket kostet \u00d6ffi-Fahren nur ein F\u00fcnftel der durchschnittlichen Pkw-Kosten von\u00a0<a href=\"https:\/\/www.ots.at\/presseaussendung\/OTS_20050224_OTS0068\/oeamtc-auto-info-macht-echte-autokosten-transparent-teil-2\" target=\"_blank\" rel=\"noreferrer noopener\">455 Euro<\/a>\u00a0pro Monat. Doch nicht nur die individuelle Belastung w\u00fcrde sinken: Laut Universit\u00e4t Graz w\u00e4re eine Mobilit\u00e4tswende \u2013 trotz kostspieligen Ausbaus des \u00f6ffentlichen Verkehrs \u2013 auch volkswirtschaftlich billiger als der derzeitige Zustand. Wir k\u00f6nnen uns also eine zukunftsf\u00e4hige Verkehrspolitik durchaus leisten!<\/p>\n<h4><strong>Wie k\u00f6nnen verkehrspolitische Ma\u00dfnahmen wirken?<\/strong><\/h4>\n<p>In folgender Grafik wird der Wirkungsmechanismus von verkehrspolitischen Ma\u00dfnahmen in Bezug auf die \u201eVermeiden-verlagern-verbessern-Strategie\u201c dargestellt. Rot eingezeichnet sind die negativen Wirkungsmechanismen: So kann sich durch den Ausstieg aus dem Pkw die Fahrzeit verl\u00e4ngern. Restriktive Ma\u00dfnahmen, wie Parkraumbewirtschaftung, Tempolimits usw., sto\u00dfen h\u00e4ufig auf mangelnde Akzeptanz. Und schlie\u00dflich trifft ein Aus f\u00fcr die Verbrennertechnologie Wohlhabende weniger hart. Auf der anderen Seite f\u00fchrt ein Umstieg auf den Umweltverbund zu positiven Verteilungseffekten und besserer Gesundheit; daher blau eingezeichnet.<\/p>\n<div id=\"attachment_1492618\" class=\"wp-caption alignnone\"><img loading=\"lazy\" decoding=\"async\" aria-describedby=\"caption-attachment-1492618\" class=\"wp-image-1492618 size-full\" src=\"https:\/\/www.pressenza.com\/wp-content\/uploads\/2021\/12\/12052661-DB2C-45B8-B146-EEC83D9D2801.png\" alt=\"Klimaziele und Verkehr \u2013 Warum wir eine radikale Trendwende ben\u00f6tigen\" width=\"1920\" height=\"1321\" srcset=\"https:\/\/www.pressenza.com\/wp-content\/uploads\/2021\/12\/12052661-DB2C-45B8-B146-EEC83D9D2801.png 1920w, https:\/\/www.pressenza.com\/wp-content\/uploads\/2021\/12\/12052661-DB2C-45B8-B146-EEC83D9D2801-300x206.png 300w, https:\/\/www.pressenza.com\/wp-content\/uploads\/2021\/12\/12052661-DB2C-45B8-B146-EEC83D9D2801-820x564.png 820w\" sizes=\"auto, (max-width: 1920px) 100vw, 1920px\" \/><p id=\"caption-attachment-1492618\" class=\"wp-caption-text\">Grafik: A&amp;W-Blog<\/p><\/div>\n<h4><strong>Es geht nicht ohne Druck!<\/strong><\/h4>\n<p>Um den Umweltverbund auszubauen, ben\u00f6tigt man Platz, der \u2013 speziell in St\u00e4dten \u2013 nur auf Kosten des Autoverkehrs geschaffen werden kann. Dieser wird unattraktiver werden m\u00fcssen. Dabei darf man auch nicht vor sogenannten \u201ePush-Ma\u00dfnahmen\u201c, wie Tempolimits oder Fahrverboten, zur\u00fcckschrecken. Schon jetzt w\u00e4re die Mehrzahl der Autofahrten verlagerbar. Im l\u00e4ndlichen Raum ben\u00f6tigt man jedoch eine Mobilit\u00e4tsgarantie, die es erm\u00f6glicht, Alltagswege ohne den Zwang zum eigenen Pkw zur\u00fcckzulegen. Nicht zuletzt sollten Unternehmen st\u00e4rker in die Pflicht genommen werden, f\u00fcr eine \u00f6kologische Anreise ihrer Besch\u00e4ftigten und Kund*innen zu sorgen. Betriebliches Mobilit\u00e4tsmanagement ist ein Gebot der Stunde! Die\u00a0<a href=\"https:\/\/www.vcoe.at\/projekte\/mobilitaetspreis\/vcoe-mobilitaetspreis-2020-oesterreich-kategorie-mobilitaetsmanagement\" target=\"_blank\" rel=\"noreferrer noopener\">Universit\u00e4t Klagenfurt<\/a>\u00a0zeigt vor, wie dies auch an einem ung\u00fcnstigen Standort gelingen kann.<\/p>\n<h4><strong>Zu Lande, im Wasser und in der Luft<\/strong><\/h4>\n<p>G\u00fcter- und Flugverkehr weisen eine Reihe von Parallelen auf: Beide dienen dem globalisierten Kapitalismus gleichsam als Schmiermittel. Sie m\u00fcssen m\u00f6glichst billig sein und wachsen, damit Produkte und Dienstleistungen genau dort erzeugt bzw. erbracht werden, wo es am kosteng\u00fcnstigsten und gewinnbringendsten ist. Niedrige Transporttarife gehen zumeist auf Kosten der Verkehrsbesch\u00e4ftigten und der Umwelt. Es ist also kein Zufall, dass sich im Lkw-, Schiffs- und Flugverkehr die\u00a0<a href=\"https:\/\/awblog.at\/luftfahrt-im-sturzflug\/\" target=\"_blank\" rel=\"noreferrer noopener\">Arbeitsbedingungen<\/a>\u00a0laufend verschlechtern, diese Branchen aber gleichzeitig mittels zahlreicher Steuerprivilegien subventioniert werden.<\/p>\n<p>Die Luftfahrt ist die energie- und CO<sub>2<\/sub>-intensivste Fortbewegungsart der Menschen. Laut\u00a0<a href=\"https:\/\/www.eurocontrol.int\/sites\/default\/files\/2020-10\/eurocontrol-think-paper-taxing-aviation-oct-2020.pdf\" target=\"_blank\" rel=\"noreferrer noopener\">Eurocontrol<\/a>\u00a0gehen 70 Prozent der Fl\u00fcge von Europa \u00fcber Distanzen von weniger als 1.500 Kilometer. Hier gibt es ein Verlagerungspotenzial zu Hochgeschwindigkeits- und Nachtz\u00fcgen. Allerdings sind diese Fl\u00fcge nur f\u00fcr ein Viertel der luftfahrtbedingten Emissionen verantwortlich. Bei den Langstreckenfl\u00fcgen muss es folglich zu drastischen Reduktionen sowie dem Einsatz von E-Fuels kommen.<\/p>\n<h4><strong>Fazit<\/strong><\/h4>\n<p>Mobilit\u00e4t muss f\u00fcr alle leistbar und bequem m\u00f6glich sein. G\u00fcnstige Tickets f\u00fcr den \u00f6ffentlichen Verkehr sind ein wichtiger Schritt, reichen aber sicher nicht aus. Neue Ans\u00e4tze sind in allen Bereichen notwendig: Bei den Betrieben, die immer noch auf Parkpl\u00e4tze statt auf \u00f6ffentliche Erreichbarkeit setzen. Bei den Gemeinden, die Wohngebiete ohne klimafreundliche Verkehrserschlie\u00dfung widmen und bei Geh- und Radwegen sparen. Bei den L\u00e4ndern, die mehr Geld f\u00fcr den Stra\u00dfenbau als f\u00fcr den \u00f6ffentlichen Verkehr ausgeben. Beim Bund und der EU, die nach wie vor auf billige Transporte setzen und die sozialen Missst\u00e4nde beim Stra\u00dfeng\u00fcterverkehr und bei den Lieferdiensten bewusst in Kauf nehmen. Baustellen gibt es im Verkehr genug, was fehlt, sind mutige Baumeister, die endlich mit der Arbeit beginnen.<\/p>\n<p><em>Mehr Informationen \u00fcber die Zusammenh\u00e4nge von Klimaschutz und Mobilit\u00e4t, Raumplanung und Agrokraftstoffe sowie Verhaltensforschung, Mobilit\u00e4tsmanagement, aber auch Arbeitsbedingungen von Paketzustellern sind in der\u00a0<a href=\"https:\/\/eur03.safelinks.protection.outlook.com\/?url=https%3A%2F%2Fwww.ak-umwelt.at%2F&amp;data=04%7C01%7Caw-sm-redaktion%40oegbverlag.at%7C14a34726c730495d576a08d9b96dbe1e%7C0679379efe9a4bcebdcee8ce71d7ed48%7C0%7C0%7C637744703282314752%7CUnknown%7CTWFpbGZsb3d8eyJWIjoiMC4wLjAwMDAiLCJQIjoiV2luMzIiLCJBTiI6Ik1haWwiLCJXVCI6Mn0%3D%7C3000&amp;sdata=258smvy%2B%2F5GpEJUUp4ToR6VumtmiL2vNZUxQQthnYys%3D&amp;reserved=0\" target=\"_blank\" rel=\"noreferrer noopener\">aktuellen Ausgabe von Wirtschaft und Umwelt 4\/2021<\/a>\u00a0zu finden, welches sich diesen Themen widmet. Diese Ausgabe hat das Zeug dazu, zum Nachschlagewerk zu werden! Lesen wird dringend angeraten!<\/em><\/p>\n<hr \/>\n<div class=\"cchover\">\n<div class=\"ccschalter\"><a href=\"https:\/\/awblog.at\/ueberdiesenblog\/open-access-zielsetzung-und-verwendung\/\" target=\"_blank\" rel=\"noopener\">\u00a0<\/a><\/div>\n<\/div>\n<p><em>Dieser Beitrag wurde am 17.12.2021 auf dem <a href=\"https:\/\/awblog.at\/klimaziele-und-verkehr\/\" target=\"_blank\" rel=\"noopener\">Blog Arbeit &amp; Wirtschaft<\/a>\u00a0unter der\u00a0<a href=\"https:\/\/creativecommons.org\/licenses\/by-sa\/4.0\/deed.de\" target=\"_blank\" rel=\"noopener noreferrer\">Creative-Commons-Lizenz CC BY-SA 4.0<\/a>\u00a0ver\u00f6ffentlicht. Diese Lizenz erm\u00f6glicht den Nutzer*innen eine freie Bearbeitung, Weiterverwendung, Vervielf\u00e4ltigung und Verbreitung der textlichen Inhalte unter Namensnennung des*der Urheber*in sowie unter gleichen Bedingungen.<\/em><\/p>\n<p>&nbsp;<\/p>\n","protected":false},"excerpt":{"rendered":"<p>Seit 1990 ist \u00d6sterreich v\u00f6lkerrechtlich zum Klimaschutz verpflichtet. Trotzdem sind die Emissionen im Verkehrsbereich in den letzten drei Jahrzehnten stark gestiegen, n\u00e4mlich um 74,4 Prozent. Es liegt also auf der Hand, dass die Mobilit\u00e4t eine Schl\u00fcsselrolle bei der zuk\u00fcnftigen Dekarbonisierung&hellip;<\/p>\n","protected":false},"author":1408,"featured_media":1492628,"comment_status":"closed","ping_status":"closed","sticky":false,"template":"","format":"standard","meta":{"footnotes":""},"categories":[9157,9168,9169],"tags":[74150,56309,30246,97825,97448,30244,29771],"class_list":["post-1492617","post","type-post","status-publish","format-standard","has-post-thumbnail","hentry","category-oekologie-und-umwelt","category-politik","category-wissenschaft-und-technologie","tag-co2-de","tag-klimakrise","tag-klimaschutz","tag-klimaticket","tag-mobilitaet","tag-umwelt","tag-verkehr"],"yoast_head":"<!-- This site is optimized with the Yoast SEO plugin v27.1.1 - https:\/\/yoast.com\/product\/yoast-seo-wordpress\/ -->\n<title>Klimaziele und Verkehr \u2013 Warum wir eine radikale Trendwende ben\u00f6tigen<\/title>\n<meta name=\"description\" content=\"Seit 1990 ist \u00d6sterreich v\u00f6lkerrechtlich zum Klimaschutz verpflichtet. Trotzdem sind die Emissionen im Verkehrsbereich in den letzten drei Jahrzehnten\" \/>\n<meta name=\"robots\" content=\"index, follow, max-snippet:-1, max-image-preview:large, max-video-preview:-1\" \/>\n<link rel=\"canonical\" href=\"https:\/\/www.pressenza.com\/de\/2021\/12\/klimaziele-und-verkehr-warum-wir-eine-radikale-trendwende-benoetigen\/\" \/>\n<meta property=\"og:locale\" content=\"de_DE\" \/>\n<meta property=\"og:type\" content=\"article\" \/>\n<meta property=\"og:title\" content=\"Klimaziele und Verkehr \u2013 Warum wir eine radikale Trendwende ben\u00f6tigen\" \/>\n<meta property=\"og:description\" content=\"Seit 1990 ist \u00d6sterreich v\u00f6lkerrechtlich zum Klimaschutz verpflichtet. Trotzdem sind die Emissionen im Verkehrsbereich in den letzten drei Jahrzehnten\" \/>\n<meta property=\"og:url\" content=\"https:\/\/www.pressenza.com\/de\/2021\/12\/klimaziele-und-verkehr-warum-wir-eine-radikale-trendwende-benoetigen\/\" \/>\n<meta property=\"og:site_name\" content=\"Pressenza\" \/>\n<meta property=\"article:publisher\" content=\"https:\/\/www.facebook.com\/PressenzaItalia\" \/>\n<meta property=\"article:published_time\" content=\"2021-12-21T11:14:00+00:00\" \/>\n<meta property=\"og:image\" content=\"https:\/\/www.pressenza.com\/wp-content\/uploads\/2021\/12\/4AA4EAFE-60CC-4F79-8BF4-12F6EE403EBB.jpeg\" \/>\n\t<meta property=\"og:image:width\" content=\"1920\" \/>\n\t<meta property=\"og:image:height\" content=\"1068\" \/>\n\t<meta property=\"og:image:type\" content=\"image\/jpeg\" \/>\n<meta name=\"author\" content=\"Unsere Zeitung\" \/>\n<meta name=\"twitter:card\" content=\"summary_large_image\" \/>\n<meta name=\"twitter:creator\" content=\"@PressenzaIPA\" \/>\n<meta name=\"twitter:site\" content=\"@PressenzaIPA\" \/>\n<meta name=\"twitter:label1\" content=\"Verfasst von\" \/>\n\t<meta name=\"twitter:data1\" content=\"Unsere Zeitung\" \/>\n\t<meta name=\"twitter:label2\" content=\"Gesch\u00e4tzte Lesezeit\" \/>\n\t<meta name=\"twitter:data2\" content=\"6\u00a0Minuten\" \/>\n<script type=\"application\/ld+json\" class=\"yoast-schema-graph\">{\"@context\":\"https:\/\/schema.org\",\"@graph\":[{\"@type\":\"Article\",\"@id\":\"https:\/\/www.pressenza.com\/de\/2021\/12\/klimaziele-und-verkehr-warum-wir-eine-radikale-trendwende-benoetigen\/#article\",\"isPartOf\":{\"@id\":\"https:\/\/www.pressenza.com\/de\/2021\/12\/klimaziele-und-verkehr-warum-wir-eine-radikale-trendwende-benoetigen\/\"},\"author\":{\"name\":\"Unsere Zeitung\",\"@id\":\"https:\/\/www.pressenza.com\/de\/#\/schema\/person\/204e67ffc5ecb05d81ec7dbb33ded555\"},\"headline\":\"Klimaziele und Verkehr \u2013 Warum wir eine radikale Trendwende ben\u00f6tigen\",\"datePublished\":\"2021-12-21T11:14:00+00:00\",\"mainEntityOfPage\":{\"@id\":\"https:\/\/www.pressenza.com\/de\/2021\/12\/klimaziele-und-verkehr-warum-wir-eine-radikale-trendwende-benoetigen\/\"},\"wordCount\":1181,\"publisher\":{\"@id\":\"https:\/\/www.pressenza.com\/de\/#organization\"},\"image\":{\"@id\":\"https:\/\/www.pressenza.com\/de\/2021\/12\/klimaziele-und-verkehr-warum-wir-eine-radikale-trendwende-benoetigen\/#primaryimage\"},\"thumbnailUrl\":\"https:\/\/www.pressenza.com\/wp-content\/uploads\/2021\/12\/4AA4EAFE-60CC-4F79-8BF4-12F6EE403EBB.jpeg\",\"keywords\":[\"CO2\",\"Klimakrise\",\"Klimaschutz\",\"Klimaticket\",\"Mobilit\u00e4t\",\"Umwelt\",\"Verkehr\"],\"articleSection\":[\"\u00d6kologie und Umwelt\",\"Politik\",\"Wissenschaft und Technologie\"],\"inLanguage\":\"de\"},{\"@type\":\"WebPage\",\"@id\":\"https:\/\/www.pressenza.com\/de\/2021\/12\/klimaziele-und-verkehr-warum-wir-eine-radikale-trendwende-benoetigen\/\",\"url\":\"https:\/\/www.pressenza.com\/de\/2021\/12\/klimaziele-und-verkehr-warum-wir-eine-radikale-trendwende-benoetigen\/\",\"name\":\"Klimaziele und Verkehr \u2013 Warum wir eine radikale Trendwende ben\u00f6tigen\",\"isPartOf\":{\"@id\":\"https:\/\/www.pressenza.com\/de\/#website\"},\"primaryImageOfPage\":{\"@id\":\"https:\/\/www.pressenza.com\/de\/2021\/12\/klimaziele-und-verkehr-warum-wir-eine-radikale-trendwende-benoetigen\/#primaryimage\"},\"image\":{\"@id\":\"https:\/\/www.pressenza.com\/de\/2021\/12\/klimaziele-und-verkehr-warum-wir-eine-radikale-trendwende-benoetigen\/#primaryimage\"},\"thumbnailUrl\":\"https:\/\/www.pressenza.com\/wp-content\/uploads\/2021\/12\/4AA4EAFE-60CC-4F79-8BF4-12F6EE403EBB.jpeg\",\"datePublished\":\"2021-12-21T11:14:00+00:00\",\"description\":\"Seit 1990 ist \u00d6sterreich v\u00f6lkerrechtlich zum Klimaschutz verpflichtet. Trotzdem sind die Emissionen im Verkehrsbereich in den letzten drei Jahrzehnten\",\"breadcrumb\":{\"@id\":\"https:\/\/www.pressenza.com\/de\/2021\/12\/klimaziele-und-verkehr-warum-wir-eine-radikale-trendwende-benoetigen\/#breadcrumb\"},\"inLanguage\":\"de\",\"potentialAction\":[{\"@type\":\"ReadAction\",\"target\":[\"https:\/\/www.pressenza.com\/de\/2021\/12\/klimaziele-und-verkehr-warum-wir-eine-radikale-trendwende-benoetigen\/\"]}]},{\"@type\":\"ImageObject\",\"inLanguage\":\"de\",\"@id\":\"https:\/\/www.pressenza.com\/de\/2021\/12\/klimaziele-und-verkehr-warum-wir-eine-radikale-trendwende-benoetigen\/#primaryimage\",\"url\":\"https:\/\/www.pressenza.com\/wp-content\/uploads\/2021\/12\/4AA4EAFE-60CC-4F79-8BF4-12F6EE403EBB.jpeg\",\"contentUrl\":\"https:\/\/www.pressenza.com\/wp-content\/uploads\/2021\/12\/4AA4EAFE-60CC-4F79-8BF4-12F6EE403EBB.jpeg\",\"width\":1920,\"height\":1068,\"caption\":\"Klimaziele und Verkehr \u2013 Warum wir eine radikale Trendwende ben\u00f6tigen\"},{\"@type\":\"BreadcrumbList\",\"@id\":\"https:\/\/www.pressenza.com\/de\/2021\/12\/klimaziele-und-verkehr-warum-wir-eine-radikale-trendwende-benoetigen\/#breadcrumb\",\"itemListElement\":[{\"@type\":\"ListItem\",\"position\":1,\"name\":\"Accueil\",\"item\":\"https:\/\/www.pressenza.com\/de\/\"},{\"@type\":\"ListItem\",\"position\":2,\"name\":\"Klimaziele und Verkehr \u2013 Warum wir eine radikale Trendwende ben\u00f6tigen\"}]},{\"@type\":\"WebSite\",\"@id\":\"https:\/\/www.pressenza.com\/de\/#website\",\"url\":\"https:\/\/www.pressenza.com\/de\/\",\"name\":\"Pressenza\",\"description\":\"International Press Agency\",\"publisher\":{\"@id\":\"https:\/\/www.pressenza.com\/de\/#organization\"},\"potentialAction\":[{\"@type\":\"SearchAction\",\"target\":{\"@type\":\"EntryPoint\",\"urlTemplate\":\"https:\/\/www.pressenza.com\/de\/?s={search_term_string}\"},\"query-input\":{\"@type\":\"PropertyValueSpecification\",\"valueRequired\":true,\"valueName\":\"search_term_string\"}}],\"inLanguage\":\"de\"},{\"@type\":\"Organization\",\"@id\":\"https:\/\/www.pressenza.com\/de\/#organization\",\"name\":\"Pressenza\",\"url\":\"https:\/\/www.pressenza.com\/de\/\",\"logo\":{\"@type\":\"ImageObject\",\"inLanguage\":\"de\",\"@id\":\"https:\/\/www.pressenza.com\/de\/#\/schema\/logo\/image\/\",\"url\":\"https:\/\/www.pressenza.com\/wp-content\/uploads\/2022\/10\/pressenza_logo_200x200.jpg\",\"contentUrl\":\"https:\/\/www.pressenza.com\/wp-content\/uploads\/2022\/10\/pressenza_logo_200x200.jpg\",\"width\":200,\"height\":200,\"caption\":\"Pressenza\"},\"image\":{\"@id\":\"https:\/\/www.pressenza.com\/de\/#\/schema\/logo\/image\/\"},\"sameAs\":[\"https:\/\/www.facebook.com\/PressenzaItalia\",\"https:\/\/x.com\/PressenzaIPA\"]},{\"@type\":\"Person\",\"@id\":\"https:\/\/www.pressenza.com\/de\/#\/schema\/person\/204e67ffc5ecb05d81ec7dbb33ded555\",\"name\":\"Unsere Zeitung\",\"url\":\"https:\/\/www.pressenza.com\/de\/author\/unsere-zeitung\/\"}]}<\/script>\n<!-- \/ Yoast SEO plugin. -->","yoast_head_json":{"title":"Klimaziele und Verkehr \u2013 Warum wir eine radikale Trendwende ben\u00f6tigen","description":"Seit 1990 ist \u00d6sterreich v\u00f6lkerrechtlich zum Klimaschutz verpflichtet. Trotzdem sind die Emissionen im Verkehrsbereich in den letzten drei Jahrzehnten","robots":{"index":"index","follow":"follow","max-snippet":"max-snippet:-1","max-image-preview":"max-image-preview:large","max-video-preview":"max-video-preview:-1"},"canonical":"https:\/\/www.pressenza.com\/de\/2021\/12\/klimaziele-und-verkehr-warum-wir-eine-radikale-trendwende-benoetigen\/","og_locale":"de_DE","og_type":"article","og_title":"Klimaziele und Verkehr \u2013 Warum wir eine radikale Trendwende ben\u00f6tigen","og_description":"Seit 1990 ist \u00d6sterreich v\u00f6lkerrechtlich zum Klimaschutz verpflichtet. Trotzdem sind die Emissionen im Verkehrsbereich in den letzten drei Jahrzehnten","og_url":"https:\/\/www.pressenza.com\/de\/2021\/12\/klimaziele-und-verkehr-warum-wir-eine-radikale-trendwende-benoetigen\/","og_site_name":"Pressenza","article_publisher":"https:\/\/www.facebook.com\/PressenzaItalia","article_published_time":"2021-12-21T11:14:00+00:00","og_image":[{"width":1920,"height":1068,"url":"https:\/\/www.pressenza.com\/wp-content\/uploads\/2021\/12\/4AA4EAFE-60CC-4F79-8BF4-12F6EE403EBB.jpeg","type":"image\/jpeg"}],"author":"Unsere Zeitung","twitter_card":"summary_large_image","twitter_creator":"@PressenzaIPA","twitter_site":"@PressenzaIPA","twitter_misc":{"Verfasst von":"Unsere Zeitung","Gesch\u00e4tzte Lesezeit":"6\u00a0Minuten"},"schema":{"@context":"https:\/\/schema.org","@graph":[{"@type":"Article","@id":"https:\/\/www.pressenza.com\/de\/2021\/12\/klimaziele-und-verkehr-warum-wir-eine-radikale-trendwende-benoetigen\/#article","isPartOf":{"@id":"https:\/\/www.pressenza.com\/de\/2021\/12\/klimaziele-und-verkehr-warum-wir-eine-radikale-trendwende-benoetigen\/"},"author":{"name":"Unsere Zeitung","@id":"https:\/\/www.pressenza.com\/de\/#\/schema\/person\/204e67ffc5ecb05d81ec7dbb33ded555"},"headline":"Klimaziele und Verkehr \u2013 Warum wir eine radikale Trendwende ben\u00f6tigen","datePublished":"2021-12-21T11:14:00+00:00","mainEntityOfPage":{"@id":"https:\/\/www.pressenza.com\/de\/2021\/12\/klimaziele-und-verkehr-warum-wir-eine-radikale-trendwende-benoetigen\/"},"wordCount":1181,"publisher":{"@id":"https:\/\/www.pressenza.com\/de\/#organization"},"image":{"@id":"https:\/\/www.pressenza.com\/de\/2021\/12\/klimaziele-und-verkehr-warum-wir-eine-radikale-trendwende-benoetigen\/#primaryimage"},"thumbnailUrl":"https:\/\/www.pressenza.com\/wp-content\/uploads\/2021\/12\/4AA4EAFE-60CC-4F79-8BF4-12F6EE403EBB.jpeg","keywords":["CO2","Klimakrise","Klimaschutz","Klimaticket","Mobilit\u00e4t","Umwelt","Verkehr"],"articleSection":["\u00d6kologie und Umwelt","Politik","Wissenschaft und Technologie"],"inLanguage":"de"},{"@type":"WebPage","@id":"https:\/\/www.pressenza.com\/de\/2021\/12\/klimaziele-und-verkehr-warum-wir-eine-radikale-trendwende-benoetigen\/","url":"https:\/\/www.pressenza.com\/de\/2021\/12\/klimaziele-und-verkehr-warum-wir-eine-radikale-trendwende-benoetigen\/","name":"Klimaziele und Verkehr \u2013 Warum wir eine radikale Trendwende ben\u00f6tigen","isPartOf":{"@id":"https:\/\/www.pressenza.com\/de\/#website"},"primaryImageOfPage":{"@id":"https:\/\/www.pressenza.com\/de\/2021\/12\/klimaziele-und-verkehr-warum-wir-eine-radikale-trendwende-benoetigen\/#primaryimage"},"image":{"@id":"https:\/\/www.pressenza.com\/de\/2021\/12\/klimaziele-und-verkehr-warum-wir-eine-radikale-trendwende-benoetigen\/#primaryimage"},"thumbnailUrl":"https:\/\/www.pressenza.com\/wp-content\/uploads\/2021\/12\/4AA4EAFE-60CC-4F79-8BF4-12F6EE403EBB.jpeg","datePublished":"2021-12-21T11:14:00+00:00","description":"Seit 1990 ist \u00d6sterreich v\u00f6lkerrechtlich zum Klimaschutz verpflichtet. Trotzdem sind die Emissionen im Verkehrsbereich in den letzten drei Jahrzehnten","breadcrumb":{"@id":"https:\/\/www.pressenza.com\/de\/2021\/12\/klimaziele-und-verkehr-warum-wir-eine-radikale-trendwende-benoetigen\/#breadcrumb"},"inLanguage":"de","potentialAction":[{"@type":"ReadAction","target":["https:\/\/www.pressenza.com\/de\/2021\/12\/klimaziele-und-verkehr-warum-wir-eine-radikale-trendwende-benoetigen\/"]}]},{"@type":"ImageObject","inLanguage":"de","@id":"https:\/\/www.pressenza.com\/de\/2021\/12\/klimaziele-und-verkehr-warum-wir-eine-radikale-trendwende-benoetigen\/#primaryimage","url":"https:\/\/www.pressenza.com\/wp-content\/uploads\/2021\/12\/4AA4EAFE-60CC-4F79-8BF4-12F6EE403EBB.jpeg","contentUrl":"https:\/\/www.pressenza.com\/wp-content\/uploads\/2021\/12\/4AA4EAFE-60CC-4F79-8BF4-12F6EE403EBB.jpeg","width":1920,"height":1068,"caption":"Klimaziele und Verkehr \u2013 Warum wir eine radikale Trendwende ben\u00f6tigen"},{"@type":"BreadcrumbList","@id":"https:\/\/www.pressenza.com\/de\/2021\/12\/klimaziele-und-verkehr-warum-wir-eine-radikale-trendwende-benoetigen\/#breadcrumb","itemListElement":[{"@type":"ListItem","position":1,"name":"Accueil","item":"https:\/\/www.pressenza.com\/de\/"},{"@type":"ListItem","position":2,"name":"Klimaziele und Verkehr \u2013 Warum wir eine radikale Trendwende ben\u00f6tigen"}]},{"@type":"WebSite","@id":"https:\/\/www.pressenza.com\/de\/#website","url":"https:\/\/www.pressenza.com\/de\/","name":"Pressenza","description":"International Press Agency","publisher":{"@id":"https:\/\/www.pressenza.com\/de\/#organization"},"potentialAction":[{"@type":"SearchAction","target":{"@type":"EntryPoint","urlTemplate":"https:\/\/www.pressenza.com\/de\/?s={search_term_string}"},"query-input":{"@type":"PropertyValueSpecification","valueRequired":true,"valueName":"search_term_string"}}],"inLanguage":"de"},{"@type":"Organization","@id":"https:\/\/www.pressenza.com\/de\/#organization","name":"Pressenza","url":"https:\/\/www.pressenza.com\/de\/","logo":{"@type":"ImageObject","inLanguage":"de","@id":"https:\/\/www.pressenza.com\/de\/#\/schema\/logo\/image\/","url":"https:\/\/www.pressenza.com\/wp-content\/uploads\/2022\/10\/pressenza_logo_200x200.jpg","contentUrl":"https:\/\/www.pressenza.com\/wp-content\/uploads\/2022\/10\/pressenza_logo_200x200.jpg","width":200,"height":200,"caption":"Pressenza"},"image":{"@id":"https:\/\/www.pressenza.com\/de\/#\/schema\/logo\/image\/"},"sameAs":["https:\/\/www.facebook.com\/PressenzaItalia","https:\/\/x.com\/PressenzaIPA"]},{"@type":"Person","@id":"https:\/\/www.pressenza.com\/de\/#\/schema\/person\/204e67ffc5ecb05d81ec7dbb33ded555","name":"Unsere Zeitung","url":"https:\/\/www.pressenza.com\/de\/author\/unsere-zeitung\/"}]}},"place":"","original_article_url":"https:\/\/www.unsere-zeitung.at\/2021\/12\/20\/klimaziele-und-verkehr-warum-wir-eine-radikale-trendwende-benoetigen\/","_links":{"self":[{"href":"https:\/\/www.pressenza.com\/de\/wp-json\/wp\/v2\/posts\/1492617","targetHints":{"allow":["GET"]}}],"collection":[{"href":"https:\/\/www.pressenza.com\/de\/wp-json\/wp\/v2\/posts"}],"about":[{"href":"https:\/\/www.pressenza.com\/de\/wp-json\/wp\/v2\/types\/post"}],"author":[{"embeddable":true,"href":"https:\/\/www.pressenza.com\/de\/wp-json\/wp\/v2\/users\/1408"}],"replies":[{"embeddable":true,"href":"https:\/\/www.pressenza.com\/de\/wp-json\/wp\/v2\/comments?post=1492617"}],"version-history":[{"count":0,"href":"https:\/\/www.pressenza.com\/de\/wp-json\/wp\/v2\/posts\/1492617\/revisions"}],"wp:featuredmedia":[{"embeddable":true,"href":"https:\/\/www.pressenza.com\/de\/wp-json\/wp\/v2\/media\/1492628"}],"wp:attachment":[{"href":"https:\/\/www.pressenza.com\/de\/wp-json\/wp\/v2\/media?parent=1492617"}],"wp:term":[{"taxonomy":"category","embeddable":true,"href":"https:\/\/www.pressenza.com\/de\/wp-json\/wp\/v2\/categories?post=1492617"},{"taxonomy":"post_tag","embeddable":true,"href":"https:\/\/www.pressenza.com\/de\/wp-json\/wp\/v2\/tags?post=1492617"}],"curies":[{"name":"wp","href":"https:\/\/api.w.org\/{rel}","templated":true}]}}