{"id":1476799,"date":"2021-11-25T14:48:42","date_gmt":"2021-11-25T14:48:42","guid":{"rendered":"https:\/\/www.pressenza.com\/?p=1476799"},"modified":"2021-11-25T06:49:12","modified_gmt":"2021-11-25T06:49:12","slug":"bayer-co-vs-biden","status":"publish","type":"post","link":"https:\/\/www.pressenza.com\/de\/2021\/11\/bayer-co-vs-biden\/","title":{"rendered":"Bayer &#038; Co. vs. Biden"},"content":{"rendered":"<p class=\"news-item-subtitle\"><strong>Deutsche Konzerne wirken in den USA massiv an der Aush\u00f6hlung des &#8222;Build Back Better Act&#8220; mit, der hohe Investitionen in Klimaschutz und soziale Sicherungssysteme vorsieht.<\/strong><\/p>\n<p>Bundesdeutsche Unternehmen unterst\u00fctzen in den Vereinigten Staaten eine Gro\u00dfoffensive der US-Wirtschaft gegen die geplante Klima- und Sozialgesetzgebung der Biden-Administration. Zu den Konzernen geh\u00f6ren etwa Bayer, Siemens und T-Mobile; ihnen verdanken Kongressabgeordnete der Demokratischen Partei, die den &#8222;Build Back Better Act&#8220; der Regierung bek\u00e4mpfen, Spenden im Wert von hohen f\u00fcnfstelligen US-Dollarbetr\u00e4gen. Die Strategie, rechte Demokraten mittels hoher &#8222;Wahlkampfhilfen&#8220; gegen den &#8222;Build Back Better Act&#8220; in Stellung zu bringen, geht bisher auf: Obwohl der Etat des Ma\u00dfnahmenpakets bereits um die H\u00e4lfte reduziert wurde und wichtige Teile wie ein milliardenschweres Anreizprogramm zum Umstieg auf erneuerbare Energien nun fehlen, konnte es am 5. November nicht wie urspr\u00fcnglich geplant die erste parlamentarische H\u00fcrde nehmen. Kritiker in den Vereinigten Staaten und in Deutschland zeigen sich erbost \u00fcber die Obstruktionspolitik und fordern, &#8222;corporate money&#8220; d\u00fcrfe die Gesetzgebung nicht blockieren.<\/p>\n","protected":false},"excerpt":{"rendered":"<p>Deutsche Konzerne wirken in den USA massiv an der Aush\u00f6hlung des &#8222;Build Back Better Act&#8220; mit, der hohe Investitionen in Klimaschutz und soziale Sicherungssysteme vorsieht. Bundesdeutsche Unternehmen unterst\u00fctzen in den Vereinigten Staaten eine Gro\u00dfoffensive der US-Wirtschaft gegen die geplante Klima-&hellip;<\/p>\n","protected":false},"author":1516,"featured_media":1476801,"comment_status":"closed","ping_status":"closed","sticky":false,"template":"","format":"standard","meta":{"footnotes":""},"categories":[9157,9168,9158],"tags":[57735,97040,30246,69206,9767],"class_list":["post-1476799","post","type-post","status-publish","format-standard","has-post-thumbnail","hentry","category-oekologie-und-umwelt","category-politik","category-wirtschaft","tag-bayer-de","tag-build-back-better-act","tag-klimaschutz","tag-siemens-de","tag-usa-de"],"yoast_head":"<!-- This site is optimized with the Yoast SEO plugin v27.1.1 - https:\/\/yoast.com\/product\/yoast-seo-wordpress\/ -->\n<title>Bayer &amp; Co. vs. Biden<\/title>\n<meta name=\"description\" content=\"Deutsche Konzerne wirken in den USA massiv an der Aush\u00f6hlung des &quot;Build Back Better Act&quot; mit, der hohe Investitionen in Klimaschutz und soziale\" \/>\n<meta name=\"robots\" content=\"index, follow, max-snippet:-1, max-image-preview:large, max-video-preview:-1\" \/>\n<link rel=\"canonical\" href=\"https:\/\/www.pressenza.com\/de\/2021\/11\/bayer-co-vs-biden\/\" \/>\n<meta property=\"og:locale\" content=\"de_DE\" \/>\n<meta property=\"og:type\" content=\"article\" \/>\n<meta property=\"og:title\" content=\"Bayer &amp; Co. vs. Biden\" \/>\n<meta property=\"og:description\" content=\"Deutsche Konzerne wirken in den USA massiv an der Aush\u00f6hlung des &quot;Build Back Better Act&quot; mit, der hohe Investitionen in Klimaschutz und soziale\" \/>\n<meta property=\"og:url\" content=\"https:\/\/www.pressenza.com\/de\/2021\/11\/bayer-co-vs-biden\/\" \/>\n<meta property=\"og:site_name\" content=\"Pressenza\" \/>\n<meta property=\"article:publisher\" content=\"https:\/\/www.facebook.com\/PressenzaItalia\" \/>\n<meta property=\"article:published_time\" content=\"2021-11-25T14:48:42+00:00\" \/>\n<meta property=\"og:image\" content=\"https:\/\/www.pressenza.com\/wp-content\/uploads\/2021\/11\/President_Joe_Biden_visits_the_Department_of_Defense_01.v1.jpg\" \/>\n\t<meta property=\"og:image:width\" content=\"1920\" \/>\n\t<meta property=\"og:image:height\" content=\"1279\" \/>\n\t<meta property=\"og:image:type\" content=\"image\/jpeg\" \/>\n<meta name=\"author\" content=\"GERMAN-FOREIGN-POLICY.com\" \/>\n<meta name=\"twitter:card\" content=\"summary_large_image\" \/>\n<meta name=\"twitter:creator\" content=\"@PressenzaIPA\" \/>\n<meta name=\"twitter:site\" content=\"@PressenzaIPA\" \/>\n<meta name=\"twitter:label1\" content=\"Verfasst von\" \/>\n\t<meta name=\"twitter:data1\" content=\"GERMAN-FOREIGN-POLICY.com\" \/>\n\t<meta name=\"twitter:label2\" content=\"Gesch\u00e4tzte Lesezeit\" \/>\n\t<meta name=\"twitter:data2\" content=\"1\u00a0Minute\" \/>\n<script type=\"application\/ld+json\" class=\"yoast-schema-graph\">{\"@context\":\"https:\/\/schema.org\",\"@graph\":[{\"@type\":\"Article\",\"@id\":\"https:\/\/www.pressenza.com\/de\/2021\/11\/bayer-co-vs-biden\/#article\",\"isPartOf\":{\"@id\":\"https:\/\/www.pressenza.com\/de\/2021\/11\/bayer-co-vs-biden\/\"},\"author\":{\"name\":\"GERMAN-FOREIGN-POLICY.com\",\"@id\":\"https:\/\/www.pressenza.com\/de\/#\/schema\/person\/65976e5880ee37f0ffc0cea7b0d6f456\"},\"headline\":\"Bayer &#038; Co. vs. Biden\",\"datePublished\":\"2021-11-25T14:48:42+00:00\",\"mainEntityOfPage\":{\"@id\":\"https:\/\/www.pressenza.com\/de\/2021\/11\/bayer-co-vs-biden\/\"},\"wordCount\":172,\"publisher\":{\"@id\":\"https:\/\/www.pressenza.com\/de\/#organization\"},\"image\":{\"@id\":\"https:\/\/www.pressenza.com\/de\/2021\/11\/bayer-co-vs-biden\/#primaryimage\"},\"thumbnailUrl\":\"https:\/\/www.pressenza.com\/wp-content\/uploads\/2021\/11\/President_Joe_Biden_visits_the_Department_of_Defense_01.v1.jpg\",\"keywords\":[\"Bayer\",\"Build Back Better Act\",\"Klimaschutz\",\"siemens\",\"USA\"],\"articleSection\":[\"\u00d6kologie und Umwelt\",\"Politik\",\"Wirtschaft\"],\"inLanguage\":\"de\"},{\"@type\":\"WebPage\",\"@id\":\"https:\/\/www.pressenza.com\/de\/2021\/11\/bayer-co-vs-biden\/\",\"url\":\"https:\/\/www.pressenza.com\/de\/2021\/11\/bayer-co-vs-biden\/\",\"name\":\"Bayer & Co. vs. Biden\",\"isPartOf\":{\"@id\":\"https:\/\/www.pressenza.com\/de\/#website\"},\"primaryImageOfPage\":{\"@id\":\"https:\/\/www.pressenza.com\/de\/2021\/11\/bayer-co-vs-biden\/#primaryimage\"},\"image\":{\"@id\":\"https:\/\/www.pressenza.com\/de\/2021\/11\/bayer-co-vs-biden\/#primaryimage\"},\"thumbnailUrl\":\"https:\/\/www.pressenza.com\/wp-content\/uploads\/2021\/11\/President_Joe_Biden_visits_the_Department_of_Defense_01.v1.jpg\",\"datePublished\":\"2021-11-25T14:48:42+00:00\",\"description\":\"Deutsche Konzerne wirken in den USA massiv an der Aush\u00f6hlung des \\\"Build Back Better Act\\\" mit, der hohe Investitionen in Klimaschutz und soziale\",\"breadcrumb\":{\"@id\":\"https:\/\/www.pressenza.com\/de\/2021\/11\/bayer-co-vs-biden\/#breadcrumb\"},\"inLanguage\":\"de\",\"potentialAction\":[{\"@type\":\"ReadAction\",\"target\":[\"https:\/\/www.pressenza.com\/de\/2021\/11\/bayer-co-vs-biden\/\"]}]},{\"@type\":\"ImageObject\",\"inLanguage\":\"de\",\"@id\":\"https:\/\/www.pressenza.com\/de\/2021\/11\/bayer-co-vs-biden\/#primaryimage\",\"url\":\"https:\/\/www.pressenza.com\/wp-content\/uploads\/2021\/11\/President_Joe_Biden_visits_the_Department_of_Defense_01.v1.jpg\",\"contentUrl\":\"https:\/\/www.pressenza.com\/wp-content\/uploads\/2021\/11\/President_Joe_Biden_visits_the_Department_of_Defense_01.v1.jpg\",\"width\":1920,\"height\":1279,\"caption\":\"Bayer & Co. vs. Biden\"},{\"@type\":\"BreadcrumbList\",\"@id\":\"https:\/\/www.pressenza.com\/de\/2021\/11\/bayer-co-vs-biden\/#breadcrumb\",\"itemListElement\":[{\"@type\":\"ListItem\",\"position\":1,\"name\":\"Accueil\",\"item\":\"https:\/\/www.pressenza.com\/de\/\"},{\"@type\":\"ListItem\",\"position\":2,\"name\":\"Bayer &#038; Co. vs. Biden\"}]},{\"@type\":\"WebSite\",\"@id\":\"https:\/\/www.pressenza.com\/de\/#website\",\"url\":\"https:\/\/www.pressenza.com\/de\/\",\"name\":\"Pressenza\",\"description\":\"International Press Agency\",\"publisher\":{\"@id\":\"https:\/\/www.pressenza.com\/de\/#organization\"},\"potentialAction\":[{\"@type\":\"SearchAction\",\"target\":{\"@type\":\"EntryPoint\",\"urlTemplate\":\"https:\/\/www.pressenza.com\/de\/?s={search_term_string}\"},\"query-input\":{\"@type\":\"PropertyValueSpecification\",\"valueRequired\":true,\"valueName\":\"search_term_string\"}}],\"inLanguage\":\"de\"},{\"@type\":\"Organization\",\"@id\":\"https:\/\/www.pressenza.com\/de\/#organization\",\"name\":\"Pressenza\",\"url\":\"https:\/\/www.pressenza.com\/de\/\",\"logo\":{\"@type\":\"ImageObject\",\"inLanguage\":\"de\",\"@id\":\"https:\/\/www.pressenza.com\/de\/#\/schema\/logo\/image\/\",\"url\":\"https:\/\/www.pressenza.com\/wp-content\/uploads\/2022\/10\/pressenza_logo_200x200.jpg\",\"contentUrl\":\"https:\/\/www.pressenza.com\/wp-content\/uploads\/2022\/10\/pressenza_logo_200x200.jpg\",\"width\":200,\"height\":200,\"caption\":\"Pressenza\"},\"image\":{\"@id\":\"https:\/\/www.pressenza.com\/de\/#\/schema\/logo\/image\/\"},\"sameAs\":[\"https:\/\/www.facebook.com\/PressenzaItalia\",\"https:\/\/x.com\/PressenzaIPA\"]},{\"@type\":\"Person\",\"@id\":\"https:\/\/www.pressenza.com\/de\/#\/schema\/person\/65976e5880ee37f0ffc0cea7b0d6f456\",\"name\":\"GERMAN-FOREIGN-POLICY.com\",\"description\":\"Information on German Foreign Policy Articles and photographs by german-foreign-policy.com on Pressenza do not fall under the Creative Commons license and are not reproducible in any way. \\\"Information on German Foreign Policy\\\" (german-foreign-policy.com) is compiled by a group of independent journalists and social scientists who observe, on an ongoing basis, Germany's renewed attempts to regain great power status in the economic, military and political arena.\",\"url\":\"https:\/\/www.pressenza.com\/de\/author\/german-foreign-policy-com\/\"}]}<\/script>\n<!-- \/ Yoast SEO plugin. -->","yoast_head_json":{"title":"Bayer & Co. vs. Biden","description":"Deutsche Konzerne wirken in den USA massiv an der Aush\u00f6hlung des \"Build Back Better Act\" mit, der hohe Investitionen in Klimaschutz und soziale","robots":{"index":"index","follow":"follow","max-snippet":"max-snippet:-1","max-image-preview":"max-image-preview:large","max-video-preview":"max-video-preview:-1"},"canonical":"https:\/\/www.pressenza.com\/de\/2021\/11\/bayer-co-vs-biden\/","og_locale":"de_DE","og_type":"article","og_title":"Bayer & Co. vs. Biden","og_description":"Deutsche Konzerne wirken in den USA massiv an der Aush\u00f6hlung des \"Build Back Better Act\" mit, der hohe Investitionen in Klimaschutz und soziale","og_url":"https:\/\/www.pressenza.com\/de\/2021\/11\/bayer-co-vs-biden\/","og_site_name":"Pressenza","article_publisher":"https:\/\/www.facebook.com\/PressenzaItalia","article_published_time":"2021-11-25T14:48:42+00:00","og_image":[{"width":1920,"height":1279,"url":"https:\/\/www.pressenza.com\/wp-content\/uploads\/2021\/11\/President_Joe_Biden_visits_the_Department_of_Defense_01.v1.jpg","type":"image\/jpeg"}],"author":"GERMAN-FOREIGN-POLICY.com","twitter_card":"summary_large_image","twitter_creator":"@PressenzaIPA","twitter_site":"@PressenzaIPA","twitter_misc":{"Verfasst von":"GERMAN-FOREIGN-POLICY.com","Gesch\u00e4tzte Lesezeit":"1\u00a0Minute"},"schema":{"@context":"https:\/\/schema.org","@graph":[{"@type":"Article","@id":"https:\/\/www.pressenza.com\/de\/2021\/11\/bayer-co-vs-biden\/#article","isPartOf":{"@id":"https:\/\/www.pressenza.com\/de\/2021\/11\/bayer-co-vs-biden\/"},"author":{"name":"GERMAN-FOREIGN-POLICY.com","@id":"https:\/\/www.pressenza.com\/de\/#\/schema\/person\/65976e5880ee37f0ffc0cea7b0d6f456"},"headline":"Bayer &#038; Co. vs. Biden","datePublished":"2021-11-25T14:48:42+00:00","mainEntityOfPage":{"@id":"https:\/\/www.pressenza.com\/de\/2021\/11\/bayer-co-vs-biden\/"},"wordCount":172,"publisher":{"@id":"https:\/\/www.pressenza.com\/de\/#organization"},"image":{"@id":"https:\/\/www.pressenza.com\/de\/2021\/11\/bayer-co-vs-biden\/#primaryimage"},"thumbnailUrl":"https:\/\/www.pressenza.com\/wp-content\/uploads\/2021\/11\/President_Joe_Biden_visits_the_Department_of_Defense_01.v1.jpg","keywords":["Bayer","Build Back Better Act","Klimaschutz","siemens","USA"],"articleSection":["\u00d6kologie und Umwelt","Politik","Wirtschaft"],"inLanguage":"de"},{"@type":"WebPage","@id":"https:\/\/www.pressenza.com\/de\/2021\/11\/bayer-co-vs-biden\/","url":"https:\/\/www.pressenza.com\/de\/2021\/11\/bayer-co-vs-biden\/","name":"Bayer & Co. vs. Biden","isPartOf":{"@id":"https:\/\/www.pressenza.com\/de\/#website"},"primaryImageOfPage":{"@id":"https:\/\/www.pressenza.com\/de\/2021\/11\/bayer-co-vs-biden\/#primaryimage"},"image":{"@id":"https:\/\/www.pressenza.com\/de\/2021\/11\/bayer-co-vs-biden\/#primaryimage"},"thumbnailUrl":"https:\/\/www.pressenza.com\/wp-content\/uploads\/2021\/11\/President_Joe_Biden_visits_the_Department_of_Defense_01.v1.jpg","datePublished":"2021-11-25T14:48:42+00:00","description":"Deutsche Konzerne wirken in den USA massiv an der Aush\u00f6hlung des \"Build Back Better Act\" mit, der hohe Investitionen in Klimaschutz und soziale","breadcrumb":{"@id":"https:\/\/www.pressenza.com\/de\/2021\/11\/bayer-co-vs-biden\/#breadcrumb"},"inLanguage":"de","potentialAction":[{"@type":"ReadAction","target":["https:\/\/www.pressenza.com\/de\/2021\/11\/bayer-co-vs-biden\/"]}]},{"@type":"ImageObject","inLanguage":"de","@id":"https:\/\/www.pressenza.com\/de\/2021\/11\/bayer-co-vs-biden\/#primaryimage","url":"https:\/\/www.pressenza.com\/wp-content\/uploads\/2021\/11\/President_Joe_Biden_visits_the_Department_of_Defense_01.v1.jpg","contentUrl":"https:\/\/www.pressenza.com\/wp-content\/uploads\/2021\/11\/President_Joe_Biden_visits_the_Department_of_Defense_01.v1.jpg","width":1920,"height":1279,"caption":"Bayer & Co. vs. Biden"},{"@type":"BreadcrumbList","@id":"https:\/\/www.pressenza.com\/de\/2021\/11\/bayer-co-vs-biden\/#breadcrumb","itemListElement":[{"@type":"ListItem","position":1,"name":"Accueil","item":"https:\/\/www.pressenza.com\/de\/"},{"@type":"ListItem","position":2,"name":"Bayer &#038; Co. vs. Biden"}]},{"@type":"WebSite","@id":"https:\/\/www.pressenza.com\/de\/#website","url":"https:\/\/www.pressenza.com\/de\/","name":"Pressenza","description":"International Press Agency","publisher":{"@id":"https:\/\/www.pressenza.com\/de\/#organization"},"potentialAction":[{"@type":"SearchAction","target":{"@type":"EntryPoint","urlTemplate":"https:\/\/www.pressenza.com\/de\/?s={search_term_string}"},"query-input":{"@type":"PropertyValueSpecification","valueRequired":true,"valueName":"search_term_string"}}],"inLanguage":"de"},{"@type":"Organization","@id":"https:\/\/www.pressenza.com\/de\/#organization","name":"Pressenza","url":"https:\/\/www.pressenza.com\/de\/","logo":{"@type":"ImageObject","inLanguage":"de","@id":"https:\/\/www.pressenza.com\/de\/#\/schema\/logo\/image\/","url":"https:\/\/www.pressenza.com\/wp-content\/uploads\/2022\/10\/pressenza_logo_200x200.jpg","contentUrl":"https:\/\/www.pressenza.com\/wp-content\/uploads\/2022\/10\/pressenza_logo_200x200.jpg","width":200,"height":200,"caption":"Pressenza"},"image":{"@id":"https:\/\/www.pressenza.com\/de\/#\/schema\/logo\/image\/"},"sameAs":["https:\/\/www.facebook.com\/PressenzaItalia","https:\/\/x.com\/PressenzaIPA"]},{"@type":"Person","@id":"https:\/\/www.pressenza.com\/de\/#\/schema\/person\/65976e5880ee37f0ffc0cea7b0d6f456","name":"GERMAN-FOREIGN-POLICY.com","description":"Information on German Foreign Policy Articles and photographs by german-foreign-policy.com on Pressenza do not fall under the Creative Commons license and are not reproducible in any way. \"Information on German Foreign Policy\" (german-foreign-policy.com) is compiled by a group of independent journalists and social scientists who observe, on an ongoing basis, Germany's renewed attempts to regain great power status in the economic, military and political arena.","url":"https:\/\/www.pressenza.com\/de\/author\/german-foreign-policy-com\/"}]}},"place":"","original_article_url":"https:\/\/www.german-foreign-policy.com\/news\/detail\/8758\/","_links":{"self":[{"href":"https:\/\/www.pressenza.com\/de\/wp-json\/wp\/v2\/posts\/1476799","targetHints":{"allow":["GET"]}}],"collection":[{"href":"https:\/\/www.pressenza.com\/de\/wp-json\/wp\/v2\/posts"}],"about":[{"href":"https:\/\/www.pressenza.com\/de\/wp-json\/wp\/v2\/types\/post"}],"author":[{"embeddable":true,"href":"https:\/\/www.pressenza.com\/de\/wp-json\/wp\/v2\/users\/1516"}],"replies":[{"embeddable":true,"href":"https:\/\/www.pressenza.com\/de\/wp-json\/wp\/v2\/comments?post=1476799"}],"version-history":[{"count":0,"href":"https:\/\/www.pressenza.com\/de\/wp-json\/wp\/v2\/posts\/1476799\/revisions"}],"wp:featuredmedia":[{"embeddable":true,"href":"https:\/\/www.pressenza.com\/de\/wp-json\/wp\/v2\/media\/1476801"}],"wp:attachment":[{"href":"https:\/\/www.pressenza.com\/de\/wp-json\/wp\/v2\/media?parent=1476799"}],"wp:term":[{"taxonomy":"category","embeddable":true,"href":"https:\/\/www.pressenza.com\/de\/wp-json\/wp\/v2\/categories?post=1476799"},{"taxonomy":"post_tag","embeddable":true,"href":"https:\/\/www.pressenza.com\/de\/wp-json\/wp\/v2\/tags?post=1476799"}],"curies":[{"name":"wp","href":"https:\/\/api.w.org\/{rel}","templated":true}]}}