{"id":1475116,"date":"2021-11-21T10:25:03","date_gmt":"2021-11-21T10:25:03","guid":{"rendered":"https:\/\/www.pressenza.com\/?p=1475116"},"modified":"2021-11-21T10:25:03","modified_gmt":"2021-11-21T10:25:03","slug":"internationale-ethecon-awards-verliehen-eine-frau-die-gegen-einen-maennerkrieg-aufsteht","status":"publish","type":"post","link":"https:\/\/www.pressenza.com\/de\/2021\/11\/internationale-ethecon-awards-verliehen-eine-frau-die-gegen-einen-maennerkrieg-aufsteht\/","title":{"rendered":"Internationale ethecon Awards verliehen &#8222;Eine Frau, die gegen einen M\u00e4nnerkrieg aufsteht&#8220;"},"content":{"rendered":"<p><strong>ethecon ehrte am Samstag die malische Menschenrechts- und Friedensativistin Aminata Dramane Traor\u00e9 mit dem Internationalen ethecon Blue Planet Award 2021 und stellte, stellvertretend f\u00fcr die Vorst\u00e4nde und Gro\u00dfaktion\u00e4re des Braunkohle-Konzerns RWE, (Ex-)Ministerpr\u00e4sident Armin Laschet, BLACKROCK-CEO Larry Fink, den Vorstandsvorsitzenden Markus Krebber und den Aufsichtsratsvorsitzenden Werner Brandt mit dem Internationalen ethecon Dead Planet Award 2021 an den Pranger. <\/strong><\/p>\n<p>Der\u00a0\u00f6ffentliche Festakt in Berlin musste als Pr\u00e4senzveranstaltung abgesagt werden, die Verleihung der ethecon Preise fand daher\u00a0in einer \u00f6ffentlichen Video-Veranstaltung unter <a href=\"http:\/\/www.ethecon.org\/\" target=\"_blank\" rel=\"noopener\">www.ethecon.org<\/a> im Livestream statt. \u00d6ffentlich, kostenlos und ungek\u00fcrzt.<\/p>\n<blockquote><p><em>&#8222;Mit\u00a0Liveschaltungen\u00a0zu zwei Mahnwachen\u00a0an den Schaupl\u00e4tzen der\u00a0Verbrechen des RWE-Konzerns machten wir die Not zur Tugend und forderten &#8222;Alle D\u00f6rfer bleiben&#8220; und &#8222;RWE Stoppen&#8220; direkt von der Braunkohle-Abbruchkante in L\u00fctzerath.&#8220; so der Gr\u00fcndungsstifter und Vorsitzende des Vorstands der konzernkritischen Stiftung, Axel K\u00f6hler-Schnura.\u00a0&#8222;Durch den ethecon Blue Planet Award ehrten wir mit Aminata Traor\u00e9 eine Frau, die gegen einen M\u00e4nnekrieg aufsteht&#8220;, so K\u00f6hler-Schnura weiter. &#8222;Die Bundeswehr muss endlich raus aus Mali, RWE muss raus aus der Grube. Neokolonialismus und Extraktivismus m\u00fcssen aufh\u00f6ren&#8220;.<\/em><\/p><\/blockquote>\n<p>Gastbeitrag \u201eAuf dem Weg in einen pr\u00e4ventiven Sicherheitsstaat?\u201c von Dr. Rolf G\u00f6ssner (Rechtsanwalt, Publizist und B\u00fcrgerrechtsaktivist):<\/p>\n<blockquote><p><em>&#8222;Die Radikalisierung der &#8222;Anti-Terror&#8220;-Politik seit 9\/11 hat eine globale Gewaltwelle ausgel\u00f6st, vor allem durch staatliche &#8222;Terrorbek\u00e4mpfung&#8220;&#8220;<\/em><\/p><\/blockquote>\n<p>Schm\u00e4hrede RWE &#8211; Dead Planet Award von Sabine Scherbaum (Netzwerk Lebenslaute):<\/p>\n<blockquote><p><em>&#8222;In Lateinamerika f\u00fchrt RWE mit dem Kohleabbau einen Krieg gegen Menschen&#8220;<\/em><br \/>\n<em>&#8222;Die Verantwortlichen von RWE gehen f\u00fcr die Profite skrupellos vor&#8220;<\/em><\/p><\/blockquote>\n<p>Laudatio f\u00fcr Aminata Dramane Traor\u00e9 \u2013 Blue Planet Award von Tobias Pfl\u00fcger (Informationsstelle Militarisierung, stv. Parteivorsitzender DIE LINKE):<\/p>\n<blockquote><p><em>&#8222;Aminata Dramane Traor\u00e9 ist eine Ikone des internationalen Widerstands&#8230; Mit ihren B\u00fcchern, Vortr\u00e4gen, selbst mit einem Auftritt im Film Bamako, einer politischen Dokumentation, setzt sie sich f\u00fcr ihre \u00dcberzeugung ein, dass eine andere Welt m\u00f6glich ist \u2013 eine Botschaft, der sie nicht zuletzt auch mit ihren farbenpr\u00e4chtigen Bubus Ausdruck verleiht, dem afrikanischen Symbol der Selbstbehauptung in einer Welt, in der die neoliberale Dampfwalze alles niederzurei\u00dfen droht.&#8220;<\/em><\/p><\/blockquote>\n<p><em>Der\u00a0vollst\u00e4ndige Text der Laudatio findet sich unter <a href=\"http:\/\/www.ethecon.org\" target=\"_blank\" rel=\"noopener\">www.ethecon.org<\/a><\/em><\/p>\n<p>Gru\u00dfwort Christine Buchholz (12 Jahre im Bundestag f\u00fcr DIE LINKE, von Beginn an gegen den Mali-Krieg der deutschen Bundeswehr):<\/p>\n<blockquote><p><em>&#8222;Frieden und Demokratie k\u00f6nnen nicht von au\u00dfen gebracht und schon gar nicht herbeigebombt werden. Die Stimmen von Aminata und vielen anderen Akteuren der malischen Zivilgesellschaft und Linken ist so wichtig. Sie sind zentral f\u00fcr Frieden und Gerechtigkeit in Mali. Ihre Perspektive in den politischen Diskurs in Deutschland zu tragen ist wichtig.&#8220;<\/em><\/p><\/blockquote>\n<p>Aminata Dramane Traor\u00e9: <strong><br \/>\n<\/strong><\/p>\n<blockquote><p><em>&#8222;Der Antiterrorkrieg hat &#8211; wie in Afghanistan &#8211; nicht zu Frieden und Vers\u00f6hnung gef\u00fchrt, sondern zu neuem Hass. Terror l\u00e4sst sich nicht mit Krieg bek\u00e4mpfen. Mali wird gedem\u00fctigt. Wir werden Zeuge der Militarisierung der Gesellschaft&#8220;<br \/>\n<\/em>&#8222;Die Militarisierung als Antwort auf das Scheitern des neoliberalen Modells in meinem Land ist die Entscheidung, gegen die ich protestiere&#8220;<\/p><\/blockquote>\n<p><em>Die Dankesrede von Aminata Dramane Traor\u00e9\u00a0erscheint in K\u00fcrze online unter <a href=\"http:\/\/www.ethecon.org\" target=\"_blank\" rel=\"noopener\">www.ethecon.org<\/a><\/em><\/p>\n<h3><strong>Die Awards<\/strong><\/h3>\n<p>Einmal im Jahr verleiht ethecon seine internationalen Awards im Rahmen einer \u00f6ffentlichen Veranstaltung. Der Internationale ethecon Blue Planet Award ehrt herausragende pers\u00f6nliche Leistung f\u00fcr den Schutz und die Bewahrung des Blauen Planeten, der Internationale Dead Planet Award schm\u00e4ht schockierende pers\u00f6nliche Verantwortung f\u00fcr die Gef\u00e4hrdung und den Ruin unseres Blauen Planeten hin zu einem toten, unbewohnbaren Planeten. Zum ersten Mal in der Geschichte des Schm\u00e4hpreises steht 2021 ein Kanzlerkandidat am Pranger.<\/p>\n<h3><strong>Begr\u00fcndungen<\/strong><\/h3>\n<p>Der Internationale ethecon Blue Planet Award 2021 ehrt den Einsatz der malischen Menschenrechts- und Friedensaktivistin Aminata Dramane Traor\u00e9. Zu Begr\u00fcndung &amp; Hintergrund der Entscheidung <a href=\"http:\/\/www.ethecon.org\" target=\"_blank\" rel=\"noopener\">www.ethecon.org<\/a>:<\/p>\n<ul>\n<li><u><a href=\"https:\/\/www.ethecon.org\/wp-content\/uploads\/2021\/11\/211116-Begruendung-Blue-PA-de_korr.pdf\" target=\"_blank\" rel=\"noopener\">Begr\u00fcndung Blue Planet Award 2021 deutsch<\/a><\/u><\/li>\n<li><u><a href=\"https:\/\/www.ethecon.org\/wp-content\/uploads\/2021\/10\/211115-Hintergrund-Blue-PA-2021-Traore-de.pdf\" target=\"_blank\" rel=\"noopener\">Hintergrund Blue Planet Award 2021 Traor\u00e9 de<\/a><\/u><\/li>\n<li><u><a href=\"https:\/\/www.ethecon.org\/wp-content\/uploads\/2021\/10\/211115-Hintergrund-Blue-PA-2021-Traore-en.pdf\" target=\"_blank\" rel=\"noopener\">Background Information Blue Planet Award 2021 Traor\u00e9 en<\/a><\/u><\/li>\n<\/ul>\n<p>Der Internationale ethecon Dead Planet Award 2021 stellt Markus Krebber (Vorsitzender des Vorstands), Werner Brandt (Vorsitzender des Aufsichtsrats), Larry Fink (CEO Gro\u00dfaktion\u00e4r BLACKROCK) und Armin Laschet (Ministerpr\u00e4sident NRW) des Kohle- und Atomstromkonzerns RWE AG (Deutschland) \u00f6ffentlich an den Pranger. Zu Begr\u00fcndung\u00a0&amp; Hintergrund der Entscheidung <a href=\"http:\/\/www.ethecon.org\" target=\"_blank\" rel=\"noopener\">www.ethecon.org<\/a>:<\/p>\n<ul>\n<li><u><a href=\"https:\/\/www.ethecon.org\/wp-content\/uploads\/2021\/11\/210919-Begruendung-Dead-PA-de-final.pdf\" target=\"_blank\" rel=\"noopener\">Begr\u00fcndung Dead Planet Award 2021 deutsch<\/a><\/u><\/li>\n<li><u><a href=\"https:\/\/www.ethecon.org\/wp-content\/uploads\/2021\/10\/211115-Hintergrund-Dead-PA-RWE-2021-de.pdf\" target=\"_blank\" rel=\"noopener\">Hintergrund Dead Planet Award RWE 2021 de<\/a><\/u><\/li>\n<li><u><a href=\"https:\/\/www.ethecon.org\/wp-content\/uploads\/2021\/11\/211115-Offener-Brief-Dead-PA-2021-RWE-de.pdf\" target=\"_blank\" rel=\"noopener\">Offener Brief Dead Planet Award 2021 RWE de<\/a><\/u><\/li>\n<\/ul>\n","protected":false},"excerpt":{"rendered":"<p>ethecon ehrte am Samstag die malische Menschenrechts- und Friedensativistin Aminata Dramane Traor\u00e9 mit dem Internationalen ethecon Blue Planet Award 2021 und stellte, stellvertretend f\u00fcr die Vorst\u00e4nde und Gro\u00dfaktion\u00e4re des Braunkohle-Konzerns RWE, (Ex-)Ministerpr\u00e4sident Armin Laschet, BLACKROCK-CEO Larry Fink, den Vorstandsvorsitzenden Markus&hellip;<\/p>\n","protected":false},"author":1095,"featured_media":1475133,"comment_status":"closed","ping_status":"closed","sticky":false,"template":"","format":"standard","meta":{"footnotes":""},"categories":[7835,9161,9157,9145],"tags":[96964,18822,57199,18336,84809,84808,69601,25035],"class_list":["post-1475116","post","type-post","status-publish","format-standard","has-post-thumbnail","hentry","category-international-de","category-menschenrechte","category-oekologie-und-umwelt","category-pressemitteilungen","tag-aminata-dramane-traore","tag-armin-laschet","tag-blackrock-de","tag-blue-planet-award","tag-dead-planet-award","tag-ethecon-award","tag-larry-fink","tag-rwe"],"yoast_head":"<!-- This site is optimized with the Yoast SEO plugin v27.1.1 - https:\/\/yoast.com\/product\/yoast-seo-wordpress\/ -->\n<title>Internationale ethecon Awards verliehen &quot;Eine Frau, die gegen einen M\u00e4nnerkrieg aufsteht&quot;<\/title>\n<meta name=\"description\" content=\"ethecon ehrte am Samstag die malische Menschenrechts- und Friedensativistin Aminata Dramane Traor\u00e9 mit dem Internationalen ethecon Blue Planet Award 2021\" \/>\n<meta name=\"robots\" content=\"index, follow, max-snippet:-1, max-image-preview:large, max-video-preview:-1\" \/>\n<link rel=\"canonical\" href=\"https:\/\/www.pressenza.com\/de\/2021\/11\/internationale-ethecon-awards-verliehen-eine-frau-die-gegen-einen-maennerkrieg-aufsteht\/\" \/>\n<meta property=\"og:locale\" content=\"de_DE\" \/>\n<meta property=\"og:type\" content=\"article\" \/>\n<meta property=\"og:title\" content=\"Internationale ethecon Awards verliehen &quot;Eine Frau, die gegen einen M\u00e4nnerkrieg aufsteht&quot;\" \/>\n<meta property=\"og:description\" content=\"ethecon ehrte am Samstag die malische Menschenrechts- und Friedensativistin Aminata Dramane Traor\u00e9 mit dem Internationalen ethecon Blue Planet Award 2021\" \/>\n<meta property=\"og:url\" content=\"https:\/\/www.pressenza.com\/de\/2021\/11\/internationale-ethecon-awards-verliehen-eine-frau-die-gegen-einen-maennerkrieg-aufsteht\/\" \/>\n<meta property=\"og:site_name\" content=\"Pressenza\" \/>\n<meta property=\"article:publisher\" content=\"https:\/\/www.facebook.com\/PressenzaItalia\" \/>\n<meta property=\"article:author\" content=\"https:\/\/www.facebook.com\/Pressenza-Deutschland-sterreich-Schweiz-281675388658060\/timeline\/\" \/>\n<meta property=\"article:published_time\" content=\"2021-11-21T10:25:03+00:00\" \/>\n<meta property=\"og:image\" content=\"https:\/\/www.pressenza.com\/wp-content\/uploads\/2021\/11\/ethecon_awards_2021.jpg\" \/>\n\t<meta property=\"og:image:width\" content=\"820\" \/>\n\t<meta property=\"og:image:height\" content=\"504\" \/>\n\t<meta property=\"og:image:type\" content=\"image\/jpeg\" \/>\n<meta name=\"author\" content=\"Pressenza Berlin\" \/>\n<meta name=\"twitter:card\" content=\"summary_large_image\" \/>\n<meta name=\"twitter:creator\" content=\"@pressenza_ger\" \/>\n<meta name=\"twitter:site\" content=\"@PressenzaIPA\" \/>\n<meta name=\"twitter:label1\" content=\"Verfasst von\" \/>\n\t<meta name=\"twitter:data1\" content=\"Pressenza Berlin\" \/>\n\t<meta name=\"twitter:label2\" content=\"Gesch\u00e4tzte Lesezeit\" \/>\n\t<meta name=\"twitter:data2\" content=\"4\u00a0Minuten\" \/>\n<script type=\"application\/ld+json\" class=\"yoast-schema-graph\">{\"@context\":\"https:\/\/schema.org\",\"@graph\":[{\"@type\":\"Article\",\"@id\":\"https:\/\/www.pressenza.com\/de\/2021\/11\/internationale-ethecon-awards-verliehen-eine-frau-die-gegen-einen-maennerkrieg-aufsteht\/#article\",\"isPartOf\":{\"@id\":\"https:\/\/www.pressenza.com\/de\/2021\/11\/internationale-ethecon-awards-verliehen-eine-frau-die-gegen-einen-maennerkrieg-aufsteht\/\"},\"author\":{\"name\":\"Pressenza Berlin\",\"@id\":\"https:\/\/www.pressenza.com\/de\/#\/schema\/person\/57bb5480943a496a7722b0248e4b658a\"},\"headline\":\"Internationale ethecon Awards verliehen &#8222;Eine Frau, die gegen einen M\u00e4nnerkrieg aufsteht&#8220;\",\"datePublished\":\"2021-11-21T10:25:03+00:00\",\"mainEntityOfPage\":{\"@id\":\"https:\/\/www.pressenza.com\/de\/2021\/11\/internationale-ethecon-awards-verliehen-eine-frau-die-gegen-einen-maennerkrieg-aufsteht\/\"},\"wordCount\":721,\"publisher\":{\"@id\":\"https:\/\/www.pressenza.com\/de\/#organization\"},\"image\":{\"@id\":\"https:\/\/www.pressenza.com\/de\/2021\/11\/internationale-ethecon-awards-verliehen-eine-frau-die-gegen-einen-maennerkrieg-aufsteht\/#primaryimage\"},\"thumbnailUrl\":\"https:\/\/www.pressenza.com\/wp-content\/uploads\/2021\/11\/ethecon_awards_2021.jpg\",\"keywords\":[\"Aminata Dramane Traor\u00e9\",\"Armin Laschet\",\"BlackRock\",\"Blue Planet Award\",\"Dead Planet Award\",\"Ethecon Award\",\"Larry Fink\",\"RWE\"],\"articleSection\":[\"International\",\"Menschenrechte\",\"\u00d6kologie und Umwelt\",\"Pressemitteilungen\"],\"inLanguage\":\"de\"},{\"@type\":\"WebPage\",\"@id\":\"https:\/\/www.pressenza.com\/de\/2021\/11\/internationale-ethecon-awards-verliehen-eine-frau-die-gegen-einen-maennerkrieg-aufsteht\/\",\"url\":\"https:\/\/www.pressenza.com\/de\/2021\/11\/internationale-ethecon-awards-verliehen-eine-frau-die-gegen-einen-maennerkrieg-aufsteht\/\",\"name\":\"Internationale ethecon Awards verliehen \\\"Eine Frau, die gegen einen M\u00e4nnerkrieg aufsteht\\\"\",\"isPartOf\":{\"@id\":\"https:\/\/www.pressenza.com\/de\/#website\"},\"primaryImageOfPage\":{\"@id\":\"https:\/\/www.pressenza.com\/de\/2021\/11\/internationale-ethecon-awards-verliehen-eine-frau-die-gegen-einen-maennerkrieg-aufsteht\/#primaryimage\"},\"image\":{\"@id\":\"https:\/\/www.pressenza.com\/de\/2021\/11\/internationale-ethecon-awards-verliehen-eine-frau-die-gegen-einen-maennerkrieg-aufsteht\/#primaryimage\"},\"thumbnailUrl\":\"https:\/\/www.pressenza.com\/wp-content\/uploads\/2021\/11\/ethecon_awards_2021.jpg\",\"datePublished\":\"2021-11-21T10:25:03+00:00\",\"description\":\"ethecon ehrte am Samstag die malische Menschenrechts- und Friedensativistin Aminata Dramane Traor\u00e9 mit dem Internationalen ethecon Blue Planet Award 2021\",\"breadcrumb\":{\"@id\":\"https:\/\/www.pressenza.com\/de\/2021\/11\/internationale-ethecon-awards-verliehen-eine-frau-die-gegen-einen-maennerkrieg-aufsteht\/#breadcrumb\"},\"inLanguage\":\"de\",\"potentialAction\":[{\"@type\":\"ReadAction\",\"target\":[\"https:\/\/www.pressenza.com\/de\/2021\/11\/internationale-ethecon-awards-verliehen-eine-frau-die-gegen-einen-maennerkrieg-aufsteht\/\"]}]},{\"@type\":\"ImageObject\",\"inLanguage\":\"de\",\"@id\":\"https:\/\/www.pressenza.com\/de\/2021\/11\/internationale-ethecon-awards-verliehen-eine-frau-die-gegen-einen-maennerkrieg-aufsteht\/#primaryimage\",\"url\":\"https:\/\/www.pressenza.com\/wp-content\/uploads\/2021\/11\/ethecon_awards_2021.jpg\",\"contentUrl\":\"https:\/\/www.pressenza.com\/wp-content\/uploads\/2021\/11\/ethecon_awards_2021.jpg\",\"width\":820,\"height\":504,\"caption\":\"Internationale ethecon Awards verliehen \u201eEine Frau, die gegen einen M\u00e4nnerkrieg aufsteht\u201c\"},{\"@type\":\"BreadcrumbList\",\"@id\":\"https:\/\/www.pressenza.com\/de\/2021\/11\/internationale-ethecon-awards-verliehen-eine-frau-die-gegen-einen-maennerkrieg-aufsteht\/#breadcrumb\",\"itemListElement\":[{\"@type\":\"ListItem\",\"position\":1,\"name\":\"Accueil\",\"item\":\"https:\/\/www.pressenza.com\/de\/\"},{\"@type\":\"ListItem\",\"position\":2,\"name\":\"Internationale ethecon Awards verliehen &#8222;Eine Frau, die gegen einen M\u00e4nnerkrieg aufsteht&#8220;\"}]},{\"@type\":\"WebSite\",\"@id\":\"https:\/\/www.pressenza.com\/de\/#website\",\"url\":\"https:\/\/www.pressenza.com\/de\/\",\"name\":\"Pressenza\",\"description\":\"International Press Agency\",\"publisher\":{\"@id\":\"https:\/\/www.pressenza.com\/de\/#organization\"},\"potentialAction\":[{\"@type\":\"SearchAction\",\"target\":{\"@type\":\"EntryPoint\",\"urlTemplate\":\"https:\/\/www.pressenza.com\/de\/?s={search_term_string}\"},\"query-input\":{\"@type\":\"PropertyValueSpecification\",\"valueRequired\":true,\"valueName\":\"search_term_string\"}}],\"inLanguage\":\"de\"},{\"@type\":\"Organization\",\"@id\":\"https:\/\/www.pressenza.com\/de\/#organization\",\"name\":\"Pressenza\",\"url\":\"https:\/\/www.pressenza.com\/de\/\",\"logo\":{\"@type\":\"ImageObject\",\"inLanguage\":\"de\",\"@id\":\"https:\/\/www.pressenza.com\/de\/#\/schema\/logo\/image\/\",\"url\":\"https:\/\/www.pressenza.com\/wp-content\/uploads\/2022\/10\/pressenza_logo_200x200.jpg\",\"contentUrl\":\"https:\/\/www.pressenza.com\/wp-content\/uploads\/2022\/10\/pressenza_logo_200x200.jpg\",\"width\":200,\"height\":200,\"caption\":\"Pressenza\"},\"image\":{\"@id\":\"https:\/\/www.pressenza.com\/de\/#\/schema\/logo\/image\/\"},\"sameAs\":[\"https:\/\/www.facebook.com\/PressenzaItalia\",\"https:\/\/x.com\/PressenzaIPA\"]},{\"@type\":\"Person\",\"@id\":\"https:\/\/www.pressenza.com\/de\/#\/schema\/person\/57bb5480943a496a7722b0248e4b658a\",\"name\":\"Pressenza Berlin\",\"description\":\"News from the Pressenza Bureau in Berlin, Germany\",\"sameAs\":[\"https:\/\/www.facebook.com\/Pressenza-Deutschland-sterreich-Schweiz-281675388658060\/timeline\/\",\"https:\/\/x.com\/pressenza_ger\"],\"url\":\"https:\/\/www.pressenza.com\/de\/author\/pressenza-berlin\/\"}]}<\/script>\n<!-- \/ Yoast SEO plugin. -->","yoast_head_json":{"title":"Internationale ethecon Awards verliehen \"Eine Frau, die gegen einen M\u00e4nnerkrieg aufsteht\"","description":"ethecon ehrte am Samstag die malische Menschenrechts- und Friedensativistin Aminata Dramane Traor\u00e9 mit dem Internationalen ethecon Blue Planet Award 2021","robots":{"index":"index","follow":"follow","max-snippet":"max-snippet:-1","max-image-preview":"max-image-preview:large","max-video-preview":"max-video-preview:-1"},"canonical":"https:\/\/www.pressenza.com\/de\/2021\/11\/internationale-ethecon-awards-verliehen-eine-frau-die-gegen-einen-maennerkrieg-aufsteht\/","og_locale":"de_DE","og_type":"article","og_title":"Internationale ethecon Awards verliehen \"Eine Frau, die gegen einen M\u00e4nnerkrieg aufsteht\"","og_description":"ethecon ehrte am Samstag die malische Menschenrechts- und Friedensativistin Aminata Dramane Traor\u00e9 mit dem Internationalen ethecon Blue Planet Award 2021","og_url":"https:\/\/www.pressenza.com\/de\/2021\/11\/internationale-ethecon-awards-verliehen-eine-frau-die-gegen-einen-maennerkrieg-aufsteht\/","og_site_name":"Pressenza","article_publisher":"https:\/\/www.facebook.com\/PressenzaItalia","article_author":"https:\/\/www.facebook.com\/Pressenza-Deutschland-sterreich-Schweiz-281675388658060\/timeline\/","article_published_time":"2021-11-21T10:25:03+00:00","og_image":[{"width":820,"height":504,"url":"https:\/\/www.pressenza.com\/wp-content\/uploads\/2021\/11\/ethecon_awards_2021.jpg","type":"image\/jpeg"}],"author":"Pressenza Berlin","twitter_card":"summary_large_image","twitter_creator":"@pressenza_ger","twitter_site":"@PressenzaIPA","twitter_misc":{"Verfasst von":"Pressenza Berlin","Gesch\u00e4tzte Lesezeit":"4\u00a0Minuten"},"schema":{"@context":"https:\/\/schema.org","@graph":[{"@type":"Article","@id":"https:\/\/www.pressenza.com\/de\/2021\/11\/internationale-ethecon-awards-verliehen-eine-frau-die-gegen-einen-maennerkrieg-aufsteht\/#article","isPartOf":{"@id":"https:\/\/www.pressenza.com\/de\/2021\/11\/internationale-ethecon-awards-verliehen-eine-frau-die-gegen-einen-maennerkrieg-aufsteht\/"},"author":{"name":"Pressenza Berlin","@id":"https:\/\/www.pressenza.com\/de\/#\/schema\/person\/57bb5480943a496a7722b0248e4b658a"},"headline":"Internationale ethecon Awards verliehen &#8222;Eine Frau, die gegen einen M\u00e4nnerkrieg aufsteht&#8220;","datePublished":"2021-11-21T10:25:03+00:00","mainEntityOfPage":{"@id":"https:\/\/www.pressenza.com\/de\/2021\/11\/internationale-ethecon-awards-verliehen-eine-frau-die-gegen-einen-maennerkrieg-aufsteht\/"},"wordCount":721,"publisher":{"@id":"https:\/\/www.pressenza.com\/de\/#organization"},"image":{"@id":"https:\/\/www.pressenza.com\/de\/2021\/11\/internationale-ethecon-awards-verliehen-eine-frau-die-gegen-einen-maennerkrieg-aufsteht\/#primaryimage"},"thumbnailUrl":"https:\/\/www.pressenza.com\/wp-content\/uploads\/2021\/11\/ethecon_awards_2021.jpg","keywords":["Aminata Dramane Traor\u00e9","Armin Laschet","BlackRock","Blue Planet Award","Dead Planet Award","Ethecon Award","Larry Fink","RWE"],"articleSection":["International","Menschenrechte","\u00d6kologie und Umwelt","Pressemitteilungen"],"inLanguage":"de"},{"@type":"WebPage","@id":"https:\/\/www.pressenza.com\/de\/2021\/11\/internationale-ethecon-awards-verliehen-eine-frau-die-gegen-einen-maennerkrieg-aufsteht\/","url":"https:\/\/www.pressenza.com\/de\/2021\/11\/internationale-ethecon-awards-verliehen-eine-frau-die-gegen-einen-maennerkrieg-aufsteht\/","name":"Internationale ethecon Awards verliehen \"Eine Frau, die gegen einen M\u00e4nnerkrieg aufsteht\"","isPartOf":{"@id":"https:\/\/www.pressenza.com\/de\/#website"},"primaryImageOfPage":{"@id":"https:\/\/www.pressenza.com\/de\/2021\/11\/internationale-ethecon-awards-verliehen-eine-frau-die-gegen-einen-maennerkrieg-aufsteht\/#primaryimage"},"image":{"@id":"https:\/\/www.pressenza.com\/de\/2021\/11\/internationale-ethecon-awards-verliehen-eine-frau-die-gegen-einen-maennerkrieg-aufsteht\/#primaryimage"},"thumbnailUrl":"https:\/\/www.pressenza.com\/wp-content\/uploads\/2021\/11\/ethecon_awards_2021.jpg","datePublished":"2021-11-21T10:25:03+00:00","description":"ethecon ehrte am Samstag die malische Menschenrechts- und Friedensativistin Aminata Dramane Traor\u00e9 mit dem Internationalen ethecon Blue Planet Award 2021","breadcrumb":{"@id":"https:\/\/www.pressenza.com\/de\/2021\/11\/internationale-ethecon-awards-verliehen-eine-frau-die-gegen-einen-maennerkrieg-aufsteht\/#breadcrumb"},"inLanguage":"de","potentialAction":[{"@type":"ReadAction","target":["https:\/\/www.pressenza.com\/de\/2021\/11\/internationale-ethecon-awards-verliehen-eine-frau-die-gegen-einen-maennerkrieg-aufsteht\/"]}]},{"@type":"ImageObject","inLanguage":"de","@id":"https:\/\/www.pressenza.com\/de\/2021\/11\/internationale-ethecon-awards-verliehen-eine-frau-die-gegen-einen-maennerkrieg-aufsteht\/#primaryimage","url":"https:\/\/www.pressenza.com\/wp-content\/uploads\/2021\/11\/ethecon_awards_2021.jpg","contentUrl":"https:\/\/www.pressenza.com\/wp-content\/uploads\/2021\/11\/ethecon_awards_2021.jpg","width":820,"height":504,"caption":"Internationale ethecon Awards verliehen \u201eEine Frau, die gegen einen M\u00e4nnerkrieg aufsteht\u201c"},{"@type":"BreadcrumbList","@id":"https:\/\/www.pressenza.com\/de\/2021\/11\/internationale-ethecon-awards-verliehen-eine-frau-die-gegen-einen-maennerkrieg-aufsteht\/#breadcrumb","itemListElement":[{"@type":"ListItem","position":1,"name":"Accueil","item":"https:\/\/www.pressenza.com\/de\/"},{"@type":"ListItem","position":2,"name":"Internationale ethecon Awards verliehen &#8222;Eine Frau, die gegen einen M\u00e4nnerkrieg aufsteht&#8220;"}]},{"@type":"WebSite","@id":"https:\/\/www.pressenza.com\/de\/#website","url":"https:\/\/www.pressenza.com\/de\/","name":"Pressenza","description":"International Press Agency","publisher":{"@id":"https:\/\/www.pressenza.com\/de\/#organization"},"potentialAction":[{"@type":"SearchAction","target":{"@type":"EntryPoint","urlTemplate":"https:\/\/www.pressenza.com\/de\/?s={search_term_string}"},"query-input":{"@type":"PropertyValueSpecification","valueRequired":true,"valueName":"search_term_string"}}],"inLanguage":"de"},{"@type":"Organization","@id":"https:\/\/www.pressenza.com\/de\/#organization","name":"Pressenza","url":"https:\/\/www.pressenza.com\/de\/","logo":{"@type":"ImageObject","inLanguage":"de","@id":"https:\/\/www.pressenza.com\/de\/#\/schema\/logo\/image\/","url":"https:\/\/www.pressenza.com\/wp-content\/uploads\/2022\/10\/pressenza_logo_200x200.jpg","contentUrl":"https:\/\/www.pressenza.com\/wp-content\/uploads\/2022\/10\/pressenza_logo_200x200.jpg","width":200,"height":200,"caption":"Pressenza"},"image":{"@id":"https:\/\/www.pressenza.com\/de\/#\/schema\/logo\/image\/"},"sameAs":["https:\/\/www.facebook.com\/PressenzaItalia","https:\/\/x.com\/PressenzaIPA"]},{"@type":"Person","@id":"https:\/\/www.pressenza.com\/de\/#\/schema\/person\/57bb5480943a496a7722b0248e4b658a","name":"Pressenza Berlin","description":"News from the Pressenza Bureau in Berlin, Germany","sameAs":["https:\/\/www.facebook.com\/Pressenza-Deutschland-sterreich-Schweiz-281675388658060\/timeline\/","https:\/\/x.com\/pressenza_ger"],"url":"https:\/\/www.pressenza.com\/de\/author\/pressenza-berlin\/"}]}},"place":"","original_article_url":"","_links":{"self":[{"href":"https:\/\/www.pressenza.com\/de\/wp-json\/wp\/v2\/posts\/1475116","targetHints":{"allow":["GET"]}}],"collection":[{"href":"https:\/\/www.pressenza.com\/de\/wp-json\/wp\/v2\/posts"}],"about":[{"href":"https:\/\/www.pressenza.com\/de\/wp-json\/wp\/v2\/types\/post"}],"author":[{"embeddable":true,"href":"https:\/\/www.pressenza.com\/de\/wp-json\/wp\/v2\/users\/1095"}],"replies":[{"embeddable":true,"href":"https:\/\/www.pressenza.com\/de\/wp-json\/wp\/v2\/comments?post=1475116"}],"version-history":[{"count":0,"href":"https:\/\/www.pressenza.com\/de\/wp-json\/wp\/v2\/posts\/1475116\/revisions"}],"wp:featuredmedia":[{"embeddable":true,"href":"https:\/\/www.pressenza.com\/de\/wp-json\/wp\/v2\/media\/1475133"}],"wp:attachment":[{"href":"https:\/\/www.pressenza.com\/de\/wp-json\/wp\/v2\/media?parent=1475116"}],"wp:term":[{"taxonomy":"category","embeddable":true,"href":"https:\/\/www.pressenza.com\/de\/wp-json\/wp\/v2\/categories?post=1475116"},{"taxonomy":"post_tag","embeddable":true,"href":"https:\/\/www.pressenza.com\/de\/wp-json\/wp\/v2\/tags?post=1475116"}],"curies":[{"name":"wp","href":"https:\/\/api.w.org\/{rel}","templated":true}]}}