{"id":1474587,"date":"2021-11-20T17:50:45","date_gmt":"2021-11-20T17:50:45","guid":{"rendered":"https:\/\/www.pressenza.com\/?p=1474587"},"modified":"2021-11-20T18:10:00","modified_gmt":"2021-11-20T18:10:00","slug":"und-der-zukunft-zugewandt","status":"publish","type":"post","link":"https:\/\/www.pressenza.com\/de\/2021\/11\/und-der-zukunft-zugewandt\/","title":{"rendered":"\u201e\u2026 und der Zukunft zugewandt\u201c"},"content":{"rendered":"<p><strong>Mit heftigen Drohungen des Pr\u00e4sidenten Biden auf dem G7-Gipfel 2021 in Gro\u00dfbritannien und auf den beiden letzten NATO-Tagungen wurde die Volksrepublik China zum Hauptfeind der westlichen Welt erkl\u00e4rt. B\u00f6se Erinnerung an das Wettr\u00fcsten Mitte des 20. Jahrhunderts kamen auf.<\/strong><\/p>\n<p>Die Nachricht vom 16. November dieses Jahres, dass die Pr\u00e4sidenten Joe Biden und Xi Jinping online\u00a0 \u00fcber drei Stunden miteinander gesprochen haben, war f\u00fcr die Zukunftsvision wohltuend. Die Weltb\u00f6rsen haben positiv reagiert.<\/p>\n<p>In der Zeit einer weltweiten Klimabedrohung haben die Pr\u00e4sidenten der beiden gr\u00f6\u00dften Volkswirtschaften ihre Hauptdifferenzen benannt und erkl\u00e4rt, dass sie kein weiteres Chaos in der Welt w\u00fcnschen. Pr\u00e4sident Biden sieht in sechs Politikbereichen bilaterale Probleme im Verh\u00e4ltnis zu China. Einer der Bereiche ber\u00fchrt den wirtschaftlichen Wettbewerb als direkte Schnittstelle zwischen beiden L\u00e4ndern. Biden formulierte seine Position so: \u201eAmerikanische Arbeitnehmer und die Industrie m\u00fcssen vor unfairen Handels- und Wirtschaftspraktiken gesch\u00fctzt werden\u201c.<\/p>\n<p>Im Klartext meint er die jahrelangen chinesischen Export\u00fcbersch\u00fcsse in den bilateralen Handelsbeziehungen. In der Folge haben sich die USA immens an China verschuldet und das Land leidet auch im Binnenmarkt unter der chinesischen Konkurrenz. Die Auslastung der Betriebe nahm ab und die Arbeitslosigkeit der amerikanischen Bev\u00f6lkerung stieg. Die W\u00e4hrungsparit\u00e4ten des Yuan zum US-Dollar k\u00f6nnen einseitig nicht ohne Weiteres ver\u00e4ndert werden, um die Wirkungen aus den Handels\u00fcbersch\u00fcssen abzumildern. Die Wettbewerbsf\u00e4higkeit der USA hat in einigen Bereichen z\u00e4hlbar nachgelassen.<\/p>\n<p>Die Ursachen f\u00fcr den chinesischen Handelserfolg sind vielf\u00e4ltig, sie liegen insbesondere in den niedrigen Arbeitskosten Chinas, die wiederum mit den niedrigen allgemeinen Lebenskosten in Verbindung stehen. China hat neben der staatlichen Planung und der Neuordnung des produktiven Eigentums, mit der Anwendung bisher nicht \u00fcblicher wirtschaftlich-technologischer Elemente der kapitalistischen Ordnung in der Betriebs- und Volkswirtschaft (Joint-Venture, B\u00f6rsen u.a.) seinen gegenw\u00e4rtigen hohen Entwicklungsstand erreicht und in den Bereichen der Datenverarbeitung und \u00dcbermittlung sogar Weltspitzenpl\u00e4tze eingenommen (Digitalisierung, G5-Technologie, KI). Die partizipative Demokratie blieb unvermindert erhalten.<\/p>\n<p>Die Volksrepublik China nimmt in der internationalen Handelspolitik eigentlich nur ihr Recht in Anspruch, den Marktwettbewerb mit seinen eigenen Bedingungen zu nutzen. Im allgemeinen Sprachgebrauch ist der Markt die heilige Kuh des Kapitalismus, die aber im Sozialismus nicht verschwindet. M\u00e4rkte sind ambivalent.<\/p>\n<p>Mit dem Investitionsprojekt der neuen Seidenstra\u00dfe tr\u00e4gt die Volksrepublik China aktiv zur Entwicklung der internationalen Arbeitsteilung zugunsten der Partnerl\u00e4nder bei. Das sozialistische Prinzip, zum gegenseitigen Vorteil zusammenzuarbeiten (Win-Win) ist erfolgreich.<\/p>\n<p>Der zweite Bereich, den Biden kritisch sieht, sind die Menschenrechte, ohne genau zu formulieren, ob er die Rechte der Charta von 1948 meint oder die spezifischen Menschenrechte gem\u00e4\u00df des Internationalen Pakts \u00fcber die wirtschaftlichen, sozialen und kulturellen Menschenrechte der UNO von 1966 (in Kraft getreten 1976). Beide L\u00e4nder haben unterschiedliche Defizite bei den Rechten auf Arbeit, auf Leben und Freiheit, auf Gleichheit, Selbstbestimmung etc. Beim Vergleich der Verfassungen macht sich Nachdenklichkeit breit, wie schwach die Menschenrechte im Grunddokument der USA und bei den anderen G7-L\u00e4ndern Eingang gefunden haben.<\/p>\n<p>Der amerikanische Pr\u00e4sident sorgte sich im Gespr\u00e4ch weiter um die Volksgruppen der Uiguren, Tibetaner, Taiwaner und um die chinesische Bev\u00f6lkerung, die in Hongkong lebt (Berliner Zeitung 17.11.2021). Die chinesische Verfassung formuliert Staatspflichten zur Achtung der Gleichberechtigung aller Volksgruppen, sowie zur Entwicklung der Lebensverh\u00e4ltnisse aller. Die staatlichen Statistiken belegen, dass die Volksrepublik China seit ihrer Gr\u00fcndung 1949 im praktischen Leben beispielhafte Entwicklungen in den Hauptbereichen Ern\u00e4hrung, Gesundheit, Bildung, Wissenschaft, Wirtschaft, Wohnen, Verkehr u.v.a. vollzogen hat. Auch zugunsten der Uiguren und Tibetaner. Mit der Zustimmung der USA und der UNO betrachtet die Volksrepublik China Taiwan als Teil des Mutterlandes, jedoch mit eigenem Gesellschaftssystem. Die kommunale Stadtregierung Hongkongs organisiert das Leben der Bev\u00f6lkerung auf der Grundlage eines Pachtvertrags Chinas mit der ehemaligen Kolonialmacht England, der 1984 auf 50 Jahre verl\u00e4ngert wurde. Einzelheiten betreffen: Teilautonomie, ein Grundgesetz, Weiterf\u00fchrung der B\u00f6rsen, Systemfragen, Reisefreiheiten der Stadtb\u00fcrger und \u00e4hnliche kommunale Rechte. Au\u00dfenpolitik und die Sicherheit obliegen weiterhin der Zentralregierung Chinas (Harenberg, Dortmund, Lexikon der Gegenwart).<\/p>\n<p>Die Hoffnung auf eine humane Zukunft stirbt zuletzt. Sie hat sich beim Holocaust der faschistischen Plattform des deutschen Gro\u00dfb\u00fcrgertums nicht erf\u00fcllt, auch nicht beim Abwurf zweier Atombomben auf bewohnte Gro\u00dfst\u00e4dte in Japan. Auch die Bev\u00f6lkerungen Vietnams und Afghanistans haben unter der Gei\u00dfel des Krieges der gro\u00dfen Kapitalmacht viel Leid erfahren m\u00fcssen.<\/p>\n<p>Hoffnungen sind auf ferne Zeiten der Zukunft gerichtet.<\/p>\n","protected":false},"excerpt":{"rendered":"<p>Mit heftigen Drohungen des Pr\u00e4sidenten Biden auf dem G7-Gipfel 2021 in Gro\u00dfbritannien und auf den beiden letzten NATO-Tagungen wurde die Volksrepublik China zum Hauptfeind der westlichen Welt erkl\u00e4rt. B\u00f6se Erinnerung an das Wettr\u00fcsten Mitte des 20. Jahrhunderts kamen auf. Die&hellip;<\/p>\n","protected":false},"author":1463,"featured_media":1474639,"comment_status":"closed","ping_status":"closed","sticky":false,"template":"","format":"standard","meta":{"footnotes":""},"categories":[9148,9167,9164,9161,9152,11387,9168,9158],"tags":[9221,9255,22228,9838,9767,22227],"class_list":["post-1474587","post","type-post","status-publish","format-standard","has-post-thumbnail","hentry","category-asien","category-frieden-und-abruestung","category-internationale-angelegenheiten","category-menschenrechte","category-nordamerika","category-originalinhalt","category-politik","category-wirtschaft","tag-abrustung","tag-china-de","tag-menschenrechte","tag-uno","tag-usa-de","tag-wirtschaft"],"yoast_head":"<!-- This site is optimized with the Yoast SEO plugin v27.1.1 - https:\/\/yoast.com\/product\/yoast-seo-wordpress\/ -->\n<title>\u201e\u2026 und der Zukunft zugewandt\u201c<\/title>\n<meta name=\"description\" content=\"Mit heftigen Drohungen des Pr\u00e4sidenten Biden auf dem G7-Gipfel 2021 in Gro\u00dfbritannien und auf den beiden letzten NATO-Tagungen wurde die Volksrepublik\" \/>\n<meta name=\"robots\" content=\"index, follow, max-snippet:-1, max-image-preview:large, max-video-preview:-1\" \/>\n<link rel=\"canonical\" href=\"https:\/\/www.pressenza.com\/de\/2021\/11\/und-der-zukunft-zugewandt\/\" \/>\n<meta property=\"og:locale\" content=\"de_DE\" \/>\n<meta property=\"og:type\" content=\"article\" \/>\n<meta property=\"og:title\" content=\"\u201e\u2026 und der Zukunft zugewandt\u201c\" \/>\n<meta property=\"og:description\" content=\"Mit heftigen Drohungen des Pr\u00e4sidenten Biden auf dem G7-Gipfel 2021 in Gro\u00dfbritannien und auf den beiden letzten NATO-Tagungen wurde die Volksrepublik\" \/>\n<meta property=\"og:url\" content=\"https:\/\/www.pressenza.com\/de\/2021\/11\/und-der-zukunft-zugewandt\/\" \/>\n<meta property=\"og:site_name\" content=\"Pressenza\" \/>\n<meta property=\"article:publisher\" content=\"https:\/\/www.facebook.com\/PressenzaItalia\" \/>\n<meta property=\"article:published_time\" content=\"2021-11-20T17:50:45+00:00\" \/>\n<meta property=\"article:modified_time\" content=\"2021-11-20T18:10:00+00:00\" \/>\n<meta property=\"og:image\" content=\"https:\/\/www.pressenza.com\/wp-content\/uploads\/2021\/11\/usa-5255942_1920.png\" \/>\n\t<meta property=\"og:image:width\" content=\"1920\" \/>\n\t<meta property=\"og:image:height\" content=\"1280\" \/>\n\t<meta property=\"og:image:type\" content=\"image\/png\" \/>\n<meta name=\"author\" content=\"G\u00fcnter Buhlke\" \/>\n<meta name=\"twitter:card\" content=\"summary_large_image\" \/>\n<meta name=\"twitter:creator\" content=\"@PressenzaIPA\" \/>\n<meta name=\"twitter:site\" content=\"@PressenzaIPA\" \/>\n<meta name=\"twitter:label1\" content=\"Verfasst von\" \/>\n\t<meta name=\"twitter:data1\" content=\"G\u00fcnter Buhlke\" \/>\n\t<meta name=\"twitter:label2\" content=\"Gesch\u00e4tzte Lesezeit\" \/>\n\t<meta name=\"twitter:data2\" content=\"4\u00a0Minuten\" \/>\n<script type=\"application\/ld+json\" class=\"yoast-schema-graph\">{\"@context\":\"https:\/\/schema.org\",\"@graph\":[{\"@type\":\"Article\",\"@id\":\"https:\/\/www.pressenza.com\/de\/2021\/11\/und-der-zukunft-zugewandt\/#article\",\"isPartOf\":{\"@id\":\"https:\/\/www.pressenza.com\/de\/2021\/11\/und-der-zukunft-zugewandt\/\"},\"author\":{\"name\":\"G\u00fcnter Buhlke\",\"@id\":\"https:\/\/www.pressenza.com\/de\/#\/schema\/person\/e48301baaf10fa4f78dc7566caf225b4\"},\"headline\":\"\u201e\u2026 und der Zukunft zugewandt\u201c\",\"datePublished\":\"2021-11-20T17:50:45+00:00\",\"dateModified\":\"2021-11-20T18:10:00+00:00\",\"mainEntityOfPage\":{\"@id\":\"https:\/\/www.pressenza.com\/de\/2021\/11\/und-der-zukunft-zugewandt\/\"},\"wordCount\":738,\"publisher\":{\"@id\":\"https:\/\/www.pressenza.com\/de\/#organization\"},\"image\":{\"@id\":\"https:\/\/www.pressenza.com\/de\/2021\/11\/und-der-zukunft-zugewandt\/#primaryimage\"},\"thumbnailUrl\":\"https:\/\/www.pressenza.com\/wp-content\/uploads\/2021\/11\/usa-5255942_1920.png\",\"keywords\":[\"Abr\u00fcstung\",\"China\",\"Menschenrechte\",\"Uno\",\"USA\",\"Wirtschaft\"],\"articleSection\":[\"Asien\",\"Frieden und Abr\u00fcstung\",\"Internationale Angelegenheiten\",\"Menschenrechte\",\"Nordamerika\",\"Originalinhalt\",\"Politik\",\"Wirtschaft\"],\"inLanguage\":\"de\"},{\"@type\":\"WebPage\",\"@id\":\"https:\/\/www.pressenza.com\/de\/2021\/11\/und-der-zukunft-zugewandt\/\",\"url\":\"https:\/\/www.pressenza.com\/de\/2021\/11\/und-der-zukunft-zugewandt\/\",\"name\":\"\u201e\u2026 und der Zukunft zugewandt\u201c\",\"isPartOf\":{\"@id\":\"https:\/\/www.pressenza.com\/de\/#website\"},\"primaryImageOfPage\":{\"@id\":\"https:\/\/www.pressenza.com\/de\/2021\/11\/und-der-zukunft-zugewandt\/#primaryimage\"},\"image\":{\"@id\":\"https:\/\/www.pressenza.com\/de\/2021\/11\/und-der-zukunft-zugewandt\/#primaryimage\"},\"thumbnailUrl\":\"https:\/\/www.pressenza.com\/wp-content\/uploads\/2021\/11\/usa-5255942_1920.png\",\"datePublished\":\"2021-11-20T17:50:45+00:00\",\"dateModified\":\"2021-11-20T18:10:00+00:00\",\"description\":\"Mit heftigen Drohungen des Pr\u00e4sidenten Biden auf dem G7-Gipfel 2021 in Gro\u00dfbritannien und auf den beiden letzten NATO-Tagungen wurde die Volksrepublik\",\"breadcrumb\":{\"@id\":\"https:\/\/www.pressenza.com\/de\/2021\/11\/und-der-zukunft-zugewandt\/#breadcrumb\"},\"inLanguage\":\"de\",\"potentialAction\":[{\"@type\":\"ReadAction\",\"target\":[\"https:\/\/www.pressenza.com\/de\/2021\/11\/und-der-zukunft-zugewandt\/\"]}]},{\"@type\":\"ImageObject\",\"inLanguage\":\"de\",\"@id\":\"https:\/\/www.pressenza.com\/de\/2021\/11\/und-der-zukunft-zugewandt\/#primaryimage\",\"url\":\"https:\/\/www.pressenza.com\/wp-content\/uploads\/2021\/11\/usa-5255942_1920.png\",\"contentUrl\":\"https:\/\/www.pressenza.com\/wp-content\/uploads\/2021\/11\/usa-5255942_1920.png\",\"width\":1920,\"height\":1280,\"caption\":\"Symbolbild Beziehung USA und China\"},{\"@type\":\"BreadcrumbList\",\"@id\":\"https:\/\/www.pressenza.com\/de\/2021\/11\/und-der-zukunft-zugewandt\/#breadcrumb\",\"itemListElement\":[{\"@type\":\"ListItem\",\"position\":1,\"name\":\"Accueil\",\"item\":\"https:\/\/www.pressenza.com\/de\/\"},{\"@type\":\"ListItem\",\"position\":2,\"name\":\"\u201e\u2026 und der Zukunft zugewandt\u201c\"}]},{\"@type\":\"WebSite\",\"@id\":\"https:\/\/www.pressenza.com\/de\/#website\",\"url\":\"https:\/\/www.pressenza.com\/de\/\",\"name\":\"Pressenza\",\"description\":\"International Press Agency\",\"publisher\":{\"@id\":\"https:\/\/www.pressenza.com\/de\/#organization\"},\"potentialAction\":[{\"@type\":\"SearchAction\",\"target\":{\"@type\":\"EntryPoint\",\"urlTemplate\":\"https:\/\/www.pressenza.com\/de\/?s={search_term_string}\"},\"query-input\":{\"@type\":\"PropertyValueSpecification\",\"valueRequired\":true,\"valueName\":\"search_term_string\"}}],\"inLanguage\":\"de\"},{\"@type\":\"Organization\",\"@id\":\"https:\/\/www.pressenza.com\/de\/#organization\",\"name\":\"Pressenza\",\"url\":\"https:\/\/www.pressenza.com\/de\/\",\"logo\":{\"@type\":\"ImageObject\",\"inLanguage\":\"de\",\"@id\":\"https:\/\/www.pressenza.com\/de\/#\/schema\/logo\/image\/\",\"url\":\"https:\/\/www.pressenza.com\/wp-content\/uploads\/2022\/10\/pressenza_logo_200x200.jpg\",\"contentUrl\":\"https:\/\/www.pressenza.com\/wp-content\/uploads\/2022\/10\/pressenza_logo_200x200.jpg\",\"width\":200,\"height\":200,\"caption\":\"Pressenza\"},\"image\":{\"@id\":\"https:\/\/www.pressenza.com\/de\/#\/schema\/logo\/image\/\"},\"sameAs\":[\"https:\/\/www.facebook.com\/PressenzaItalia\",\"https:\/\/x.com\/PressenzaIPA\"]},{\"@type\":\"Person\",\"@id\":\"https:\/\/www.pressenza.com\/de\/#\/schema\/person\/e48301baaf10fa4f78dc7566caf225b4\",\"name\":\"G\u00fcnter Buhlke\",\"description\":\"Geboren 1934, Studium an der Humboldtuniversit\u00e4t und der Hochschule f\u00fcr \u00d6konomie Berlin, dipl. Volkswirtschaftler. Internationale Arbeit als Handelsrat in Mexiko und Venezuela. Koordinator f\u00fcr die Wirtschaftsbeziehungen der DDR zu Lateinamerika. Wirtschaftserfahrungen als\u00a0langj\u00e4hriger Leiter des Schweizerischen Instituts f\u00fcr Betriebswirtschaft in Berlin, Vorstand einer Wohnungsgenossenschaft und Referent im Haushaltsausschuss der Volkskammer und des Bundestages. Gegenw\u00e4rtig ehrenamtliche T\u00e4tigkeiten.\",\"url\":\"https:\/\/www.pressenza.com\/de\/author\/guenter-buhlke\/\"}]}<\/script>\n<!-- \/ Yoast SEO plugin. -->","yoast_head_json":{"title":"\u201e\u2026 und der Zukunft zugewandt\u201c","description":"Mit heftigen Drohungen des Pr\u00e4sidenten Biden auf dem G7-Gipfel 2021 in Gro\u00dfbritannien und auf den beiden letzten NATO-Tagungen wurde die Volksrepublik","robots":{"index":"index","follow":"follow","max-snippet":"max-snippet:-1","max-image-preview":"max-image-preview:large","max-video-preview":"max-video-preview:-1"},"canonical":"https:\/\/www.pressenza.com\/de\/2021\/11\/und-der-zukunft-zugewandt\/","og_locale":"de_DE","og_type":"article","og_title":"\u201e\u2026 und der Zukunft zugewandt\u201c","og_description":"Mit heftigen Drohungen des Pr\u00e4sidenten Biden auf dem G7-Gipfel 2021 in Gro\u00dfbritannien und auf den beiden letzten NATO-Tagungen wurde die Volksrepublik","og_url":"https:\/\/www.pressenza.com\/de\/2021\/11\/und-der-zukunft-zugewandt\/","og_site_name":"Pressenza","article_publisher":"https:\/\/www.facebook.com\/PressenzaItalia","article_published_time":"2021-11-20T17:50:45+00:00","article_modified_time":"2021-11-20T18:10:00+00:00","og_image":[{"width":1920,"height":1280,"url":"https:\/\/www.pressenza.com\/wp-content\/uploads\/2021\/11\/usa-5255942_1920.png","type":"image\/png"}],"author":"G\u00fcnter Buhlke","twitter_card":"summary_large_image","twitter_creator":"@PressenzaIPA","twitter_site":"@PressenzaIPA","twitter_misc":{"Verfasst von":"G\u00fcnter Buhlke","Gesch\u00e4tzte Lesezeit":"4\u00a0Minuten"},"schema":{"@context":"https:\/\/schema.org","@graph":[{"@type":"Article","@id":"https:\/\/www.pressenza.com\/de\/2021\/11\/und-der-zukunft-zugewandt\/#article","isPartOf":{"@id":"https:\/\/www.pressenza.com\/de\/2021\/11\/und-der-zukunft-zugewandt\/"},"author":{"name":"G\u00fcnter Buhlke","@id":"https:\/\/www.pressenza.com\/de\/#\/schema\/person\/e48301baaf10fa4f78dc7566caf225b4"},"headline":"\u201e\u2026 und der Zukunft zugewandt\u201c","datePublished":"2021-11-20T17:50:45+00:00","dateModified":"2021-11-20T18:10:00+00:00","mainEntityOfPage":{"@id":"https:\/\/www.pressenza.com\/de\/2021\/11\/und-der-zukunft-zugewandt\/"},"wordCount":738,"publisher":{"@id":"https:\/\/www.pressenza.com\/de\/#organization"},"image":{"@id":"https:\/\/www.pressenza.com\/de\/2021\/11\/und-der-zukunft-zugewandt\/#primaryimage"},"thumbnailUrl":"https:\/\/www.pressenza.com\/wp-content\/uploads\/2021\/11\/usa-5255942_1920.png","keywords":["Abr\u00fcstung","China","Menschenrechte","Uno","USA","Wirtschaft"],"articleSection":["Asien","Frieden und Abr\u00fcstung","Internationale Angelegenheiten","Menschenrechte","Nordamerika","Originalinhalt","Politik","Wirtschaft"],"inLanguage":"de"},{"@type":"WebPage","@id":"https:\/\/www.pressenza.com\/de\/2021\/11\/und-der-zukunft-zugewandt\/","url":"https:\/\/www.pressenza.com\/de\/2021\/11\/und-der-zukunft-zugewandt\/","name":"\u201e\u2026 und der Zukunft zugewandt\u201c","isPartOf":{"@id":"https:\/\/www.pressenza.com\/de\/#website"},"primaryImageOfPage":{"@id":"https:\/\/www.pressenza.com\/de\/2021\/11\/und-der-zukunft-zugewandt\/#primaryimage"},"image":{"@id":"https:\/\/www.pressenza.com\/de\/2021\/11\/und-der-zukunft-zugewandt\/#primaryimage"},"thumbnailUrl":"https:\/\/www.pressenza.com\/wp-content\/uploads\/2021\/11\/usa-5255942_1920.png","datePublished":"2021-11-20T17:50:45+00:00","dateModified":"2021-11-20T18:10:00+00:00","description":"Mit heftigen Drohungen des Pr\u00e4sidenten Biden auf dem G7-Gipfel 2021 in Gro\u00dfbritannien und auf den beiden letzten NATO-Tagungen wurde die Volksrepublik","breadcrumb":{"@id":"https:\/\/www.pressenza.com\/de\/2021\/11\/und-der-zukunft-zugewandt\/#breadcrumb"},"inLanguage":"de","potentialAction":[{"@type":"ReadAction","target":["https:\/\/www.pressenza.com\/de\/2021\/11\/und-der-zukunft-zugewandt\/"]}]},{"@type":"ImageObject","inLanguage":"de","@id":"https:\/\/www.pressenza.com\/de\/2021\/11\/und-der-zukunft-zugewandt\/#primaryimage","url":"https:\/\/www.pressenza.com\/wp-content\/uploads\/2021\/11\/usa-5255942_1920.png","contentUrl":"https:\/\/www.pressenza.com\/wp-content\/uploads\/2021\/11\/usa-5255942_1920.png","width":1920,"height":1280,"caption":"Symbolbild Beziehung USA und China"},{"@type":"BreadcrumbList","@id":"https:\/\/www.pressenza.com\/de\/2021\/11\/und-der-zukunft-zugewandt\/#breadcrumb","itemListElement":[{"@type":"ListItem","position":1,"name":"Accueil","item":"https:\/\/www.pressenza.com\/de\/"},{"@type":"ListItem","position":2,"name":"\u201e\u2026 und der Zukunft zugewandt\u201c"}]},{"@type":"WebSite","@id":"https:\/\/www.pressenza.com\/de\/#website","url":"https:\/\/www.pressenza.com\/de\/","name":"Pressenza","description":"International Press Agency","publisher":{"@id":"https:\/\/www.pressenza.com\/de\/#organization"},"potentialAction":[{"@type":"SearchAction","target":{"@type":"EntryPoint","urlTemplate":"https:\/\/www.pressenza.com\/de\/?s={search_term_string}"},"query-input":{"@type":"PropertyValueSpecification","valueRequired":true,"valueName":"search_term_string"}}],"inLanguage":"de"},{"@type":"Organization","@id":"https:\/\/www.pressenza.com\/de\/#organization","name":"Pressenza","url":"https:\/\/www.pressenza.com\/de\/","logo":{"@type":"ImageObject","inLanguage":"de","@id":"https:\/\/www.pressenza.com\/de\/#\/schema\/logo\/image\/","url":"https:\/\/www.pressenza.com\/wp-content\/uploads\/2022\/10\/pressenza_logo_200x200.jpg","contentUrl":"https:\/\/www.pressenza.com\/wp-content\/uploads\/2022\/10\/pressenza_logo_200x200.jpg","width":200,"height":200,"caption":"Pressenza"},"image":{"@id":"https:\/\/www.pressenza.com\/de\/#\/schema\/logo\/image\/"},"sameAs":["https:\/\/www.facebook.com\/PressenzaItalia","https:\/\/x.com\/PressenzaIPA"]},{"@type":"Person","@id":"https:\/\/www.pressenza.com\/de\/#\/schema\/person\/e48301baaf10fa4f78dc7566caf225b4","name":"G\u00fcnter Buhlke","description":"Geboren 1934, Studium an der Humboldtuniversit\u00e4t und der Hochschule f\u00fcr \u00d6konomie Berlin, dipl. Volkswirtschaftler. Internationale Arbeit als Handelsrat in Mexiko und Venezuela. Koordinator f\u00fcr die Wirtschaftsbeziehungen der DDR zu Lateinamerika. Wirtschaftserfahrungen als\u00a0langj\u00e4hriger Leiter des Schweizerischen Instituts f\u00fcr Betriebswirtschaft in Berlin, Vorstand einer Wohnungsgenossenschaft und Referent im Haushaltsausschuss der Volkskammer und des Bundestages. Gegenw\u00e4rtig ehrenamtliche T\u00e4tigkeiten.","url":"https:\/\/www.pressenza.com\/de\/author\/guenter-buhlke\/"}]}},"place":"","original_article_url":"","_links":{"self":[{"href":"https:\/\/www.pressenza.com\/de\/wp-json\/wp\/v2\/posts\/1474587","targetHints":{"allow":["GET"]}}],"collection":[{"href":"https:\/\/www.pressenza.com\/de\/wp-json\/wp\/v2\/posts"}],"about":[{"href":"https:\/\/www.pressenza.com\/de\/wp-json\/wp\/v2\/types\/post"}],"author":[{"embeddable":true,"href":"https:\/\/www.pressenza.com\/de\/wp-json\/wp\/v2\/users\/1463"}],"replies":[{"embeddable":true,"href":"https:\/\/www.pressenza.com\/de\/wp-json\/wp\/v2\/comments?post=1474587"}],"version-history":[{"count":0,"href":"https:\/\/www.pressenza.com\/de\/wp-json\/wp\/v2\/posts\/1474587\/revisions"}],"wp:featuredmedia":[{"embeddable":true,"href":"https:\/\/www.pressenza.com\/de\/wp-json\/wp\/v2\/media\/1474639"}],"wp:attachment":[{"href":"https:\/\/www.pressenza.com\/de\/wp-json\/wp\/v2\/media?parent=1474587"}],"wp:term":[{"taxonomy":"category","embeddable":true,"href":"https:\/\/www.pressenza.com\/de\/wp-json\/wp\/v2\/categories?post=1474587"},{"taxonomy":"post_tag","embeddable":true,"href":"https:\/\/www.pressenza.com\/de\/wp-json\/wp\/v2\/tags?post=1474587"}],"curies":[{"name":"wp","href":"https:\/\/api.w.org\/{rel}","templated":true}]}}