{"id":1466979,"date":"2021-11-11T15:18:18","date_gmt":"2021-11-11T15:18:18","guid":{"rendered":"https:\/\/www.pressenza.com\/?p=1466979"},"modified":"2021-11-12T10:51:57","modified_gmt":"2021-11-12T10:51:57","slug":"harriet-tubman-die-geschichte-einer-mutigen-frau-und-ueber-die-verantwortung-gegenueber-anderen","status":"publish","type":"post","link":"https:\/\/www.pressenza.com\/de\/2021\/11\/harriet-tubman-die-geschichte-einer-mutigen-frau-und-ueber-die-verantwortung-gegenueber-anderen\/","title":{"rendered":"Harriet Tubman &#8211; Die Geschichte einer mutigen Frau und \u00fcber die Verantwortung gegen\u00fcber Anderen"},"content":{"rendered":"<p><strong>Wenn man an inspirierende Pers\u00f6nlichkeiten denkt, die sich f\u00fcr die Gleichberechtigung der US-AfroamerikanerInnen einsetzen, so fallen einem sofort Namen wie Martin Luther King ein, dessen ber\u00fchmte Rede \u201eI have a dream\u201c immer noch in den Herzen vieler AmerikanerInnen widerhallt \u2014 oder John Robert Lewis, der als Freedom Runner einer der Big Six der B\u00fcrgerbewegung in den 1960er Jahren wurde. Viele erinnern sich auch an Rosa Parks, die schon zu Lebzeiten zur Legende wurde, als sie bewusst nicht f\u00fcr einen wei\u00dfen Passagier auf ihren Bussitzplatz verzichten wollte. Was jedoch vielen nicht bekannt ist: dass es bereits gut ein halbes Jahrhundert vor der B\u00fcrgerrechtsbewegung der 1960er Jahre einige mutige Frauen gab, deren bemerkenswerter Einsatz f\u00fcr die Rechte von Schwarzen nicht ann\u00e4hernd geehrt wird.<\/strong><\/p>\n<p>In diesem Beitrag will ich meine Stimme einer inspirierend mutigen Frau leihen, die im 19. Jahrhundert als afroamerikanische Fluchthelferin in den USA schier un\u00fcberwindbar geglaubte Hindernisse wie Ethnizit\u00e4t und Geschlecht \u00fcberwand, um gut 300 afroamerikanischen SklavInnen zur Freiheit zu verhelfen und deren Ideale als Vorbild f\u00fcr heutige AktivistInnen gelten k\u00f6nnen.<\/p>\n<h3><strong>In die Sklaverei geboren<\/strong><\/h3>\n<p>\u201eMein Name ist Harriet Tubman und meine Geschichte beginnt im M\u00e4rz 1820, als ich als Araminta Ross auf einer Farm in Maryland in die Sklaverei hineingeboren wurde. Meine Eltern waren SklavInnen, was mich somit automatisch auch zur Sklavin und, f\u00fcr heutige Standards unvorstellbar, zum Eigentum machte. Von fr\u00fch an war ich gezwungen, auf den L\u00e4ndereien meiner Besitzer harte k\u00f6rperliche Arbeit zu verrichten. Gelegentlich wurde ich auch an eine andere Familie \u201everliehen\u201c, um auf deren Kinder aufzupassen \u2013 wie man das mit Eigentum \u201eeben so macht\u201c. W\u00e4hrend dieser Zeit habe ich wie viele meiner afroamerikanischen Familienmitglieder regelm\u00e4\u00dfig k\u00f6rperliche Gewalt f\u00fcr angebliches Fehlverhalten erfahren. Auspeitschen, Schl\u00e4ge oder nicht ausreichende Nahrung z\u00e4hlten zu den beliebtesten Methoden, uns zu \u201ez\u00fcchtigen\u201c. Auch wenn ich dennoch zu einer starken Frau heranwuchs, die der fordernden k\u00f6rperlichen Arbeit auf der Farm gewachsen war, so hinterlie\u00df die Behandlung meiner Besitzer tiefe Narben auf K\u00f6rper und Seele, die mich den Rest meines Lebens begleitet haben. Ein Vorfall ist mir paradoxerweise besonders im Ged\u00e4chtnis geblieben. Im Alter von 13 Jahren wurde mir durch ein Metallteil, welches von meinem Besitzer nach einem anderen Sklaven geworfen wurde, unabsichtlich eine gravierende Kopfverletzung zugef\u00fcgt, so dass ich bis an das Ende meines Lebens von Schwindelanf\u00e4llen geplagt wurde und an Ged\u00e4chtnisverlust litt.<\/p>\n<h3><strong>Die Underground Railroad und Flucht<\/strong><\/h3>\n<p>Um etwa die gleiche Zeit, als ich auf den Feldern meiner Besitzer in Maryland schuftete, bauten Sklavereigegner ein inoffizielles Netz von geheimen Routen und sicheren \u00dcbernachtungsm\u00f6glichkeiten auf \u2013 die sogenannte \u201eUnderground Railroad\u201c \u2013 , welches entlaufenen SklavInnen aus den S\u00fcdstaaten in die Nordstaaten oder nach Kanada verhelfen sollte. Dort galt die Sklaverei als \u00fcberholt und quasi abgeschafft. Die damalige Rechtslage in den Nordstaaten erm\u00f6glichte es entlaufenden SklavInnen, die es einmal in die Nordstaaten geschafft hatten, dort trotz ihres Sklavenstatus in den S\u00fcdstaaten frei zu leben. Insbesondere religi\u00f6se Gemeinschaften wie die Qu\u00e4ker, Freidenker und ehemalige SklavInnen wie ich eine werden w\u00fcrde, unterst\u00fctzten diese gef\u00e4hrliche Inititative, die es einer gro\u00dfen Anzahl von SklavInnen erm\u00f6glichte, nachts von Station zu Station zu wandern, sich tags\u00fcber in den W\u00e4lder vor sogenannten \u201eSklavenhuntern\u201c zu verstecken und letzendlich in die Freiheit versprechenden Nordstaaten zu gelangen.<\/p>\n<p>Wann genau ich beschloss, mich mittels der Underground Railroad Richtung Norden aufzumachen, wei\u00df ich nicht mehr genau \u2013 es gab so viele Momente, in denen ich mich zwischen meiner einer Flucht abgeneigten Familie und meiner Sehnsucht danach, in Freiheit zu leben, hin und her gerissen wiederfand. Im Jahre 1849 wagten meine Br\u00fcder Ben und Henry zusammen mit mir schlie\u00dflich den Versuch und brachen in das 90 Meilen entfernte Philadelphia auf, das bereits zu den Nordstaaten geh\u00f6rte. Am Ende einer waghalsigen Flucht erreichte jedoch nur ich Philadelphia, w\u00e4hrend meine Br\u00fcder auf dem Weg aus Angst vor gnadenlosen Verfolgern und auf uns ausgesetzten Kopfgeldforderungen kehrt machten. Der Moment, in dem ich zu Tr\u00e4nen ger\u00fchrt die Nordstaaten erreichte und somit das erste Mal in meinem Leben als \u201efrei\u201c galt, war unbeschreiblich \u2013 unbeschreiblich sch\u00f6n und erschreckend betr\u00fcbend zugleich: ich hatte alles, was ich bis jetzt gekannt hatte, zur\u00fccklassen m\u00fcssen \u2013 auch meine Familie in Sklaverei.<\/p>\n<h3>Becoming Moses<\/h3>\n<p>Ob ich meine neu erworbene Freiheit in Philadelphia h\u00e4tte genie\u00dfen und mein altes Leben mit all meinen Lieben v\u00f6llig hinter mir h\u00e4tte lassen k\u00f6nnen? Niemals. Wenn ich es schaffen k\u00f6nnte, warum dann nicht auch sie? Manche Leute heute behaupten, dass allein diese Gedankeng\u00e4nge nicht nur hinsichtlich der damit verbundenen Gefahren aufgrund meiner Hautfarbe bemerkenswert waren, denn ich lebte schlie\u00dflich in einer Zeit, in der die Gesellschaft f\u00fcr Frauen und insbesondere Afroamerikanerinnen v\u00f6llig andere Rollenbilder anstrebte. Nach allem, was mir bis dahin passiert war, glaube ich jedoch vor allem, dass meine Flucht allein zu einem Zweck gelungen war und ich mich nicht auf meiner neugewonnenen Freiheit ausruhen durfte. Vielleicht war es meine Aufgabe, anderen zur Freiheit zu verhelfen, was vorher f\u00fcr viele nicht so Wagemutige als schier unerreichbar galt? Kurz nach meiner Flucht schloss ich mich ergo selbst der Underground Railroad als Fluchthelferin oder \u201eConductor\u201c an, um von nun an anderen SklavInnen auf den geheimen Routen in den Norden zu verhelfen.<\/p>\n<p>Es dauerte jedoch nicht lange, und die Situation spitzte sich f\u00fcr mich gef\u00e4hrlich zu. Meine kostbare Freiheit stellte sich tats\u00e4chlich schon bald als fragiler heraus, als im Jahre 1850 der Fugitive Slave Act erlassen wurde. Ab dann war es den Sklavenbesitzern gestattet, ehemalige SklavInnen aus dem Norden als ihr Eigentum zu beanspruchen. In Folge dessen starteten viele Plantagenbesitzer aus den S\u00fcdstaaten eine regelrechte Hetzjagd auf entkommene SklavInnen in den Norstaaten. Ab sofort mussten entkommene SklavInnen bis nach Kanada vordringen, da dieses Gesetz dort nicht galt. Auch wenn diese Regelung f\u00fcr mich ein unglaubliches Risiko darstellte, beschloss ich dennoch weiter als Conductor zu agieren. H\u00e4tte ich denn nun einfach aufh\u00f6ren und nach Kanada fliehen k\u00f6nnen? Wie viele waren denn in genau der Situation, der ich entfliehen konnte, und auf mutige Conductors und Leute angewiesen, die ihnen Hoffnung auf ein Leben in Freiheit vermitteln konnten? Niemals h\u00e4tte ich meine Ideale oder meine Verantwortung gegen\u00fcber anderen in meiner Lage f\u00fcr die Sicherheit verkaufen k\u00f6nnen, die mir, wie ich immer glaubte, nur zu diesem Zweck geschenkt worden war.<\/p>\n<p>Manche behaupten, dass ich in den n\u00e4chsten Jahren bis zum Amerikanischen B\u00fcrgerkrieg zu einer der ber\u00fchmtesten Conductors der Underground Railroad wurde. Andere verliehen mir sogar den Titel \u201eMoses\u201c in Anlehnung an den biblischen Moses, der die Israeliten aus der \u00e4gyptischen Sklaverei f\u00fchrte. Ob meine insgesamt 19 Trips zwischen 1850 und 1860 dem gerecht werden, will ich nicht entscheiden m\u00fcssen, aber ich bin dankbar, dass nicht ein einziger meiner 300 \u201eSch\u00fctzlinge\u201c und insbesondere nicht meine Familie auf dem Weg in die Freiheit verloren gegangen sind.<\/p>\n<h3><strong>Nach dem Amerikanischen B\u00fcrgerkrieg und sp\u00e4te Jahre<\/strong><\/h3>\n<p>Mit dem Beginn des Amerikanischen B\u00fcrgerkriegs fand ich als K\u00f6chin, Krankenschwester oder Spionin f\u00fcr die Nordstaaten andere Wege, mich f\u00fcr meine Ideale einzusetzen. Auch 1865 machte ich mich, soweit meine k\u00f6rperliche Verfassung dies zulie\u00df, \u00f6ffentlich f\u00fcr soziale Gerechtigkeit und Frauenrechte stark. Warum h\u00e4tte ich denn nun auch aufh\u00f6ren sollen? Der Krieg mag gewonnen worden sein, von tats\u00e4chlicher Gleichberechtigung von AfroamerikanerInnen in der US-Amerikanischen Gesellschaft sind wir jedoch selbst im 21. Jahrhunder noch sehr weit entfernt &#8211; selbst nachdem wir nun mit Barack Obama einen afroamerikanischen Pr\u00e4sidenten im Whitehouse erlebt haben. Hat nicht der Tod von George Floyd dies erschreckend deutlich gemacht? Lasst uns also nur nicht aufh\u00f6ren!\u201c<\/p>\n<p>Film Tipp:<\/p>\n<p><iframe loading=\"lazy\" title=\"HARRIET | Official Trailer | Now Playing\" width=\"500\" height=\"281\" src=\"https:\/\/www.youtube.com\/embed\/GqoEs4cG6Uw?feature=oembed\" frameborder=\"0\" allow=\"accelerometer; autoplay; clipboard-write; encrypted-media; gyroscope; picture-in-picture; web-share\" referrerpolicy=\"strict-origin-when-cross-origin\" allowfullscreen><\/iframe><\/p>\n","protected":false},"excerpt":{"rendered":"<p>Wenn man an inspirierende Pers\u00f6nlichkeiten denkt, die sich f\u00fcr die Gleichberechtigung der US-AfroamerikanerInnen einsetzen, so fallen einem sofort Namen wie Martin Luther King ein, dessen ber\u00fchmte Rede \u201eI have a dream\u201c immer noch in den Herzen vieler AmerikanerInnen widerhallt \u2014&hellip;<\/p>\n","protected":false},"author":1927,"featured_media":1467204,"comment_status":"closed","ping_status":"closed","sticky":false,"template":"","format":"standard","meta":{"footnotes":""},"categories":[96215,9161,9152,11387],"tags":[96658,9934,96657,15956,9767],"class_list":["post-1466979","post","type-post","status-publish","format-standard","has-post-thumbnail","hentry","category-geschichte","category-menschenrechte","category-nordamerika","category-originalinhalt","tag-buergerrechtsbewegung","tag-frauenrechte","tag-harriet-tubman","tag-sklaverei","tag-usa-de"],"yoast_head":"<!-- This site is optimized with the Yoast SEO plugin v27.1.1 - https:\/\/yoast.com\/product\/yoast-seo-wordpress\/ -->\n<title>Harriet Tubman - Die Geschichte einer mutigen Frau und \u00fcber die Verantwortung gegen\u00fcber Anderen<\/title>\n<meta name=\"description\" content=\"Wenn man an inspirierende Pers\u00f6nlichkeiten denkt, die sich f\u00fcr die Gleichberechtigung der US-AfroamerikanerInnen einsetzen, so fallen einem sofort Namen\" \/>\n<meta name=\"robots\" content=\"index, follow, max-snippet:-1, max-image-preview:large, max-video-preview:-1\" \/>\n<link rel=\"canonical\" href=\"https:\/\/www.pressenza.com\/de\/2021\/11\/harriet-tubman-die-geschichte-einer-mutigen-frau-und-ueber-die-verantwortung-gegenueber-anderen\/\" \/>\n<meta property=\"og:locale\" content=\"de_DE\" \/>\n<meta property=\"og:type\" content=\"article\" \/>\n<meta property=\"og:title\" content=\"Harriet Tubman - Die Geschichte einer mutigen Frau und \u00fcber die Verantwortung gegen\u00fcber Anderen\" \/>\n<meta property=\"og:description\" content=\"Wenn man an inspirierende Pers\u00f6nlichkeiten denkt, die sich f\u00fcr die Gleichberechtigung der US-AfroamerikanerInnen einsetzen, so fallen einem sofort Namen\" \/>\n<meta property=\"og:url\" content=\"https:\/\/www.pressenza.com\/de\/2021\/11\/harriet-tubman-die-geschichte-einer-mutigen-frau-und-ueber-die-verantwortung-gegenueber-anderen\/\" \/>\n<meta property=\"og:site_name\" content=\"Pressenza\" \/>\n<meta property=\"article:publisher\" content=\"https:\/\/www.facebook.com\/PressenzaItalia\" \/>\n<meta property=\"article:published_time\" content=\"2021-11-11T15:18:18+00:00\" \/>\n<meta property=\"article:modified_time\" content=\"2021-11-12T10:51:57+00:00\" \/>\n<meta property=\"og:image\" content=\"https:\/\/www.pressenza.com\/wp-content\/uploads\/2021\/11\/Harriet-Tubman.jpg\" \/>\n\t<meta property=\"og:image:width\" content=\"1379\" \/>\n\t<meta property=\"og:image:height\" content=\"920\" \/>\n\t<meta property=\"og:image:type\" content=\"image\/jpeg\" \/>\n<meta name=\"author\" content=\"Chris Hoellriegl\" \/>\n<meta name=\"twitter:card\" content=\"summary_large_image\" \/>\n<meta name=\"twitter:creator\" content=\"@PressenzaIPA\" \/>\n<meta name=\"twitter:site\" content=\"@PressenzaIPA\" \/>\n<meta name=\"twitter:label1\" content=\"Verfasst von\" \/>\n\t<meta name=\"twitter:data1\" content=\"Chris Hoellriegl\" \/>\n\t<meta name=\"twitter:label2\" content=\"Gesch\u00e4tzte Lesezeit\" \/>\n\t<meta name=\"twitter:data2\" content=\"6\u00a0Minuten\" \/>\n<script type=\"application\/ld+json\" class=\"yoast-schema-graph\">{\"@context\":\"https:\/\/schema.org\",\"@graph\":[{\"@type\":\"Article\",\"@id\":\"https:\/\/www.pressenza.com\/de\/2021\/11\/harriet-tubman-die-geschichte-einer-mutigen-frau-und-ueber-die-verantwortung-gegenueber-anderen\/#article\",\"isPartOf\":{\"@id\":\"https:\/\/www.pressenza.com\/de\/2021\/11\/harriet-tubman-die-geschichte-einer-mutigen-frau-und-ueber-die-verantwortung-gegenueber-anderen\/\"},\"author\":{\"name\":\"Chris Hoellriegl\",\"@id\":\"https:\/\/www.pressenza.com\/de\/#\/schema\/person\/75a757df5e85ff5a136fdfde570391b7\"},\"headline\":\"Harriet Tubman &#8211; Die Geschichte einer mutigen Frau und \u00fcber die Verantwortung gegen\u00fcber Anderen\",\"datePublished\":\"2021-11-11T15:18:18+00:00\",\"dateModified\":\"2021-11-12T10:51:57+00:00\",\"mainEntityOfPage\":{\"@id\":\"https:\/\/www.pressenza.com\/de\/2021\/11\/harriet-tubman-die-geschichte-einer-mutigen-frau-und-ueber-die-verantwortung-gegenueber-anderen\/\"},\"wordCount\":1312,\"publisher\":{\"@id\":\"https:\/\/www.pressenza.com\/de\/#organization\"},\"image\":{\"@id\":\"https:\/\/www.pressenza.com\/de\/2021\/11\/harriet-tubman-die-geschichte-einer-mutigen-frau-und-ueber-die-verantwortung-gegenueber-anderen\/#primaryimage\"},\"thumbnailUrl\":\"https:\/\/www.pressenza.com\/wp-content\/uploads\/2021\/11\/Harriet-Tubman.jpg\",\"keywords\":[\"B\u00fcrgerrechtsbewegung\",\"Frauenrechte\",\"Harriet Tubman\",\"Sklaverei\",\"USA\"],\"articleSection\":[\"Geschichte\",\"Menschenrechte\",\"Nordamerika\",\"Originalinhalt\"],\"inLanguage\":\"de\"},{\"@type\":\"WebPage\",\"@id\":\"https:\/\/www.pressenza.com\/de\/2021\/11\/harriet-tubman-die-geschichte-einer-mutigen-frau-und-ueber-die-verantwortung-gegenueber-anderen\/\",\"url\":\"https:\/\/www.pressenza.com\/de\/2021\/11\/harriet-tubman-die-geschichte-einer-mutigen-frau-und-ueber-die-verantwortung-gegenueber-anderen\/\",\"name\":\"Harriet Tubman - Die Geschichte einer mutigen Frau und \u00fcber die Verantwortung gegen\u00fcber Anderen\",\"isPartOf\":{\"@id\":\"https:\/\/www.pressenza.com\/de\/#website\"},\"primaryImageOfPage\":{\"@id\":\"https:\/\/www.pressenza.com\/de\/2021\/11\/harriet-tubman-die-geschichte-einer-mutigen-frau-und-ueber-die-verantwortung-gegenueber-anderen\/#primaryimage\"},\"image\":{\"@id\":\"https:\/\/www.pressenza.com\/de\/2021\/11\/harriet-tubman-die-geschichte-einer-mutigen-frau-und-ueber-die-verantwortung-gegenueber-anderen\/#primaryimage\"},\"thumbnailUrl\":\"https:\/\/www.pressenza.com\/wp-content\/uploads\/2021\/11\/Harriet-Tubman.jpg\",\"datePublished\":\"2021-11-11T15:18:18+00:00\",\"dateModified\":\"2021-11-12T10:51:57+00:00\",\"description\":\"Wenn man an inspirierende Pers\u00f6nlichkeiten denkt, die sich f\u00fcr die Gleichberechtigung der US-AfroamerikanerInnen einsetzen, so fallen einem sofort Namen\",\"breadcrumb\":{\"@id\":\"https:\/\/www.pressenza.com\/de\/2021\/11\/harriet-tubman-die-geschichte-einer-mutigen-frau-und-ueber-die-verantwortung-gegenueber-anderen\/#breadcrumb\"},\"inLanguage\":\"de\",\"potentialAction\":[{\"@type\":\"ReadAction\",\"target\":[\"https:\/\/www.pressenza.com\/de\/2021\/11\/harriet-tubman-die-geschichte-einer-mutigen-frau-und-ueber-die-verantwortung-gegenueber-anderen\/\"]}]},{\"@type\":\"ImageObject\",\"inLanguage\":\"de\",\"@id\":\"https:\/\/www.pressenza.com\/de\/2021\/11\/harriet-tubman-die-geschichte-einer-mutigen-frau-und-ueber-die-verantwortung-gegenueber-anderen\/#primaryimage\",\"url\":\"https:\/\/www.pressenza.com\/wp-content\/uploads\/2021\/11\/Harriet-Tubman.jpg\",\"contentUrl\":\"https:\/\/www.pressenza.com\/wp-content\/uploads\/2021\/11\/Harriet-Tubman.jpg\",\"width\":1379,\"height\":920,\"caption\":\"Harriet Tubman an einer Hauswand in Cambridge, US\"},{\"@type\":\"BreadcrumbList\",\"@id\":\"https:\/\/www.pressenza.com\/de\/2021\/11\/harriet-tubman-die-geschichte-einer-mutigen-frau-und-ueber-die-verantwortung-gegenueber-anderen\/#breadcrumb\",\"itemListElement\":[{\"@type\":\"ListItem\",\"position\":1,\"name\":\"Accueil\",\"item\":\"https:\/\/www.pressenza.com\/de\/\"},{\"@type\":\"ListItem\",\"position\":2,\"name\":\"Harriet Tubman &#8211; Die Geschichte einer mutigen Frau und \u00fcber die Verantwortung gegen\u00fcber Anderen\"}]},{\"@type\":\"WebSite\",\"@id\":\"https:\/\/www.pressenza.com\/de\/#website\",\"url\":\"https:\/\/www.pressenza.com\/de\/\",\"name\":\"Pressenza\",\"description\":\"International Press Agency\",\"publisher\":{\"@id\":\"https:\/\/www.pressenza.com\/de\/#organization\"},\"potentialAction\":[{\"@type\":\"SearchAction\",\"target\":{\"@type\":\"EntryPoint\",\"urlTemplate\":\"https:\/\/www.pressenza.com\/de\/?s={search_term_string}\"},\"query-input\":{\"@type\":\"PropertyValueSpecification\",\"valueRequired\":true,\"valueName\":\"search_term_string\"}}],\"inLanguage\":\"de\"},{\"@type\":\"Organization\",\"@id\":\"https:\/\/www.pressenza.com\/de\/#organization\",\"name\":\"Pressenza\",\"url\":\"https:\/\/www.pressenza.com\/de\/\",\"logo\":{\"@type\":\"ImageObject\",\"inLanguage\":\"de\",\"@id\":\"https:\/\/www.pressenza.com\/de\/#\/schema\/logo\/image\/\",\"url\":\"https:\/\/www.pressenza.com\/wp-content\/uploads\/2022\/10\/pressenza_logo_200x200.jpg\",\"contentUrl\":\"https:\/\/www.pressenza.com\/wp-content\/uploads\/2022\/10\/pressenza_logo_200x200.jpg\",\"width\":200,\"height\":200,\"caption\":\"Pressenza\"},\"image\":{\"@id\":\"https:\/\/www.pressenza.com\/de\/#\/schema\/logo\/image\/\"},\"sameAs\":[\"https:\/\/www.facebook.com\/PressenzaItalia\",\"https:\/\/x.com\/PressenzaIPA\"]},{\"@type\":\"Person\",\"@id\":\"https:\/\/www.pressenza.com\/de\/#\/schema\/person\/75a757df5e85ff5a136fdfde570391b7\",\"name\":\"Chris Hoellriegl\",\"description\":\"Chris is involved in several social initiatives worldwide and loves to write about thought-provoking, inspiring encounters with the most different people all around the world.\",\"url\":\"https:\/\/www.pressenza.com\/de\/author\/chris-hoellriegl\/\"}]}<\/script>\n<!-- \/ Yoast SEO plugin. -->","yoast_head_json":{"title":"Harriet Tubman - Die Geschichte einer mutigen Frau und \u00fcber die Verantwortung gegen\u00fcber Anderen","description":"Wenn man an inspirierende Pers\u00f6nlichkeiten denkt, die sich f\u00fcr die Gleichberechtigung der US-AfroamerikanerInnen einsetzen, so fallen einem sofort Namen","robots":{"index":"index","follow":"follow","max-snippet":"max-snippet:-1","max-image-preview":"max-image-preview:large","max-video-preview":"max-video-preview:-1"},"canonical":"https:\/\/www.pressenza.com\/de\/2021\/11\/harriet-tubman-die-geschichte-einer-mutigen-frau-und-ueber-die-verantwortung-gegenueber-anderen\/","og_locale":"de_DE","og_type":"article","og_title":"Harriet Tubman - Die Geschichte einer mutigen Frau und \u00fcber die Verantwortung gegen\u00fcber Anderen","og_description":"Wenn man an inspirierende Pers\u00f6nlichkeiten denkt, die sich f\u00fcr die Gleichberechtigung der US-AfroamerikanerInnen einsetzen, so fallen einem sofort Namen","og_url":"https:\/\/www.pressenza.com\/de\/2021\/11\/harriet-tubman-die-geschichte-einer-mutigen-frau-und-ueber-die-verantwortung-gegenueber-anderen\/","og_site_name":"Pressenza","article_publisher":"https:\/\/www.facebook.com\/PressenzaItalia","article_published_time":"2021-11-11T15:18:18+00:00","article_modified_time":"2021-11-12T10:51:57+00:00","og_image":[{"width":1379,"height":920,"url":"https:\/\/www.pressenza.com\/wp-content\/uploads\/2021\/11\/Harriet-Tubman.jpg","type":"image\/jpeg"}],"author":"Chris Hoellriegl","twitter_card":"summary_large_image","twitter_creator":"@PressenzaIPA","twitter_site":"@PressenzaIPA","twitter_misc":{"Verfasst von":"Chris Hoellriegl","Gesch\u00e4tzte Lesezeit":"6\u00a0Minuten"},"schema":{"@context":"https:\/\/schema.org","@graph":[{"@type":"Article","@id":"https:\/\/www.pressenza.com\/de\/2021\/11\/harriet-tubman-die-geschichte-einer-mutigen-frau-und-ueber-die-verantwortung-gegenueber-anderen\/#article","isPartOf":{"@id":"https:\/\/www.pressenza.com\/de\/2021\/11\/harriet-tubman-die-geschichte-einer-mutigen-frau-und-ueber-die-verantwortung-gegenueber-anderen\/"},"author":{"name":"Chris Hoellriegl","@id":"https:\/\/www.pressenza.com\/de\/#\/schema\/person\/75a757df5e85ff5a136fdfde570391b7"},"headline":"Harriet Tubman &#8211; Die Geschichte einer mutigen Frau und \u00fcber die Verantwortung gegen\u00fcber Anderen","datePublished":"2021-11-11T15:18:18+00:00","dateModified":"2021-11-12T10:51:57+00:00","mainEntityOfPage":{"@id":"https:\/\/www.pressenza.com\/de\/2021\/11\/harriet-tubman-die-geschichte-einer-mutigen-frau-und-ueber-die-verantwortung-gegenueber-anderen\/"},"wordCount":1312,"publisher":{"@id":"https:\/\/www.pressenza.com\/de\/#organization"},"image":{"@id":"https:\/\/www.pressenza.com\/de\/2021\/11\/harriet-tubman-die-geschichte-einer-mutigen-frau-und-ueber-die-verantwortung-gegenueber-anderen\/#primaryimage"},"thumbnailUrl":"https:\/\/www.pressenza.com\/wp-content\/uploads\/2021\/11\/Harriet-Tubman.jpg","keywords":["B\u00fcrgerrechtsbewegung","Frauenrechte","Harriet Tubman","Sklaverei","USA"],"articleSection":["Geschichte","Menschenrechte","Nordamerika","Originalinhalt"],"inLanguage":"de"},{"@type":"WebPage","@id":"https:\/\/www.pressenza.com\/de\/2021\/11\/harriet-tubman-die-geschichte-einer-mutigen-frau-und-ueber-die-verantwortung-gegenueber-anderen\/","url":"https:\/\/www.pressenza.com\/de\/2021\/11\/harriet-tubman-die-geschichte-einer-mutigen-frau-und-ueber-die-verantwortung-gegenueber-anderen\/","name":"Harriet Tubman - Die Geschichte einer mutigen Frau und \u00fcber die Verantwortung gegen\u00fcber Anderen","isPartOf":{"@id":"https:\/\/www.pressenza.com\/de\/#website"},"primaryImageOfPage":{"@id":"https:\/\/www.pressenza.com\/de\/2021\/11\/harriet-tubman-die-geschichte-einer-mutigen-frau-und-ueber-die-verantwortung-gegenueber-anderen\/#primaryimage"},"image":{"@id":"https:\/\/www.pressenza.com\/de\/2021\/11\/harriet-tubman-die-geschichte-einer-mutigen-frau-und-ueber-die-verantwortung-gegenueber-anderen\/#primaryimage"},"thumbnailUrl":"https:\/\/www.pressenza.com\/wp-content\/uploads\/2021\/11\/Harriet-Tubman.jpg","datePublished":"2021-11-11T15:18:18+00:00","dateModified":"2021-11-12T10:51:57+00:00","description":"Wenn man an inspirierende Pers\u00f6nlichkeiten denkt, die sich f\u00fcr die Gleichberechtigung der US-AfroamerikanerInnen einsetzen, so fallen einem sofort Namen","breadcrumb":{"@id":"https:\/\/www.pressenza.com\/de\/2021\/11\/harriet-tubman-die-geschichte-einer-mutigen-frau-und-ueber-die-verantwortung-gegenueber-anderen\/#breadcrumb"},"inLanguage":"de","potentialAction":[{"@type":"ReadAction","target":["https:\/\/www.pressenza.com\/de\/2021\/11\/harriet-tubman-die-geschichte-einer-mutigen-frau-und-ueber-die-verantwortung-gegenueber-anderen\/"]}]},{"@type":"ImageObject","inLanguage":"de","@id":"https:\/\/www.pressenza.com\/de\/2021\/11\/harriet-tubman-die-geschichte-einer-mutigen-frau-und-ueber-die-verantwortung-gegenueber-anderen\/#primaryimage","url":"https:\/\/www.pressenza.com\/wp-content\/uploads\/2021\/11\/Harriet-Tubman.jpg","contentUrl":"https:\/\/www.pressenza.com\/wp-content\/uploads\/2021\/11\/Harriet-Tubman.jpg","width":1379,"height":920,"caption":"Harriet Tubman an einer Hauswand in Cambridge, US"},{"@type":"BreadcrumbList","@id":"https:\/\/www.pressenza.com\/de\/2021\/11\/harriet-tubman-die-geschichte-einer-mutigen-frau-und-ueber-die-verantwortung-gegenueber-anderen\/#breadcrumb","itemListElement":[{"@type":"ListItem","position":1,"name":"Accueil","item":"https:\/\/www.pressenza.com\/de\/"},{"@type":"ListItem","position":2,"name":"Harriet Tubman &#8211; Die Geschichte einer mutigen Frau und \u00fcber die Verantwortung gegen\u00fcber Anderen"}]},{"@type":"WebSite","@id":"https:\/\/www.pressenza.com\/de\/#website","url":"https:\/\/www.pressenza.com\/de\/","name":"Pressenza","description":"International Press Agency","publisher":{"@id":"https:\/\/www.pressenza.com\/de\/#organization"},"potentialAction":[{"@type":"SearchAction","target":{"@type":"EntryPoint","urlTemplate":"https:\/\/www.pressenza.com\/de\/?s={search_term_string}"},"query-input":{"@type":"PropertyValueSpecification","valueRequired":true,"valueName":"search_term_string"}}],"inLanguage":"de"},{"@type":"Organization","@id":"https:\/\/www.pressenza.com\/de\/#organization","name":"Pressenza","url":"https:\/\/www.pressenza.com\/de\/","logo":{"@type":"ImageObject","inLanguage":"de","@id":"https:\/\/www.pressenza.com\/de\/#\/schema\/logo\/image\/","url":"https:\/\/www.pressenza.com\/wp-content\/uploads\/2022\/10\/pressenza_logo_200x200.jpg","contentUrl":"https:\/\/www.pressenza.com\/wp-content\/uploads\/2022\/10\/pressenza_logo_200x200.jpg","width":200,"height":200,"caption":"Pressenza"},"image":{"@id":"https:\/\/www.pressenza.com\/de\/#\/schema\/logo\/image\/"},"sameAs":["https:\/\/www.facebook.com\/PressenzaItalia","https:\/\/x.com\/PressenzaIPA"]},{"@type":"Person","@id":"https:\/\/www.pressenza.com\/de\/#\/schema\/person\/75a757df5e85ff5a136fdfde570391b7","name":"Chris Hoellriegl","description":"Chris is involved in several social initiatives worldwide and loves to write about thought-provoking, inspiring encounters with the most different people all around the world.","url":"https:\/\/www.pressenza.com\/de\/author\/chris-hoellriegl\/"}]}},"place":"","original_article_url":"","_links":{"self":[{"href":"https:\/\/www.pressenza.com\/de\/wp-json\/wp\/v2\/posts\/1466979","targetHints":{"allow":["GET"]}}],"collection":[{"href":"https:\/\/www.pressenza.com\/de\/wp-json\/wp\/v2\/posts"}],"about":[{"href":"https:\/\/www.pressenza.com\/de\/wp-json\/wp\/v2\/types\/post"}],"author":[{"embeddable":true,"href":"https:\/\/www.pressenza.com\/de\/wp-json\/wp\/v2\/users\/1927"}],"replies":[{"embeddable":true,"href":"https:\/\/www.pressenza.com\/de\/wp-json\/wp\/v2\/comments?post=1466979"}],"version-history":[{"count":0,"href":"https:\/\/www.pressenza.com\/de\/wp-json\/wp\/v2\/posts\/1466979\/revisions"}],"wp:featuredmedia":[{"embeddable":true,"href":"https:\/\/www.pressenza.com\/de\/wp-json\/wp\/v2\/media\/1467204"}],"wp:attachment":[{"href":"https:\/\/www.pressenza.com\/de\/wp-json\/wp\/v2\/media?parent=1466979"}],"wp:term":[{"taxonomy":"category","embeddable":true,"href":"https:\/\/www.pressenza.com\/de\/wp-json\/wp\/v2\/categories?post=1466979"},{"taxonomy":"post_tag","embeddable":true,"href":"https:\/\/www.pressenza.com\/de\/wp-json\/wp\/v2\/tags?post=1466979"}],"curies":[{"name":"wp","href":"https:\/\/api.w.org\/{rel}","templated":true}]}}